{"id":61118,"date":"2025-12-05T12:46:56","date_gmt":"2025-12-05T11:46:56","guid":{"rendered":"https:\/\/newsvirali.it\/?p=61118"},"modified":"2025-12-05T12:46:58","modified_gmt":"2025-12-05T11:46:58","slug":"specie-desertica-filmata-italia-calabria","status":"publish","type":"post","link":"https:\/\/newsvirali.it\/es\/2025\/12\/05\/especies-del-desierto-filmadas-en-italia-y-calabria\/","title":{"rendered":"Especie rara del desierto avistada en Italia: im\u00e1genes sin precedentes"},"content":{"rendered":"<p>La presencia en Italia de una <strong>corredor rubio<\/strong>, una rara especie des\u00e9rtica vinculada a los ambientes de \u00c1frica y Oriente Medio, ha sido <strong>documentado por primera vez con un v\u00eddeo<\/strong>El ejemplar fue identificado en la provincia de Reggio Calabria, seg\u00fan confirm\u00f3 el Instituto Ornitol\u00f3gico local. La asociaci\u00f3n ha optado por no revelar su ubicaci\u00f3n exacta para evitar la presencia de curiosos y reducir el riesgo de perturbaciones o caza furtiva. La documentaci\u00f3n en v\u00eddeo proporciona evidencia directa de una especie que, debido a sus caracter\u00edsticas de comportamiento y camuflaje, es dif\u00edcil de avistar sobre el terreno, y ofrece a la comunidad cient\u00edfica una mayor comprensi\u00f3n de los cambios que se est\u00e1n produciendo en los ecosistemas mediterr\u00e1neos.<\/p>\n\n\n\n<h2 class=\"wp-block-heading\" id=\"h-una-presenza-eccezionale-nel-territorio-italiano\">Una presencia excepcional en el territorio italiano<\/h2>\n\n\n\n<p>La corredora gorgiblanca se considera una de las aves m\u00e1s dif\u00edciles de observar en Italia. Los registros hist\u00f3ricos son extremadamente limitados y su distribuci\u00f3n temporal es irregular, lo que confirma la naturaleza completamente epis\u00f3dica de sus desplazamientos hacia el continente europeo. <strong>La recuperaci\u00f3n lograda en Calabria supone<\/strong> Por lo tanto <strong>Un valor cient\u00edfico significativo: se trata del primer documento oficial en v\u00eddeo en el territorio nacional.<\/strong> y permite certificar con precisi\u00f3n la presencia de la especie en una zona donde s\u00f3lo en casos excepcionales se registran tr\u00e1nsitos de fauna des\u00e9rtica.<\/p>\n\n\n\n<h2 class=\"wp-block-heading\" id=\"h-caratteristiche-del-corrione-biondo-e-comportamento-in-natura\">Caracter\u00edsticas del corredor rubio y su comportamiento en la naturaleza<\/h2>\n\n\n\n<p>El corredor rubio (<strong>Cursor Cursorius<\/strong>) tiene un plumaje color arena que le permite mimetizarse perfectamente en ambientes \u00e1ridos. Esta coloraci\u00f3n hace que la especie sea particularmente dif\u00edcil de avistar, incluso en entornos abiertos. Una caracter\u00edstica distintiva, de la que deriva su nombre italiano, es su tendencia a huir corriendo r\u00e1pidamente en lugar de alzar el vuelo cuando percibe peligro. Sus largas patas facilitan este comportamiento, t\u00edpico de las especies adaptadas al desierto. <strong>La presencia en Italia no forma parte de sus rutas habituales<\/strong> y ocurre s\u00f3lo en condiciones ocasionales vinculadas a la din\u00e1mica ambiental o clim\u00e1tica que a\u00fan est\u00e1n siendo estudiadas en profundidad por los investigadores.<\/p>\n\n\n\n<h2 class=\"wp-block-heading\" id=\"h-gli-avvistamenti-storici-e-la-rarita-della-specie\">Avistamientos hist\u00f3ricos y rareza de la especie<\/h2>\n\n\n\n<p>Seg\u00fan datos reportados por observaciones ornitol\u00f3gicas hist\u00f3ricas, <strong>La presencia confirmada de grosella rubia en Italia asciende a unos veinte casos desde finales del siglo XIX hasta la actualidad.<\/strong>Ha habido cuatro avistamientos previos en Calabria: el primero en 1898, dos en 1904 y uno en 1982. Por lo tanto, la documentaci\u00f3n actual representa el quinto caso en la regi\u00f3n y el primero grabado en video. Esta rareza confirma la naturaleza extraordinaria del evento y subraya la importancia de un enfoque prudente en la gesti\u00f3n de la informaci\u00f3n, para proteger tanto a la persona como al entorno en el que se encuentra temporalmente.<\/p>\n\n\n\n<h2 class=\"wp-block-heading\" id=\"h-il-ruolo-della-stazione-ornitologica-calabrese-e-le-tutele-necessarie\">El papel de la Estaci\u00f3n Ornitol\u00f3gica de Calabria y las salvaguardias necesarias<\/h2>\n\n\n\n<p>La Estaci\u00f3n Ornitol\u00f3gica Calabresa ha optado por <strong>No revele la ubicaci\u00f3n exacta del avistamiento para reducir interferencias y perturbaciones.<\/strong>Esta decisi\u00f3n refleja los principios de protecci\u00f3n establecidos en la comunidad cient\u00edfica, especialmente para las especies raras o vulnerables. La protecci\u00f3n del individuo es un aspecto central de las actividades de monitoreo, cuyo objetivo es recopilar datos verificables sin comprometer el comportamiento natural de los animales. El avistamiento tambi\u00e9n ofrece la oportunidad de fortalecer las iniciativas de concienciaci\u00f3n sobre la protecci\u00f3n de la fauna migratoria y las pr\u00e1cticas necesarias para preservar h\u00e1bitats cada vez m\u00e1s fragmentados.<\/p>\n<br \/>S\u00edguenos tambi\u00e9n en Google News: <b><a href=\"https:\/\/news.google.com\/publications\/CAAqBwgKMNqJiwswjMfqAg?hl=it&gl=IT&ceid=IT:it\" target=\"_blank\">haga clic aqu\u00ed<\/a><\/b>","protected":false},"excerpt":{"rendered":"<p>La presencia en Italia de un corredor dorado, una rara especie des\u00e9rtica asociada a los ambientes africanos y de Oriente Medio, es [\u2026]<\/p>","protected":false},"author":12,"featured_media":61124,"comment_status":"closed","ping_status":"open","sticky":false,"template":"","format":"standard","meta":{"MSN_Categories":"Uncategorized","MSN_Publish_Option":false,"MSN_Is_Local_News":false,"MSN_Is_AIAC_Included":"Empty","MSN_Location":"[]","MSN_Add_Feature_Img_On_Top_Of_Post":false,"MSN_Has_Custom_Author":false,"MSN_Custom_Author":"","MSN_Has_Custom_Canonical_Url":false,"MSN_Custom_Canonical_Url":"","footnotes":""},"categories":[7],"tags":[],"class_list":["post-61118","post","type-post","status-publish","format-standard","has-post-thumbnail","hentry","category-cronaca"],"acf":[],"yoast_head":"<!-- This site is optimized with the Yoast SEO Premium plugin v26.7 (Yoast SEO v26.7) - https:\/\/yoast.com\/wordpress\/plugins\/seo\/ -->\n<title>Rara specie desertica filmata per la prima volta in Italia<\/title>\n<meta name=\"description\" content=\"Documentato in Calabria il primo video italiano del corrione biondo, specie desertica rarissima. Ecco cosa sappiamo sull\u2019avvistamento.\" \/>\n<meta name=\"robots\" content=\"index, follow, max-snippet:-1, max-image-preview:large, max-video-preview:-1\" \/>\n<link rel=\"canonical\" href=\"https:\/\/newsvirali.it\/es\/2025\/12\/05\/especies-del-desierto-filmadas-en-italia-y-calabria\/\" \/>\n<meta property=\"og:locale\" content=\"es_ES\" \/>\n<meta property=\"og:type\" content=\"article\" \/>\n<meta property=\"og:title\" content=\"Rara specie desertica avvistata in Italia: filmato senza precedenti\" \/>\n<meta property=\"og:description\" content=\"Documentato in Calabria il primo video italiano del corrione biondo, specie desertica rarissima. Ecco cosa sappiamo sull\u2019avvistamento.\" \/>\n<meta property=\"og:url\" content=\"https:\/\/newsvirali.it\/es\/2025\/12\/05\/especies-del-desierto-filmadas-en-italia-y-calabria\/\" \/>\n<meta property=\"og:site_name\" content=\"News virali\" \/>\n<meta property=\"article:published_time\" content=\"2025-12-05T11:46:56+00:00\" \/>\n<meta property=\"article:modified_time\" content=\"2025-12-05T11:46:58+00:00\" \/>\n<meta property=\"og:image\" content=\"https:\/\/newsvirali.it\/wp-content\/uploads\/2025\/12\/1.jpg\" \/>\n\t<meta property=\"og:image:width\" content=\"1200\" \/>\n\t<meta property=\"og:image:height\" content=\"800\" \/>\n\t<meta property=\"og:image:type\" content=\"image\/jpeg\" \/>\n<meta name=\"author\" content=\"Tibaldo Strazza\" \/>\n<meta name=\"twitter:card\" content=\"summary_large_image\" \/>\n<meta name=\"twitter:label1\" content=\"Escrito por\" \/>\n\t<meta name=\"twitter:data1\" content=\"Tibaldo Strazza\" \/>\n\t<meta name=\"twitter:label2\" content=\"Tiempo de lectura\" \/>\n\t<meta name=\"twitter:data2\" content=\"3 minutos\" \/>\n<script type=\"application\/ld+json\" class=\"yoast-schema-graph\">{\"@context\":\"https:\/\/schema.org\",\"@graph\":[{\"@type\":\"NewsArticle\",\"@id\":\"https:\/\/newsvirali.it\/2025\/12\/05\/specie-desertica-filmata-italia-calabria\/#article\",\"isPartOf\":{\"@id\":\"https:\/\/newsvirali.it\/2025\/12\/05\/specie-desertica-filmata-italia-calabria\/\"},\"author\":{\"name\":\"Tibaldo Strazza\",\"@id\":\"https:\/\/newsvirali.it\/fr\/#\/schema\/person\/0a582dda258ef809c8286ad749340ced\"},\"headline\":\"Rara specie desertica avvistata in Italia: filmato senza precedenti\",\"datePublished\":\"2025-12-05T11:46:56+00:00\",\"dateModified\":\"2025-12-05T11:46:58+00:00\",\"mainEntityOfPage\":{\"@id\":\"https:\/\/newsvirali.it\/2025\/12\/05\/specie-desertica-filmata-italia-calabria\/\"},\"wordCount\":521,\"image\":{\"@id\":\"https:\/\/newsvirali.it\/2025\/12\/05\/specie-desertica-filmata-italia-calabria\/#primaryimage\"},\"thumbnailUrl\":\"https:\/\/newsvirali.it\/wp-content\/uploads\/2025\/12\/1.jpg\",\"articleSection\":[\"Cronaca\"],\"inLanguage\":\"es\",\"copyrightYear\":\"2025\",\"copyrightHolder\":{\"@id\":\"https:\/\/newsvirali.it\/es\/#organization\"}},{\"@type\":\"WebPage\",\"@id\":\"https:\/\/newsvirali.it\/2025\/12\/05\/specie-desertica-filmata-italia-calabria\/\",\"url\":\"https:\/\/newsvirali.it\/2025\/12\/05\/specie-desertica-filmata-italia-calabria\/\",\"name\":\"Rara specie desertica filmata per la prima volta in Italia\",\"isPartOf\":{\"@id\":\"https:\/\/newsvirali.it\/fr\/#website\"},\"primaryImageOfPage\":{\"@id\":\"https:\/\/newsvirali.it\/2025\/12\/05\/specie-desertica-filmata-italia-calabria\/#primaryimage\"},\"image\":{\"@id\":\"https:\/\/newsvirali.it\/2025\/12\/05\/specie-desertica-filmata-italia-calabria\/#primaryimage\"},\"thumbnailUrl\":\"https:\/\/newsvirali.it\/wp-content\/uploads\/2025\/12\/1.jpg\",\"datePublished\":\"2025-12-05T11:46:56+00:00\",\"dateModified\":\"2025-12-05T11:46:58+00:00\",\"author\":{\"@id\":\"https:\/\/newsvirali.it\/fr\/#\/schema\/person\/0a582dda258ef809c8286ad749340ced\"},\"description\":\"Documentato in Calabria il primo video italiano del corrione biondo, specie desertica rarissima. Ecco cosa sappiamo sull\u2019avvistamento.\",\"breadcrumb\":{\"@id\":\"https:\/\/newsvirali.it\/2025\/12\/05\/specie-desertica-filmata-italia-calabria\/#breadcrumb\"},\"inLanguage\":\"es\",\"potentialAction\":[{\"@type\":\"ReadAction\",\"target\":[\"https:\/\/newsvirali.it\/2025\/12\/05\/specie-desertica-filmata-italia-calabria\/\"]}]},{\"@type\":\"ImageObject\",\"inLanguage\":\"es\",\"@id\":\"https:\/\/newsvirali.it\/2025\/12\/05\/specie-desertica-filmata-italia-calabria\/#primaryimage\",\"url\":\"https:\/\/newsvirali.it\/wp-content\/uploads\/2025\/12\/1.jpg\",\"contentUrl\":\"https:\/\/newsvirali.it\/wp-content\/uploads\/2025\/12\/1.jpg\",\"width\":1200,\"height\":800,\"caption\":\"Corrione biondo\"},{\"@type\":\"BreadcrumbList\",\"@id\":\"https:\/\/newsvirali.it\/2025\/12\/05\/specie-desertica-filmata-italia-calabria\/#breadcrumb\",\"itemListElement\":[{\"@type\":\"ListItem\",\"position\":1,\"name\":\"Home\",\"item\":\"https:\/\/newsvirali.it\/fr\/\"},{\"@type\":\"ListItem\",\"position\":2,\"name\":\"Rara specie desertica avvistata in Italia: filmato senza precedenti\"}]},{\"@type\":\"WebSite\",\"@id\":\"https:\/\/newsvirali.it\/fr\/#website\",\"url\":\"https:\/\/newsvirali.it\/fr\/\",\"name\":\"Bake News\",\"description\":\"\",\"potentialAction\":[{\"@type\":\"SearchAction\",\"target\":{\"@type\":\"EntryPoint\",\"urlTemplate\":\"https:\/\/newsvirali.it\/fr\/?s={search_term_string}\"},\"query-input\":{\"@type\":\"PropertyValueSpecification\",\"valueRequired\":true,\"valueName\":\"search_term_string\"}}],\"inLanguage\":\"es\"},{\"@type\":\"Person\",\"@id\":\"https:\/\/newsvirali.it\/fr\/#\/schema\/person\/0a582dda258ef809c8286ad749340ced\",\"name\":\"Tibaldo Strazza\",\"url\":\"https:\/\/newsvirali.it\/es\/autore\/tibaldo\/\"}]}<\/script>\n<!-- \/ Yoast SEO Premium plugin. -->","yoast_head_json":{"title":"Rara specie desertica filmata per la prima volta in Italia","description":"Documentato in Calabria il primo video italiano del corrione biondo, specie desertica rarissima. Ecco cosa sappiamo sull\u2019avvistamento.","robots":{"index":"index","follow":"follow","max-snippet":"max-snippet:-1","max-image-preview":"max-image-preview:large","max-video-preview":"max-video-preview:-1"},"canonical":"https:\/\/newsvirali.it\/es\/2025\/12\/05\/especies-del-desierto-filmadas-en-italia-y-calabria\/","og_locale":"es_ES","og_type":"article","og_title":"Rara specie desertica avvistata in Italia: filmato senza precedenti","og_description":"Documentato in Calabria il primo video italiano del corrione biondo, specie desertica rarissima. Ecco cosa sappiamo sull\u2019avvistamento.","og_url":"https:\/\/newsvirali.it\/es\/2025\/12\/05\/especies-del-desierto-filmadas-en-italia-y-calabria\/","og_site_name":"News virali","article_published_time":"2025-12-05T11:46:56+00:00","article_modified_time":"2025-12-05T11:46:58+00:00","og_image":[{"width":1200,"height":800,"url":"https:\/\/newsvirali.it\/wp-content\/uploads\/2025\/12\/1.jpg","type":"image\/jpeg"}],"author":"Tibaldo Strazza","twitter_card":"summary_large_image","twitter_misc":{"Escrito por":"Tibaldo Strazza","Tiempo de lectura":"3 minutos"},"schema":{"@context":"https:\/\/schema.org","@graph":[{"@type":"NewsArticle","@id":"https:\/\/newsvirali.it\/2025\/12\/05\/specie-desertica-filmata-italia-calabria\/#article","isPartOf":{"@id":"https:\/\/newsvirali.it\/2025\/12\/05\/specie-desertica-filmata-italia-calabria\/"},"author":{"name":"Tibaldo Strazza","@id":"https:\/\/newsvirali.it\/fr\/#\/schema\/person\/0a582dda258ef809c8286ad749340ced"},"headline":"Rara specie desertica avvistata in Italia: filmato senza precedenti","datePublished":"2025-12-05T11:46:56+00:00","dateModified":"2025-12-05T11:46:58+00:00","mainEntityOfPage":{"@id":"https:\/\/newsvirali.it\/2025\/12\/05\/specie-desertica-filmata-italia-calabria\/"},"wordCount":521,"image":{"@id":"https:\/\/newsvirali.it\/2025\/12\/05\/specie-desertica-filmata-italia-calabria\/#primaryimage"},"thumbnailUrl":"https:\/\/newsvirali.it\/wp-content\/uploads\/2025\/12\/1.jpg","articleSection":["Cronaca"],"inLanguage":"es","copyrightYear":"2025","copyrightHolder":{"@id":"https:\/\/newsvirali.it\/es\/#organization"}},{"@type":"WebPage","@id":"https:\/\/newsvirali.it\/2025\/12\/05\/specie-desertica-filmata-italia-calabria\/","url":"https:\/\/newsvirali.it\/2025\/12\/05\/specie-desertica-filmata-italia-calabria\/","name":"Rara specie desertica filmata per la prima volta in Italia","isPartOf":{"@id":"https:\/\/newsvirali.it\/fr\/#website"},"primaryImageOfPage":{"@id":"https:\/\/newsvirali.it\/2025\/12\/05\/specie-desertica-filmata-italia-calabria\/#primaryimage"},"image":{"@id":"https:\/\/newsvirali.it\/2025\/12\/05\/specie-desertica-filmata-italia-calabria\/#primaryimage"},"thumbnailUrl":"https:\/\/newsvirali.it\/wp-content\/uploads\/2025\/12\/1.jpg","datePublished":"2025-12-05T11:46:56+00:00","dateModified":"2025-12-05T11:46:58+00:00","author":{"@id":"https:\/\/newsvirali.it\/fr\/#\/schema\/person\/0a582dda258ef809c8286ad749340ced"},"description":"Documentato in Calabria il primo video italiano del corrione biondo, specie desertica rarissima. Ecco cosa sappiamo sull\u2019avvistamento.","breadcrumb":{"@id":"https:\/\/newsvirali.it\/2025\/12\/05\/specie-desertica-filmata-italia-calabria\/#breadcrumb"},"inLanguage":"es","potentialAction":[{"@type":"ReadAction","target":["https:\/\/newsvirali.it\/2025\/12\/05\/specie-desertica-filmata-italia-calabria\/"]}]},{"@type":"ImageObject","inLanguage":"es","@id":"https:\/\/newsvirali.it\/2025\/12\/05\/specie-desertica-filmata-italia-calabria\/#primaryimage","url":"https:\/\/newsvirali.it\/wp-content\/uploads\/2025\/12\/1.jpg","contentUrl":"https:\/\/newsvirali.it\/wp-content\/uploads\/2025\/12\/1.jpg","width":1200,"height":800,"caption":"Corrione biondo"},{"@type":"BreadcrumbList","@id":"https:\/\/newsvirali.it\/2025\/12\/05\/specie-desertica-filmata-italia-calabria\/#breadcrumb","itemListElement":[{"@type":"ListItem","position":1,"name":"Home","item":"https:\/\/newsvirali.it\/fr\/"},{"@type":"ListItem","position":2,"name":"Rara specie desertica avvistata in Italia: filmato senza precedenti"}]},{"@type":"WebSite","@id":"https:\/\/newsvirali.it\/fr\/#website","url":"https:\/\/newsvirali.it\/fr\/","name":"Bake News","description":"","potentialAction":[{"@type":"SearchAction","target":{"@type":"EntryPoint","urlTemplate":"https:\/\/newsvirali.it\/fr\/?s={search_term_string}"},"query-input":{"@type":"PropertyValueSpecification","valueRequired":true,"valueName":"search_term_string"}}],"inLanguage":"es"},{"@type":"Person","@id":"https:\/\/newsvirali.it\/fr\/#\/schema\/person\/0a582dda258ef809c8286ad749340ced","name":"Tibaldo Strazza","url":"https:\/\/newsvirali.it\/es\/autore\/tibaldo\/"}]}},"_links":{"self":[{"href":"https:\/\/newsvirali.it\/es\/wp-json\/wp\/v2\/posts\/61118","targetHints":{"allow":["GET"]}}],"collection":[{"href":"https:\/\/newsvirali.it\/es\/wp-json\/wp\/v2\/posts"}],"about":[{"href":"https:\/\/newsvirali.it\/es\/wp-json\/wp\/v2\/types\/post"}],"author":[{"embeddable":true,"href":"https:\/\/newsvirali.it\/es\/wp-json\/wp\/v2\/users\/12"}],"replies":[{"embeddable":true,"href":"https:\/\/newsvirali.it\/es\/wp-json\/wp\/v2\/comments?post=61118"}],"version-history":[{"count":2,"href":"https:\/\/newsvirali.it\/es\/wp-json\/wp\/v2\/posts\/61118\/revisions"}],"predecessor-version":[{"id":61125,"href":"https:\/\/newsvirali.it\/es\/wp-json\/wp\/v2\/posts\/61118\/revisions\/61125"}],"wp:featuredmedia":[{"embeddable":true,"href":"https:\/\/newsvirali.it\/es\/wp-json\/wp\/v2\/media\/61124"}],"wp:attachment":[{"href":"https:\/\/newsvirali.it\/es\/wp-json\/wp\/v2\/media?parent=61118"}],"wp:term":[{"taxonomy":"category","embeddable":true,"href":"https:\/\/newsvirali.it\/es\/wp-json\/wp\/v2\/categories?post=61118"},{"taxonomy":"post_tag","embeddable":true,"href":"https:\/\/newsvirali.it\/es\/wp-json\/wp\/v2\/tags?post=61118"}],"curies":[{"name":"wp","href":"https:\/\/api.w.org\/{rel}","templated":true}]}}