{"id":58480,"date":"2025-05-27T12:47:07","date_gmt":"2025-05-27T10:47:07","guid":{"rendered":"https:\/\/newsvirali.it\/?p=58480"},"modified":"2025-05-27T12:47:08","modified_gmt":"2025-05-27T10:47:08","slug":"cambiamento-climatico-tumori-donne","status":"publish","type":"post","link":"https:\/\/newsvirali.it\/es\/2025\/05\/27\/tumores-del-cambio-climatico-en-mujeres\/","title":{"rendered":"Alerta de c\u00e1ncer: el cambio clim\u00e1tico aumenta los casos entre las mujeres"},"content":{"rendered":"<p>El calentamiento global puede ser una amenaza no s\u00f3lo para el planeta, sino tambi\u00e9n para la salud de las mujeres. Seg\u00fan uno <a href=\"https:\/\/www.frontiersin.org\/journals\/public-health\/articles\/10.3389\/fpubh.2025.1529706\/full\">Investigaci\u00f3n publicada el <em>Fronteras en Salud P\u00fablica<\/em><\/a>Cada grado adicional aumenta el n\u00famero de casos de c\u00e1ncer en diferentes regiones del mundo. El estudio se\u00f1ala las desigualdades clim\u00e1ticas, de contaminaci\u00f3n y de salud.<\/p>\n\n\n\n<p><strong>LEA LOS \u00daLTIMOS ART\u00cdCULOS DE SALUD<\/strong><\/p>\n\n\n<ul class=\"wp-block-latest-posts__list wp-block-latest-posts\"><li><a class=\"wp-block-latest-posts__post-title\" href=\"https:\/\/newsvirali.it\/es\/2026\/01\/30\/coctel-de-farmacos-contra-el-cancer-de-pancreas\/\">C\u00e1ncer de p\u00e1ncreas: el c\u00f3ctel de f\u00e1rmacos que hace desaparecer el tumor<\/a><\/li>\n<li><a class=\"wp-block-latest-posts__post-title\" href=\"https:\/\/newsvirali.it\/es\/2026\/01\/09\/reaccion-al-tatuaje-pierde-cabello-deja-de-sudar\/\">Hombre pierde todo el cabello y deja de sudar tras reacci\u00f3n a tatuaje rojo<\/a><\/li>\n<li><a class=\"wp-block-latest-posts__post-title\" href=\"https:\/\/newsvirali.it\/es\/2025\/10\/22\/alerta-de-salmonela-en-sicilia-tomates-y-europa\/\">Los tomates sicilianos en el punto de mira: las infecciones por Salmonella aumentan en Europa<\/a><\/li>\n<li><a class=\"wp-block-latest-posts__post-title\" href=\"https:\/\/newsvirali.it\/es\/2025\/07\/31\/covid-19-influenza-metastasis-cancer-naturaleza\/\">La COVID-19 y la gripe pueden &quot;reactivar&quot; tumores y met\u00e1stasis: impactante descubrimiento de los cient\u00edficos<\/a><\/li>\n<li><a class=\"wp-block-latest-posts__post-title\" href=\"https:\/\/newsvirali.it\/es\/2025\/05\/27\/tumores-del-cambio-climatico-en-mujeres\/\">Alerta de c\u00e1ncer: el cambio clim\u00e1tico aumenta los casos entre las mujeres<\/a><\/li>\n<\/ul>\n\n\n<h3 class=\"wp-block-heading\" id=\"h-lo-studio-piu-caldo-piu-cancro\"><strong>El estudio: M\u00e1s calor, m\u00e1s c\u00e1ncer<\/strong><\/h3>\n\n\n\n<p>El v\u00ednculo entre el clima y la salud es cada vez m\u00e1s evidente. Un equipo internacional analiz\u00f3 datos de salud de 17 pa\u00edses de Oriente Medio y el norte de \u00c1frica entre 1998 y 2019. El resultado es impactante: cada aumento de 1 \u00b0C en la temperatura media se asocia a un aumento de los casos de c\u00e1ncer de 173 a 280 por cada 100.000 personas. A\u00fan m\u00e1s impresionante es el crecimiento de las muertes: de 171 a 332 por 100.000.<\/p>\n\n\n\n<p>\u00bfQu\u00e9 tipo de c\u00e1ncer tiene el pico m\u00e1s alto? C\u00e1ncer de ovario, que ha experimentado el aumento m\u00e1s significativo tanto en incidencia como en mortalidad. El fen\u00f3meno, explican los cient\u00edficos, se debe no s\u00f3lo al clima m\u00e1s c\u00e1lido, sino tambi\u00e9n al aumento de los contaminantes atmosf\u00e9ricos, la radiaci\u00f3n ultravioleta y otros factores ambientales nocivos.<\/p>\n\n\n\n<h3 class=\"wp-block-heading\" id=\"h-perche-colpisce-soprattutto-le-donne\"><strong>\u00bfPor qu\u00e9 afecta principalmente a las mujeres?<\/strong><\/h3>\n\n\n\n<p>El hallazgo m\u00e1s alarmante del estudio es que el impacto del cambio clim\u00e1tico en la salud del c\u00e1ncer afecta especialmente a las mujeres. La raz\u00f3n es triple: barreras culturales, econ\u00f3micas y jur\u00eddicas que impiden el acceso oportuno a la detecci\u00f3n y al tratamiento, especialmente en entornos donde el sistema de salud ya es fr\u00e1gil.<\/p>\n\n\n\n<p>\u201cLas mujeres se enfrentan a importantes obst\u00e1culos para el diagn\u00f3stico temprano y el tratamiento adecuado. Adem\u00e1s, suelen estar m\u00e1s expuestas a carcin\u00f3genos ambientales\u201d, afirma Wafa Abuelkheir Mataria, coautora del estudio y profesora de la Universidad Americana de El Cairo.<\/p>\n\n\n\n<p>El an\u00e1lisis sugiere la integraci\u00f3n de estrategias clim\u00e1ticas en los planes nacionales de prevenci\u00f3n del c\u00e1ncer, con un enfoque espec\u00edfico en las diferencias de g\u00e9nero.<\/p>\n\n\n\n<h3 class=\"wp-block-heading\" id=\"h-cosa-dicono-gli-esperti\"><strong>Lo que dicen los expertos<\/strong><\/h3>\n\n\n\n<p>Irina Stepanov, profesora de salud p\u00fablica de la Universidad de Minnesota, tambi\u00e9n confirma la gravedad de la situaci\u00f3n: \u00abLas altas temperaturas pueden aumentar la exposici\u00f3n a numerosos carcin\u00f3genos, tanto directos como indirectos. El calentamiento global puede considerarse un factor de riesgo adicional en la lucha contra el c\u00e1ncer\u00bb.<\/p>\n\n\n\n<p>Varios centros oncol\u00f3gicos e institutos de salud global est\u00e1n revisando las pautas de prevenci\u00f3n para tener en cuenta tambi\u00e9n el entorno en el que viven las personas. La idea b\u00e1sica es clara: la salud y el clima est\u00e1n estrechamente interconectados y es imposible abordarlos por separado.<\/p>\n\n\n\n<h3 class=\"wp-block-heading\" id=\"h-un-allarme-che-riguarda-tutti\"><strong>Una alarma que preocupa a todos<\/strong><\/h3>\n\n\n\n<p>Aunque el estudio s\u00f3lo analiz\u00f3 los pa\u00edses de Oriente Medio y Norte de \u00c1frica, las implicaciones son globales. La contaminaci\u00f3n del aire, el aumento de las temperaturas y el incremento de las enfermedades cr\u00f3nicas afectan ya a muchas ciudades europeas.<\/p>\n\n\n\n<p>La comunidad cient\u00edfica lanza un llamamiento: es urgente considerar el cambio clim\u00e1tico no s\u00f3lo como una crisis ambiental, sino como una verdadera emergencia sanitaria. Y, como demuestra esta investigaci\u00f3n, las mujeres pueden pagar el precio m\u00e1s alto.<\/p>\n\n\n\n<h3 class=\"wp-block-heading\" id=\"h-fattori-ambientali-legati-all-aumento-dei-tumori\"><strong>Factores ambientales vinculados al aumento de tumores<\/strong><\/h3>\n\n\n\n<p>El aumento de c\u00e1nceres vinculado al cambio clim\u00e1tico no es s\u00f3lo una proyecci\u00f3n futura, sino una realidad documentada. Entre los principales factores ambientales asociados se encuentran la contaminaci\u00f3n del aire, la exposici\u00f3n prolongada a los rayos ultravioleta y la propagaci\u00f3n de sustancias qu\u00edmicas t\u00f3xicas. Seg\u00fan AIRC, el aire contaminado puede contener part\u00edculas finas (PM2.5), metales pesados y compuestos org\u00e1nicos vol\u00e1tiles, todos ellos clasificados como cancer\u00edgenos.<\/p>\n\n\n\n<p>Adem\u00e1s, las olas de calor y el aumento de las temperaturas comprometen la calidad del agua y de los alimentos, favoreciendo la acumulaci\u00f3n de toxinas y la proliferaci\u00f3n de microorganismos nocivos. Los incendios forestales, cada vez m\u00e1s frecuentes debido al cambio clim\u00e1tico, tambi\u00e9n liberan a la atm\u00f3sfera sustancias que pueden da\u00f1ar el ADN humano.<\/p>\n\n\n\n<p>Otro efecto secundario es la presi\u00f3n sobre la infraestructura sanitaria: fen\u00f3menos clim\u00e1ticos extremos, como inundaciones y huracanes, pueden interrumpir servicios m\u00e9dicos esenciales, dificultando el diagn\u00f3stico oportuno o el acceso a la atenci\u00f3n del c\u00e1ncer.<\/p>\n\n\n\n<h3 class=\"wp-block-heading\" id=\"h-effetti-del-cambiamento-climatico-sulla-salute-mentale-delle-donne\"><strong>Efectos del cambio clim\u00e1tico en la salud mental de las mujeres<\/strong><\/h3>\n\n\n\n<p>El calentamiento global afecta no s\u00f3lo al cuerpo, sino tambi\u00e9n a la mente. Varios estudios han demostrado que las mujeres tienen m\u00e1s probabilidades de desarrollar trastornos mentales en respuesta a los factores estresantes ambientales causados por el cambio clim\u00e1tico. La ansiedad, la depresi\u00f3n, el trastorno de estr\u00e9s postraum\u00e1tico y los sentimientos de impotencia son comunes, especialmente en las zonas afectadas por desastres clim\u00e1ticos.<\/p>\n\n\n\n<p>Las mujeres embarazadas y las madres son particularmente vulnerables. El temor por la salud de los ni\u00f1os, la p\u00e9rdida del hogar o del empleo debido a fen\u00f3menos clim\u00e1ticos extremos y la inestabilidad econ\u00f3mica son factores que aumentan el riesgo psicol\u00f3gico.<\/p>\n\n\n\n<p>Seg\u00fan ARS Toscana, la inseguridad ambiental vinculada al cambio clim\u00e1tico puede generar una sensaci\u00f3n de alerta constante, con efectos a largo plazo en el bienestar mental. Sin embargo, la salud psicol\u00f3gica sigue estando poco reconocida en las estrategias clim\u00e1ticas, a pesar de la creciente evidencia de su impacto.<\/p>\n<br \/>S\u00edguenos tambi\u00e9n en Google News: <b><a href=\"https:\/\/news.google.com\/publications\/CAAqBwgKMNqJiwswjMfqAg?hl=it&gl=IT&ceid=IT:it\" target=\"_blank\">haga clic aqu\u00ed<\/a><\/b>","protected":false},"excerpt":{"rendered":"<p>El calentamiento global puede ser una amenaza no s\u00f3lo para el planeta, sino tambi\u00e9n para la salud de las mujeres. Segundo [\u2026]<\/p>","protected":false},"author":4,"featured_media":58481,"comment_status":"closed","ping_status":"open","sticky":false,"template":"","format":"standard","meta":{"MSN_Categories":"Uncategorized","MSN_Publish_Option":false,"MSN_Is_Local_News":false,"MSN_Is_AIAC_Included":"Empty","MSN_Location":"[]","MSN_Add_Feature_Img_On_Top_Of_Post":false,"MSN_Has_Custom_Author":false,"MSN_Custom_Author":"","MSN_Has_Custom_Canonical_Url":false,"MSN_Custom_Canonical_Url":"","footnotes":""},"categories":[33],"tags":[],"class_list":["post-58480","post","type-post","status-publish","format-standard","has-post-thumbnail","hentry","category-salute"],"acf":[],"yoast_head":"<!-- This site is optimized with the Yoast SEO Premium plugin v26.7 (Yoast SEO v26.7) - https:\/\/yoast.com\/wordpress\/plugins\/seo\/ -->\n<title>Cambiamento climatico e tumori: allarme per la salute delle donne<\/title>\n<meta name=\"description\" content=\"Uno studio lancia l\u2019allarme: il riscaldamento globale potrebbe far aumentare i tumori tra le donne. Ecco perch\u00e9 clima e salute sono legati.\" \/>\n<meta name=\"robots\" content=\"index, follow, max-snippet:-1, max-image-preview:large, max-video-preview:-1\" \/>\n<link rel=\"canonical\" href=\"https:\/\/newsvirali.it\/es\/2025\/05\/27\/tumores-del-cambio-climatico-en-mujeres\/\" \/>\n<meta property=\"og:locale\" content=\"es_ES\" \/>\n<meta property=\"og:type\" content=\"article\" \/>\n<meta property=\"og:title\" content=\"Allarme tumori: il cambiamento climatico fa salire i casi tra le donne\" \/>\n<meta property=\"og:description\" content=\"Uno studio lancia l\u2019allarme: il riscaldamento globale potrebbe far aumentare i tumori tra le donne. Ecco perch\u00e9 clima e salute sono legati.\" \/>\n<meta property=\"og:url\" content=\"https:\/\/newsvirali.it\/es\/2025\/05\/27\/tumores-del-cambio-climatico-en-mujeres\/\" \/>\n<meta property=\"og:site_name\" content=\"News virali\" \/>\n<meta property=\"article:published_time\" content=\"2025-05-27T10:47:07+00:00\" \/>\n<meta property=\"article:modified_time\" content=\"2025-05-27T10:47:08+00:00\" \/>\n<meta property=\"og:image\" content=\"https:\/\/newsvirali.it\/wp-content\/uploads\/2025\/05\/ChatGPT-Image-27-mag-2025-12_41_48.jpg\" \/>\n\t<meta property=\"og:image:width\" content=\"1536\" \/>\n\t<meta property=\"og:image:height\" content=\"1024\" \/>\n\t<meta property=\"og:image:type\" content=\"image\/jpeg\" \/>\n<meta name=\"author\" content=\"Cecco Prestina\" \/>\n<meta name=\"twitter:card\" content=\"summary_large_image\" \/>\n<meta name=\"twitter:label1\" content=\"Escrito por\" \/>\n\t<meta name=\"twitter:data1\" content=\"Cecco Prestina\" \/>\n\t<meta name=\"twitter:label2\" content=\"Tiempo de lectura\" \/>\n\t<meta name=\"twitter:data2\" content=\"4 minutos\" \/>\n<script type=\"application\/ld+json\" class=\"yoast-schema-graph\">{\"@context\":\"https:\/\/schema.org\",\"@graph\":[{\"@type\":\"NewsArticle\",\"@id\":\"https:\/\/newsvirali.it\/2025\/05\/27\/cambiamento-climatico-tumori-donne\/#article\",\"isPartOf\":{\"@id\":\"https:\/\/newsvirali.it\/2025\/05\/27\/cambiamento-climatico-tumori-donne\/\"},\"author\":{\"name\":\"Cecco Prestina\",\"@id\":\"https:\/\/newsvirali.it\/fr\/#\/schema\/person\/4c835f7b49c9adb58b33901ee816565d\"},\"headline\":\"Allarme tumori: il cambiamento climatico fa salire i casi tra le donne\",\"datePublished\":\"2025-05-27T10:47:07+00:00\",\"dateModified\":\"2025-05-27T10:47:08+00:00\",\"mainEntityOfPage\":{\"@id\":\"https:\/\/newsvirali.it\/2025\/05\/27\/cambiamento-climatico-tumori-donne\/\"},\"wordCount\":760,\"image\":{\"@id\":\"https:\/\/newsvirali.it\/2025\/05\/27\/cambiamento-climatico-tumori-donne\/#primaryimage\"},\"thumbnailUrl\":\"https:\/\/newsvirali.it\/wp-content\/uploads\/2025\/05\/ChatGPT-Image-27-mag-2025-12_41_48.jpg\",\"articleSection\":[\"Salute\"],\"inLanguage\":\"es\",\"copyrightYear\":\"2025\",\"copyrightHolder\":{\"@id\":\"https:\/\/newsvirali.it\/es\/#organization\"}},{\"@type\":\"WebPage\",\"@id\":\"https:\/\/newsvirali.it\/2025\/05\/27\/cambiamento-climatico-tumori-donne\/\",\"url\":\"https:\/\/newsvirali.it\/2025\/05\/27\/cambiamento-climatico-tumori-donne\/\",\"name\":\"Cambiamento climatico e tumori: allarme per la salute delle donne\",\"isPartOf\":{\"@id\":\"https:\/\/newsvirali.it\/fr\/#website\"},\"primaryImageOfPage\":{\"@id\":\"https:\/\/newsvirali.it\/2025\/05\/27\/cambiamento-climatico-tumori-donne\/#primaryimage\"},\"image\":{\"@id\":\"https:\/\/newsvirali.it\/2025\/05\/27\/cambiamento-climatico-tumori-donne\/#primaryimage\"},\"thumbnailUrl\":\"https:\/\/newsvirali.it\/wp-content\/uploads\/2025\/05\/ChatGPT-Image-27-mag-2025-12_41_48.jpg\",\"datePublished\":\"2025-05-27T10:47:07+00:00\",\"dateModified\":\"2025-05-27T10:47:08+00:00\",\"author\":{\"@id\":\"https:\/\/newsvirali.it\/fr\/#\/schema\/person\/4c835f7b49c9adb58b33901ee816565d\"},\"description\":\"Uno studio lancia l\u2019allarme: il riscaldamento globale potrebbe far aumentare i tumori tra le donne. Ecco perch\u00e9 clima e salute sono legati.\",\"breadcrumb\":{\"@id\":\"https:\/\/newsvirali.it\/2025\/05\/27\/cambiamento-climatico-tumori-donne\/#breadcrumb\"},\"inLanguage\":\"es\",\"potentialAction\":[{\"@type\":\"ReadAction\",\"target\":[\"https:\/\/newsvirali.it\/2025\/05\/27\/cambiamento-climatico-tumori-donne\/\"]}]},{\"@type\":\"ImageObject\",\"inLanguage\":\"es\",\"@id\":\"https:\/\/newsvirali.it\/2025\/05\/27\/cambiamento-climatico-tumori-donne\/#primaryimage\",\"url\":\"https:\/\/newsvirali.it\/wp-content\/uploads\/2025\/05\/ChatGPT-Image-27-mag-2025-12_41_48.jpg\",\"contentUrl\":\"https:\/\/newsvirali.it\/wp-content\/uploads\/2025\/05\/ChatGPT-Image-27-mag-2025-12_41_48.jpg\",\"width\":1536,\"height\":1024,\"caption\":\"Cambiamento climatico e tumori: allarme per la salute delle donne\"},{\"@type\":\"BreadcrumbList\",\"@id\":\"https:\/\/newsvirali.it\/2025\/05\/27\/cambiamento-climatico-tumori-donne\/#breadcrumb\",\"itemListElement\":[{\"@type\":\"ListItem\",\"position\":1,\"name\":\"Home\",\"item\":\"https:\/\/newsvirali.it\/fr\/\"},{\"@type\":\"ListItem\",\"position\":2,\"name\":\"Allarme tumori: il cambiamento climatico fa salire i casi tra le donne\"}]},{\"@type\":\"WebSite\",\"@id\":\"https:\/\/newsvirali.it\/fr\/#website\",\"url\":\"https:\/\/newsvirali.it\/fr\/\",\"name\":\"Bake News\",\"description\":\"\",\"potentialAction\":[{\"@type\":\"SearchAction\",\"target\":{\"@type\":\"EntryPoint\",\"urlTemplate\":\"https:\/\/newsvirali.it\/fr\/?s={search_term_string}\"},\"query-input\":{\"@type\":\"PropertyValueSpecification\",\"valueRequired\":true,\"valueName\":\"search_term_string\"}}],\"inLanguage\":\"es\"},{\"@type\":\"Person\",\"@id\":\"https:\/\/newsvirali.it\/fr\/#\/schema\/person\/4c835f7b49c9adb58b33901ee816565d\",\"name\":\"Cecco Prestina\",\"description\":\"Perch\u00e9 nasconderlo? Cecco Prestina \u00e8 un alias, ma dietro di lui non si cela un algoritmo di intelligenza artificiale. C'\u00e8 un giornalista che ha oltre vent'anni di esperienza tutta sul web. Da quando il primo modem ha iniziato a gracchiare sul territorio italiano con Video on Line, Cecco ha capito che da quel doppino sarebbe passato il futuro. Ha dedidicato tutta la sua carriera a capire Internet e poi i social e ora l'Ai. Una carriera in costante aggiornamento. E questa esperienza la mette in campo ogni giorno. Per\u00f2 ogni tanto Cecco ha voglia anche di non scrivere \\\"pipponi\\\" sulla politica, sull'economia. Ha voglia anche di scrivere qualcosa di divertente. Le notizie che trovate su Bake News sono le stesse che Cecco porta all'aperitivo con gli amici. Quelle di cui discutere per farsi due risate. Notizie, vere (qualche volta si fa fatica a crederlo), strane, divertenti, ma anche serie. Bake News \u00e8 nato per questo, dare al pubblico notizie croccanti e calde come il pane che esce dal forno. E Cecco Prestina \u00e8 nato con Bake News.\",\"url\":\"https:\/\/newsvirali.it\/es\/autore\/cecco-prestina\/\"}]}<\/script>\n<!-- \/ Yoast SEO Premium plugin. -->","yoast_head_json":{"title":"Cambiamento climatico e tumori: allarme per la salute delle donne","description":"Uno studio lancia l\u2019allarme: il riscaldamento globale potrebbe far aumentare i tumori tra le donne. Ecco perch\u00e9 clima e salute sono legati.","robots":{"index":"index","follow":"follow","max-snippet":"max-snippet:-1","max-image-preview":"max-image-preview:large","max-video-preview":"max-video-preview:-1"},"canonical":"https:\/\/newsvirali.it\/es\/2025\/05\/27\/tumores-del-cambio-climatico-en-mujeres\/","og_locale":"es_ES","og_type":"article","og_title":"Allarme tumori: il cambiamento climatico fa salire i casi tra le donne","og_description":"Uno studio lancia l\u2019allarme: il riscaldamento globale potrebbe far aumentare i tumori tra le donne. Ecco perch\u00e9 clima e salute sono legati.","og_url":"https:\/\/newsvirali.it\/es\/2025\/05\/27\/tumores-del-cambio-climatico-en-mujeres\/","og_site_name":"News virali","article_published_time":"2025-05-27T10:47:07+00:00","article_modified_time":"2025-05-27T10:47:08+00:00","og_image":[{"width":1536,"height":1024,"url":"https:\/\/newsvirali.it\/wp-content\/uploads\/2025\/05\/ChatGPT-Image-27-mag-2025-12_41_48.jpg","type":"image\/jpeg"}],"author":"Cecco Prestina","twitter_card":"summary_large_image","twitter_misc":{"Escrito por":"Cecco Prestina","Tiempo de lectura":"4 minutos"},"schema":{"@context":"https:\/\/schema.org","@graph":[{"@type":"NewsArticle","@id":"https:\/\/newsvirali.it\/2025\/05\/27\/cambiamento-climatico-tumori-donne\/#article","isPartOf":{"@id":"https:\/\/newsvirali.it\/2025\/05\/27\/cambiamento-climatico-tumori-donne\/"},"author":{"name":"Cecco Prestina","@id":"https:\/\/newsvirali.it\/fr\/#\/schema\/person\/4c835f7b49c9adb58b33901ee816565d"},"headline":"Allarme tumori: il cambiamento climatico fa salire i casi tra le donne","datePublished":"2025-05-27T10:47:07+00:00","dateModified":"2025-05-27T10:47:08+00:00","mainEntityOfPage":{"@id":"https:\/\/newsvirali.it\/2025\/05\/27\/cambiamento-climatico-tumori-donne\/"},"wordCount":760,"image":{"@id":"https:\/\/newsvirali.it\/2025\/05\/27\/cambiamento-climatico-tumori-donne\/#primaryimage"},"thumbnailUrl":"https:\/\/newsvirali.it\/wp-content\/uploads\/2025\/05\/ChatGPT-Image-27-mag-2025-12_41_48.jpg","articleSection":["Salute"],"inLanguage":"es","copyrightYear":"2025","copyrightHolder":{"@id":"https:\/\/newsvirali.it\/es\/#organization"}},{"@type":"WebPage","@id":"https:\/\/newsvirali.it\/2025\/05\/27\/cambiamento-climatico-tumori-donne\/","url":"https:\/\/newsvirali.it\/2025\/05\/27\/cambiamento-climatico-tumori-donne\/","name":"Cambiamento climatico e tumori: allarme per la salute delle donne","isPartOf":{"@id":"https:\/\/newsvirali.it\/fr\/#website"},"primaryImageOfPage":{"@id":"https:\/\/newsvirali.it\/2025\/05\/27\/cambiamento-climatico-tumori-donne\/#primaryimage"},"image":{"@id":"https:\/\/newsvirali.it\/2025\/05\/27\/cambiamento-climatico-tumori-donne\/#primaryimage"},"thumbnailUrl":"https:\/\/newsvirali.it\/wp-content\/uploads\/2025\/05\/ChatGPT-Image-27-mag-2025-12_41_48.jpg","datePublished":"2025-05-27T10:47:07+00:00","dateModified":"2025-05-27T10:47:08+00:00","author":{"@id":"https:\/\/newsvirali.it\/fr\/#\/schema\/person\/4c835f7b49c9adb58b33901ee816565d"},"description":"Uno studio lancia l\u2019allarme: il riscaldamento globale potrebbe far aumentare i tumori tra le donne. Ecco perch\u00e9 clima e salute sono legati.","breadcrumb":{"@id":"https:\/\/newsvirali.it\/2025\/05\/27\/cambiamento-climatico-tumori-donne\/#breadcrumb"},"inLanguage":"es","potentialAction":[{"@type":"ReadAction","target":["https:\/\/newsvirali.it\/2025\/05\/27\/cambiamento-climatico-tumori-donne\/"]}]},{"@type":"ImageObject","inLanguage":"es","@id":"https:\/\/newsvirali.it\/2025\/05\/27\/cambiamento-climatico-tumori-donne\/#primaryimage","url":"https:\/\/newsvirali.it\/wp-content\/uploads\/2025\/05\/ChatGPT-Image-27-mag-2025-12_41_48.jpg","contentUrl":"https:\/\/newsvirali.it\/wp-content\/uploads\/2025\/05\/ChatGPT-Image-27-mag-2025-12_41_48.jpg","width":1536,"height":1024,"caption":"Cambiamento climatico e tumori: allarme per la salute delle donne"},{"@type":"BreadcrumbList","@id":"https:\/\/newsvirali.it\/2025\/05\/27\/cambiamento-climatico-tumori-donne\/#breadcrumb","itemListElement":[{"@type":"ListItem","position":1,"name":"Home","item":"https:\/\/newsvirali.it\/fr\/"},{"@type":"ListItem","position":2,"name":"Allarme tumori: il cambiamento climatico fa salire i casi tra le donne"}]},{"@type":"WebSite","@id":"https:\/\/newsvirali.it\/fr\/#website","url":"https:\/\/newsvirali.it\/fr\/","name":"Bake News","description":"","potentialAction":[{"@type":"SearchAction","target":{"@type":"EntryPoint","urlTemplate":"https:\/\/newsvirali.it\/fr\/?s={search_term_string}"},"query-input":{"@type":"PropertyValueSpecification","valueRequired":true,"valueName":"search_term_string"}}],"inLanguage":"es"},{"@type":"Person","@id":"https:\/\/newsvirali.it\/fr\/#\/schema\/person\/4c835f7b49c9adb58b33901ee816565d","name":"Cecco Prestina","description":"Perch\u00e9 nasconderlo? Cecco Prestina \u00e8 un alias, ma dietro di lui non si cela un algoritmo di intelligenza artificiale. C'\u00e8 un giornalista che ha oltre vent'anni di esperienza tutta sul web. Da quando il primo modem ha iniziato a gracchiare sul territorio italiano con Video on Line, Cecco ha capito che da quel doppino sarebbe passato il futuro. Ha dedidicato tutta la sua carriera a capire Internet e poi i social e ora l'Ai. Una carriera in costante aggiornamento. E questa esperienza la mette in campo ogni giorno. Per\u00f2 ogni tanto Cecco ha voglia anche di non scrivere \"pipponi\" sulla politica, sull'economia. Ha voglia anche di scrivere qualcosa di divertente. Le notizie che trovate su Bake News sono le stesse che Cecco porta all'aperitivo con gli amici. Quelle di cui discutere per farsi due risate. Notizie, vere (qualche volta si fa fatica a crederlo), strane, divertenti, ma anche serie. Bake News \u00e8 nato per questo, dare al pubblico notizie croccanti e calde come il pane che esce dal forno. E Cecco Prestina \u00e8 nato con Bake News.","url":"https:\/\/newsvirali.it\/es\/autore\/cecco-prestina\/"}]}},"_links":{"self":[{"href":"https:\/\/newsvirali.it\/es\/wp-json\/wp\/v2\/posts\/58480","targetHints":{"allow":["GET"]}}],"collection":[{"href":"https:\/\/newsvirali.it\/es\/wp-json\/wp\/v2\/posts"}],"about":[{"href":"https:\/\/newsvirali.it\/es\/wp-json\/wp\/v2\/types\/post"}],"author":[{"embeddable":true,"href":"https:\/\/newsvirali.it\/es\/wp-json\/wp\/v2\/users\/4"}],"replies":[{"embeddable":true,"href":"https:\/\/newsvirali.it\/es\/wp-json\/wp\/v2\/comments?post=58480"}],"version-history":[{"count":1,"href":"https:\/\/newsvirali.it\/es\/wp-json\/wp\/v2\/posts\/58480\/revisions"}],"predecessor-version":[{"id":58482,"href":"https:\/\/newsvirali.it\/es\/wp-json\/wp\/v2\/posts\/58480\/revisions\/58482"}],"wp:featuredmedia":[{"embeddable":true,"href":"https:\/\/newsvirali.it\/es\/wp-json\/wp\/v2\/media\/58481"}],"wp:attachment":[{"href":"https:\/\/newsvirali.it\/es\/wp-json\/wp\/v2\/media?parent=58480"}],"wp:term":[{"taxonomy":"category","embeddable":true,"href":"https:\/\/newsvirali.it\/es\/wp-json\/wp\/v2\/categories?post=58480"},{"taxonomy":"post_tag","embeddable":true,"href":"https:\/\/newsvirali.it\/es\/wp-json\/wp\/v2\/tags?post=58480"}],"curies":[{"name":"wp","href":"https:\/\/api.w.org\/{rel}","templated":true}]}}