{"id":57463,"date":"2025-05-02T12:44:07","date_gmt":"2025-05-02T10:44:07","guid":{"rendered":"https:\/\/newsvirali.it\/?p=57463"},"modified":"2025-05-02T12:44:08","modified_gmt":"2025-05-02T10:44:08","slug":"bambini-isolati-lockdown-oviedo","status":"publish","type":"post","link":"https:\/\/newsvirali.it\/es\/2025\/05\/02\/ninos-aislados-en-confinamiento-en-oviedo\/","title":{"rendered":"Prisioneros de Covid, tres ni\u00f1os confinados durante 4 a\u00f1os en la casa del terror: padres detenidos"},"content":{"rendered":"<p>El silencio que envolv\u00eda la villa de <strong>Oviedo, Asturias<\/strong>, se hab\u00eda vuelto sospechoso: ni risas, ni pasos hacia la escuela, solo entregas de comida dejadas frente a la puerta. Cuando el <strong>Polic\u00eda Nacional<\/strong> entr\u00f3 por \u00faltima vez <strong>28 de abril<\/strong>, encontraron a tres ni\u00f1os que no hab\u00edan salido al exterior desde 2021. &quot;En cuanto los sacamos, respiraron profundamente, como si nunca antes hubieran respirado aire fresco&quot;, dijo un investigador. <em>El Comercio<\/em>.<\/p>\n\n\n\n<p><strong>LEER OTRAS NOTICIAS DEL MUNDO<\/strong><\/p>\n\n\n<ul class=\"wp-block-latest-posts__list wp-block-latest-posts\"><li><a class=\"wp-block-latest-posts__post-title\" href=\"https:\/\/newsvirali.it\/es\/2026\/02\/12\/emma-amit-cangrejo-diablo-muerto\/\">La vlogger Emma Amit muere tras comer un cangrejo diablo t\u00f3xico<\/a><\/li>\n<li><a class=\"wp-block-latest-posts__post-title\" href=\"https:\/\/newsvirali.it\/es\/2026\/02\/05\/tres-hermanas-se-suicidan-en-india\/\">Padres confiscan celulares por jugar en exceso: tres hermanas se suicidan<\/a><\/li>\n<li><a class=\"wp-block-latest-posts__post-title\" href=\"https:\/\/newsvirali.it\/es\/2026\/01\/30\/arresto-en-resort-de-florida-por-actos-obscenos\/\">Resort de Florida sorprende: hombre arrestado por exposici\u00f3n indecente con una aspiradora<\/a><\/li>\n<li><a class=\"wp-block-latest-posts__post-title\" href=\"https:\/\/newsvirali.it\/es\/2026\/01\/28\/un-padre-borracho-ahorca-a-su-hijo-en-un-impactante-video\/\">Padre borracho cuelga a su hijo por la ventana: impactante video<\/a><\/li>\n<li><a class=\"wp-block-latest-posts__post-title\" href=\"https:\/\/newsvirali.it\/es\/2026\/01\/27\/maestra-embarazada-y-estudiante-de-13-anos\/\">Maestra admite que qued\u00f3 embarazada de estudiante de 13 a\u00f1os<\/a><\/li>\n<\/ul>\n\n\n<h3 class=\"wp-block-heading\" id=\"h-genitori-prigionieri-della-paura\">Padres prisioneros del miedo<\/h3>\n\n\n\n<p>Seg\u00fan los investigadores, el padre alem\u00e1n de 53 a\u00f1os y la madre estadounidense de 48 a\u00f1os con pasaporte alem\u00e1n hab\u00edan desarrollado un &quot;s\u00edndrome de Covid permanente&quot;, temiendo cualquier contacto externo incluso despu\u00e9s del fin de las restricciones en Espa\u00f1a en marzo de 2022. Los ni\u00f1os, una ni\u00f1a de 10 a\u00f1os y gemelos de 8 a\u00f1os, viv\u00edan en <strong>pa\u00f1ales<\/strong> y con <strong>tres m\u00e1scaras superpuestas<\/strong>, todav\u00eda dorm\u00edan en cunas y nunca hab\u00edan asistido a la escuela local. La casa estaba llena de basura, medicamentos caducados y hasta un gato gravemente enfermo, relata. <em><a href=\"https:\/\/www.theolivepress.es\/spain-news\/2025\/05\/01\/three-children-rescued-from-house-of-horrors-in-spain-expat-parents-kept-them-locked-up-and-surrounded-by-piles-of-garbage-since-the-pandemic\/\">La prensa de aceitunas<\/a><\/em>.<\/p>\n\n\n\n<h3 class=\"wp-block-heading\" id=\"h-la-segnalazione-dei-vicini\">El informe de los vecinos<\/h3>\n\n\n\n<p>La alarma la dio un vecino que no ve\u00eda a los ni\u00f1os desde hac\u00eda meses. A mediados de abril avis\u00f3 a los servicios sociales: de ah\u00ed surgi\u00f3 la investigaci\u00f3n rel\u00e1mpago que desemboc\u00f3 en el bombardeo. \u00abFue una <em>casa de los horrores<\/em>&quot;, dijo a la prensa local el comisionado Francisco Javier Lozano.<\/p>\n\n\n\n<h3 class=\"wp-block-heading\" id=\"h-le-accuse\">Las acusaciones<\/h3>\n\n\n\n<p>Los padres ya est\u00e1n en <strong>prisi\u00f3n preventiva sin fianza<\/strong> por cargos de violencia dom\u00e9stica, maltrato psicol\u00f3gico habitual y abandono infantil. Seg\u00fan documentos policiales citados por <em><a href=\"https:\/\/people.com\/3-children-rescued-from-house-of-horrors-locked-inside-since-covid-19-pandemic-11725566\">Gente<\/a><\/em>La pareja hab\u00eda prohibido a sus hijos abrir las ventanas &quot;porque el virus est\u00e1 en todas partes&quot;. Sin embargo, los m\u00e9dicos descartan que se trate de una desnutrici\u00f3n grave: &quot;Los da\u00f1os son sobre todo psicol\u00f3gicos&quot;, afirma el informe cl\u00ednico preliminar.<\/p>\n\n\n\n<h3 class=\"wp-block-heading\" id=\"h-il-futuro-dei-bambini\">El futuro de los ni\u00f1os<\/h3>\n\n\n\n<p>Tras una primera revisi\u00f3n en el Hospital Universitario de Oviedo, los menores fueron confiados a un centro de tutela regional. Un especialista en traumas infantiles seguir\u00e1 su reintegraci\u00f3n: &quot;Tienen que redescubrir el mundo paso a paso&quot;, explican los servicios sociales.<\/p>\n\n\n\n<h3 class=\"wp-block-heading\" id=\"h-perche-i-genitori-temevano-ancora-il-covid-nel-2025\">\u00bfPor qu\u00e9 los padres todav\u00eda ten\u00edan miedo al Covid en 2025?<\/h3>\n\n\n\n<p>El miedo patol\u00f3gico al contagio, conocido como <strong>ansiedad por enfermedad prolongada<\/strong>, puede persistir a\u00f1os despu\u00e9s de que terminen las restricciones. Las investigaciones de la APA indican que uno de cada cuatro padres sigue evitando el contacto social por miedo a las \u201cvariantes invisibles\u201d, especialmente si han sufrido un duelo o sufren trastornos obsesivo-compulsivos. <a href=\"https:\/\/www.apa.org\/monitor\/2023\/01\/trends-improving-youth-mental-health?utm_source=chatgpt.com\" target=\"_blank\" rel=\"noreferrer noopener\">APA<\/a>. La sobreexposici\u00f3n a noticias alarmistas en l\u00ednea y la creencia de ser \u201cNovid\u201d (nunca estar infectado) alimentan estrategias extremas de aislamiento domiciliario.<\/p>\n\n\n\n<h3 class=\"wp-block-heading\" id=\"h-quali-danni-psicologici-subiscono-i-bambini-cresciuti-in-isolamento-estremo\">\u00bfQu\u00e9 da\u00f1os psicol\u00f3gicos sufren los ni\u00f1os que crecen en aislamiento extremo?<\/h3>\n\n\n\n<p>La ausencia prolongada de la escuela, del juego y de la luz solar puede retrasar el desarrollo cognitivo de <strong>hasta dos a\u00f1os<\/strong> en comparaci\u00f3n con sus pares. Unicef advierte de un aumento de ansiedad, depresi\u00f3n y regresiones conductuales en ni\u00f1os que pasaron la pandemia en entornos hiperprotegidos <a href=\"https:\/\/www.unicef.org\/india\/press-releases\/unicef-report-spotlights-mental-health-impact-covid-19-children-and-young-people?utm_source=chatgpt.com\" target=\"_blank\" rel=\"noreferrer noopener\">UNICEF<\/a>. La falta de est\u00edmulos motores y sociales puede generar hipoton\u00eda, fobia social y desregulaci\u00f3n emocional.<\/p>\n\n\n\n<h3 class=\"wp-block-heading\" id=\"h-altri-casi-recenti-di-house-of-horrors-post-covid\">Otros casos recientes de \u201ccasas de los horrores\u201d post-Covid<\/h3>\n\n\n\n<ul class=\"wp-block-list\">\n<li><strong>Griffin (Georgia, Estados Unidos \u2013 2023)<\/strong>\u2013 Pareja arrestada por encerrar a su hijo adoptivo de 10 a\u00f1os en una habitaci\u00f3n oscura durante meses; El ni\u00f1o fue encontrado vagando desnutrido por el barrio. <a href=\"https:\/\/www.fox5atlanta.com\/news\/tyler-krista-schindley-guilty-plea-starvation-case-spalding-county-georgia?utm_source=chatgpt.com\" target=\"_blank\" rel=\"noreferrer noopener\">FOX 5 Atlanta<\/a>.<\/li>\n\n\n\n<li><strong>Condado de Carroll (Georgia, EE. UU. \u2013 2024)<\/strong>Padres acusados de encerrar regularmente a cuatro ni\u00f1os en habitaciones selladas para protegerlos de infecciones externas. <a href=\"https:\/\/www.fox5atlanta.com\/news\/parents-charged-child-cruelty-accused-imprisonment-teenagers?utm_source=chatgpt.com\" target=\"_blank\" rel=\"noreferrer noopener\">FOX 5 Atlanta<\/a>.<\/li>\n<\/ul>\n\n\n\n<p>Estos episodios confirman que el aislamiento domiciliario puede convertirse en abuso cuando el miedo a la salud se convierte en obsesi\u00f3n.<\/p>\n<br \/>S\u00edguenos tambi\u00e9n en Google News: <b><a href=\"https:\/\/news.google.com\/publications\/CAAqBwgKMNqJiwswjMfqAg?hl=it&gl=IT&ceid=IT:it\" target=\"_blank\">haga clic aqu\u00ed<\/a><\/b>","protected":false},"excerpt":{"rendered":"<p>El silencio que envolv\u00eda la villa de Oviedo, Asturias, se hab\u00eda vuelto sospechoso: ni risas, ni pasos hacia la escuela, [\u2026]<\/p>","protected":false},"author":4,"featured_media":57464,"comment_status":"closed","ping_status":"open","sticky":false,"template":"","format":"standard","meta":{"MSN_Categories":"Uncategorized","MSN_Publish_Option":false,"MSN_Is_Local_News":false,"MSN_Is_AIAC_Included":"Empty","MSN_Location":"[]","MSN_Add_Feature_Img_On_Top_Of_Post":false,"MSN_Has_Custom_Author":false,"MSN_Custom_Author":"","MSN_Has_Custom_Canonical_Url":false,"MSN_Custom_Canonical_Url":"","footnotes":""},"categories":[9],"tags":[],"class_list":["post-57463","post","type-post","status-publish","format-standard","has-post-thumbnail","hentry","category-mondo"],"acf":[],"yoast_head":"<!-- This site is optimized with the Yoast SEO Premium plugin v26.7 (Yoast SEO v26.7) - https:\/\/yoast.com\/wordpress\/plugins\/seo\/ -->\n<title>Prigionieri del Covid: bimbi salvati da casa\u2011horror di Oviedo<\/title>\n<meta name=\"description\" content=\"Tre bambini di 8 e 10\u202fanni liberati dopo 4\u202fanni di lockdown forzato dai genitori a Oviedo. Arrestata la coppia: svelata la casa\u2011degli\u2011orrori.\" \/>\n<meta name=\"robots\" content=\"index, follow, max-snippet:-1, max-image-preview:large, max-video-preview:-1\" \/>\n<link rel=\"canonical\" href=\"https:\/\/newsvirali.it\/es\/2025\/05\/02\/ninos-aislados-en-confinamiento-en-oviedo\/\" \/>\n<meta property=\"og:locale\" content=\"es_ES\" \/>\n<meta property=\"og:type\" content=\"article\" \/>\n<meta property=\"og:title\" content=\"Prigionieri del Covid, tre bimbi per 4 anni in lockdown nella casa horror: genitori arrestati\" \/>\n<meta property=\"og:description\" content=\"Tre bambini di 8 e 10\u202fanni liberati dopo 4\u202fanni di lockdown forzato dai genitori a Oviedo. Arrestata la coppia: svelata la casa\u2011degli\u2011orrori.\" \/>\n<meta property=\"og:url\" content=\"https:\/\/newsvirali.it\/es\/2025\/05\/02\/ninos-aislados-en-confinamiento-en-oviedo\/\" \/>\n<meta property=\"og:site_name\" content=\"News virali\" \/>\n<meta property=\"article:published_time\" content=\"2025-05-02T10:44:07+00:00\" \/>\n<meta property=\"article:modified_time\" content=\"2025-05-02T10:44:08+00:00\" \/>\n<meta property=\"og:image\" content=\"https:\/\/newsvirali.it\/wp-content\/uploads\/2025\/05\/Prigionieri-del-Covid-tre-bimbi-per-4-anni-in-lockdown-nella-casa-horror-genitori-arrestati.jpg\" \/>\n\t<meta property=\"og:image:width\" content=\"1000\" \/>\n\t<meta property=\"og:image:height\" content=\"615\" \/>\n\t<meta property=\"og:image:type\" content=\"image\/jpeg\" \/>\n<meta name=\"author\" content=\"Cecco Prestina\" \/>\n<meta name=\"twitter:card\" content=\"summary_large_image\" \/>\n<meta name=\"twitter:label1\" content=\"Escrito por\" \/>\n\t<meta name=\"twitter:data1\" content=\"Cecco Prestina\" \/>\n\t<meta name=\"twitter:label2\" content=\"Tiempo de lectura\" \/>\n\t<meta name=\"twitter:data2\" content=\"3 minutos\" \/>\n<script type=\"application\/ld+json\" class=\"yoast-schema-graph\">{\"@context\":\"https:\/\/schema.org\",\"@graph\":[{\"@type\":\"NewsArticle\",\"@id\":\"https:\/\/newsvirali.it\/2025\/05\/02\/bambini-isolati-lockdown-oviedo\/#article\",\"isPartOf\":{\"@id\":\"https:\/\/newsvirali.it\/2025\/05\/02\/bambini-isolati-lockdown-oviedo\/\"},\"author\":{\"name\":\"Cecco Prestina\",\"@id\":\"https:\/\/newsvirali.it\/fr\/#\/schema\/person\/4c835f7b49c9adb58b33901ee816565d\"},\"headline\":\"Prigionieri del Covid, tre bimbi per 4 anni in lockdown nella casa horror: genitori arrestati\",\"datePublished\":\"2025-05-02T10:44:07+00:00\",\"dateModified\":\"2025-05-02T10:44:08+00:00\",\"mainEntityOfPage\":{\"@id\":\"https:\/\/newsvirali.it\/2025\/05\/02\/bambini-isolati-lockdown-oviedo\/\"},\"wordCount\":558,\"image\":{\"@id\":\"https:\/\/newsvirali.it\/2025\/05\/02\/bambini-isolati-lockdown-oviedo\/#primaryimage\"},\"thumbnailUrl\":\"https:\/\/newsvirali.it\/wp-content\/uploads\/2025\/05\/Prigionieri-del-Covid-tre-bimbi-per-4-anni-in-lockdown-nella-casa-horror-genitori-arrestati.jpg\",\"articleSection\":[\"Mondo\"],\"inLanguage\":\"es\",\"copyrightYear\":\"2025\",\"copyrightHolder\":{\"@id\":\"https:\/\/newsvirali.it\/es\/#organization\"}},{\"@type\":\"WebPage\",\"@id\":\"https:\/\/newsvirali.it\/2025\/05\/02\/bambini-isolati-lockdown-oviedo\/\",\"url\":\"https:\/\/newsvirali.it\/2025\/05\/02\/bambini-isolati-lockdown-oviedo\/\",\"name\":\"Prigionieri del Covid: bimbi salvati da casa\u2011horror di Oviedo\",\"isPartOf\":{\"@id\":\"https:\/\/newsvirali.it\/fr\/#website\"},\"primaryImageOfPage\":{\"@id\":\"https:\/\/newsvirali.it\/2025\/05\/02\/bambini-isolati-lockdown-oviedo\/#primaryimage\"},\"image\":{\"@id\":\"https:\/\/newsvirali.it\/2025\/05\/02\/bambini-isolati-lockdown-oviedo\/#primaryimage\"},\"thumbnailUrl\":\"https:\/\/newsvirali.it\/wp-content\/uploads\/2025\/05\/Prigionieri-del-Covid-tre-bimbi-per-4-anni-in-lockdown-nella-casa-horror-genitori-arrestati.jpg\",\"datePublished\":\"2025-05-02T10:44:07+00:00\",\"dateModified\":\"2025-05-02T10:44:08+00:00\",\"author\":{\"@id\":\"https:\/\/newsvirali.it\/fr\/#\/schema\/person\/4c835f7b49c9adb58b33901ee816565d\"},\"description\":\"Tre bambini di 8 e 10\u202fanni liberati dopo 4\u202fanni di lockdown forzato dai genitori a Oviedo. Arrestata la coppia: svelata la casa\u2011degli\u2011orrori.\",\"breadcrumb\":{\"@id\":\"https:\/\/newsvirali.it\/2025\/05\/02\/bambini-isolati-lockdown-oviedo\/#breadcrumb\"},\"inLanguage\":\"es\",\"potentialAction\":[{\"@type\":\"ReadAction\",\"target\":[\"https:\/\/newsvirali.it\/2025\/05\/02\/bambini-isolati-lockdown-oviedo\/\"]}]},{\"@type\":\"ImageObject\",\"inLanguage\":\"es\",\"@id\":\"https:\/\/newsvirali.it\/2025\/05\/02\/bambini-isolati-lockdown-oviedo\/#primaryimage\",\"url\":\"https:\/\/newsvirali.it\/wp-content\/uploads\/2025\/05\/Prigionieri-del-Covid-tre-bimbi-per-4-anni-in-lockdown-nella-casa-horror-genitori-arrestati.jpg\",\"contentUrl\":\"https:\/\/newsvirali.it\/wp-content\/uploads\/2025\/05\/Prigionieri-del-Covid-tre-bimbi-per-4-anni-in-lockdown-nella-casa-horror-genitori-arrestati.jpg\",\"width\":1000,\"height\":615},{\"@type\":\"BreadcrumbList\",\"@id\":\"https:\/\/newsvirali.it\/2025\/05\/02\/bambini-isolati-lockdown-oviedo\/#breadcrumb\",\"itemListElement\":[{\"@type\":\"ListItem\",\"position\":1,\"name\":\"Home\",\"item\":\"https:\/\/newsvirali.it\/fr\/\"},{\"@type\":\"ListItem\",\"position\":2,\"name\":\"Prigionieri del Covid, tre bimbi per 4 anni in lockdown nella casa horror: genitori arrestati\"}]},{\"@type\":\"WebSite\",\"@id\":\"https:\/\/newsvirali.it\/fr\/#website\",\"url\":\"https:\/\/newsvirali.it\/fr\/\",\"name\":\"Bake News\",\"description\":\"\",\"potentialAction\":[{\"@type\":\"SearchAction\",\"target\":{\"@type\":\"EntryPoint\",\"urlTemplate\":\"https:\/\/newsvirali.it\/fr\/?s={search_term_string}\"},\"query-input\":{\"@type\":\"PropertyValueSpecification\",\"valueRequired\":true,\"valueName\":\"search_term_string\"}}],\"inLanguage\":\"es\"},{\"@type\":\"Person\",\"@id\":\"https:\/\/newsvirali.it\/fr\/#\/schema\/person\/4c835f7b49c9adb58b33901ee816565d\",\"name\":\"Cecco Prestina\",\"description\":\"Perch\u00e9 nasconderlo? Cecco Prestina \u00e8 un alias, ma dietro di lui non si cela un algoritmo di intelligenza artificiale. C'\u00e8 un giornalista che ha oltre vent'anni di esperienza tutta sul web. Da quando il primo modem ha iniziato a gracchiare sul territorio italiano con Video on Line, Cecco ha capito che da quel doppino sarebbe passato il futuro. Ha dedidicato tutta la sua carriera a capire Internet e poi i social e ora l'Ai. Una carriera in costante aggiornamento. E questa esperienza la mette in campo ogni giorno. Per\u00f2 ogni tanto Cecco ha voglia anche di non scrivere \\\"pipponi\\\" sulla politica, sull'economia. Ha voglia anche di scrivere qualcosa di divertente. Le notizie che trovate su Bake News sono le stesse che Cecco porta all'aperitivo con gli amici. Quelle di cui discutere per farsi due risate. Notizie, vere (qualche volta si fa fatica a crederlo), strane, divertenti, ma anche serie. Bake News \u00e8 nato per questo, dare al pubblico notizie croccanti e calde come il pane che esce dal forno. E Cecco Prestina \u00e8 nato con Bake News.\",\"url\":\"https:\/\/newsvirali.it\/es\/autore\/cecco-prestina\/\"}]}<\/script>\n<!-- \/ Yoast SEO Premium plugin. -->","yoast_head_json":{"title":"Prigionieri del Covid: bimbi salvati da casa\u2011horror di Oviedo","description":"Tre bambini di 8 e 10\u202fanni liberati dopo 4\u202fanni di lockdown forzato dai genitori a Oviedo. Arrestata la coppia: svelata la casa\u2011degli\u2011orrori.","robots":{"index":"index","follow":"follow","max-snippet":"max-snippet:-1","max-image-preview":"max-image-preview:large","max-video-preview":"max-video-preview:-1"},"canonical":"https:\/\/newsvirali.it\/es\/2025\/05\/02\/ninos-aislados-en-confinamiento-en-oviedo\/","og_locale":"es_ES","og_type":"article","og_title":"Prigionieri del Covid, tre bimbi per 4 anni in lockdown nella casa horror: genitori arrestati","og_description":"Tre bambini di 8 e 10\u202fanni liberati dopo 4\u202fanni di lockdown forzato dai genitori a Oviedo. Arrestata la coppia: svelata la casa\u2011degli\u2011orrori.","og_url":"https:\/\/newsvirali.it\/es\/2025\/05\/02\/ninos-aislados-en-confinamiento-en-oviedo\/","og_site_name":"News virali","article_published_time":"2025-05-02T10:44:07+00:00","article_modified_time":"2025-05-02T10:44:08+00:00","og_image":[{"width":1000,"height":615,"url":"https:\/\/newsvirali.it\/wp-content\/uploads\/2025\/05\/Prigionieri-del-Covid-tre-bimbi-per-4-anni-in-lockdown-nella-casa-horror-genitori-arrestati.jpg","type":"image\/jpeg"}],"author":"Cecco Prestina","twitter_card":"summary_large_image","twitter_misc":{"Escrito por":"Cecco Prestina","Tiempo de lectura":"3 minutos"},"schema":{"@context":"https:\/\/schema.org","@graph":[{"@type":"NewsArticle","@id":"https:\/\/newsvirali.it\/2025\/05\/02\/bambini-isolati-lockdown-oviedo\/#article","isPartOf":{"@id":"https:\/\/newsvirali.it\/2025\/05\/02\/bambini-isolati-lockdown-oviedo\/"},"author":{"name":"Cecco Prestina","@id":"https:\/\/newsvirali.it\/fr\/#\/schema\/person\/4c835f7b49c9adb58b33901ee816565d"},"headline":"Prigionieri del Covid, tre bimbi per 4 anni in lockdown nella casa horror: genitori arrestati","datePublished":"2025-05-02T10:44:07+00:00","dateModified":"2025-05-02T10:44:08+00:00","mainEntityOfPage":{"@id":"https:\/\/newsvirali.it\/2025\/05\/02\/bambini-isolati-lockdown-oviedo\/"},"wordCount":558,"image":{"@id":"https:\/\/newsvirali.it\/2025\/05\/02\/bambini-isolati-lockdown-oviedo\/#primaryimage"},"thumbnailUrl":"https:\/\/newsvirali.it\/wp-content\/uploads\/2025\/05\/Prigionieri-del-Covid-tre-bimbi-per-4-anni-in-lockdown-nella-casa-horror-genitori-arrestati.jpg","articleSection":["Mondo"],"inLanguage":"es","copyrightYear":"2025","copyrightHolder":{"@id":"https:\/\/newsvirali.it\/es\/#organization"}},{"@type":"WebPage","@id":"https:\/\/newsvirali.it\/2025\/05\/02\/bambini-isolati-lockdown-oviedo\/","url":"https:\/\/newsvirali.it\/2025\/05\/02\/bambini-isolati-lockdown-oviedo\/","name":"Prigionieri del Covid: bimbi salvati da casa\u2011horror di Oviedo","isPartOf":{"@id":"https:\/\/newsvirali.it\/fr\/#website"},"primaryImageOfPage":{"@id":"https:\/\/newsvirali.it\/2025\/05\/02\/bambini-isolati-lockdown-oviedo\/#primaryimage"},"image":{"@id":"https:\/\/newsvirali.it\/2025\/05\/02\/bambini-isolati-lockdown-oviedo\/#primaryimage"},"thumbnailUrl":"https:\/\/newsvirali.it\/wp-content\/uploads\/2025\/05\/Prigionieri-del-Covid-tre-bimbi-per-4-anni-in-lockdown-nella-casa-horror-genitori-arrestati.jpg","datePublished":"2025-05-02T10:44:07+00:00","dateModified":"2025-05-02T10:44:08+00:00","author":{"@id":"https:\/\/newsvirali.it\/fr\/#\/schema\/person\/4c835f7b49c9adb58b33901ee816565d"},"description":"Tre bambini di 8 e 10\u202fanni liberati dopo 4\u202fanni di lockdown forzato dai genitori a Oviedo. Arrestata la coppia: svelata la casa\u2011degli\u2011orrori.","breadcrumb":{"@id":"https:\/\/newsvirali.it\/2025\/05\/02\/bambini-isolati-lockdown-oviedo\/#breadcrumb"},"inLanguage":"es","potentialAction":[{"@type":"ReadAction","target":["https:\/\/newsvirali.it\/2025\/05\/02\/bambini-isolati-lockdown-oviedo\/"]}]},{"@type":"ImageObject","inLanguage":"es","@id":"https:\/\/newsvirali.it\/2025\/05\/02\/bambini-isolati-lockdown-oviedo\/#primaryimage","url":"https:\/\/newsvirali.it\/wp-content\/uploads\/2025\/05\/Prigionieri-del-Covid-tre-bimbi-per-4-anni-in-lockdown-nella-casa-horror-genitori-arrestati.jpg","contentUrl":"https:\/\/newsvirali.it\/wp-content\/uploads\/2025\/05\/Prigionieri-del-Covid-tre-bimbi-per-4-anni-in-lockdown-nella-casa-horror-genitori-arrestati.jpg","width":1000,"height":615},{"@type":"BreadcrumbList","@id":"https:\/\/newsvirali.it\/2025\/05\/02\/bambini-isolati-lockdown-oviedo\/#breadcrumb","itemListElement":[{"@type":"ListItem","position":1,"name":"Home","item":"https:\/\/newsvirali.it\/fr\/"},{"@type":"ListItem","position":2,"name":"Prigionieri del Covid, tre bimbi per 4 anni in lockdown nella casa horror: genitori arrestati"}]},{"@type":"WebSite","@id":"https:\/\/newsvirali.it\/fr\/#website","url":"https:\/\/newsvirali.it\/fr\/","name":"Bake News","description":"","potentialAction":[{"@type":"SearchAction","target":{"@type":"EntryPoint","urlTemplate":"https:\/\/newsvirali.it\/fr\/?s={search_term_string}"},"query-input":{"@type":"PropertyValueSpecification","valueRequired":true,"valueName":"search_term_string"}}],"inLanguage":"es"},{"@type":"Person","@id":"https:\/\/newsvirali.it\/fr\/#\/schema\/person\/4c835f7b49c9adb58b33901ee816565d","name":"Cecco Prestina","description":"Perch\u00e9 nasconderlo? Cecco Prestina \u00e8 un alias, ma dietro di lui non si cela un algoritmo di intelligenza artificiale. C'\u00e8 un giornalista che ha oltre vent'anni di esperienza tutta sul web. Da quando il primo modem ha iniziato a gracchiare sul territorio italiano con Video on Line, Cecco ha capito che da quel doppino sarebbe passato il futuro. Ha dedidicato tutta la sua carriera a capire Internet e poi i social e ora l'Ai. Una carriera in costante aggiornamento. E questa esperienza la mette in campo ogni giorno. Per\u00f2 ogni tanto Cecco ha voglia anche di non scrivere \"pipponi\" sulla politica, sull'economia. Ha voglia anche di scrivere qualcosa di divertente. Le notizie che trovate su Bake News sono le stesse che Cecco porta all'aperitivo con gli amici. Quelle di cui discutere per farsi due risate. Notizie, vere (qualche volta si fa fatica a crederlo), strane, divertenti, ma anche serie. Bake News \u00e8 nato per questo, dare al pubblico notizie croccanti e calde come il pane che esce dal forno. E Cecco Prestina \u00e8 nato con Bake News.","url":"https:\/\/newsvirali.it\/es\/autore\/cecco-prestina\/"}]}},"_links":{"self":[{"href":"https:\/\/newsvirali.it\/es\/wp-json\/wp\/v2\/posts\/57463","targetHints":{"allow":["GET"]}}],"collection":[{"href":"https:\/\/newsvirali.it\/es\/wp-json\/wp\/v2\/posts"}],"about":[{"href":"https:\/\/newsvirali.it\/es\/wp-json\/wp\/v2\/types\/post"}],"author":[{"embeddable":true,"href":"https:\/\/newsvirali.it\/es\/wp-json\/wp\/v2\/users\/4"}],"replies":[{"embeddable":true,"href":"https:\/\/newsvirali.it\/es\/wp-json\/wp\/v2\/comments?post=57463"}],"version-history":[{"count":1,"href":"https:\/\/newsvirali.it\/es\/wp-json\/wp\/v2\/posts\/57463\/revisions"}],"predecessor-version":[{"id":57465,"href":"https:\/\/newsvirali.it\/es\/wp-json\/wp\/v2\/posts\/57463\/revisions\/57465"}],"wp:featuredmedia":[{"embeddable":true,"href":"https:\/\/newsvirali.it\/es\/wp-json\/wp\/v2\/media\/57464"}],"wp:attachment":[{"href":"https:\/\/newsvirali.it\/es\/wp-json\/wp\/v2\/media?parent=57463"}],"wp:term":[{"taxonomy":"category","embeddable":true,"href":"https:\/\/newsvirali.it\/es\/wp-json\/wp\/v2\/categories?post=57463"},{"taxonomy":"post_tag","embeddable":true,"href":"https:\/\/newsvirali.it\/es\/wp-json\/wp\/v2\/tags?post=57463"}],"curies":[{"name":"wp","href":"https:\/\/api.w.org\/{rel}","templated":true}]}}