{"id":57307,"date":"2025-04-24T11:16:13","date_gmt":"2025-04-24T09:16:13","guid":{"rendered":"https:\/\/newsvirali.it\/?p=57307"},"modified":"2025-04-24T11:16:15","modified_gmt":"2025-04-24T09:16:15","slug":"morte-papa-francesco-benefattore-tomba-del-vecchio","status":"publish","type":"post","link":"https:\/\/newsvirali.it\/es\/2025\/04\/24\/muerte-papa-francisco-benefactor-tumba-del-viejo\/","title":{"rendered":"Muerte del Papa Francisco, aqu\u00ed est\u00e1 el misterioso benefactor que pag\u00f3 por la tumba del Pont\u00edfice"},"content":{"rendered":"<p>Con la publicaci\u00f3n de la <a href=\"https:\/\/www.tgcom24.mediaset.it\/cronaca\/papa-francesco-diffuso-testamento-lascito_97025843-202502k.shtml\">testamento espiritual de <strong>Papa Francisco<\/strong><\/a>, surgi\u00f3 un detalle que r\u00e1pidamente dio la vuelta al mundo: <strong>Los gastos de su tumba fueron cubiertos \u00edntegramente por un benefactor an\u00f3nimo.<\/strong>. Ninguna indicaci\u00f3n oficial, ninguna declaraci\u00f3n del Vaticano. S\u00f3lo un gesto silencioso, lleno de significado. \u00bfPero qui\u00e9n est\u00e1 detr\u00e1s de esta donaci\u00f3n?<\/p>\n\n\n\n<p><strong>LEER LAS OTRAS NOTICIAS CURIOSAS<\/strong><\/p>\n\n\n<ul class=\"wp-block-latest-posts__list wp-block-latest-posts\"><li><a class=\"wp-block-latest-posts__post-title\" href=\"https:\/\/newsvirali.it\/es\/2026\/02\/09\/apagon-del-cerdo-volador-en-china\/\">Cerdo volador provoca desmayo: Lee la incre\u00edble historia (y no es IA)<\/a><\/li>\n<li><a class=\"wp-block-latest-posts__post-title\" href=\"https:\/\/newsvirali.it\/es\/2026\/02\/03\/cirugia-estetica-de-cadaveres-gordos-en-nueva-york\/\">Cirug\u00eda est\u00e9tica impactante en Nueva York: grasa de cad\u00e1veres para embellecer el cuerpo<\/a><\/li>\n<li><a class=\"wp-block-latest-posts__post-title\" href=\"https:\/\/newsvirali.it\/es\/2026\/01\/28\/nino-atascado-en-una-tuberia-de-28-cm-en-kansas-2\/\">Un ni\u00f1o qued\u00f3 atrapado en una tuber\u00eda de 11 pulgadas, pero en Internet se duda que haya sido rescatado.<\/a><\/li>\n<li><a class=\"wp-block-latest-posts__post-title\" href=\"https:\/\/newsvirali.it\/es\/2026\/01\/14\/modelos-de-onlyfans-fueron-expulsadas-del-avion-en-miami\/\">Modelos de OnlyFans fueron expulsadas de un avi\u00f3n por la polic\u00eda, semidesnudas.<\/a><\/li>\n<li><a class=\"wp-block-latest-posts__post-title\" href=\"https:\/\/newsvirali.it\/es\/2026\/01\/12\/paquetes-de-plastico-abiertos\/\">No m\u00e1s tijeras: una mam\u00e1 revela la forma sencilla de abrir los envases de pl\u00e1stico m\u00e1s dif\u00edciles.<\/a><\/li>\n<\/ul>\n\n\n<h2 class=\"wp-block-heading\" id=\"h-tutti-gli-indizi-portano-a-leonardo-del-vecchio\">Todas las pistas apuntan a Leonardo Del Vecchio<\/h2>\n\n\n\n<p>Despu\u00e9s de un an\u00e1lisis cuidadoso de los v\u00ednculos financieros y espirituales entre la Santa Sede y algunos grandes empresarios italianos, <strong>Un nombre destaca por encima de todos los dem\u00e1s: Leonardo Del Vecchio<\/strong>, el fundador de Luxottica, quien falleci\u00f3 en junio de 2022. Aunque no hay confirmaci\u00f3n oficial del Vaticano, la hip\u00f3tesis de que sea <strong>Del Vecchio habr\u00eda dejado los recursos para la tumba del Papa Francisco<\/strong> Parece cada vez m\u00e1s plausible.<\/p>\n\n\n\n<h2 class=\"wp-block-heading\" id=\"h-un-rapporto-discreto-ma-profondo\">Una relaci\u00f3n discreta pero profunda<\/h2>\n\n\n\n<p>Del Vecchio no ten\u00eda por costumbre hacer alarde de sus relaciones institucionales. Sin embargo, <strong>sus numerosas iniciativas filantr\u00f3picas en colaboraci\u00f3n con la Iglesia<\/strong> Hablan de un v\u00ednculo profundo y discreto con el Papa Francisco. En 2021, a trav\u00e9s de la <strong>Fundaci\u00f3n Leonardo Del Vecchio<\/strong>El empresario, junto con el Vaticano, salv\u00f3 el Hospital Fatebenefratelli de Roma, que se encontraba en una grave crisis econ\u00f3mica. Una inversi\u00f3n de <strong>150 millones de euros<\/strong>, la mitad de la cual provino de la propia fundaci\u00f3n de Del Vecchio, ha ayudado a dar nueva vida a un centro de salud cat\u00f3lico.<\/p>\n\n\n\n<h2 class=\"wp-block-heading\" id=\"h-la-continuita-spirituale-affidata-al-figlio\">Continuidad espiritual confiada al hijo<\/h2>\n\n\n\n<p>Leonardo Maria Del Vecchio, cuarto hijo del fundador, hered\u00f3 el legado moral de su padre. El 13 de enero de 2025 fue recibido en audiencia privada por el Papa Francisco para presentarle los proyectos de la <strong>Fundaci\u00f3n OneSight EssilorLuxottica<\/strong>, incluida la apertura de un ambulatorio social oftalmol\u00f3gico en la Comunidad de Sant&#039;Egidio en vista del Jubileo. Durante la reuni\u00f3n, afirm\u00f3: <em>\u201cMi padre siempre me ense\u00f1\u00f3 que el \u00e9xito debe compartirse con quienes menos tienen\u201d.<\/em>.<\/p>\n\n\n\n<h2 class=\"wp-block-heading\" id=\"h-una-cerimonia-che-dice-molto\">Una ceremonia que dice mucho<\/h2>\n\n\n\n<p>El 30 de junio de 2022, a las <strong>PalaLuxottica de Agordo<\/strong>M\u00e1s de 5.000 personas rindieron sus \u00faltimos respetos a Del Vecchio. El funeral fue celebrado por <strong>Monse\u00f1or Renato Marangoni<\/strong>, obispo de Belluno-Feltre y estrecho colaborador del Vaticano, nombrado por el Papa Francisco en 2016. Durante la homil\u00eda, el obispo compar\u00f3 la vida de Del Vecchio con la par\u00e1bola del grano de mostaza: humilde al inicio, capaz de convertirse en un gran \u00e1rbol de bondad.<\/p>\n\n\n\n<h2 class=\"wp-block-heading\" id=\"h-un-gesto-postumo-in-linea-con-una-vita-di-valori\">Un gesto p\u00f3stumo en l\u00ednea con una vida de valores<\/h2>\n\n\n\n<p>A la luz de sus compromisos caritativos, la relaci\u00f3n personal de su hijo con el Papa Francisco, su cercan\u00eda institucional al Vaticano y su constante deseo de anonimato en las buenas obras, <strong>La hip\u00f3tesis de que Del Vecchio quisiera dejar un \u00faltimo regalo al Papa no es nada descabellada.<\/strong>. Un gesto silencioso, escondido, coherente con su estilo y con la espiritualidad del Papa Francisco.<\/p>\n<br \/>S\u00edguenos tambi\u00e9n en Google News: <b><a href=\"https:\/\/news.google.com\/publications\/CAAqBwgKMNqJiwswjMfqAg?hl=it&gl=IT&ceid=IT:it\" target=\"_blank\">haga clic aqu\u00ed<\/a><\/b>","protected":false},"excerpt":{"rendered":"<p>Con la publicaci\u00f3n del testamento espiritual del Papa Francisco, surgi\u00f3 un detalle que r\u00e1pidamente circul\u00f3 [\u2026]<\/p>","protected":false},"author":4,"featured_media":57308,"comment_status":"closed","ping_status":"open","sticky":false,"template":"","format":"standard","meta":{"MSN_Categories":"Uncategorized","MSN_Publish_Option":false,"MSN_Is_Local_News":false,"MSN_Is_AIAC_Included":"Empty","MSN_Location":"[]","MSN_Add_Feature_Img_On_Top_Of_Post":false,"MSN_Has_Custom_Author":false,"MSN_Custom_Author":"","MSN_Has_Custom_Canonical_Url":false,"MSN_Custom_Canonical_Url":"","footnotes":""},"categories":[7],"tags":[],"class_list":["post-57307","post","type-post","status-publish","format-standard","has-post-thumbnail","hentry","category-cronaca"],"acf":[],"yoast_head":"<!-- This site is optimized with the Yoast SEO Premium plugin v26.7 (Yoast SEO v26.7) - https:\/\/yoast.com\/wordpress\/plugins\/seo\/ -->\n<title>Papa Francesco, ecco chi ha pagato la sua tomba: la verit\u00e0 sul benefattore<\/title>\n<meta name=\"description\" content=\"Scopri perch\u00e9 il benefattore misterioso che ha pagato la tomba di Papa Francesco potrebbe essere Leonardo Del Vecchio.\" \/>\n<meta name=\"robots\" content=\"index, follow, max-snippet:-1, max-image-preview:large, max-video-preview:-1\" \/>\n<link rel=\"canonical\" href=\"https:\/\/newsvirali.it\/es\/2025\/04\/24\/muerte-papa-francisco-benefactor-tumba-del-viejo\/\" \/>\n<meta property=\"og:locale\" content=\"es_ES\" \/>\n<meta property=\"og:type\" content=\"article\" \/>\n<meta property=\"og:title\" content=\"Morte di Papa Francesco, ecco chi \u00e8 il benefattore misterioso che ha pagato la tomba del pontefice\" \/>\n<meta property=\"og:description\" content=\"Scopri perch\u00e9 il benefattore misterioso che ha pagato la tomba di Papa Francesco potrebbe essere Leonardo Del Vecchio.\" \/>\n<meta property=\"og:url\" content=\"https:\/\/newsvirali.it\/es\/2025\/04\/24\/muerte-papa-francisco-benefactor-tumba-del-viejo\/\" \/>\n<meta property=\"og:site_name\" content=\"News virali\" \/>\n<meta property=\"article:published_time\" content=\"2025-04-24T09:16:13+00:00\" \/>\n<meta property=\"article:modified_time\" content=\"2025-04-24T09:16:15+00:00\" \/>\n<meta property=\"og:image\" content=\"https:\/\/newsvirali.it\/wp-content\/uploads\/2025\/04\/franciscus_1738499392_3559113323920429837_3046235065.jpg\" \/>\n\t<meta property=\"og:image:width\" content=\"852\" \/>\n\t<meta property=\"og:image:height\" content=\"852\" \/>\n\t<meta property=\"og:image:type\" content=\"image\/jpeg\" \/>\n<meta name=\"author\" content=\"Cecco Prestina\" \/>\n<meta name=\"twitter:card\" content=\"summary_large_image\" \/>\n<meta name=\"twitter:label1\" content=\"Escrito por\" \/>\n\t<meta name=\"twitter:data1\" content=\"Cecco Prestina\" \/>\n\t<meta name=\"twitter:label2\" content=\"Tiempo de lectura\" \/>\n\t<meta name=\"twitter:data2\" content=\"3 minutos\" \/>\n<script type=\"application\/ld+json\" class=\"yoast-schema-graph\">{\"@context\":\"https:\/\/schema.org\",\"@graph\":[{\"@type\":\"NewsArticle\",\"@id\":\"https:\/\/newsvirali.it\/2025\/04\/24\/morte-papa-francesco-benefattore-tomba-del-vecchio\/#article\",\"isPartOf\":{\"@id\":\"https:\/\/newsvirali.it\/2025\/04\/24\/morte-papa-francesco-benefattore-tomba-del-vecchio\/\"},\"author\":{\"name\":\"Cecco Prestina\",\"@id\":\"https:\/\/newsvirali.it\/fr\/#\/schema\/person\/4c835f7b49c9adb58b33901ee816565d\"},\"headline\":\"Morte di Papa Francesco, ecco chi \u00e8 il benefattore misterioso che ha pagato la tomba del pontefice\",\"datePublished\":\"2025-04-24T09:16:13+00:00\",\"dateModified\":\"2025-04-24T09:16:15+00:00\",\"mainEntityOfPage\":{\"@id\":\"https:\/\/newsvirali.it\/2025\/04\/24\/morte-papa-francesco-benefattore-tomba-del-vecchio\/\"},\"wordCount\":454,\"image\":{\"@id\":\"https:\/\/newsvirali.it\/2025\/04\/24\/morte-papa-francesco-benefattore-tomba-del-vecchio\/#primaryimage\"},\"thumbnailUrl\":\"https:\/\/newsvirali.it\/wp-content\/uploads\/2025\/04\/franciscus_1738499392_3559113323920429837_3046235065.jpg\",\"articleSection\":[\"Cronaca\"],\"inLanguage\":\"es\",\"copyrightYear\":\"2025\",\"copyrightHolder\":{\"@id\":\"https:\/\/newsvirali.it\/es\/#organization\"}},{\"@type\":\"WebPage\",\"@id\":\"https:\/\/newsvirali.it\/2025\/04\/24\/morte-papa-francesco-benefattore-tomba-del-vecchio\/\",\"url\":\"https:\/\/newsvirali.it\/2025\/04\/24\/morte-papa-francesco-benefattore-tomba-del-vecchio\/\",\"name\":\"Papa Francesco, ecco chi ha pagato la sua tomba: la verit\u00e0 sul benefattore\",\"isPartOf\":{\"@id\":\"https:\/\/newsvirali.it\/fr\/#website\"},\"primaryImageOfPage\":{\"@id\":\"https:\/\/newsvirali.it\/2025\/04\/24\/morte-papa-francesco-benefattore-tomba-del-vecchio\/#primaryimage\"},\"image\":{\"@id\":\"https:\/\/newsvirali.it\/2025\/04\/24\/morte-papa-francesco-benefattore-tomba-del-vecchio\/#primaryimage\"},\"thumbnailUrl\":\"https:\/\/newsvirali.it\/wp-content\/uploads\/2025\/04\/franciscus_1738499392_3559113323920429837_3046235065.jpg\",\"datePublished\":\"2025-04-24T09:16:13+00:00\",\"dateModified\":\"2025-04-24T09:16:15+00:00\",\"author\":{\"@id\":\"https:\/\/newsvirali.it\/fr\/#\/schema\/person\/4c835f7b49c9adb58b33901ee816565d\"},\"description\":\"Scopri perch\u00e9 il benefattore misterioso che ha pagato la tomba di Papa Francesco potrebbe essere Leonardo Del Vecchio.\",\"breadcrumb\":{\"@id\":\"https:\/\/newsvirali.it\/2025\/04\/24\/morte-papa-francesco-benefattore-tomba-del-vecchio\/#breadcrumb\"},\"inLanguage\":\"es\",\"potentialAction\":[{\"@type\":\"ReadAction\",\"target\":[\"https:\/\/newsvirali.it\/2025\/04\/24\/morte-papa-francesco-benefattore-tomba-del-vecchio\/\"]}]},{\"@type\":\"ImageObject\",\"inLanguage\":\"es\",\"@id\":\"https:\/\/newsvirali.it\/2025\/04\/24\/morte-papa-francesco-benefattore-tomba-del-vecchio\/#primaryimage\",\"url\":\"https:\/\/newsvirali.it\/wp-content\/uploads\/2025\/04\/franciscus_1738499392_3559113323920429837_3046235065.jpg\",\"contentUrl\":\"https:\/\/newsvirali.it\/wp-content\/uploads\/2025\/04\/franciscus_1738499392_3559113323920429837_3046235065.jpg\",\"width\":852,\"height\":852},{\"@type\":\"BreadcrumbList\",\"@id\":\"https:\/\/newsvirali.it\/2025\/04\/24\/morte-papa-francesco-benefattore-tomba-del-vecchio\/#breadcrumb\",\"itemListElement\":[{\"@type\":\"ListItem\",\"position\":1,\"name\":\"Home\",\"item\":\"https:\/\/newsvirali.it\/fr\/\"},{\"@type\":\"ListItem\",\"position\":2,\"name\":\"Morte di Papa Francesco, ecco chi \u00e8 il benefattore misterioso che ha pagato la tomba del pontefice\"}]},{\"@type\":\"WebSite\",\"@id\":\"https:\/\/newsvirali.it\/fr\/#website\",\"url\":\"https:\/\/newsvirali.it\/fr\/\",\"name\":\"Bake News\",\"description\":\"\",\"potentialAction\":[{\"@type\":\"SearchAction\",\"target\":{\"@type\":\"EntryPoint\",\"urlTemplate\":\"https:\/\/newsvirali.it\/fr\/?s={search_term_string}\"},\"query-input\":{\"@type\":\"PropertyValueSpecification\",\"valueRequired\":true,\"valueName\":\"search_term_string\"}}],\"inLanguage\":\"es\"},{\"@type\":\"Person\",\"@id\":\"https:\/\/newsvirali.it\/fr\/#\/schema\/person\/4c835f7b49c9adb58b33901ee816565d\",\"name\":\"Cecco Prestina\",\"description\":\"Perch\u00e9 nasconderlo? Cecco Prestina \u00e8 un alias, ma dietro di lui non si cela un algoritmo di intelligenza artificiale. C'\u00e8 un giornalista che ha oltre vent'anni di esperienza tutta sul web. Da quando il primo modem ha iniziato a gracchiare sul territorio italiano con Video on Line, Cecco ha capito che da quel doppino sarebbe passato il futuro. Ha dedidicato tutta la sua carriera a capire Internet e poi i social e ora l'Ai. Una carriera in costante aggiornamento. E questa esperienza la mette in campo ogni giorno. Per\u00f2 ogni tanto Cecco ha voglia anche di non scrivere \\\"pipponi\\\" sulla politica, sull'economia. Ha voglia anche di scrivere qualcosa di divertente. Le notizie che trovate su Bake News sono le stesse che Cecco porta all'aperitivo con gli amici. Quelle di cui discutere per farsi due risate. Notizie, vere (qualche volta si fa fatica a crederlo), strane, divertenti, ma anche serie. Bake News \u00e8 nato per questo, dare al pubblico notizie croccanti e calde come il pane che esce dal forno. E Cecco Prestina \u00e8 nato con Bake News.\",\"url\":\"https:\/\/newsvirali.it\/es\/autore\/cecco-prestina\/\"}]}<\/script>\n<!-- \/ Yoast SEO Premium plugin. -->","yoast_head_json":{"title":"Papa Francesco, ecco chi ha pagato la sua tomba: la verit\u00e0 sul benefattore","description":"Scopri perch\u00e9 il benefattore misterioso che ha pagato la tomba di Papa Francesco potrebbe essere Leonardo Del Vecchio.","robots":{"index":"index","follow":"follow","max-snippet":"max-snippet:-1","max-image-preview":"max-image-preview:large","max-video-preview":"max-video-preview:-1"},"canonical":"https:\/\/newsvirali.it\/es\/2025\/04\/24\/muerte-papa-francisco-benefactor-tumba-del-viejo\/","og_locale":"es_ES","og_type":"article","og_title":"Morte di Papa Francesco, ecco chi \u00e8 il benefattore misterioso che ha pagato la tomba del pontefice","og_description":"Scopri perch\u00e9 il benefattore misterioso che ha pagato la tomba di Papa Francesco potrebbe essere Leonardo Del Vecchio.","og_url":"https:\/\/newsvirali.it\/es\/2025\/04\/24\/muerte-papa-francisco-benefactor-tumba-del-viejo\/","og_site_name":"News virali","article_published_time":"2025-04-24T09:16:13+00:00","article_modified_time":"2025-04-24T09:16:15+00:00","og_image":[{"width":852,"height":852,"url":"https:\/\/newsvirali.it\/wp-content\/uploads\/2025\/04\/franciscus_1738499392_3559113323920429837_3046235065.jpg","type":"image\/jpeg"}],"author":"Cecco Prestina","twitter_card":"summary_large_image","twitter_misc":{"Escrito por":"Cecco Prestina","Tiempo de lectura":"3 minutos"},"schema":{"@context":"https:\/\/schema.org","@graph":[{"@type":"NewsArticle","@id":"https:\/\/newsvirali.it\/2025\/04\/24\/morte-papa-francesco-benefattore-tomba-del-vecchio\/#article","isPartOf":{"@id":"https:\/\/newsvirali.it\/2025\/04\/24\/morte-papa-francesco-benefattore-tomba-del-vecchio\/"},"author":{"name":"Cecco Prestina","@id":"https:\/\/newsvirali.it\/fr\/#\/schema\/person\/4c835f7b49c9adb58b33901ee816565d"},"headline":"Morte di Papa Francesco, ecco chi \u00e8 il benefattore misterioso che ha pagato la tomba del pontefice","datePublished":"2025-04-24T09:16:13+00:00","dateModified":"2025-04-24T09:16:15+00:00","mainEntityOfPage":{"@id":"https:\/\/newsvirali.it\/2025\/04\/24\/morte-papa-francesco-benefattore-tomba-del-vecchio\/"},"wordCount":454,"image":{"@id":"https:\/\/newsvirali.it\/2025\/04\/24\/morte-papa-francesco-benefattore-tomba-del-vecchio\/#primaryimage"},"thumbnailUrl":"https:\/\/newsvirali.it\/wp-content\/uploads\/2025\/04\/franciscus_1738499392_3559113323920429837_3046235065.jpg","articleSection":["Cronaca"],"inLanguage":"es","copyrightYear":"2025","copyrightHolder":{"@id":"https:\/\/newsvirali.it\/es\/#organization"}},{"@type":"WebPage","@id":"https:\/\/newsvirali.it\/2025\/04\/24\/morte-papa-francesco-benefattore-tomba-del-vecchio\/","url":"https:\/\/newsvirali.it\/2025\/04\/24\/morte-papa-francesco-benefattore-tomba-del-vecchio\/","name":"Papa Francesco, ecco chi ha pagato la sua tomba: la verit\u00e0 sul benefattore","isPartOf":{"@id":"https:\/\/newsvirali.it\/fr\/#website"},"primaryImageOfPage":{"@id":"https:\/\/newsvirali.it\/2025\/04\/24\/morte-papa-francesco-benefattore-tomba-del-vecchio\/#primaryimage"},"image":{"@id":"https:\/\/newsvirali.it\/2025\/04\/24\/morte-papa-francesco-benefattore-tomba-del-vecchio\/#primaryimage"},"thumbnailUrl":"https:\/\/newsvirali.it\/wp-content\/uploads\/2025\/04\/franciscus_1738499392_3559113323920429837_3046235065.jpg","datePublished":"2025-04-24T09:16:13+00:00","dateModified":"2025-04-24T09:16:15+00:00","author":{"@id":"https:\/\/newsvirali.it\/fr\/#\/schema\/person\/4c835f7b49c9adb58b33901ee816565d"},"description":"Scopri perch\u00e9 il benefattore misterioso che ha pagato la tomba di Papa Francesco potrebbe essere Leonardo Del Vecchio.","breadcrumb":{"@id":"https:\/\/newsvirali.it\/2025\/04\/24\/morte-papa-francesco-benefattore-tomba-del-vecchio\/#breadcrumb"},"inLanguage":"es","potentialAction":[{"@type":"ReadAction","target":["https:\/\/newsvirali.it\/2025\/04\/24\/morte-papa-francesco-benefattore-tomba-del-vecchio\/"]}]},{"@type":"ImageObject","inLanguage":"es","@id":"https:\/\/newsvirali.it\/2025\/04\/24\/morte-papa-francesco-benefattore-tomba-del-vecchio\/#primaryimage","url":"https:\/\/newsvirali.it\/wp-content\/uploads\/2025\/04\/franciscus_1738499392_3559113323920429837_3046235065.jpg","contentUrl":"https:\/\/newsvirali.it\/wp-content\/uploads\/2025\/04\/franciscus_1738499392_3559113323920429837_3046235065.jpg","width":852,"height":852},{"@type":"BreadcrumbList","@id":"https:\/\/newsvirali.it\/2025\/04\/24\/morte-papa-francesco-benefattore-tomba-del-vecchio\/#breadcrumb","itemListElement":[{"@type":"ListItem","position":1,"name":"Home","item":"https:\/\/newsvirali.it\/fr\/"},{"@type":"ListItem","position":2,"name":"Morte di Papa Francesco, ecco chi \u00e8 il benefattore misterioso che ha pagato la tomba del pontefice"}]},{"@type":"WebSite","@id":"https:\/\/newsvirali.it\/fr\/#website","url":"https:\/\/newsvirali.it\/fr\/","name":"Bake News","description":"","potentialAction":[{"@type":"SearchAction","target":{"@type":"EntryPoint","urlTemplate":"https:\/\/newsvirali.it\/fr\/?s={search_term_string}"},"query-input":{"@type":"PropertyValueSpecification","valueRequired":true,"valueName":"search_term_string"}}],"inLanguage":"es"},{"@type":"Person","@id":"https:\/\/newsvirali.it\/fr\/#\/schema\/person\/4c835f7b49c9adb58b33901ee816565d","name":"Cecco Prestina","description":"Perch\u00e9 nasconderlo? Cecco Prestina \u00e8 un alias, ma dietro di lui non si cela un algoritmo di intelligenza artificiale. C'\u00e8 un giornalista che ha oltre vent'anni di esperienza tutta sul web. Da quando il primo modem ha iniziato a gracchiare sul territorio italiano con Video on Line, Cecco ha capito che da quel doppino sarebbe passato il futuro. Ha dedidicato tutta la sua carriera a capire Internet e poi i social e ora l'Ai. Una carriera in costante aggiornamento. E questa esperienza la mette in campo ogni giorno. Per\u00f2 ogni tanto Cecco ha voglia anche di non scrivere \"pipponi\" sulla politica, sull'economia. Ha voglia anche di scrivere qualcosa di divertente. Le notizie che trovate su Bake News sono le stesse che Cecco porta all'aperitivo con gli amici. Quelle di cui discutere per farsi due risate. Notizie, vere (qualche volta si fa fatica a crederlo), strane, divertenti, ma anche serie. Bake News \u00e8 nato per questo, dare al pubblico notizie croccanti e calde come il pane che esce dal forno. E Cecco Prestina \u00e8 nato con Bake News.","url":"https:\/\/newsvirali.it\/es\/autore\/cecco-prestina\/"}]}},"_links":{"self":[{"href":"https:\/\/newsvirali.it\/es\/wp-json\/wp\/v2\/posts\/57307","targetHints":{"allow":["GET"]}}],"collection":[{"href":"https:\/\/newsvirali.it\/es\/wp-json\/wp\/v2\/posts"}],"about":[{"href":"https:\/\/newsvirali.it\/es\/wp-json\/wp\/v2\/types\/post"}],"author":[{"embeddable":true,"href":"https:\/\/newsvirali.it\/es\/wp-json\/wp\/v2\/users\/4"}],"replies":[{"embeddable":true,"href":"https:\/\/newsvirali.it\/es\/wp-json\/wp\/v2\/comments?post=57307"}],"version-history":[{"count":1,"href":"https:\/\/newsvirali.it\/es\/wp-json\/wp\/v2\/posts\/57307\/revisions"}],"predecessor-version":[{"id":57309,"href":"https:\/\/newsvirali.it\/es\/wp-json\/wp\/v2\/posts\/57307\/revisions\/57309"}],"wp:featuredmedia":[{"embeddable":true,"href":"https:\/\/newsvirali.it\/es\/wp-json\/wp\/v2\/media\/57308"}],"wp:attachment":[{"href":"https:\/\/newsvirali.it\/es\/wp-json\/wp\/v2\/media?parent=57307"}],"wp:term":[{"taxonomy":"category","embeddable":true,"href":"https:\/\/newsvirali.it\/es\/wp-json\/wp\/v2\/categories?post=57307"},{"taxonomy":"post_tag","embeddable":true,"href":"https:\/\/newsvirali.it\/es\/wp-json\/wp\/v2\/tags?post=57307"}],"curies":[{"name":"wp","href":"https:\/\/api.w.org\/{rel}","templated":true}]}}