{"id":57267,"date":"2025-04-21T14:15:29","date_gmt":"2025-04-21T12:15:29","guid":{"rendered":"https:\/\/newsvirali.it\/?p=57267"},"modified":"2025-04-21T14:15:30","modified_gmt":"2025-04-21T12:15:30","slug":"fuorionda-shock-rai1-oh-cristo-annuncio-morte-papa-francesco","status":"publish","type":"post","link":"https:\/\/newsvirali.it\/es\/2025\/04\/21\/impacto-fuera-del-aire-rai1-oh-cristo-anuncio-muerte-papa-francisco\/","title":{"rendered":"Muerte del Papa Francisco, anuncio de la Rai con metedura de pata: blasfemia en directo"},"content":{"rendered":"<p>\u2013 Un momento de profunda emoci\u00f3n nacional se convirti\u00f3 en un caso medi\u00e1tico durante la transmisi\u00f3n en vivo de Storie Italiane en Rai 1, cuando la presentadora Eleonora Daniele anunci\u00f3 la muerte del Papa Francisco. El episodio, transmitido a las 9:59 am, estuvo marcado por un comentario fuera de c\u00e1mara que desat\u00f3 pol\u00e9mica y reacciones en redes sociales: una exclamaci\u00f3n, \u201cOh Cristo\u201d, claramente escuchada alrededor del minuto 1:07 del video compartido por el usuario @see_lallero en X.<\/p>\n\n\n\n<figure class=\"wp-block-embed is-type-rich is-provider-twitter wp-block-embed-twitter\"><div class=\"wp-block-embed__wrapper\">\n<blockquote class=\"twitter-tweet\" data-width=\"500\" data-dnt=\"true\"><p lang=\"it\" dir=\"ltr\">El momento en que se dio la noticia en Rai 1. 9:59 am. <a href=\"https:\/\/twitter.com\/hashtag\/PapaFrancesco?src=hash&amp;ref_src=twsrc%5Etfw\">#PapaFrancis<\/a> <a href=\"https:\/\/t.co\/MN8QKgKRK7\">foto.twitter.com\/MN8QKgKRK7<\/a><\/p>\u2014 LALLERO (@see_lallero) <a href=\"https:\/\/twitter.com\/see_lallero\/status\/1914243258730815570?ref_src=twsrc%5Etfw\">21 de abril de 2025<\/a><\/blockquote><script async src=\"https:\/\/platform.twitter.com\/widgets.js\" charset=\"utf-8\"><\/script>\n<\/div><\/figure>\n\n\n\n<p>El Papa Francisco, fallecido a los 88 a\u00f1os por un grave caso de neumon\u00eda bilateral, dej\u00f3 al mundo de luto tras un pontificado marcado por su compromiso por la paz y los pobres. La noticia, dada oficialmente por el cardenal Kevin Farrell, fue transmitida en directo por Rai 1 durante el programa Storie Italiane. Eleonora Daniele, visiblemente conmovida, calific\u00f3 la p\u00e9rdida como \u201cuna de las noticias m\u00e1s tristes para el mundo entero\u201d, mientras el cuerpo del Pont\u00edfice era preparado para ser exhibido en San Pedro, seg\u00fan el protocolo del Vaticano.<\/p>\n\n\n\n<p>Sin embargo, el ambiente solemne se vio interrumpido por un comentario fuera de c\u00e1mara que no pas\u00f3 desapercibido. La exclamaci\u00f3n \u201cOh Cristo\u201d, pronunciada fuera de pantalla, provoc\u00f3 reacciones inmediatas, especialmente en las redes sociales, donde los usuarios expresaron consternaci\u00f3n y cr\u00edticas.<\/p>\n\n\n\n<h2 class=\"wp-block-heading\" id=\"h-le-reazioni-tra-ironia-e-indignazione\">Las reacciones: entre la iron\u00eda y la indignaci\u00f3n<\/h2>\n\n\n\n<p>@see_lallero, ha acumulado r\u00e1pidamente miles de visitas y comentarios. Muchos han destacado lo inapropiado del momento, calificando la exclamaci\u00f3n de \u201cblasfemia\u201d en un contexto tan delicado. &quot;<\/p>\n\n\n\n<p>@anteranet\u201d escribi\u00f3: \u201cMamma mia, insoportable, parec\u00eda que estaba actuando y no pod\u00eda parar de llorar\u201d, mientras que \u201c<\/p>\n\n\n\n<p>@Elena09766\u2033 coment\u00f3: \u201cQu\u00e9 pena, \u00bfno les da ni un poquito de verg\u00fcenza hacer estos espectaculos?\u201d Otros, como \u201c<\/p>\n\n\n\n<p>@macmat85\u2033, bromearon: \u201cAhahahaha pero parece que est\u00e1 anunciando una salida del magn\u00edfico Gran Hermano con el \u2018Oh Cristo\u2019 de fondo\u201d.<\/p>\n\n\n\n<h2 class=\"wp-block-heading\" id=\"h-episodi-simili-quando-la-tv-inciampa-nel-sacro\">Episodios similares: Cuando la televisi\u00f3n se topa con lo sagrado<\/h2>\n\n\n\n<p>No es la primera vez que la televisi\u00f3n italiana se encuentra en el centro de la pol\u00e9mica por exclamaciones o comportamientos considerados irrespetuosos en contextos sensibles. Un episodio verificado se remonta al 4 de abril de 2022, cuando Silvano Michetti de Cugini di Campagna, participante de L&#039;Isola dei Famosi en Canale 5, fue expulsado por haber pronunciado una expresi\u00f3n blasfema durante la transmisi\u00f3n en directo conducida por Ilary Blasi. Michetti, reci\u00e9n llegada a la isla, solt\u00f3 una palabrota mientras respond\u00eda a las preguntas del corresponsal Alvin, momento recogido por Rolling Stone Italia y que desat\u00f3 una ola de cr\u00edticas.<\/p>\n\n\n\n<p>Otro caso muy conocido ocurri\u00f3 en 2014, durante Uno Mattina in Famiglia de Rai 1, cuando el presentador Tiberio Timperi se vio involucrado en un episodio pol\u00e9mico vinculado a una expresi\u00f3n blasfema pronunciada durante la transmisi\u00f3n. Incluso en ese caso, como lo document\u00f3 Rolling Stone Italia, el incidente provoc\u00f3 discusi\u00f3n, aunque no fuera directamente atribuible al presentador.<\/p>\n\n\n\n<p>M\u00e1s reciente, pero de distinta naturaleza, es la transmisi\u00f3n fuera del aire del 15 de septiembre de 2021, en la que particip\u00f3 la periodista de SkyTg24 Valentina Bendicenti. Durante una transmisi\u00f3n en vivo, la periodista, creyendo que no estaba al aire, pronunci\u00f3 la frase \u201cestoy harta de mis llamados dientes\u201d, expresi\u00f3n que, si bien no es blasfema, caus\u00f3 revuelo por su car\u00e1cter informal en un contexto profesional. El v\u00eddeo, reportado por NextQuotidiano, se volvi\u00f3 viral y muchos usuarios apreciaron su autenticidad, pero otros criticaron su falta de control.<\/p>\n\n\n\n<p>El incidente de Storie Italiane plantea un nuevo debate sobre el uso del lenguaje en contextos formales, especialmente en un pa\u00eds como Italia, donde el respeto por la religi\u00f3n cat\u00f3lica est\u00e1 profundamente arraigado. Aunque exclamaciones como \u201cOh Cristo\u201d pueden ser comunes en el lenguaje cotidiano, su uso en un contexto televisivo \u2013y en un momento de duelo nacional\u2013 es percibido como fuera de lugar por muchos.<\/p>\n\n\n\n<p>La televisi\u00f3n, espejo de la sociedad, debe lidiar con sus contradicciones, entre la espontaneidad del lenguaje y el respeto a lo sagrado. En un momento de dolor colectivo por la p\u00e9rdida del Papa Francisco, el episodio nos recuerda el delicado papel de los medios de comunicaci\u00f3n en la gesti\u00f3n de acontecimientos de importancia hist\u00f3rica y espiritual.<\/p>\n<br \/>S\u00edguenos tambi\u00e9n en Google News: <b><a href=\"https:\/\/news.google.com\/publications\/CAAqBwgKMNqJiwswjMfqAg?hl=it&gl=IT&ceid=IT:it\" target=\"_blank\">haga clic aqu\u00ed<\/a><\/b>","protected":false},"excerpt":{"rendered":"<p>\u2013 Un momento de profunda emoci\u00f3n nacional se convirti\u00f3 en un caso medi\u00e1tico durante la transmisi\u00f3n en vivo de Storie Italiane [\u2026]<\/p>","protected":false},"author":4,"featured_media":57268,"comment_status":"closed","ping_status":"open","sticky":false,"template":"","format":"standard","meta":{"MSN_Categories":"Uncategorized","MSN_Publish_Option":false,"MSN_Is_Local_News":false,"MSN_Is_AIAC_Included":"Empty","MSN_Location":"[]","MSN_Add_Feature_Img_On_Top_Of_Post":false,"MSN_Has_Custom_Author":false,"MSN_Custom_Author":"","MSN_Has_Custom_Canonical_Url":false,"MSN_Custom_Canonical_Url":"","footnotes":""},"categories":[7],"tags":[],"class_list":["post-57267","post","type-post","status-publish","format-standard","has-post-thumbnail","hentry","category-cronaca"],"acf":[],"yoast_head":"<!-- This site is optimized with the Yoast SEO Premium plugin v26.7 (Yoast SEO v26.7) - https:\/\/yoast.com\/wordpress\/plugins\/seo\/ -->\n<title>Morte di Papa Francesco, l&#039;annuncio Rai con gaffe: bestemmia in diretta<\/title>\n<meta name=\"description\" content=\"Fuorionda shock su Rai 1: &quot;Oh Cristo&quot; durante l&#039;annuncio della morte di Papa Francesco.\" \/>\n<meta name=\"robots\" content=\"index, follow, max-snippet:-1, max-image-preview:large, max-video-preview:-1\" \/>\n<link rel=\"canonical\" href=\"https:\/\/newsvirali.it\/es\/2025\/04\/21\/impacto-fuera-del-aire-rai1-oh-cristo-anuncio-muerte-papa-francisco\/\" \/>\n<meta property=\"og:locale\" content=\"es_ES\" \/>\n<meta property=\"og:type\" content=\"article\" \/>\n<meta property=\"og:title\" content=\"Morte di Papa Francesco, l&#039;annuncio Rai con gaffe: bestemmia in diretta\" \/>\n<meta property=\"og:description\" content=\"Fuorionda shock su Rai 1: &quot;Oh Cristo&quot; durante l&#039;annuncio della morte di Papa Francesco.\" \/>\n<meta property=\"og:url\" content=\"https:\/\/newsvirali.it\/es\/2025\/04\/21\/impacto-fuera-del-aire-rai1-oh-cristo-anuncio-muerte-papa-francisco\/\" \/>\n<meta property=\"og:site_name\" content=\"News virali\" \/>\n<meta property=\"article:published_time\" content=\"2025-04-21T12:15:29+00:00\" \/>\n<meta property=\"article:modified_time\" content=\"2025-04-21T12:15:30+00:00\" \/>\n<meta property=\"og:image\" content=\"https:\/\/newsvirali.it\/wp-content\/uploads\/2025\/04\/Screenshot_1.jpg\" \/>\n\t<meta property=\"og:image:width\" content=\"1800\" \/>\n\t<meta property=\"og:image:height\" content=\"921\" \/>\n\t<meta property=\"og:image:type\" content=\"image\/jpeg\" \/>\n<meta name=\"author\" content=\"Cecco Prestina\" \/>\n<meta name=\"twitter:card\" content=\"summary_large_image\" \/>\n<meta name=\"twitter:label1\" content=\"Escrito por\" \/>\n\t<meta name=\"twitter:data1\" content=\"Cecco Prestina\" \/>\n\t<meta name=\"twitter:label2\" content=\"Tiempo de lectura\" \/>\n\t<meta name=\"twitter:data2\" content=\"4 minutos\" \/>\n<script type=\"application\/ld+json\" class=\"yoast-schema-graph\">{\"@context\":\"https:\/\/schema.org\",\"@graph\":[{\"@type\":\"NewsArticle\",\"@id\":\"https:\/\/newsvirali.it\/2025\/04\/21\/fuorionda-shock-rai1-oh-cristo-annuncio-morte-papa-francesco\/#article\",\"isPartOf\":{\"@id\":\"https:\/\/newsvirali.it\/2025\/04\/21\/fuorionda-shock-rai1-oh-cristo-annuncio-morte-papa-francesco\/\"},\"author\":{\"name\":\"Cecco Prestina\",\"@id\":\"https:\/\/newsvirali.it\/fr\/#\/schema\/person\/4c835f7b49c9adb58b33901ee816565d\"},\"headline\":\"Morte di Papa Francesco, l&#8217;annuncio Rai con gaffe: bestemmia in diretta\",\"datePublished\":\"2025-04-21T12:15:29+00:00\",\"dateModified\":\"2025-04-21T12:15:30+00:00\",\"mainEntityOfPage\":{\"@id\":\"https:\/\/newsvirali.it\/2025\/04\/21\/fuorionda-shock-rai1-oh-cristo-annuncio-morte-papa-francesco\/\"},\"wordCount\":656,\"image\":{\"@id\":\"https:\/\/newsvirali.it\/2025\/04\/21\/fuorionda-shock-rai1-oh-cristo-annuncio-morte-papa-francesco\/#primaryimage\"},\"thumbnailUrl\":\"https:\/\/newsvirali.it\/wp-content\/uploads\/2025\/04\/Screenshot_1.jpg\",\"articleSection\":[\"Cronaca\"],\"inLanguage\":\"es\",\"copyrightYear\":\"2025\",\"copyrightHolder\":{\"@id\":\"https:\/\/newsvirali.it\/es\/#organization\"}},{\"@type\":\"WebPage\",\"@id\":\"https:\/\/newsvirali.it\/2025\/04\/21\/fuorionda-shock-rai1-oh-cristo-annuncio-morte-papa-francesco\/\",\"url\":\"https:\/\/newsvirali.it\/2025\/04\/21\/fuorionda-shock-rai1-oh-cristo-annuncio-morte-papa-francesco\/\",\"name\":\"Morte di Papa Francesco, l'annuncio Rai con gaffe: bestemmia in diretta\",\"isPartOf\":{\"@id\":\"https:\/\/newsvirali.it\/fr\/#website\"},\"primaryImageOfPage\":{\"@id\":\"https:\/\/newsvirali.it\/2025\/04\/21\/fuorionda-shock-rai1-oh-cristo-annuncio-morte-papa-francesco\/#primaryimage\"},\"image\":{\"@id\":\"https:\/\/newsvirali.it\/2025\/04\/21\/fuorionda-shock-rai1-oh-cristo-annuncio-morte-papa-francesco\/#primaryimage\"},\"thumbnailUrl\":\"https:\/\/newsvirali.it\/wp-content\/uploads\/2025\/04\/Screenshot_1.jpg\",\"datePublished\":\"2025-04-21T12:15:29+00:00\",\"dateModified\":\"2025-04-21T12:15:30+00:00\",\"author\":{\"@id\":\"https:\/\/newsvirali.it\/fr\/#\/schema\/person\/4c835f7b49c9adb58b33901ee816565d\"},\"description\":\"Fuorionda shock su Rai 1: \\\"Oh Cristo\\\" durante l'annuncio della morte di Papa Francesco.\",\"breadcrumb\":{\"@id\":\"https:\/\/newsvirali.it\/2025\/04\/21\/fuorionda-shock-rai1-oh-cristo-annuncio-morte-papa-francesco\/#breadcrumb\"},\"inLanguage\":\"es\",\"potentialAction\":[{\"@type\":\"ReadAction\",\"target\":[\"https:\/\/newsvirali.it\/2025\/04\/21\/fuorionda-shock-rai1-oh-cristo-annuncio-morte-papa-francesco\/\"]}]},{\"@type\":\"ImageObject\",\"inLanguage\":\"es\",\"@id\":\"https:\/\/newsvirali.it\/2025\/04\/21\/fuorionda-shock-rai1-oh-cristo-annuncio-morte-papa-francesco\/#primaryimage\",\"url\":\"https:\/\/newsvirali.it\/wp-content\/uploads\/2025\/04\/Screenshot_1.jpg\",\"contentUrl\":\"https:\/\/newsvirali.it\/wp-content\/uploads\/2025\/04\/Screenshot_1.jpg\",\"width\":1800,\"height\":921},{\"@type\":\"BreadcrumbList\",\"@id\":\"https:\/\/newsvirali.it\/2025\/04\/21\/fuorionda-shock-rai1-oh-cristo-annuncio-morte-papa-francesco\/#breadcrumb\",\"itemListElement\":[{\"@type\":\"ListItem\",\"position\":1,\"name\":\"Home\",\"item\":\"https:\/\/newsvirali.it\/fr\/\"},{\"@type\":\"ListItem\",\"position\":2,\"name\":\"Morte di Papa Francesco, l&#8217;annuncio Rai con gaffe: bestemmia in diretta\"}]},{\"@type\":\"WebSite\",\"@id\":\"https:\/\/newsvirali.it\/fr\/#website\",\"url\":\"https:\/\/newsvirali.it\/fr\/\",\"name\":\"Bake News\",\"description\":\"\",\"potentialAction\":[{\"@type\":\"SearchAction\",\"target\":{\"@type\":\"EntryPoint\",\"urlTemplate\":\"https:\/\/newsvirali.it\/fr\/?s={search_term_string}\"},\"query-input\":{\"@type\":\"PropertyValueSpecification\",\"valueRequired\":true,\"valueName\":\"search_term_string\"}}],\"inLanguage\":\"es\"},{\"@type\":\"Person\",\"@id\":\"https:\/\/newsvirali.it\/fr\/#\/schema\/person\/4c835f7b49c9adb58b33901ee816565d\",\"name\":\"Cecco Prestina\",\"description\":\"Perch\u00e9 nasconderlo? Cecco Prestina \u00e8 un alias, ma dietro di lui non si cela un algoritmo di intelligenza artificiale. C'\u00e8 un giornalista che ha oltre vent'anni di esperienza tutta sul web. Da quando il primo modem ha iniziato a gracchiare sul territorio italiano con Video on Line, Cecco ha capito che da quel doppino sarebbe passato il futuro. Ha dedidicato tutta la sua carriera a capire Internet e poi i social e ora l'Ai. Una carriera in costante aggiornamento. E questa esperienza la mette in campo ogni giorno. Per\u00f2 ogni tanto Cecco ha voglia anche di non scrivere \\\"pipponi\\\" sulla politica, sull'economia. Ha voglia anche di scrivere qualcosa di divertente. Le notizie che trovate su Bake News sono le stesse che Cecco porta all'aperitivo con gli amici. Quelle di cui discutere per farsi due risate. Notizie, vere (qualche volta si fa fatica a crederlo), strane, divertenti, ma anche serie. Bake News \u00e8 nato per questo, dare al pubblico notizie croccanti e calde come il pane che esce dal forno. E Cecco Prestina \u00e8 nato con Bake News.\",\"url\":\"https:\/\/newsvirali.it\/es\/autore\/cecco-prestina\/\"}]}<\/script>\n<!-- \/ Yoast SEO Premium plugin. -->","yoast_head_json":{"title":"Morte di Papa Francesco, l'annuncio Rai con gaffe: bestemmia in diretta","description":"Fuorionda shock su Rai 1: \"Oh Cristo\" durante l'annuncio della morte di Papa Francesco.","robots":{"index":"index","follow":"follow","max-snippet":"max-snippet:-1","max-image-preview":"max-image-preview:large","max-video-preview":"max-video-preview:-1"},"canonical":"https:\/\/newsvirali.it\/es\/2025\/04\/21\/impacto-fuera-del-aire-rai1-oh-cristo-anuncio-muerte-papa-francisco\/","og_locale":"es_ES","og_type":"article","og_title":"Morte di Papa Francesco, l'annuncio Rai con gaffe: bestemmia in diretta","og_description":"Fuorionda shock su Rai 1: \"Oh Cristo\" durante l'annuncio della morte di Papa Francesco.","og_url":"https:\/\/newsvirali.it\/es\/2025\/04\/21\/impacto-fuera-del-aire-rai1-oh-cristo-anuncio-muerte-papa-francisco\/","og_site_name":"News virali","article_published_time":"2025-04-21T12:15:29+00:00","article_modified_time":"2025-04-21T12:15:30+00:00","og_image":[{"width":1800,"height":921,"url":"https:\/\/newsvirali.it\/wp-content\/uploads\/2025\/04\/Screenshot_1.jpg","type":"image\/jpeg"}],"author":"Cecco Prestina","twitter_card":"summary_large_image","twitter_misc":{"Escrito por":"Cecco Prestina","Tiempo de lectura":"4 minutos"},"schema":{"@context":"https:\/\/schema.org","@graph":[{"@type":"NewsArticle","@id":"https:\/\/newsvirali.it\/2025\/04\/21\/fuorionda-shock-rai1-oh-cristo-annuncio-morte-papa-francesco\/#article","isPartOf":{"@id":"https:\/\/newsvirali.it\/2025\/04\/21\/fuorionda-shock-rai1-oh-cristo-annuncio-morte-papa-francesco\/"},"author":{"name":"Cecco Prestina","@id":"https:\/\/newsvirali.it\/fr\/#\/schema\/person\/4c835f7b49c9adb58b33901ee816565d"},"headline":"Morte di Papa Francesco, l&#8217;annuncio Rai con gaffe: bestemmia in diretta","datePublished":"2025-04-21T12:15:29+00:00","dateModified":"2025-04-21T12:15:30+00:00","mainEntityOfPage":{"@id":"https:\/\/newsvirali.it\/2025\/04\/21\/fuorionda-shock-rai1-oh-cristo-annuncio-morte-papa-francesco\/"},"wordCount":656,"image":{"@id":"https:\/\/newsvirali.it\/2025\/04\/21\/fuorionda-shock-rai1-oh-cristo-annuncio-morte-papa-francesco\/#primaryimage"},"thumbnailUrl":"https:\/\/newsvirali.it\/wp-content\/uploads\/2025\/04\/Screenshot_1.jpg","articleSection":["Cronaca"],"inLanguage":"es","copyrightYear":"2025","copyrightHolder":{"@id":"https:\/\/newsvirali.it\/es\/#organization"}},{"@type":"WebPage","@id":"https:\/\/newsvirali.it\/2025\/04\/21\/fuorionda-shock-rai1-oh-cristo-annuncio-morte-papa-francesco\/","url":"https:\/\/newsvirali.it\/2025\/04\/21\/fuorionda-shock-rai1-oh-cristo-annuncio-morte-papa-francesco\/","name":"Morte di Papa Francesco, l'annuncio Rai con gaffe: bestemmia in diretta","isPartOf":{"@id":"https:\/\/newsvirali.it\/fr\/#website"},"primaryImageOfPage":{"@id":"https:\/\/newsvirali.it\/2025\/04\/21\/fuorionda-shock-rai1-oh-cristo-annuncio-morte-papa-francesco\/#primaryimage"},"image":{"@id":"https:\/\/newsvirali.it\/2025\/04\/21\/fuorionda-shock-rai1-oh-cristo-annuncio-morte-papa-francesco\/#primaryimage"},"thumbnailUrl":"https:\/\/newsvirali.it\/wp-content\/uploads\/2025\/04\/Screenshot_1.jpg","datePublished":"2025-04-21T12:15:29+00:00","dateModified":"2025-04-21T12:15:30+00:00","author":{"@id":"https:\/\/newsvirali.it\/fr\/#\/schema\/person\/4c835f7b49c9adb58b33901ee816565d"},"description":"Fuorionda shock su Rai 1: \"Oh Cristo\" durante l'annuncio della morte di Papa Francesco.","breadcrumb":{"@id":"https:\/\/newsvirali.it\/2025\/04\/21\/fuorionda-shock-rai1-oh-cristo-annuncio-morte-papa-francesco\/#breadcrumb"},"inLanguage":"es","potentialAction":[{"@type":"ReadAction","target":["https:\/\/newsvirali.it\/2025\/04\/21\/fuorionda-shock-rai1-oh-cristo-annuncio-morte-papa-francesco\/"]}]},{"@type":"ImageObject","inLanguage":"es","@id":"https:\/\/newsvirali.it\/2025\/04\/21\/fuorionda-shock-rai1-oh-cristo-annuncio-morte-papa-francesco\/#primaryimage","url":"https:\/\/newsvirali.it\/wp-content\/uploads\/2025\/04\/Screenshot_1.jpg","contentUrl":"https:\/\/newsvirali.it\/wp-content\/uploads\/2025\/04\/Screenshot_1.jpg","width":1800,"height":921},{"@type":"BreadcrumbList","@id":"https:\/\/newsvirali.it\/2025\/04\/21\/fuorionda-shock-rai1-oh-cristo-annuncio-morte-papa-francesco\/#breadcrumb","itemListElement":[{"@type":"ListItem","position":1,"name":"Home","item":"https:\/\/newsvirali.it\/fr\/"},{"@type":"ListItem","position":2,"name":"Morte di Papa Francesco, l&#8217;annuncio Rai con gaffe: bestemmia in diretta"}]},{"@type":"WebSite","@id":"https:\/\/newsvirali.it\/fr\/#website","url":"https:\/\/newsvirali.it\/fr\/","name":"Bake News","description":"","potentialAction":[{"@type":"SearchAction","target":{"@type":"EntryPoint","urlTemplate":"https:\/\/newsvirali.it\/fr\/?s={search_term_string}"},"query-input":{"@type":"PropertyValueSpecification","valueRequired":true,"valueName":"search_term_string"}}],"inLanguage":"es"},{"@type":"Person","@id":"https:\/\/newsvirali.it\/fr\/#\/schema\/person\/4c835f7b49c9adb58b33901ee816565d","name":"Cecco Prestina","description":"Perch\u00e9 nasconderlo? Cecco Prestina \u00e8 un alias, ma dietro di lui non si cela un algoritmo di intelligenza artificiale. C'\u00e8 un giornalista che ha oltre vent'anni di esperienza tutta sul web. Da quando il primo modem ha iniziato a gracchiare sul territorio italiano con Video on Line, Cecco ha capito che da quel doppino sarebbe passato il futuro. Ha dedidicato tutta la sua carriera a capire Internet e poi i social e ora l'Ai. Una carriera in costante aggiornamento. E questa esperienza la mette in campo ogni giorno. Per\u00f2 ogni tanto Cecco ha voglia anche di non scrivere \"pipponi\" sulla politica, sull'economia. Ha voglia anche di scrivere qualcosa di divertente. Le notizie che trovate su Bake News sono le stesse che Cecco porta all'aperitivo con gli amici. Quelle di cui discutere per farsi due risate. Notizie, vere (qualche volta si fa fatica a crederlo), strane, divertenti, ma anche serie. Bake News \u00e8 nato per questo, dare al pubblico notizie croccanti e calde come il pane che esce dal forno. E Cecco Prestina \u00e8 nato con Bake News.","url":"https:\/\/newsvirali.it\/es\/autore\/cecco-prestina\/"}]}},"_links":{"self":[{"href":"https:\/\/newsvirali.it\/es\/wp-json\/wp\/v2\/posts\/57267","targetHints":{"allow":["GET"]}}],"collection":[{"href":"https:\/\/newsvirali.it\/es\/wp-json\/wp\/v2\/posts"}],"about":[{"href":"https:\/\/newsvirali.it\/es\/wp-json\/wp\/v2\/types\/post"}],"author":[{"embeddable":true,"href":"https:\/\/newsvirali.it\/es\/wp-json\/wp\/v2\/users\/4"}],"replies":[{"embeddable":true,"href":"https:\/\/newsvirali.it\/es\/wp-json\/wp\/v2\/comments?post=57267"}],"version-history":[{"count":1,"href":"https:\/\/newsvirali.it\/es\/wp-json\/wp\/v2\/posts\/57267\/revisions"}],"predecessor-version":[{"id":57269,"href":"https:\/\/newsvirali.it\/es\/wp-json\/wp\/v2\/posts\/57267\/revisions\/57269"}],"wp:featuredmedia":[{"embeddable":true,"href":"https:\/\/newsvirali.it\/es\/wp-json\/wp\/v2\/media\/57268"}],"wp:attachment":[{"href":"https:\/\/newsvirali.it\/es\/wp-json\/wp\/v2\/media?parent=57267"}],"wp:term":[{"taxonomy":"category","embeddable":true,"href":"https:\/\/newsvirali.it\/es\/wp-json\/wp\/v2\/categories?post=57267"},{"taxonomy":"post_tag","embeddable":true,"href":"https:\/\/newsvirali.it\/es\/wp-json\/wp\/v2\/tags?post=57267"}],"curies":[{"name":"wp","href":"https:\/\/api.w.org\/{rel}","templated":true}]}}