{"id":5238,"date":"2023-09-21T19:24:36","date_gmt":"2023-09-21T17:24:36","guid":{"rendered":"https:\/\/www.bakenews.it\/?p=5238"},"modified":"2023-09-21T19:24:36","modified_gmt":"2023-09-21T17:24:36","slug":"vandalizzata-lauto-dello-youtuber-alessandro-greco-sono-sconvolto","status":"publish","type":"post","link":"https:\/\/newsvirali.it\/es\/2023\/09\/21\/el-coche-del-youtuber-alessandro-greco-destrozado-estoy-en-shock\/","title":{"rendered":"Vandalizan el coche del YouTuber Alessandro Greco: &quot;Estoy en shock&quot;"},"content":{"rendered":"<p>Alessandro Greco, un joven YouTuber de unos veinte a\u00f1os, recibi\u00f3 un mensaje inquietante de un amigo: alguien hab\u00eda destrozado su coche con un insulto escrito en una lata de spray. Cuando fue a comprobar se encontr\u00f3 con una frase que atentaba contra su identidad y su labor como creador de contenidos.<\/p>\n\n\n\n<p><\/p>\n\n\n\n<hr class=\"wp-block-separator has-alpha-channel-opacity\"\/>\n\n\n\n<p><strong>LEER TAMBI\u00c9N<\/strong><\/p>\n\n\n\n<ul class=\"wp-block-list\">\n<li><a href=\"https:\/\/www.bakenews.it\/dimagrisce-45-kg-fit-influencer-morta-misterioso-malore\/\">Adelgaz\u00f3 45 kg y se convirti\u00f3 en una influencer fit: muri\u00f3 a los 49 a\u00f1os por una misteriosa enfermedad<\/a><\/li>\n\n\n\n<li><a href=\"https:\/\/www.bakenews.it\/los-angeles-boom-robot-scippati-droni-corrieri\/\">En Los \u00c1ngeles, hay un boom de robots robados: drones de mensajer\u00eda bajo ataque<\/a><\/li>\n\n\n\n<li><a href=\"https:\/\/www.bakenews.it\/influencer-rischia-vita-shit-storm\/\">Influencer arriesga su vida en una cueva por likes, comienza la tormenta de mierda: &quot;Se extinguir\u00e1n&quot;<\/a><\/li>\n<\/ul>\n\n\n\n<hr class=\"wp-block-separator has-alpha-channel-opacity\"\/>\n\n\n\n<p><\/p>\n\n\n\n<p>&quot;Fue un shock&quot;, dijo Alessandro al <a href=\"https:\/\/www.varesenews.it\/2023\/09\/vandalizzata-con-lo-spray-lauto-del-tiktoker-di-cassano-magnago-alessandro-greco\/1717787\/\" target=\"_blank\" rel=\"noreferrer noopener\">Peri\u00f3dico Varese News<\/a>. \u201cEl martes por la tarde fui a visitar a un amigo aqu\u00ed en Cassano Magnago, donde vivo con mi familia, y no me di cuenta de nada porque la inscripci\u00f3n estaba en el lado del pasajero\u201d. Alessandro Greco es uno de los YouTubers m\u00e1s populares del momento, con m\u00e1s de 2 millones de seguidores en TikTok y 1,2 millones en YouTube. Su trabajo como creador de contenidos fue recientemente objeto de un acto de vandalismo, lo que provoc\u00f3 una reacci\u00f3n de consternaci\u00f3n y enfado. Esperamos que esta situaci\u00f3n se resuelva r\u00e1pidamente y que Alessandro Greco pueda seguir llevando alegr\u00eda a sus millones de seguidores.<\/p>\n\n\n\n<p>Alessandro Greco es un YouTuber que est\u00e1 gozando de un gran \u00e9xito entre los j\u00f3venes y sus compa\u00f1eros, sobre todo gracias a su coche, un BMW azul el\u00e9ctrico que aparece en muchos de sus v\u00eddeos con miles de visualizaciones. Su coche, comprado en diciembre, se ha convertido tambi\u00e9n en una inversi\u00f3n empresarial para Alessandro. \u00abDe hecho estuve creando una serie en la que mostraba los cambios est\u00e9ticos que le voy haciendo manualmente al coche, como cambiar el color de la parrilla\u00bb, explic\u00f3.<\/p>\n\n\n\n<h2 class=\"wp-block-heading\">Da\u00f1os valorados en m\u00e1s de mil euros para el youtuber Alessandro Greco<\/h2>\n\n\n\n<p>Desafortunadamente, el coche de Alessandro sufri\u00f3 da\u00f1os por valor de m\u00e1s de mil euros, con un lado derecho que necesitaba ser repintado y varias limitaciones m\u00e1s. \u00abNo s\u00e9 por qu\u00e9 alguien pudo haber hecho tal gesto, creo que quiz\u00e1s por envidia. Lo que m\u00e1s me llama la atenci\u00f3n es el hecho de que nosotros, los creadores de contenidos, no estamos protegidos de los haters: mis v\u00eddeos son muy ligeros (principalmente movimientos de baile o columnas sobre &quot;motores&quot;, ed.), no difundo contenidos ofensivos hacia nadie&quot;, declar\u00f3 Alessandro Greco. .<\/p>\n<br \/>S\u00edguenos tambi\u00e9n en Google News: <b><a href=\"https:\/\/news.google.com\/publications\/CAAqBwgKMNqJiwswjMfqAg?hl=it&gl=IT&ceid=IT:it\" target=\"_blank\">haga clic aqu\u00ed<\/a><\/b>","protected":false},"excerpt":{"rendered":"<p>Alessandro Greco, un joven YouTuber de unos veinte a\u00f1os, recibi\u00f3 un mensaje inquietante de un amigo: alguien hab\u00eda destrozado su coche [\u2026]<\/p>","protected":false},"author":4,"featured_media":5254,"comment_status":"open","ping_status":"open","sticky":false,"template":"","format":"standard","meta":{"MSN_Categories":"Uncategorized","MSN_Publish_Option":false,"MSN_Is_Local_News":false,"MSN_Is_AIAC_Included":"Empty","MSN_Location":"[]","MSN_Add_Feature_Img_On_Top_Of_Post":false,"MSN_Has_Custom_Author":false,"MSN_Custom_Author":"","MSN_Has_Custom_Canonical_Url":false,"MSN_Custom_Canonical_Url":"","footnotes":""},"categories":[16],"tags":[],"class_list":["post-5238","post","type-post","status-publish","format-standard","has-post-thumbnail","hentry","category-influencer"],"acf":[],"yoast_head":"<!-- This site is optimized with the Yoast SEO Premium plugin v26.7 (Yoast SEO v26.7) - https:\/\/yoast.com\/wordpress\/plugins\/seo\/ -->\n<title>Vandalizzata l&#039;auto dello youtuber Alessandro Greco: &quot;Sono sconvolto&quot;<\/title>\n<meta name=\"description\" content=\"Una amara sorpresa per lo youtuber Alessandro Greco. La sua auto \u00e8 stata presa di mira da alcuni vandali. E lui non sa spiegarsi il motivo.\" \/>\n<meta name=\"robots\" content=\"index, follow, max-snippet:-1, max-image-preview:large, max-video-preview:-1\" \/>\n<link rel=\"canonical\" href=\"https:\/\/newsvirali.it\/es\/2023\/09\/21\/el-coche-del-youtuber-alessandro-greco-destrozado-estoy-en-shock\/\" \/>\n<meta property=\"og:locale\" content=\"es_ES\" \/>\n<meta property=\"og:type\" content=\"article\" \/>\n<meta property=\"og:title\" content=\"Vandalizzata l&#039;auto dello youtuber Alessandro Greco: &quot;Sono sconvolto&quot;\" \/>\n<meta property=\"og:description\" content=\"Una amara sorpresa per lo youtuber Alessandro Greco. La sua auto \u00e8 stata presa di mira da alcuni vandali. E lui non sa spiegarsi il motivo.\" \/>\n<meta property=\"og:url\" content=\"https:\/\/newsvirali.it\/es\/2023\/09\/21\/el-coche-del-youtuber-alessandro-greco-destrozado-estoy-en-shock\/\" \/>\n<meta property=\"og:site_name\" content=\"News virali\" \/>\n<meta property=\"article:published_time\" content=\"2023-09-21T17:24:36+00:00\" \/>\n<meta property=\"og:image\" content=\"https:\/\/newsvirali.it\/wp-content\/uploads\/2023\/09\/upload_11dbed5728b918bb5c8c64b76dca64c7.jpg\" \/>\n\t<meta property=\"og:image:width\" content=\"2560\" \/>\n\t<meta property=\"og:image:height\" content=\"1440\" \/>\n\t<meta property=\"og:image:type\" content=\"image\/jpeg\" \/>\n<meta name=\"author\" content=\"Cecco Prestina\" \/>\n<meta name=\"twitter:card\" content=\"summary_large_image\" \/>\n<meta name=\"twitter:label1\" content=\"Escrito por\" \/>\n\t<meta name=\"twitter:data1\" content=\"Cecco Prestina\" \/>\n\t<meta name=\"twitter:label2\" content=\"Tiempo de lectura\" \/>\n\t<meta name=\"twitter:data2\" content=\"3 minutos\" \/>\n<script type=\"application\/ld+json\" class=\"yoast-schema-graph\">{\"@context\":\"https:\/\/schema.org\",\"@graph\":[{\"@type\":\"NewsArticle\",\"@id\":\"https:\/\/newsvirali.it\/2023\/09\/21\/vandalizzata-lauto-dello-youtuber-alessandro-greco-sono-sconvolto\/#article\",\"isPartOf\":{\"@id\":\"https:\/\/newsvirali.it\/2023\/09\/21\/vandalizzata-lauto-dello-youtuber-alessandro-greco-sono-sconvolto\/\"},\"author\":{\"name\":\"Cecco Prestina\",\"@id\":\"https:\/\/newsvirali.it\/fr\/#\/schema\/person\/4c835f7b49c9adb58b33901ee816565d\"},\"headline\":\"Vandalizzata l&#8217;auto dello youtuber Alessandro Greco: &#8220;Sono sconvolto&#8221;\",\"datePublished\":\"2023-09-21T17:24:36+00:00\",\"mainEntityOfPage\":{\"@id\":\"https:\/\/newsvirali.it\/2023\/09\/21\/vandalizzata-lauto-dello-youtuber-alessandro-greco-sono-sconvolto\/\"},\"wordCount\":387,\"commentCount\":0,\"image\":{\"@id\":\"https:\/\/newsvirali.it\/2023\/09\/21\/vandalizzata-lauto-dello-youtuber-alessandro-greco-sono-sconvolto\/#primaryimage\"},\"thumbnailUrl\":\"https:\/\/newsvirali.it\/wp-content\/uploads\/2023\/09\/upload_11dbed5728b918bb5c8c64b76dca64c7.jpg\",\"articleSection\":[\"Influencer\"],\"inLanguage\":\"es\",\"potentialAction\":[{\"@type\":\"CommentAction\",\"name\":\"Comment\",\"target\":[\"https:\/\/newsvirali.it\/2023\/09\/21\/vandalizzata-lauto-dello-youtuber-alessandro-greco-sono-sconvolto\/#respond\"]}],\"copyrightYear\":\"2023\",\"copyrightHolder\":{\"@id\":\"https:\/\/newsvirali.it\/es\/#organization\"}},{\"@type\":\"WebPage\",\"@id\":\"https:\/\/newsvirali.it\/2023\/09\/21\/vandalizzata-lauto-dello-youtuber-alessandro-greco-sono-sconvolto\/\",\"url\":\"https:\/\/newsvirali.it\/2023\/09\/21\/vandalizzata-lauto-dello-youtuber-alessandro-greco-sono-sconvolto\/\",\"name\":\"Vandalizzata l'auto dello youtuber Alessandro Greco: \\\"Sono sconvolto\\\"\",\"isPartOf\":{\"@id\":\"https:\/\/newsvirali.it\/fr\/#website\"},\"primaryImageOfPage\":{\"@id\":\"https:\/\/newsvirali.it\/2023\/09\/21\/vandalizzata-lauto-dello-youtuber-alessandro-greco-sono-sconvolto\/#primaryimage\"},\"image\":{\"@id\":\"https:\/\/newsvirali.it\/2023\/09\/21\/vandalizzata-lauto-dello-youtuber-alessandro-greco-sono-sconvolto\/#primaryimage\"},\"thumbnailUrl\":\"https:\/\/newsvirali.it\/wp-content\/uploads\/2023\/09\/upload_11dbed5728b918bb5c8c64b76dca64c7.jpg\",\"datePublished\":\"2023-09-21T17:24:36+00:00\",\"author\":{\"@id\":\"https:\/\/newsvirali.it\/fr\/#\/schema\/person\/4c835f7b49c9adb58b33901ee816565d\"},\"description\":\"Una amara sorpresa per lo youtuber Alessandro Greco. La sua auto \u00e8 stata presa di mira da alcuni vandali. E lui non sa spiegarsi il motivo.\",\"breadcrumb\":{\"@id\":\"https:\/\/newsvirali.it\/2023\/09\/21\/vandalizzata-lauto-dello-youtuber-alessandro-greco-sono-sconvolto\/#breadcrumb\"},\"inLanguage\":\"es\",\"potentialAction\":[{\"@type\":\"ReadAction\",\"target\":[\"https:\/\/newsvirali.it\/2023\/09\/21\/vandalizzata-lauto-dello-youtuber-alessandro-greco-sono-sconvolto\/\"]}]},{\"@type\":\"ImageObject\",\"inLanguage\":\"es\",\"@id\":\"https:\/\/newsvirali.it\/2023\/09\/21\/vandalizzata-lauto-dello-youtuber-alessandro-greco-sono-sconvolto\/#primaryimage\",\"url\":\"https:\/\/newsvirali.it\/wp-content\/uploads\/2023\/09\/upload_11dbed5728b918bb5c8c64b76dca64c7.jpg\",\"contentUrl\":\"https:\/\/newsvirali.it\/wp-content\/uploads\/2023\/09\/upload_11dbed5728b918bb5c8c64b76dca64c7.jpg\",\"width\":2560,\"height\":1440,\"caption\":\"Vandalizzata l'auto dello youtuber Alessandro Greco: \\\"Sono sconvolto\\\"\"},{\"@type\":\"BreadcrumbList\",\"@id\":\"https:\/\/newsvirali.it\/2023\/09\/21\/vandalizzata-lauto-dello-youtuber-alessandro-greco-sono-sconvolto\/#breadcrumb\",\"itemListElement\":[{\"@type\":\"ListItem\",\"position\":1,\"name\":\"Home\",\"item\":\"https:\/\/newsvirali.it\/fr\/\"},{\"@type\":\"ListItem\",\"position\":2,\"name\":\"Vandalizzata l&#8217;auto dello youtuber Alessandro Greco: &#8220;Sono sconvolto&#8221;\"}]},{\"@type\":\"WebSite\",\"@id\":\"https:\/\/newsvirali.it\/fr\/#website\",\"url\":\"https:\/\/newsvirali.it\/fr\/\",\"name\":\"Bake News\",\"description\":\"\",\"potentialAction\":[{\"@type\":\"SearchAction\",\"target\":{\"@type\":\"EntryPoint\",\"urlTemplate\":\"https:\/\/newsvirali.it\/fr\/?s={search_term_string}\"},\"query-input\":{\"@type\":\"PropertyValueSpecification\",\"valueRequired\":true,\"valueName\":\"search_term_string\"}}],\"inLanguage\":\"es\"},{\"@type\":\"Person\",\"@id\":\"https:\/\/newsvirali.it\/fr\/#\/schema\/person\/4c835f7b49c9adb58b33901ee816565d\",\"name\":\"Cecco Prestina\",\"description\":\"Perch\u00e9 nasconderlo? Cecco Prestina \u00e8 un alias, ma dietro di lui non si cela un algoritmo di intelligenza artificiale. C'\u00e8 un giornalista che ha oltre vent'anni di esperienza tutta sul web. Da quando il primo modem ha iniziato a gracchiare sul territorio italiano con Video on Line, Cecco ha capito che da quel doppino sarebbe passato il futuro. Ha dedidicato tutta la sua carriera a capire Internet e poi i social e ora l'Ai. Una carriera in costante aggiornamento. E questa esperienza la mette in campo ogni giorno. Per\u00f2 ogni tanto Cecco ha voglia anche di non scrivere \\\"pipponi\\\" sulla politica, sull'economia. Ha voglia anche di scrivere qualcosa di divertente. Le notizie che trovate su Bake News sono le stesse che Cecco porta all'aperitivo con gli amici. Quelle di cui discutere per farsi due risate. Notizie, vere (qualche volta si fa fatica a crederlo), strane, divertenti, ma anche serie. Bake News \u00e8 nato per questo, dare al pubblico notizie croccanti e calde come il pane che esce dal forno. E Cecco Prestina \u00e8 nato con Bake News.\",\"url\":\"https:\/\/newsvirali.it\/es\/autore\/cecco-prestina\/\"}]}<\/script>\n<!-- \/ Yoast SEO Premium plugin. -->","yoast_head_json":{"title":"Vandalizzata l'auto dello youtuber Alessandro Greco: \"Sono sconvolto\"","description":"Una amara sorpresa per lo youtuber Alessandro Greco. La sua auto \u00e8 stata presa di mira da alcuni vandali. E lui non sa spiegarsi il motivo.","robots":{"index":"index","follow":"follow","max-snippet":"max-snippet:-1","max-image-preview":"max-image-preview:large","max-video-preview":"max-video-preview:-1"},"canonical":"https:\/\/newsvirali.it\/es\/2023\/09\/21\/el-coche-del-youtuber-alessandro-greco-destrozado-estoy-en-shock\/","og_locale":"es_ES","og_type":"article","og_title":"Vandalizzata l'auto dello youtuber Alessandro Greco: \"Sono sconvolto\"","og_description":"Una amara sorpresa per lo youtuber Alessandro Greco. La sua auto \u00e8 stata presa di mira da alcuni vandali. E lui non sa spiegarsi il motivo.","og_url":"https:\/\/newsvirali.it\/es\/2023\/09\/21\/el-coche-del-youtuber-alessandro-greco-destrozado-estoy-en-shock\/","og_site_name":"News virali","article_published_time":"2023-09-21T17:24:36+00:00","og_image":[{"width":2560,"height":1440,"url":"https:\/\/newsvirali.it\/wp-content\/uploads\/2023\/09\/upload_11dbed5728b918bb5c8c64b76dca64c7.jpg","type":"image\/jpeg"}],"author":"Cecco Prestina","twitter_card":"summary_large_image","twitter_misc":{"Escrito por":"Cecco Prestina","Tiempo de lectura":"3 minutos"},"schema":{"@context":"https:\/\/schema.org","@graph":[{"@type":"NewsArticle","@id":"https:\/\/newsvirali.it\/2023\/09\/21\/vandalizzata-lauto-dello-youtuber-alessandro-greco-sono-sconvolto\/#article","isPartOf":{"@id":"https:\/\/newsvirali.it\/2023\/09\/21\/vandalizzata-lauto-dello-youtuber-alessandro-greco-sono-sconvolto\/"},"author":{"name":"Cecco Prestina","@id":"https:\/\/newsvirali.it\/fr\/#\/schema\/person\/4c835f7b49c9adb58b33901ee816565d"},"headline":"Vandalizzata l&#8217;auto dello youtuber Alessandro Greco: &#8220;Sono sconvolto&#8221;","datePublished":"2023-09-21T17:24:36+00:00","mainEntityOfPage":{"@id":"https:\/\/newsvirali.it\/2023\/09\/21\/vandalizzata-lauto-dello-youtuber-alessandro-greco-sono-sconvolto\/"},"wordCount":387,"commentCount":0,"image":{"@id":"https:\/\/newsvirali.it\/2023\/09\/21\/vandalizzata-lauto-dello-youtuber-alessandro-greco-sono-sconvolto\/#primaryimage"},"thumbnailUrl":"https:\/\/newsvirali.it\/wp-content\/uploads\/2023\/09\/upload_11dbed5728b918bb5c8c64b76dca64c7.jpg","articleSection":["Influencer"],"inLanguage":"es","potentialAction":[{"@type":"CommentAction","name":"Comment","target":["https:\/\/newsvirali.it\/2023\/09\/21\/vandalizzata-lauto-dello-youtuber-alessandro-greco-sono-sconvolto\/#respond"]}],"copyrightYear":"2023","copyrightHolder":{"@id":"https:\/\/newsvirali.it\/es\/#organization"}},{"@type":"WebPage","@id":"https:\/\/newsvirali.it\/2023\/09\/21\/vandalizzata-lauto-dello-youtuber-alessandro-greco-sono-sconvolto\/","url":"https:\/\/newsvirali.it\/2023\/09\/21\/vandalizzata-lauto-dello-youtuber-alessandro-greco-sono-sconvolto\/","name":"Vandalizzata l'auto dello youtuber Alessandro Greco: \"Sono sconvolto\"","isPartOf":{"@id":"https:\/\/newsvirali.it\/fr\/#website"},"primaryImageOfPage":{"@id":"https:\/\/newsvirali.it\/2023\/09\/21\/vandalizzata-lauto-dello-youtuber-alessandro-greco-sono-sconvolto\/#primaryimage"},"image":{"@id":"https:\/\/newsvirali.it\/2023\/09\/21\/vandalizzata-lauto-dello-youtuber-alessandro-greco-sono-sconvolto\/#primaryimage"},"thumbnailUrl":"https:\/\/newsvirali.it\/wp-content\/uploads\/2023\/09\/upload_11dbed5728b918bb5c8c64b76dca64c7.jpg","datePublished":"2023-09-21T17:24:36+00:00","author":{"@id":"https:\/\/newsvirali.it\/fr\/#\/schema\/person\/4c835f7b49c9adb58b33901ee816565d"},"description":"Una amara sorpresa per lo youtuber Alessandro Greco. La sua auto \u00e8 stata presa di mira da alcuni vandali. E lui non sa spiegarsi il motivo.","breadcrumb":{"@id":"https:\/\/newsvirali.it\/2023\/09\/21\/vandalizzata-lauto-dello-youtuber-alessandro-greco-sono-sconvolto\/#breadcrumb"},"inLanguage":"es","potentialAction":[{"@type":"ReadAction","target":["https:\/\/newsvirali.it\/2023\/09\/21\/vandalizzata-lauto-dello-youtuber-alessandro-greco-sono-sconvolto\/"]}]},{"@type":"ImageObject","inLanguage":"es","@id":"https:\/\/newsvirali.it\/2023\/09\/21\/vandalizzata-lauto-dello-youtuber-alessandro-greco-sono-sconvolto\/#primaryimage","url":"https:\/\/newsvirali.it\/wp-content\/uploads\/2023\/09\/upload_11dbed5728b918bb5c8c64b76dca64c7.jpg","contentUrl":"https:\/\/newsvirali.it\/wp-content\/uploads\/2023\/09\/upload_11dbed5728b918bb5c8c64b76dca64c7.jpg","width":2560,"height":1440,"caption":"Vandalizzata l'auto dello youtuber Alessandro Greco: \"Sono sconvolto\""},{"@type":"BreadcrumbList","@id":"https:\/\/newsvirali.it\/2023\/09\/21\/vandalizzata-lauto-dello-youtuber-alessandro-greco-sono-sconvolto\/#breadcrumb","itemListElement":[{"@type":"ListItem","position":1,"name":"Home","item":"https:\/\/newsvirali.it\/fr\/"},{"@type":"ListItem","position":2,"name":"Vandalizzata l&#8217;auto dello youtuber Alessandro Greco: &#8220;Sono sconvolto&#8221;"}]},{"@type":"WebSite","@id":"https:\/\/newsvirali.it\/fr\/#website","url":"https:\/\/newsvirali.it\/fr\/","name":"Bake News","description":"","potentialAction":[{"@type":"SearchAction","target":{"@type":"EntryPoint","urlTemplate":"https:\/\/newsvirali.it\/fr\/?s={search_term_string}"},"query-input":{"@type":"PropertyValueSpecification","valueRequired":true,"valueName":"search_term_string"}}],"inLanguage":"es"},{"@type":"Person","@id":"https:\/\/newsvirali.it\/fr\/#\/schema\/person\/4c835f7b49c9adb58b33901ee816565d","name":"Cecco Prestina","description":"Perch\u00e9 nasconderlo? Cecco Prestina \u00e8 un alias, ma dietro di lui non si cela un algoritmo di intelligenza artificiale. C'\u00e8 un giornalista che ha oltre vent'anni di esperienza tutta sul web. Da quando il primo modem ha iniziato a gracchiare sul territorio italiano con Video on Line, Cecco ha capito che da quel doppino sarebbe passato il futuro. Ha dedidicato tutta la sua carriera a capire Internet e poi i social e ora l'Ai. Una carriera in costante aggiornamento. E questa esperienza la mette in campo ogni giorno. Per\u00f2 ogni tanto Cecco ha voglia anche di non scrivere \"pipponi\" sulla politica, sull'economia. Ha voglia anche di scrivere qualcosa di divertente. Le notizie che trovate su Bake News sono le stesse che Cecco porta all'aperitivo con gli amici. Quelle di cui discutere per farsi due risate. Notizie, vere (qualche volta si fa fatica a crederlo), strane, divertenti, ma anche serie. Bake News \u00e8 nato per questo, dare al pubblico notizie croccanti e calde come il pane che esce dal forno. E Cecco Prestina \u00e8 nato con Bake News.","url":"https:\/\/newsvirali.it\/es\/autore\/cecco-prestina\/"}]}},"_links":{"self":[{"href":"https:\/\/newsvirali.it\/es\/wp-json\/wp\/v2\/posts\/5238","targetHints":{"allow":["GET"]}}],"collection":[{"href":"https:\/\/newsvirali.it\/es\/wp-json\/wp\/v2\/posts"}],"about":[{"href":"https:\/\/newsvirali.it\/es\/wp-json\/wp\/v2\/types\/post"}],"author":[{"embeddable":true,"href":"https:\/\/newsvirali.it\/es\/wp-json\/wp\/v2\/users\/4"}],"replies":[{"embeddable":true,"href":"https:\/\/newsvirali.it\/es\/wp-json\/wp\/v2\/comments?post=5238"}],"version-history":[{"count":3,"href":"https:\/\/newsvirali.it\/es\/wp-json\/wp\/v2\/posts\/5238\/revisions"}],"predecessor-version":[{"id":5257,"href":"https:\/\/newsvirali.it\/es\/wp-json\/wp\/v2\/posts\/5238\/revisions\/5257"}],"wp:featuredmedia":[{"embeddable":true,"href":"https:\/\/newsvirali.it\/es\/wp-json\/wp\/v2\/media\/5254"}],"wp:attachment":[{"href":"https:\/\/newsvirali.it\/es\/wp-json\/wp\/v2\/media?parent=5238"}],"wp:term":[{"taxonomy":"category","embeddable":true,"href":"https:\/\/newsvirali.it\/es\/wp-json\/wp\/v2\/categories?post=5238"},{"taxonomy":"post_tag","embeddable":true,"href":"https:\/\/newsvirali.it\/es\/wp-json\/wp\/v2\/tags?post=5238"}],"curies":[{"name":"wp","href":"https:\/\/api.w.org\/{rel}","templated":true}]}}