{"id":50184,"date":"2024-11-12T15:34:42","date_gmt":"2024-11-12T14:34:42","guid":{"rendered":"https:\/\/newsvirali.it\/?p=50184"},"modified":"2024-11-12T15:34:43","modified_gmt":"2024-11-12T14:34:43","slug":"bambina-si-incastra-capelli-nella-ruota-panoramica-strappato-via-lo-scalpo","status":"publish","type":"post","link":"https:\/\/newsvirali.it\/es\/2024\/11\/12\/nina-se-queda-atascada-en-la-noria-y-le-arrancan-el-cuero-cabelludo\/","title":{"rendered":"Ni\u00f1a se queda atascada en una noria y le arrancan el cuero cabelludo"},"content":{"rendered":"<p>A una ni\u00f1a se le arranca el pelo tras quedar atrapada en una noria en la India. La ni\u00f1a qued\u00f3 atrapada en una barra de metal de una noria mientras se divert\u00eda en un carrusel en Kannauj, Uttar Pradesh, India. El cabello de Anuradha Katheria, de trece a\u00f1os, qued\u00f3 completamente arrancado. Las im\u00e1genes que circularon en las redes sociales fueron dram\u00e1ticas.<\/p>\n\n\n\n<p><strong>LEER TAMBI\u00c9N<\/strong><\/p>\n\n\n\n<ul class=\"wp-block-list\">\n<li><a href=\"https:\/\/newsvirali.it\/es\/2024\/09\/24\/carrusel-bloqueado-deja-a-los-pasajeros-boca-abajo-rescatados-por-los-bomberos\/\">Carrusel atascado deja a los pasajeros boca abajo: salvados por los bomberos<\/a><\/li>\n\n\n\n<li><a href=\"https:\/\/newsvirali.it\/es\/2024\/08\/18\/horror-en-la-fiesta-del-pueblo-fuego-en-la-noria-llena-de-gente\/\">Terror en la fiesta del pueblo, fuego en la noria llena de gente<\/a><\/li>\n\n\n\n<li><a href=\"https:\/\/newsvirali.it\/es\/2024\/04\/18\/bianca-censurada-en-disneylandia-con-un-babero-para-tapar-sus-pechos\/\">Bianca Censori censurada en Disneylandia con un &quot;babero&quot; para tapar sus pechos<\/a><\/li>\n<\/ul>\n\n\n\n<p>Seg\u00fan el medio de noticias indio Amar Ujala, el cabello de la ni\u00f1a qued\u00f3 atrapado en el carrusel despu\u00e9s de sentarse, y su cabello junto con su cuero cabelludo fueron arrancados antes de que ella se diera cuenta. Cuando empez\u00f3 a gritar, el operador detuvo el viaje mientras los transe\u00fantes se apresuraban a ayudarla. En un v\u00eddeo que circula en las redes sociales y que retrata las consecuencias del terrible accidente, se ve a la ni\u00f1a siendo asistida por dos hombres.<\/p>\n\n\n\n<figure class=\"wp-block-embed is-type-rich is-provider-twitter wp-block-embed-twitter\"><div class=\"wp-block-embed__wrapper\">\n<blockquote class=\"twitter-tweet\" data-width=\"500\" data-dnt=\"true\"><p lang=\"hi\" dir=\"ltr\">\u0915\u0928\u094d\u0928\u094c\u091c \u091d\u0942\u0932\u093e \u0915\u093f\u0936\u094b\u0930\u0940 \u0915\u093f\u0936\u094b\u0930\u0940 \u0915\u093f\u0936\u094b\u0930\u0940 \u0915\u0947 \u0938\u093e\u0925 \u0926\u0930\u094d\u0926\u0928\u093e\u0915 \u0926\u0930\u094d\u0926\u0928\u093e\u0915 \u0939\u093e\u0926\u0938\u093e \u091d\u0942\u0932\u0947 \u091d\u0942\u0932\u0947 \u092a\u093e\u0907\u092a \u092e\u0947\u0902 \u092b\u0902\u0938\u0915\u0930 \u0915\u093f\u0936\u094b\u0930\u0940 \u0938\u093f\u0930 \u0915\u0947 \u0915\u0947 \u092c \u092c \u0938\u0947 \u0909\u0916\u0921\u093c\u0947 \u092c \u0915 raz\u00f3n \u0916\u094b\u092a\u0921\u093c sigue<br>\u0924\u093e\u0932\u0917\u094d\u0930\u093e\u092e \u0925\u093e\u0928\u093e \u0915\u094d\u0937\u0947\u0924\u094d\u0930 \u0915\u0947 \u092e\u093e\u0927\u094b\u0928\u0917\u0930 \u0917\u093e\u0902\u0935 \u092e\u0947\u0902 \u0939\u0941\u0906 \u0939\u093e\u0926\u0938\u093e \u0917\u0902\u092d\u0940\u0930 \u0939\u093e\u0932\u0924 \u092e\u0947\u0902 13 \u0935\u0930\u094d\u0937\u0940\u092f \u0915\u093f\u0936\u094b\u0930\u0940\u2026 <a href=\"https:\/\/t.co\/t5IGasmL6p\">pic.twitter.com\/t5IGasmL6p<\/a><\/p>\u2014 Abhishek R Ojha Periodista (@ojha_journalist) <a href=\"https:\/\/twitter.com\/ojha_journalist\/status\/1855834823585038827?ref_src=twsrc%5Etfw\">11 de noviembre de 2024<\/a><\/blockquote><script async src=\"https:\/\/platform.twitter.com\/widgets.js\" charset=\"utf-8\"><\/script>\n<\/div><\/figure>\n\n\n\n<p>Todo su cabello est\u00e1 atrapado en la barra de metal del veh\u00edculo justo encima del asiento, despu\u00e9s de haber sido arrancado de su cuero cabelludo. Tambi\u00e9n goteaba sangre de la herida. Entonces la ni\u00f1a pareci\u00f3 perder el conocimiento y caer de rodillas. Despu\u00e9s de escuchar a otros residentes, la familia, con la ayuda del operador del servicio de transporte, la llev\u00f3 a un hospital privado cercano. Pero cuando su condici\u00f3n empeor\u00f3, la trasladaron a un hospital en Lucknow.<\/p>\n\n\n\n<p>Denuncia policial presentada contra el operador de la noria Afortunadamente, seg\u00fan el Hindustan Times, la salud de la ni\u00f1a ha mejorado desde entonces y ha sido declarada fuera de peligro.<\/p>\n<br \/>S\u00edguenos tambi\u00e9n en Google News: <b><a href=\"https:\/\/news.google.com\/publications\/CAAqBwgKMNqJiwswjMfqAg?hl=it&gl=IT&ceid=IT:it\" target=\"_blank\">haga clic aqu\u00ed<\/a><\/b>","protected":false},"excerpt":{"rendered":"<p>A una ni\u00f1a se le arranca el pelo tras quedar atrapada en una noria en la India. La ni\u00f1a se qued\u00f3 [\u2026]<\/p>","protected":false},"author":4,"featured_media":50185,"comment_status":"closed","ping_status":"open","sticky":false,"template":"","format":"standard","meta":{"MSN_Categories":"Uncategorized","MSN_Publish_Option":false,"MSN_Is_Local_News":false,"MSN_Is_AIAC_Included":"Empty","MSN_Location":"[]","MSN_Add_Feature_Img_On_Top_Of_Post":false,"MSN_Has_Custom_Author":false,"MSN_Custom_Author":"","MSN_Has_Custom_Canonical_Url":false,"MSN_Custom_Canonical_Url":"","footnotes":""},"categories":[9],"tags":[],"class_list":["post-50184","post","type-post","status-publish","format-standard","has-post-thumbnail","hentry","category-mondo"],"acf":[],"yoast_head":"<!-- This site is optimized with the Yoast SEO Premium plugin v26.7 (Yoast SEO v26.7) - https:\/\/yoast.com\/wordpress\/plugins\/seo\/ -->\n<title>Bambina si incastra capelli nella ruota panoramica: strappato via lo scalpo<\/title>\n<meta name=\"description\" content=\"I capelli di una bambina si strappano dopo essere rimasti incastrati nella ruota panoramica in India.\" \/>\n<meta name=\"robots\" content=\"index, follow, max-snippet:-1, max-image-preview:large, max-video-preview:-1\" \/>\n<link rel=\"canonical\" href=\"https:\/\/newsvirali.it\/es\/2024\/11\/12\/nina-se-queda-atascada-en-la-noria-y-le-arrancan-el-cuero-cabelludo\/\" \/>\n<meta property=\"og:locale\" content=\"es_ES\" \/>\n<meta property=\"og:type\" content=\"article\" \/>\n<meta property=\"og:title\" content=\"Bambina si incastra capelli nella ruota panoramica: strappato via lo scalpo\" \/>\n<meta property=\"og:description\" content=\"I capelli di una bambina si strappano dopo essere rimasti incastrati nella ruota panoramica in India.\" \/>\n<meta property=\"og:url\" content=\"https:\/\/newsvirali.it\/es\/2024\/11\/12\/nina-se-queda-atascada-en-la-noria-y-le-arrancan-el-cuero-cabelludo\/\" \/>\n<meta property=\"og:site_name\" content=\"News virali\" \/>\n<meta property=\"article:published_time\" content=\"2024-11-12T14:34:42+00:00\" \/>\n<meta property=\"article:modified_time\" content=\"2024-11-12T14:34:43+00:00\" \/>\n<meta property=\"og:image\" content=\"https:\/\/newsvirali.it\/wp-content\/uploads\/2024\/11\/Bimba-si-incastra-capelli-nella-ruota-panoramica-strappato-via-lo-scalpo-1.jpg\" \/>\n\t<meta property=\"og:image:width\" content=\"2160\" \/>\n\t<meta property=\"og:image:height\" content=\"1440\" \/>\n\t<meta property=\"og:image:type\" content=\"image\/jpeg\" \/>\n<meta name=\"author\" content=\"Cecco Prestina\" \/>\n<meta name=\"twitter:card\" content=\"summary_large_image\" \/>\n<meta name=\"twitter:label1\" content=\"Escrito por\" \/>\n\t<meta name=\"twitter:data1\" content=\"Cecco Prestina\" \/>\n\t<meta name=\"twitter:label2\" content=\"Tiempo de lectura\" \/>\n\t<meta name=\"twitter:data2\" content=\"2 minutos\" \/>\n<script type=\"application\/ld+json\" class=\"yoast-schema-graph\">{\"@context\":\"https:\/\/schema.org\",\"@graph\":[{\"@type\":\"NewsArticle\",\"@id\":\"https:\/\/newsvirali.it\/2024\/11\/12\/bambina-si-incastra-capelli-nella-ruota-panoramica-strappato-via-lo-scalpo\/#article\",\"isPartOf\":{\"@id\":\"https:\/\/newsvirali.it\/2024\/11\/12\/bambina-si-incastra-capelli-nella-ruota-panoramica-strappato-via-lo-scalpo\/\"},\"author\":{\"name\":\"Cecco Prestina\",\"@id\":\"https:\/\/newsvirali.it\/fr\/#\/schema\/person\/4c835f7b49c9adb58b33901ee816565d\"},\"headline\":\"Bambina si incastra capelli nella ruota panoramica: strappato via lo scalpo\",\"datePublished\":\"2024-11-12T14:34:42+00:00\",\"dateModified\":\"2024-11-12T14:34:43+00:00\",\"mainEntityOfPage\":{\"@id\":\"https:\/\/newsvirali.it\/2024\/11\/12\/bambina-si-incastra-capelli-nella-ruota-panoramica-strappato-via-lo-scalpo\/\"},\"wordCount\":299,\"image\":{\"@id\":\"https:\/\/newsvirali.it\/2024\/11\/12\/bambina-si-incastra-capelli-nella-ruota-panoramica-strappato-via-lo-scalpo\/#primaryimage\"},\"thumbnailUrl\":\"https:\/\/newsvirali.it\/wp-content\/uploads\/2024\/11\/Bimba-si-incastra-capelli-nella-ruota-panoramica-strappato-via-lo-scalpo-1.jpg\",\"articleSection\":[\"Mondo\"],\"inLanguage\":\"es\",\"copyrightYear\":\"2024\",\"copyrightHolder\":{\"@id\":\"https:\/\/newsvirali.it\/es\/#organization\"}},{\"@type\":\"WebPage\",\"@id\":\"https:\/\/newsvirali.it\/2024\/11\/12\/bambina-si-incastra-capelli-nella-ruota-panoramica-strappato-via-lo-scalpo\/\",\"url\":\"https:\/\/newsvirali.it\/2024\/11\/12\/bambina-si-incastra-capelli-nella-ruota-panoramica-strappato-via-lo-scalpo\/\",\"name\":\"Bambina si incastra capelli nella ruota panoramica: strappato via lo scalpo\",\"isPartOf\":{\"@id\":\"https:\/\/newsvirali.it\/fr\/#website\"},\"primaryImageOfPage\":{\"@id\":\"https:\/\/newsvirali.it\/2024\/11\/12\/bambina-si-incastra-capelli-nella-ruota-panoramica-strappato-via-lo-scalpo\/#primaryimage\"},\"image\":{\"@id\":\"https:\/\/newsvirali.it\/2024\/11\/12\/bambina-si-incastra-capelli-nella-ruota-panoramica-strappato-via-lo-scalpo\/#primaryimage\"},\"thumbnailUrl\":\"https:\/\/newsvirali.it\/wp-content\/uploads\/2024\/11\/Bimba-si-incastra-capelli-nella-ruota-panoramica-strappato-via-lo-scalpo-1.jpg\",\"datePublished\":\"2024-11-12T14:34:42+00:00\",\"dateModified\":\"2024-11-12T14:34:43+00:00\",\"author\":{\"@id\":\"https:\/\/newsvirali.it\/fr\/#\/schema\/person\/4c835f7b49c9adb58b33901ee816565d\"},\"description\":\"I capelli di una bambina si strappano dopo essere rimasti incastrati nella ruota panoramica in India.\",\"breadcrumb\":{\"@id\":\"https:\/\/newsvirali.it\/2024\/11\/12\/bambina-si-incastra-capelli-nella-ruota-panoramica-strappato-via-lo-scalpo\/#breadcrumb\"},\"inLanguage\":\"es\",\"potentialAction\":[{\"@type\":\"ReadAction\",\"target\":[\"https:\/\/newsvirali.it\/2024\/11\/12\/bambina-si-incastra-capelli-nella-ruota-panoramica-strappato-via-lo-scalpo\/\"]}]},{\"@type\":\"ImageObject\",\"inLanguage\":\"es\",\"@id\":\"https:\/\/newsvirali.it\/2024\/11\/12\/bambina-si-incastra-capelli-nella-ruota-panoramica-strappato-via-lo-scalpo\/#primaryimage\",\"url\":\"https:\/\/newsvirali.it\/wp-content\/uploads\/2024\/11\/Bimba-si-incastra-capelli-nella-ruota-panoramica-strappato-via-lo-scalpo-1.jpg\",\"contentUrl\":\"https:\/\/newsvirali.it\/wp-content\/uploads\/2024\/11\/Bimba-si-incastra-capelli-nella-ruota-panoramica-strappato-via-lo-scalpo-1.jpg\",\"width\":2160,\"height\":1440,\"caption\":\"Bimba si incastra capelli nella ruota panoramica: strappato via lo scalpo\"},{\"@type\":\"BreadcrumbList\",\"@id\":\"https:\/\/newsvirali.it\/2024\/11\/12\/bambina-si-incastra-capelli-nella-ruota-panoramica-strappato-via-lo-scalpo\/#breadcrumb\",\"itemListElement\":[{\"@type\":\"ListItem\",\"position\":1,\"name\":\"Home\",\"item\":\"https:\/\/newsvirali.it\/fr\/\"},{\"@type\":\"ListItem\",\"position\":2,\"name\":\"Bambina si incastra capelli nella ruota panoramica: strappato via lo scalpo\"}]},{\"@type\":\"WebSite\",\"@id\":\"https:\/\/newsvirali.it\/fr\/#website\",\"url\":\"https:\/\/newsvirali.it\/fr\/\",\"name\":\"Bake News\",\"description\":\"\",\"potentialAction\":[{\"@type\":\"SearchAction\",\"target\":{\"@type\":\"EntryPoint\",\"urlTemplate\":\"https:\/\/newsvirali.it\/fr\/?s={search_term_string}\"},\"query-input\":{\"@type\":\"PropertyValueSpecification\",\"valueRequired\":true,\"valueName\":\"search_term_string\"}}],\"inLanguage\":\"es\"},{\"@type\":\"Person\",\"@id\":\"https:\/\/newsvirali.it\/fr\/#\/schema\/person\/4c835f7b49c9adb58b33901ee816565d\",\"name\":\"Cecco Prestina\",\"description\":\"Perch\u00e9 nasconderlo? Cecco Prestina \u00e8 un alias, ma dietro di lui non si cela un algoritmo di intelligenza artificiale. C'\u00e8 un giornalista che ha oltre vent'anni di esperienza tutta sul web. Da quando il primo modem ha iniziato a gracchiare sul territorio italiano con Video on Line, Cecco ha capito che da quel doppino sarebbe passato il futuro. Ha dedidicato tutta la sua carriera a capire Internet e poi i social e ora l'Ai. Una carriera in costante aggiornamento. E questa esperienza la mette in campo ogni giorno. Per\u00f2 ogni tanto Cecco ha voglia anche di non scrivere \\\"pipponi\\\" sulla politica, sull'economia. Ha voglia anche di scrivere qualcosa di divertente. Le notizie che trovate su Bake News sono le stesse che Cecco porta all'aperitivo con gli amici. Quelle di cui discutere per farsi due risate. Notizie, vere (qualche volta si fa fatica a crederlo), strane, divertenti, ma anche serie. Bake News \u00e8 nato per questo, dare al pubblico notizie croccanti e calde come il pane che esce dal forno. E Cecco Prestina \u00e8 nato con Bake News.\",\"url\":\"https:\/\/newsvirali.it\/es\/autore\/cecco-prestina\/\"}]}<\/script>\n<!-- \/ Yoast SEO Premium plugin. -->","yoast_head_json":{"title":"Bambina si incastra capelli nella ruota panoramica: strappato via lo scalpo","description":"I capelli di una bambina si strappano dopo essere rimasti incastrati nella ruota panoramica in India.","robots":{"index":"index","follow":"follow","max-snippet":"max-snippet:-1","max-image-preview":"max-image-preview:large","max-video-preview":"max-video-preview:-1"},"canonical":"https:\/\/newsvirali.it\/es\/2024\/11\/12\/nina-se-queda-atascada-en-la-noria-y-le-arrancan-el-cuero-cabelludo\/","og_locale":"es_ES","og_type":"article","og_title":"Bambina si incastra capelli nella ruota panoramica: strappato via lo scalpo","og_description":"I capelli di una bambina si strappano dopo essere rimasti incastrati nella ruota panoramica in India.","og_url":"https:\/\/newsvirali.it\/es\/2024\/11\/12\/nina-se-queda-atascada-en-la-noria-y-le-arrancan-el-cuero-cabelludo\/","og_site_name":"News virali","article_published_time":"2024-11-12T14:34:42+00:00","article_modified_time":"2024-11-12T14:34:43+00:00","og_image":[{"width":2160,"height":1440,"url":"https:\/\/newsvirali.it\/wp-content\/uploads\/2024\/11\/Bimba-si-incastra-capelli-nella-ruota-panoramica-strappato-via-lo-scalpo-1.jpg","type":"image\/jpeg"}],"author":"Cecco Prestina","twitter_card":"summary_large_image","twitter_misc":{"Escrito por":"Cecco Prestina","Tiempo de lectura":"2 minutos"},"schema":{"@context":"https:\/\/schema.org","@graph":[{"@type":"NewsArticle","@id":"https:\/\/newsvirali.it\/2024\/11\/12\/bambina-si-incastra-capelli-nella-ruota-panoramica-strappato-via-lo-scalpo\/#article","isPartOf":{"@id":"https:\/\/newsvirali.it\/2024\/11\/12\/bambina-si-incastra-capelli-nella-ruota-panoramica-strappato-via-lo-scalpo\/"},"author":{"name":"Cecco Prestina","@id":"https:\/\/newsvirali.it\/fr\/#\/schema\/person\/4c835f7b49c9adb58b33901ee816565d"},"headline":"Bambina si incastra capelli nella ruota panoramica: strappato via lo scalpo","datePublished":"2024-11-12T14:34:42+00:00","dateModified":"2024-11-12T14:34:43+00:00","mainEntityOfPage":{"@id":"https:\/\/newsvirali.it\/2024\/11\/12\/bambina-si-incastra-capelli-nella-ruota-panoramica-strappato-via-lo-scalpo\/"},"wordCount":299,"image":{"@id":"https:\/\/newsvirali.it\/2024\/11\/12\/bambina-si-incastra-capelli-nella-ruota-panoramica-strappato-via-lo-scalpo\/#primaryimage"},"thumbnailUrl":"https:\/\/newsvirali.it\/wp-content\/uploads\/2024\/11\/Bimba-si-incastra-capelli-nella-ruota-panoramica-strappato-via-lo-scalpo-1.jpg","articleSection":["Mondo"],"inLanguage":"es","copyrightYear":"2024","copyrightHolder":{"@id":"https:\/\/newsvirali.it\/es\/#organization"}},{"@type":"WebPage","@id":"https:\/\/newsvirali.it\/2024\/11\/12\/bambina-si-incastra-capelli-nella-ruota-panoramica-strappato-via-lo-scalpo\/","url":"https:\/\/newsvirali.it\/2024\/11\/12\/bambina-si-incastra-capelli-nella-ruota-panoramica-strappato-via-lo-scalpo\/","name":"Bambina si incastra capelli nella ruota panoramica: strappato via lo scalpo","isPartOf":{"@id":"https:\/\/newsvirali.it\/fr\/#website"},"primaryImageOfPage":{"@id":"https:\/\/newsvirali.it\/2024\/11\/12\/bambina-si-incastra-capelli-nella-ruota-panoramica-strappato-via-lo-scalpo\/#primaryimage"},"image":{"@id":"https:\/\/newsvirali.it\/2024\/11\/12\/bambina-si-incastra-capelli-nella-ruota-panoramica-strappato-via-lo-scalpo\/#primaryimage"},"thumbnailUrl":"https:\/\/newsvirali.it\/wp-content\/uploads\/2024\/11\/Bimba-si-incastra-capelli-nella-ruota-panoramica-strappato-via-lo-scalpo-1.jpg","datePublished":"2024-11-12T14:34:42+00:00","dateModified":"2024-11-12T14:34:43+00:00","author":{"@id":"https:\/\/newsvirali.it\/fr\/#\/schema\/person\/4c835f7b49c9adb58b33901ee816565d"},"description":"I capelli di una bambina si strappano dopo essere rimasti incastrati nella ruota panoramica in India.","breadcrumb":{"@id":"https:\/\/newsvirali.it\/2024\/11\/12\/bambina-si-incastra-capelli-nella-ruota-panoramica-strappato-via-lo-scalpo\/#breadcrumb"},"inLanguage":"es","potentialAction":[{"@type":"ReadAction","target":["https:\/\/newsvirali.it\/2024\/11\/12\/bambina-si-incastra-capelli-nella-ruota-panoramica-strappato-via-lo-scalpo\/"]}]},{"@type":"ImageObject","inLanguage":"es","@id":"https:\/\/newsvirali.it\/2024\/11\/12\/bambina-si-incastra-capelli-nella-ruota-panoramica-strappato-via-lo-scalpo\/#primaryimage","url":"https:\/\/newsvirali.it\/wp-content\/uploads\/2024\/11\/Bimba-si-incastra-capelli-nella-ruota-panoramica-strappato-via-lo-scalpo-1.jpg","contentUrl":"https:\/\/newsvirali.it\/wp-content\/uploads\/2024\/11\/Bimba-si-incastra-capelli-nella-ruota-panoramica-strappato-via-lo-scalpo-1.jpg","width":2160,"height":1440,"caption":"Bimba si incastra capelli nella ruota panoramica: strappato via lo scalpo"},{"@type":"BreadcrumbList","@id":"https:\/\/newsvirali.it\/2024\/11\/12\/bambina-si-incastra-capelli-nella-ruota-panoramica-strappato-via-lo-scalpo\/#breadcrumb","itemListElement":[{"@type":"ListItem","position":1,"name":"Home","item":"https:\/\/newsvirali.it\/fr\/"},{"@type":"ListItem","position":2,"name":"Bambina si incastra capelli nella ruota panoramica: strappato via lo scalpo"}]},{"@type":"WebSite","@id":"https:\/\/newsvirali.it\/fr\/#website","url":"https:\/\/newsvirali.it\/fr\/","name":"Bake News","description":"","potentialAction":[{"@type":"SearchAction","target":{"@type":"EntryPoint","urlTemplate":"https:\/\/newsvirali.it\/fr\/?s={search_term_string}"},"query-input":{"@type":"PropertyValueSpecification","valueRequired":true,"valueName":"search_term_string"}}],"inLanguage":"es"},{"@type":"Person","@id":"https:\/\/newsvirali.it\/fr\/#\/schema\/person\/4c835f7b49c9adb58b33901ee816565d","name":"Cecco Prestina","description":"Perch\u00e9 nasconderlo? Cecco Prestina \u00e8 un alias, ma dietro di lui non si cela un algoritmo di intelligenza artificiale. C'\u00e8 un giornalista che ha oltre vent'anni di esperienza tutta sul web. Da quando il primo modem ha iniziato a gracchiare sul territorio italiano con Video on Line, Cecco ha capito che da quel doppino sarebbe passato il futuro. Ha dedidicato tutta la sua carriera a capire Internet e poi i social e ora l'Ai. Una carriera in costante aggiornamento. E questa esperienza la mette in campo ogni giorno. Per\u00f2 ogni tanto Cecco ha voglia anche di non scrivere \"pipponi\" sulla politica, sull'economia. Ha voglia anche di scrivere qualcosa di divertente. Le notizie che trovate su Bake News sono le stesse che Cecco porta all'aperitivo con gli amici. Quelle di cui discutere per farsi due risate. Notizie, vere (qualche volta si fa fatica a crederlo), strane, divertenti, ma anche serie. Bake News \u00e8 nato per questo, dare al pubblico notizie croccanti e calde come il pane che esce dal forno. E Cecco Prestina \u00e8 nato con Bake News.","url":"https:\/\/newsvirali.it\/es\/autore\/cecco-prestina\/"}]}},"_links":{"self":[{"href":"https:\/\/newsvirali.it\/es\/wp-json\/wp\/v2\/posts\/50184","targetHints":{"allow":["GET"]}}],"collection":[{"href":"https:\/\/newsvirali.it\/es\/wp-json\/wp\/v2\/posts"}],"about":[{"href":"https:\/\/newsvirali.it\/es\/wp-json\/wp\/v2\/types\/post"}],"author":[{"embeddable":true,"href":"https:\/\/newsvirali.it\/es\/wp-json\/wp\/v2\/users\/4"}],"replies":[{"embeddable":true,"href":"https:\/\/newsvirali.it\/es\/wp-json\/wp\/v2\/comments?post=50184"}],"version-history":[{"count":3,"href":"https:\/\/newsvirali.it\/es\/wp-json\/wp\/v2\/posts\/50184\/revisions"}],"predecessor-version":[{"id":50233,"href":"https:\/\/newsvirali.it\/es\/wp-json\/wp\/v2\/posts\/50184\/revisions\/50233"}],"wp:featuredmedia":[{"embeddable":true,"href":"https:\/\/newsvirali.it\/es\/wp-json\/wp\/v2\/media\/50185"}],"wp:attachment":[{"href":"https:\/\/newsvirali.it\/es\/wp-json\/wp\/v2\/media?parent=50184"}],"wp:term":[{"taxonomy":"category","embeddable":true,"href":"https:\/\/newsvirali.it\/es\/wp-json\/wp\/v2\/categories?post=50184"},{"taxonomy":"post_tag","embeddable":true,"href":"https:\/\/newsvirali.it\/es\/wp-json\/wp\/v2\/tags?post=50184"}],"curies":[{"name":"wp","href":"https:\/\/api.w.org\/{rel}","templated":true}]}}