{"id":49795,"date":"2024-11-06T02:32:41","date_gmt":"2024-11-06T01:32:41","guid":{"rendered":"https:\/\/newsvirali.it\/?p=49795"},"modified":"2024-11-06T02:32:42","modified_gmt":"2024-11-06T01:32:42","slug":"tenta-di-aprire-la-porta-di-emergenza-dellaereo-passeggeri-lo-bloccano-con-la-forza","status":"publish","type":"post","link":"https:\/\/newsvirali.it\/es\/2024\/11\/06\/intenta-abrir-la-puerta-de-emergencia-del-avion-de-pasajeros-y-la-bloquean-a-la-fuerza-2\/","title":{"rendered":"Intenta abrir la puerta de emergencia del avi\u00f3n, los pasajeros lo bloquean a la fuerza"},"content":{"rendered":"<p>Momentos de p\u00e1nico en un vuelo de Copa Airlines arribando a Panam\u00e1: un pasajero intent\u00f3 abrir la puerta de emergencia mientras el avi\u00f3n aterrizaba, alertando a la tripulaci\u00f3n y pasajeros a bordo. Seg\u00fan los informes, el hombre intent\u00f3 repentinamente desbloquear la puerta de seguridad, a pesar de la situaci\u00f3n cr\u00edtica debido a la altitud y la velocidad del avi\u00f3n.<\/p>\n\n\n\n<p><strong>LEER TAMBI\u00c9N<\/strong><\/p>\n\n\n\n<ul class=\"wp-block-list\">\n<li><a href=\"https:\/\/newsvirali.it\/es\/2024\/10\/22\/avion-devora-carrito-de-equipaje-con-motor-el-accidente-captado-en-video\/\">Avi\u00f3n &quot;devora&quot; carro de equipaje con motor: el accidente captado en v\u00eddeo<\/a><\/li>\n\n\n\n<li><a href=\"https:\/\/newsvirali.it\/es\/2024\/10\/09\/piloto-muere-durante-vuelo-obligado-a-realizar-aterrizaje-de-emergencia\/\">Piloto muere durante el vuelo y el avi\u00f3n se ve obligado a realizar un aterrizaje de emergencia<\/a><\/li>\n\n\n\n<li><a href=\"https:\/\/newsvirali.it\/es\/2024\/10\/08\/el-avion-que-conecta-londres-con-nueva-york-llega-en-menos-de-una-hora\/\">El avi\u00f3n que conecta Londres con Nueva York llega en menos de una hora<\/a><\/li>\n<\/ul>\n\n\n\n<p>El alarmante comportamiento del pasajero provoc\u00f3 la inmediata reacci\u00f3n de la tripulaci\u00f3n a bordo, quienes r\u00e1pidamente detuvieron al hombre, evitando as\u00ed un posible accidente. El avi\u00f3n, que ya estaba casi en tierra, logr\u00f3 completar el aterrizaje sin mayores problemas gracias a la profesionalidad y rapidez de la tripulaci\u00f3n.<\/p>\n\n\n\n<figure class=\"wp-block-embed is-type-rich is-provider-twitter wp-block-embed-twitter\"><div class=\"wp-block-embed__wrapper\">\n<blockquote class=\"twitter-tweet\" data-width=\"500\" data-dnt=\"true\"><p lang=\"en\" dir=\"ltr\">Un pasajero del vuelo CM204 de Copa Airlines operado por una aeronave matr\u00edcula HP-1843CMP con destino Brasilia (BSB) a Ciudad de Panam\u00e1 (PTY), intent\u00f3 abrir la puerta de emergencia del avi\u00f3n en pleno vuelo el martes 5 de noviembre y fue inmovilizado por otros pasajeros.<br><br>En cuanto a Pasajeros, el\u2026 <a href=\"https:\/\/t.co\/Edt41WefXY\">pic.twitter.com\/Edt41WefXY<\/a><\/p>\u2014FL360aero (@fl360aero) <a href=\"https:\/\/twitter.com\/fl360aero\/status\/1853936414083485704?ref_src=twsrc%5Etfw\">5 de noviembre de 2024<\/a><\/blockquote><script async src=\"https:\/\/platform.twitter.com\/widgets.js\" charset=\"utf-8\"><\/script>\n<\/div><\/figure>\n\n\n\n<p>El accidente, ocurrido en un vuelo que despegaba de Brasilia y se dirig\u00eda a Ciudad de Panam\u00e1. El caso ocurri\u00f3 poco antes de aterrizar en la ciudad de Panam\u00e1. Una vez en el pa\u00eds centroamericano, el hombre fue entregado a las autoridades judiciales.<\/p>\n<br \/>S\u00edguenos tambi\u00e9n en Google News: <b><a href=\"https:\/\/news.google.com\/publications\/CAAqBwgKMNqJiwswjMfqAg?hl=it&gl=IT&ceid=IT:it\" target=\"_blank\">haga clic aqu\u00ed<\/a><\/b>","protected":false},"excerpt":{"rendered":"<p>Momentos de p\u00e1nico en un vuelo de Copa Airlines arribando a Panam\u00e1: un pasajero intent\u00f3 abrir la [\u2026]<\/p>","protected":false},"author":4,"featured_media":49796,"comment_status":"closed","ping_status":"open","sticky":false,"template":"","format":"standard","meta":{"MSN_Categories":"Uncategorized","MSN_Publish_Option":false,"MSN_Is_Local_News":false,"MSN_Is_AIAC_Included":"Empty","MSN_Location":"[]","MSN_Add_Feature_Img_On_Top_Of_Post":false,"MSN_Has_Custom_Author":false,"MSN_Custom_Author":"","MSN_Has_Custom_Canonical_Url":false,"MSN_Custom_Canonical_Url":"","footnotes":""},"categories":[9],"tags":[],"class_list":["post-49795","post","type-post","status-publish","format-standard","has-post-thumbnail","hentry","category-mondo"],"acf":[],"yoast_head":"<!-- This site is optimized with the Yoast SEO Premium plugin v26.7 (Yoast SEO v26.7) - https:\/\/yoast.com\/wordpress\/plugins\/seo\/ -->\n<title>Tenta di aprire la porta di emergenza dell&#039;aereo, passeggeri lo bloccano con la forza<\/title>\n<meta name=\"robots\" content=\"index, follow, max-snippet:-1, max-image-preview:large, max-video-preview:-1\" \/>\n<link rel=\"canonical\" href=\"https:\/\/newsvirali.it\/es\/2024\/11\/06\/intenta-abrir-la-puerta-de-emergencia-del-avion-de-pasajeros-y-la-bloquean-a-la-fuerza-2\/\" \/>\n<meta property=\"og:locale\" content=\"es_ES\" \/>\n<meta property=\"og:type\" content=\"article\" \/>\n<meta property=\"og:title\" content=\"Tenta di aprire la porta di emergenza dell&#039;aereo, passeggeri lo bloccano con la forza\" \/>\n<meta property=\"og:description\" content=\"Attimi di panico su un volo della Copa Airlines in arrivo a Panama: un passeggero ha cercato di aprire la [&hellip;]\" \/>\n<meta property=\"og:url\" content=\"https:\/\/newsvirali.it\/es\/2024\/11\/06\/intenta-abrir-la-puerta-de-emergencia-del-avion-de-pasajeros-y-la-bloquean-a-la-fuerza-2\/\" \/>\n<meta property=\"og:site_name\" content=\"News virali\" \/>\n<meta property=\"article:published_time\" content=\"2024-11-06T01:32:41+00:00\" \/>\n<meta property=\"article:modified_time\" content=\"2024-11-06T01:32:42+00:00\" \/>\n<meta property=\"og:image\" content=\"https:\/\/newsvirali.it\/wp-content\/uploads\/2024\/11\/Tenta-di-aprire-la-porta-di-emergenza-dellaereo-passeggeri-lo-bloccano-con-la-forza-1.jpg\" \/>\n\t<meta property=\"og:image:width\" content=\"2160\" \/>\n\t<meta property=\"og:image:height\" content=\"1440\" \/>\n\t<meta property=\"og:image:type\" content=\"image\/jpeg\" \/>\n<meta name=\"author\" content=\"Cecco Prestina\" \/>\n<meta name=\"twitter:card\" content=\"summary_large_image\" \/>\n<meta name=\"twitter:label1\" content=\"Escrito por\" \/>\n\t<meta name=\"twitter:data1\" content=\"Cecco Prestina\" \/>\n\t<meta name=\"twitter:label2\" content=\"Tiempo de lectura\" \/>\n\t<meta name=\"twitter:data2\" content=\"1 minuto\" \/>\n<script type=\"application\/ld+json\" class=\"yoast-schema-graph\">{\"@context\":\"https:\/\/schema.org\",\"@graph\":[{\"@type\":\"NewsArticle\",\"@id\":\"https:\/\/newsvirali.it\/2024\/11\/06\/tenta-di-aprire-la-porta-di-emergenza-dellaereo-passeggeri-lo-bloccano-con-la-forza\/#article\",\"isPartOf\":{\"@id\":\"https:\/\/newsvirali.it\/2024\/11\/06\/tenta-di-aprire-la-porta-di-emergenza-dellaereo-passeggeri-lo-bloccano-con-la-forza\/\"},\"author\":{\"name\":\"Cecco Prestina\",\"@id\":\"https:\/\/newsvirali.it\/fr\/#\/schema\/person\/4c835f7b49c9adb58b33901ee816565d\"},\"headline\":\"Tenta di aprire la porta di emergenza dell&#8217;aereo, passeggeri lo bloccano con la forza\",\"datePublished\":\"2024-11-06T01:32:41+00:00\",\"dateModified\":\"2024-11-06T01:32:42+00:00\",\"mainEntityOfPage\":{\"@id\":\"https:\/\/newsvirali.it\/2024\/11\/06\/tenta-di-aprire-la-porta-di-emergenza-dellaereo-passeggeri-lo-bloccano-con-la-forza\/\"},\"wordCount\":214,\"image\":{\"@id\":\"https:\/\/newsvirali.it\/2024\/11\/06\/tenta-di-aprire-la-porta-di-emergenza-dellaereo-passeggeri-lo-bloccano-con-la-forza\/#primaryimage\"},\"thumbnailUrl\":\"https:\/\/newsvirali.it\/wp-content\/uploads\/2024\/11\/Tenta-di-aprire-la-porta-di-emergenza-dellaereo-passeggeri-lo-bloccano-con-la-forza-1.jpg\",\"articleSection\":[\"Mondo\"],\"inLanguage\":\"es\",\"copyrightYear\":\"2024\",\"copyrightHolder\":{\"@id\":\"https:\/\/newsvirali.it\/es\/#organization\"}},{\"@type\":\"WebPage\",\"@id\":\"https:\/\/newsvirali.it\/2024\/11\/06\/tenta-di-aprire-la-porta-di-emergenza-dellaereo-passeggeri-lo-bloccano-con-la-forza\/\",\"url\":\"https:\/\/newsvirali.it\/2024\/11\/06\/tenta-di-aprire-la-porta-di-emergenza-dellaereo-passeggeri-lo-bloccano-con-la-forza\/\",\"name\":\"Tenta di aprire la porta di emergenza dell'aereo, passeggeri lo bloccano con la forza\",\"isPartOf\":{\"@id\":\"https:\/\/newsvirali.it\/fr\/#website\"},\"primaryImageOfPage\":{\"@id\":\"https:\/\/newsvirali.it\/2024\/11\/06\/tenta-di-aprire-la-porta-di-emergenza-dellaereo-passeggeri-lo-bloccano-con-la-forza\/#primaryimage\"},\"image\":{\"@id\":\"https:\/\/newsvirali.it\/2024\/11\/06\/tenta-di-aprire-la-porta-di-emergenza-dellaereo-passeggeri-lo-bloccano-con-la-forza\/#primaryimage\"},\"thumbnailUrl\":\"https:\/\/newsvirali.it\/wp-content\/uploads\/2024\/11\/Tenta-di-aprire-la-porta-di-emergenza-dellaereo-passeggeri-lo-bloccano-con-la-forza-1.jpg\",\"datePublished\":\"2024-11-06T01:32:41+00:00\",\"dateModified\":\"2024-11-06T01:32:42+00:00\",\"author\":{\"@id\":\"https:\/\/newsvirali.it\/fr\/#\/schema\/person\/4c835f7b49c9adb58b33901ee816565d\"},\"breadcrumb\":{\"@id\":\"https:\/\/newsvirali.it\/2024\/11\/06\/tenta-di-aprire-la-porta-di-emergenza-dellaereo-passeggeri-lo-bloccano-con-la-forza\/#breadcrumb\"},\"inLanguage\":\"es\",\"potentialAction\":[{\"@type\":\"ReadAction\",\"target\":[\"https:\/\/newsvirali.it\/2024\/11\/06\/tenta-di-aprire-la-porta-di-emergenza-dellaereo-passeggeri-lo-bloccano-con-la-forza\/\"]}]},{\"@type\":\"ImageObject\",\"inLanguage\":\"es\",\"@id\":\"https:\/\/newsvirali.it\/2024\/11\/06\/tenta-di-aprire-la-porta-di-emergenza-dellaereo-passeggeri-lo-bloccano-con-la-forza\/#primaryimage\",\"url\":\"https:\/\/newsvirali.it\/wp-content\/uploads\/2024\/11\/Tenta-di-aprire-la-porta-di-emergenza-dellaereo-passeggeri-lo-bloccano-con-la-forza-1.jpg\",\"contentUrl\":\"https:\/\/newsvirali.it\/wp-content\/uploads\/2024\/11\/Tenta-di-aprire-la-porta-di-emergenza-dellaereo-passeggeri-lo-bloccano-con-la-forza-1.jpg\",\"width\":2160,\"height\":1440,\"caption\":\"Tenta di aprire la porta di emergenza dell'aereo, passeggeri lo bloccano con la forza\"},{\"@type\":\"BreadcrumbList\",\"@id\":\"https:\/\/newsvirali.it\/2024\/11\/06\/tenta-di-aprire-la-porta-di-emergenza-dellaereo-passeggeri-lo-bloccano-con-la-forza\/#breadcrumb\",\"itemListElement\":[{\"@type\":\"ListItem\",\"position\":1,\"name\":\"Home\",\"item\":\"https:\/\/newsvirali.it\/fr\/\"},{\"@type\":\"ListItem\",\"position\":2,\"name\":\"Tenta di aprire la porta di emergenza dell&#8217;aereo, passeggeri lo bloccano con la forza\"}]},{\"@type\":\"WebSite\",\"@id\":\"https:\/\/newsvirali.it\/fr\/#website\",\"url\":\"https:\/\/newsvirali.it\/fr\/\",\"name\":\"Bake News\",\"description\":\"\",\"potentialAction\":[{\"@type\":\"SearchAction\",\"target\":{\"@type\":\"EntryPoint\",\"urlTemplate\":\"https:\/\/newsvirali.it\/fr\/?s={search_term_string}\"},\"query-input\":{\"@type\":\"PropertyValueSpecification\",\"valueRequired\":true,\"valueName\":\"search_term_string\"}}],\"inLanguage\":\"es\"},{\"@type\":\"Person\",\"@id\":\"https:\/\/newsvirali.it\/fr\/#\/schema\/person\/4c835f7b49c9adb58b33901ee816565d\",\"name\":\"Cecco Prestina\",\"description\":\"Perch\u00e9 nasconderlo? Cecco Prestina \u00e8 un alias, ma dietro di lui non si cela un algoritmo di intelligenza artificiale. C'\u00e8 un giornalista che ha oltre vent'anni di esperienza tutta sul web. Da quando il primo modem ha iniziato a gracchiare sul territorio italiano con Video on Line, Cecco ha capito che da quel doppino sarebbe passato il futuro. Ha dedidicato tutta la sua carriera a capire Internet e poi i social e ora l'Ai. Una carriera in costante aggiornamento. E questa esperienza la mette in campo ogni giorno. Per\u00f2 ogni tanto Cecco ha voglia anche di non scrivere \\\"pipponi\\\" sulla politica, sull'economia. Ha voglia anche di scrivere qualcosa di divertente. Le notizie che trovate su Bake News sono le stesse che Cecco porta all'aperitivo con gli amici. Quelle di cui discutere per farsi due risate. Notizie, vere (qualche volta si fa fatica a crederlo), strane, divertenti, ma anche serie. Bake News \u00e8 nato per questo, dare al pubblico notizie croccanti e calde come il pane che esce dal forno. E Cecco Prestina \u00e8 nato con Bake News.\",\"url\":\"https:\/\/newsvirali.it\/es\/autore\/cecco-prestina\/\"}]}<\/script>\n<!-- \/ Yoast SEO Premium plugin. -->","yoast_head_json":{"title":"Tenta di aprire la porta di emergenza dell'aereo, passeggeri lo bloccano con la forza","robots":{"index":"index","follow":"follow","max-snippet":"max-snippet:-1","max-image-preview":"max-image-preview:large","max-video-preview":"max-video-preview:-1"},"canonical":"https:\/\/newsvirali.it\/es\/2024\/11\/06\/intenta-abrir-la-puerta-de-emergencia-del-avion-de-pasajeros-y-la-bloquean-a-la-fuerza-2\/","og_locale":"es_ES","og_type":"article","og_title":"Tenta di aprire la porta di emergenza dell'aereo, passeggeri lo bloccano con la forza","og_description":"Attimi di panico su un volo della Copa Airlines in arrivo a Panama: un passeggero ha cercato di aprire la [&hellip;]","og_url":"https:\/\/newsvirali.it\/es\/2024\/11\/06\/intenta-abrir-la-puerta-de-emergencia-del-avion-de-pasajeros-y-la-bloquean-a-la-fuerza-2\/","og_site_name":"News virali","article_published_time":"2024-11-06T01:32:41+00:00","article_modified_time":"2024-11-06T01:32:42+00:00","og_image":[{"width":2160,"height":1440,"url":"https:\/\/newsvirali.it\/wp-content\/uploads\/2024\/11\/Tenta-di-aprire-la-porta-di-emergenza-dellaereo-passeggeri-lo-bloccano-con-la-forza-1.jpg","type":"image\/jpeg"}],"author":"Cecco Prestina","twitter_card":"summary_large_image","twitter_misc":{"Escrito por":"Cecco Prestina","Tiempo de lectura":"1 minuto"},"schema":{"@context":"https:\/\/schema.org","@graph":[{"@type":"NewsArticle","@id":"https:\/\/newsvirali.it\/2024\/11\/06\/tenta-di-aprire-la-porta-di-emergenza-dellaereo-passeggeri-lo-bloccano-con-la-forza\/#article","isPartOf":{"@id":"https:\/\/newsvirali.it\/2024\/11\/06\/tenta-di-aprire-la-porta-di-emergenza-dellaereo-passeggeri-lo-bloccano-con-la-forza\/"},"author":{"name":"Cecco Prestina","@id":"https:\/\/newsvirali.it\/fr\/#\/schema\/person\/4c835f7b49c9adb58b33901ee816565d"},"headline":"Tenta di aprire la porta di emergenza dell&#8217;aereo, passeggeri lo bloccano con la forza","datePublished":"2024-11-06T01:32:41+00:00","dateModified":"2024-11-06T01:32:42+00:00","mainEntityOfPage":{"@id":"https:\/\/newsvirali.it\/2024\/11\/06\/tenta-di-aprire-la-porta-di-emergenza-dellaereo-passeggeri-lo-bloccano-con-la-forza\/"},"wordCount":214,"image":{"@id":"https:\/\/newsvirali.it\/2024\/11\/06\/tenta-di-aprire-la-porta-di-emergenza-dellaereo-passeggeri-lo-bloccano-con-la-forza\/#primaryimage"},"thumbnailUrl":"https:\/\/newsvirali.it\/wp-content\/uploads\/2024\/11\/Tenta-di-aprire-la-porta-di-emergenza-dellaereo-passeggeri-lo-bloccano-con-la-forza-1.jpg","articleSection":["Mondo"],"inLanguage":"es","copyrightYear":"2024","copyrightHolder":{"@id":"https:\/\/newsvirali.it\/es\/#organization"}},{"@type":"WebPage","@id":"https:\/\/newsvirali.it\/2024\/11\/06\/tenta-di-aprire-la-porta-di-emergenza-dellaereo-passeggeri-lo-bloccano-con-la-forza\/","url":"https:\/\/newsvirali.it\/2024\/11\/06\/tenta-di-aprire-la-porta-di-emergenza-dellaereo-passeggeri-lo-bloccano-con-la-forza\/","name":"Tenta di aprire la porta di emergenza dell'aereo, passeggeri lo bloccano con la forza","isPartOf":{"@id":"https:\/\/newsvirali.it\/fr\/#website"},"primaryImageOfPage":{"@id":"https:\/\/newsvirali.it\/2024\/11\/06\/tenta-di-aprire-la-porta-di-emergenza-dellaereo-passeggeri-lo-bloccano-con-la-forza\/#primaryimage"},"image":{"@id":"https:\/\/newsvirali.it\/2024\/11\/06\/tenta-di-aprire-la-porta-di-emergenza-dellaereo-passeggeri-lo-bloccano-con-la-forza\/#primaryimage"},"thumbnailUrl":"https:\/\/newsvirali.it\/wp-content\/uploads\/2024\/11\/Tenta-di-aprire-la-porta-di-emergenza-dellaereo-passeggeri-lo-bloccano-con-la-forza-1.jpg","datePublished":"2024-11-06T01:32:41+00:00","dateModified":"2024-11-06T01:32:42+00:00","author":{"@id":"https:\/\/newsvirali.it\/fr\/#\/schema\/person\/4c835f7b49c9adb58b33901ee816565d"},"breadcrumb":{"@id":"https:\/\/newsvirali.it\/2024\/11\/06\/tenta-di-aprire-la-porta-di-emergenza-dellaereo-passeggeri-lo-bloccano-con-la-forza\/#breadcrumb"},"inLanguage":"es","potentialAction":[{"@type":"ReadAction","target":["https:\/\/newsvirali.it\/2024\/11\/06\/tenta-di-aprire-la-porta-di-emergenza-dellaereo-passeggeri-lo-bloccano-con-la-forza\/"]}]},{"@type":"ImageObject","inLanguage":"es","@id":"https:\/\/newsvirali.it\/2024\/11\/06\/tenta-di-aprire-la-porta-di-emergenza-dellaereo-passeggeri-lo-bloccano-con-la-forza\/#primaryimage","url":"https:\/\/newsvirali.it\/wp-content\/uploads\/2024\/11\/Tenta-di-aprire-la-porta-di-emergenza-dellaereo-passeggeri-lo-bloccano-con-la-forza-1.jpg","contentUrl":"https:\/\/newsvirali.it\/wp-content\/uploads\/2024\/11\/Tenta-di-aprire-la-porta-di-emergenza-dellaereo-passeggeri-lo-bloccano-con-la-forza-1.jpg","width":2160,"height":1440,"caption":"Tenta di aprire la porta di emergenza dell'aereo, passeggeri lo bloccano con la forza"},{"@type":"BreadcrumbList","@id":"https:\/\/newsvirali.it\/2024\/11\/06\/tenta-di-aprire-la-porta-di-emergenza-dellaereo-passeggeri-lo-bloccano-con-la-forza\/#breadcrumb","itemListElement":[{"@type":"ListItem","position":1,"name":"Home","item":"https:\/\/newsvirali.it\/fr\/"},{"@type":"ListItem","position":2,"name":"Tenta di aprire la porta di emergenza dell&#8217;aereo, passeggeri lo bloccano con la forza"}]},{"@type":"WebSite","@id":"https:\/\/newsvirali.it\/fr\/#website","url":"https:\/\/newsvirali.it\/fr\/","name":"Bake News","description":"","potentialAction":[{"@type":"SearchAction","target":{"@type":"EntryPoint","urlTemplate":"https:\/\/newsvirali.it\/fr\/?s={search_term_string}"},"query-input":{"@type":"PropertyValueSpecification","valueRequired":true,"valueName":"search_term_string"}}],"inLanguage":"es"},{"@type":"Person","@id":"https:\/\/newsvirali.it\/fr\/#\/schema\/person\/4c835f7b49c9adb58b33901ee816565d","name":"Cecco Prestina","description":"Perch\u00e9 nasconderlo? Cecco Prestina \u00e8 un alias, ma dietro di lui non si cela un algoritmo di intelligenza artificiale. C'\u00e8 un giornalista che ha oltre vent'anni di esperienza tutta sul web. Da quando il primo modem ha iniziato a gracchiare sul territorio italiano con Video on Line, Cecco ha capito che da quel doppino sarebbe passato il futuro. Ha dedidicato tutta la sua carriera a capire Internet e poi i social e ora l'Ai. Una carriera in costante aggiornamento. E questa esperienza la mette in campo ogni giorno. Per\u00f2 ogni tanto Cecco ha voglia anche di non scrivere \"pipponi\" sulla politica, sull'economia. Ha voglia anche di scrivere qualcosa di divertente. Le notizie che trovate su Bake News sono le stesse che Cecco porta all'aperitivo con gli amici. Quelle di cui discutere per farsi due risate. Notizie, vere (qualche volta si fa fatica a crederlo), strane, divertenti, ma anche serie. Bake News \u00e8 nato per questo, dare al pubblico notizie croccanti e calde come il pane che esce dal forno. E Cecco Prestina \u00e8 nato con Bake News.","url":"https:\/\/newsvirali.it\/es\/autore\/cecco-prestina\/"}]}},"_links":{"self":[{"href":"https:\/\/newsvirali.it\/es\/wp-json\/wp\/v2\/posts\/49795","targetHints":{"allow":["GET"]}}],"collection":[{"href":"https:\/\/newsvirali.it\/es\/wp-json\/wp\/v2\/posts"}],"about":[{"href":"https:\/\/newsvirali.it\/es\/wp-json\/wp\/v2\/types\/post"}],"author":[{"embeddable":true,"href":"https:\/\/newsvirali.it\/es\/wp-json\/wp\/v2\/users\/4"}],"replies":[{"embeddable":true,"href":"https:\/\/newsvirali.it\/es\/wp-json\/wp\/v2\/comments?post=49795"}],"version-history":[{"count":3,"href":"https:\/\/newsvirali.it\/es\/wp-json\/wp\/v2\/posts\/49795\/revisions"}],"predecessor-version":[{"id":49825,"href":"https:\/\/newsvirali.it\/es\/wp-json\/wp\/v2\/posts\/49795\/revisions\/49825"}],"wp:featuredmedia":[{"embeddable":true,"href":"https:\/\/newsvirali.it\/es\/wp-json\/wp\/v2\/media\/49796"}],"wp:attachment":[{"href":"https:\/\/newsvirali.it\/es\/wp-json\/wp\/v2\/media?parent=49795"}],"wp:term":[{"taxonomy":"category","embeddable":true,"href":"https:\/\/newsvirali.it\/es\/wp-json\/wp\/v2\/categories?post=49795"},{"taxonomy":"post_tag","embeddable":true,"href":"https:\/\/newsvirali.it\/es\/wp-json\/wp\/v2\/tags?post=49795"}],"curies":[{"name":"wp","href":"https:\/\/api.w.org\/{rel}","templated":true}]}}