{"id":49172,"date":"2024-10-24T06:47:03","date_gmt":"2024-10-24T04:47:03","guid":{"rendered":"https:\/\/newsvirali.it\/?p=49172"},"modified":"2024-10-24T06:47:04","modified_gmt":"2024-10-24T04:47:04","slug":"contadino-incapretta-due-presunti-ladri-e-li-porta-alla-polizia-denunciato-per-rapimento","status":"publish","type":"post","link":"https:\/\/newsvirali.it\/es\/2024\/10\/24\/granjero-acorrala-a-dos-presuntos-ladrones-y-los-lleva-a-la-policia-denunciados-por-secuestro\/","title":{"rendered":"Granjero acorrala a dos presuntos ladrones y los lleva a la polic\u00eda: denunciados por secuestro"},"content":{"rendered":"<p>Un agricultor fue denunciado por haber secuestrado a dos personas que se hab\u00edan colado en su campo y las llev\u00f3 con su quad a la comisar\u00eda. El hombre los detuvo, los at\u00f3 a su quad y luego sali\u00f3 a toda velocidad hacia la comisar\u00eda. Y ah\u00ed fue donde los agentes le imputaron el delito de secuestro. Se han hecho virales las im\u00e1genes que muestran al granjero acelerando con su quad y a los dos ladrones atados a la carrocer\u00eda. Y son precisamente los usuarios sociales quienes lo han definido como un &quot;h\u00e9roe&quot; y tambi\u00e9n han <a href=\"https:\/\/www.gofundme.com\/f\/help-buy-a-pint-for-hero-farmer-neil-greenwood\" target=\"_blank\" rel=\"noreferrer noopener\">abri\u00f3 una suscripci\u00f3n en l\u00ednea<\/a> para pagar sus honorarios legales.<\/p>\n\n\n\n<p><strong>LEER TAMBI\u00c9N<\/strong><\/p>\n\n\n\n<ul class=\"wp-block-list\">\n<li><a href=\"https:\/\/newsvirali.it\/es\/2024\/10\/22\/ladron-escapa-heroe-policia-se-pega-a-la-puerta-durante-700-metros-y-lo-arresta-2\/\">El ladr\u00f3n escapa, el h\u00e9roe polic\u00eda se aferra a la puerta durante 700 metros y lo arresta<\/a><\/li>\n\n\n\n<li><a href=\"https:\/\/newsvirali.it\/es\/2024\/10\/21\/un-nino-de-dos-anos-camina-sobre-una-repisa-en-el-tercer-piso-y-el-heroe-lo-salva-2\/\">Un ni\u00f1o de dos a\u00f1os camina por una cornisa del tercer piso: un h\u00e9roe lo salva<\/a><\/li>\n\n\n\n<li><a href=\"https:\/\/newsvirali.it\/es\/2024\/10\/11\/papa-heroe-ataca-a-un-ladron-y-luego-vuelve-a-jugar-con-sus-hijos-video-viral\/\">Pap\u00e1 h\u00e9roe &quot;ataca&quot; a un ladr\u00f3n y luego vuelve a jugar con sus hijos: video viral<\/a><\/li>\n<\/ul>\n\n\n\n<h2 class=\"wp-block-heading\" id=\"h-contadino-cattura-due-presunti-ladri-e-li-lega-al-quad\">Un granjero captura a dos presuntos ladrones y los ata al quad<\/h2>\n\n\n\n<p>El hombre de 52 a\u00f1os at\u00f3 a los dos j\u00f3venes, de 17 y 20 a\u00f1os, delante y detr\u00e1s de su veh\u00edculo respectivamente, antes de conducirlos 8 kil\u00f3metros hasta la comisar\u00eda. Sin embargo, en lugar de interrogar a la pareja sobre el presunto robo, los agentes arrestaron al granjero por falso secuestro y agresi\u00f3n. Hoy, uno de los ni\u00f1os revel\u00f3 los detalles detr\u00e1s del aterrador incidente en el que fueron atados al quad y transportados desde la granja en Lancashire a una comisar\u00eda de polic\u00eda cercana el domingo. Leland Hornby, de 17 a\u00f1os, le dijo al Sun que su amigo estaba andando en su bicicleta el\u00e9ctrica por el campo del granjero el s\u00e1bado por la noche, pero cuando se fue, descubri\u00f3 que el granjero hab\u00eda cerrado las puertas. Su amigo decidi\u00f3 entonces dejar la bicicleta en la propiedad durante la noche para recogerla a la ma\u00f1ana siguiente.<\/p>\n\n\n\n<figure class=\"wp-block-embed is-type-rich is-provider-twitter wp-block-embed-twitter\"><div class=\"wp-block-embed__wrapper\">\n<blockquote class=\"twitter-tweet\" data-width=\"500\" data-dnt=\"true\"><p lang=\"tl\" dir=\"ltr\">Jajajajaja <a href=\"https:\/\/t.co\/LgIcmyWt0X\">https:\/\/t.co\/LgIcmyWt0X<\/a> <a href=\"https:\/\/t.co\/foFhYYRrNN\">pic.twitter.com\/foFhYYRrNN<\/a><\/p>-Josh (@joshpearson180) <a href=\"https:\/\/twitter.com\/joshpearson180\/status\/1849132397339508918?ref_src=twsrc%5Etfw\">23 de octubre de 2024<\/a><\/blockquote><script async src=\"https:\/\/platform.twitter.com\/widgets.js\" charset=\"utf-8\"><\/script>\n<\/div><\/figure>\n\n\n\n<h2 class=\"wp-block-heading\" id=\"h-la-spiegazione-dei-due-ragazzi\">La explicaci\u00f3n de los dos chicos.<\/h2>\n\n\n\n<p>Pero cuando el ni\u00f1o regres\u00f3 a la granja, la bicicleta parec\u00eda haber desaparecido. &quot;Cuando regres\u00e1bamos, el granjero vino detr\u00e1s de nosotros, salt\u00f3 de su quad y nos tir\u00f3 al suelo&quot;, dijo Hornby al peri\u00f3dico. La pareja intent\u00f3 escapar del furioso granjero, pero \u00e9l logr\u00f3 capturarlos a ambos, poni\u00e9ndoles las capuchas sobre la cabeza antes de atarlos a su quad por las manos y los pies. \u201cNo pod\u00edamos movernos. Yo estaba detr\u00e1s del quad y mi amigo estaba al frente\u201d, dijo Hornby, revelando que estaba \u201casustado\u201d de lo que pudiera hacer el granjero.<\/p>\n\n\n\n<p>El adolescente dijo que \u00e9l y su amigo fueron arrojados alrededor del veh\u00edculo, pero no estaban bien atados, lo que casi los hizo caer un par de veces durante el viaje a la estaci\u00f3n de polic\u00eda. Las impactantes im\u00e1genes de las c\u00e1maras de seguridad capturaron el momento en que el quad recorr\u00eda las sinuosas carreteras antes de llegar a la comisar\u00eda. Pero tras su extra\u00f1a llegada, el granjero fue arrestado por la polic\u00eda.<\/p>\n\n\n\n<h2 class=\"wp-block-heading\" id=\"h-i-ragazzi-stavano-cadendo-dal-quad\">Los chicos se estaban cayendo del quad.<\/h2>\n\n\n\n<p>En declaraciones al peri\u00f3dico, la madre de Hornby dijo: \u201cEstaban muy asustados. Absolutamente aterrorizado. Los dos casi se caen del quad.&quot; Ella dijo que los eventos la dejaron conmocionada y perpleja sobre por qu\u00e9 el granjero reaccion\u00f3 de manera tan extrema en lugar de simplemente llamar a la polic\u00eda. Una portavoz de la polic\u00eda de Lancashire dijo que un hombre los llam\u00f3 el domingo y dijo que hab\u00eda detenido a dos j\u00f3venes.<\/p>\n\n\n\n<p>Pero cuando la polic\u00eda se dirig\u00eda hacia la granja, el granjero llam\u00f3 por segunda vez para anunciar que hab\u00eda llegado a una comisar\u00eda local con la pareja. &quot;Cuando los agentes fueron a encontrarse con el hombre, encontraron a un adolescente y a un hombre de unos 20 a\u00f1os en un quad con las manos y los pies atados&quot;, dijo. Sin embargo, tras el incidente y el arresto, varios usuarios de Internet recurrieron a las redes sociales para aclamar al granjero como un h\u00e9roe por sus acciones.<\/p>\n\n\n\n<h2 class=\"wp-block-heading\" id=\"h-sui-social-il-contadino-sceriffo-denunciato-definito-eroe\">En las redes sociales el denunciado &quot;sheriff&quot; granjero es definido como un h\u00e9roe<\/h2>\n\n\n\n<p>Debajo de una publicaci\u00f3n que muestra a los dos j\u00f3venes atados delante y detr\u00e1s del quad, un usuario de Facebook escribi\u00f3: \u201c\u00a1Genial! \u00a1Y espero ver m\u00e1s en el futuro!\u201d. Otro a\u00f1adi\u00f3: \u201c\u00a1Justicia vigilante!\u201d Otro coment\u00f3: \u201c\u00a1Excelente! \u00a1Qu\u00e9 pena que no podamos ver las caras!&quot;. Posteriormente, el granjero fue arrestado bajo sospecha de encarcelamiento ilegal y agresi\u00f3n, pero qued\u00f3 en libertad bajo fianza en espera de m\u00e1s investigaciones.<\/p>\n<br \/>S\u00edguenos tambi\u00e9n en Google News: <b><a href=\"https:\/\/news.google.com\/publications\/CAAqBwgKMNqJiwswjMfqAg?hl=it&gl=IT&ceid=IT:it\" target=\"_blank\">haga clic aqu\u00ed<\/a><\/b>","protected":false},"excerpt":{"rendered":"<p>Un agricultor fue denunciado por haber secuestrado a dos personas que se hab\u00edan colado en su campo y con sus [...]<\/p>","protected":false},"author":4,"featured_media":49173,"comment_status":"closed","ping_status":"open","sticky":false,"template":"","format":"standard","meta":{"MSN_Categories":"Uncategorized","MSN_Publish_Option":false,"MSN_Is_Local_News":false,"MSN_Is_AIAC_Included":"Empty","MSN_Location":"[]","MSN_Add_Feature_Img_On_Top_Of_Post":false,"MSN_Has_Custom_Author":false,"MSN_Custom_Author":"","MSN_Has_Custom_Canonical_Url":false,"MSN_Custom_Canonical_Url":"","footnotes":""},"categories":[9],"tags":[],"class_list":["post-49172","post","type-post","status-publish","format-standard","has-post-thumbnail","hentry","category-mondo"],"acf":[],"yoast_head":"<!-- This site is optimized with the Yoast SEO Premium plugin v26.7 (Yoast SEO v26.7) - https:\/\/yoast.com\/wordpress\/plugins\/seo\/ -->\n<title>Contadino incapretta due presunti ladri e li porta alla polizia: denunciato per rapimento<\/title>\n<meta name=\"description\" content=\"Un contadino \u00e8 stato denunciato per aver rapito due persone che si erano intrufolate nel suo campo e col suo quad li ha portati in questura.\" \/>\n<meta name=\"robots\" content=\"index, follow, max-snippet:-1, max-image-preview:large, max-video-preview:-1\" \/>\n<link rel=\"canonical\" href=\"https:\/\/newsvirali.it\/es\/2024\/10\/24\/granjero-acorrala-a-dos-presuntos-ladrones-y-los-lleva-a-la-policia-denunciados-por-secuestro\/\" \/>\n<meta property=\"og:locale\" content=\"es_ES\" \/>\n<meta property=\"og:type\" content=\"article\" \/>\n<meta property=\"og:title\" content=\"Contadino incapretta due presunti ladri e li porta alla polizia: denunciato per rapimento\" \/>\n<meta property=\"og:description\" content=\"Un contadino \u00e8 stato denunciato per aver rapito due persone che si erano intrufolate nel suo campo e col suo quad li ha portati in questura.\" \/>\n<meta property=\"og:url\" content=\"https:\/\/newsvirali.it\/es\/2024\/10\/24\/granjero-acorrala-a-dos-presuntos-ladrones-y-los-lleva-a-la-policia-denunciados-por-secuestro\/\" \/>\n<meta property=\"og:site_name\" content=\"News virali\" \/>\n<meta property=\"article:published_time\" content=\"2024-10-24T04:47:03+00:00\" \/>\n<meta property=\"article:modified_time\" content=\"2024-10-24T04:47:04+00:00\" \/>\n<meta property=\"og:image\" content=\"https:\/\/newsvirali.it\/wp-content\/uploads\/2024\/10\/Contadino-incapretta-due-presunti-ladri-e-li-porta-alla-polizia-denunciato-per-rapimento-0.jpg\" \/>\n\t<meta property=\"og:image:width\" content=\"2160\" \/>\n\t<meta property=\"og:image:height\" content=\"1440\" \/>\n\t<meta property=\"og:image:type\" content=\"image\/jpeg\" \/>\n<meta name=\"author\" content=\"Cecco Prestina\" \/>\n<meta name=\"twitter:card\" content=\"summary_large_image\" \/>\n<meta name=\"twitter:label1\" content=\"Escrito por\" \/>\n\t<meta name=\"twitter:data1\" content=\"Cecco Prestina\" \/>\n\t<meta name=\"twitter:label2\" content=\"Tiempo de lectura\" \/>\n\t<meta name=\"twitter:data2\" content=\"4 minutos\" \/>\n<script type=\"application\/ld+json\" class=\"yoast-schema-graph\">{\"@context\":\"https:\/\/schema.org\",\"@graph\":[{\"@type\":\"NewsArticle\",\"@id\":\"https:\/\/newsvirali.it\/2024\/10\/24\/contadino-incapretta-due-presunti-ladri-e-li-porta-alla-polizia-denunciato-per-rapimento\/#article\",\"isPartOf\":{\"@id\":\"https:\/\/newsvirali.it\/2024\/10\/24\/contadino-incapretta-due-presunti-ladri-e-li-porta-alla-polizia-denunciato-per-rapimento\/\"},\"author\":{\"name\":\"Cecco Prestina\",\"@id\":\"https:\/\/newsvirali.it\/fr\/#\/schema\/person\/4c835f7b49c9adb58b33901ee816565d\"},\"headline\":\"Contadino incapretta due presunti ladri e li porta alla polizia: denunciato per rapimento\",\"datePublished\":\"2024-10-24T04:47:03+00:00\",\"dateModified\":\"2024-10-24T04:47:04+00:00\",\"mainEntityOfPage\":{\"@id\":\"https:\/\/newsvirali.it\/2024\/10\/24\/contadino-incapretta-due-presunti-ladri-e-li-porta-alla-polizia-denunciato-per-rapimento\/\"},\"wordCount\":733,\"image\":{\"@id\":\"https:\/\/newsvirali.it\/2024\/10\/24\/contadino-incapretta-due-presunti-ladri-e-li-porta-alla-polizia-denunciato-per-rapimento\/#primaryimage\"},\"thumbnailUrl\":\"https:\/\/newsvirali.it\/wp-content\/uploads\/2024\/10\/Contadino-incapretta-due-presunti-ladri-e-li-porta-alla-polizia-denunciato-per-rapimento-0.jpg\",\"articleSection\":[\"Mondo\"],\"inLanguage\":\"es\",\"copyrightYear\":\"2024\",\"copyrightHolder\":{\"@id\":\"https:\/\/newsvirali.it\/es\/#organization\"}},{\"@type\":\"WebPage\",\"@id\":\"https:\/\/newsvirali.it\/2024\/10\/24\/contadino-incapretta-due-presunti-ladri-e-li-porta-alla-polizia-denunciato-per-rapimento\/\",\"url\":\"https:\/\/newsvirali.it\/2024\/10\/24\/contadino-incapretta-due-presunti-ladri-e-li-porta-alla-polizia-denunciato-per-rapimento\/\",\"name\":\"Contadino incapretta due presunti ladri e li porta alla polizia: denunciato per rapimento\",\"isPartOf\":{\"@id\":\"https:\/\/newsvirali.it\/fr\/#website\"},\"primaryImageOfPage\":{\"@id\":\"https:\/\/newsvirali.it\/2024\/10\/24\/contadino-incapretta-due-presunti-ladri-e-li-porta-alla-polizia-denunciato-per-rapimento\/#primaryimage\"},\"image\":{\"@id\":\"https:\/\/newsvirali.it\/2024\/10\/24\/contadino-incapretta-due-presunti-ladri-e-li-porta-alla-polizia-denunciato-per-rapimento\/#primaryimage\"},\"thumbnailUrl\":\"https:\/\/newsvirali.it\/wp-content\/uploads\/2024\/10\/Contadino-incapretta-due-presunti-ladri-e-li-porta-alla-polizia-denunciato-per-rapimento-0.jpg\",\"datePublished\":\"2024-10-24T04:47:03+00:00\",\"dateModified\":\"2024-10-24T04:47:04+00:00\",\"author\":{\"@id\":\"https:\/\/newsvirali.it\/fr\/#\/schema\/person\/4c835f7b49c9adb58b33901ee816565d\"},\"description\":\"Un contadino \u00e8 stato denunciato per aver rapito due persone che si erano intrufolate nel suo campo e col suo quad li ha portati in questura.\",\"breadcrumb\":{\"@id\":\"https:\/\/newsvirali.it\/2024\/10\/24\/contadino-incapretta-due-presunti-ladri-e-li-porta-alla-polizia-denunciato-per-rapimento\/#breadcrumb\"},\"inLanguage\":\"es\",\"potentialAction\":[{\"@type\":\"ReadAction\",\"target\":[\"https:\/\/newsvirali.it\/2024\/10\/24\/contadino-incapretta-due-presunti-ladri-e-li-porta-alla-polizia-denunciato-per-rapimento\/\"]}]},{\"@type\":\"ImageObject\",\"inLanguage\":\"es\",\"@id\":\"https:\/\/newsvirali.it\/2024\/10\/24\/contadino-incapretta-due-presunti-ladri-e-li-porta-alla-polizia-denunciato-per-rapimento\/#primaryimage\",\"url\":\"https:\/\/newsvirali.it\/wp-content\/uploads\/2024\/10\/Contadino-incapretta-due-presunti-ladri-e-li-porta-alla-polizia-denunciato-per-rapimento-0.jpg\",\"contentUrl\":\"https:\/\/newsvirali.it\/wp-content\/uploads\/2024\/10\/Contadino-incapretta-due-presunti-ladri-e-li-porta-alla-polizia-denunciato-per-rapimento-0.jpg\",\"width\":2160,\"height\":1440,\"caption\":\"Contadino incapretta due presunti ladri e li porta alla polizia: denunciato per rapimento\"},{\"@type\":\"BreadcrumbList\",\"@id\":\"https:\/\/newsvirali.it\/2024\/10\/24\/contadino-incapretta-due-presunti-ladri-e-li-porta-alla-polizia-denunciato-per-rapimento\/#breadcrumb\",\"itemListElement\":[{\"@type\":\"ListItem\",\"position\":1,\"name\":\"Home\",\"item\":\"https:\/\/newsvirali.it\/fr\/\"},{\"@type\":\"ListItem\",\"position\":2,\"name\":\"Contadino incapretta due presunti ladri e li porta alla polizia: denunciato per rapimento\"}]},{\"@type\":\"WebSite\",\"@id\":\"https:\/\/newsvirali.it\/fr\/#website\",\"url\":\"https:\/\/newsvirali.it\/fr\/\",\"name\":\"Bake News\",\"description\":\"\",\"potentialAction\":[{\"@type\":\"SearchAction\",\"target\":{\"@type\":\"EntryPoint\",\"urlTemplate\":\"https:\/\/newsvirali.it\/fr\/?s={search_term_string}\"},\"query-input\":{\"@type\":\"PropertyValueSpecification\",\"valueRequired\":true,\"valueName\":\"search_term_string\"}}],\"inLanguage\":\"es\"},{\"@type\":\"Person\",\"@id\":\"https:\/\/newsvirali.it\/fr\/#\/schema\/person\/4c835f7b49c9adb58b33901ee816565d\",\"name\":\"Cecco Prestina\",\"description\":\"Perch\u00e9 nasconderlo? Cecco Prestina \u00e8 un alias, ma dietro di lui non si cela un algoritmo di intelligenza artificiale. C'\u00e8 un giornalista che ha oltre vent'anni di esperienza tutta sul web. Da quando il primo modem ha iniziato a gracchiare sul territorio italiano con Video on Line, Cecco ha capito che da quel doppino sarebbe passato il futuro. Ha dedidicato tutta la sua carriera a capire Internet e poi i social e ora l'Ai. Una carriera in costante aggiornamento. E questa esperienza la mette in campo ogni giorno. Per\u00f2 ogni tanto Cecco ha voglia anche di non scrivere \\\"pipponi\\\" sulla politica, sull'economia. Ha voglia anche di scrivere qualcosa di divertente. Le notizie che trovate su Bake News sono le stesse che Cecco porta all'aperitivo con gli amici. Quelle di cui discutere per farsi due risate. Notizie, vere (qualche volta si fa fatica a crederlo), strane, divertenti, ma anche serie. Bake News \u00e8 nato per questo, dare al pubblico notizie croccanti e calde come il pane che esce dal forno. E Cecco Prestina \u00e8 nato con Bake News.\",\"url\":\"https:\/\/newsvirali.it\/es\/autore\/cecco-prestina\/\"}]}<\/script>\n<!-- \/ Yoast SEO Premium plugin. -->","yoast_head_json":{"title":"Contadino incapretta due presunti ladri e li porta alla polizia: denunciato per rapimento","description":"Un contadino \u00e8 stato denunciato per aver rapito due persone che si erano intrufolate nel suo campo e col suo quad li ha portati in questura.","robots":{"index":"index","follow":"follow","max-snippet":"max-snippet:-1","max-image-preview":"max-image-preview:large","max-video-preview":"max-video-preview:-1"},"canonical":"https:\/\/newsvirali.it\/es\/2024\/10\/24\/granjero-acorrala-a-dos-presuntos-ladrones-y-los-lleva-a-la-policia-denunciados-por-secuestro\/","og_locale":"es_ES","og_type":"article","og_title":"Contadino incapretta due presunti ladri e li porta alla polizia: denunciato per rapimento","og_description":"Un contadino \u00e8 stato denunciato per aver rapito due persone che si erano intrufolate nel suo campo e col suo quad li ha portati in questura.","og_url":"https:\/\/newsvirali.it\/es\/2024\/10\/24\/granjero-acorrala-a-dos-presuntos-ladrones-y-los-lleva-a-la-policia-denunciados-por-secuestro\/","og_site_name":"News virali","article_published_time":"2024-10-24T04:47:03+00:00","article_modified_time":"2024-10-24T04:47:04+00:00","og_image":[{"width":2160,"height":1440,"url":"https:\/\/newsvirali.it\/wp-content\/uploads\/2024\/10\/Contadino-incapretta-due-presunti-ladri-e-li-porta-alla-polizia-denunciato-per-rapimento-0.jpg","type":"image\/jpeg"}],"author":"Cecco Prestina","twitter_card":"summary_large_image","twitter_misc":{"Escrito por":"Cecco Prestina","Tiempo de lectura":"4 minutos"},"schema":{"@context":"https:\/\/schema.org","@graph":[{"@type":"NewsArticle","@id":"https:\/\/newsvirali.it\/2024\/10\/24\/contadino-incapretta-due-presunti-ladri-e-li-porta-alla-polizia-denunciato-per-rapimento\/#article","isPartOf":{"@id":"https:\/\/newsvirali.it\/2024\/10\/24\/contadino-incapretta-due-presunti-ladri-e-li-porta-alla-polizia-denunciato-per-rapimento\/"},"author":{"name":"Cecco Prestina","@id":"https:\/\/newsvirali.it\/fr\/#\/schema\/person\/4c835f7b49c9adb58b33901ee816565d"},"headline":"Contadino incapretta due presunti ladri e li porta alla polizia: denunciato per rapimento","datePublished":"2024-10-24T04:47:03+00:00","dateModified":"2024-10-24T04:47:04+00:00","mainEntityOfPage":{"@id":"https:\/\/newsvirali.it\/2024\/10\/24\/contadino-incapretta-due-presunti-ladri-e-li-porta-alla-polizia-denunciato-per-rapimento\/"},"wordCount":733,"image":{"@id":"https:\/\/newsvirali.it\/2024\/10\/24\/contadino-incapretta-due-presunti-ladri-e-li-porta-alla-polizia-denunciato-per-rapimento\/#primaryimage"},"thumbnailUrl":"https:\/\/newsvirali.it\/wp-content\/uploads\/2024\/10\/Contadino-incapretta-due-presunti-ladri-e-li-porta-alla-polizia-denunciato-per-rapimento-0.jpg","articleSection":["Mondo"],"inLanguage":"es","copyrightYear":"2024","copyrightHolder":{"@id":"https:\/\/newsvirali.it\/es\/#organization"}},{"@type":"WebPage","@id":"https:\/\/newsvirali.it\/2024\/10\/24\/contadino-incapretta-due-presunti-ladri-e-li-porta-alla-polizia-denunciato-per-rapimento\/","url":"https:\/\/newsvirali.it\/2024\/10\/24\/contadino-incapretta-due-presunti-ladri-e-li-porta-alla-polizia-denunciato-per-rapimento\/","name":"Contadino incapretta due presunti ladri e li porta alla polizia: denunciato per rapimento","isPartOf":{"@id":"https:\/\/newsvirali.it\/fr\/#website"},"primaryImageOfPage":{"@id":"https:\/\/newsvirali.it\/2024\/10\/24\/contadino-incapretta-due-presunti-ladri-e-li-porta-alla-polizia-denunciato-per-rapimento\/#primaryimage"},"image":{"@id":"https:\/\/newsvirali.it\/2024\/10\/24\/contadino-incapretta-due-presunti-ladri-e-li-porta-alla-polizia-denunciato-per-rapimento\/#primaryimage"},"thumbnailUrl":"https:\/\/newsvirali.it\/wp-content\/uploads\/2024\/10\/Contadino-incapretta-due-presunti-ladri-e-li-porta-alla-polizia-denunciato-per-rapimento-0.jpg","datePublished":"2024-10-24T04:47:03+00:00","dateModified":"2024-10-24T04:47:04+00:00","author":{"@id":"https:\/\/newsvirali.it\/fr\/#\/schema\/person\/4c835f7b49c9adb58b33901ee816565d"},"description":"Un contadino \u00e8 stato denunciato per aver rapito due persone che si erano intrufolate nel suo campo e col suo quad li ha portati in questura.","breadcrumb":{"@id":"https:\/\/newsvirali.it\/2024\/10\/24\/contadino-incapretta-due-presunti-ladri-e-li-porta-alla-polizia-denunciato-per-rapimento\/#breadcrumb"},"inLanguage":"es","potentialAction":[{"@type":"ReadAction","target":["https:\/\/newsvirali.it\/2024\/10\/24\/contadino-incapretta-due-presunti-ladri-e-li-porta-alla-polizia-denunciato-per-rapimento\/"]}]},{"@type":"ImageObject","inLanguage":"es","@id":"https:\/\/newsvirali.it\/2024\/10\/24\/contadino-incapretta-due-presunti-ladri-e-li-porta-alla-polizia-denunciato-per-rapimento\/#primaryimage","url":"https:\/\/newsvirali.it\/wp-content\/uploads\/2024\/10\/Contadino-incapretta-due-presunti-ladri-e-li-porta-alla-polizia-denunciato-per-rapimento-0.jpg","contentUrl":"https:\/\/newsvirali.it\/wp-content\/uploads\/2024\/10\/Contadino-incapretta-due-presunti-ladri-e-li-porta-alla-polizia-denunciato-per-rapimento-0.jpg","width":2160,"height":1440,"caption":"Contadino incapretta due presunti ladri e li porta alla polizia: denunciato per rapimento"},{"@type":"BreadcrumbList","@id":"https:\/\/newsvirali.it\/2024\/10\/24\/contadino-incapretta-due-presunti-ladri-e-li-porta-alla-polizia-denunciato-per-rapimento\/#breadcrumb","itemListElement":[{"@type":"ListItem","position":1,"name":"Home","item":"https:\/\/newsvirali.it\/fr\/"},{"@type":"ListItem","position":2,"name":"Contadino incapretta due presunti ladri e li porta alla polizia: denunciato per rapimento"}]},{"@type":"WebSite","@id":"https:\/\/newsvirali.it\/fr\/#website","url":"https:\/\/newsvirali.it\/fr\/","name":"Bake News","description":"","potentialAction":[{"@type":"SearchAction","target":{"@type":"EntryPoint","urlTemplate":"https:\/\/newsvirali.it\/fr\/?s={search_term_string}"},"query-input":{"@type":"PropertyValueSpecification","valueRequired":true,"valueName":"search_term_string"}}],"inLanguage":"es"},{"@type":"Person","@id":"https:\/\/newsvirali.it\/fr\/#\/schema\/person\/4c835f7b49c9adb58b33901ee816565d","name":"Cecco Prestina","description":"Perch\u00e9 nasconderlo? Cecco Prestina \u00e8 un alias, ma dietro di lui non si cela un algoritmo di intelligenza artificiale. C'\u00e8 un giornalista che ha oltre vent'anni di esperienza tutta sul web. Da quando il primo modem ha iniziato a gracchiare sul territorio italiano con Video on Line, Cecco ha capito che da quel doppino sarebbe passato il futuro. Ha dedidicato tutta la sua carriera a capire Internet e poi i social e ora l'Ai. Una carriera in costante aggiornamento. E questa esperienza la mette in campo ogni giorno. Per\u00f2 ogni tanto Cecco ha voglia anche di non scrivere \"pipponi\" sulla politica, sull'economia. Ha voglia anche di scrivere qualcosa di divertente. Le notizie che trovate su Bake News sono le stesse che Cecco porta all'aperitivo con gli amici. Quelle di cui discutere per farsi due risate. Notizie, vere (qualche volta si fa fatica a crederlo), strane, divertenti, ma anche serie. Bake News \u00e8 nato per questo, dare al pubblico notizie croccanti e calde come il pane che esce dal forno. E Cecco Prestina \u00e8 nato con Bake News.","url":"https:\/\/newsvirali.it\/es\/autore\/cecco-prestina\/"}]}},"_links":{"self":[{"href":"https:\/\/newsvirali.it\/es\/wp-json\/wp\/v2\/posts\/49172","targetHints":{"allow":["GET"]}}],"collection":[{"href":"https:\/\/newsvirali.it\/es\/wp-json\/wp\/v2\/posts"}],"about":[{"href":"https:\/\/newsvirali.it\/es\/wp-json\/wp\/v2\/types\/post"}],"author":[{"embeddable":true,"href":"https:\/\/newsvirali.it\/es\/wp-json\/wp\/v2\/users\/4"}],"replies":[{"embeddable":true,"href":"https:\/\/newsvirali.it\/es\/wp-json\/wp\/v2\/comments?post=49172"}],"version-history":[{"count":4,"href":"https:\/\/newsvirali.it\/es\/wp-json\/wp\/v2\/posts\/49172\/revisions"}],"predecessor-version":[{"id":49198,"href":"https:\/\/newsvirali.it\/es\/wp-json\/wp\/v2\/posts\/49172\/revisions\/49198"}],"wp:featuredmedia":[{"embeddable":true,"href":"https:\/\/newsvirali.it\/es\/wp-json\/wp\/v2\/media\/49173"}],"wp:attachment":[{"href":"https:\/\/newsvirali.it\/es\/wp-json\/wp\/v2\/media?parent=49172"}],"wp:term":[{"taxonomy":"category","embeddable":true,"href":"https:\/\/newsvirali.it\/es\/wp-json\/wp\/v2\/categories?post=49172"},{"taxonomy":"post_tag","embeddable":true,"href":"https:\/\/newsvirali.it\/es\/wp-json\/wp\/v2\/tags?post=49172"}],"curies":[{"name":"wp","href":"https:\/\/api.w.org\/{rel}","templated":true}]}}