{"id":44550,"date":"2024-09-23T09:36:44","date_gmt":"2024-09-23T07:36:44","guid":{"rendered":"https:\/\/www.bakenews.it\/?p=44550"},"modified":"2024-09-23T10:28:35","modified_gmt":"2024-09-23T08:28:35","slug":"ciclista-aggredito-automobilista-infuriato-lo-strangola-in-strada-video-shock","status":"publish","type":"post","link":"https:\/\/newsvirali.it\/es\/2024\/09\/23\/ciclista-agredio-a-automovilista-enfurecido-lo-estrangula-en-la-calle-video-de-shock\/","title":{"rendered":"Ciclista agredido, automovilista enfurecido lo estrangula en la calle: impactante video"},"content":{"rendered":"<p>La polic\u00eda est\u00e1 investigando un aterrador incidente que involucr\u00f3 a un ciclista que fue atacado, estrangulado y arrojado al suelo por un automovilista enojado. Inquietantes im\u00e1genes publicadas en las redes sociales mostraron el horrible ataque que tuvo lugar en el centro hist\u00f3rico de Edimburgo. El v\u00eddeo muestra al ciclista de 34 a\u00f1os parado frente a un autom\u00f3vil blanco en High School Wynd, hablando con una pasajera. En cierto momento aparece el conductor, enfurecido, quien primero toca la bocina, luego se baja del veh\u00edculo y llega amenazador.<\/p>\n\n\n\n<p><strong>LEER TAMBI\u00c9N<\/strong><\/p>\n\n\n\n<ul class=\"wp-block-list\">\n<li><a href=\"https:\/\/www.bakenews.it\/2024\/05\/14\/tunisino-palpeggia-donna-in-tram-aggredito-dai-passeggeri-mozzato-un-braccio\/\">Tunecina manosea a una mujer en un tranv\u00eda y es atacada por pasajeros: le cortan el brazo<\/a><\/li>\n\n\n\n<li><a href=\"https:\/\/www.bakenews.it\/2024\/08\/02\/ciclista-schiacciata-da-altoparlante-a-pochi-metri-dal-traguardo-morta-in-diretta\/\">Ciclista aplastado por un altavoz a pocos metros de la meta: muerto en vida<\/a><\/li>\n\n\n\n<li><a href=\"https:\/\/www.bakenews.it\/2024\/06\/18\/si-filma-mentre-travolge-volontariamente-ciclista-poi-diffonde-video-sui-social\/\">Se filma atropellando voluntariamente a un ciclista y luego difunde el v\u00eddeo en las redes sociales<\/a><\/li>\n<\/ul>\n\n\n\n<h2 class=\"wp-block-heading\" id=\"h-ciclista-aggredito-da-automobilista-dopo-lite-stradale\">Ciclista agredido por automovilista tras disputa vial<\/h2>\n\n\n\n<p>El hombre de la bicicleta parec\u00eda estar teniendo una acalorada discusi\u00f3n con la mujer, que vest\u00eda una sudadera con capucha azul y pantalones deportivos grises. En ese momento, el hombre que conduc\u00eda el veh\u00edculo se baj\u00f3 enojado y se dirigi\u00f3 hacia el ciclista. Luego lanz\u00f3 un aterrador asalto contra el ciclista, agarr\u00e1ndolo por el cuello con ambas manos antes de arrojarlo al suelo.<\/p>\n\n\n\n<p>El ciclista permaneci\u00f3 tendido en el suelo mientras el conductor y el pasajero regresaban al veh\u00edculo, en cuyo parabrisas hab\u00eda sido colocada una placa de entrenamiento, propia de quienes reciben clases de conducci\u00f3n. Se ve al hombre de la bicicleta sujet\u00e1ndose la cabeza despu\u00e9s de ser arrojado a la carretera.<\/p>\n\n\n\n<blockquote class=\"reddit-embed-bq\" style=\"height:500px\" data-embed-height=\"739\"><a href=\"https:\/\/www.reddit.com\/r\/PublicFreakout\/comments\/1flo4r4\/road_rage_assault_in_edinburgh\/\">Asalto de furia en la carretera en Edimburgo <\/a><br> por<a href=\"https:\/\/www.reddit.com\/user\/Why_U_Questioning\/\">u\/Por qu\u00e9_U_Questioning<\/a> en<a href=\"https:\/\/www.reddit.com\/r\/PublicFreakout\/\">p\u00fablicofreakout<\/a><\/blockquote><script async=\"\" src=\"https:\/\/embed.reddit.com\/widgets.js\" charset=\"UTF-8\"><\/script>\n\n\n\n<p>Durante el violento ataque en la carretera, algunas partes de su bicicleta tambi\u00e9n fueron destruidas en la carretera. Los servicios de emergencia acudieron r\u00e1pidamente en ayuda del ciclista y la polic\u00eda confirm\u00f3 que est\u00e1n investigando el ataque. Los investigadores tambi\u00e9n confirmaron que el hombre fue trasladado al hospital para que se examinaran sus heridas.<\/p>\n\n\n\n<p>Un portavoz de la polic\u00eda de Escocia dijo: \u201cAlrededor de las 6:25 p.m. del viernes 20 de septiembre de 2024, recibimos un informe de un ciclista siendo agredido durante una pelea con el conductor de un autom\u00f3vil en High School Wynd en Edimburgo. La v\u00edctima de 34 a\u00f1os fue trasladada al hospital para ser examinada y los agentes est\u00e1n siguiendo las pistas positivas de la investigaci\u00f3n en relaci\u00f3n con el accidente&quot;.<\/p>\n<br \/>S\u00edguenos tambi\u00e9n en Google News: <b><a href=\"https:\/\/news.google.com\/publications\/CAAqBwgKMNqJiwswjMfqAg?hl=it&gl=IT&ceid=IT:it\" target=\"_blank\">haga clic aqu\u00ed<\/a><\/b>","protected":false},"excerpt":{"rendered":"<p>La polic\u00eda investiga un terrible incidente ocurrido contra un ciclista, que fue atacado, estrangulado y arrojado al suelo por una noche.<\/p>","protected":false},"author":4,"featured_media":44551,"comment_status":"closed","ping_status":"open","sticky":false,"template":"","format":"standard","meta":{"MSN_Categories":"Uncategorized","MSN_Publish_Option":false,"MSN_Is_Local_News":false,"MSN_Is_AIAC_Included":"Empty","MSN_Location":"[]","MSN_Add_Feature_Img_On_Top_Of_Post":false,"MSN_Has_Custom_Author":false,"MSN_Custom_Author":"","MSN_Has_Custom_Canonical_Url":false,"MSN_Custom_Canonical_Url":"","footnotes":""},"categories":[9],"tags":[],"class_list":["post-44550","post","type-post","status-publish","format-standard","has-post-thumbnail","hentry","category-mondo"],"acf":[],"yoast_head":"<!-- This site is optimized with the Yoast SEO Premium plugin v26.7 (Yoast SEO v26.7) - https:\/\/yoast.com\/wordpress\/plugins\/seo\/ -->\n<title>Ciclista aggredito, automobilista infuriato lo strangola in strada: video shock<\/title>\n<meta name=\"description\" content=\"La polizia indaga su un terrificante episodio ai danni di un ciclista, aggredito, strangolato e scaraventato a terra da un automobilista.\" \/>\n<meta name=\"robots\" content=\"index, follow, max-snippet:-1, max-image-preview:large, max-video-preview:-1\" \/>\n<link rel=\"canonical\" href=\"https:\/\/newsvirali.it\/es\/2024\/09\/23\/radfahrer-angegriffen-wutender-autofahrer-erwurgt-ihn-auf-der-strase-schockvideo\/\" \/>\n<meta property=\"og:locale\" content=\"es_ES\" \/>\n<meta property=\"og:type\" content=\"article\" \/>\n<meta property=\"og:title\" content=\"Ciclista aggredito, automobilista infuriato lo strangola in strada: video shock\" \/>\n<meta property=\"og:description\" content=\"La polizia indaga su un terrificante episodio ai danni di un ciclista, aggredito, strangolato e scaraventato a terra da un automobilista.\" \/>\n<meta property=\"og:url\" content=\"https:\/\/newsvirali.it\/es\/2024\/09\/23\/radfahrer-angegriffen-wutender-autofahrer-erwurgt-ihn-auf-der-strase-schockvideo\/\" \/>\n<meta property=\"og:site_name\" content=\"News virali\" \/>\n<meta property=\"article:published_time\" content=\"2024-09-23T07:36:44+00:00\" \/>\n<meta property=\"article:modified_time\" content=\"2024-09-23T08:28:35+00:00\" \/>\n<meta property=\"og:image\" content=\"https:\/\/newsvirali.it\/wp-content\/uploads\/2024\/09\/Ciclista-aggredito-automobilista-ricercato-dalla-polizia-video-shock-1.jpg\" \/>\n\t<meta property=\"og:image:width\" content=\"600\" \/>\n\t<meta property=\"og:image:height\" content=\"400\" \/>\n\t<meta property=\"og:image:type\" content=\"image\/jpeg\" \/>\n<meta name=\"author\" content=\"Cecco Prestina\" \/>\n<meta name=\"twitter:card\" content=\"summary_large_image\" \/>\n<meta name=\"twitter:label1\" content=\"Escrito por\" \/>\n\t<meta name=\"twitter:data1\" content=\"Cecco Prestina\" \/>\n\t<meta name=\"twitter:label2\" content=\"Tiempo de lectura\" \/>\n\t<meta name=\"twitter:data2\" content=\"2 minutos\" \/>\n<script type=\"application\/ld+json\" class=\"yoast-schema-graph\">{\"@context\":\"https:\/\/schema.org\",\"@graph\":[{\"@type\":\"NewsArticle\",\"@id\":\"https:\/\/newsvirali.it\/de\/2024\/09\/23\/radfahrer-angegriffen-wutender-autofahrer-erwurgt-ihn-auf-der-strase-schockvideo\/#article\",\"isPartOf\":{\"@id\":\"https:\/\/newsvirali.it\/de\/2024\/09\/23\/radfahrer-angegriffen-wutender-autofahrer-erwurgt-ihn-auf-der-strase-schockvideo\/\"},\"author\":{\"name\":\"Cecco Prestina\",\"@id\":\"https:\/\/newsvirali.it\/fr\/#\/schema\/person\/4c835f7b49c9adb58b33901ee816565d\"},\"headline\":\"Ciclista aggredito, automobilista infuriato lo strangola in strada: video shock\",\"datePublished\":\"2024-09-23T07:36:44+00:00\",\"dateModified\":\"2024-09-23T08:28:35+00:00\",\"mainEntityOfPage\":{\"@id\":\"https:\/\/newsvirali.it\/de\/2024\/09\/23\/radfahrer-angegriffen-wutender-autofahrer-erwurgt-ihn-auf-der-strase-schockvideo\/\"},\"wordCount\":371,\"image\":{\"@id\":\"https:\/\/newsvirali.it\/de\/2024\/09\/23\/radfahrer-angegriffen-wutender-autofahrer-erwurgt-ihn-auf-der-strase-schockvideo\/#primaryimage\"},\"thumbnailUrl\":\"https:\/\/newsvirali.it\/wp-content\/uploads\/2024\/09\/Ciclista-aggredito-automobilista-ricercato-dalla-polizia-video-shock-1.jpg\",\"articleSection\":[\"Mondo\"],\"inLanguage\":\"es\",\"copyrightYear\":\"2024\",\"copyrightHolder\":{\"@id\":\"https:\/\/newsvirali.it\/es\/#organization\"}},{\"@type\":\"WebPage\",\"@id\":\"https:\/\/newsvirali.it\/de\/2024\/09\/23\/radfahrer-angegriffen-wutender-autofahrer-erwurgt-ihn-auf-der-strase-schockvideo\/\",\"url\":\"https:\/\/newsvirali.it\/de\/2024\/09\/23\/radfahrer-angegriffen-wutender-autofahrer-erwurgt-ihn-auf-der-strase-schockvideo\/\",\"name\":\"Ciclista aggredito, automobilista infuriato lo strangola in strada: video shock\",\"isPartOf\":{\"@id\":\"https:\/\/newsvirali.it\/fr\/#website\"},\"primaryImageOfPage\":{\"@id\":\"https:\/\/newsvirali.it\/de\/2024\/09\/23\/radfahrer-angegriffen-wutender-autofahrer-erwurgt-ihn-auf-der-strase-schockvideo\/#primaryimage\"},\"image\":{\"@id\":\"https:\/\/newsvirali.it\/de\/2024\/09\/23\/radfahrer-angegriffen-wutender-autofahrer-erwurgt-ihn-auf-der-strase-schockvideo\/#primaryimage\"},\"thumbnailUrl\":\"https:\/\/newsvirali.it\/wp-content\/uploads\/2024\/09\/Ciclista-aggredito-automobilista-ricercato-dalla-polizia-video-shock-1.jpg\",\"datePublished\":\"2024-09-23T07:36:44+00:00\",\"dateModified\":\"2024-09-23T08:28:35+00:00\",\"author\":{\"@id\":\"https:\/\/newsvirali.it\/fr\/#\/schema\/person\/4c835f7b49c9adb58b33901ee816565d\"},\"description\":\"La polizia indaga su un terrificante episodio ai danni di un ciclista, aggredito, strangolato e scaraventato a terra da un automobilista.\",\"breadcrumb\":{\"@id\":\"https:\/\/newsvirali.it\/de\/2024\/09\/23\/radfahrer-angegriffen-wutender-autofahrer-erwurgt-ihn-auf-der-strase-schockvideo\/#breadcrumb\"},\"inLanguage\":\"es\",\"potentialAction\":[{\"@type\":\"ReadAction\",\"target\":[\"https:\/\/newsvirali.it\/de\/2024\/09\/23\/radfahrer-angegriffen-wutender-autofahrer-erwurgt-ihn-auf-der-strase-schockvideo\/\"]}]},{\"@type\":\"ImageObject\",\"inLanguage\":\"es\",\"@id\":\"https:\/\/newsvirali.it\/de\/2024\/09\/23\/radfahrer-angegriffen-wutender-autofahrer-erwurgt-ihn-auf-der-strase-schockvideo\/#primaryimage\",\"url\":\"https:\/\/newsvirali.it\/wp-content\/uploads\/2024\/09\/Ciclista-aggredito-automobilista-ricercato-dalla-polizia-video-shock-1.jpg\",\"contentUrl\":\"https:\/\/newsvirali.it\/wp-content\/uploads\/2024\/09\/Ciclista-aggredito-automobilista-ricercato-dalla-polizia-video-shock-1.jpg\",\"width\":600,\"height\":400,\"caption\":\"Ciclista aggredito, automobilista infuriato lo strangola in strada: video shock\"},{\"@type\":\"BreadcrumbList\",\"@id\":\"https:\/\/newsvirali.it\/de\/2024\/09\/23\/radfahrer-angegriffen-wutender-autofahrer-erwurgt-ihn-auf-der-strase-schockvideo\/#breadcrumb\",\"itemListElement\":[{\"@type\":\"ListItem\",\"position\":1,\"name\":\"Home\",\"item\":\"https:\/\/newsvirali.it\/fr\/\"},{\"@type\":\"ListItem\",\"position\":2,\"name\":\"Ciclista aggredito, automobilista infuriato lo strangola in strada: video shock\"}]},{\"@type\":\"WebSite\",\"@id\":\"https:\/\/newsvirali.it\/fr\/#website\",\"url\":\"https:\/\/newsvirali.it\/fr\/\",\"name\":\"Bake News\",\"description\":\"\",\"potentialAction\":[{\"@type\":\"SearchAction\",\"target\":{\"@type\":\"EntryPoint\",\"urlTemplate\":\"https:\/\/newsvirali.it\/fr\/?s={search_term_string}\"},\"query-input\":{\"@type\":\"PropertyValueSpecification\",\"valueRequired\":true,\"valueName\":\"search_term_string\"}}],\"inLanguage\":\"es\"},{\"@type\":\"Person\",\"@id\":\"https:\/\/newsvirali.it\/fr\/#\/schema\/person\/4c835f7b49c9adb58b33901ee816565d\",\"name\":\"Cecco Prestina\",\"description\":\"Perch\u00e9 nasconderlo? Cecco Prestina \u00e8 un alias, ma dietro di lui non si cela un algoritmo di intelligenza artificiale. C'\u00e8 un giornalista che ha oltre vent'anni di esperienza tutta sul web. Da quando il primo modem ha iniziato a gracchiare sul territorio italiano con Video on Line, Cecco ha capito che da quel doppino sarebbe passato il futuro. Ha dedidicato tutta la sua carriera a capire Internet e poi i social e ora l'Ai. Una carriera in costante aggiornamento. E questa esperienza la mette in campo ogni giorno. Per\u00f2 ogni tanto Cecco ha voglia anche di non scrivere \\\"pipponi\\\" sulla politica, sull'economia. Ha voglia anche di scrivere qualcosa di divertente. Le notizie che trovate su Bake News sono le stesse che Cecco porta all'aperitivo con gli amici. Quelle di cui discutere per farsi due risate. Notizie, vere (qualche volta si fa fatica a crederlo), strane, divertenti, ma anche serie. Bake News \u00e8 nato per questo, dare al pubblico notizie croccanti e calde come il pane che esce dal forno. E Cecco Prestina \u00e8 nato con Bake News.\",\"url\":\"https:\/\/newsvirali.it\/es\/autore\/cecco-prestina\/\"}]}<\/script>\n<!-- \/ Yoast SEO Premium plugin. -->","yoast_head_json":{"title":"Ciclista aggredito, automobilista infuriato lo strangola in strada: video shock","description":"La polizia indaga su un terrificante episodio ai danni di un ciclista, aggredito, strangolato e scaraventato a terra da un automobilista.","robots":{"index":"index","follow":"follow","max-snippet":"max-snippet:-1","max-image-preview":"max-image-preview:large","max-video-preview":"max-video-preview:-1"},"canonical":"https:\/\/newsvirali.it\/es\/2024\/09\/23\/radfahrer-angegriffen-wutender-autofahrer-erwurgt-ihn-auf-der-strase-schockvideo\/","og_locale":"es_ES","og_type":"article","og_title":"Ciclista aggredito, automobilista infuriato lo strangola in strada: video shock","og_description":"La polizia indaga su un terrificante episodio ai danni di un ciclista, aggredito, strangolato e scaraventato a terra da un automobilista.","og_url":"https:\/\/newsvirali.it\/es\/2024\/09\/23\/radfahrer-angegriffen-wutender-autofahrer-erwurgt-ihn-auf-der-strase-schockvideo\/","og_site_name":"News virali","article_published_time":"2024-09-23T07:36:44+00:00","article_modified_time":"2024-09-23T08:28:35+00:00","og_image":[{"width":600,"height":400,"url":"https:\/\/newsvirali.it\/wp-content\/uploads\/2024\/09\/Ciclista-aggredito-automobilista-ricercato-dalla-polizia-video-shock-1.jpg","type":"image\/jpeg"}],"author":"Cecco Prestina","twitter_card":"summary_large_image","twitter_misc":{"Escrito por":"Cecco Prestina","Tiempo de lectura":"2 minutos"},"schema":{"@context":"https:\/\/schema.org","@graph":[{"@type":"NewsArticle","@id":"https:\/\/newsvirali.it\/de\/2024\/09\/23\/radfahrer-angegriffen-wutender-autofahrer-erwurgt-ihn-auf-der-strase-schockvideo\/#article","isPartOf":{"@id":"https:\/\/newsvirali.it\/de\/2024\/09\/23\/radfahrer-angegriffen-wutender-autofahrer-erwurgt-ihn-auf-der-strase-schockvideo\/"},"author":{"name":"Cecco Prestina","@id":"https:\/\/newsvirali.it\/fr\/#\/schema\/person\/4c835f7b49c9adb58b33901ee816565d"},"headline":"Ciclista aggredito, automobilista infuriato lo strangola in strada: video shock","datePublished":"2024-09-23T07:36:44+00:00","dateModified":"2024-09-23T08:28:35+00:00","mainEntityOfPage":{"@id":"https:\/\/newsvirali.it\/de\/2024\/09\/23\/radfahrer-angegriffen-wutender-autofahrer-erwurgt-ihn-auf-der-strase-schockvideo\/"},"wordCount":371,"image":{"@id":"https:\/\/newsvirali.it\/de\/2024\/09\/23\/radfahrer-angegriffen-wutender-autofahrer-erwurgt-ihn-auf-der-strase-schockvideo\/#primaryimage"},"thumbnailUrl":"https:\/\/newsvirali.it\/wp-content\/uploads\/2024\/09\/Ciclista-aggredito-automobilista-ricercato-dalla-polizia-video-shock-1.jpg","articleSection":["Mondo"],"inLanguage":"es","copyrightYear":"2024","copyrightHolder":{"@id":"https:\/\/newsvirali.it\/es\/#organization"}},{"@type":"WebPage","@id":"https:\/\/newsvirali.it\/de\/2024\/09\/23\/radfahrer-angegriffen-wutender-autofahrer-erwurgt-ihn-auf-der-strase-schockvideo\/","url":"https:\/\/newsvirali.it\/de\/2024\/09\/23\/radfahrer-angegriffen-wutender-autofahrer-erwurgt-ihn-auf-der-strase-schockvideo\/","name":"Ciclista aggredito, automobilista infuriato lo strangola in strada: video shock","isPartOf":{"@id":"https:\/\/newsvirali.it\/fr\/#website"},"primaryImageOfPage":{"@id":"https:\/\/newsvirali.it\/de\/2024\/09\/23\/radfahrer-angegriffen-wutender-autofahrer-erwurgt-ihn-auf-der-strase-schockvideo\/#primaryimage"},"image":{"@id":"https:\/\/newsvirali.it\/de\/2024\/09\/23\/radfahrer-angegriffen-wutender-autofahrer-erwurgt-ihn-auf-der-strase-schockvideo\/#primaryimage"},"thumbnailUrl":"https:\/\/newsvirali.it\/wp-content\/uploads\/2024\/09\/Ciclista-aggredito-automobilista-ricercato-dalla-polizia-video-shock-1.jpg","datePublished":"2024-09-23T07:36:44+00:00","dateModified":"2024-09-23T08:28:35+00:00","author":{"@id":"https:\/\/newsvirali.it\/fr\/#\/schema\/person\/4c835f7b49c9adb58b33901ee816565d"},"description":"La polizia indaga su un terrificante episodio ai danni di un ciclista, aggredito, strangolato e scaraventato a terra da un automobilista.","breadcrumb":{"@id":"https:\/\/newsvirali.it\/de\/2024\/09\/23\/radfahrer-angegriffen-wutender-autofahrer-erwurgt-ihn-auf-der-strase-schockvideo\/#breadcrumb"},"inLanguage":"es","potentialAction":[{"@type":"ReadAction","target":["https:\/\/newsvirali.it\/de\/2024\/09\/23\/radfahrer-angegriffen-wutender-autofahrer-erwurgt-ihn-auf-der-strase-schockvideo\/"]}]},{"@type":"ImageObject","inLanguage":"es","@id":"https:\/\/newsvirali.it\/de\/2024\/09\/23\/radfahrer-angegriffen-wutender-autofahrer-erwurgt-ihn-auf-der-strase-schockvideo\/#primaryimage","url":"https:\/\/newsvirali.it\/wp-content\/uploads\/2024\/09\/Ciclista-aggredito-automobilista-ricercato-dalla-polizia-video-shock-1.jpg","contentUrl":"https:\/\/newsvirali.it\/wp-content\/uploads\/2024\/09\/Ciclista-aggredito-automobilista-ricercato-dalla-polizia-video-shock-1.jpg","width":600,"height":400,"caption":"Ciclista aggredito, automobilista infuriato lo strangola in strada: video shock"},{"@type":"BreadcrumbList","@id":"https:\/\/newsvirali.it\/de\/2024\/09\/23\/radfahrer-angegriffen-wutender-autofahrer-erwurgt-ihn-auf-der-strase-schockvideo\/#breadcrumb","itemListElement":[{"@type":"ListItem","position":1,"name":"Home","item":"https:\/\/newsvirali.it\/fr\/"},{"@type":"ListItem","position":2,"name":"Ciclista aggredito, automobilista infuriato lo strangola in strada: video shock"}]},{"@type":"WebSite","@id":"https:\/\/newsvirali.it\/fr\/#website","url":"https:\/\/newsvirali.it\/fr\/","name":"Bake News","description":"","potentialAction":[{"@type":"SearchAction","target":{"@type":"EntryPoint","urlTemplate":"https:\/\/newsvirali.it\/fr\/?s={search_term_string}"},"query-input":{"@type":"PropertyValueSpecification","valueRequired":true,"valueName":"search_term_string"}}],"inLanguage":"es"},{"@type":"Person","@id":"https:\/\/newsvirali.it\/fr\/#\/schema\/person\/4c835f7b49c9adb58b33901ee816565d","name":"Cecco Prestina","description":"Perch\u00e9 nasconderlo? Cecco Prestina \u00e8 un alias, ma dietro di lui non si cela un algoritmo di intelligenza artificiale. C'\u00e8 un giornalista che ha oltre vent'anni di esperienza tutta sul web. Da quando il primo modem ha iniziato a gracchiare sul territorio italiano con Video on Line, Cecco ha capito che da quel doppino sarebbe passato il futuro. Ha dedidicato tutta la sua carriera a capire Internet e poi i social e ora l'Ai. Una carriera in costante aggiornamento. E questa esperienza la mette in campo ogni giorno. Per\u00f2 ogni tanto Cecco ha voglia anche di non scrivere \"pipponi\" sulla politica, sull'economia. Ha voglia anche di scrivere qualcosa di divertente. Le notizie che trovate su Bake News sono le stesse che Cecco porta all'aperitivo con gli amici. Quelle di cui discutere per farsi due risate. Notizie, vere (qualche volta si fa fatica a crederlo), strane, divertenti, ma anche serie. Bake News \u00e8 nato per questo, dare al pubblico notizie croccanti e calde come il pane che esce dal forno. E Cecco Prestina \u00e8 nato con Bake News.","url":"https:\/\/newsvirali.it\/es\/autore\/cecco-prestina\/"}]}},"_links":{"self":[{"href":"https:\/\/newsvirali.it\/es\/wp-json\/wp\/v2\/posts\/44550","targetHints":{"allow":["GET"]}}],"collection":[{"href":"https:\/\/newsvirali.it\/es\/wp-json\/wp\/v2\/posts"}],"about":[{"href":"https:\/\/newsvirali.it\/es\/wp-json\/wp\/v2\/types\/post"}],"author":[{"embeddable":true,"href":"https:\/\/newsvirali.it\/es\/wp-json\/wp\/v2\/users\/4"}],"replies":[{"embeddable":true,"href":"https:\/\/newsvirali.it\/es\/wp-json\/wp\/v2\/comments?post=44550"}],"version-history":[{"count":3,"href":"https:\/\/newsvirali.it\/es\/wp-json\/wp\/v2\/posts\/44550\/revisions"}],"predecessor-version":[{"id":44584,"href":"https:\/\/newsvirali.it\/es\/wp-json\/wp\/v2\/posts\/44550\/revisions\/44584"}],"wp:featuredmedia":[{"embeddable":true,"href":"https:\/\/newsvirali.it\/es\/wp-json\/wp\/v2\/media\/44551"}],"wp:attachment":[{"href":"https:\/\/newsvirali.it\/es\/wp-json\/wp\/v2\/media?parent=44550"}],"wp:term":[{"taxonomy":"category","embeddable":true,"href":"https:\/\/newsvirali.it\/es\/wp-json\/wp\/v2\/categories?post=44550"},{"taxonomy":"post_tag","embeddable":true,"href":"https:\/\/newsvirali.it\/es\/wp-json\/wp\/v2\/tags?post=44550"}],"curies":[{"name":"wp","href":"https:\/\/api.w.org\/{rel}","templated":true}]}}