{"id":44276,"date":"2024-09-20T16:59:19","date_gmt":"2024-09-20T14:59:19","guid":{"rendered":"https:\/\/www.bakenews.it\/?p=44276"},"modified":"2024-09-20T16:59:20","modified_gmt":"2024-09-20T14:59:20","slug":"precipita-dalla-montagna-e-la-sua-telecamera-riprende-tutto-ecco-come-si-salva","status":"publish","type":"post","link":"https:\/\/newsvirali.it\/es\/2024\/09\/20\/cae-de-la-montana-y-su-camara-graba-todo-asi-se-salva\/","title":{"rendered":"Cae de la monta\u00f1a y su c\u00e1mara graba todo: as\u00ed se salva"},"content":{"rendered":"<p>Un hombre cae de una monta\u00f1a escarpada y afortunadamente sobrevive: la incre\u00edble y aterradora escena tambi\u00e9n fue captada por su c\u00e1mara que se desliz\u00f3, encendi\u00e9ndose, junto con \u00e9l. Sucedi\u00f3 en China y las emotivas im\u00e1genes de la ca\u00edda del excursionista de gran altitud han sumado casi medio mill\u00f3n de compartidos en Douyin, la versi\u00f3n china de TikTok. &quot;Me di cuenta de que no pod\u00eda levantarme y me resbalaba cada vez m\u00e1s r\u00e1pido&quot;, dijo Yang Meng, de 42 a\u00f1os, a CNN mientras relataba la experiencia cercana a la muerte.<\/p>\n\n\n\n<p><strong>LEER TAMBI\u00c9N<\/strong><\/p>\n\n\n\n<ul class=\"wp-block-list\">\n<li><a href=\"https:\/\/www.bakenews.it\/2024\/06\/14\/telecamera-riprende-fulmine-colpisce-persone-ombrello-video-shock\/\">C\u00e1mara graba rayo cayendo sobre dos personas bajo un paraguas: impactante video<\/a><\/li>\n\n\n\n<li><a href=\"https:\/\/www.bakenews.it\/2024\/09\/13\/ruba-carro-attrezzi-che-rimuoveva-la-sua-auto-e-se-la-distrugge-video-virale\/\">Le roba gr\u00faa que estaba sacando su auto y la destroza: video viral<\/a><\/li>\n\n\n\n<li><a href=\"https:\/\/www.bakenews.it\/2024\/09\/12\/turista-balla-sul-molo-e-un-fulmine-lo-colpisce-prende-fuoco-ma-sopravvive-video\/\">Turista baila en el muelle y le cae un rayo, se prende fuego pero sobrevive: video<\/a><\/li>\n<\/ul>\n\n\n\n<p>Meng estaba usando una c\u00e1mara port\u00e1til de 360 grados para filmar su caminata en las monta\u00f1as Fanzengjian en Anhui, a unos 450 kil\u00f3metros al oeste de Shanghai, cuando resbal\u00f3 y cay\u00f3 sobre rocas resbaladizas por la lluvia. \u201cFue entonces cuando me di cuenta de que me estaba cayendo por un precipicio\u201d, dijo Meng sobre el momento en que comenz\u00f3 a deslizarse incontrolablemente hacia abajo. El v\u00eddeo, grabado por \u00e9l mismo, muestra al excursionista cayendo por el acantilado como un tobog\u00e1n humano.<\/p>\n\n\n\n<h2 class=\"wp-block-heading\" id=\"h-un-albero-arresta-la-sua-caduta\">Un \u00e1rbol detiene su ca\u00edda<\/h2>\n\n\n\n<p>Afortunadamente, Meng choca contra un \u00e1rbol, lo que frena su ca\u00edda y probablemente le salva la vida. \u201cCuando golpe\u00e9 el \u00e1rbol, sent\u00ed como si una roca pesada se estrellara. Estaba pensando: &#039;No hay forma de que est\u00e9 muerto&#039;\u201d, dijo el agradecido escalador. A pesar de la dram\u00e1tica ca\u00edda, sali\u00f3 ileso del accidente, salvo algunos hematomas en la pierna y peque\u00f1os cortes en la mano y el muslo.<\/p>\n\n\n\n<p><a href=\"https:\/\/www.douyin.com\/video\/7415173717895957787\">HAZ CLIC AQU\u00cd Y MIRA EL VIDEO<\/a><\/p>\n\n\n\n<p>Los espectadores de Douyin comentaron lo afortunado que fue de sobrevivir a la ca\u00edda. Meng dijo que el incidente le ense\u00f1\u00f3 que &quot;la vida es corta&quot; y por lo tanto la gente debe &quot;apreciarla todos los d\u00edas&quot;. Por supuesto, un fracaso as\u00ed podr\u00eda disuadir a muchas personas de volver a hacer senderismo. Sin embargo, Meng dijo que no permitir\u00e1 que esta terrible experiencia le impida hacer las cosas que ama. &quot;En todo caso, me empuja a explorar el mundo a\u00fan m\u00e1s&quot;, dijo.<\/p>\n\n\n\n<p><strong>ART\u00cdCULOS M\u00c1S LE\u00cdDOS<\/strong><\/p>\n\n\n<p>[koko_analytics_most_viewed_posts number=5 d\u00edas=8 tipo_de_publicaci\u00f3n=\u201dpublicaci\u00f3n\u201d fecha_de_presentaci\u00f3n=\u201dfalso\u201d]<\/p>\n\n\n\n<p>El incidente se produjo despu\u00e9s de que fuertes lluvias azotaran la provincia, probablemente causadas por los tifones Yagi y Bebinca. Esta \u00faltima, que toc\u00f3 tierra el lunes, fue descrita por los medios chinos como la tormenta m\u00e1s fuerte que ha azotado Shanghai en 75 a\u00f1os. M\u00e1s de 400.000 personas fueron evacuadas debido a los fuertes vientos y las intensas lluvias, que inundaron las calles y dejaron sin electricidad en algunas viviendas.<\/p>\n<br \/>S\u00edguenos tambi\u00e9n en Google News: <b><a href=\"https:\/\/news.google.com\/publications\/CAAqBwgKMNqJiwswjMfqAg?hl=it&gl=IT&ceid=IT:it\" target=\"_blank\">haga clic aqu\u00ed<\/a><\/b>","protected":false},"excerpt":{"rendered":"<p>Un hombre cae de una monta\u00f1a escarpada y afortunadamente sobrevive: la incre\u00edble y aterradora escena tambi\u00e9n fue filmada por su [...]<\/p>","protected":false},"author":4,"featured_media":44277,"comment_status":"closed","ping_status":"open","sticky":false,"template":"","format":"standard","meta":{"MSN_Categories":"Uncategorized","MSN_Publish_Option":false,"MSN_Is_Local_News":false,"MSN_Is_AIAC_Included":"Empty","MSN_Location":"[]","MSN_Add_Feature_Img_On_Top_Of_Post":false,"MSN_Has_Custom_Author":false,"MSN_Custom_Author":"","MSN_Has_Custom_Canonical_Url":false,"MSN_Custom_Canonical_Url":"","footnotes":""},"categories":[9],"tags":[],"class_list":["post-44276","post","type-post","status-publish","format-standard","has-post-thumbnail","hentry","category-mondo"],"acf":[],"yoast_head":"<!-- This site is optimized with the Yoast SEO Premium plugin v26.7 (Yoast SEO v26.7) - https:\/\/yoast.com\/wordpress\/plugins\/seo\/ -->\n<title>Precipita dalla montagna e la sua telecamera riprende tutto: ecco come si salva<\/title>\n<meta name=\"description\" content=\"Un uomo precipita da una montagna e sopravvive: l&#039;incredibile e terrificante scena \u00e8 stata anche ripresa dalla sua fotocamera.\" \/>\n<meta name=\"robots\" content=\"index, follow, max-snippet:-1, max-image-preview:large, max-video-preview:-1\" \/>\n<link rel=\"canonical\" href=\"https:\/\/newsvirali.it\/es\/2024\/09\/20\/er-sturzt-vom-berg-und-seine-kamera-zeichnet-alles-auf-so-rettet-er-sich\/\" \/>\n<meta property=\"og:locale\" content=\"es_ES\" \/>\n<meta property=\"og:type\" content=\"article\" \/>\n<meta property=\"og:title\" content=\"Precipita dalla montagna e la sua telecamera riprende tutto: ecco come si salva\" \/>\n<meta property=\"og:description\" content=\"Un uomo precipita da una montagna e sopravvive: l&#039;incredibile e terrificante scena \u00e8 stata anche ripresa dalla sua fotocamera.\" \/>\n<meta property=\"og:url\" content=\"https:\/\/newsvirali.it\/es\/2024\/09\/20\/er-sturzt-vom-berg-und-seine-kamera-zeichnet-alles-auf-so-rettet-er-sich\/\" \/>\n<meta property=\"og:site_name\" content=\"News virali\" \/>\n<meta property=\"article:published_time\" content=\"2024-09-20T14:59:19+00:00\" \/>\n<meta property=\"article:modified_time\" content=\"2024-09-20T14:59:20+00:00\" \/>\n<meta property=\"og:image\" content=\"https:\/\/newsvirali.it\/wp-content\/uploads\/2024\/09\/Precipita-dalla-montagna-e-la-sua-telecamera-riprende-tutto-ecco-come-si-salva-1.jpg\" \/>\n\t<meta property=\"og:image:width\" content=\"600\" \/>\n\t<meta property=\"og:image:height\" content=\"400\" \/>\n\t<meta property=\"og:image:type\" content=\"image\/jpeg\" \/>\n<meta name=\"author\" content=\"Cecco Prestina\" \/>\n<meta name=\"twitter:card\" content=\"summary_large_image\" \/>\n<meta name=\"twitter:label1\" content=\"Escrito por\" \/>\n\t<meta name=\"twitter:data1\" content=\"Cecco Prestina\" \/>\n\t<meta name=\"twitter:label2\" content=\"Tiempo de lectura\" \/>\n\t<meta name=\"twitter:data2\" content=\"3 minutos\" \/>\n<script type=\"application\/ld+json\" class=\"yoast-schema-graph\">{\"@context\":\"https:\/\/schema.org\",\"@graph\":[{\"@type\":\"NewsArticle\",\"@id\":\"https:\/\/newsvirali.it\/de\/2024\/09\/20\/er-sturzt-vom-berg-und-seine-kamera-zeichnet-alles-auf-so-rettet-er-sich\/#article\",\"isPartOf\":{\"@id\":\"https:\/\/newsvirali.it\/de\/2024\/09\/20\/er-sturzt-vom-berg-und-seine-kamera-zeichnet-alles-auf-so-rettet-er-sich\/\"},\"author\":{\"name\":\"Cecco Prestina\",\"@id\":\"https:\/\/newsvirali.it\/fr\/#\/schema\/person\/4c835f7b49c9adb58b33901ee816565d\"},\"headline\":\"Precipita dalla montagna e la sua telecamera riprende tutto: ecco come si salva\",\"datePublished\":\"2024-09-20T14:59:19+00:00\",\"dateModified\":\"2024-09-20T14:59:20+00:00\",\"mainEntityOfPage\":{\"@id\":\"https:\/\/newsvirali.it\/de\/2024\/09\/20\/er-sturzt-vom-berg-und-seine-kamera-zeichnet-alles-auf-so-rettet-er-sich\/\"},\"wordCount\":447,\"image\":{\"@id\":\"https:\/\/newsvirali.it\/de\/2024\/09\/20\/er-sturzt-vom-berg-und-seine-kamera-zeichnet-alles-auf-so-rettet-er-sich\/#primaryimage\"},\"thumbnailUrl\":\"https:\/\/newsvirali.it\/wp-content\/uploads\/2024\/09\/Precipita-dalla-montagna-e-la-sua-telecamera-riprende-tutto-ecco-come-si-salva-1.jpg\",\"articleSection\":[\"Mondo\"],\"inLanguage\":\"es\",\"copyrightYear\":\"2024\",\"copyrightHolder\":{\"@id\":\"https:\/\/newsvirali.it\/es\/#organization\"}},{\"@type\":\"WebPage\",\"@id\":\"https:\/\/newsvirali.it\/de\/2024\/09\/20\/er-sturzt-vom-berg-und-seine-kamera-zeichnet-alles-auf-so-rettet-er-sich\/\",\"url\":\"https:\/\/newsvirali.it\/de\/2024\/09\/20\/er-sturzt-vom-berg-und-seine-kamera-zeichnet-alles-auf-so-rettet-er-sich\/\",\"name\":\"Precipita dalla montagna e la sua telecamera riprende tutto: ecco come si salva\",\"isPartOf\":{\"@id\":\"https:\/\/newsvirali.it\/fr\/#website\"},\"primaryImageOfPage\":{\"@id\":\"https:\/\/newsvirali.it\/de\/2024\/09\/20\/er-sturzt-vom-berg-und-seine-kamera-zeichnet-alles-auf-so-rettet-er-sich\/#primaryimage\"},\"image\":{\"@id\":\"https:\/\/newsvirali.it\/de\/2024\/09\/20\/er-sturzt-vom-berg-und-seine-kamera-zeichnet-alles-auf-so-rettet-er-sich\/#primaryimage\"},\"thumbnailUrl\":\"https:\/\/newsvirali.it\/wp-content\/uploads\/2024\/09\/Precipita-dalla-montagna-e-la-sua-telecamera-riprende-tutto-ecco-come-si-salva-1.jpg\",\"datePublished\":\"2024-09-20T14:59:19+00:00\",\"dateModified\":\"2024-09-20T14:59:20+00:00\",\"author\":{\"@id\":\"https:\/\/newsvirali.it\/fr\/#\/schema\/person\/4c835f7b49c9adb58b33901ee816565d\"},\"description\":\"Un uomo precipita da una montagna e sopravvive: l'incredibile e terrificante scena \u00e8 stata anche ripresa dalla sua fotocamera.\",\"breadcrumb\":{\"@id\":\"https:\/\/newsvirali.it\/de\/2024\/09\/20\/er-sturzt-vom-berg-und-seine-kamera-zeichnet-alles-auf-so-rettet-er-sich\/#breadcrumb\"},\"inLanguage\":\"es\",\"potentialAction\":[{\"@type\":\"ReadAction\",\"target\":[\"https:\/\/newsvirali.it\/de\/2024\/09\/20\/er-sturzt-vom-berg-und-seine-kamera-zeichnet-alles-auf-so-rettet-er-sich\/\"]}]},{\"@type\":\"ImageObject\",\"inLanguage\":\"es\",\"@id\":\"https:\/\/newsvirali.it\/de\/2024\/09\/20\/er-sturzt-vom-berg-und-seine-kamera-zeichnet-alles-auf-so-rettet-er-sich\/#primaryimage\",\"url\":\"https:\/\/newsvirali.it\/wp-content\/uploads\/2024\/09\/Precipita-dalla-montagna-e-la-sua-telecamera-riprende-tutto-ecco-come-si-salva-1.jpg\",\"contentUrl\":\"https:\/\/newsvirali.it\/wp-content\/uploads\/2024\/09\/Precipita-dalla-montagna-e-la-sua-telecamera-riprende-tutto-ecco-come-si-salva-1.jpg\",\"width\":600,\"height\":400,\"caption\":\"Precipita dalla montagna e la sua telecamera riprende tutto: ecco come si salva\"},{\"@type\":\"BreadcrumbList\",\"@id\":\"https:\/\/newsvirali.it\/de\/2024\/09\/20\/er-sturzt-vom-berg-und-seine-kamera-zeichnet-alles-auf-so-rettet-er-sich\/#breadcrumb\",\"itemListElement\":[{\"@type\":\"ListItem\",\"position\":1,\"name\":\"Home\",\"item\":\"https:\/\/newsvirali.it\/fr\/\"},{\"@type\":\"ListItem\",\"position\":2,\"name\":\"Precipita dalla montagna e la sua telecamera riprende tutto: ecco come si salva\"}]},{\"@type\":\"WebSite\",\"@id\":\"https:\/\/newsvirali.it\/fr\/#website\",\"url\":\"https:\/\/newsvirali.it\/fr\/\",\"name\":\"Bake News\",\"description\":\"\",\"potentialAction\":[{\"@type\":\"SearchAction\",\"target\":{\"@type\":\"EntryPoint\",\"urlTemplate\":\"https:\/\/newsvirali.it\/fr\/?s={search_term_string}\"},\"query-input\":{\"@type\":\"PropertyValueSpecification\",\"valueRequired\":true,\"valueName\":\"search_term_string\"}}],\"inLanguage\":\"es\"},{\"@type\":\"Person\",\"@id\":\"https:\/\/newsvirali.it\/fr\/#\/schema\/person\/4c835f7b49c9adb58b33901ee816565d\",\"name\":\"Cecco Prestina\",\"description\":\"Perch\u00e9 nasconderlo? Cecco Prestina \u00e8 un alias, ma dietro di lui non si cela un algoritmo di intelligenza artificiale. C'\u00e8 un giornalista che ha oltre vent'anni di esperienza tutta sul web. Da quando il primo modem ha iniziato a gracchiare sul territorio italiano con Video on Line, Cecco ha capito che da quel doppino sarebbe passato il futuro. Ha dedidicato tutta la sua carriera a capire Internet e poi i social e ora l'Ai. Una carriera in costante aggiornamento. E questa esperienza la mette in campo ogni giorno. Per\u00f2 ogni tanto Cecco ha voglia anche di non scrivere \\\"pipponi\\\" sulla politica, sull'economia. Ha voglia anche di scrivere qualcosa di divertente. Le notizie che trovate su Bake News sono le stesse che Cecco porta all'aperitivo con gli amici. Quelle di cui discutere per farsi due risate. Notizie, vere (qualche volta si fa fatica a crederlo), strane, divertenti, ma anche serie. Bake News \u00e8 nato per questo, dare al pubblico notizie croccanti e calde come il pane che esce dal forno. E Cecco Prestina \u00e8 nato con Bake News.\",\"url\":\"https:\/\/newsvirali.it\/es\/autore\/cecco-prestina\/\"}]}<\/script>\n<!-- \/ Yoast SEO Premium plugin. -->","yoast_head_json":{"title":"Precipita dalla montagna e la sua telecamera riprende tutto: ecco come si salva","description":"Un uomo precipita da una montagna e sopravvive: l'incredibile e terrificante scena \u00e8 stata anche ripresa dalla sua fotocamera.","robots":{"index":"index","follow":"follow","max-snippet":"max-snippet:-1","max-image-preview":"max-image-preview:large","max-video-preview":"max-video-preview:-1"},"canonical":"https:\/\/newsvirali.it\/es\/2024\/09\/20\/er-sturzt-vom-berg-und-seine-kamera-zeichnet-alles-auf-so-rettet-er-sich\/","og_locale":"es_ES","og_type":"article","og_title":"Precipita dalla montagna e la sua telecamera riprende tutto: ecco come si salva","og_description":"Un uomo precipita da una montagna e sopravvive: l'incredibile e terrificante scena \u00e8 stata anche ripresa dalla sua fotocamera.","og_url":"https:\/\/newsvirali.it\/es\/2024\/09\/20\/er-sturzt-vom-berg-und-seine-kamera-zeichnet-alles-auf-so-rettet-er-sich\/","og_site_name":"News virali","article_published_time":"2024-09-20T14:59:19+00:00","article_modified_time":"2024-09-20T14:59:20+00:00","og_image":[{"width":600,"height":400,"url":"https:\/\/newsvirali.it\/wp-content\/uploads\/2024\/09\/Precipita-dalla-montagna-e-la-sua-telecamera-riprende-tutto-ecco-come-si-salva-1.jpg","type":"image\/jpeg"}],"author":"Cecco Prestina","twitter_card":"summary_large_image","twitter_misc":{"Escrito por":"Cecco Prestina","Tiempo de lectura":"3 minutos"},"schema":{"@context":"https:\/\/schema.org","@graph":[{"@type":"NewsArticle","@id":"https:\/\/newsvirali.it\/de\/2024\/09\/20\/er-sturzt-vom-berg-und-seine-kamera-zeichnet-alles-auf-so-rettet-er-sich\/#article","isPartOf":{"@id":"https:\/\/newsvirali.it\/de\/2024\/09\/20\/er-sturzt-vom-berg-und-seine-kamera-zeichnet-alles-auf-so-rettet-er-sich\/"},"author":{"name":"Cecco Prestina","@id":"https:\/\/newsvirali.it\/fr\/#\/schema\/person\/4c835f7b49c9adb58b33901ee816565d"},"headline":"Precipita dalla montagna e la sua telecamera riprende tutto: ecco come si salva","datePublished":"2024-09-20T14:59:19+00:00","dateModified":"2024-09-20T14:59:20+00:00","mainEntityOfPage":{"@id":"https:\/\/newsvirali.it\/de\/2024\/09\/20\/er-sturzt-vom-berg-und-seine-kamera-zeichnet-alles-auf-so-rettet-er-sich\/"},"wordCount":447,"image":{"@id":"https:\/\/newsvirali.it\/de\/2024\/09\/20\/er-sturzt-vom-berg-und-seine-kamera-zeichnet-alles-auf-so-rettet-er-sich\/#primaryimage"},"thumbnailUrl":"https:\/\/newsvirali.it\/wp-content\/uploads\/2024\/09\/Precipita-dalla-montagna-e-la-sua-telecamera-riprende-tutto-ecco-come-si-salva-1.jpg","articleSection":["Mondo"],"inLanguage":"es","copyrightYear":"2024","copyrightHolder":{"@id":"https:\/\/newsvirali.it\/es\/#organization"}},{"@type":"WebPage","@id":"https:\/\/newsvirali.it\/de\/2024\/09\/20\/er-sturzt-vom-berg-und-seine-kamera-zeichnet-alles-auf-so-rettet-er-sich\/","url":"https:\/\/newsvirali.it\/de\/2024\/09\/20\/er-sturzt-vom-berg-und-seine-kamera-zeichnet-alles-auf-so-rettet-er-sich\/","name":"Precipita dalla montagna e la sua telecamera riprende tutto: ecco come si salva","isPartOf":{"@id":"https:\/\/newsvirali.it\/fr\/#website"},"primaryImageOfPage":{"@id":"https:\/\/newsvirali.it\/de\/2024\/09\/20\/er-sturzt-vom-berg-und-seine-kamera-zeichnet-alles-auf-so-rettet-er-sich\/#primaryimage"},"image":{"@id":"https:\/\/newsvirali.it\/de\/2024\/09\/20\/er-sturzt-vom-berg-und-seine-kamera-zeichnet-alles-auf-so-rettet-er-sich\/#primaryimage"},"thumbnailUrl":"https:\/\/newsvirali.it\/wp-content\/uploads\/2024\/09\/Precipita-dalla-montagna-e-la-sua-telecamera-riprende-tutto-ecco-come-si-salva-1.jpg","datePublished":"2024-09-20T14:59:19+00:00","dateModified":"2024-09-20T14:59:20+00:00","author":{"@id":"https:\/\/newsvirali.it\/fr\/#\/schema\/person\/4c835f7b49c9adb58b33901ee816565d"},"description":"Un uomo precipita da una montagna e sopravvive: l'incredibile e terrificante scena \u00e8 stata anche ripresa dalla sua fotocamera.","breadcrumb":{"@id":"https:\/\/newsvirali.it\/de\/2024\/09\/20\/er-sturzt-vom-berg-und-seine-kamera-zeichnet-alles-auf-so-rettet-er-sich\/#breadcrumb"},"inLanguage":"es","potentialAction":[{"@type":"ReadAction","target":["https:\/\/newsvirali.it\/de\/2024\/09\/20\/er-sturzt-vom-berg-und-seine-kamera-zeichnet-alles-auf-so-rettet-er-sich\/"]}]},{"@type":"ImageObject","inLanguage":"es","@id":"https:\/\/newsvirali.it\/de\/2024\/09\/20\/er-sturzt-vom-berg-und-seine-kamera-zeichnet-alles-auf-so-rettet-er-sich\/#primaryimage","url":"https:\/\/newsvirali.it\/wp-content\/uploads\/2024\/09\/Precipita-dalla-montagna-e-la-sua-telecamera-riprende-tutto-ecco-come-si-salva-1.jpg","contentUrl":"https:\/\/newsvirali.it\/wp-content\/uploads\/2024\/09\/Precipita-dalla-montagna-e-la-sua-telecamera-riprende-tutto-ecco-come-si-salva-1.jpg","width":600,"height":400,"caption":"Precipita dalla montagna e la sua telecamera riprende tutto: ecco come si salva"},{"@type":"BreadcrumbList","@id":"https:\/\/newsvirali.it\/de\/2024\/09\/20\/er-sturzt-vom-berg-und-seine-kamera-zeichnet-alles-auf-so-rettet-er-sich\/#breadcrumb","itemListElement":[{"@type":"ListItem","position":1,"name":"Home","item":"https:\/\/newsvirali.it\/fr\/"},{"@type":"ListItem","position":2,"name":"Precipita dalla montagna e la sua telecamera riprende tutto: ecco come si salva"}]},{"@type":"WebSite","@id":"https:\/\/newsvirali.it\/fr\/#website","url":"https:\/\/newsvirali.it\/fr\/","name":"Bake News","description":"","potentialAction":[{"@type":"SearchAction","target":{"@type":"EntryPoint","urlTemplate":"https:\/\/newsvirali.it\/fr\/?s={search_term_string}"},"query-input":{"@type":"PropertyValueSpecification","valueRequired":true,"valueName":"search_term_string"}}],"inLanguage":"es"},{"@type":"Person","@id":"https:\/\/newsvirali.it\/fr\/#\/schema\/person\/4c835f7b49c9adb58b33901ee816565d","name":"Cecco Prestina","description":"Perch\u00e9 nasconderlo? Cecco Prestina \u00e8 un alias, ma dietro di lui non si cela un algoritmo di intelligenza artificiale. C'\u00e8 un giornalista che ha oltre vent'anni di esperienza tutta sul web. Da quando il primo modem ha iniziato a gracchiare sul territorio italiano con Video on Line, Cecco ha capito che da quel doppino sarebbe passato il futuro. Ha dedidicato tutta la sua carriera a capire Internet e poi i social e ora l'Ai. Una carriera in costante aggiornamento. E questa esperienza la mette in campo ogni giorno. Per\u00f2 ogni tanto Cecco ha voglia anche di non scrivere \"pipponi\" sulla politica, sull'economia. Ha voglia anche di scrivere qualcosa di divertente. Le notizie che trovate su Bake News sono le stesse che Cecco porta all'aperitivo con gli amici. Quelle di cui discutere per farsi due risate. Notizie, vere (qualche volta si fa fatica a crederlo), strane, divertenti, ma anche serie. Bake News \u00e8 nato per questo, dare al pubblico notizie croccanti e calde come il pane che esce dal forno. E Cecco Prestina \u00e8 nato con Bake News.","url":"https:\/\/newsvirali.it\/es\/autore\/cecco-prestina\/"}]}},"_links":{"self":[{"href":"https:\/\/newsvirali.it\/es\/wp-json\/wp\/v2\/posts\/44276","targetHints":{"allow":["GET"]}}],"collection":[{"href":"https:\/\/newsvirali.it\/es\/wp-json\/wp\/v2\/posts"}],"about":[{"href":"https:\/\/newsvirali.it\/es\/wp-json\/wp\/v2\/types\/post"}],"author":[{"embeddable":true,"href":"https:\/\/newsvirali.it\/es\/wp-json\/wp\/v2\/users\/4"}],"replies":[{"embeddable":true,"href":"https:\/\/newsvirali.it\/es\/wp-json\/wp\/v2\/comments?post=44276"}],"version-history":[{"count":4,"href":"https:\/\/newsvirali.it\/es\/wp-json\/wp\/v2\/posts\/44276\/revisions"}],"predecessor-version":[{"id":44321,"href":"https:\/\/newsvirali.it\/es\/wp-json\/wp\/v2\/posts\/44276\/revisions\/44321"}],"wp:featuredmedia":[{"embeddable":true,"href":"https:\/\/newsvirali.it\/es\/wp-json\/wp\/v2\/media\/44277"}],"wp:attachment":[{"href":"https:\/\/newsvirali.it\/es\/wp-json\/wp\/v2\/media?parent=44276"}],"wp:term":[{"taxonomy":"category","embeddable":true,"href":"https:\/\/newsvirali.it\/es\/wp-json\/wp\/v2\/categories?post=44276"},{"taxonomy":"post_tag","embeddable":true,"href":"https:\/\/newsvirali.it\/es\/wp-json\/wp\/v2\/tags?post=44276"}],"curies":[{"name":"wp","href":"https:\/\/api.w.org\/{rel}","templated":true}]}}