{"id":4384,"date":"2023-09-13T12:31:45","date_gmt":"2023-09-13T10:31:45","guid":{"rendered":"https:\/\/www.bakenews.it\/?p=4384"},"modified":"2023-09-13T12:32:00","modified_gmt":"2023-09-13T10:32:00","slug":"iphone-radioattivi-shock-francia-bloccate-vendite","status":"publish","type":"post","link":"https:\/\/newsvirali.it\/es\/2023\/09\/13\/el-impacto-radiactivo-del-iphone-en-francia-bloqueo-las-ventas\/","title":{"rendered":"iPhones radiactivos, conmoci\u00f3n en Francia: ventas bloqueadas"},"content":{"rendered":"<p>Apple debe dejar de vender el modelo iPhone 12 en Francia debido a que los niveles de radiaci\u00f3n superan el umbral. As\u00ed lo anunci\u00f3 el subsecretario franc\u00e9s de Econom\u00eda Digital al peri\u00f3dico Le Parisien en una entrevista publicada el martes. La ANFR, el organismo franc\u00e9s de control de la radiaci\u00f3n, notific\u00f3 a Apple su decisi\u00f3n de prohibir la venta del iPhone 12 despu\u00e9s de realizar pruebas que demostraron que la tasa de absorci\u00f3n espec\u00edfica (SAR) del tel\u00e9fono inteligente era ligeramente superior a lo esperado permitido por la ley, dijo Jean-Noel Barrot. el peri\u00f3dico.<\/p>\n\n\n\n<p><\/p>\n\n\n\n<hr class=\"wp-block-separator has-alpha-channel-opacity\"\/>\n\n\n\n<p><strong>LEER TAMBI\u00c9N<\/strong><\/p>\n\n\n\n<ul class=\"wp-block-list\">\n<li><a href=\"https:\/\/www.bakenews.it\/pillola-ferma-tumori-funziona\/\">La pastilla que frena los tumores funciona: \u201cLa guerra contra el c\u00e1ncer se ganar\u00e1 en 10 a\u00f1os\u201d<\/a><\/li>\n\n\n\n<li><a href=\"https:\/\/www.bakenews.it\/wp-content\/uploads\/2023\/06\/nikola-ancevski-er7TM4GPqWg-unsplash-scaled.jpg\">M\u00f3viles en modo avi\u00f3n en vuelos: el experto explica los riesgos reales<\/a><\/li>\n\n\n\n<li><a href=\"https:\/\/www.bakenews.it\/un-pesce-crudo-causa-il-cancro-al-fegato-e-20mila-morti-lanno-ecco-quale\/\">Un pescado crudo causa c\u00e1ncer de h\u00edgado y 20 mil muertes al a\u00f1o: aqu\u00ed te contamos cu\u00e1l<\/a><\/li>\n<\/ul>\n\n\n\n<hr class=\"wp-block-separator has-alpha-channel-opacity\"\/>\n\n\n\n<p><\/p>\n\n\n\n<h2 class=\"wp-block-heading\">iPhone 12 radiactivo, una actualizaci\u00f3n ser\u00eda suficiente<\/h2>\n\n\n\n<p>Apple a\u00fan no ha respondido a las preguntas de Reuters. Barrot dijo que una actualizaci\u00f3n de software ser\u00eda suficiente para solucionar los problemas de radiaci\u00f3n relacionados con el tel\u00e9fono que la compa\u00f1\u00eda estadounidense vende desde 2020. &quot;Se espera que Apple responda dentro de dos semanas&quot;, dijo, y agreg\u00f3: &quot;Si no lo hacen, no lo har\u00e9&quot;. Estoy listo para ordenar el retiro del mercado de todos los iPhone 12 en circulaci\u00f3n. La regla es la misma para todos, incluidos los gigantes digitales&quot;.<\/p>\n\n\n\n<h2 class=\"wp-block-heading\">Mayor riesgo de c\u00e1ncer<\/h2>\n\n\n\n<p>La Uni\u00f3n Europea ha fijado l\u00edmites de seguridad para los valores de SAR relacionados con la exposici\u00f3n a los tel\u00e9fonos m\u00f3viles, que seg\u00fan estudios cient\u00edficos podr\u00edan aumentar el riesgo de algunas formas de c\u00e1ncer. El organismo de control franc\u00e9s ahora transmitir\u00e1 sus conclusiones a los reguladores de otros estados miembros de la UE. &quot;En t\u00e9rminos pr\u00e1cticos, esta decisi\u00f3n podr\u00eda tener un efecto de bola de nieve&quot;, afirm\u00f3 Barrot. En 2020, Francia ampli\u00f3 las regulaciones que exigen a los minoristas mostrar el valor de radiaci\u00f3n de los productos en los envases, adem\u00e1s de los tel\u00e9fonos m\u00f3viles, incluidas las tabletas y otros dispositivos electr\u00f3nicos.<\/p>\n<br \/>S\u00edguenos tambi\u00e9n en Google News: <b><a href=\"https:\/\/news.google.com\/publications\/CAAqBwgKMNqJiwswjMfqAg?hl=it&gl=IT&ceid=IT:it\" target=\"_blank\">haga clic aqu\u00ed<\/a><\/b>","protected":false},"excerpt":{"rendered":"<p>Apple debe dejar de vender el modelo iPhone 12 en Francia debido a que los niveles de radiaci\u00f3n superan el umbral. [\u2026]<\/p>","protected":false},"author":4,"featured_media":4387,"comment_status":"open","ping_status":"open","sticky":false,"template":"","format":"standard","meta":{"MSN_Categories":"Uncategorized","MSN_Publish_Option":false,"MSN_Is_Local_News":false,"MSN_Is_AIAC_Included":"Empty","MSN_Location":"[]","MSN_Add_Feature_Img_On_Top_Of_Post":false,"MSN_Has_Custom_Author":false,"MSN_Custom_Author":"","MSN_Has_Custom_Canonical_Url":false,"MSN_Custom_Canonical_Url":"","footnotes":""},"categories":[33],"tags":[],"class_list":["post-4384","post","type-post","status-publish","format-standard","has-post-thumbnail","hentry","category-salute"],"acf":[],"yoast_head":"<!-- This site is optimized with the Yoast SEO Premium plugin v26.7 (Yoast SEO v26.7) - https:\/\/yoast.com\/wordpress\/plugins\/seo\/ -->\n<title>iPhone radioattivi, shock in Francia: bloccate le vendite<\/title>\n<meta name=\"description\" content=\"Gli iPhone 12 rischiano di essere ritirati da tutto il mercato francese se Apple non risponder\u00e0 al governo di Parigi.\" \/>\n<meta name=\"robots\" content=\"index, follow, max-snippet:-1, max-image-preview:large, max-video-preview:-1\" \/>\n<link rel=\"canonical\" href=\"https:\/\/newsvirali.it\/es\/2023\/09\/13\/el-impacto-radiactivo-del-iphone-en-francia-bloqueo-las-ventas\/\" \/>\n<meta property=\"og:locale\" content=\"es_ES\" \/>\n<meta property=\"og:type\" content=\"article\" \/>\n<meta property=\"og:title\" content=\"iPhone radioattivi, shock in Francia: bloccate le vendite\" \/>\n<meta property=\"og:description\" content=\"Gli iPhone 12 rischiano di essere ritirati da tutto il mercato francese se Apple non risponder\u00e0 al governo di Parigi.\" \/>\n<meta property=\"og:url\" content=\"https:\/\/newsvirali.it\/es\/2023\/09\/13\/el-impacto-radiactivo-del-iphone-en-francia-bloqueo-las-ventas\/\" \/>\n<meta property=\"og:site_name\" content=\"News virali\" \/>\n<meta property=\"article:published_time\" content=\"2023-09-13T10:31:45+00:00\" \/>\n<meta property=\"article:modified_time\" content=\"2023-09-13T10:32:00+00:00\" \/>\n<meta property=\"og:image\" content=\"https:\/\/newsvirali.it\/wp-content\/uploads\/2023\/09\/akhil-yerabati-4YmSIWff6aw-unsplash-scaled.jpg\" \/>\n\t<meta property=\"og:image:width\" content=\"2560\" \/>\n\t<meta property=\"og:image:height\" content=\"1707\" \/>\n\t<meta property=\"og:image:type\" content=\"image\/jpeg\" \/>\n<meta name=\"author\" content=\"Cecco Prestina\" \/>\n<meta name=\"twitter:card\" content=\"summary_large_image\" \/>\n<meta name=\"twitter:label1\" content=\"Escrito por\" \/>\n\t<meta name=\"twitter:data1\" content=\"Cecco Prestina\" \/>\n\t<meta name=\"twitter:label2\" content=\"Tiempo de lectura\" \/>\n\t<meta name=\"twitter:data2\" content=\"2 minutos\" \/>\n<script type=\"application\/ld+json\" class=\"yoast-schema-graph\">{\"@context\":\"https:\/\/schema.org\",\"@graph\":[{\"@type\":\"NewsArticle\",\"@id\":\"https:\/\/newsvirali.it\/2023\/09\/13\/iphone-radioattivi-shock-francia-bloccate-vendite\/#article\",\"isPartOf\":{\"@id\":\"https:\/\/newsvirali.it\/2023\/09\/13\/iphone-radioattivi-shock-francia-bloccate-vendite\/\"},\"author\":{\"name\":\"Cecco Prestina\",\"@id\":\"https:\/\/newsvirali.it\/fr\/#\/schema\/person\/4c835f7b49c9adb58b33901ee816565d\"},\"headline\":\"iPhone radioattivi, shock in Francia: bloccate le vendite\",\"datePublished\":\"2023-09-13T10:31:45+00:00\",\"dateModified\":\"2023-09-13T10:32:00+00:00\",\"mainEntityOfPage\":{\"@id\":\"https:\/\/newsvirali.it\/2023\/09\/13\/iphone-radioattivi-shock-francia-bloccate-vendite\/\"},\"wordCount\":318,\"commentCount\":0,\"image\":{\"@id\":\"https:\/\/newsvirali.it\/2023\/09\/13\/iphone-radioattivi-shock-francia-bloccate-vendite\/#primaryimage\"},\"thumbnailUrl\":\"https:\/\/newsvirali.it\/wp-content\/uploads\/2023\/09\/akhil-yerabati-4YmSIWff6aw-unsplash-scaled.jpg\",\"articleSection\":[\"Salute\"],\"inLanguage\":\"es\",\"potentialAction\":[{\"@type\":\"CommentAction\",\"name\":\"Comment\",\"target\":[\"https:\/\/newsvirali.it\/2023\/09\/13\/iphone-radioattivi-shock-francia-bloccate-vendite\/#respond\"]}],\"copyrightYear\":\"2023\",\"copyrightHolder\":{\"@id\":\"https:\/\/newsvirali.it\/es\/#organization\"}},{\"@type\":\"WebPage\",\"@id\":\"https:\/\/newsvirali.it\/2023\/09\/13\/iphone-radioattivi-shock-francia-bloccate-vendite\/\",\"url\":\"https:\/\/newsvirali.it\/2023\/09\/13\/iphone-radioattivi-shock-francia-bloccate-vendite\/\",\"name\":\"iPhone radioattivi, shock in Francia: bloccate le vendite\",\"isPartOf\":{\"@id\":\"https:\/\/newsvirali.it\/fr\/#website\"},\"primaryImageOfPage\":{\"@id\":\"https:\/\/newsvirali.it\/2023\/09\/13\/iphone-radioattivi-shock-francia-bloccate-vendite\/#primaryimage\"},\"image\":{\"@id\":\"https:\/\/newsvirali.it\/2023\/09\/13\/iphone-radioattivi-shock-francia-bloccate-vendite\/#primaryimage\"},\"thumbnailUrl\":\"https:\/\/newsvirali.it\/wp-content\/uploads\/2023\/09\/akhil-yerabati-4YmSIWff6aw-unsplash-scaled.jpg\",\"datePublished\":\"2023-09-13T10:31:45+00:00\",\"dateModified\":\"2023-09-13T10:32:00+00:00\",\"author\":{\"@id\":\"https:\/\/newsvirali.it\/fr\/#\/schema\/person\/4c835f7b49c9adb58b33901ee816565d\"},\"description\":\"Gli iPhone 12 rischiano di essere ritirati da tutto il mercato francese se Apple non risponder\u00e0 al governo di Parigi.\",\"breadcrumb\":{\"@id\":\"https:\/\/newsvirali.it\/2023\/09\/13\/iphone-radioattivi-shock-francia-bloccate-vendite\/#breadcrumb\"},\"inLanguage\":\"es\",\"potentialAction\":[{\"@type\":\"ReadAction\",\"target\":[\"https:\/\/newsvirali.it\/2023\/09\/13\/iphone-radioattivi-shock-francia-bloccate-vendite\/\"]}]},{\"@type\":\"ImageObject\",\"inLanguage\":\"es\",\"@id\":\"https:\/\/newsvirali.it\/2023\/09\/13\/iphone-radioattivi-shock-francia-bloccate-vendite\/#primaryimage\",\"url\":\"https:\/\/newsvirali.it\/wp-content\/uploads\/2023\/09\/akhil-yerabati-4YmSIWff6aw-unsplash-scaled.jpg\",\"contentUrl\":\"https:\/\/newsvirali.it\/wp-content\/uploads\/2023\/09\/akhil-yerabati-4YmSIWff6aw-unsplash-scaled.jpg\",\"width\":2560,\"height\":1707,\"caption\":\"iPhone 12 radioattivi, shock in Francia: bloccate le vendite\"},{\"@type\":\"BreadcrumbList\",\"@id\":\"https:\/\/newsvirali.it\/2023\/09\/13\/iphone-radioattivi-shock-francia-bloccate-vendite\/#breadcrumb\",\"itemListElement\":[{\"@type\":\"ListItem\",\"position\":1,\"name\":\"Home\",\"item\":\"https:\/\/newsvirali.it\/fr\/\"},{\"@type\":\"ListItem\",\"position\":2,\"name\":\"iPhone radioattivi, shock in Francia: bloccate le vendite\"}]},{\"@type\":\"WebSite\",\"@id\":\"https:\/\/newsvirali.it\/fr\/#website\",\"url\":\"https:\/\/newsvirali.it\/fr\/\",\"name\":\"Bake News\",\"description\":\"\",\"potentialAction\":[{\"@type\":\"SearchAction\",\"target\":{\"@type\":\"EntryPoint\",\"urlTemplate\":\"https:\/\/newsvirali.it\/fr\/?s={search_term_string}\"},\"query-input\":{\"@type\":\"PropertyValueSpecification\",\"valueRequired\":true,\"valueName\":\"search_term_string\"}}],\"inLanguage\":\"es\"},{\"@type\":\"Person\",\"@id\":\"https:\/\/newsvirali.it\/fr\/#\/schema\/person\/4c835f7b49c9adb58b33901ee816565d\",\"name\":\"Cecco Prestina\",\"description\":\"Perch\u00e9 nasconderlo? Cecco Prestina \u00e8 un alias, ma dietro di lui non si cela un algoritmo di intelligenza artificiale. C'\u00e8 un giornalista che ha oltre vent'anni di esperienza tutta sul web. Da quando il primo modem ha iniziato a gracchiare sul territorio italiano con Video on Line, Cecco ha capito che da quel doppino sarebbe passato il futuro. Ha dedidicato tutta la sua carriera a capire Internet e poi i social e ora l'Ai. Una carriera in costante aggiornamento. E questa esperienza la mette in campo ogni giorno. Per\u00f2 ogni tanto Cecco ha voglia anche di non scrivere \\\"pipponi\\\" sulla politica, sull'economia. Ha voglia anche di scrivere qualcosa di divertente. Le notizie che trovate su Bake News sono le stesse che Cecco porta all'aperitivo con gli amici. Quelle di cui discutere per farsi due risate. Notizie, vere (qualche volta si fa fatica a crederlo), strane, divertenti, ma anche serie. Bake News \u00e8 nato per questo, dare al pubblico notizie croccanti e calde come il pane che esce dal forno. E Cecco Prestina \u00e8 nato con Bake News.\",\"url\":\"https:\/\/newsvirali.it\/es\/autore\/cecco-prestina\/\"}]}<\/script>\n<!-- \/ Yoast SEO Premium plugin. -->","yoast_head_json":{"title":"iPhone radioattivi, shock in Francia: bloccate le vendite","description":"Gli iPhone 12 rischiano di essere ritirati da tutto il mercato francese se Apple non risponder\u00e0 al governo di Parigi.","robots":{"index":"index","follow":"follow","max-snippet":"max-snippet:-1","max-image-preview":"max-image-preview:large","max-video-preview":"max-video-preview:-1"},"canonical":"https:\/\/newsvirali.it\/es\/2023\/09\/13\/el-impacto-radiactivo-del-iphone-en-francia-bloqueo-las-ventas\/","og_locale":"es_ES","og_type":"article","og_title":"iPhone radioattivi, shock in Francia: bloccate le vendite","og_description":"Gli iPhone 12 rischiano di essere ritirati da tutto il mercato francese se Apple non risponder\u00e0 al governo di Parigi.","og_url":"https:\/\/newsvirali.it\/es\/2023\/09\/13\/el-impacto-radiactivo-del-iphone-en-francia-bloqueo-las-ventas\/","og_site_name":"News virali","article_published_time":"2023-09-13T10:31:45+00:00","article_modified_time":"2023-09-13T10:32:00+00:00","og_image":[{"width":2560,"height":1707,"url":"https:\/\/newsvirali.it\/wp-content\/uploads\/2023\/09\/akhil-yerabati-4YmSIWff6aw-unsplash-scaled.jpg","type":"image\/jpeg"}],"author":"Cecco Prestina","twitter_card":"summary_large_image","twitter_misc":{"Escrito por":"Cecco Prestina","Tiempo de lectura":"2 minutos"},"schema":{"@context":"https:\/\/schema.org","@graph":[{"@type":"NewsArticle","@id":"https:\/\/newsvirali.it\/2023\/09\/13\/iphone-radioattivi-shock-francia-bloccate-vendite\/#article","isPartOf":{"@id":"https:\/\/newsvirali.it\/2023\/09\/13\/iphone-radioattivi-shock-francia-bloccate-vendite\/"},"author":{"name":"Cecco Prestina","@id":"https:\/\/newsvirali.it\/fr\/#\/schema\/person\/4c835f7b49c9adb58b33901ee816565d"},"headline":"iPhone radioattivi, shock in Francia: bloccate le vendite","datePublished":"2023-09-13T10:31:45+00:00","dateModified":"2023-09-13T10:32:00+00:00","mainEntityOfPage":{"@id":"https:\/\/newsvirali.it\/2023\/09\/13\/iphone-radioattivi-shock-francia-bloccate-vendite\/"},"wordCount":318,"commentCount":0,"image":{"@id":"https:\/\/newsvirali.it\/2023\/09\/13\/iphone-radioattivi-shock-francia-bloccate-vendite\/#primaryimage"},"thumbnailUrl":"https:\/\/newsvirali.it\/wp-content\/uploads\/2023\/09\/akhil-yerabati-4YmSIWff6aw-unsplash-scaled.jpg","articleSection":["Salute"],"inLanguage":"es","potentialAction":[{"@type":"CommentAction","name":"Comment","target":["https:\/\/newsvirali.it\/2023\/09\/13\/iphone-radioattivi-shock-francia-bloccate-vendite\/#respond"]}],"copyrightYear":"2023","copyrightHolder":{"@id":"https:\/\/newsvirali.it\/es\/#organization"}},{"@type":"WebPage","@id":"https:\/\/newsvirali.it\/2023\/09\/13\/iphone-radioattivi-shock-francia-bloccate-vendite\/","url":"https:\/\/newsvirali.it\/2023\/09\/13\/iphone-radioattivi-shock-francia-bloccate-vendite\/","name":"iPhone radioattivi, shock in Francia: bloccate le vendite","isPartOf":{"@id":"https:\/\/newsvirali.it\/fr\/#website"},"primaryImageOfPage":{"@id":"https:\/\/newsvirali.it\/2023\/09\/13\/iphone-radioattivi-shock-francia-bloccate-vendite\/#primaryimage"},"image":{"@id":"https:\/\/newsvirali.it\/2023\/09\/13\/iphone-radioattivi-shock-francia-bloccate-vendite\/#primaryimage"},"thumbnailUrl":"https:\/\/newsvirali.it\/wp-content\/uploads\/2023\/09\/akhil-yerabati-4YmSIWff6aw-unsplash-scaled.jpg","datePublished":"2023-09-13T10:31:45+00:00","dateModified":"2023-09-13T10:32:00+00:00","author":{"@id":"https:\/\/newsvirali.it\/fr\/#\/schema\/person\/4c835f7b49c9adb58b33901ee816565d"},"description":"Gli iPhone 12 rischiano di essere ritirati da tutto il mercato francese se Apple non risponder\u00e0 al governo di Parigi.","breadcrumb":{"@id":"https:\/\/newsvirali.it\/2023\/09\/13\/iphone-radioattivi-shock-francia-bloccate-vendite\/#breadcrumb"},"inLanguage":"es","potentialAction":[{"@type":"ReadAction","target":["https:\/\/newsvirali.it\/2023\/09\/13\/iphone-radioattivi-shock-francia-bloccate-vendite\/"]}]},{"@type":"ImageObject","inLanguage":"es","@id":"https:\/\/newsvirali.it\/2023\/09\/13\/iphone-radioattivi-shock-francia-bloccate-vendite\/#primaryimage","url":"https:\/\/newsvirali.it\/wp-content\/uploads\/2023\/09\/akhil-yerabati-4YmSIWff6aw-unsplash-scaled.jpg","contentUrl":"https:\/\/newsvirali.it\/wp-content\/uploads\/2023\/09\/akhil-yerabati-4YmSIWff6aw-unsplash-scaled.jpg","width":2560,"height":1707,"caption":"iPhone 12 radioattivi, shock in Francia: bloccate le vendite"},{"@type":"BreadcrumbList","@id":"https:\/\/newsvirali.it\/2023\/09\/13\/iphone-radioattivi-shock-francia-bloccate-vendite\/#breadcrumb","itemListElement":[{"@type":"ListItem","position":1,"name":"Home","item":"https:\/\/newsvirali.it\/fr\/"},{"@type":"ListItem","position":2,"name":"iPhone radioattivi, shock in Francia: bloccate le vendite"}]},{"@type":"WebSite","@id":"https:\/\/newsvirali.it\/fr\/#website","url":"https:\/\/newsvirali.it\/fr\/","name":"Bake News","description":"","potentialAction":[{"@type":"SearchAction","target":{"@type":"EntryPoint","urlTemplate":"https:\/\/newsvirali.it\/fr\/?s={search_term_string}"},"query-input":{"@type":"PropertyValueSpecification","valueRequired":true,"valueName":"search_term_string"}}],"inLanguage":"es"},{"@type":"Person","@id":"https:\/\/newsvirali.it\/fr\/#\/schema\/person\/4c835f7b49c9adb58b33901ee816565d","name":"Cecco Prestina","description":"Perch\u00e9 nasconderlo? Cecco Prestina \u00e8 un alias, ma dietro di lui non si cela un algoritmo di intelligenza artificiale. C'\u00e8 un giornalista che ha oltre vent'anni di esperienza tutta sul web. Da quando il primo modem ha iniziato a gracchiare sul territorio italiano con Video on Line, Cecco ha capito che da quel doppino sarebbe passato il futuro. Ha dedidicato tutta la sua carriera a capire Internet e poi i social e ora l'Ai. Una carriera in costante aggiornamento. E questa esperienza la mette in campo ogni giorno. Per\u00f2 ogni tanto Cecco ha voglia anche di non scrivere \"pipponi\" sulla politica, sull'economia. Ha voglia anche di scrivere qualcosa di divertente. Le notizie che trovate su Bake News sono le stesse che Cecco porta all'aperitivo con gli amici. Quelle di cui discutere per farsi due risate. Notizie, vere (qualche volta si fa fatica a crederlo), strane, divertenti, ma anche serie. Bake News \u00e8 nato per questo, dare al pubblico notizie croccanti e calde come il pane che esce dal forno. E Cecco Prestina \u00e8 nato con Bake News.","url":"https:\/\/newsvirali.it\/es\/autore\/cecco-prestina\/"}]}},"_links":{"self":[{"href":"https:\/\/newsvirali.it\/es\/wp-json\/wp\/v2\/posts\/4384","targetHints":{"allow":["GET"]}}],"collection":[{"href":"https:\/\/newsvirali.it\/es\/wp-json\/wp\/v2\/posts"}],"about":[{"href":"https:\/\/newsvirali.it\/es\/wp-json\/wp\/v2\/types\/post"}],"author":[{"embeddable":true,"href":"https:\/\/newsvirali.it\/es\/wp-json\/wp\/v2\/users\/4"}],"replies":[{"embeddable":true,"href":"https:\/\/newsvirali.it\/es\/wp-json\/wp\/v2\/comments?post=4384"}],"version-history":[{"count":8,"href":"https:\/\/newsvirali.it\/es\/wp-json\/wp\/v2\/posts\/4384\/revisions"}],"predecessor-version":[{"id":4411,"href":"https:\/\/newsvirali.it\/es\/wp-json\/wp\/v2\/posts\/4384\/revisions\/4411"}],"wp:featuredmedia":[{"embeddable":true,"href":"https:\/\/newsvirali.it\/es\/wp-json\/wp\/v2\/media\/4387"}],"wp:attachment":[{"href":"https:\/\/newsvirali.it\/es\/wp-json\/wp\/v2\/media?parent=4384"}],"wp:term":[{"taxonomy":"category","embeddable":true,"href":"https:\/\/newsvirali.it\/es\/wp-json\/wp\/v2\/categories?post=4384"},{"taxonomy":"post_tag","embeddable":true,"href":"https:\/\/newsvirali.it\/es\/wp-json\/wp\/v2\/tags?post=4384"}],"curies":[{"name":"wp","href":"https:\/\/api.w.org\/{rel}","templated":true}]}}