{"id":43520,"date":"2024-09-17T13:00:25","date_gmt":"2024-09-17T11:00:25","guid":{"rendered":"https:\/\/www.bakenews.it\/?p=43520"},"modified":"2024-10-03T11:16:38","modified_gmt":"2024-10-03T09:16:38","slug":"brutale-vendetta-russa-prigioniero-ucraino-giustiziato-con-spada-medievale","status":"publish","type":"post","link":"https:\/\/newsvirali.it\/es\/2024\/09\/17\/brutal-venganza-rusa-prisionero-ucraniano-ejecutado-con-espada-medieval\/","title":{"rendered":"Brutal venganza rusa: prisionero ucraniano ejecutado con espada medieval"},"content":{"rendered":"<p>El gobierno de Kiev dice que soldados rusos ejecutaron a un prisionero de guerra ucraniano con una espada medieval para vengar el ataque a Kursk. En Telegram circulan im\u00e1genes dram\u00e1ticas que muestran a un soldado ucraniano tendido en un charco de sangre despu\u00e9s de haber sido apu\u00f1alado con un arma primitiva por sus captores rusos. &quot;Es imposible comprender el nivel de barbarie que se ha alcanzado&quot;, afirm\u00f3 Dmytro Lubinets, comisionado de derechos humanos del parlamento ucraniano.<\/p>\n\n\n\n<p><strong>LEER TAMBI\u00c9N<\/strong><\/p>\n\n\n\n<ul class=\"wp-block-list\">\n<li><a href=\"https:\/\/www.bakenews.it\/2024\/09\/03\/ucraina-truppe-russe-carbonizzate-col-drone-lanciafiamme-il-video-shock\/\">Ucrania Tropas rusas carbonizadas por un dron que lanza llamas: el impactante v\u00eddeo<\/a><\/li>\n\n\n\n<li><a href=\"https:\/\/www.bakenews.it\/2024\/02\/26\/navalny-lucraina-assolve-putin-non-lo-ha-ucciso-ecco-come-e-morto\/\">Navalny, Ucrania absuelve a Putin: &quot;No lo mat\u00f3, as\u00ed muri\u00f3&quot;<\/a><\/li>\n\n\n\n<li><a href=\"https:\/\/www.bakenews.it\/2024\/09\/16\/poche-nascite-in-russia-putin-obbliga-a-fare-lamore-sul-luogo-di-lavoro\/\">Pocos nacimientos en Rusia, Putin &quot;obliga&quot; a hacer el amor en el lugar de trabajo<\/a><\/li>\n<\/ul>\n\n\n\n<h2 class=\"wp-block-heading\" id=\"h-soldato-ucraino-giustiziato-con-spada-medievale\">Soldado ucraniano ejecutado con espada medieval<\/h2>\n\n\n\n<p>La espada est\u00e1 clavada en el luchador ucraniano, cuyas manos han sido atadas con cinta adhesiva, mientras que su cuerpo aparentemente ha sido abandonado como una espeluznante advertencia. El arma tiene grabadas las palabras &quot;Por Kursk&quot;, en referencia a la incursi\u00f3n sorpresa de Ucrania en la regi\u00f3n fronteriza rusa que humill\u00f3 a Vladimir Putin. Lubinets inform\u00f3 sobre las supuestas pruebas de cr\u00edmenes de guerra a las Naciones Unidas y al Comit\u00e9 Internacional de la Cruz Roja. &quot;Otro crimen de guerra: los rusos ejecutaron a un prisionero de guerra ucraniano desarmado con una espada y las manos vendadas&quot;, dijo el Defensor del Pueblo.<\/p>\n\n\n\n<h2 class=\"wp-block-heading\" id=\"h-vendetta-per-kursk-la-brutale-scritta-sulla-spada\">Venganza \u201cpor Kursk\u201d, la brutal escritura en la espada<\/h2>\n\n\n\n<p>Algunos informes dicen que el horrible asesinato tuvo lugar en la regi\u00f3n de Donetsk ocupada por Rusia, en Novogrodivka o sus alrededores. La espada parece ceremonial o decorativa. El canal ucraniano Andryushchenko Time inform\u00f3: \u201cLos rusos ejecutaron a nuestro prisionero de una manera particularmente c\u00ednica. A juzgar por la cantidad de sangre, la espada estaba clavada en el luchador que a\u00fan viv\u00eda. La cinta es visible en las mu\u00f1ecas.&quot;<\/p>\n\n\n\n<p>Mientras tanto, algunos canales rusos respaldaron abiertamente la barbarie. Spetskurs, un activista ruso a favor de la guerra que dirige campos paramilitares para ni\u00f1os, dijo: \u201cM\u00e9rito\u201d. El radical Rosich, de San Petersburgo, declar\u00f3: \u201cQuien venga a nosotros con una espada, a espada morir\u00e1\u201d. Aunque el arma utilizada en la matanza es particularmente b\u00e1rbara, esos horribles asesinatos se han convertido en una caracter\u00edstica inquietante de la guerra.<\/p>\n\n\n\n<p><strong>ART\u00cdCULOS M\u00c1S LE\u00cdDOS<\/strong><\/p>\n\n\n<p>[koko_analytics_most_viewed_posts number=5 d\u00edas=8 tipo_de_publicaci\u00f3n=\u201dpublicaci\u00f3n\u201d fecha_de_presentaci\u00f3n=\u201dfalso\u201d]<\/p>\n<br \/>S\u00edguenos tambi\u00e9n en Google News: <b><a href=\"https:\/\/news.google.com\/publications\/CAAqBwgKMNqJiwswjMfqAg?hl=it&gl=IT&ceid=IT:it\" target=\"_blank\">haga clic aqu\u00ed<\/a><\/b>","protected":false},"excerpt":{"rendered":"<p>El gobierno de Kiev dice que algunos soldados rusos ejecutaron a un prisionero de guerra ucraniano con una espada medieval [...]<\/p>","protected":false},"author":4,"featured_media":43521,"comment_status":"closed","ping_status":"open","sticky":false,"template":"","format":"standard","meta":{"MSN_Categories":"Uncategorized","MSN_Publish_Option":false,"MSN_Is_Local_News":false,"MSN_Is_AIAC_Included":"Empty","MSN_Location":"[]","MSN_Add_Feature_Img_On_Top_Of_Post":false,"MSN_Has_Custom_Author":false,"MSN_Custom_Author":"","MSN_Has_Custom_Canonical_Url":false,"MSN_Custom_Canonical_Url":"","footnotes":""},"categories":[9],"tags":[],"class_list":["post-43520","post","type-post","status-publish","format-standard","has-post-thumbnail","hentry","category-mondo"],"acf":[],"yoast_head":"<!-- This site is optimized with the Yoast SEO Premium plugin v26.7 (Yoast SEO v26.7) - https:\/\/yoast.com\/wordpress\/plugins\/seo\/ -->\n<title>Brutale vendetta russa, prigioniero ucraino giustiziato con spada medievale<\/title>\n<meta name=\"description\" content=\"Alcuni soldati russi hanno giustiziato un prigioniero di guerra ucraino con una spada medievale per vendicare l&#039;incursione a Kursk.\" \/>\n<meta name=\"robots\" content=\"index, follow, max-snippet:-1, max-image-preview:large, max-video-preview:-1\" \/>\n<link rel=\"canonical\" href=\"https:\/\/newsvirali.it\/es\/2024\/09\/17\/brutal-venganza-rusa-prisionero-ucraniano-ejecutado-con-espada-medieval\/\" \/>\n<meta property=\"og:locale\" content=\"es_ES\" \/>\n<meta property=\"og:type\" content=\"article\" \/>\n<meta property=\"og:title\" content=\"Brutale vendetta russa, prigioniero ucraino giustiziato con spada medievale\" \/>\n<meta property=\"og:description\" content=\"Alcuni soldati russi hanno giustiziato un prigioniero di guerra ucraino con una spada medievale per vendicare l&#039;incursione a Kursk.\" \/>\n<meta property=\"og:url\" content=\"https:\/\/newsvirali.it\/es\/2024\/09\/17\/brutal-venganza-rusa-prisionero-ucraniano-ejecutado-con-espada-medieval\/\" \/>\n<meta property=\"og:site_name\" content=\"News virali\" \/>\n<meta property=\"article:published_time\" content=\"2024-09-17T11:00:25+00:00\" \/>\n<meta property=\"article:modified_time\" content=\"2024-10-03T09:16:38+00:00\" \/>\n<meta property=\"og:image\" content=\"https:\/\/newsvirali.it\/wp-content\/uploads\/2024\/09\/Brutale-vendetta-russa-prigioniero-ucraino-giustiziato-con-spada-medievale-1.jpg\" \/>\n\t<meta property=\"og:image:width\" content=\"2160\" \/>\n\t<meta property=\"og:image:height\" content=\"1440\" \/>\n\t<meta property=\"og:image:type\" content=\"image\/jpeg\" \/>\n<meta name=\"author\" content=\"Cecco Prestina\" \/>\n<meta name=\"twitter:card\" content=\"summary_large_image\" \/>\n<meta name=\"twitter:label1\" content=\"Escrito por\" \/>\n\t<meta name=\"twitter:data1\" content=\"Cecco Prestina\" \/>\n\t<meta name=\"twitter:label2\" content=\"Tiempo de lectura\" \/>\n\t<meta name=\"twitter:data2\" content=\"2 minutos\" \/>\n<script type=\"application\/ld+json\" class=\"yoast-schema-graph\">{\"@context\":\"https:\/\/schema.org\",\"@graph\":[{\"@type\":\"NewsArticle\",\"@id\":\"https:\/\/newsvirali.it\/2024\/09\/17\/brutale-vendetta-russa-prigioniero-ucraino-giustiziato-con-spada-medievale\/#article\",\"isPartOf\":{\"@id\":\"https:\/\/newsvirali.it\/2024\/09\/17\/brutale-vendetta-russa-prigioniero-ucraino-giustiziato-con-spada-medievale\/\"},\"author\":{\"name\":\"Cecco Prestina\",\"@id\":\"https:\/\/newsvirali.it\/fr\/#\/schema\/person\/4c835f7b49c9adb58b33901ee816565d\"},\"headline\":\"Brutale vendetta russa, prigioniero ucraino giustiziato con spada medievale\",\"datePublished\":\"2024-09-17T11:00:25+00:00\",\"dateModified\":\"2024-10-03T09:16:38+00:00\",\"mainEntityOfPage\":{\"@id\":\"https:\/\/newsvirali.it\/2024\/09\/17\/brutale-vendetta-russa-prigioniero-ucraino-giustiziato-con-spada-medievale\/\"},\"wordCount\":368,\"image\":{\"@id\":\"https:\/\/newsvirali.it\/2024\/09\/17\/brutale-vendetta-russa-prigioniero-ucraino-giustiziato-con-spada-medievale\/#primaryimage\"},\"thumbnailUrl\":\"https:\/\/newsvirali.it\/wp-content\/uploads\/2024\/09\/Brutale-vendetta-russa-prigioniero-ucraino-giustiziato-con-spada-medievale-1.jpg\",\"articleSection\":[\"Mondo\"],\"inLanguage\":\"es\",\"copyrightYear\":\"2024\",\"copyrightHolder\":{\"@id\":\"https:\/\/newsvirali.it\/es\/#organization\"}},{\"@type\":\"WebPage\",\"@id\":\"https:\/\/newsvirali.it\/2024\/09\/17\/brutale-vendetta-russa-prigioniero-ucraino-giustiziato-con-spada-medievale\/\",\"url\":\"https:\/\/newsvirali.it\/2024\/09\/17\/brutale-vendetta-russa-prigioniero-ucraino-giustiziato-con-spada-medievale\/\",\"name\":\"Brutale vendetta russa, prigioniero ucraino giustiziato con spada medievale\",\"isPartOf\":{\"@id\":\"https:\/\/newsvirali.it\/fr\/#website\"},\"primaryImageOfPage\":{\"@id\":\"https:\/\/newsvirali.it\/2024\/09\/17\/brutale-vendetta-russa-prigioniero-ucraino-giustiziato-con-spada-medievale\/#primaryimage\"},\"image\":{\"@id\":\"https:\/\/newsvirali.it\/2024\/09\/17\/brutale-vendetta-russa-prigioniero-ucraino-giustiziato-con-spada-medievale\/#primaryimage\"},\"thumbnailUrl\":\"https:\/\/newsvirali.it\/wp-content\/uploads\/2024\/09\/Brutale-vendetta-russa-prigioniero-ucraino-giustiziato-con-spada-medievale-1.jpg\",\"datePublished\":\"2024-09-17T11:00:25+00:00\",\"dateModified\":\"2024-10-03T09:16:38+00:00\",\"author\":{\"@id\":\"https:\/\/newsvirali.it\/fr\/#\/schema\/person\/4c835f7b49c9adb58b33901ee816565d\"},\"description\":\"Alcuni soldati russi hanno giustiziato un prigioniero di guerra ucraino con una spada medievale per vendicare l'incursione a Kursk.\",\"breadcrumb\":{\"@id\":\"https:\/\/newsvirali.it\/2024\/09\/17\/brutale-vendetta-russa-prigioniero-ucraino-giustiziato-con-spada-medievale\/#breadcrumb\"},\"inLanguage\":\"es\",\"potentialAction\":[{\"@type\":\"ReadAction\",\"target\":[\"https:\/\/newsvirali.it\/2024\/09\/17\/brutale-vendetta-russa-prigioniero-ucraino-giustiziato-con-spada-medievale\/\"]}]},{\"@type\":\"ImageObject\",\"inLanguage\":\"es\",\"@id\":\"https:\/\/newsvirali.it\/2024\/09\/17\/brutale-vendetta-russa-prigioniero-ucraino-giustiziato-con-spada-medievale\/#primaryimage\",\"url\":\"https:\/\/newsvirali.it\/wp-content\/uploads\/2024\/09\/Brutale-vendetta-russa-prigioniero-ucraino-giustiziato-con-spada-medievale-1.jpg\",\"contentUrl\":\"https:\/\/newsvirali.it\/wp-content\/uploads\/2024\/09\/Brutale-vendetta-russa-prigioniero-ucraino-giustiziato-con-spada-medievale-1.jpg\",\"width\":2160,\"height\":1440,\"caption\":\"Brutale vendetta russa, prigioniero ucraino giustiziato con spada medievale\"},{\"@type\":\"BreadcrumbList\",\"@id\":\"https:\/\/newsvirali.it\/2024\/09\/17\/brutale-vendetta-russa-prigioniero-ucraino-giustiziato-con-spada-medievale\/#breadcrumb\",\"itemListElement\":[{\"@type\":\"ListItem\",\"position\":1,\"name\":\"Home\",\"item\":\"https:\/\/newsvirali.it\/fr\/\"},{\"@type\":\"ListItem\",\"position\":2,\"name\":\"Brutale vendetta russa, prigioniero ucraino giustiziato con spada medievale\"}]},{\"@type\":\"WebSite\",\"@id\":\"https:\/\/newsvirali.it\/fr\/#website\",\"url\":\"https:\/\/newsvirali.it\/fr\/\",\"name\":\"Bake News\",\"description\":\"\",\"potentialAction\":[{\"@type\":\"SearchAction\",\"target\":{\"@type\":\"EntryPoint\",\"urlTemplate\":\"https:\/\/newsvirali.it\/fr\/?s={search_term_string}\"},\"query-input\":{\"@type\":\"PropertyValueSpecification\",\"valueRequired\":true,\"valueName\":\"search_term_string\"}}],\"inLanguage\":\"es\"},{\"@type\":\"Person\",\"@id\":\"https:\/\/newsvirali.it\/fr\/#\/schema\/person\/4c835f7b49c9adb58b33901ee816565d\",\"name\":\"Cecco Prestina\",\"description\":\"Perch\u00e9 nasconderlo? Cecco Prestina \u00e8 un alias, ma dietro di lui non si cela un algoritmo di intelligenza artificiale. C'\u00e8 un giornalista che ha oltre vent'anni di esperienza tutta sul web. Da quando il primo modem ha iniziato a gracchiare sul territorio italiano con Video on Line, Cecco ha capito che da quel doppino sarebbe passato il futuro. Ha dedidicato tutta la sua carriera a capire Internet e poi i social e ora l'Ai. Una carriera in costante aggiornamento. E questa esperienza la mette in campo ogni giorno. Per\u00f2 ogni tanto Cecco ha voglia anche di non scrivere \\\"pipponi\\\" sulla politica, sull'economia. Ha voglia anche di scrivere qualcosa di divertente. Le notizie che trovate su Bake News sono le stesse che Cecco porta all'aperitivo con gli amici. Quelle di cui discutere per farsi due risate. Notizie, vere (qualche volta si fa fatica a crederlo), strane, divertenti, ma anche serie. Bake News \u00e8 nato per questo, dare al pubblico notizie croccanti e calde come il pane che esce dal forno. E Cecco Prestina \u00e8 nato con Bake News.\",\"url\":\"https:\/\/newsvirali.it\/es\/autore\/cecco-prestina\/\"}]}<\/script>\n<!-- \/ Yoast SEO Premium plugin. -->","yoast_head_json":{"title":"Brutale vendetta russa, prigioniero ucraino giustiziato con spada medievale","description":"Alcuni soldati russi hanno giustiziato un prigioniero di guerra ucraino con una spada medievale per vendicare l'incursione a Kursk.","robots":{"index":"index","follow":"follow","max-snippet":"max-snippet:-1","max-image-preview":"max-image-preview:large","max-video-preview":"max-video-preview:-1"},"canonical":"https:\/\/newsvirali.it\/es\/2024\/09\/17\/brutal-venganza-rusa-prisionero-ucraniano-ejecutado-con-espada-medieval\/","og_locale":"es_ES","og_type":"article","og_title":"Brutale vendetta russa, prigioniero ucraino giustiziato con spada medievale","og_description":"Alcuni soldati russi hanno giustiziato un prigioniero di guerra ucraino con una spada medievale per vendicare l'incursione a Kursk.","og_url":"https:\/\/newsvirali.it\/es\/2024\/09\/17\/brutal-venganza-rusa-prisionero-ucraniano-ejecutado-con-espada-medieval\/","og_site_name":"News virali","article_published_time":"2024-09-17T11:00:25+00:00","article_modified_time":"2024-10-03T09:16:38+00:00","og_image":[{"width":2160,"height":1440,"url":"https:\/\/newsvirali.it\/wp-content\/uploads\/2024\/09\/Brutale-vendetta-russa-prigioniero-ucraino-giustiziato-con-spada-medievale-1.jpg","type":"image\/jpeg"}],"author":"Cecco Prestina","twitter_card":"summary_large_image","twitter_misc":{"Escrito por":"Cecco Prestina","Tiempo de lectura":"2 minutos"},"schema":{"@context":"https:\/\/schema.org","@graph":[{"@type":"NewsArticle","@id":"https:\/\/newsvirali.it\/2024\/09\/17\/brutale-vendetta-russa-prigioniero-ucraino-giustiziato-con-spada-medievale\/#article","isPartOf":{"@id":"https:\/\/newsvirali.it\/2024\/09\/17\/brutale-vendetta-russa-prigioniero-ucraino-giustiziato-con-spada-medievale\/"},"author":{"name":"Cecco Prestina","@id":"https:\/\/newsvirali.it\/fr\/#\/schema\/person\/4c835f7b49c9adb58b33901ee816565d"},"headline":"Brutale vendetta russa, prigioniero ucraino giustiziato con spada medievale","datePublished":"2024-09-17T11:00:25+00:00","dateModified":"2024-10-03T09:16:38+00:00","mainEntityOfPage":{"@id":"https:\/\/newsvirali.it\/2024\/09\/17\/brutale-vendetta-russa-prigioniero-ucraino-giustiziato-con-spada-medievale\/"},"wordCount":368,"image":{"@id":"https:\/\/newsvirali.it\/2024\/09\/17\/brutale-vendetta-russa-prigioniero-ucraino-giustiziato-con-spada-medievale\/#primaryimage"},"thumbnailUrl":"https:\/\/newsvirali.it\/wp-content\/uploads\/2024\/09\/Brutale-vendetta-russa-prigioniero-ucraino-giustiziato-con-spada-medievale-1.jpg","articleSection":["Mondo"],"inLanguage":"es","copyrightYear":"2024","copyrightHolder":{"@id":"https:\/\/newsvirali.it\/es\/#organization"}},{"@type":"WebPage","@id":"https:\/\/newsvirali.it\/2024\/09\/17\/brutale-vendetta-russa-prigioniero-ucraino-giustiziato-con-spada-medievale\/","url":"https:\/\/newsvirali.it\/2024\/09\/17\/brutale-vendetta-russa-prigioniero-ucraino-giustiziato-con-spada-medievale\/","name":"Brutale vendetta russa, prigioniero ucraino giustiziato con spada medievale","isPartOf":{"@id":"https:\/\/newsvirali.it\/fr\/#website"},"primaryImageOfPage":{"@id":"https:\/\/newsvirali.it\/2024\/09\/17\/brutale-vendetta-russa-prigioniero-ucraino-giustiziato-con-spada-medievale\/#primaryimage"},"image":{"@id":"https:\/\/newsvirali.it\/2024\/09\/17\/brutale-vendetta-russa-prigioniero-ucraino-giustiziato-con-spada-medievale\/#primaryimage"},"thumbnailUrl":"https:\/\/newsvirali.it\/wp-content\/uploads\/2024\/09\/Brutale-vendetta-russa-prigioniero-ucraino-giustiziato-con-spada-medievale-1.jpg","datePublished":"2024-09-17T11:00:25+00:00","dateModified":"2024-10-03T09:16:38+00:00","author":{"@id":"https:\/\/newsvirali.it\/fr\/#\/schema\/person\/4c835f7b49c9adb58b33901ee816565d"},"description":"Alcuni soldati russi hanno giustiziato un prigioniero di guerra ucraino con una spada medievale per vendicare l'incursione a Kursk.","breadcrumb":{"@id":"https:\/\/newsvirali.it\/2024\/09\/17\/brutale-vendetta-russa-prigioniero-ucraino-giustiziato-con-spada-medievale\/#breadcrumb"},"inLanguage":"es","potentialAction":[{"@type":"ReadAction","target":["https:\/\/newsvirali.it\/2024\/09\/17\/brutale-vendetta-russa-prigioniero-ucraino-giustiziato-con-spada-medievale\/"]}]},{"@type":"ImageObject","inLanguage":"es","@id":"https:\/\/newsvirali.it\/2024\/09\/17\/brutale-vendetta-russa-prigioniero-ucraino-giustiziato-con-spada-medievale\/#primaryimage","url":"https:\/\/newsvirali.it\/wp-content\/uploads\/2024\/09\/Brutale-vendetta-russa-prigioniero-ucraino-giustiziato-con-spada-medievale-1.jpg","contentUrl":"https:\/\/newsvirali.it\/wp-content\/uploads\/2024\/09\/Brutale-vendetta-russa-prigioniero-ucraino-giustiziato-con-spada-medievale-1.jpg","width":2160,"height":1440,"caption":"Brutale vendetta russa, prigioniero ucraino giustiziato con spada medievale"},{"@type":"BreadcrumbList","@id":"https:\/\/newsvirali.it\/2024\/09\/17\/brutale-vendetta-russa-prigioniero-ucraino-giustiziato-con-spada-medievale\/#breadcrumb","itemListElement":[{"@type":"ListItem","position":1,"name":"Home","item":"https:\/\/newsvirali.it\/fr\/"},{"@type":"ListItem","position":2,"name":"Brutale vendetta russa, prigioniero ucraino giustiziato con spada medievale"}]},{"@type":"WebSite","@id":"https:\/\/newsvirali.it\/fr\/#website","url":"https:\/\/newsvirali.it\/fr\/","name":"Bake News","description":"","potentialAction":[{"@type":"SearchAction","target":{"@type":"EntryPoint","urlTemplate":"https:\/\/newsvirali.it\/fr\/?s={search_term_string}"},"query-input":{"@type":"PropertyValueSpecification","valueRequired":true,"valueName":"search_term_string"}}],"inLanguage":"es"},{"@type":"Person","@id":"https:\/\/newsvirali.it\/fr\/#\/schema\/person\/4c835f7b49c9adb58b33901ee816565d","name":"Cecco Prestina","description":"Perch\u00e9 nasconderlo? Cecco Prestina \u00e8 un alias, ma dietro di lui non si cela un algoritmo di intelligenza artificiale. C'\u00e8 un giornalista che ha oltre vent'anni di esperienza tutta sul web. Da quando il primo modem ha iniziato a gracchiare sul territorio italiano con Video on Line, Cecco ha capito che da quel doppino sarebbe passato il futuro. Ha dedidicato tutta la sua carriera a capire Internet e poi i social e ora l'Ai. Una carriera in costante aggiornamento. E questa esperienza la mette in campo ogni giorno. Per\u00f2 ogni tanto Cecco ha voglia anche di non scrivere \"pipponi\" sulla politica, sull'economia. Ha voglia anche di scrivere qualcosa di divertente. Le notizie che trovate su Bake News sono le stesse che Cecco porta all'aperitivo con gli amici. Quelle di cui discutere per farsi due risate. Notizie, vere (qualche volta si fa fatica a crederlo), strane, divertenti, ma anche serie. Bake News \u00e8 nato per questo, dare al pubblico notizie croccanti e calde come il pane che esce dal forno. E Cecco Prestina \u00e8 nato con Bake News.","url":"https:\/\/newsvirali.it\/es\/autore\/cecco-prestina\/"}]}},"_links":{"self":[{"href":"https:\/\/newsvirali.it\/es\/wp-json\/wp\/v2\/posts\/43520","targetHints":{"allow":["GET"]}}],"collection":[{"href":"https:\/\/newsvirali.it\/es\/wp-json\/wp\/v2\/posts"}],"about":[{"href":"https:\/\/newsvirali.it\/es\/wp-json\/wp\/v2\/types\/post"}],"author":[{"embeddable":true,"href":"https:\/\/newsvirali.it\/es\/wp-json\/wp\/v2\/users\/4"}],"replies":[{"embeddable":true,"href":"https:\/\/newsvirali.it\/es\/wp-json\/wp\/v2\/comments?post=43520"}],"version-history":[{"count":4,"href":"https:\/\/newsvirali.it\/es\/wp-json\/wp\/v2\/posts\/43520\/revisions"}],"predecessor-version":[{"id":43849,"href":"https:\/\/newsvirali.it\/es\/wp-json\/wp\/v2\/posts\/43520\/revisions\/43849"}],"wp:featuredmedia":[{"embeddable":true,"href":"https:\/\/newsvirali.it\/es\/wp-json\/wp\/v2\/media\/43521"}],"wp:attachment":[{"href":"https:\/\/newsvirali.it\/es\/wp-json\/wp\/v2\/media?parent=43520"}],"wp:term":[{"taxonomy":"category","embeddable":true,"href":"https:\/\/newsvirali.it\/es\/wp-json\/wp\/v2\/categories?post=43520"},{"taxonomy":"post_tag","embeddable":true,"href":"https:\/\/newsvirali.it\/es\/wp-json\/wp\/v2\/tags?post=43520"}],"curies":[{"name":"wp","href":"https:\/\/api.w.org\/{rel}","templated":true}]}}