{"id":42733,"date":"2024-09-13T13:29:51","date_gmt":"2024-09-13T11:29:51","guid":{"rendered":"https:\/\/www.bakenews.it\/?p=42733"},"modified":"2024-09-13T13:29:52","modified_gmt":"2024-09-13T11:29:52","slug":"rubata-la-ragazza-col-palloncino-di-banksy-il-furto-ripreso-dalle-telecamere","status":"publish","type":"post","link":"https:\/\/newsvirali.it\/es\/2024\/09\/13\/la-chica-de-banksy-con-el-globo-robado-el-robo-captado-por-la-camara\/","title":{"rendered":"Roban la &quot;ni\u00f1a del globo&quot; de Banksy: el robo captado por la c\u00e1mara"},"content":{"rendered":"<p>La &quot;ni\u00f1a del globo&quot;, la obra m\u00e1s emblem\u00e1tica de Banksy, fue robada de una galer\u00eda de arte en Londres y el robo qued\u00f3 captado por las c\u00e1maras de seguridad. Dos hombres han sido acusados de robo. Las im\u00e1genes de la c\u00e1mara de vigilancia muestran a un hombre entrando a la fuerza en la galer\u00eda antes de huir con la pintura segundos despu\u00e9s.<\/p>\n\n\n\n<p><strong>LEER TAMBI\u00c9N<\/strong><\/p>\n\n\n\n<ul class=\"wp-block-list\">\n<li><a href=\"https:\/\/www.bakenews.it\/2024\/08\/25\/polizia-prova-a-fermare-ladro-dauto-a-manganellate-lui-fugge-distruggendo-tutto\/\">La polic\u00eda intenta detener a un ladr\u00f3n de coches con porras: se escapa destroz\u00e1ndolo todo<\/a><\/li>\n\n\n\n<li><a href=\"https:\/\/www.bakenews.it\/2024\/08\/13\/tenta-rapina-ma-il-karma-lo-punisce-sparatoria-ripresa-in-video-shock\/\">Intenta robo pero el karma lo castiga: tiroteo captado en impactante video<\/a><\/li>\n\n\n\n<li><a href=\"https:\/\/www.bakenews.it\/2024\/07\/21\/ragazzino-ruba-cellulare-ad-anziano-ma-viene-travolto-da-bus-muore-in-diretta-tv\/\">Ni\u00f1o le roba celular a anciano pero es atropellado por autob\u00fas: muere en vivo TV<\/a><\/li>\n<\/ul>\n\n\n\n<h2 class=\"wp-block-heading\" id=\"h-due-persone-accusate-del-furto\">Dos personas acusadas del robo<\/h2>\n\n\n\n<p>La obra, titulada &quot;Ni\u00f1a con globo&quot;, es una de las obras m\u00e1s emblem\u00e1ticas de Banksy y muestra a una ni\u00f1a alcanzando un globo rojo en forma de coraz\u00f3n. Una versi\u00f3n triturada del cuadro se vendi\u00f3 por 25 millones de d\u00f3lares en octubre de 2021. Sin embargo, una serigraf\u00eda sin firmar vale al menos 90.000 euros, seg\u00fan MyArtBroker.<\/p>\n\n\n\n<p><a href=\"https:\/\/www.facebook.com\/reel\/1900774927085741\">HAGA CLIC AQU\u00cd PARA VER EL V\u00cdDEO<\/a><\/p>\n\n\n\n<p>Larry Fraser, de 47 a\u00f1os, de Beckton, al este de Londres, y James Love, de 53 a\u00f1os, de North Stifford, Essex, fueron acusados despu\u00e9s de que la obra fuera robada de la Grove Gallery alrededor de las 11 de la noche del 8 de septiembre. Los cargos son el resultado de una investigaci\u00f3n llevada a cabo por detectives del Equipo A\u00e9reo de la Polic\u00eda Metropolitana tras el robo en el t\u00fanel de New Cavendish Street, Westminster.<\/p>\n\n\n\n<h2 class=\"wp-block-heading\" id=\"h-l-opera-e-stata-ritrovata-dalla-polizia\">La obra fue encontrada por la polic\u00eda.<\/h2>\n\n\n\n<p>La obra de arte fue recuperada posteriormente y ser\u00e1 devuelta a la galer\u00eda, dijo la Polic\u00eda Metropolitana en un comunicado. Fraser y Love fueron acusados de robo no residencial el martes en relaci\u00f3n con el incidente y quedaron bajo custodia. Al d\u00eda siguiente comparecieron ante el Tribunal de la Corona de Wimbledon, donde se les concedi\u00f3 la libertad bajo fianza y deben comparecer ante el Tribunal de la Corona de Kingston el 9 de octubre.<\/p>\n\n\n\n<p><strong>LEER OTRAS NOTICIAS DEL MUNDO<\/strong><\/p>\n\n\n<ul class=\"wp-block-latest-posts__list wp-block-latest-posts\"><li><a class=\"wp-block-latest-posts__post-title\" href=\"https:\/\/newsvirali.it\/es\/2026\/02\/12\/emma-amit-cangrejo-diablo-muerto\/\">La vlogger Emma Amit muere tras comer un cangrejo diablo t\u00f3xico<\/a><\/li>\n<li><a class=\"wp-block-latest-posts__post-title\" href=\"https:\/\/newsvirali.it\/es\/2026\/02\/05\/tres-hermanas-se-suicidan-en-india\/\">Padres confiscan celulares por jugar en exceso: tres hermanas se suicidan<\/a><\/li>\n<li><a class=\"wp-block-latest-posts__post-title\" href=\"https:\/\/newsvirali.it\/es\/2026\/01\/30\/arresto-en-resort-de-florida-por-actos-obscenos\/\">Resort de Florida sorprende: hombre arrestado por exposici\u00f3n indecente con una aspiradora<\/a><\/li>\n<li><a class=\"wp-block-latest-posts__post-title\" href=\"https:\/\/newsvirali.it\/es\/2026\/01\/28\/un-padre-borracho-ahorca-a-su-hijo-en-un-impactante-video\/\">Padre borracho cuelga a su hijo por la ventana: impactante video<\/a><\/li>\n<li><a class=\"wp-block-latest-posts__post-title\" href=\"https:\/\/newsvirali.it\/es\/2026\/01\/27\/maestra-embarazada-y-estudiante-de-13-anos\/\">Maestra admite que qued\u00f3 embarazada de estudiante de 13 a\u00f1os<\/a><\/li>\n<\/ul>\n\n\n<p>Muchas de las obras de Banksy, conocidas por su estilo subversivo y comentario social, han sido objeto de robo en el pasado. El mes pasado, menos de una hora despu\u00e9s de su presentaci\u00f3n, se cre\u00f3 una nueva obra del artista. La plantilla de un lobo aullando en una antena parab\u00f3lica en Rye Lane, Peckham, fue tomada por un hombre enmascarado poco despu\u00e9s de que Banksy confirmara en su Instagram oficial que el trabajo era suyo. En diciembre, otra obra de Banksy en Peckham fue robada poco despu\u00e9s de su presentaci\u00f3n. La instalaci\u00f3n, que consta de tres aviones que parecen drones militares sobre una se\u00f1al de alto, fue retirada por un hombre armado con un cortapernos.<\/p>\n<br \/>S\u00edguenos tambi\u00e9n en Google News: <b><a href=\"https:\/\/news.google.com\/publications\/CAAqBwgKMNqJiwswjMfqAg?hl=it&gl=IT&ceid=IT:it\" target=\"_blank\">haga clic aqu\u00ed<\/a><\/b>","protected":false},"excerpt":{"rendered":"<p>La &quot;ni\u00f1a del globo&quot;, la obra m\u00e1s emblem\u00e1tica de Banksy, fue robada de una galer\u00eda de arte en Londres y el [\u2026]<\/p>","protected":false},"author":4,"featured_media":42735,"comment_status":"closed","ping_status":"open","sticky":false,"template":"","format":"standard","meta":{"MSN_Categories":"Uncategorized","MSN_Publish_Option":false,"MSN_Is_Local_News":false,"MSN_Is_AIAC_Included":"Empty","MSN_Location":"[]","MSN_Add_Feature_Img_On_Top_Of_Post":false,"MSN_Has_Custom_Author":false,"MSN_Custom_Author":"","MSN_Has_Custom_Canonical_Url":false,"MSN_Custom_Canonical_Url":"","footnotes":""},"categories":[9],"tags":[],"class_list":["post-42733","post","type-post","status-publish","format-standard","has-post-thumbnail","hentry","category-mondo"],"acf":[],"yoast_head":"<!-- This site is optimized with the Yoast SEO Premium plugin v26.7 (Yoast SEO v26.7) - https:\/\/yoast.com\/wordpress\/plugins\/seo\/ -->\n<title>Rubata la &quot;ragazza col palloncino&quot; di Banksy: il furto ripreso dalle telecamere<\/title>\n<meta name=\"robots\" content=\"index, follow, max-snippet:-1, max-image-preview:large, max-video-preview:-1\" \/>\n<link rel=\"canonical\" href=\"https:\/\/newsvirali.it\/es\/2024\/09\/13\/banksys-madchen-mit-dem-ballon-gestohlen-der-diebstahl-mit-der-kamera-festgehalten\/\" \/>\n<meta property=\"og:locale\" content=\"es_ES\" \/>\n<meta property=\"og:type\" content=\"article\" \/>\n<meta property=\"og:title\" content=\"Rubata la &quot;ragazza col palloncino&quot; di Banksy: il furto ripreso dalle telecamere\" \/>\n<meta property=\"og:description\" content=\"La &#8220;ragazza col palloncino&#8221;, l&#8217;opera pi\u00f9 iconica di Banksy, \u00e8 stata rubata da una galleria d&#8217;arte di Londra e il [&hellip;]\" \/>\n<meta property=\"og:url\" content=\"https:\/\/newsvirali.it\/es\/2024\/09\/13\/banksys-madchen-mit-dem-ballon-gestohlen-der-diebstahl-mit-der-kamera-festgehalten\/\" \/>\n<meta property=\"og:site_name\" content=\"News virali\" \/>\n<meta property=\"article:published_time\" content=\"2024-09-13T11:29:51+00:00\" \/>\n<meta property=\"article:modified_time\" content=\"2024-09-13T11:29:52+00:00\" \/>\n<meta property=\"og:image\" content=\"https:\/\/newsvirali.it\/wp-content\/uploads\/2024\/09\/Rubata-la-ragazza-col-palloncino-di-Banksy-il-furto-ripreso-dalle-telecamere-1.jpg\" \/>\n\t<meta property=\"og:image:width\" content=\"2160\" \/>\n\t<meta property=\"og:image:height\" content=\"1440\" \/>\n\t<meta property=\"og:image:type\" content=\"image\/jpeg\" \/>\n<meta name=\"author\" content=\"Cecco Prestina\" \/>\n<meta name=\"twitter:card\" content=\"summary_large_image\" \/>\n<meta name=\"twitter:label1\" content=\"Escrito por\" \/>\n\t<meta name=\"twitter:data1\" content=\"Cecco Prestina\" \/>\n\t<meta name=\"twitter:label2\" content=\"Tiempo de lectura\" \/>\n\t<meta name=\"twitter:data2\" content=\"3 minutos\" \/>\n<script type=\"application\/ld+json\" class=\"yoast-schema-graph\">{\"@context\":\"https:\/\/schema.org\",\"@graph\":[{\"@type\":\"NewsArticle\",\"@id\":\"https:\/\/newsvirali.it\/de\/2024\/09\/13\/banksys-madchen-mit-dem-ballon-gestohlen-der-diebstahl-mit-der-kamera-festgehalten\/#article\",\"isPartOf\":{\"@id\":\"https:\/\/newsvirali.it\/de\/2024\/09\/13\/banksys-madchen-mit-dem-ballon-gestohlen-der-diebstahl-mit-der-kamera-festgehalten\/\"},\"author\":{\"name\":\"Cecco Prestina\",\"@id\":\"https:\/\/newsvirali.it\/fr\/#\/schema\/person\/4c835f7b49c9adb58b33901ee816565d\"},\"headline\":\"Rubata la &#8220;ragazza col palloncino&#8221; di Banksy: il furto ripreso dalle telecamere\",\"datePublished\":\"2024-09-13T11:29:51+00:00\",\"dateModified\":\"2024-09-13T11:29:52+00:00\",\"mainEntityOfPage\":{\"@id\":\"https:\/\/newsvirali.it\/de\/2024\/09\/13\/banksys-madchen-mit-dem-ballon-gestohlen-der-diebstahl-mit-der-kamera-festgehalten\/\"},\"wordCount\":444,\"image\":{\"@id\":\"https:\/\/newsvirali.it\/de\/2024\/09\/13\/banksys-madchen-mit-dem-ballon-gestohlen-der-diebstahl-mit-der-kamera-festgehalten\/#primaryimage\"},\"thumbnailUrl\":\"https:\/\/newsvirali.it\/wp-content\/uploads\/2024\/09\/Rubata-la-ragazza-col-palloncino-di-Banksy-il-furto-ripreso-dalle-telecamere-1.jpg\",\"articleSection\":[\"Mondo\"],\"inLanguage\":\"es\",\"copyrightYear\":\"2024\",\"copyrightHolder\":{\"@id\":\"https:\/\/newsvirali.it\/es\/#organization\"}},{\"@type\":\"WebPage\",\"@id\":\"https:\/\/newsvirali.it\/de\/2024\/09\/13\/banksys-madchen-mit-dem-ballon-gestohlen-der-diebstahl-mit-der-kamera-festgehalten\/\",\"url\":\"https:\/\/newsvirali.it\/de\/2024\/09\/13\/banksys-madchen-mit-dem-ballon-gestohlen-der-diebstahl-mit-der-kamera-festgehalten\/\",\"name\":\"Rubata la \\\"ragazza col palloncino\\\" di Banksy: il furto ripreso dalle telecamere\",\"isPartOf\":{\"@id\":\"https:\/\/newsvirali.it\/fr\/#website\"},\"primaryImageOfPage\":{\"@id\":\"https:\/\/newsvirali.it\/de\/2024\/09\/13\/banksys-madchen-mit-dem-ballon-gestohlen-der-diebstahl-mit-der-kamera-festgehalten\/#primaryimage\"},\"image\":{\"@id\":\"https:\/\/newsvirali.it\/de\/2024\/09\/13\/banksys-madchen-mit-dem-ballon-gestohlen-der-diebstahl-mit-der-kamera-festgehalten\/#primaryimage\"},\"thumbnailUrl\":\"https:\/\/newsvirali.it\/wp-content\/uploads\/2024\/09\/Rubata-la-ragazza-col-palloncino-di-Banksy-il-furto-ripreso-dalle-telecamere-1.jpg\",\"datePublished\":\"2024-09-13T11:29:51+00:00\",\"dateModified\":\"2024-09-13T11:29:52+00:00\",\"author\":{\"@id\":\"https:\/\/newsvirali.it\/fr\/#\/schema\/person\/4c835f7b49c9adb58b33901ee816565d\"},\"breadcrumb\":{\"@id\":\"https:\/\/newsvirali.it\/de\/2024\/09\/13\/banksys-madchen-mit-dem-ballon-gestohlen-der-diebstahl-mit-der-kamera-festgehalten\/#breadcrumb\"},\"inLanguage\":\"es\",\"potentialAction\":[{\"@type\":\"ReadAction\",\"target\":[\"https:\/\/newsvirali.it\/de\/2024\/09\/13\/banksys-madchen-mit-dem-ballon-gestohlen-der-diebstahl-mit-der-kamera-festgehalten\/\"]}]},{\"@type\":\"ImageObject\",\"inLanguage\":\"es\",\"@id\":\"https:\/\/newsvirali.it\/de\/2024\/09\/13\/banksys-madchen-mit-dem-ballon-gestohlen-der-diebstahl-mit-der-kamera-festgehalten\/#primaryimage\",\"url\":\"https:\/\/newsvirali.it\/wp-content\/uploads\/2024\/09\/Rubata-la-ragazza-col-palloncino-di-Banksy-il-furto-ripreso-dalle-telecamere-1.jpg\",\"contentUrl\":\"https:\/\/newsvirali.it\/wp-content\/uploads\/2024\/09\/Rubata-la-ragazza-col-palloncino-di-Banksy-il-furto-ripreso-dalle-telecamere-1.jpg\",\"width\":2160,\"height\":1440,\"caption\":\"Rubata la \\\"ragazza col palloncino\\\" di Banksy: il furto ripreso dalle telecamere\"},{\"@type\":\"BreadcrumbList\",\"@id\":\"https:\/\/newsvirali.it\/de\/2024\/09\/13\/banksys-madchen-mit-dem-ballon-gestohlen-der-diebstahl-mit-der-kamera-festgehalten\/#breadcrumb\",\"itemListElement\":[{\"@type\":\"ListItem\",\"position\":1,\"name\":\"Home\",\"item\":\"https:\/\/newsvirali.it\/fr\/\"},{\"@type\":\"ListItem\",\"position\":2,\"name\":\"Rubata la &#8220;ragazza col palloncino&#8221; di Banksy: il furto ripreso dalle telecamere\"}]},{\"@type\":\"WebSite\",\"@id\":\"https:\/\/newsvirali.it\/fr\/#website\",\"url\":\"https:\/\/newsvirali.it\/fr\/\",\"name\":\"Bake News\",\"description\":\"\",\"potentialAction\":[{\"@type\":\"SearchAction\",\"target\":{\"@type\":\"EntryPoint\",\"urlTemplate\":\"https:\/\/newsvirali.it\/fr\/?s={search_term_string}\"},\"query-input\":{\"@type\":\"PropertyValueSpecification\",\"valueRequired\":true,\"valueName\":\"search_term_string\"}}],\"inLanguage\":\"es\"},{\"@type\":\"Person\",\"@id\":\"https:\/\/newsvirali.it\/fr\/#\/schema\/person\/4c835f7b49c9adb58b33901ee816565d\",\"name\":\"Cecco Prestina\",\"description\":\"Perch\u00e9 nasconderlo? Cecco Prestina \u00e8 un alias, ma dietro di lui non si cela un algoritmo di intelligenza artificiale. C'\u00e8 un giornalista che ha oltre vent'anni di esperienza tutta sul web. Da quando il primo modem ha iniziato a gracchiare sul territorio italiano con Video on Line, Cecco ha capito che da quel doppino sarebbe passato il futuro. Ha dedidicato tutta la sua carriera a capire Internet e poi i social e ora l'Ai. Una carriera in costante aggiornamento. E questa esperienza la mette in campo ogni giorno. Per\u00f2 ogni tanto Cecco ha voglia anche di non scrivere \\\"pipponi\\\" sulla politica, sull'economia. Ha voglia anche di scrivere qualcosa di divertente. Le notizie che trovate su Bake News sono le stesse che Cecco porta all'aperitivo con gli amici. Quelle di cui discutere per farsi due risate. Notizie, vere (qualche volta si fa fatica a crederlo), strane, divertenti, ma anche serie. Bake News \u00e8 nato per questo, dare al pubblico notizie croccanti e calde come il pane che esce dal forno. E Cecco Prestina \u00e8 nato con Bake News.\",\"url\":\"https:\/\/newsvirali.it\/es\/autore\/cecco-prestina\/\"}]}<\/script>\n<!-- \/ Yoast SEO Premium plugin. -->","yoast_head_json":{"title":"Rubata la \"ragazza col palloncino\" di Banksy: il furto ripreso dalle telecamere","robots":{"index":"index","follow":"follow","max-snippet":"max-snippet:-1","max-image-preview":"max-image-preview:large","max-video-preview":"max-video-preview:-1"},"canonical":"https:\/\/newsvirali.it\/es\/2024\/09\/13\/banksys-madchen-mit-dem-ballon-gestohlen-der-diebstahl-mit-der-kamera-festgehalten\/","og_locale":"es_ES","og_type":"article","og_title":"Rubata la \"ragazza col palloncino\" di Banksy: il furto ripreso dalle telecamere","og_description":"La &#8220;ragazza col palloncino&#8221;, l&#8217;opera pi\u00f9 iconica di Banksy, \u00e8 stata rubata da una galleria d&#8217;arte di Londra e il [&hellip;]","og_url":"https:\/\/newsvirali.it\/es\/2024\/09\/13\/banksys-madchen-mit-dem-ballon-gestohlen-der-diebstahl-mit-der-kamera-festgehalten\/","og_site_name":"News virali","article_published_time":"2024-09-13T11:29:51+00:00","article_modified_time":"2024-09-13T11:29:52+00:00","og_image":[{"width":2160,"height":1440,"url":"https:\/\/newsvirali.it\/wp-content\/uploads\/2024\/09\/Rubata-la-ragazza-col-palloncino-di-Banksy-il-furto-ripreso-dalle-telecamere-1.jpg","type":"image\/jpeg"}],"author":"Cecco Prestina","twitter_card":"summary_large_image","twitter_misc":{"Escrito por":"Cecco Prestina","Tiempo de lectura":"3 minutos"},"schema":{"@context":"https:\/\/schema.org","@graph":[{"@type":"NewsArticle","@id":"https:\/\/newsvirali.it\/de\/2024\/09\/13\/banksys-madchen-mit-dem-ballon-gestohlen-der-diebstahl-mit-der-kamera-festgehalten\/#article","isPartOf":{"@id":"https:\/\/newsvirali.it\/de\/2024\/09\/13\/banksys-madchen-mit-dem-ballon-gestohlen-der-diebstahl-mit-der-kamera-festgehalten\/"},"author":{"name":"Cecco Prestina","@id":"https:\/\/newsvirali.it\/fr\/#\/schema\/person\/4c835f7b49c9adb58b33901ee816565d"},"headline":"Rubata la &#8220;ragazza col palloncino&#8221; di Banksy: il furto ripreso dalle telecamere","datePublished":"2024-09-13T11:29:51+00:00","dateModified":"2024-09-13T11:29:52+00:00","mainEntityOfPage":{"@id":"https:\/\/newsvirali.it\/de\/2024\/09\/13\/banksys-madchen-mit-dem-ballon-gestohlen-der-diebstahl-mit-der-kamera-festgehalten\/"},"wordCount":444,"image":{"@id":"https:\/\/newsvirali.it\/de\/2024\/09\/13\/banksys-madchen-mit-dem-ballon-gestohlen-der-diebstahl-mit-der-kamera-festgehalten\/#primaryimage"},"thumbnailUrl":"https:\/\/newsvirali.it\/wp-content\/uploads\/2024\/09\/Rubata-la-ragazza-col-palloncino-di-Banksy-il-furto-ripreso-dalle-telecamere-1.jpg","articleSection":["Mondo"],"inLanguage":"es","copyrightYear":"2024","copyrightHolder":{"@id":"https:\/\/newsvirali.it\/es\/#organization"}},{"@type":"WebPage","@id":"https:\/\/newsvirali.it\/de\/2024\/09\/13\/banksys-madchen-mit-dem-ballon-gestohlen-der-diebstahl-mit-der-kamera-festgehalten\/","url":"https:\/\/newsvirali.it\/de\/2024\/09\/13\/banksys-madchen-mit-dem-ballon-gestohlen-der-diebstahl-mit-der-kamera-festgehalten\/","name":"Rubata la \"ragazza col palloncino\" di Banksy: il furto ripreso dalle telecamere","isPartOf":{"@id":"https:\/\/newsvirali.it\/fr\/#website"},"primaryImageOfPage":{"@id":"https:\/\/newsvirali.it\/de\/2024\/09\/13\/banksys-madchen-mit-dem-ballon-gestohlen-der-diebstahl-mit-der-kamera-festgehalten\/#primaryimage"},"image":{"@id":"https:\/\/newsvirali.it\/de\/2024\/09\/13\/banksys-madchen-mit-dem-ballon-gestohlen-der-diebstahl-mit-der-kamera-festgehalten\/#primaryimage"},"thumbnailUrl":"https:\/\/newsvirali.it\/wp-content\/uploads\/2024\/09\/Rubata-la-ragazza-col-palloncino-di-Banksy-il-furto-ripreso-dalle-telecamere-1.jpg","datePublished":"2024-09-13T11:29:51+00:00","dateModified":"2024-09-13T11:29:52+00:00","author":{"@id":"https:\/\/newsvirali.it\/fr\/#\/schema\/person\/4c835f7b49c9adb58b33901ee816565d"},"breadcrumb":{"@id":"https:\/\/newsvirali.it\/de\/2024\/09\/13\/banksys-madchen-mit-dem-ballon-gestohlen-der-diebstahl-mit-der-kamera-festgehalten\/#breadcrumb"},"inLanguage":"es","potentialAction":[{"@type":"ReadAction","target":["https:\/\/newsvirali.it\/de\/2024\/09\/13\/banksys-madchen-mit-dem-ballon-gestohlen-der-diebstahl-mit-der-kamera-festgehalten\/"]}]},{"@type":"ImageObject","inLanguage":"es","@id":"https:\/\/newsvirali.it\/de\/2024\/09\/13\/banksys-madchen-mit-dem-ballon-gestohlen-der-diebstahl-mit-der-kamera-festgehalten\/#primaryimage","url":"https:\/\/newsvirali.it\/wp-content\/uploads\/2024\/09\/Rubata-la-ragazza-col-palloncino-di-Banksy-il-furto-ripreso-dalle-telecamere-1.jpg","contentUrl":"https:\/\/newsvirali.it\/wp-content\/uploads\/2024\/09\/Rubata-la-ragazza-col-palloncino-di-Banksy-il-furto-ripreso-dalle-telecamere-1.jpg","width":2160,"height":1440,"caption":"Rubata la \"ragazza col palloncino\" di Banksy: il furto ripreso dalle telecamere"},{"@type":"BreadcrumbList","@id":"https:\/\/newsvirali.it\/de\/2024\/09\/13\/banksys-madchen-mit-dem-ballon-gestohlen-der-diebstahl-mit-der-kamera-festgehalten\/#breadcrumb","itemListElement":[{"@type":"ListItem","position":1,"name":"Home","item":"https:\/\/newsvirali.it\/fr\/"},{"@type":"ListItem","position":2,"name":"Rubata la &#8220;ragazza col palloncino&#8221; di Banksy: il furto ripreso dalle telecamere"}]},{"@type":"WebSite","@id":"https:\/\/newsvirali.it\/fr\/#website","url":"https:\/\/newsvirali.it\/fr\/","name":"Bake News","description":"","potentialAction":[{"@type":"SearchAction","target":{"@type":"EntryPoint","urlTemplate":"https:\/\/newsvirali.it\/fr\/?s={search_term_string}"},"query-input":{"@type":"PropertyValueSpecification","valueRequired":true,"valueName":"search_term_string"}}],"inLanguage":"es"},{"@type":"Person","@id":"https:\/\/newsvirali.it\/fr\/#\/schema\/person\/4c835f7b49c9adb58b33901ee816565d","name":"Cecco Prestina","description":"Perch\u00e9 nasconderlo? Cecco Prestina \u00e8 un alias, ma dietro di lui non si cela un algoritmo di intelligenza artificiale. C'\u00e8 un giornalista che ha oltre vent'anni di esperienza tutta sul web. Da quando il primo modem ha iniziato a gracchiare sul territorio italiano con Video on Line, Cecco ha capito che da quel doppino sarebbe passato il futuro. Ha dedidicato tutta la sua carriera a capire Internet e poi i social e ora l'Ai. Una carriera in costante aggiornamento. E questa esperienza la mette in campo ogni giorno. Per\u00f2 ogni tanto Cecco ha voglia anche di non scrivere \"pipponi\" sulla politica, sull'economia. Ha voglia anche di scrivere qualcosa di divertente. Le notizie che trovate su Bake News sono le stesse che Cecco porta all'aperitivo con gli amici. Quelle di cui discutere per farsi due risate. Notizie, vere (qualche volta si fa fatica a crederlo), strane, divertenti, ma anche serie. Bake News \u00e8 nato per questo, dare al pubblico notizie croccanti e calde come il pane che esce dal forno. E Cecco Prestina \u00e8 nato con Bake News.","url":"https:\/\/newsvirali.it\/es\/autore\/cecco-prestina\/"}]}},"_links":{"self":[{"href":"https:\/\/newsvirali.it\/es\/wp-json\/wp\/v2\/posts\/42733","targetHints":{"allow":["GET"]}}],"collection":[{"href":"https:\/\/newsvirali.it\/es\/wp-json\/wp\/v2\/posts"}],"about":[{"href":"https:\/\/newsvirali.it\/es\/wp-json\/wp\/v2\/types\/post"}],"author":[{"embeddable":true,"href":"https:\/\/newsvirali.it\/es\/wp-json\/wp\/v2\/users\/4"}],"replies":[{"embeddable":true,"href":"https:\/\/newsvirali.it\/es\/wp-json\/wp\/v2\/comments?post=42733"}],"version-history":[{"count":3,"href":"https:\/\/newsvirali.it\/es\/wp-json\/wp\/v2\/posts\/42733\/revisions"}],"predecessor-version":[{"id":42830,"href":"https:\/\/newsvirali.it\/es\/wp-json\/wp\/v2\/posts\/42733\/revisions\/42830"}],"wp:featuredmedia":[{"embeddable":true,"href":"https:\/\/newsvirali.it\/es\/wp-json\/wp\/v2\/media\/42735"}],"wp:attachment":[{"href":"https:\/\/newsvirali.it\/es\/wp-json\/wp\/v2\/media?parent=42733"}],"wp:term":[{"taxonomy":"category","embeddable":true,"href":"https:\/\/newsvirali.it\/es\/wp-json\/wp\/v2\/categories?post=42733"},{"taxonomy":"post_tag","embeddable":true,"href":"https:\/\/newsvirali.it\/es\/wp-json\/wp\/v2\/tags?post=42733"}],"curies":[{"name":"wp","href":"https:\/\/api.w.org\/{rel}","templated":true}]}}