{"id":42157,"date":"2024-09-10T18:36:10","date_gmt":"2024-09-10T16:36:10","guid":{"rendered":"https:\/\/www.bakenews.it\/?p=42157"},"modified":"2024-09-10T18:36:11","modified_gmt":"2024-09-10T16:36:11","slug":"caffe-bollente-sulla-faccia-di-un-neonato-al-parco-mostro-ricercato-in-tutto-il-mondo","status":"publish","type":"post","link":"https:\/\/newsvirali.it\/es\/2024\/09\/10\/cafe-caliente-en-la-cara-de-un-bebe-recien-nacido-en-el-parque-monstruo-buscado-en-todo-el-mundo\/","title":{"rendered":"Caf\u00e9 caliente en la cara de un reci\u00e9n nacido en el parque, un monstruo buscado en todo el mundo"},"content":{"rendered":"<p>Arroj\u00f3 caf\u00e9 hirviendo en la cara de un beb\u00e9 provoc\u00e1ndole quemaduras muy graves y luego huy\u00f3: ahora el monstruo de Hanlon Park de Stones Corner es buscado en todo el mundo. Hay una persecuci\u00f3n internacional del sospechoso que supuestamente roci\u00f3 a un beb\u00e9 reci\u00e9n nacido en un parque de Australia a finales del mes pasado. El brutal y cobarde ataque, seg\u00fan la polic\u00eda de Queensland, ocurri\u00f3 en Hanlon Park en Stones Corner alrededor del mediod\u00eda del 27 de agosto.<\/p>\n\n\n\n<p><strong>LEER TAMBI\u00c9N<\/strong><\/p>\n\n\n\n<ul class=\"wp-block-list\">\n<li><a href=\"https:\/\/www.bakenews.it\/2024\/07\/25\/neonato-con-due-facce-quattro-gambe-e-braccia-la-madre-non-riesce-a-nutrirlo-e-muore\/\">Reci\u00e9n nacido con dos caras, cuatro piernas y brazos: la madre no puede alimentarlo y muere<\/a><\/li>\n\n\n\n<li><a href=\"https:\/\/www.bakenews.it\/2024\/07\/20\/neonato-ferito-in-sparatoria-mentre-i-genitori-del-piccolo-fuggono-video-shock\/\">Reci\u00e9n nacido herido en tiroteo mientras los padres del beb\u00e9 huyen: impactante video<\/a><\/li>\n\n\n\n<li><a href=\"https:\/\/www.bakenews.it\/2024\/07\/18\/tata-lo-obbliga-a-mangiare-neonato-muore-soffocato-dal-troppo-latte\/\">Ni\u00f1era lo obliga a comer, reci\u00e9n nacido muere asfixiado por demasiada leche<\/a><\/li>\n<\/ul>\n\n\n\n<p>Fue entonces cuando un hombre se acerc\u00f3 a una familia con la que no ten\u00eda ning\u00fan v\u00ednculo para verter un l\u00edquido hirviendo sobre el ni\u00f1o antes de huir. Se llam\u00f3 a los servicios de emergencia y el reci\u00e9n nacido fue trasladado de urgencia al hospital con &quot;quemaduras graves&quot;. El ni\u00f1o fue dado de alta del hospital a los pocos d\u00edas, pero sufri\u00f3 graves heridas en la cara.<\/p>\n\n\n\n<h2 class=\"wp-block-heading\" id=\"h-il-sospettato-e-fuggito-dall-australia\">El sospechoso huy\u00f3 de Australia.<\/h2>\n\n\n\n<p>Los investigadores de la Unidad de Protecci\u00f3n Infantil de Morningside identificaron al sospechoso como un \u201cnacional extranjero\u201d de 33 a\u00f1os. Seg\u00fan declar\u00f3 la polic\u00eda de Queensland, el sospechoso huy\u00f3 de Australia. Luego se emiti\u00f3 una orden de arresto contra \u00e9l por &quot;intenci\u00f3n de causar da\u00f1os corporales graves&quot;, dijo Paul Dalton, de la polic\u00eda de Queensland. Dalton describi\u00f3 el ataque al reci\u00e9n nacido como el &quot;m\u00e1s cobarde&quot; que jam\u00e1s haya visto en sus d\u00e9cadas de carrera.<\/p>\n\n\n\n<figure class=\"wp-block-embed is-type-video is-provider-youtube wp-block-embed-youtube wp-embed-aspect-16-9 wp-has-aspect-ratio\"><div class=\"wp-block-embed__wrapper\">\n<iframe loading=\"lazy\" title=\"Agresi\u00f3n grave, Stones Corner\" width=\"500\" height=\"281\" src=\"https:\/\/www.youtube.com\/embed\/cNV7JFTQszc?feature=oembed\" frameborder=\"0\" allow=\"accelerometer; autoplay; clipboard-write; encrypted-media; gyroscope; picture-in-picture; web-share\" referrerpolicy=\"strict-origin-when-cross-origin\" allowfullscreen><\/iframe>\n<\/div><\/figure>\n\n\n\n<p>\u201cVi muchos actos repugnantes. Pero si miras la situaci\u00f3n, no puedo pensar en nadie que est\u00e9 en una situaci\u00f3n m\u00e1s vulnerable y que sea m\u00e1s vulnerable: una madre joven y su ni\u00f1o sentados en el suelo\u201d, dijo Dalton. El departamento est\u00e1 trabajando con agencias asociadas nacionales e internacionales para llevar a cabo la investigaci\u00f3n. Mientras tanto, un amigo de la familia cre\u00f3 una p\u00e1gina de GoFundMe para ayudar al reci\u00e9n nacido a recuperarse. La p\u00e1gina dec\u00eda que el ni\u00f1o &quot;tiene una larga recuperaci\u00f3n por delante que incluir\u00e1 m\u00e1s visitas a m\u00e9dicos, especialistas y citas hospitalarias&quot;. En pocos d\u00edas la recaudaci\u00f3n de fondos super\u00f3 los 150 mil d\u00f3lares australianos.<\/p>\n\n\n\n<p><strong>ART\u00cdCULOS M\u00c1S LE\u00cdDOS<\/strong><\/p>\n\n\n<p>[koko_analytics_most_viewed_posts number=5 d\u00edas=8 tipo_de_publicaci\u00f3n=\u201dpublicaci\u00f3n\u201d fecha_de_presentaci\u00f3n=\u201dfalso\u201d]<\/p>\n<br \/>S\u00edguenos tambi\u00e9n en Google News: <b><a href=\"https:\/\/news.google.com\/publications\/CAAqBwgKMNqJiwswjMfqAg?hl=it&gl=IT&ceid=IT:it\" target=\"_blank\">haga clic aqu\u00ed<\/a><\/b>","protected":false},"excerpt":{"rendered":"<p>Arroj\u00f3 caf\u00e9 hirviendo en la cara de un reci\u00e9n nacido caus\u00e1ndole grav\u00edsimas quemaduras y luego huy\u00f3: ahora el monstruo [\u2026]<\/p>","protected":false},"author":4,"featured_media":42158,"comment_status":"closed","ping_status":"open","sticky":false,"template":"","format":"standard","meta":{"MSN_Categories":"Uncategorized","MSN_Publish_Option":false,"MSN_Is_Local_News":false,"MSN_Is_AIAC_Included":"Empty","MSN_Location":"[]","MSN_Add_Feature_Img_On_Top_Of_Post":false,"MSN_Has_Custom_Author":false,"MSN_Custom_Author":"","MSN_Has_Custom_Canonical_Url":false,"MSN_Custom_Canonical_Url":"","footnotes":""},"categories":[9],"tags":[],"class_list":["post-42157","post","type-post","status-publish","format-standard","has-post-thumbnail","hentry","category-mondo"],"acf":[],"yoast_head":"<!-- This site is optimized with the Yoast SEO Premium plugin v26.7 (Yoast SEO v26.7) - https:\/\/yoast.com\/wordpress\/plugins\/seo\/ -->\n<title>Caff\u00e8 bollente sulla faccia di un neonato al parco, mostro ricercato in tutto il mondo<\/title>\n<meta name=\"description\" content=\"Ha gettato caff\u00e8 bollente sulla faccia di un neonato provocandogli ustioni e poi \u00e8 fuggito: ora il mostro \u00e8 ricercato in tutto il mondo.\" \/>\n<meta name=\"robots\" content=\"index, follow, max-snippet:-1, max-image-preview:large, max-video-preview:-1\" \/>\n<link rel=\"canonical\" href=\"https:\/\/newsvirali.it\/es\/2024\/09\/10\/cafe-caliente-en-la-cara-de-un-bebe-recien-nacido-en-el-parque-monstruo-buscado-en-todo-el-mundo\/\" \/>\n<meta property=\"og:locale\" content=\"es_ES\" \/>\n<meta property=\"og:type\" content=\"article\" \/>\n<meta property=\"og:title\" content=\"Caff\u00e8 bollente sulla faccia di un neonato al parco, mostro ricercato in tutto il mondo\" \/>\n<meta property=\"og:description\" content=\"Ha gettato caff\u00e8 bollente sulla faccia di un neonato provocandogli ustioni e poi \u00e8 fuggito: ora il mostro \u00e8 ricercato in tutto il mondo.\" \/>\n<meta property=\"og:url\" content=\"https:\/\/newsvirali.it\/es\/2024\/09\/10\/cafe-caliente-en-la-cara-de-un-bebe-recien-nacido-en-el-parque-monstruo-buscado-en-todo-el-mundo\/\" \/>\n<meta property=\"og:site_name\" content=\"News virali\" \/>\n<meta property=\"article:published_time\" content=\"2024-09-10T16:36:10+00:00\" \/>\n<meta property=\"article:modified_time\" content=\"2024-09-10T16:36:11+00:00\" \/>\n<meta property=\"og:image\" content=\"https:\/\/newsvirali.it\/wp-content\/uploads\/2024\/09\/Caffe-bollente-sulla-faccia-di-un-neonato-al-parco-ricercato-in-tutto-il-mondo-il-mostro-0.jpg\" \/>\n\t<meta property=\"og:image:width\" content=\"600\" \/>\n\t<meta property=\"og:image:height\" content=\"400\" \/>\n\t<meta property=\"og:image:type\" content=\"image\/jpeg\" \/>\n<meta name=\"author\" content=\"Cecco Prestina\" \/>\n<meta name=\"twitter:card\" content=\"summary_large_image\" \/>\n<meta name=\"twitter:label1\" content=\"Escrito por\" \/>\n\t<meta name=\"twitter:data1\" content=\"Cecco Prestina\" \/>\n\t<meta name=\"twitter:label2\" content=\"Tiempo de lectura\" \/>\n\t<meta name=\"twitter:data2\" content=\"3 minutos\" \/>\n<script type=\"application\/ld+json\" class=\"yoast-schema-graph\">{\"@context\":\"https:\/\/schema.org\",\"@graph\":[{\"@type\":\"NewsArticle\",\"@id\":\"https:\/\/newsvirali.it\/2024\/09\/10\/caffe-bollente-sulla-faccia-di-un-neonato-al-parco-mostro-ricercato-in-tutto-il-mondo\/#article\",\"isPartOf\":{\"@id\":\"https:\/\/newsvirali.it\/2024\/09\/10\/caffe-bollente-sulla-faccia-di-un-neonato-al-parco-mostro-ricercato-in-tutto-il-mondo\/\"},\"author\":{\"name\":\"Cecco Prestina\",\"@id\":\"https:\/\/newsvirali.it\/fr\/#\/schema\/person\/4c835f7b49c9adb58b33901ee816565d\"},\"headline\":\"Caff\u00e8 bollente sulla faccia di un neonato al parco, mostro ricercato in tutto il mondo\",\"datePublished\":\"2024-09-10T16:36:10+00:00\",\"dateModified\":\"2024-09-10T16:36:11+00:00\",\"mainEntityOfPage\":{\"@id\":\"https:\/\/newsvirali.it\/2024\/09\/10\/caffe-bollente-sulla-faccia-di-un-neonato-al-parco-mostro-ricercato-in-tutto-il-mondo\/\"},\"wordCount\":399,\"image\":{\"@id\":\"https:\/\/newsvirali.it\/2024\/09\/10\/caffe-bollente-sulla-faccia-di-un-neonato-al-parco-mostro-ricercato-in-tutto-il-mondo\/#primaryimage\"},\"thumbnailUrl\":\"https:\/\/newsvirali.it\/wp-content\/uploads\/2024\/09\/Caffe-bollente-sulla-faccia-di-un-neonato-al-parco-ricercato-in-tutto-il-mondo-il-mostro-0.jpg\",\"articleSection\":[\"Mondo\"],\"inLanguage\":\"es\",\"copyrightYear\":\"2024\",\"copyrightHolder\":{\"@id\":\"https:\/\/newsvirali.it\/es\/#organization\"}},{\"@type\":\"WebPage\",\"@id\":\"https:\/\/newsvirali.it\/2024\/09\/10\/caffe-bollente-sulla-faccia-di-un-neonato-al-parco-mostro-ricercato-in-tutto-il-mondo\/\",\"url\":\"https:\/\/newsvirali.it\/2024\/09\/10\/caffe-bollente-sulla-faccia-di-un-neonato-al-parco-mostro-ricercato-in-tutto-il-mondo\/\",\"name\":\"Caff\u00e8 bollente sulla faccia di un neonato al parco, mostro ricercato in tutto il mondo\",\"isPartOf\":{\"@id\":\"https:\/\/newsvirali.it\/fr\/#website\"},\"primaryImageOfPage\":{\"@id\":\"https:\/\/newsvirali.it\/2024\/09\/10\/caffe-bollente-sulla-faccia-di-un-neonato-al-parco-mostro-ricercato-in-tutto-il-mondo\/#primaryimage\"},\"image\":{\"@id\":\"https:\/\/newsvirali.it\/2024\/09\/10\/caffe-bollente-sulla-faccia-di-un-neonato-al-parco-mostro-ricercato-in-tutto-il-mondo\/#primaryimage\"},\"thumbnailUrl\":\"https:\/\/newsvirali.it\/wp-content\/uploads\/2024\/09\/Caffe-bollente-sulla-faccia-di-un-neonato-al-parco-ricercato-in-tutto-il-mondo-il-mostro-0.jpg\",\"datePublished\":\"2024-09-10T16:36:10+00:00\",\"dateModified\":\"2024-09-10T16:36:11+00:00\",\"author\":{\"@id\":\"https:\/\/newsvirali.it\/fr\/#\/schema\/person\/4c835f7b49c9adb58b33901ee816565d\"},\"description\":\"Ha gettato caff\u00e8 bollente sulla faccia di un neonato provocandogli ustioni e poi \u00e8 fuggito: ora il mostro \u00e8 ricercato in tutto il mondo.\",\"breadcrumb\":{\"@id\":\"https:\/\/newsvirali.it\/2024\/09\/10\/caffe-bollente-sulla-faccia-di-un-neonato-al-parco-mostro-ricercato-in-tutto-il-mondo\/#breadcrumb\"},\"inLanguage\":\"es\",\"potentialAction\":[{\"@type\":\"ReadAction\",\"target\":[\"https:\/\/newsvirali.it\/2024\/09\/10\/caffe-bollente-sulla-faccia-di-un-neonato-al-parco-mostro-ricercato-in-tutto-il-mondo\/\"]}]},{\"@type\":\"ImageObject\",\"inLanguage\":\"es\",\"@id\":\"https:\/\/newsvirali.it\/2024\/09\/10\/caffe-bollente-sulla-faccia-di-un-neonato-al-parco-mostro-ricercato-in-tutto-il-mondo\/#primaryimage\",\"url\":\"https:\/\/newsvirali.it\/wp-content\/uploads\/2024\/09\/Caffe-bollente-sulla-faccia-di-un-neonato-al-parco-ricercato-in-tutto-il-mondo-il-mostro-0.jpg\",\"contentUrl\":\"https:\/\/newsvirali.it\/wp-content\/uploads\/2024\/09\/Caffe-bollente-sulla-faccia-di-un-neonato-al-parco-ricercato-in-tutto-il-mondo-il-mostro-0.jpg\",\"width\":600,\"height\":400,\"caption\":\"Caff\u00e8 bollente sulla faccia di un neonato al parco, ricercato in tutto il mondo il mostro\"},{\"@type\":\"BreadcrumbList\",\"@id\":\"https:\/\/newsvirali.it\/2024\/09\/10\/caffe-bollente-sulla-faccia-di-un-neonato-al-parco-mostro-ricercato-in-tutto-il-mondo\/#breadcrumb\",\"itemListElement\":[{\"@type\":\"ListItem\",\"position\":1,\"name\":\"Home\",\"item\":\"https:\/\/newsvirali.it\/fr\/\"},{\"@type\":\"ListItem\",\"position\":2,\"name\":\"Caff\u00e8 bollente sulla faccia di un neonato al parco, mostro ricercato in tutto il mondo\"}]},{\"@type\":\"WebSite\",\"@id\":\"https:\/\/newsvirali.it\/fr\/#website\",\"url\":\"https:\/\/newsvirali.it\/fr\/\",\"name\":\"Bake News\",\"description\":\"\",\"potentialAction\":[{\"@type\":\"SearchAction\",\"target\":{\"@type\":\"EntryPoint\",\"urlTemplate\":\"https:\/\/newsvirali.it\/fr\/?s={search_term_string}\"},\"query-input\":{\"@type\":\"PropertyValueSpecification\",\"valueRequired\":true,\"valueName\":\"search_term_string\"}}],\"inLanguage\":\"es\"},{\"@type\":\"Person\",\"@id\":\"https:\/\/newsvirali.it\/fr\/#\/schema\/person\/4c835f7b49c9adb58b33901ee816565d\",\"name\":\"Cecco Prestina\",\"description\":\"Perch\u00e9 nasconderlo? Cecco Prestina \u00e8 un alias, ma dietro di lui non si cela un algoritmo di intelligenza artificiale. C'\u00e8 un giornalista che ha oltre vent'anni di esperienza tutta sul web. Da quando il primo modem ha iniziato a gracchiare sul territorio italiano con Video on Line, Cecco ha capito che da quel doppino sarebbe passato il futuro. Ha dedidicato tutta la sua carriera a capire Internet e poi i social e ora l'Ai. Una carriera in costante aggiornamento. E questa esperienza la mette in campo ogni giorno. Per\u00f2 ogni tanto Cecco ha voglia anche di non scrivere \\\"pipponi\\\" sulla politica, sull'economia. Ha voglia anche di scrivere qualcosa di divertente. Le notizie che trovate su Bake News sono le stesse che Cecco porta all'aperitivo con gli amici. Quelle di cui discutere per farsi due risate. Notizie, vere (qualche volta si fa fatica a crederlo), strane, divertenti, ma anche serie. Bake News \u00e8 nato per questo, dare al pubblico notizie croccanti e calde come il pane che esce dal forno. E Cecco Prestina \u00e8 nato con Bake News.\",\"url\":\"https:\/\/newsvirali.it\/es\/autore\/cecco-prestina\/\"}]}<\/script>\n<!-- \/ Yoast SEO Premium plugin. -->","yoast_head_json":{"title":"Caff\u00e8 bollente sulla faccia di un neonato al parco, mostro ricercato in tutto il mondo","description":"Ha gettato caff\u00e8 bollente sulla faccia di un neonato provocandogli ustioni e poi \u00e8 fuggito: ora il mostro \u00e8 ricercato in tutto il mondo.","robots":{"index":"index","follow":"follow","max-snippet":"max-snippet:-1","max-image-preview":"max-image-preview:large","max-video-preview":"max-video-preview:-1"},"canonical":"https:\/\/newsvirali.it\/es\/2024\/09\/10\/cafe-caliente-en-la-cara-de-un-bebe-recien-nacido-en-el-parque-monstruo-buscado-en-todo-el-mundo\/","og_locale":"es_ES","og_type":"article","og_title":"Caff\u00e8 bollente sulla faccia di un neonato al parco, mostro ricercato in tutto il mondo","og_description":"Ha gettato caff\u00e8 bollente sulla faccia di un neonato provocandogli ustioni e poi \u00e8 fuggito: ora il mostro \u00e8 ricercato in tutto il mondo.","og_url":"https:\/\/newsvirali.it\/es\/2024\/09\/10\/cafe-caliente-en-la-cara-de-un-bebe-recien-nacido-en-el-parque-monstruo-buscado-en-todo-el-mundo\/","og_site_name":"News virali","article_published_time":"2024-09-10T16:36:10+00:00","article_modified_time":"2024-09-10T16:36:11+00:00","og_image":[{"width":600,"height":400,"url":"https:\/\/newsvirali.it\/wp-content\/uploads\/2024\/09\/Caffe-bollente-sulla-faccia-di-un-neonato-al-parco-ricercato-in-tutto-il-mondo-il-mostro-0.jpg","type":"image\/jpeg"}],"author":"Cecco Prestina","twitter_card":"summary_large_image","twitter_misc":{"Escrito por":"Cecco Prestina","Tiempo de lectura":"3 minutos"},"schema":{"@context":"https:\/\/schema.org","@graph":[{"@type":"NewsArticle","@id":"https:\/\/newsvirali.it\/2024\/09\/10\/caffe-bollente-sulla-faccia-di-un-neonato-al-parco-mostro-ricercato-in-tutto-il-mondo\/#article","isPartOf":{"@id":"https:\/\/newsvirali.it\/2024\/09\/10\/caffe-bollente-sulla-faccia-di-un-neonato-al-parco-mostro-ricercato-in-tutto-il-mondo\/"},"author":{"name":"Cecco Prestina","@id":"https:\/\/newsvirali.it\/fr\/#\/schema\/person\/4c835f7b49c9adb58b33901ee816565d"},"headline":"Caff\u00e8 bollente sulla faccia di un neonato al parco, mostro ricercato in tutto il mondo","datePublished":"2024-09-10T16:36:10+00:00","dateModified":"2024-09-10T16:36:11+00:00","mainEntityOfPage":{"@id":"https:\/\/newsvirali.it\/2024\/09\/10\/caffe-bollente-sulla-faccia-di-un-neonato-al-parco-mostro-ricercato-in-tutto-il-mondo\/"},"wordCount":399,"image":{"@id":"https:\/\/newsvirali.it\/2024\/09\/10\/caffe-bollente-sulla-faccia-di-un-neonato-al-parco-mostro-ricercato-in-tutto-il-mondo\/#primaryimage"},"thumbnailUrl":"https:\/\/newsvirali.it\/wp-content\/uploads\/2024\/09\/Caffe-bollente-sulla-faccia-di-un-neonato-al-parco-ricercato-in-tutto-il-mondo-il-mostro-0.jpg","articleSection":["Mondo"],"inLanguage":"es","copyrightYear":"2024","copyrightHolder":{"@id":"https:\/\/newsvirali.it\/es\/#organization"}},{"@type":"WebPage","@id":"https:\/\/newsvirali.it\/2024\/09\/10\/caffe-bollente-sulla-faccia-di-un-neonato-al-parco-mostro-ricercato-in-tutto-il-mondo\/","url":"https:\/\/newsvirali.it\/2024\/09\/10\/caffe-bollente-sulla-faccia-di-un-neonato-al-parco-mostro-ricercato-in-tutto-il-mondo\/","name":"Caff\u00e8 bollente sulla faccia di un neonato al parco, mostro ricercato in tutto il mondo","isPartOf":{"@id":"https:\/\/newsvirali.it\/fr\/#website"},"primaryImageOfPage":{"@id":"https:\/\/newsvirali.it\/2024\/09\/10\/caffe-bollente-sulla-faccia-di-un-neonato-al-parco-mostro-ricercato-in-tutto-il-mondo\/#primaryimage"},"image":{"@id":"https:\/\/newsvirali.it\/2024\/09\/10\/caffe-bollente-sulla-faccia-di-un-neonato-al-parco-mostro-ricercato-in-tutto-il-mondo\/#primaryimage"},"thumbnailUrl":"https:\/\/newsvirali.it\/wp-content\/uploads\/2024\/09\/Caffe-bollente-sulla-faccia-di-un-neonato-al-parco-ricercato-in-tutto-il-mondo-il-mostro-0.jpg","datePublished":"2024-09-10T16:36:10+00:00","dateModified":"2024-09-10T16:36:11+00:00","author":{"@id":"https:\/\/newsvirali.it\/fr\/#\/schema\/person\/4c835f7b49c9adb58b33901ee816565d"},"description":"Ha gettato caff\u00e8 bollente sulla faccia di un neonato provocandogli ustioni e poi \u00e8 fuggito: ora il mostro \u00e8 ricercato in tutto il mondo.","breadcrumb":{"@id":"https:\/\/newsvirali.it\/2024\/09\/10\/caffe-bollente-sulla-faccia-di-un-neonato-al-parco-mostro-ricercato-in-tutto-il-mondo\/#breadcrumb"},"inLanguage":"es","potentialAction":[{"@type":"ReadAction","target":["https:\/\/newsvirali.it\/2024\/09\/10\/caffe-bollente-sulla-faccia-di-un-neonato-al-parco-mostro-ricercato-in-tutto-il-mondo\/"]}]},{"@type":"ImageObject","inLanguage":"es","@id":"https:\/\/newsvirali.it\/2024\/09\/10\/caffe-bollente-sulla-faccia-di-un-neonato-al-parco-mostro-ricercato-in-tutto-il-mondo\/#primaryimage","url":"https:\/\/newsvirali.it\/wp-content\/uploads\/2024\/09\/Caffe-bollente-sulla-faccia-di-un-neonato-al-parco-ricercato-in-tutto-il-mondo-il-mostro-0.jpg","contentUrl":"https:\/\/newsvirali.it\/wp-content\/uploads\/2024\/09\/Caffe-bollente-sulla-faccia-di-un-neonato-al-parco-ricercato-in-tutto-il-mondo-il-mostro-0.jpg","width":600,"height":400,"caption":"Caff\u00e8 bollente sulla faccia di un neonato al parco, ricercato in tutto il mondo il mostro"},{"@type":"BreadcrumbList","@id":"https:\/\/newsvirali.it\/2024\/09\/10\/caffe-bollente-sulla-faccia-di-un-neonato-al-parco-mostro-ricercato-in-tutto-il-mondo\/#breadcrumb","itemListElement":[{"@type":"ListItem","position":1,"name":"Home","item":"https:\/\/newsvirali.it\/fr\/"},{"@type":"ListItem","position":2,"name":"Caff\u00e8 bollente sulla faccia di un neonato al parco, mostro ricercato in tutto il mondo"}]},{"@type":"WebSite","@id":"https:\/\/newsvirali.it\/fr\/#website","url":"https:\/\/newsvirali.it\/fr\/","name":"Bake News","description":"","potentialAction":[{"@type":"SearchAction","target":{"@type":"EntryPoint","urlTemplate":"https:\/\/newsvirali.it\/fr\/?s={search_term_string}"},"query-input":{"@type":"PropertyValueSpecification","valueRequired":true,"valueName":"search_term_string"}}],"inLanguage":"es"},{"@type":"Person","@id":"https:\/\/newsvirali.it\/fr\/#\/schema\/person\/4c835f7b49c9adb58b33901ee816565d","name":"Cecco Prestina","description":"Perch\u00e9 nasconderlo? Cecco Prestina \u00e8 un alias, ma dietro di lui non si cela un algoritmo di intelligenza artificiale. C'\u00e8 un giornalista che ha oltre vent'anni di esperienza tutta sul web. Da quando il primo modem ha iniziato a gracchiare sul territorio italiano con Video on Line, Cecco ha capito che da quel doppino sarebbe passato il futuro. Ha dedidicato tutta la sua carriera a capire Internet e poi i social e ora l'Ai. Una carriera in costante aggiornamento. E questa esperienza la mette in campo ogni giorno. Per\u00f2 ogni tanto Cecco ha voglia anche di non scrivere \"pipponi\" sulla politica, sull'economia. Ha voglia anche di scrivere qualcosa di divertente. Le notizie che trovate su Bake News sono le stesse che Cecco porta all'aperitivo con gli amici. Quelle di cui discutere per farsi due risate. Notizie, vere (qualche volta si fa fatica a crederlo), strane, divertenti, ma anche serie. Bake News \u00e8 nato per questo, dare al pubblico notizie croccanti e calde come il pane che esce dal forno. E Cecco Prestina \u00e8 nato con Bake News.","url":"https:\/\/newsvirali.it\/es\/autore\/cecco-prestina\/"}]}},"_links":{"self":[{"href":"https:\/\/newsvirali.it\/es\/wp-json\/wp\/v2\/posts\/42157","targetHints":{"allow":["GET"]}}],"collection":[{"href":"https:\/\/newsvirali.it\/es\/wp-json\/wp\/v2\/posts"}],"about":[{"href":"https:\/\/newsvirali.it\/es\/wp-json\/wp\/v2\/types\/post"}],"author":[{"embeddable":true,"href":"https:\/\/newsvirali.it\/es\/wp-json\/wp\/v2\/users\/4"}],"replies":[{"embeddable":true,"href":"https:\/\/newsvirali.it\/es\/wp-json\/wp\/v2\/comments?post=42157"}],"version-history":[{"count":3,"href":"https:\/\/newsvirali.it\/es\/wp-json\/wp\/v2\/posts\/42157\/revisions"}],"predecessor-version":[{"id":42198,"href":"https:\/\/newsvirali.it\/es\/wp-json\/wp\/v2\/posts\/42157\/revisions\/42198"}],"wp:featuredmedia":[{"embeddable":true,"href":"https:\/\/newsvirali.it\/es\/wp-json\/wp\/v2\/media\/42158"}],"wp:attachment":[{"href":"https:\/\/newsvirali.it\/es\/wp-json\/wp\/v2\/media?parent=42157"}],"wp:term":[{"taxonomy":"category","embeddable":true,"href":"https:\/\/newsvirali.it\/es\/wp-json\/wp\/v2\/categories?post=42157"},{"taxonomy":"post_tag","embeddable":true,"href":"https:\/\/newsvirali.it\/es\/wp-json\/wp\/v2\/tags?post=42157"}],"curies":[{"name":"wp","href":"https:\/\/api.w.org\/{rel}","templated":true}]}}