{"id":39572,"date":"2024-08-15T23:46:55","date_gmt":"2024-08-15T21:46:55","guid":{"rendered":"https:\/\/www.bakenews.it\/?p=39572"},"modified":"2024-08-15T23:46:56","modified_gmt":"2024-08-15T21:46:56","slug":"imane-khelif-sui-social-mostra-il-suo-lato-femminile","status":"publish","type":"post","link":"https:\/\/newsvirali.it\/es\/2024\/08\/15\/imane-khelif-muestra-su-lado-femenino-en-las-redes-sociales\/","title":{"rendered":"Imane Khelif muestra su lado femenino en las redes sociales"},"content":{"rendered":"<p>En un v\u00eddeo que se ha vuelto viral, Imane Khelif, la medallista de oro ol\u00edmpica argelina, nos lleva detr\u00e1s de escena de su vida. La vemos pasar de unos guantes de boxeo, s\u00edmbolo de su determinaci\u00f3n y fuerza, a un vestido elegante, que realza su feminidad. Una experiencia vivida en un famoso centro de belleza de Argel, donde fue mimada y maquillada. Un momento de relax para la campeona, que quiso compartir este lado m\u00e1s \u00edntimo de su personalidad con sus fans.<\/p>\n\n\n\n<p><strong>LEER TAMBI\u00c9N<\/strong><\/p>\n\n\n\n<ul class=\"wp-block-list\">\n<li><a href=\"https:\/\/www.bakenews.it\/2024\/08\/14\/imane-khelif-denuncia-per-cyberbullismo-elon-musk-e-jk-rowling\/\">Imane Khelif denuncia a Elon Musk y JK Rowling por ciberbullying<\/a><\/li>\n\n\n\n<li><a href=\"https:\/\/www.bakenews.it\/2024\/08\/02\/sospetti-su-angela-carini-e-il-ritiro-con-imane-khelif-spunta-video-2022\/\">Sospechas sobre Angela Carini y su retiro con Imane Khelif: aparece un video de 2022 que la mete en problemas<\/a><\/li>\n\n\n\n<li><a href=\"https:\/\/www.bakenews.it\/2024\/08\/03\/olimpiadi-atleta-di-salto-con-lasta-eliminato-per-colpa-del-suo-pene\/\">Juegos Ol\u00edmpicos, saltador con p\u00e9rtiga eliminado por su pene<\/a><\/li>\n<\/ul>\n\n\n\n<h2 class=\"wp-block-heading\" id=\"h-imane-khelif-al-femminile-perche-lo-vuole-lei\">Imane Khelif femenina porque lo quiere<\/h2>\n\n\n\n<p>La publicaci\u00f3n que se volvi\u00f3 viral es en realidad un mensaje publicitario. \u201cPara conseguir su medalla no tuvo tiempo que perder en salones de belleza o compras. Nunca sinti\u00f3 la necesidad de ajustarse a esos est\u00e1ndares para demostrar su existencia\u201d, leemos en las redes sociales de Imane Khelif. \u201cIman, al cambiar su apariencia, no intent\u00f3 cambiar su apariencia para que se ajustara a los patrones en los que el mundo quiere atraparnos. Su mensaje es mucho m\u00e1s profundo: la ropa no hace al monje y la apariencia no revela la esencia de una persona. Puede ser femenina y elegante cuando quiere, pero no necesita adornos ni tacones altos en el ring. S\u00f3lo necesitas estrategia, fuerza y golpes, que son la esencia de su personalidad&quot;.<\/p>\n\n\n\n<p>\u201cAs\u00ed como los bigotes no definen a un hombre, los escarabajos tambi\u00e9n los tienen, as\u00ed la ropa, las extensiones y el maquillaje no definen a una mujer. No todas las pistas son un lugar para atletas verdaderos y apasionados como Iman Khalif. El italiano nos demostr\u00f3 que incluso aquellos que lloran en los patios de las escuelas, aquellos que inventan mentiras para robar la comida ajena, pueden encontrarse en el ring. Iman es hermosa, no porque est\u00e9 bien vestida hoy, sino porque est\u00e1 bien cuidada\u201d, concluye el post publicitario de maquillaje.<\/p>\n\n\n\n<p><strong>ART\u00cdCULOS M\u00c1S LE\u00cdDOS<\/strong><\/p>\n\n\n<p>[koko_analytics_most_viewed_posts number=5 d\u00edas=8 tipo_de_publicaci\u00f3n=\u201dpublicaci\u00f3n\u201d fecha_de_presentaci\u00f3n=\u201dfalso\u201d]<\/p>\n<br \/>S\u00edguenos tambi\u00e9n en Google News: <b><a href=\"https:\/\/news.google.com\/publications\/CAAqBwgKMNqJiwswjMfqAg?hl=it&gl=IT&ceid=IT:it\" target=\"_blank\">haga clic aqu\u00ed<\/a><\/b>","protected":false},"excerpt":{"rendered":"<p>En un v\u00eddeo que se ha vuelto viral, Imane Khelif, la medallista de oro ol\u00edmpica argelina, nos lleva detr\u00e1s de escena de su vida. [\u2026]<\/p>","protected":false},"author":4,"featured_media":39573,"comment_status":"closed","ping_status":"open","sticky":false,"template":"","format":"standard","meta":{"MSN_Categories":"Uncategorized","MSN_Publish_Option":false,"MSN_Is_Local_News":false,"MSN_Is_AIAC_Included":"Empty","MSN_Location":"[]","MSN_Add_Feature_Img_On_Top_Of_Post":false,"MSN_Has_Custom_Author":false,"MSN_Custom_Author":"","MSN_Has_Custom_Canonical_Url":false,"MSN_Custom_Canonical_Url":"","footnotes":""},"categories":[8],"tags":[],"class_list":["post-39572","post","type-post","status-publish","format-standard","has-post-thumbnail","hentry","category-sport"],"acf":[],"yoast_head":"<!-- This site is optimized with the Yoast SEO Premium plugin v26.7 (Yoast SEO v26.7) - https:\/\/yoast.com\/wordpress\/plugins\/seo\/ -->\n<title>Imane Khelif sui social mostra il suo lato femminile<\/title>\n<meta name=\"description\" content=\"In un video virale, Imane Khelif, medaglia d&#039;oro olimpica algerina, ci accompagna dietro le quinte della sua vita e si mostra al femminile.\" \/>\n<meta name=\"robots\" content=\"index, follow, max-snippet:-1, max-image-preview:large, max-video-preview:-1\" \/>\n<link rel=\"canonical\" href=\"https:\/\/newsvirali.it\/es\/2024\/08\/15\/imane-khelif-muestra-su-lado-femenino-en-las-redes-sociales\/\" \/>\n<meta property=\"og:locale\" content=\"es_ES\" \/>\n<meta property=\"og:type\" content=\"article\" \/>\n<meta property=\"og:title\" content=\"Imane Khelif sui social mostra il suo lato femminile\" \/>\n<meta property=\"og:description\" content=\"In un video virale, Imane Khelif, medaglia d&#039;oro olimpica algerina, ci accompagna dietro le quinte della sua vita e si mostra al femminile.\" \/>\n<meta property=\"og:url\" content=\"https:\/\/newsvirali.it\/es\/2024\/08\/15\/imane-khelif-muestra-su-lado-femenino-en-las-redes-sociales\/\" \/>\n<meta property=\"og:site_name\" content=\"News virali\" \/>\n<meta property=\"article:published_time\" content=\"2024-08-15T21:46:55+00:00\" \/>\n<meta property=\"article:modified_time\" content=\"2024-08-15T21:46:56+00:00\" \/>\n<meta property=\"og:image\" content=\"https:\/\/newsvirali.it\/wp-content\/uploads\/2024\/08\/Imane-Khelif-sui-social-mostra-il-suo-lato-femminile-1.jpg\" \/>\n\t<meta property=\"og:image:width\" content=\"2160\" \/>\n\t<meta property=\"og:image:height\" content=\"1440\" \/>\n\t<meta property=\"og:image:type\" content=\"image\/jpeg\" \/>\n<meta name=\"author\" content=\"Cecco Prestina\" \/>\n<meta name=\"twitter:card\" content=\"summary_large_image\" \/>\n<meta name=\"twitter:label1\" content=\"Escrito por\" \/>\n\t<meta name=\"twitter:data1\" content=\"Cecco Prestina\" \/>\n\t<meta name=\"twitter:label2\" content=\"Tiempo de lectura\" \/>\n\t<meta name=\"twitter:data2\" content=\"2 minutos\" \/>\n<script type=\"application\/ld+json\" class=\"yoast-schema-graph\">{\"@context\":\"https:\/\/schema.org\",\"@graph\":[{\"@type\":\"NewsArticle\",\"@id\":\"https:\/\/newsvirali.it\/2024\/08\/15\/imane-khelif-sui-social-mostra-il-suo-lato-femminile\/#article\",\"isPartOf\":{\"@id\":\"https:\/\/newsvirali.it\/2024\/08\/15\/imane-khelif-sui-social-mostra-il-suo-lato-femminile\/\"},\"author\":{\"name\":\"Cecco Prestina\",\"@id\":\"https:\/\/newsvirali.it\/fr\/#\/schema\/person\/4c835f7b49c9adb58b33901ee816565d\"},\"headline\":\"Imane Khelif sui social mostra il suo lato femminile\",\"datePublished\":\"2024-08-15T21:46:55+00:00\",\"dateModified\":\"2024-08-15T21:46:56+00:00\",\"mainEntityOfPage\":{\"@id\":\"https:\/\/newsvirali.it\/2024\/08\/15\/imane-khelif-sui-social-mostra-il-suo-lato-femminile\/\"},\"wordCount\":347,\"image\":{\"@id\":\"https:\/\/newsvirali.it\/2024\/08\/15\/imane-khelif-sui-social-mostra-il-suo-lato-femminile\/#primaryimage\"},\"thumbnailUrl\":\"https:\/\/newsvirali.it\/wp-content\/uploads\/2024\/08\/Imane-Khelif-sui-social-mostra-il-suo-lato-femminile-1.jpg\",\"articleSection\":[\"Sport\"],\"inLanguage\":\"es\",\"copyrightYear\":\"2024\",\"copyrightHolder\":{\"@id\":\"https:\/\/newsvirali.it\/es\/#organization\"}},{\"@type\":\"WebPage\",\"@id\":\"https:\/\/newsvirali.it\/2024\/08\/15\/imane-khelif-sui-social-mostra-il-suo-lato-femminile\/\",\"url\":\"https:\/\/newsvirali.it\/2024\/08\/15\/imane-khelif-sui-social-mostra-il-suo-lato-femminile\/\",\"name\":\"Imane Khelif sui social mostra il suo lato femminile\",\"isPartOf\":{\"@id\":\"https:\/\/newsvirali.it\/fr\/#website\"},\"primaryImageOfPage\":{\"@id\":\"https:\/\/newsvirali.it\/2024\/08\/15\/imane-khelif-sui-social-mostra-il-suo-lato-femminile\/#primaryimage\"},\"image\":{\"@id\":\"https:\/\/newsvirali.it\/2024\/08\/15\/imane-khelif-sui-social-mostra-il-suo-lato-femminile\/#primaryimage\"},\"thumbnailUrl\":\"https:\/\/newsvirali.it\/wp-content\/uploads\/2024\/08\/Imane-Khelif-sui-social-mostra-il-suo-lato-femminile-1.jpg\",\"datePublished\":\"2024-08-15T21:46:55+00:00\",\"dateModified\":\"2024-08-15T21:46:56+00:00\",\"author\":{\"@id\":\"https:\/\/newsvirali.it\/fr\/#\/schema\/person\/4c835f7b49c9adb58b33901ee816565d\"},\"description\":\"In un video virale, Imane Khelif, medaglia d'oro olimpica algerina, ci accompagna dietro le quinte della sua vita e si mostra al femminile.\",\"breadcrumb\":{\"@id\":\"https:\/\/newsvirali.it\/2024\/08\/15\/imane-khelif-sui-social-mostra-il-suo-lato-femminile\/#breadcrumb\"},\"inLanguage\":\"es\",\"potentialAction\":[{\"@type\":\"ReadAction\",\"target\":[\"https:\/\/newsvirali.it\/2024\/08\/15\/imane-khelif-sui-social-mostra-il-suo-lato-femminile\/\"]}]},{\"@type\":\"ImageObject\",\"inLanguage\":\"es\",\"@id\":\"https:\/\/newsvirali.it\/2024\/08\/15\/imane-khelif-sui-social-mostra-il-suo-lato-femminile\/#primaryimage\",\"url\":\"https:\/\/newsvirali.it\/wp-content\/uploads\/2024\/08\/Imane-Khelif-sui-social-mostra-il-suo-lato-femminile-1.jpg\",\"contentUrl\":\"https:\/\/newsvirali.it\/wp-content\/uploads\/2024\/08\/Imane-Khelif-sui-social-mostra-il-suo-lato-femminile-1.jpg\",\"width\":2160,\"height\":1440,\"caption\":\"Imane Khelif sui social mostra il suo lato femminile\"},{\"@type\":\"BreadcrumbList\",\"@id\":\"https:\/\/newsvirali.it\/2024\/08\/15\/imane-khelif-sui-social-mostra-il-suo-lato-femminile\/#breadcrumb\",\"itemListElement\":[{\"@type\":\"ListItem\",\"position\":1,\"name\":\"Home\",\"item\":\"https:\/\/newsvirali.it\/fr\/\"},{\"@type\":\"ListItem\",\"position\":2,\"name\":\"Imane Khelif sui social mostra il suo lato femminile\"}]},{\"@type\":\"WebSite\",\"@id\":\"https:\/\/newsvirali.it\/fr\/#website\",\"url\":\"https:\/\/newsvirali.it\/fr\/\",\"name\":\"Bake News\",\"description\":\"\",\"potentialAction\":[{\"@type\":\"SearchAction\",\"target\":{\"@type\":\"EntryPoint\",\"urlTemplate\":\"https:\/\/newsvirali.it\/fr\/?s={search_term_string}\"},\"query-input\":{\"@type\":\"PropertyValueSpecification\",\"valueRequired\":true,\"valueName\":\"search_term_string\"}}],\"inLanguage\":\"es\"},{\"@type\":\"Person\",\"@id\":\"https:\/\/newsvirali.it\/fr\/#\/schema\/person\/4c835f7b49c9adb58b33901ee816565d\",\"name\":\"Cecco Prestina\",\"description\":\"Perch\u00e9 nasconderlo? Cecco Prestina \u00e8 un alias, ma dietro di lui non si cela un algoritmo di intelligenza artificiale. C'\u00e8 un giornalista che ha oltre vent'anni di esperienza tutta sul web. Da quando il primo modem ha iniziato a gracchiare sul territorio italiano con Video on Line, Cecco ha capito che da quel doppino sarebbe passato il futuro. Ha dedidicato tutta la sua carriera a capire Internet e poi i social e ora l'Ai. Una carriera in costante aggiornamento. E questa esperienza la mette in campo ogni giorno. Per\u00f2 ogni tanto Cecco ha voglia anche di non scrivere \\\"pipponi\\\" sulla politica, sull'economia. Ha voglia anche di scrivere qualcosa di divertente. Le notizie che trovate su Bake News sono le stesse che Cecco porta all'aperitivo con gli amici. Quelle di cui discutere per farsi due risate. Notizie, vere (qualche volta si fa fatica a crederlo), strane, divertenti, ma anche serie. Bake News \u00e8 nato per questo, dare al pubblico notizie croccanti e calde come il pane che esce dal forno. E Cecco Prestina \u00e8 nato con Bake News.\",\"url\":\"https:\/\/newsvirali.it\/es\/autore\/cecco-prestina\/\"}]}<\/script>\n<!-- \/ Yoast SEO Premium plugin. -->","yoast_head_json":{"title":"Imane Khelif sui social mostra il suo lato femminile","description":"In un video virale, Imane Khelif, medaglia d'oro olimpica algerina, ci accompagna dietro le quinte della sua vita e si mostra al femminile.","robots":{"index":"index","follow":"follow","max-snippet":"max-snippet:-1","max-image-preview":"max-image-preview:large","max-video-preview":"max-video-preview:-1"},"canonical":"https:\/\/newsvirali.it\/es\/2024\/08\/15\/imane-khelif-muestra-su-lado-femenino-en-las-redes-sociales\/","og_locale":"es_ES","og_type":"article","og_title":"Imane Khelif sui social mostra il suo lato femminile","og_description":"In un video virale, Imane Khelif, medaglia d'oro olimpica algerina, ci accompagna dietro le quinte della sua vita e si mostra al femminile.","og_url":"https:\/\/newsvirali.it\/es\/2024\/08\/15\/imane-khelif-muestra-su-lado-femenino-en-las-redes-sociales\/","og_site_name":"News virali","article_published_time":"2024-08-15T21:46:55+00:00","article_modified_time":"2024-08-15T21:46:56+00:00","og_image":[{"width":2160,"height":1440,"url":"https:\/\/newsvirali.it\/wp-content\/uploads\/2024\/08\/Imane-Khelif-sui-social-mostra-il-suo-lato-femminile-1.jpg","type":"image\/jpeg"}],"author":"Cecco Prestina","twitter_card":"summary_large_image","twitter_misc":{"Escrito por":"Cecco Prestina","Tiempo de lectura":"2 minutos"},"schema":{"@context":"https:\/\/schema.org","@graph":[{"@type":"NewsArticle","@id":"https:\/\/newsvirali.it\/2024\/08\/15\/imane-khelif-sui-social-mostra-il-suo-lato-femminile\/#article","isPartOf":{"@id":"https:\/\/newsvirali.it\/2024\/08\/15\/imane-khelif-sui-social-mostra-il-suo-lato-femminile\/"},"author":{"name":"Cecco Prestina","@id":"https:\/\/newsvirali.it\/fr\/#\/schema\/person\/4c835f7b49c9adb58b33901ee816565d"},"headline":"Imane Khelif sui social mostra il suo lato femminile","datePublished":"2024-08-15T21:46:55+00:00","dateModified":"2024-08-15T21:46:56+00:00","mainEntityOfPage":{"@id":"https:\/\/newsvirali.it\/2024\/08\/15\/imane-khelif-sui-social-mostra-il-suo-lato-femminile\/"},"wordCount":347,"image":{"@id":"https:\/\/newsvirali.it\/2024\/08\/15\/imane-khelif-sui-social-mostra-il-suo-lato-femminile\/#primaryimage"},"thumbnailUrl":"https:\/\/newsvirali.it\/wp-content\/uploads\/2024\/08\/Imane-Khelif-sui-social-mostra-il-suo-lato-femminile-1.jpg","articleSection":["Sport"],"inLanguage":"es","copyrightYear":"2024","copyrightHolder":{"@id":"https:\/\/newsvirali.it\/es\/#organization"}},{"@type":"WebPage","@id":"https:\/\/newsvirali.it\/2024\/08\/15\/imane-khelif-sui-social-mostra-il-suo-lato-femminile\/","url":"https:\/\/newsvirali.it\/2024\/08\/15\/imane-khelif-sui-social-mostra-il-suo-lato-femminile\/","name":"Imane Khelif sui social mostra il suo lato femminile","isPartOf":{"@id":"https:\/\/newsvirali.it\/fr\/#website"},"primaryImageOfPage":{"@id":"https:\/\/newsvirali.it\/2024\/08\/15\/imane-khelif-sui-social-mostra-il-suo-lato-femminile\/#primaryimage"},"image":{"@id":"https:\/\/newsvirali.it\/2024\/08\/15\/imane-khelif-sui-social-mostra-il-suo-lato-femminile\/#primaryimage"},"thumbnailUrl":"https:\/\/newsvirali.it\/wp-content\/uploads\/2024\/08\/Imane-Khelif-sui-social-mostra-il-suo-lato-femminile-1.jpg","datePublished":"2024-08-15T21:46:55+00:00","dateModified":"2024-08-15T21:46:56+00:00","author":{"@id":"https:\/\/newsvirali.it\/fr\/#\/schema\/person\/4c835f7b49c9adb58b33901ee816565d"},"description":"In un video virale, Imane Khelif, medaglia d'oro olimpica algerina, ci accompagna dietro le quinte della sua vita e si mostra al femminile.","breadcrumb":{"@id":"https:\/\/newsvirali.it\/2024\/08\/15\/imane-khelif-sui-social-mostra-il-suo-lato-femminile\/#breadcrumb"},"inLanguage":"es","potentialAction":[{"@type":"ReadAction","target":["https:\/\/newsvirali.it\/2024\/08\/15\/imane-khelif-sui-social-mostra-il-suo-lato-femminile\/"]}]},{"@type":"ImageObject","inLanguage":"es","@id":"https:\/\/newsvirali.it\/2024\/08\/15\/imane-khelif-sui-social-mostra-il-suo-lato-femminile\/#primaryimage","url":"https:\/\/newsvirali.it\/wp-content\/uploads\/2024\/08\/Imane-Khelif-sui-social-mostra-il-suo-lato-femminile-1.jpg","contentUrl":"https:\/\/newsvirali.it\/wp-content\/uploads\/2024\/08\/Imane-Khelif-sui-social-mostra-il-suo-lato-femminile-1.jpg","width":2160,"height":1440,"caption":"Imane Khelif sui social mostra il suo lato femminile"},{"@type":"BreadcrumbList","@id":"https:\/\/newsvirali.it\/2024\/08\/15\/imane-khelif-sui-social-mostra-il-suo-lato-femminile\/#breadcrumb","itemListElement":[{"@type":"ListItem","position":1,"name":"Home","item":"https:\/\/newsvirali.it\/fr\/"},{"@type":"ListItem","position":2,"name":"Imane Khelif sui social mostra il suo lato femminile"}]},{"@type":"WebSite","@id":"https:\/\/newsvirali.it\/fr\/#website","url":"https:\/\/newsvirali.it\/fr\/","name":"Bake News","description":"","potentialAction":[{"@type":"SearchAction","target":{"@type":"EntryPoint","urlTemplate":"https:\/\/newsvirali.it\/fr\/?s={search_term_string}"},"query-input":{"@type":"PropertyValueSpecification","valueRequired":true,"valueName":"search_term_string"}}],"inLanguage":"es"},{"@type":"Person","@id":"https:\/\/newsvirali.it\/fr\/#\/schema\/person\/4c835f7b49c9adb58b33901ee816565d","name":"Cecco Prestina","description":"Perch\u00e9 nasconderlo? Cecco Prestina \u00e8 un alias, ma dietro di lui non si cela un algoritmo di intelligenza artificiale. C'\u00e8 un giornalista che ha oltre vent'anni di esperienza tutta sul web. Da quando il primo modem ha iniziato a gracchiare sul territorio italiano con Video on Line, Cecco ha capito che da quel doppino sarebbe passato il futuro. Ha dedidicato tutta la sua carriera a capire Internet e poi i social e ora l'Ai. Una carriera in costante aggiornamento. E questa esperienza la mette in campo ogni giorno. Per\u00f2 ogni tanto Cecco ha voglia anche di non scrivere \"pipponi\" sulla politica, sull'economia. Ha voglia anche di scrivere qualcosa di divertente. Le notizie che trovate su Bake News sono le stesse che Cecco porta all'aperitivo con gli amici. Quelle di cui discutere per farsi due risate. Notizie, vere (qualche volta si fa fatica a crederlo), strane, divertenti, ma anche serie. Bake News \u00e8 nato per questo, dare al pubblico notizie croccanti e calde come il pane che esce dal forno. E Cecco Prestina \u00e8 nato con Bake News.","url":"https:\/\/newsvirali.it\/es\/autore\/cecco-prestina\/"}]}},"_links":{"self":[{"href":"https:\/\/newsvirali.it\/es\/wp-json\/wp\/v2\/posts\/39572","targetHints":{"allow":["GET"]}}],"collection":[{"href":"https:\/\/newsvirali.it\/es\/wp-json\/wp\/v2\/posts"}],"about":[{"href":"https:\/\/newsvirali.it\/es\/wp-json\/wp\/v2\/types\/post"}],"author":[{"embeddable":true,"href":"https:\/\/newsvirali.it\/es\/wp-json\/wp\/v2\/users\/4"}],"replies":[{"embeddable":true,"href":"https:\/\/newsvirali.it\/es\/wp-json\/wp\/v2\/comments?post=39572"}],"version-history":[{"count":3,"href":"https:\/\/newsvirali.it\/es\/wp-json\/wp\/v2\/posts\/39572\/revisions"}],"predecessor-version":[{"id":39595,"href":"https:\/\/newsvirali.it\/es\/wp-json\/wp\/v2\/posts\/39572\/revisions\/39595"}],"wp:featuredmedia":[{"embeddable":true,"href":"https:\/\/newsvirali.it\/es\/wp-json\/wp\/v2\/media\/39573"}],"wp:attachment":[{"href":"https:\/\/newsvirali.it\/es\/wp-json\/wp\/v2\/media?parent=39572"}],"wp:term":[{"taxonomy":"category","embeddable":true,"href":"https:\/\/newsvirali.it\/es\/wp-json\/wp\/v2\/categories?post=39572"},{"taxonomy":"post_tag","embeddable":true,"href":"https:\/\/newsvirali.it\/es\/wp-json\/wp\/v2\/tags?post=39572"}],"curies":[{"name":"wp","href":"https:\/\/api.w.org\/{rel}","templated":true}]}}