{"id":38722,"date":"2024-08-06T13:42:25","date_gmt":"2024-08-06T11:42:25","guid":{"rendered":"https:\/\/www.bakenews.it\/?p=38722"},"modified":"2024-08-06T15:56:17","modified_gmt":"2024-08-06T13:56:17","slug":"tintura-per-capelli-fa-gonfiare-la-testa-quasi-ad-esplodere-rischia-la-vita-ecco-perche","status":"publish","type":"post","link":"https:\/\/newsvirali.it\/es\/2024\/08\/06\/el-tinte-para-el-cabello-hace-que-tu-cabeza-se-hinche-y-casi-explote-pone-en-riesgo-tu-vida-he-aqui-por-que\/","title":{"rendered":"El tinte para el cabello hace que tu cabeza se hinche hasta casi explotar: arriesga tu vida, por eso"},"content":{"rendered":"<p>Un tinte para cubrir las canas hizo que un hombre arriesgara su vida y encontrara su cabeza hinchada casi a punto de estallar. Un hombre de Lancashire que tuvo una reacci\u00f3n al\u00e9rgica a un tinte para el cabello dijo que termin\u00f3 con una &quot;cabeza de globo&quot; gigante como la del personaje de la pel\u00edcula animada Megamind. Su novia, \u00e9l mismo declar\u00f3, no tuvo el valor de mirarlo a la cara. La cabeza de Ryan Brigg, de 27 a\u00f1os, se hinch\u00f3, inicialmente tom\u00f3 la forma de un neum\u00e1tico alrededor de su frente, luego todo su rostro se volvi\u00f3 igualmente tr\u00e1gico. Para reducir la hinchaz\u00f3n, el ni\u00f1o acab\u00f3 tomando hasta 25 medicamentos al d\u00eda.<\/p>\n\n\n\n<p><strong>LEER TAMBI\u00c9N<\/strong><\/p>\n\n\n\n<ul class=\"wp-block-list\">\n<li><a href=\"https:\/\/www.bakenews.it\/2023\/08\/09\/allergica-noccioline-costretta-comprare-confezioni-aereo\/\">Al\u00e9rgica al man\u00ed, pide a la aerol\u00ednea que no se los sirva: obligada a comprar todos los paquetes<\/a><\/li>\n\n\n\n<li><a href=\"https:\/\/www.bakenews.it\/2024\/05\/07\/donna-assume-ibuprofene-dolori-mestruali-ustioni-coma\/\">Mujer toma ibuprofeno para el dolor menstrual: sufre quemaduras y entra en coma<\/a><\/li>\n\n\n\n<li><a href=\"https:\/\/www.bakenews.it\/2024\/01\/25\/ballerina-25enne-mangia-un-biscotto-e-muore-colpa-di-una-nocciolina\/\">Bailarina de 25 a\u00f1os come una galleta y muere: provocada por un man\u00ed<\/a><\/li>\n<\/ul>\n\n\n\n<h2 class=\"wp-block-heading\" id=\"h-tintura-per-capelli-fa-reazione-allergica-testa-come-palloncino\">El tinte para el cabello provoca una reacci\u00f3n al\u00e9rgica: la cabeza como un globo<\/h2>\n\n\n\n<p>Todo empez\u00f3 el 27 de julio cuando Ryan fue a casa de su madre quien le hab\u00eda comprado un tinte negro para tapar un par de canas que hab\u00edan empezado a aparecer. El joven de 27 a\u00f1os aplic\u00f3 el producto en el cuero cabelludo sin realizar la prueba que estos tintes invitan a realizar, es decir, una prueba cut\u00e1nea para descubrir posibles reacciones al\u00e9rgicas.<\/p>\n\n\n\n<p>Aunque sinti\u00f3 una sensaci\u00f3n de ardor, Ryan pens\u00f3 que era normal y se fue a la cama. Al d\u00eda siguiente, sin embargo, not\u00f3 una primera erupci\u00f3n escamosa alrededor de la l\u00ednea del cabello. Y comenz\u00f3 a fotografiar este evento para que un m\u00e9dico lo evaluara. Ese d\u00eda fue a trabajar como de costumbre y qued\u00f3 horrorizado porque cuanto m\u00e1s pasaba el tiempo m\u00e1s se le hinchaba la cabeza. Al final de la jornada se encontr\u00f3 una especie de globo. Inmediatamente sus compa\u00f1eros lo enviaron a casa y fue a urgencias. Pero en el hospital lo enviaron a casa, invit\u00e1ndolo a regresar si la situaci\u00f3n empeoraba.<\/p>\n\n\n\n<h2 class=\"wp-block-heading\" id=\"h-ha-rischiato-la-vita-poteva-morire-soffocato\">Arriesg\u00f3 su vida, podr\u00eda haber muerto por asfixia<\/h2>\n\n\n\n<p>Y al d\u00eda siguiente fue realmente peor. Ryan se despert\u00f3 con la cara tan hinchada que su ojo izquierdo estaba completamente cerrado. Luego llam\u00f3 a una ambulancia y en el hospital le diagnosticaron una reacci\u00f3n al\u00e9rgica a la parafenilendiamina (PPD), una sustancia qu\u00edmica que se encuentra com\u00fanmente en los tintes para el cabello. Ryan dijo: \u201cSe supon\u00eda que deb\u00eda hacerme una prueba, pero no sab\u00eda que era necesario hacerlo. Apliqu\u00e9 el tinte y me quem\u00f3 un poco, pero pens\u00e9 que eso era lo que hac\u00eda. Obviamente ese no fue el caso&quot;.<\/p>\n\n\n\n<p>Si bien ahora todo est\u00e1 bien, Ryan afirma que tiene costras en el cuero cabelludo y ahora advierte a otros que no cometan el mismo error que \u00e9l y siempre se hagan una prueba cut\u00e1nea, ya que la situaci\u00f3n podr\u00eda haber sido mucho peor si se hubiera extendido m\u00e1s a lo largo del cuello. y v\u00edas respiratorias. Ryan agreg\u00f3: \u201cPor eso me mantuvieron internado, porque si hubiera llegado hasta mi cuello podr\u00eda haber comenzado a cerrar mis v\u00edas respiratorias. Me alegro de que ya haya terminado, pero definitivamente hazte una prueba&quot;.<\/p>\n\n\n\n<p><strong>ART\u00cdCULOS M\u00c1S LE\u00cdDOS<\/strong><\/p>\n\n\n<p>[koko_analytics_most_viewed_posts number=5 d\u00edas=8 tipo_de_publicaci\u00f3n=\u201dpublicaci\u00f3n\u201d fecha_de_presentaci\u00f3n=\u201dfalso\u201d]<\/p>\n<br \/>S\u00edguenos tambi\u00e9n en Google News: <b><a href=\"https:\/\/news.google.com\/publications\/CAAqBwgKMNqJiwswjMfqAg?hl=it&gl=IT&ceid=IT:it\" target=\"_blank\">haga clic aqu\u00ed<\/a><\/b>","protected":false},"excerpt":{"rendered":"<p>Un tinte para el cabello para cubrir las canas hizo que un hombre arriesgara su vida al encontrarse [\u2026]<\/p>","protected":false},"author":4,"featured_media":38723,"comment_status":"open","ping_status":"open","sticky":false,"template":"","format":"standard","meta":{"MSN_Categories":"Uncategorized","MSN_Publish_Option":false,"MSN_Is_Local_News":false,"MSN_Is_AIAC_Included":"Empty","MSN_Location":"[]","MSN_Add_Feature_Img_On_Top_Of_Post":false,"MSN_Has_Custom_Author":false,"MSN_Custom_Author":"","MSN_Has_Custom_Canonical_Url":false,"MSN_Custom_Canonical_Url":"","footnotes":""},"categories":[9],"tags":[],"class_list":["post-38722","post","type-post","status-publish","format-standard","has-post-thumbnail","hentry","category-mondo"],"acf":[],"yoast_head":"<!-- This site is optimized with the Yoast SEO Premium plugin v26.7 (Yoast SEO v26.7) - https:\/\/yoast.com\/wordpress\/plugins\/seo\/ -->\n<title>Tintura per capelli fa gonfiare la testa quasi ad esplodere: rischia la vita, ecco perch\u00e9<\/title>\n<meta name=\"description\" content=\"Una tintura per capelli per coprire i peli grigi ha fatto rischiare la vita ad uomo che si \u00e8 ritrovato la testa gonfia quasi fino a scoppiare.\" \/>\n<meta name=\"robots\" content=\"index, follow, max-snippet:-1, max-image-preview:large, max-video-preview:-1\" \/>\n<link rel=\"canonical\" href=\"https:\/\/newsvirali.it\/es\/2024\/08\/06\/haarfarbemittel-lassen-ihren-kopf-anschwellen-und-fast-explodieren-es-riskiert-ihr-leben-hier-ist-der-grund-dafur\/\" \/>\n<meta property=\"og:locale\" content=\"es_ES\" \/>\n<meta property=\"og:type\" content=\"article\" \/>\n<meta property=\"og:title\" content=\"Tintura per capelli fa gonfiare la testa quasi ad esplodere: rischia la vita, ecco perch\u00e9\" \/>\n<meta property=\"og:description\" content=\"Una tintura per capelli per coprire i peli grigi ha fatto rischiare la vita ad uomo che si \u00e8 ritrovato la testa gonfia quasi fino a scoppiare.\" \/>\n<meta property=\"og:url\" content=\"https:\/\/newsvirali.it\/es\/2024\/08\/06\/haarfarbemittel-lassen-ihren-kopf-anschwellen-und-fast-explodieren-es-riskiert-ihr-leben-hier-ist-der-grund-dafur\/\" \/>\n<meta property=\"og:site_name\" content=\"News virali\" \/>\n<meta property=\"article:published_time\" content=\"2024-08-06T11:42:25+00:00\" \/>\n<meta property=\"article:modified_time\" content=\"2024-08-06T13:56:17+00:00\" \/>\n<meta property=\"og:image\" content=\"https:\/\/newsvirali.it\/wp-content\/uploads\/2024\/08\/Tintura-per-capelli-fa-gonfiare-la-testa-quasi-ad-esplodere-rischia-la-vita-ecco-perche-1.jpg\" \/>\n\t<meta property=\"og:image:width\" content=\"600\" \/>\n\t<meta property=\"og:image:height\" content=\"400\" \/>\n\t<meta property=\"og:image:type\" content=\"image\/jpeg\" \/>\n<meta name=\"author\" content=\"Cecco Prestina\" \/>\n<meta name=\"twitter:card\" content=\"summary_large_image\" \/>\n<meta name=\"twitter:label1\" content=\"Escrito por\" \/>\n\t<meta name=\"twitter:data1\" content=\"Cecco Prestina\" \/>\n\t<meta name=\"twitter:label2\" content=\"Tiempo de lectura\" \/>\n\t<meta name=\"twitter:data2\" content=\"3 minutos\" \/>\n<script type=\"application\/ld+json\" class=\"yoast-schema-graph\">{\"@context\":\"https:\/\/schema.org\",\"@graph\":[{\"@type\":\"NewsArticle\",\"@id\":\"https:\/\/newsvirali.it\/de\/2024\/08\/06\/haarfarbemittel-lassen-ihren-kopf-anschwellen-und-fast-explodieren-es-riskiert-ihr-leben-hier-ist-der-grund-dafur\/#article\",\"isPartOf\":{\"@id\":\"https:\/\/newsvirali.it\/de\/2024\/08\/06\/haarfarbemittel-lassen-ihren-kopf-anschwellen-und-fast-explodieren-es-riskiert-ihr-leben-hier-ist-der-grund-dafur\/\"},\"author\":{\"name\":\"Cecco Prestina\",\"@id\":\"https:\/\/newsvirali.it\/fr\/#\/schema\/person\/4c835f7b49c9adb58b33901ee816565d\"},\"headline\":\"Tintura per capelli fa gonfiare la testa quasi ad esplodere: rischia la vita, ecco perch\u00e9\",\"datePublished\":\"2024-08-06T11:42:25+00:00\",\"dateModified\":\"2024-08-06T13:56:17+00:00\",\"mainEntityOfPage\":{\"@id\":\"https:\/\/newsvirali.it\/de\/2024\/08\/06\/haarfarbemittel-lassen-ihren-kopf-anschwellen-und-fast-explodieren-es-riskiert-ihr-leben-hier-ist-der-grund-dafur\/\"},\"wordCount\":540,\"commentCount\":0,\"image\":{\"@id\":\"https:\/\/newsvirali.it\/de\/2024\/08\/06\/haarfarbemittel-lassen-ihren-kopf-anschwellen-und-fast-explodieren-es-riskiert-ihr-leben-hier-ist-der-grund-dafur\/#primaryimage\"},\"thumbnailUrl\":\"https:\/\/newsvirali.it\/wp-content\/uploads\/2024\/08\/Tintura-per-capelli-fa-gonfiare-la-testa-quasi-ad-esplodere-rischia-la-vita-ecco-perche-1.jpg\",\"articleSection\":[\"Mondo\"],\"inLanguage\":\"es\",\"potentialAction\":[{\"@type\":\"CommentAction\",\"name\":\"Comment\",\"target\":[\"https:\/\/newsvirali.it\/de\/2024\/08\/06\/haarfarbemittel-lassen-ihren-kopf-anschwellen-und-fast-explodieren-es-riskiert-ihr-leben-hier-ist-der-grund-dafur\/#respond\"]}],\"copyrightYear\":\"2024\",\"copyrightHolder\":{\"@id\":\"https:\/\/newsvirali.it\/es\/#organization\"}},{\"@type\":\"WebPage\",\"@id\":\"https:\/\/newsvirali.it\/de\/2024\/08\/06\/haarfarbemittel-lassen-ihren-kopf-anschwellen-und-fast-explodieren-es-riskiert-ihr-leben-hier-ist-der-grund-dafur\/\",\"url\":\"https:\/\/newsvirali.it\/de\/2024\/08\/06\/haarfarbemittel-lassen-ihren-kopf-anschwellen-und-fast-explodieren-es-riskiert-ihr-leben-hier-ist-der-grund-dafur\/\",\"name\":\"Tintura per capelli fa gonfiare la testa quasi ad esplodere: rischia la vita, ecco perch\u00e9\",\"isPartOf\":{\"@id\":\"https:\/\/newsvirali.it\/fr\/#website\"},\"primaryImageOfPage\":{\"@id\":\"https:\/\/newsvirali.it\/de\/2024\/08\/06\/haarfarbemittel-lassen-ihren-kopf-anschwellen-und-fast-explodieren-es-riskiert-ihr-leben-hier-ist-der-grund-dafur\/#primaryimage\"},\"image\":{\"@id\":\"https:\/\/newsvirali.it\/de\/2024\/08\/06\/haarfarbemittel-lassen-ihren-kopf-anschwellen-und-fast-explodieren-es-riskiert-ihr-leben-hier-ist-der-grund-dafur\/#primaryimage\"},\"thumbnailUrl\":\"https:\/\/newsvirali.it\/wp-content\/uploads\/2024\/08\/Tintura-per-capelli-fa-gonfiare-la-testa-quasi-ad-esplodere-rischia-la-vita-ecco-perche-1.jpg\",\"datePublished\":\"2024-08-06T11:42:25+00:00\",\"dateModified\":\"2024-08-06T13:56:17+00:00\",\"author\":{\"@id\":\"https:\/\/newsvirali.it\/fr\/#\/schema\/person\/4c835f7b49c9adb58b33901ee816565d\"},\"description\":\"Una tintura per capelli per coprire i peli grigi ha fatto rischiare la vita ad uomo che si \u00e8 ritrovato la testa gonfia quasi fino a scoppiare.\",\"breadcrumb\":{\"@id\":\"https:\/\/newsvirali.it\/de\/2024\/08\/06\/haarfarbemittel-lassen-ihren-kopf-anschwellen-und-fast-explodieren-es-riskiert-ihr-leben-hier-ist-der-grund-dafur\/#breadcrumb\"},\"inLanguage\":\"es\",\"potentialAction\":[{\"@type\":\"ReadAction\",\"target\":[\"https:\/\/newsvirali.it\/de\/2024\/08\/06\/haarfarbemittel-lassen-ihren-kopf-anschwellen-und-fast-explodieren-es-riskiert-ihr-leben-hier-ist-der-grund-dafur\/\"]}]},{\"@type\":\"ImageObject\",\"inLanguage\":\"es\",\"@id\":\"https:\/\/newsvirali.it\/de\/2024\/08\/06\/haarfarbemittel-lassen-ihren-kopf-anschwellen-und-fast-explodieren-es-riskiert-ihr-leben-hier-ist-der-grund-dafur\/#primaryimage\",\"url\":\"https:\/\/newsvirali.it\/wp-content\/uploads\/2024\/08\/Tintura-per-capelli-fa-gonfiare-la-testa-quasi-ad-esplodere-rischia-la-vita-ecco-perche-1.jpg\",\"contentUrl\":\"https:\/\/newsvirali.it\/wp-content\/uploads\/2024\/08\/Tintura-per-capelli-fa-gonfiare-la-testa-quasi-ad-esplodere-rischia-la-vita-ecco-perche-1.jpg\",\"width\":600,\"height\":400,\"caption\":\"Tintura per capelli fa gonfiare la testa quasi ad esplodere rischia la vita, ecco perch\u00e9\"},{\"@type\":\"BreadcrumbList\",\"@id\":\"https:\/\/newsvirali.it\/de\/2024\/08\/06\/haarfarbemittel-lassen-ihren-kopf-anschwellen-und-fast-explodieren-es-riskiert-ihr-leben-hier-ist-der-grund-dafur\/#breadcrumb\",\"itemListElement\":[{\"@type\":\"ListItem\",\"position\":1,\"name\":\"Home\",\"item\":\"https:\/\/newsvirali.it\/fr\/\"},{\"@type\":\"ListItem\",\"position\":2,\"name\":\"Tintura per capelli fa gonfiare la testa quasi ad esplodere: rischia la vita, ecco perch\u00e9\"}]},{\"@type\":\"WebSite\",\"@id\":\"https:\/\/newsvirali.it\/fr\/#website\",\"url\":\"https:\/\/newsvirali.it\/fr\/\",\"name\":\"Bake News\",\"description\":\"\",\"potentialAction\":[{\"@type\":\"SearchAction\",\"target\":{\"@type\":\"EntryPoint\",\"urlTemplate\":\"https:\/\/newsvirali.it\/fr\/?s={search_term_string}\"},\"query-input\":{\"@type\":\"PropertyValueSpecification\",\"valueRequired\":true,\"valueName\":\"search_term_string\"}}],\"inLanguage\":\"es\"},{\"@type\":\"Person\",\"@id\":\"https:\/\/newsvirali.it\/fr\/#\/schema\/person\/4c835f7b49c9adb58b33901ee816565d\",\"name\":\"Cecco Prestina\",\"description\":\"Perch\u00e9 nasconderlo? Cecco Prestina \u00e8 un alias, ma dietro di lui non si cela un algoritmo di intelligenza artificiale. C'\u00e8 un giornalista che ha oltre vent'anni di esperienza tutta sul web. Da quando il primo modem ha iniziato a gracchiare sul territorio italiano con Video on Line, Cecco ha capito che da quel doppino sarebbe passato il futuro. Ha dedidicato tutta la sua carriera a capire Internet e poi i social e ora l'Ai. Una carriera in costante aggiornamento. E questa esperienza la mette in campo ogni giorno. Per\u00f2 ogni tanto Cecco ha voglia anche di non scrivere \\\"pipponi\\\" sulla politica, sull'economia. Ha voglia anche di scrivere qualcosa di divertente. Le notizie che trovate su Bake News sono le stesse che Cecco porta all'aperitivo con gli amici. Quelle di cui discutere per farsi due risate. Notizie, vere (qualche volta si fa fatica a crederlo), strane, divertenti, ma anche serie. Bake News \u00e8 nato per questo, dare al pubblico notizie croccanti e calde come il pane che esce dal forno. E Cecco Prestina \u00e8 nato con Bake News.\",\"url\":\"https:\/\/newsvirali.it\/es\/autore\/cecco-prestina\/\"}]}<\/script>\n<!-- \/ Yoast SEO Premium plugin. -->","yoast_head_json":{"title":"Tintura per capelli fa gonfiare la testa quasi ad esplodere: rischia la vita, ecco perch\u00e9","description":"Una tintura per capelli per coprire i peli grigi ha fatto rischiare la vita ad uomo che si \u00e8 ritrovato la testa gonfia quasi fino a scoppiare.","robots":{"index":"index","follow":"follow","max-snippet":"max-snippet:-1","max-image-preview":"max-image-preview:large","max-video-preview":"max-video-preview:-1"},"canonical":"https:\/\/newsvirali.it\/es\/2024\/08\/06\/haarfarbemittel-lassen-ihren-kopf-anschwellen-und-fast-explodieren-es-riskiert-ihr-leben-hier-ist-der-grund-dafur\/","og_locale":"es_ES","og_type":"article","og_title":"Tintura per capelli fa gonfiare la testa quasi ad esplodere: rischia la vita, ecco perch\u00e9","og_description":"Una tintura per capelli per coprire i peli grigi ha fatto rischiare la vita ad uomo che si \u00e8 ritrovato la testa gonfia quasi fino a scoppiare.","og_url":"https:\/\/newsvirali.it\/es\/2024\/08\/06\/haarfarbemittel-lassen-ihren-kopf-anschwellen-und-fast-explodieren-es-riskiert-ihr-leben-hier-ist-der-grund-dafur\/","og_site_name":"News virali","article_published_time":"2024-08-06T11:42:25+00:00","article_modified_time":"2024-08-06T13:56:17+00:00","og_image":[{"width":600,"height":400,"url":"https:\/\/newsvirali.it\/wp-content\/uploads\/2024\/08\/Tintura-per-capelli-fa-gonfiare-la-testa-quasi-ad-esplodere-rischia-la-vita-ecco-perche-1.jpg","type":"image\/jpeg"}],"author":"Cecco Prestina","twitter_card":"summary_large_image","twitter_misc":{"Escrito por":"Cecco Prestina","Tiempo de lectura":"3 minutos"},"schema":{"@context":"https:\/\/schema.org","@graph":[{"@type":"NewsArticle","@id":"https:\/\/newsvirali.it\/de\/2024\/08\/06\/haarfarbemittel-lassen-ihren-kopf-anschwellen-und-fast-explodieren-es-riskiert-ihr-leben-hier-ist-der-grund-dafur\/#article","isPartOf":{"@id":"https:\/\/newsvirali.it\/de\/2024\/08\/06\/haarfarbemittel-lassen-ihren-kopf-anschwellen-und-fast-explodieren-es-riskiert-ihr-leben-hier-ist-der-grund-dafur\/"},"author":{"name":"Cecco Prestina","@id":"https:\/\/newsvirali.it\/fr\/#\/schema\/person\/4c835f7b49c9adb58b33901ee816565d"},"headline":"Tintura per capelli fa gonfiare la testa quasi ad esplodere: rischia la vita, ecco perch\u00e9","datePublished":"2024-08-06T11:42:25+00:00","dateModified":"2024-08-06T13:56:17+00:00","mainEntityOfPage":{"@id":"https:\/\/newsvirali.it\/de\/2024\/08\/06\/haarfarbemittel-lassen-ihren-kopf-anschwellen-und-fast-explodieren-es-riskiert-ihr-leben-hier-ist-der-grund-dafur\/"},"wordCount":540,"commentCount":0,"image":{"@id":"https:\/\/newsvirali.it\/de\/2024\/08\/06\/haarfarbemittel-lassen-ihren-kopf-anschwellen-und-fast-explodieren-es-riskiert-ihr-leben-hier-ist-der-grund-dafur\/#primaryimage"},"thumbnailUrl":"https:\/\/newsvirali.it\/wp-content\/uploads\/2024\/08\/Tintura-per-capelli-fa-gonfiare-la-testa-quasi-ad-esplodere-rischia-la-vita-ecco-perche-1.jpg","articleSection":["Mondo"],"inLanguage":"es","potentialAction":[{"@type":"CommentAction","name":"Comment","target":["https:\/\/newsvirali.it\/de\/2024\/08\/06\/haarfarbemittel-lassen-ihren-kopf-anschwellen-und-fast-explodieren-es-riskiert-ihr-leben-hier-ist-der-grund-dafur\/#respond"]}],"copyrightYear":"2024","copyrightHolder":{"@id":"https:\/\/newsvirali.it\/es\/#organization"}},{"@type":"WebPage","@id":"https:\/\/newsvirali.it\/de\/2024\/08\/06\/haarfarbemittel-lassen-ihren-kopf-anschwellen-und-fast-explodieren-es-riskiert-ihr-leben-hier-ist-der-grund-dafur\/","url":"https:\/\/newsvirali.it\/de\/2024\/08\/06\/haarfarbemittel-lassen-ihren-kopf-anschwellen-und-fast-explodieren-es-riskiert-ihr-leben-hier-ist-der-grund-dafur\/","name":"Tintura per capelli fa gonfiare la testa quasi ad esplodere: rischia la vita, ecco perch\u00e9","isPartOf":{"@id":"https:\/\/newsvirali.it\/fr\/#website"},"primaryImageOfPage":{"@id":"https:\/\/newsvirali.it\/de\/2024\/08\/06\/haarfarbemittel-lassen-ihren-kopf-anschwellen-und-fast-explodieren-es-riskiert-ihr-leben-hier-ist-der-grund-dafur\/#primaryimage"},"image":{"@id":"https:\/\/newsvirali.it\/de\/2024\/08\/06\/haarfarbemittel-lassen-ihren-kopf-anschwellen-und-fast-explodieren-es-riskiert-ihr-leben-hier-ist-der-grund-dafur\/#primaryimage"},"thumbnailUrl":"https:\/\/newsvirali.it\/wp-content\/uploads\/2024\/08\/Tintura-per-capelli-fa-gonfiare-la-testa-quasi-ad-esplodere-rischia-la-vita-ecco-perche-1.jpg","datePublished":"2024-08-06T11:42:25+00:00","dateModified":"2024-08-06T13:56:17+00:00","author":{"@id":"https:\/\/newsvirali.it\/fr\/#\/schema\/person\/4c835f7b49c9adb58b33901ee816565d"},"description":"Una tintura per capelli per coprire i peli grigi ha fatto rischiare la vita ad uomo che si \u00e8 ritrovato la testa gonfia quasi fino a scoppiare.","breadcrumb":{"@id":"https:\/\/newsvirali.it\/de\/2024\/08\/06\/haarfarbemittel-lassen-ihren-kopf-anschwellen-und-fast-explodieren-es-riskiert-ihr-leben-hier-ist-der-grund-dafur\/#breadcrumb"},"inLanguage":"es","potentialAction":[{"@type":"ReadAction","target":["https:\/\/newsvirali.it\/de\/2024\/08\/06\/haarfarbemittel-lassen-ihren-kopf-anschwellen-und-fast-explodieren-es-riskiert-ihr-leben-hier-ist-der-grund-dafur\/"]}]},{"@type":"ImageObject","inLanguage":"es","@id":"https:\/\/newsvirali.it\/de\/2024\/08\/06\/haarfarbemittel-lassen-ihren-kopf-anschwellen-und-fast-explodieren-es-riskiert-ihr-leben-hier-ist-der-grund-dafur\/#primaryimage","url":"https:\/\/newsvirali.it\/wp-content\/uploads\/2024\/08\/Tintura-per-capelli-fa-gonfiare-la-testa-quasi-ad-esplodere-rischia-la-vita-ecco-perche-1.jpg","contentUrl":"https:\/\/newsvirali.it\/wp-content\/uploads\/2024\/08\/Tintura-per-capelli-fa-gonfiare-la-testa-quasi-ad-esplodere-rischia-la-vita-ecco-perche-1.jpg","width":600,"height":400,"caption":"Tintura per capelli fa gonfiare la testa quasi ad esplodere rischia la vita, ecco perch\u00e9"},{"@type":"BreadcrumbList","@id":"https:\/\/newsvirali.it\/de\/2024\/08\/06\/haarfarbemittel-lassen-ihren-kopf-anschwellen-und-fast-explodieren-es-riskiert-ihr-leben-hier-ist-der-grund-dafur\/#breadcrumb","itemListElement":[{"@type":"ListItem","position":1,"name":"Home","item":"https:\/\/newsvirali.it\/fr\/"},{"@type":"ListItem","position":2,"name":"Tintura per capelli fa gonfiare la testa quasi ad esplodere: rischia la vita, ecco perch\u00e9"}]},{"@type":"WebSite","@id":"https:\/\/newsvirali.it\/fr\/#website","url":"https:\/\/newsvirali.it\/fr\/","name":"Bake News","description":"","potentialAction":[{"@type":"SearchAction","target":{"@type":"EntryPoint","urlTemplate":"https:\/\/newsvirali.it\/fr\/?s={search_term_string}"},"query-input":{"@type":"PropertyValueSpecification","valueRequired":true,"valueName":"search_term_string"}}],"inLanguage":"es"},{"@type":"Person","@id":"https:\/\/newsvirali.it\/fr\/#\/schema\/person\/4c835f7b49c9adb58b33901ee816565d","name":"Cecco Prestina","description":"Perch\u00e9 nasconderlo? Cecco Prestina \u00e8 un alias, ma dietro di lui non si cela un algoritmo di intelligenza artificiale. C'\u00e8 un giornalista che ha oltre vent'anni di esperienza tutta sul web. Da quando il primo modem ha iniziato a gracchiare sul territorio italiano con Video on Line, Cecco ha capito che da quel doppino sarebbe passato il futuro. Ha dedidicato tutta la sua carriera a capire Internet e poi i social e ora l'Ai. Una carriera in costante aggiornamento. E questa esperienza la mette in campo ogni giorno. Per\u00f2 ogni tanto Cecco ha voglia anche di non scrivere \"pipponi\" sulla politica, sull'economia. Ha voglia anche di scrivere qualcosa di divertente. Le notizie che trovate su Bake News sono le stesse che Cecco porta all'aperitivo con gli amici. Quelle di cui discutere per farsi due risate. Notizie, vere (qualche volta si fa fatica a crederlo), strane, divertenti, ma anche serie. Bake News \u00e8 nato per questo, dare al pubblico notizie croccanti e calde come il pane che esce dal forno. E Cecco Prestina \u00e8 nato con Bake News.","url":"https:\/\/newsvirali.it\/es\/autore\/cecco-prestina\/"}]}},"_links":{"self":[{"href":"https:\/\/newsvirali.it\/es\/wp-json\/wp\/v2\/posts\/38722","targetHints":{"allow":["GET"]}}],"collection":[{"href":"https:\/\/newsvirali.it\/es\/wp-json\/wp\/v2\/posts"}],"about":[{"href":"https:\/\/newsvirali.it\/es\/wp-json\/wp\/v2\/types\/post"}],"author":[{"embeddable":true,"href":"https:\/\/newsvirali.it\/es\/wp-json\/wp\/v2\/users\/4"}],"replies":[{"embeddable":true,"href":"https:\/\/newsvirali.it\/es\/wp-json\/wp\/v2\/comments?post=38722"}],"version-history":[{"count":5,"href":"https:\/\/newsvirali.it\/es\/wp-json\/wp\/v2\/posts\/38722\/revisions"}],"predecessor-version":[{"id":38743,"href":"https:\/\/newsvirali.it\/es\/wp-json\/wp\/v2\/posts\/38722\/revisions\/38743"}],"wp:featuredmedia":[{"embeddable":true,"href":"https:\/\/newsvirali.it\/es\/wp-json\/wp\/v2\/media\/38723"}],"wp:attachment":[{"href":"https:\/\/newsvirali.it\/es\/wp-json\/wp\/v2\/media?parent=38722"}],"wp:term":[{"taxonomy":"category","embeddable":true,"href":"https:\/\/newsvirali.it\/es\/wp-json\/wp\/v2\/categories?post=38722"},{"taxonomy":"post_tag","embeddable":true,"href":"https:\/\/newsvirali.it\/es\/wp-json\/wp\/v2\/tags?post=38722"}],"curies":[{"name":"wp","href":"https:\/\/api.w.org\/{rel}","templated":true}]}}