{"id":37397,"date":"2024-07-25T08:20:43","date_gmt":"2024-07-25T06:20:43","guid":{"rendered":"https:\/\/www.bakenews.it\/?p=37397"},"modified":"2024-07-25T10:11:54","modified_gmt":"2024-07-25T08:11:54","slug":"poliziotto-calci-faccia-sospetto-video-brutale-arresto-social","status":"publish","type":"post","link":"https:\/\/newsvirali.it\/es\/2024\/07\/25\/policia-patea-la-cara-del-sospechoso-brutal-video-arresto-social\/","title":{"rendered":"Polic\u00eda patea al sospechoso en la cara, v\u00eddeo del brutal arresto en las redes sociales"},"content":{"rendered":"<p>Un control policial en el aeropuerto de Manchester (Inglaterra) degener\u00f3 y la polic\u00eda golpe\u00f3 a algunos ciudadanos isl\u00e1micos: un polic\u00eda pate\u00f3 a un sospechoso en la cara, una escena espantosa cuyo v\u00eddeo dio la vuelta a la red. Cientos de manifestantes se reunieron durante la noche frente a la comisar\u00eda de polic\u00eda de Rochdale, donde fueron llevados los sospechosos tras los arrestos. El v\u00eddeo de los hombres arrestados se volvi\u00f3 viral despu\u00e9s de que un oficial de polic\u00eda pateara a uno de ellos en la cara y pisoteara la cabeza, mientras que a otros los arrojaron al suelo, les aplicaron una pistola Taser y los golpearon con un spray debilitante.<\/p>\n\n\n\n<p><strong>LEER TAMBI\u00c9N<\/strong><\/p>\n\n\n\n<ul class=\"wp-block-list\">\n<li><a href=\"https:\/\/www.bakenews.it\/2024\/07\/24\/rissa-a-basket-tra-13enni-giocatore-spacca-a-calci-la-testa-ad-avversario\/\">Pelea de baloncesto entre ni\u00f1os de 13 a\u00f1os: un jugador patea la cabeza del oponente<\/a><\/li>\n\n\n\n<li><a href=\"https:\/\/www.bakenews.it\/2024\/06\/14\/schiaffeggia-bambina-per-strada-e-viene-presa-a-calci-da-passante-video-shock\/\">Golpea a una ni\u00f1a en la calle y un transe\u00fante la patea: impactante video<\/a><\/li>\n\n\n\n<li><a href=\"https:\/\/www.bakenews.it\/2024\/05\/27\/turista-litiga-per-il-conto-buttafuori-con-un-calcio-in-testa-lo-manda-in-coma-video-shock\/\">Turista se pelea por la cuenta, portero lo patea en la cabeza y lo deja en coma: impactante video<\/a><\/li>\n\n\n\n<li><a href=\"https:\/\/www.bakenews.it\/2024\/07\/24\/scopre-ladro-in-spiaggia-turista-lo-massacra-a-colpi-di-ombrellone-video\/\">Ladr\u00f3n es descubierto en la playa, turista lo masacra con sombrillas: video<\/a><\/li>\n<\/ul>\n\n\n\n<h2 class=\"wp-block-heading\" id=\"h-la-polizia-hanno-spaccato-il-naso-ad-un-agente\">La polic\u00eda: \u201cLe rompieron la nariz a un agente\u201d<\/h2>\n\n\n\n<p>La Polic\u00eda de Greater Manchester (GMP) dijo que los hombres fueron arrestados despu\u00e9s de que los agentes respondieran a informes de un asalto en la Terminal 2 del aeropuerto el martes por la noche, y que varios agentes fueron agredidos durante el incidente, incluida una mujer polic\u00eda cuya nariz estaba rota. El oficial que pate\u00f3 la pelota ha sido retirado del servicio activo, pero no suspendido, en espera de una investigaci\u00f3n independiente que arroje luz sobre la situaci\u00f3n.<\/p>\n\n\n\n<p>El hombre pateado en el v\u00eddeo es de Rochdale y cientos de personas se reunieron frente a la principal comisar\u00eda de polic\u00eda de la ciudad el martes por la noche para protestar contra el trato dado a los arrestados. Se vio a un im\u00e1n local tratando de calmar las tensiones entre la multitud. Multitudes enojadas se reunieron despu\u00e9s de que circulara en l\u00ednea un video que mostraba el arresto de cuatro hombres en el aeropuerto de Manchester.<\/p>\n\n\n\n<figure class=\"wp-block-embed\"><div class=\"wp-block-embed__wrapper\">\nhttps:\/\/twitter.com\/DillyHussain88\/status\/1816112400497614941\n<\/div><\/figure>\n\n\n\n<h2 class=\"wp-block-heading\" id=\"h-video-virale-dell-arresto-calci-in-faccia-a-sospetto\">V\u00eddeo viral del arresto: sospechoso pateado en la cara<\/h2>\n\n\n\n<p>La polic\u00eda se defendi\u00f3 diciendo que los hombres fueron arrestados bajo sospecha de una serie de delitos, entre ellos agresi\u00f3n, agresi\u00f3n a un trabajador de emergencia, ri\u00f1a y obstrucci\u00f3n a la polic\u00eda. En el v\u00eddeo se puede ver a un hombre vestido con pantalones cortos azules y una camiseta azul tirado en el suelo con las manos detr\u00e1s de la espalda mientras una anciana se arrodilla a su lado. Detr\u00e1s de la pareja, un hombre con camiseta gris y pantalones cortos est\u00e1 sentado en una silla con las manos por encima de la cabeza. Un oficial de polic\u00eda, sosteniendo una Taser, golpea al hombre en el suelo en la cara, antes de pisotearle la parte posterior de la cabeza mientras se aleja del oficial.<\/p>\n\n\n\n<p>Esto genera indignaci\u00f3n entre las personas que observan la escena y a quienes se les puede escuchar gritar a la polic\u00eda &quot;dejen de patear a la gente&quot; y &quot;est\u00e1n siendo captados por las c\u00e1maras&quot;. Se puede ver a una mujer polic\u00eda empujando a la gente que filmaba lejos del hombre. Al fondo, se puede ver a un oficial gritando \u201cabajo, abajo\u201d al hombre sentado en la silla. Luego, dos agentes empujan al hombre al suelo y lo esposan. En este punto, la mujer, a la que se puede ver con una dupatta azul, deambula confusa entre los dos hombres, que se cree que son sus hijos. Luego una mujer oficial la empuja.<\/p>\n\n\n\n<h2 class=\"wp-block-heading\" id=\"h-il-video-girato-all-aeroporto-di-manchester\">El v\u00eddeo grabado en el aeropuerto de Manchester.<\/h2>\n\n\n\n<p>Otras im\u00e1genes, que parecen haber sido filmadas despu\u00e9s de que los agentes se llevaran a los dos hombres, muestran a la polic\u00eda acorralando a un grupo de personas en la misma plaza. En el v\u00eddeo se puede ver a un oficial con una Taser en la mano apuntando a un hombre y dici\u00e9ndole: &quot;Te arrestar\u00e1n&quot;. En ese momento, uno de los agentes dispara su bala incapacitante a uno de los hombres, antes de que \u00e9l y otro polic\u00eda agarren al hombre y lo arrojen al suelo.<\/p>\n\n\n\n<p>Luego, los agentes arrastran a los hombres fuera del edificio y los llevan a un veh\u00edculo policial que los espera. Amar Rafiq, que grab\u00f3 parte del v\u00eddeo original, regresaba a Manchester desde Qatar cuando vio el incidente desarrollarse ante sus ojos. Le dijo a MailOnline: \u201cSal\u00ed a la plaza donde estaba ocurriendo el accidente. El oficial ten\u00eda al hombre contra la pared y estaba tratando de empujarlo y golpearlo. Momentos despu\u00e9s el otro sujeto que estaba ah\u00ed golpe\u00f3 al oficial, luego los arrojaron a ambos al suelo. Ellos [la polic\u00eda] dec\u00edan &#039;est\u00e1s arrestado&#039;\u201d. Dijo que fue entonces cuando comenz\u00f3 a filmar, capturando el momento en que uno de los hombres pareci\u00f3 recibir una patada en la cabeza.<\/p>\n\n\n\n<p>Rafiq dijo: \u201cMe qued\u00e9 at\u00f3nito. El polic\u00eda acaba de patear al tipo en la cara. Todos estaban preocupados por s\u00ed mismos, comenzaron a entrar en p\u00e1nico y a huir, ten\u00edan miedo de ser atacados&quot;. Agreg\u00f3 que no vio qu\u00e9 pas\u00f3 con los hombres ni con la mujer que los acompa\u00f1aba porque los oficiales sacaron a todos del lugar. Rafiq dijo que al menos diez agentes estaban presentes en ese momento.<\/p>\n\n\n\n<figure class=\"wp-block-embed is-type-rich is-provider-twitter wp-block-embed-twitter\"><div class=\"wp-block-embed__wrapper\">\n<blockquote class=\"twitter-tweet\" data-width=\"500\" data-dnt=\"true\"><p lang=\"en\" dir=\"ltr\">Im\u00e1genes de v\u00eddeo de lo que sucedi\u00f3 ANTES, durante y DESPU\u00c9S del incidente de brutalidad policial en el aeropuerto de Manchester. <br><br>El oficial en cuesti\u00f3n ha sido retirado de sus funciones operativas. <a href=\"https:\/\/t.co\/4AswcesqtM\">https:\/\/t.co\/4AswcesqtM<\/a> <a href=\"https:\/\/t.co\/GdjlPWWfdq\">pic.twitter.com\/GdjlPWWfdq<\/a><\/p>-Dilly Hussain (@DillyHussain88) <a href=\"https:\/\/twitter.com\/DillyHussain88\/status\/1816226862848233607?ref_src=twsrc%5Etfw\">24 de julio de 2024<\/a><\/blockquote><script async src=\"https:\/\/platform.twitter.com\/widgets.js\" charset=\"utf-8\"><\/script>\n<\/div><\/figure>\n\n\n\n<h2 class=\"wp-block-heading\" id=\"h-la-polizia-si-difende-aggressione-iniziata-da-loro\">La polic\u00eda se defiende: &quot;El ataque lo iniciaron ellos&quot;<\/h2>\n\n\n\n<p>Un portavoz de la polic\u00eda de Greater Manchester dijo que la llamada se realiz\u00f3 luego de informes de una pelea entre miembros del p\u00fablico. El subjefe de polic\u00eda Wasim Chaudhry dijo que la fuerza entend\u00eda por qu\u00e9 el v\u00eddeo de los arrestos \u201chab\u00eda creado alarma\u201d. Dijo: \u201cSabemos que las im\u00e1genes de un incidente en el aeropuerto de Manchester que est\u00e1n circulando ampliamente muestran un evento que es realmente impactante y que, con raz\u00f3n, preocupa mucho a la gente. El uso de dicha fuerza en un arresto es un hecho inusual y, como sabemos, genera alarma. Nos llamaron tras recibir informes de un asalto en la Terminal 2 del aeropuerto de Manchester a las 20.25 horas del martes 23 de julio. El presunto sospechoso fue captado por las c\u00e1maras de vigilancia cerca de una m\u00e1quina expendedora de billetes en el aparcamiento y los agentes acudieron al lugar para arrestarlo\u201d.<\/p>\n\n\n\n<p>\u201cDurante nuestra respuesta, tres agentes fueron agredidos. Una mujer sufri\u00f3 una fractura de nariz y los dem\u00e1s agentes fueron obligados a tirarse al suelo y sufrieron heridas que requirieron tratamiento hospitalario. Un oficial var\u00f3n ha sido removido de sus deberes operativos y estamos informando voluntariamente nuestra respuesta policial a la Oficina Independiente de Conducta Policial\u201d.<\/p>\n\n\n\n<p><strong>LEER OTRAS NOTICIAS DEL MUNDO<\/strong><\/p>\n\n\n<ul class=\"wp-block-latest-posts__list wp-block-latest-posts\"><li><a class=\"wp-block-latest-posts__post-title\" href=\"https:\/\/newsvirali.it\/es\/2026\/02\/12\/emma-amit-cangrejo-diablo-muerto\/\">La vlogger Emma Amit muere tras comer un cangrejo diablo t\u00f3xico<\/a><\/li>\n<li><a class=\"wp-block-latest-posts__post-title\" href=\"https:\/\/newsvirali.it\/es\/2026\/02\/05\/tres-hermanas-se-suicidan-en-india\/\">Padres confiscan celulares por jugar en exceso: tres hermanas se suicidan<\/a><\/li>\n<li><a class=\"wp-block-latest-posts__post-title\" href=\"https:\/\/newsvirali.it\/es\/2026\/01\/30\/arresto-en-resort-de-florida-por-actos-obscenos\/\">Resort de Florida sorprende: hombre arrestado por exposici\u00f3n indecente con una aspiradora<\/a><\/li>\n<li><a class=\"wp-block-latest-posts__post-title\" href=\"https:\/\/newsvirali.it\/es\/2026\/01\/28\/un-padre-borracho-ahorca-a-su-hijo-en-un-impactante-video\/\">Padre borracho cuelga a su hijo por la ventana: impactante video<\/a><\/li>\n<li><a class=\"wp-block-latest-posts__post-title\" href=\"https:\/\/newsvirali.it\/es\/2026\/01\/27\/maestra-embarazada-y-estudiante-de-13-anos\/\">Maestra admite que qued\u00f3 embarazada de estudiante de 13 a\u00f1os<\/a><\/li>\n<\/ul><br \/>S\u00edguenos tambi\u00e9n en Google News: <b><a href=\"https:\/\/news.google.com\/publications\/CAAqBwgKMNqJiwswjMfqAg?hl=it&gl=IT&ceid=IT:it\" target=\"_blank\">haga clic aqu\u00ed<\/a><\/b>","protected":false},"excerpt":{"rendered":"<p>Un control policial en el aeropuerto de Manchester (Inglaterra) degener\u00f3 y la polic\u00eda golpe\u00f3 a algunos ciudadanos isl\u00e1micos: un polic\u00eda [\u2026]<\/p>","protected":false},"author":4,"featured_media":37470,"comment_status":"open","ping_status":"open","sticky":false,"template":"","format":"standard","meta":{"MSN_Categories":"Uncategorized","MSN_Publish_Option":false,"MSN_Is_Local_News":false,"MSN_Is_AIAC_Included":"Empty","MSN_Location":"[]","MSN_Add_Feature_Img_On_Top_Of_Post":false,"MSN_Has_Custom_Author":false,"MSN_Custom_Author":"","MSN_Has_Custom_Canonical_Url":false,"MSN_Custom_Canonical_Url":"","footnotes":""},"categories":[9],"tags":[],"class_list":["post-37397","post","type-post","status-publish","format-standard","has-post-thumbnail","hentry","category-mondo"],"acf":[],"yoast_head":"<!-- This site is optimized with the Yoast SEO Premium plugin v26.7 (Yoast SEO v26.7) - https:\/\/yoast.com\/wordpress\/plugins\/seo\/ -->\n<title>Poliziotto d\u00e0 calci in faccia a sospetto, video del brutale arresto sui social<\/title>\n<meta name=\"description\" content=\"Un poliziotto ha preso a calci in faccia un sospetto, una scena raccapricciante il cui video ha fatto il giro del web.\" \/>\n<meta name=\"robots\" content=\"index, follow, max-snippet:-1, max-image-preview:large, max-video-preview:-1\" \/>\n<link rel=\"canonical\" href=\"https:\/\/newsvirali.it\/es\/2024\/07\/25\/policia-patea-la-cara-del-sospechoso-brutal-video-arresto-social\/\" \/>\n<meta property=\"og:locale\" content=\"es_ES\" \/>\n<meta property=\"og:type\" content=\"article\" \/>\n<meta property=\"og:title\" content=\"Poliziotto d\u00e0 calci in faccia a sospetto, video del brutale arresto sui social\" \/>\n<meta property=\"og:description\" content=\"Un poliziotto ha preso a calci in faccia un sospetto, una scena raccapricciante il cui video ha fatto il giro del web.\" \/>\n<meta property=\"og:url\" content=\"https:\/\/newsvirali.it\/es\/2024\/07\/25\/policia-patea-la-cara-del-sospechoso-brutal-video-arresto-social\/\" \/>\n<meta property=\"og:site_name\" content=\"News virali\" \/>\n<meta property=\"article:published_time\" content=\"2024-07-25T06:20:43+00:00\" \/>\n<meta property=\"article:modified_time\" content=\"2024-07-25T08:11:54+00:00\" \/>\n<meta property=\"og:image\" content=\"https:\/\/newsvirali.it\/wp-content\/uploads\/2024\/07\/Poliziotto-da-calci-in-faccia-a-sospetto-video-del-brutale-arresto-sui-social-0bis.jpg\" \/>\n\t<meta property=\"og:image:width\" content=\"600\" \/>\n\t<meta property=\"og:image:height\" content=\"400\" \/>\n\t<meta property=\"og:image:type\" content=\"image\/jpeg\" \/>\n<meta name=\"author\" content=\"Cecco Prestina\" \/>\n<meta name=\"twitter:card\" content=\"summary_large_image\" \/>\n<meta name=\"twitter:label1\" content=\"Escrito por\" \/>\n\t<meta name=\"twitter:data1\" content=\"Cecco Prestina\" \/>\n\t<meta name=\"twitter:label2\" content=\"Tiempo de lectura\" \/>\n\t<meta name=\"twitter:data2\" content=\"6 minutos\" \/>\n<script type=\"application\/ld+json\" class=\"yoast-schema-graph\">{\"@context\":\"https:\/\/schema.org\",\"@graph\":[{\"@type\":\"NewsArticle\",\"@id\":\"https:\/\/newsvirali.it\/es\/2024\/07\/25\/policia-patea-la-cara-del-sospechoso-brutal-video-arresto-social\/#article\",\"isPartOf\":{\"@id\":\"https:\/\/newsvirali.it\/es\/2024\/07\/25\/policia-patea-la-cara-del-sospechoso-brutal-video-arresto-social\/\"},\"author\":{\"name\":\"Cecco Prestina\",\"@id\":\"https:\/\/newsvirali.it\/fr\/#\/schema\/person\/4c835f7b49c9adb58b33901ee816565d\"},\"headline\":\"Poliziotto d\u00e0 calci in faccia a sospetto, video del brutale arresto sui social\",\"datePublished\":\"2024-07-25T06:20:43+00:00\",\"dateModified\":\"2024-07-25T08:11:54+00:00\",\"mainEntityOfPage\":{\"@id\":\"https:\/\/newsvirali.it\/es\/2024\/07\/25\/policia-patea-la-cara-del-sospechoso-brutal-video-arresto-social\/\"},\"wordCount\":1075,\"commentCount\":0,\"image\":{\"@id\":\"https:\/\/newsvirali.it\/es\/2024\/07\/25\/policia-patea-la-cara-del-sospechoso-brutal-video-arresto-social\/#primaryimage\"},\"thumbnailUrl\":\"https:\/\/newsvirali.it\/wp-content\/uploads\/2024\/07\/Poliziotto-da-calci-in-faccia-a-sospetto-video-del-brutale-arresto-sui-social-0bis.jpg\",\"articleSection\":[\"Mondo\"],\"inLanguage\":\"es\",\"potentialAction\":[{\"@type\":\"CommentAction\",\"name\":\"Comment\",\"target\":[\"https:\/\/newsvirali.it\/es\/2024\/07\/25\/policia-patea-la-cara-del-sospechoso-brutal-video-arresto-social\/#respond\"]}],\"copyrightYear\":\"2024\",\"copyrightHolder\":{\"@id\":\"https:\/\/newsvirali.it\/es\/#organization\"}},{\"@type\":\"WebPage\",\"@id\":\"https:\/\/newsvirali.it\/es\/2024\/07\/25\/policia-patea-la-cara-del-sospechoso-brutal-video-arresto-social\/\",\"url\":\"https:\/\/newsvirali.it\/es\/2024\/07\/25\/policia-patea-la-cara-del-sospechoso-brutal-video-arresto-social\/\",\"name\":\"Poliziotto d\u00e0 calci in faccia a sospetto, video del brutale arresto sui social\",\"isPartOf\":{\"@id\":\"https:\/\/newsvirali.it\/fr\/#website\"},\"primaryImageOfPage\":{\"@id\":\"https:\/\/newsvirali.it\/es\/2024\/07\/25\/policia-patea-la-cara-del-sospechoso-brutal-video-arresto-social\/#primaryimage\"},\"image\":{\"@id\":\"https:\/\/newsvirali.it\/es\/2024\/07\/25\/policia-patea-la-cara-del-sospechoso-brutal-video-arresto-social\/#primaryimage\"},\"thumbnailUrl\":\"https:\/\/newsvirali.it\/wp-content\/uploads\/2024\/07\/Poliziotto-da-calci-in-faccia-a-sospetto-video-del-brutale-arresto-sui-social-0bis.jpg\",\"datePublished\":\"2024-07-25T06:20:43+00:00\",\"dateModified\":\"2024-07-25T08:11:54+00:00\",\"author\":{\"@id\":\"https:\/\/newsvirali.it\/fr\/#\/schema\/person\/4c835f7b49c9adb58b33901ee816565d\"},\"description\":\"Un poliziotto ha preso a calci in faccia un sospetto, una scena raccapricciante il cui video ha fatto il giro del web.\",\"breadcrumb\":{\"@id\":\"https:\/\/newsvirali.it\/es\/2024\/07\/25\/policia-patea-la-cara-del-sospechoso-brutal-video-arresto-social\/#breadcrumb\"},\"inLanguage\":\"es\",\"potentialAction\":[{\"@type\":\"ReadAction\",\"target\":[\"https:\/\/newsvirali.it\/es\/2024\/07\/25\/policia-patea-la-cara-del-sospechoso-brutal-video-arresto-social\/\"]}]},{\"@type\":\"ImageObject\",\"inLanguage\":\"es\",\"@id\":\"https:\/\/newsvirali.it\/es\/2024\/07\/25\/policia-patea-la-cara-del-sospechoso-brutal-video-arresto-social\/#primaryimage\",\"url\":\"https:\/\/newsvirali.it\/wp-content\/uploads\/2024\/07\/Poliziotto-da-calci-in-faccia-a-sospetto-video-del-brutale-arresto-sui-social-0bis.jpg\",\"contentUrl\":\"https:\/\/newsvirali.it\/wp-content\/uploads\/2024\/07\/Poliziotto-da-calci-in-faccia-a-sospetto-video-del-brutale-arresto-sui-social-0bis.jpg\",\"width\":600,\"height\":400},{\"@type\":\"BreadcrumbList\",\"@id\":\"https:\/\/newsvirali.it\/es\/2024\/07\/25\/policia-patea-la-cara-del-sospechoso-brutal-video-arresto-social\/#breadcrumb\",\"itemListElement\":[{\"@type\":\"ListItem\",\"position\":1,\"name\":\"Home\",\"item\":\"https:\/\/newsvirali.it\/fr\/\"},{\"@type\":\"ListItem\",\"position\":2,\"name\":\"Poliziotto d\u00e0 calci in faccia a sospetto, video del brutale arresto sui social\"}]},{\"@type\":\"WebSite\",\"@id\":\"https:\/\/newsvirali.it\/fr\/#website\",\"url\":\"https:\/\/newsvirali.it\/fr\/\",\"name\":\"Bake News\",\"description\":\"\",\"potentialAction\":[{\"@type\":\"SearchAction\",\"target\":{\"@type\":\"EntryPoint\",\"urlTemplate\":\"https:\/\/newsvirali.it\/fr\/?s={search_term_string}\"},\"query-input\":{\"@type\":\"PropertyValueSpecification\",\"valueRequired\":true,\"valueName\":\"search_term_string\"}}],\"inLanguage\":\"es\"},{\"@type\":\"Person\",\"@id\":\"https:\/\/newsvirali.it\/fr\/#\/schema\/person\/4c835f7b49c9adb58b33901ee816565d\",\"name\":\"Cecco Prestina\",\"description\":\"Perch\u00e9 nasconderlo? Cecco Prestina \u00e8 un alias, ma dietro di lui non si cela un algoritmo di intelligenza artificiale. C'\u00e8 un giornalista che ha oltre vent'anni di esperienza tutta sul web. Da quando il primo modem ha iniziato a gracchiare sul territorio italiano con Video on Line, Cecco ha capito che da quel doppino sarebbe passato il futuro. Ha dedidicato tutta la sua carriera a capire Internet e poi i social e ora l'Ai. Una carriera in costante aggiornamento. E questa esperienza la mette in campo ogni giorno. Per\u00f2 ogni tanto Cecco ha voglia anche di non scrivere \\\"pipponi\\\" sulla politica, sull'economia. Ha voglia anche di scrivere qualcosa di divertente. Le notizie che trovate su Bake News sono le stesse che Cecco porta all'aperitivo con gli amici. Quelle di cui discutere per farsi due risate. Notizie, vere (qualche volta si fa fatica a crederlo), strane, divertenti, ma anche serie. Bake News \u00e8 nato per questo, dare al pubblico notizie croccanti e calde come il pane che esce dal forno. E Cecco Prestina \u00e8 nato con Bake News.\",\"url\":\"https:\/\/newsvirali.it\/es\/autore\/cecco-prestina\/\"}]}<\/script>\n<!-- \/ Yoast SEO Premium plugin. -->","yoast_head_json":{"title":"Poliziotto d\u00e0 calci in faccia a sospetto, video del brutale arresto sui social","description":"Un poliziotto ha preso a calci in faccia un sospetto, una scena raccapricciante il cui video ha fatto il giro del web.","robots":{"index":"index","follow":"follow","max-snippet":"max-snippet:-1","max-image-preview":"max-image-preview:large","max-video-preview":"max-video-preview:-1"},"canonical":"https:\/\/newsvirali.it\/es\/2024\/07\/25\/policia-patea-la-cara-del-sospechoso-brutal-video-arresto-social\/","og_locale":"es_ES","og_type":"article","og_title":"Poliziotto d\u00e0 calci in faccia a sospetto, video del brutale arresto sui social","og_description":"Un poliziotto ha preso a calci in faccia un sospetto, una scena raccapricciante il cui video ha fatto il giro del web.","og_url":"https:\/\/newsvirali.it\/es\/2024\/07\/25\/policia-patea-la-cara-del-sospechoso-brutal-video-arresto-social\/","og_site_name":"News virali","article_published_time":"2024-07-25T06:20:43+00:00","article_modified_time":"2024-07-25T08:11:54+00:00","og_image":[{"width":600,"height":400,"url":"https:\/\/newsvirali.it\/wp-content\/uploads\/2024\/07\/Poliziotto-da-calci-in-faccia-a-sospetto-video-del-brutale-arresto-sui-social-0bis.jpg","type":"image\/jpeg"}],"author":"Cecco Prestina","twitter_card":"summary_large_image","twitter_misc":{"Escrito por":"Cecco Prestina","Tiempo de lectura":"6 minutos"},"schema":{"@context":"https:\/\/schema.org","@graph":[{"@type":"NewsArticle","@id":"https:\/\/newsvirali.it\/es\/2024\/07\/25\/policia-patea-la-cara-del-sospechoso-brutal-video-arresto-social\/#article","isPartOf":{"@id":"https:\/\/newsvirali.it\/es\/2024\/07\/25\/policia-patea-la-cara-del-sospechoso-brutal-video-arresto-social\/"},"author":{"name":"Cecco Prestina","@id":"https:\/\/newsvirali.it\/fr\/#\/schema\/person\/4c835f7b49c9adb58b33901ee816565d"},"headline":"Poliziotto d\u00e0 calci in faccia a sospetto, video del brutale arresto sui social","datePublished":"2024-07-25T06:20:43+00:00","dateModified":"2024-07-25T08:11:54+00:00","mainEntityOfPage":{"@id":"https:\/\/newsvirali.it\/es\/2024\/07\/25\/policia-patea-la-cara-del-sospechoso-brutal-video-arresto-social\/"},"wordCount":1075,"commentCount":0,"image":{"@id":"https:\/\/newsvirali.it\/es\/2024\/07\/25\/policia-patea-la-cara-del-sospechoso-brutal-video-arresto-social\/#primaryimage"},"thumbnailUrl":"https:\/\/newsvirali.it\/wp-content\/uploads\/2024\/07\/Poliziotto-da-calci-in-faccia-a-sospetto-video-del-brutale-arresto-sui-social-0bis.jpg","articleSection":["Mondo"],"inLanguage":"es","potentialAction":[{"@type":"CommentAction","name":"Comment","target":["https:\/\/newsvirali.it\/es\/2024\/07\/25\/policia-patea-la-cara-del-sospechoso-brutal-video-arresto-social\/#respond"]}],"copyrightYear":"2024","copyrightHolder":{"@id":"https:\/\/newsvirali.it\/es\/#organization"}},{"@type":"WebPage","@id":"https:\/\/newsvirali.it\/es\/2024\/07\/25\/policia-patea-la-cara-del-sospechoso-brutal-video-arresto-social\/","url":"https:\/\/newsvirali.it\/es\/2024\/07\/25\/policia-patea-la-cara-del-sospechoso-brutal-video-arresto-social\/","name":"Poliziotto d\u00e0 calci in faccia a sospetto, video del brutale arresto sui social","isPartOf":{"@id":"https:\/\/newsvirali.it\/fr\/#website"},"primaryImageOfPage":{"@id":"https:\/\/newsvirali.it\/es\/2024\/07\/25\/policia-patea-la-cara-del-sospechoso-brutal-video-arresto-social\/#primaryimage"},"image":{"@id":"https:\/\/newsvirali.it\/es\/2024\/07\/25\/policia-patea-la-cara-del-sospechoso-brutal-video-arresto-social\/#primaryimage"},"thumbnailUrl":"https:\/\/newsvirali.it\/wp-content\/uploads\/2024\/07\/Poliziotto-da-calci-in-faccia-a-sospetto-video-del-brutale-arresto-sui-social-0bis.jpg","datePublished":"2024-07-25T06:20:43+00:00","dateModified":"2024-07-25T08:11:54+00:00","author":{"@id":"https:\/\/newsvirali.it\/fr\/#\/schema\/person\/4c835f7b49c9adb58b33901ee816565d"},"description":"Un poliziotto ha preso a calci in faccia un sospetto, una scena raccapricciante il cui video ha fatto il giro del web.","breadcrumb":{"@id":"https:\/\/newsvirali.it\/es\/2024\/07\/25\/policia-patea-la-cara-del-sospechoso-brutal-video-arresto-social\/#breadcrumb"},"inLanguage":"es","potentialAction":[{"@type":"ReadAction","target":["https:\/\/newsvirali.it\/es\/2024\/07\/25\/policia-patea-la-cara-del-sospechoso-brutal-video-arresto-social\/"]}]},{"@type":"ImageObject","inLanguage":"es","@id":"https:\/\/newsvirali.it\/es\/2024\/07\/25\/policia-patea-la-cara-del-sospechoso-brutal-video-arresto-social\/#primaryimage","url":"https:\/\/newsvirali.it\/wp-content\/uploads\/2024\/07\/Poliziotto-da-calci-in-faccia-a-sospetto-video-del-brutale-arresto-sui-social-0bis.jpg","contentUrl":"https:\/\/newsvirali.it\/wp-content\/uploads\/2024\/07\/Poliziotto-da-calci-in-faccia-a-sospetto-video-del-brutale-arresto-sui-social-0bis.jpg","width":600,"height":400},{"@type":"BreadcrumbList","@id":"https:\/\/newsvirali.it\/es\/2024\/07\/25\/policia-patea-la-cara-del-sospechoso-brutal-video-arresto-social\/#breadcrumb","itemListElement":[{"@type":"ListItem","position":1,"name":"Home","item":"https:\/\/newsvirali.it\/fr\/"},{"@type":"ListItem","position":2,"name":"Poliziotto d\u00e0 calci in faccia a sospetto, video del brutale arresto sui social"}]},{"@type":"WebSite","@id":"https:\/\/newsvirali.it\/fr\/#website","url":"https:\/\/newsvirali.it\/fr\/","name":"Bake News","description":"","potentialAction":[{"@type":"SearchAction","target":{"@type":"EntryPoint","urlTemplate":"https:\/\/newsvirali.it\/fr\/?s={search_term_string}"},"query-input":{"@type":"PropertyValueSpecification","valueRequired":true,"valueName":"search_term_string"}}],"inLanguage":"es"},{"@type":"Person","@id":"https:\/\/newsvirali.it\/fr\/#\/schema\/person\/4c835f7b49c9adb58b33901ee816565d","name":"Cecco Prestina","description":"Perch\u00e9 nasconderlo? Cecco Prestina \u00e8 un alias, ma dietro di lui non si cela un algoritmo di intelligenza artificiale. C'\u00e8 un giornalista che ha oltre vent'anni di esperienza tutta sul web. Da quando il primo modem ha iniziato a gracchiare sul territorio italiano con Video on Line, Cecco ha capito che da quel doppino sarebbe passato il futuro. Ha dedidicato tutta la sua carriera a capire Internet e poi i social e ora l'Ai. Una carriera in costante aggiornamento. E questa esperienza la mette in campo ogni giorno. Per\u00f2 ogni tanto Cecco ha voglia anche di non scrivere \"pipponi\" sulla politica, sull'economia. Ha voglia anche di scrivere qualcosa di divertente. Le notizie che trovate su Bake News sono le stesse che Cecco porta all'aperitivo con gli amici. Quelle di cui discutere per farsi due risate. Notizie, vere (qualche volta si fa fatica a crederlo), strane, divertenti, ma anche serie. Bake News \u00e8 nato per questo, dare al pubblico notizie croccanti e calde come il pane che esce dal forno. E Cecco Prestina \u00e8 nato con Bake News.","url":"https:\/\/newsvirali.it\/es\/autore\/cecco-prestina\/"}]}},"_links":{"self":[{"href":"https:\/\/newsvirali.it\/es\/wp-json\/wp\/v2\/posts\/37397","targetHints":{"allow":["GET"]}}],"collection":[{"href":"https:\/\/newsvirali.it\/es\/wp-json\/wp\/v2\/posts"}],"about":[{"href":"https:\/\/newsvirali.it\/es\/wp-json\/wp\/v2\/types\/post"}],"author":[{"embeddable":true,"href":"https:\/\/newsvirali.it\/es\/wp-json\/wp\/v2\/users\/4"}],"replies":[{"embeddable":true,"href":"https:\/\/newsvirali.it\/es\/wp-json\/wp\/v2\/comments?post=37397"}],"version-history":[{"count":9,"href":"https:\/\/newsvirali.it\/es\/wp-json\/wp\/v2\/posts\/37397\/revisions"}],"predecessor-version":[{"id":37472,"href":"https:\/\/newsvirali.it\/es\/wp-json\/wp\/v2\/posts\/37397\/revisions\/37472"}],"wp:featuredmedia":[{"embeddable":true,"href":"https:\/\/newsvirali.it\/es\/wp-json\/wp\/v2\/media\/37470"}],"wp:attachment":[{"href":"https:\/\/newsvirali.it\/es\/wp-json\/wp\/v2\/media?parent=37397"}],"wp:term":[{"taxonomy":"category","embeddable":true,"href":"https:\/\/newsvirali.it\/es\/wp-json\/wp\/v2\/categories?post=37397"},{"taxonomy":"post_tag","embeddable":true,"href":"https:\/\/newsvirali.it\/es\/wp-json\/wp\/v2\/tags?post=37397"}],"curies":[{"name":"wp","href":"https:\/\/api.w.org\/{rel}","templated":true}]}}