{"id":3550,"date":"2023-08-16T09:37:19","date_gmt":"2023-08-16T07:37:19","guid":{"rendered":"https:\/\/www.bakenews.it\/?p=3550"},"modified":"2023-08-16T09:37:20","modified_gmt":"2023-08-16T07:37:20","slug":"atleta-senza-braccia-premiato-orologio-replica","status":"publish","type":"post","link":"https:\/\/newsvirali.it\/es\/2023\/08\/16\/replica-de-reloj-premiado-de-atleta-sin-brazos\/","title":{"rendered":"Atleta sin brazos premiado con un reloj: la r\u00e9plica merece un aplauso"},"content":{"rendered":"<p>Ricardo Ten, destacado campe\u00f3n del ciclismo paral\u00edmpico, impresion\u00f3 a todos en el Campeonato Mundial de Glasgow al ganar 4 medallas de oro. Pero sus haza\u00f1as dentro y fuera de las pistas han atra\u00eddo a\u00fan m\u00e1s reconocimiento. Su extraordinaria respuesta a la controversia creada despu\u00e9s de que le entregaran un reloj de pulsera al final de su competici\u00f3n scratch C1 demostr\u00f3 que es mucho m\u00e1s que un simple atleta.<\/p>\n\n\n\n<hr class=\"wp-block-separator has-alpha-channel-opacity\"\/>\n\n\n\n<p><strong>LEER TAMBI\u00c9N<\/strong><\/p>\n\n\n\n<ul class=\"wp-block-list\">\n<li><a href=\"https:\/\/www.bakenews.it\/joe-biden-gaffe-trucchi-del-suo-staff\/\">Joe Biden entre deslices y meteduras de pata: aqu\u00ed est\u00e1n los trucos de su personal<\/a><\/li>\n\n\n\n<li><a href=\"https:\/\/www.bakenews.it\/gaffe-di-kate-middleton-a-wimbledon-durante-la-diretta-tv\/\">El error de Kate Middleton en Wimbledon durante la televisi\u00f3n en vivo<\/a><\/li>\n\n\n\n<li><a href=\"https:\/\/www.bakenews.it\/joe-biden-allunga-mano-giornalista-in-diretta-tv-il-siparietto-e-virale\/\">Joe Biden le tiende la mano a un periodista en directo por televisi\u00f3n: la escena se vuelve viral<\/a><\/li>\n<\/ul>\n\n\n\n<hr class=\"wp-block-separator has-alpha-channel-opacity\"\/>\n\n\n\n<p>Ten enfrent\u00f3 un tr\u00e1gico accidente cuando era ni\u00f1o en el que perdi\u00f3 una pierna y ambos brazos hasta el codo (un shock que puso en peligro su vida). Pero esto no le impidi\u00f3 representar los colores de Espa\u00f1a en una de las ediciones de los Juegos Paral\u00edmpicos. Cuando se hizo viral el v\u00eddeo de la entrega de premios, en el que Ten recib\u00eda un reloj de pulsera, surgieron numerosas cr\u00edticas por supuesta falta de oportunidad por parte de la organizaci\u00f3n del Mundial.<\/p>\n\n\n\n<h2 class=\"wp-block-heading\">La respuesta que se vuelve a\u00fan m\u00e1s viral<\/h2>\n\n\n\n<p>Pero el propio Diez, armado de iron\u00eda e inteligencia, quiso dar su opini\u00f3n interviniendo <a href=\"https:\/\/www.instagram.com\/pancraten\/\" target=\"_blank\" rel=\"noreferrer noopener\">directamente en las redes sociales<\/a>, agradeci\u00e9ndole el premio y afirmando su apoyo a un mundo de inclusi\u00f3n. En el v\u00eddeo se pregunta: \u201c\u00bfQu\u00e9 hora es?\u201d y \u00e9l responde \u201ces tiempo de campeones\u201d, mostrando el premio que recibi\u00f3. Esta respuesta nos muestra un lado fr\u00e1gil pero a la vez decidido de Miguel \u00c1ngel Diez, quien a pesar de la tragedia de su accidente, logr\u00f3 vencer los numerosos desaf\u00edos que se le presentaron, convirti\u00e9ndose en un verdadero campe\u00f3n. Un ejemplo ineludible de admirable fuerza, suerte y esp\u00edritu deportivo con el que consigui\u00f3 un aut\u00e9ntico acumulado de victorias en Glasgow.<\/p>\n<br \/>S\u00edguenos tambi\u00e9n en Google News: <b><a href=\"https:\/\/news.google.com\/publications\/CAAqBwgKMNqJiwswjMfqAg?hl=it&gl=IT&ceid=IT:it\" target=\"_blank\">haga clic aqu\u00ed<\/a><\/b>","protected":false},"excerpt":{"rendered":"<p>Ricardo Ten, destacado campe\u00f3n del ciclismo paral\u00edmpico, impresion\u00f3 a todos en el Campeonato Mundial de Glasgow al ganar 4 medallas de oro. Pero [\u2026]<\/p>","protected":false},"author":4,"featured_media":3551,"comment_status":"open","ping_status":"open","sticky":false,"template":"","format":"standard","meta":{"MSN_Categories":"Uncategorized","MSN_Publish_Option":false,"MSN_Is_Local_News":false,"MSN_Is_AIAC_Included":"Empty","MSN_Location":"[]","MSN_Add_Feature_Img_On_Top_Of_Post":false,"MSN_Has_Custom_Author":false,"MSN_Custom_Author":"","MSN_Has_Custom_Canonical_Url":false,"MSN_Custom_Canonical_Url":"","footnotes":""},"categories":[8],"tags":[],"class_list":["post-3550","post","type-post","status-publish","format-standard","has-post-thumbnail","hentry","category-sport"],"acf":[],"yoast_head":"<!-- This site is optimized with the Yoast SEO Premium plugin v26.7 (Yoast SEO v26.7) - https:\/\/yoast.com\/wordpress\/plugins\/seo\/ -->\n<title>Atleta senza braccia premiato con un orologio: la replica \u00e8 da applausi<\/title>\n<meta name=\"description\" content=\"L&#039;atleta paralimpico Ricardo Ten dopo la vittoriosa gara ai mondiali riceve un premio discutibile. Ma lui la reagisce con ironia.\" \/>\n<meta name=\"robots\" content=\"index, follow, max-snippet:-1, max-image-preview:large, max-video-preview:-1\" \/>\n<link rel=\"canonical\" href=\"https:\/\/newsvirali.it\/es\/2023\/08\/16\/replica-de-reloj-premiado-de-atleta-sin-brazos\/\" \/>\n<meta property=\"og:locale\" content=\"es_ES\" \/>\n<meta property=\"og:type\" content=\"article\" \/>\n<meta property=\"og:title\" content=\"Atleta senza braccia premiato con un orologio: la replica \u00e8 da applausi\" \/>\n<meta property=\"og:description\" content=\"L&#039;atleta paralimpico Ricardo Ten dopo la vittoriosa gara ai mondiali riceve un premio discutibile. Ma lui la reagisce con ironia.\" \/>\n<meta property=\"og:url\" content=\"https:\/\/newsvirali.it\/es\/2023\/08\/16\/replica-de-reloj-premiado-de-atleta-sin-brazos\/\" \/>\n<meta property=\"og:site_name\" content=\"News virali\" \/>\n<meta property=\"article:published_time\" content=\"2023-08-16T07:37:19+00:00\" \/>\n<meta property=\"article:modified_time\" content=\"2023-08-16T07:37:20+00:00\" \/>\n<meta property=\"og:image\" content=\"https:\/\/newsvirali.it\/wp-content\/uploads\/2023\/08\/Collage-Maker-16-Aug-2023-09-26-AM-7598-scaled.jpg\" \/>\n\t<meta property=\"og:image:width\" content=\"2560\" \/>\n\t<meta property=\"og:image:height\" content=\"1280\" \/>\n\t<meta property=\"og:image:type\" content=\"image\/jpeg\" \/>\n<meta name=\"author\" content=\"Cecco Prestina\" \/>\n<meta name=\"twitter:card\" content=\"summary_large_image\" \/>\n<meta name=\"twitter:label1\" content=\"Escrito por\" \/>\n\t<meta name=\"twitter:data1\" content=\"Cecco Prestina\" \/>\n\t<meta name=\"twitter:label2\" content=\"Tiempo de lectura\" \/>\n\t<meta name=\"twitter:data2\" content=\"2 minutos\" \/>\n<script type=\"application\/ld+json\" class=\"yoast-schema-graph\">{\"@context\":\"https:\/\/schema.org\",\"@graph\":[{\"@type\":\"NewsArticle\",\"@id\":\"https:\/\/newsvirali.it\/2023\/08\/16\/atleta-senza-braccia-premiato-orologio-replica\/#article\",\"isPartOf\":{\"@id\":\"https:\/\/newsvirali.it\/2023\/08\/16\/atleta-senza-braccia-premiato-orologio-replica\/\"},\"author\":{\"name\":\"Cecco Prestina\",\"@id\":\"https:\/\/newsvirali.it\/fr\/#\/schema\/person\/4c835f7b49c9adb58b33901ee816565d\"},\"headline\":\"Atleta senza braccia premiato con un orologio: la replica \u00e8 da applausi\",\"datePublished\":\"2023-08-16T07:37:19+00:00\",\"dateModified\":\"2023-08-16T07:37:20+00:00\",\"mainEntityOfPage\":{\"@id\":\"https:\/\/newsvirali.it\/2023\/08\/16\/atleta-senza-braccia-premiato-orologio-replica\/\"},\"wordCount\":318,\"commentCount\":0,\"image\":{\"@id\":\"https:\/\/newsvirali.it\/2023\/08\/16\/atleta-senza-braccia-premiato-orologio-replica\/#primaryimage\"},\"thumbnailUrl\":\"https:\/\/newsvirali.it\/wp-content\/uploads\/2023\/08\/Collage-Maker-16-Aug-2023-09-26-AM-7598-scaled.jpg\",\"articleSection\":[\"Sport\"],\"inLanguage\":\"es\",\"potentialAction\":[{\"@type\":\"CommentAction\",\"name\":\"Comment\",\"target\":[\"https:\/\/newsvirali.it\/2023\/08\/16\/atleta-senza-braccia-premiato-orologio-replica\/#respond\"]}],\"copyrightYear\":\"2023\",\"copyrightHolder\":{\"@id\":\"https:\/\/newsvirali.it\/es\/#organization\"}},{\"@type\":\"WebPage\",\"@id\":\"https:\/\/newsvirali.it\/2023\/08\/16\/atleta-senza-braccia-premiato-orologio-replica\/\",\"url\":\"https:\/\/newsvirali.it\/2023\/08\/16\/atleta-senza-braccia-premiato-orologio-replica\/\",\"name\":\"Atleta senza braccia premiato con un orologio: la replica \u00e8 da applausi\",\"isPartOf\":{\"@id\":\"https:\/\/newsvirali.it\/fr\/#website\"},\"primaryImageOfPage\":{\"@id\":\"https:\/\/newsvirali.it\/2023\/08\/16\/atleta-senza-braccia-premiato-orologio-replica\/#primaryimage\"},\"image\":{\"@id\":\"https:\/\/newsvirali.it\/2023\/08\/16\/atleta-senza-braccia-premiato-orologio-replica\/#primaryimage\"},\"thumbnailUrl\":\"https:\/\/newsvirali.it\/wp-content\/uploads\/2023\/08\/Collage-Maker-16-Aug-2023-09-26-AM-7598-scaled.jpg\",\"datePublished\":\"2023-08-16T07:37:19+00:00\",\"dateModified\":\"2023-08-16T07:37:20+00:00\",\"author\":{\"@id\":\"https:\/\/newsvirali.it\/fr\/#\/schema\/person\/4c835f7b49c9adb58b33901ee816565d\"},\"description\":\"L'atleta paralimpico Ricardo Ten dopo la vittoriosa gara ai mondiali riceve un premio discutibile. Ma lui la reagisce con ironia.\",\"breadcrumb\":{\"@id\":\"https:\/\/newsvirali.it\/2023\/08\/16\/atleta-senza-braccia-premiato-orologio-replica\/#breadcrumb\"},\"inLanguage\":\"es\",\"potentialAction\":[{\"@type\":\"ReadAction\",\"target\":[\"https:\/\/newsvirali.it\/2023\/08\/16\/atleta-senza-braccia-premiato-orologio-replica\/\"]}]},{\"@type\":\"ImageObject\",\"inLanguage\":\"es\",\"@id\":\"https:\/\/newsvirali.it\/2023\/08\/16\/atleta-senza-braccia-premiato-orologio-replica\/#primaryimage\",\"url\":\"https:\/\/newsvirali.it\/wp-content\/uploads\/2023\/08\/Collage-Maker-16-Aug-2023-09-26-AM-7598-scaled.jpg\",\"contentUrl\":\"https:\/\/newsvirali.it\/wp-content\/uploads\/2023\/08\/Collage-Maker-16-Aug-2023-09-26-AM-7598-scaled.jpg\",\"width\":2560,\"height\":1280,\"caption\":\"Atleta senza braccia premiato con un orologio\"},{\"@type\":\"BreadcrumbList\",\"@id\":\"https:\/\/newsvirali.it\/2023\/08\/16\/atleta-senza-braccia-premiato-orologio-replica\/#breadcrumb\",\"itemListElement\":[{\"@type\":\"ListItem\",\"position\":1,\"name\":\"Home\",\"item\":\"https:\/\/newsvirali.it\/fr\/\"},{\"@type\":\"ListItem\",\"position\":2,\"name\":\"Atleta senza braccia premiato con un orologio: la replica \u00e8 da applausi\"}]},{\"@type\":\"WebSite\",\"@id\":\"https:\/\/newsvirali.it\/fr\/#website\",\"url\":\"https:\/\/newsvirali.it\/fr\/\",\"name\":\"Bake News\",\"description\":\"\",\"potentialAction\":[{\"@type\":\"SearchAction\",\"target\":{\"@type\":\"EntryPoint\",\"urlTemplate\":\"https:\/\/newsvirali.it\/fr\/?s={search_term_string}\"},\"query-input\":{\"@type\":\"PropertyValueSpecification\",\"valueRequired\":true,\"valueName\":\"search_term_string\"}}],\"inLanguage\":\"es\"},{\"@type\":\"Person\",\"@id\":\"https:\/\/newsvirali.it\/fr\/#\/schema\/person\/4c835f7b49c9adb58b33901ee816565d\",\"name\":\"Cecco Prestina\",\"description\":\"Perch\u00e9 nasconderlo? Cecco Prestina \u00e8 un alias, ma dietro di lui non si cela un algoritmo di intelligenza artificiale. C'\u00e8 un giornalista che ha oltre vent'anni di esperienza tutta sul web. Da quando il primo modem ha iniziato a gracchiare sul territorio italiano con Video on Line, Cecco ha capito che da quel doppino sarebbe passato il futuro. Ha dedidicato tutta la sua carriera a capire Internet e poi i social e ora l'Ai. Una carriera in costante aggiornamento. E questa esperienza la mette in campo ogni giorno. Per\u00f2 ogni tanto Cecco ha voglia anche di non scrivere \\\"pipponi\\\" sulla politica, sull'economia. Ha voglia anche di scrivere qualcosa di divertente. Le notizie che trovate su Bake News sono le stesse che Cecco porta all'aperitivo con gli amici. Quelle di cui discutere per farsi due risate. Notizie, vere (qualche volta si fa fatica a crederlo), strane, divertenti, ma anche serie. Bake News \u00e8 nato per questo, dare al pubblico notizie croccanti e calde come il pane che esce dal forno. E Cecco Prestina \u00e8 nato con Bake News.\",\"url\":\"https:\/\/newsvirali.it\/es\/autore\/cecco-prestina\/\"}]}<\/script>\n<!-- \/ Yoast SEO Premium plugin. -->","yoast_head_json":{"title":"Atleta senza braccia premiato con un orologio: la replica \u00e8 da applausi","description":"L'atleta paralimpico Ricardo Ten dopo la vittoriosa gara ai mondiali riceve un premio discutibile. Ma lui la reagisce con ironia.","robots":{"index":"index","follow":"follow","max-snippet":"max-snippet:-1","max-image-preview":"max-image-preview:large","max-video-preview":"max-video-preview:-1"},"canonical":"https:\/\/newsvirali.it\/es\/2023\/08\/16\/replica-de-reloj-premiado-de-atleta-sin-brazos\/","og_locale":"es_ES","og_type":"article","og_title":"Atleta senza braccia premiato con un orologio: la replica \u00e8 da applausi","og_description":"L'atleta paralimpico Ricardo Ten dopo la vittoriosa gara ai mondiali riceve un premio discutibile. Ma lui la reagisce con ironia.","og_url":"https:\/\/newsvirali.it\/es\/2023\/08\/16\/replica-de-reloj-premiado-de-atleta-sin-brazos\/","og_site_name":"News virali","article_published_time":"2023-08-16T07:37:19+00:00","article_modified_time":"2023-08-16T07:37:20+00:00","og_image":[{"width":2560,"height":1280,"url":"https:\/\/newsvirali.it\/wp-content\/uploads\/2023\/08\/Collage-Maker-16-Aug-2023-09-26-AM-7598-scaled.jpg","type":"image\/jpeg"}],"author":"Cecco Prestina","twitter_card":"summary_large_image","twitter_misc":{"Escrito por":"Cecco Prestina","Tiempo de lectura":"2 minutos"},"schema":{"@context":"https:\/\/schema.org","@graph":[{"@type":"NewsArticle","@id":"https:\/\/newsvirali.it\/2023\/08\/16\/atleta-senza-braccia-premiato-orologio-replica\/#article","isPartOf":{"@id":"https:\/\/newsvirali.it\/2023\/08\/16\/atleta-senza-braccia-premiato-orologio-replica\/"},"author":{"name":"Cecco Prestina","@id":"https:\/\/newsvirali.it\/fr\/#\/schema\/person\/4c835f7b49c9adb58b33901ee816565d"},"headline":"Atleta senza braccia premiato con un orologio: la replica \u00e8 da applausi","datePublished":"2023-08-16T07:37:19+00:00","dateModified":"2023-08-16T07:37:20+00:00","mainEntityOfPage":{"@id":"https:\/\/newsvirali.it\/2023\/08\/16\/atleta-senza-braccia-premiato-orologio-replica\/"},"wordCount":318,"commentCount":0,"image":{"@id":"https:\/\/newsvirali.it\/2023\/08\/16\/atleta-senza-braccia-premiato-orologio-replica\/#primaryimage"},"thumbnailUrl":"https:\/\/newsvirali.it\/wp-content\/uploads\/2023\/08\/Collage-Maker-16-Aug-2023-09-26-AM-7598-scaled.jpg","articleSection":["Sport"],"inLanguage":"es","potentialAction":[{"@type":"CommentAction","name":"Comment","target":["https:\/\/newsvirali.it\/2023\/08\/16\/atleta-senza-braccia-premiato-orologio-replica\/#respond"]}],"copyrightYear":"2023","copyrightHolder":{"@id":"https:\/\/newsvirali.it\/es\/#organization"}},{"@type":"WebPage","@id":"https:\/\/newsvirali.it\/2023\/08\/16\/atleta-senza-braccia-premiato-orologio-replica\/","url":"https:\/\/newsvirali.it\/2023\/08\/16\/atleta-senza-braccia-premiato-orologio-replica\/","name":"Atleta senza braccia premiato con un orologio: la replica \u00e8 da applausi","isPartOf":{"@id":"https:\/\/newsvirali.it\/fr\/#website"},"primaryImageOfPage":{"@id":"https:\/\/newsvirali.it\/2023\/08\/16\/atleta-senza-braccia-premiato-orologio-replica\/#primaryimage"},"image":{"@id":"https:\/\/newsvirali.it\/2023\/08\/16\/atleta-senza-braccia-premiato-orologio-replica\/#primaryimage"},"thumbnailUrl":"https:\/\/newsvirali.it\/wp-content\/uploads\/2023\/08\/Collage-Maker-16-Aug-2023-09-26-AM-7598-scaled.jpg","datePublished":"2023-08-16T07:37:19+00:00","dateModified":"2023-08-16T07:37:20+00:00","author":{"@id":"https:\/\/newsvirali.it\/fr\/#\/schema\/person\/4c835f7b49c9adb58b33901ee816565d"},"description":"L'atleta paralimpico Ricardo Ten dopo la vittoriosa gara ai mondiali riceve un premio discutibile. Ma lui la reagisce con ironia.","breadcrumb":{"@id":"https:\/\/newsvirali.it\/2023\/08\/16\/atleta-senza-braccia-premiato-orologio-replica\/#breadcrumb"},"inLanguage":"es","potentialAction":[{"@type":"ReadAction","target":["https:\/\/newsvirali.it\/2023\/08\/16\/atleta-senza-braccia-premiato-orologio-replica\/"]}]},{"@type":"ImageObject","inLanguage":"es","@id":"https:\/\/newsvirali.it\/2023\/08\/16\/atleta-senza-braccia-premiato-orologio-replica\/#primaryimage","url":"https:\/\/newsvirali.it\/wp-content\/uploads\/2023\/08\/Collage-Maker-16-Aug-2023-09-26-AM-7598-scaled.jpg","contentUrl":"https:\/\/newsvirali.it\/wp-content\/uploads\/2023\/08\/Collage-Maker-16-Aug-2023-09-26-AM-7598-scaled.jpg","width":2560,"height":1280,"caption":"Atleta senza braccia premiato con un orologio"},{"@type":"BreadcrumbList","@id":"https:\/\/newsvirali.it\/2023\/08\/16\/atleta-senza-braccia-premiato-orologio-replica\/#breadcrumb","itemListElement":[{"@type":"ListItem","position":1,"name":"Home","item":"https:\/\/newsvirali.it\/fr\/"},{"@type":"ListItem","position":2,"name":"Atleta senza braccia premiato con un orologio: la replica \u00e8 da applausi"}]},{"@type":"WebSite","@id":"https:\/\/newsvirali.it\/fr\/#website","url":"https:\/\/newsvirali.it\/fr\/","name":"Bake News","description":"","potentialAction":[{"@type":"SearchAction","target":{"@type":"EntryPoint","urlTemplate":"https:\/\/newsvirali.it\/fr\/?s={search_term_string}"},"query-input":{"@type":"PropertyValueSpecification","valueRequired":true,"valueName":"search_term_string"}}],"inLanguage":"es"},{"@type":"Person","@id":"https:\/\/newsvirali.it\/fr\/#\/schema\/person\/4c835f7b49c9adb58b33901ee816565d","name":"Cecco Prestina","description":"Perch\u00e9 nasconderlo? Cecco Prestina \u00e8 un alias, ma dietro di lui non si cela un algoritmo di intelligenza artificiale. C'\u00e8 un giornalista che ha oltre vent'anni di esperienza tutta sul web. Da quando il primo modem ha iniziato a gracchiare sul territorio italiano con Video on Line, Cecco ha capito che da quel doppino sarebbe passato il futuro. Ha dedidicato tutta la sua carriera a capire Internet e poi i social e ora l'Ai. Una carriera in costante aggiornamento. E questa esperienza la mette in campo ogni giorno. Per\u00f2 ogni tanto Cecco ha voglia anche di non scrivere \"pipponi\" sulla politica, sull'economia. Ha voglia anche di scrivere qualcosa di divertente. Le notizie che trovate su Bake News sono le stesse che Cecco porta all'aperitivo con gli amici. Quelle di cui discutere per farsi due risate. Notizie, vere (qualche volta si fa fatica a crederlo), strane, divertenti, ma anche serie. Bake News \u00e8 nato per questo, dare al pubblico notizie croccanti e calde come il pane che esce dal forno. E Cecco Prestina \u00e8 nato con Bake News.","url":"https:\/\/newsvirali.it\/es\/autore\/cecco-prestina\/"}]}},"_links":{"self":[{"href":"https:\/\/newsvirali.it\/es\/wp-json\/wp\/v2\/posts\/3550","targetHints":{"allow":["GET"]}}],"collection":[{"href":"https:\/\/newsvirali.it\/es\/wp-json\/wp\/v2\/posts"}],"about":[{"href":"https:\/\/newsvirali.it\/es\/wp-json\/wp\/v2\/types\/post"}],"author":[{"embeddable":true,"href":"https:\/\/newsvirali.it\/es\/wp-json\/wp\/v2\/users\/4"}],"replies":[{"embeddable":true,"href":"https:\/\/newsvirali.it\/es\/wp-json\/wp\/v2\/comments?post=3550"}],"version-history":[{"count":5,"href":"https:\/\/newsvirali.it\/es\/wp-json\/wp\/v2\/posts\/3550\/revisions"}],"predecessor-version":[{"id":3581,"href":"https:\/\/newsvirali.it\/es\/wp-json\/wp\/v2\/posts\/3550\/revisions\/3581"}],"wp:featuredmedia":[{"embeddable":true,"href":"https:\/\/newsvirali.it\/es\/wp-json\/wp\/v2\/media\/3551"}],"wp:attachment":[{"href":"https:\/\/newsvirali.it\/es\/wp-json\/wp\/v2\/media?parent=3550"}],"wp:term":[{"taxonomy":"category","embeddable":true,"href":"https:\/\/newsvirali.it\/es\/wp-json\/wp\/v2\/categories?post=3550"},{"taxonomy":"post_tag","embeddable":true,"href":"https:\/\/newsvirali.it\/es\/wp-json\/wp\/v2\/tags?post=3550"}],"curies":[{"name":"wp","href":"https:\/\/api.w.org\/{rel}","templated":true}]}}