{"id":33883,"date":"2024-06-25T17:57:43","date_gmt":"2024-06-25T15:57:43","guid":{"rendered":"https:\/\/www.bakenews.it\/?p=33883"},"modified":"2024-06-25T17:57:44","modified_gmt":"2024-06-25T15:57:44","slug":"morto-kevin-alano-alto-mondo-world-guinness","status":"publish","type":"post","link":"https:\/\/newsvirali.it\/es\/2024\/06\/25\/kevin-gran-danes-alto-mundo-mundo-guinness-muerto\/","title":{"rendered":"Ha muerto Kevin, el gran dan\u00e9s m\u00e1s alto del mundo: hace s\u00f3lo tres meses fue coronado por el Guinness Mundial"},"content":{"rendered":"<p>Kevin, el gran dan\u00e9s de Iowa que bati\u00f3 r\u00e9cords y que hace tres meses Guinness World Records nombr\u00f3 el perro m\u00e1s alto del mundo, ha muerto. Kevin, un gran dan\u00e9s de tres a\u00f1os de West Des Moines que med\u00eda 7 pies de altura cuando se paraba sobre sus patas traseras, muri\u00f3 a principios de esta semana despu\u00e9s de enfermarse repentinamente. Tracy Wolfe, la due\u00f1a del perro, fue una de las primeras en dar la noticia.<\/p>\n\n\n\n<p><strong>ART\u00cdCULOS M\u00c1S LE\u00cdDOS<\/strong><\/p>\n\n\n<p>[koko_analytics_most_viewed_posts number=5 d\u00edas=8 tipo_de_publicaci\u00f3n=\u201dpublicaci\u00f3n\u201d fecha_de_presentaci\u00f3n=\u201dfalso\u201d]<\/p>\n\n\n\n<h2 class=\"wp-block-heading\" id=\"h-morto-a-tre-anni-il-cane-piu-alto-del-mondo\">El perro m\u00e1s alto del mundo muere a los tres a\u00f1os<\/h2>\n\n\n\n<p>\u201cToda nuestra familia est\u00e1 devastada por Kevin. Era simplemente el mejor chico gigante\u201d, dijo Tracy a Guinness World Records. &quot;Estamos muy contentos de que haya podido batir el r\u00e9cord y tener esa luz sobre \u00e9l&quot;. &quot;Nos entristece profundamente saber que Kevin falleci\u00f3 repentinamente despu\u00e9s de complicaciones de salud inesperadas&quot;, dijo un portavoz de Guinness World Records. Tracy y el equipo de la cl\u00ednica veterinaria donde trabaja hicieron todo lo posible para salvar a Kevin despu\u00e9s de que enfermara.<\/p>\n\n\n\n<p>Los Wolf estaban orgullosos de todo lo que Kevin hab\u00eda logrado antes de su muerte. \u201cOjal\u00e1 estas razas gigantes, y todos los perros, pudieran vivir m\u00e1s que ellos. Nunca hay tiempo suficiente.&quot; La familia Wolfe nombr\u00f3 al gran dan\u00e9s Kevin en honor a una famosa frase cinematogr\u00e1fica. &quot;Cuando lo conseguimos, est\u00e1bamos viendo Solo en casa&quot;, dijo Tracy en un v\u00eddeo de Guinness World Records publicado el 13 de junio.<\/p>\n\n\n\n<h2 class=\"wp-block-heading\" id=\"h-kevin-deve-il-suo-nome-a-mamma-ho-perso-l-aereo\">Kevin obtuvo su nombre de &quot;Solo en casa&quot;<\/h2>\n\n\n\n<p>A\u00f1adi\u00f3 que la familia segu\u00eda gritando la frase de Solo en casa: &quot;Mira lo que hiciste, Kevin&quot;, que finalmente se qued\u00f3. Antes de su muerte, a Kevin le encantaba pasar tiempo con Tracy, junto con su esposo, Roger, y sus hijos, Alexander, de 12 a\u00f1os, y Ava, de 10. Cuando Kevin no estaba jugando, tomaba siestas o, como dijo Tracy, &quot;las manten\u00eda&quot;. en el sof\u00e1&quot;. Tracy describi\u00f3 a Kevin como &quot;divertido&quot; y &quot;demasiado amigable&quot; y dijo que a todos les encantaba verlo hasta que les &quot;azotaban la cola&quot;.<\/p>\n\n\n\n<blockquote class=\"instagram-media\" data-instgrm-captioned data-instgrm-permalink=\"https:\/\/www.instagram.com\/reel\/C8JEZ4IBC3x\/?utm_source=ig_embed&amp;utm_campaign=loading\" data-instgrm-version=\"14\" style=\" background:#FFF; border:0; border-radius:3px; box-shadow:0 0 1px 0 rgba(0,0,0,0.5),0 1px 10px 0 rgba(0,0,0,0.15); margin: 1px; max-width:540px; min-width:326px; padding:0; width:99.375%; width:-webkit-calc(100% - 2px); width:calc(100% - 2px);\"><div style=\"padding:16px;\"> <a href=\"https:\/\/www.instagram.com\/reel\/C8JEZ4IBC3x\/?utm_source=ig_embed&amp;utm_campaign=loading\" style=\" background:#FFFFFF; line-height:0; padding:0 0; text-align:center; text-decoration:none; width:100%;\" target=\"_blank\" rel=\"noopener\"> <div style=\" display: flex; flex-direction: row; align-items: center;\"> <div style=\"background-color: #F4F4F4; border-radius: 50%; flex-grow: 0; height: 40px; margin-right: 14px; width: 40px;\"><\/div> <div style=\"display: flex; flex-direction: column; flex-grow: 1; justify-content: center;\"> <div style=\" background-color: #F4F4F4; border-radius: 4px; flex-grow: 0; height: 14px; margin-bottom: 6px; width: 100px;\"><\/div> <div style=\" background-color: #F4F4F4; border-radius: 4px; flex-grow: 0; height: 14px; width: 60px;\"><\/div><\/div><\/div><div style=\"padding: 19% 0;\"><\/div> <div style=\"display:block; height:50px; margin:0 auto 12px; width:50px;\"><svg width=\"50px\" height=\"50px\" viewbox=\"0 0 60 60\" version=\"1.1\" xmlns=\"https:\/\/www.w3.org\/2000\/svg\" xmlns:xlink=\"https:\/\/www.w3.org\/1999\/xlink\"><g stroke=\"none\" stroke-width=\"1\" fill=\"none\" fill-rule=\"evenodd\"><g transform=\"translate(-511.000000, -20.000000)\" fill=\"#000000\"><g><path d=\"M556.869,30.41 C554.814,30.41 553.148,32.076 553.148,34.131 C553.148,36.186 554.814,37.852 556.869,37.852 C558.924,37.852 560.59,36.186 560.59,34.131 C560.59,32.076 558.924,30.41 556.869,30.41 M541,60.657 C535.114,60.657 530.342,55.887 530.342,50 C530.342,44.114 535.114,39.342 541,39.342 C546.887,39.342 551.658,44.114 551.658,50 C551.658,55.887 546.887,60.657 541,60.657 M541,33.886 C532.1,33.886 524.886,41.1 524.886,50 C524.886,58.899 532.1,66.113 541,66.113 C549.9,66.113 557.115,58.899 557.115,50 C557.115,41.1 549.9,33.886 541,33.886 M565.378,62.101 C565.244,65.022 564.756,66.606 564.346,67.663 C563.803,69.06 563.154,70.057 562.106,71.106 C561.058,72.155 560.06,72.803 558.662,73.347 C557.607,73.757 556.021,74.244 553.102,74.378 C549.944,74.521 548.997,74.552 541,74.552 C533.003,74.552 532.056,74.521 528.898,74.378 C525.979,74.244 524.393,73.757 523.338,73.347 C521.94,72.803 520.942,72.155 519.894,71.106 C518.846,70.057 518.197,69.06 517.654,67.663 C517.244,66.606 516.755,65.022 516.623,62.101 C516.479,58.943 516.448,57.996 516.448,50 C516.448,42.003 516.479,41.056 516.623,37.899 C516.755,34.978 517.244,33.391 517.654,32.338 C518.197,30.938 518.846,29.942 519.894,28.894 C520.942,27.846 521.94,27.196 523.338,26.654 C524.393,26.244 525.979,25.756 528.898,25.623 C532.057,25.479 533.004,25.448 541,25.448 C548.997,25.448 549.943,25.479 553.102,25.623 C556.021,25.756 557.607,26.244 558.662,26.654 C560.06,27.196 561.058,27.846 562.106,28.894 C563.154,29.942 563.803,30.938 564.346,32.338 C564.756,33.391 565.244,34.978 565.378,37.899 C565.522,41.056 565.552,42.003 565.552,50 C565.552,57.996 565.522,58.943 565.378,62.101 M570.82,37.631 C570.674,34.438 570.167,32.258 569.425,30.349 C568.659,28.377 567.633,26.702 565.965,25.035 C564.297,23.368 562.623,22.342 560.652,21.575 C558.743,20.834 556.562,20.326 553.369,20.18 C550.169,20.033 549.148,20 541,20 C532.853,20 531.831,20.033 528.631,20.18 C525.438,20.326 523.257,20.834 521.349,21.575 C519.376,22.342 517.703,23.368 516.035,25.035 C514.368,26.702 513.342,28.377 512.574,30.349 C511.834,32.258 511.326,34.438 511.181,37.631 C511.035,40.831 511,41.851 511,50 C511,58.147 511.035,59.17 511.181,62.369 C511.326,65.562 511.834,67.743 512.574,69.651 C513.342,71.625 514.368,73.296 516.035,74.965 C517.703,76.634 519.376,77.658 521.349,78.425 C523.257,79.167 525.438,79.673 528.631,79.82 C531.831,79.965 532.853,80.001 541,80.001 C549.148,80.001 550.169,79.965 553.369,79.82 C556.562,79.673 558.743,79.167 560.652,78.425 C562.623,77.658 564.297,76.634 565.965,74.965 C567.633,73.296 568.659,71.625 569.425,69.651 C570.167,67.743 570.674,65.562 570.82,62.369 C570.966,59.17 571,58.147 571,50 C571,41.851 570.966,40.831 570.82,37.631\"><\/path><\/g><\/g><\/g><\/svg><\/div><div style=\"padding-top: 8px;\"> <div style=\" color:#3897f0; font-family:Arial,sans-serif; font-size:14px; font-style:normal; font-weight:550; line-height:18px;\">Ver esta publicaci\u00f3n en Instagram<\/div><\/div><div style=\"padding: 12.5% 0;\"><\/div> <div style=\"display: flex; flex-direction: row; margin-bottom: 14px; align-items: center;\"><div> <div style=\"background-color: #F4F4F4; border-radius: 50%; height: 12.5px; width: 12.5px; transform: translateX(0px) translateY(7px);\"><\/div> <div style=\"background-color: #F4F4F4; height: 12.5px; transform: rotate(-45deg) translateX(3px) translateY(1px); width: 12.5px; flex-grow: 0; margin-right: 14px; margin-left: 2px;\"><\/div> <div style=\"background-color: #F4F4F4; border-radius: 50%; height: 12.5px; width: 12.5px; transform: translateX(9px) translateY(-18px);\"><\/div><\/div><div style=\"margin-left: 8px;\"> <div style=\" background-color: #F4F4F4; border-radius: 50%; flex-grow: 0; height: 20px; width: 20px;\"><\/div> <div style=\" width: 0; height: 0; border-top: 2px solid transparent; border-left: 6px solid #f4f4f4; border-bottom: 2px solid transparent; transform: translateX(16px) translateY(-4px) rotate(30deg)\"><\/div><\/div><div style=\"margin-left: auto;\"> <div style=\" width: 0px; border-top: 8px solid #F4F4F4; border-right: 8px solid transparent; transform: translateY(16px);\"><\/div> <div style=\" background-color: #F4F4F4; flex-grow: 0; height: 12px; width: 16px; transform: translateY(-4px);\"><\/div> <div style=\" width: 0; height: 0; border-top: 8px solid #F4F4F4; border-left: 8px solid transparent; transform: translateY(-4px) translateX(8px);\"><\/div><\/div><\/div> <div style=\"display: flex; flex-direction: column; flex-grow: 1; justify-content: center; margin-bottom: 24px;\"> <div style=\" background-color: #F4F4F4; border-radius: 4px; flex-grow: 0; height: 14px; margin-bottom: 6px; width: 224px;\"><\/div> <div style=\" background-color: #F4F4F4; border-radius: 4px; flex-grow: 0; height: 14px; width: 144px;\"><\/div><\/div><\/a><p style=\" color:#c9c8cd; font-family:Arial,sans-serif; font-size:14px; line-height:17px; margin-bottom:0; margin-top:8px; overflow:hidden; padding:8px 0 7px; text-align:center; text-overflow:ellipsis; white-space:nowrap;\"><a href=\"https:\/\/www.instagram.com\/reel\/C8JEZ4IBC3x\/?utm_source=ig_embed&amp;utm_campaign=loading\" style=\" color:#c9c8cd; font-family:Arial,sans-serif; font-size:14px; font-style:normal; font-weight:normal; line-height:17px; text-decoration:none;\" target=\"_blank\" rel=\"noopener\">Una publicaci\u00f3n compartida por Guinness World Records (@guinnessworldrecords)<\/a><\/p><\/div><\/blockquote> <script async src=\"\/\/www.instagram.com\/embed.js\"><\/script>\n\n\n\n\n<h2 class=\"wp-block-heading\" id=\"h-la-passione-di-kevin-per-i-bambini-i-cani-piccoli-e-i-gatti\">La pasi\u00f3n de Kevin por los ni\u00f1os, los perros peque\u00f1os y los gatos.<\/h2>\n\n\n\n<p>El due\u00f1o revel\u00f3 que el mal comportamiento de Kevin generalmente estaba relacionado con la comida, pero que era un &quot;buen chico&quot;. Durante el video, Kevin, que ten\u00eda la altura promedio de un ni\u00f1o de tres a\u00f1os cuando estaba sobre las cuatro patas, era casi tan grande como un caballo en miniatura. \u201cHaga lo que haga, no gana mucho peso. Todav\u00eda sigue muy delgado, pero come de seis a diez tazas de comida al d\u00eda\u201d, dijo Wolfe en el video del 13 de junio. Aunque Kevin superaba a la mayor\u00eda de los animales, todav\u00eda actuaba de manera amigable con los animales m\u00e1s peque\u00f1os, incluidos los gatos.<\/p>\n\n\n\n<p>Tracy revel\u00f3 que Kevin siempre fue amable con los perros peque\u00f1os y ocasionalmente persegu\u00eda gatos por la casa. Agreg\u00f3 que a Kevin le encantaban los ni\u00f1os y aparentemente apreciaba el hecho de que Alexandra y Ava fueran &quot;exactamente su altura&quot;. Alexander, quien, seg\u00fan Tracy, entren\u00f3 a Kevin y lo llev\u00f3 a lecciones de obediencia, mostr\u00f3 sus habilidades con el difunto gran dan\u00e9s durante el video. Kevin recuper\u00f3 el t\u00edtulo de perro m\u00e1s alto del mundo de manos de Zeus, un gran dan\u00e9s que muri\u00f3 tras contraer neumon\u00eda durante su batalla contra el c\u00e1ncer en 2023.<\/p>\n\n\n\n<h2 class=\"wp-block-heading\" id=\"h-e-caccia-al-successore\">Es una b\u00fasqueda de un sucesor.<\/h2>\n\n\n\n<p>Al igual que el gran dan\u00e9s de Iowa, Zeus ten\u00eda tres a\u00f1os cuando muri\u00f3. El fallecimiento de Kevin ahora significa que Guinness World Records tendr\u00e1 que determinar qu\u00e9 perro es actualmente el m\u00e1s alto del mundo.<\/p>\n\n\n\n<p><strong>LEER OTROS ART\u00cdCULOS DE ANIMALES<\/strong><\/p>\n\n\n<ul class=\"wp-block-latest-posts__list wp-block-latest-posts\"><li><a class=\"wp-block-latest-posts__post-title\" href=\"https:\/\/newsvirali.it\/es\/2026\/01\/28\/yegua-violo-a-vernon\/\">Impacto en Vernon: Yegua violada por la noche, sospechoso identificado<\/a><\/li>\n<li><a class=\"wp-block-latest-posts__post-title\" href=\"https:\/\/newsvirali.it\/es\/2025\/10\/22\/video-leon-escapa-de-un-camion-en-sudafrica\/\">Leone escapa de un cami\u00f3n en movimiento y causa p\u00e1nico: el v\u00eddeo es escalofriante.<\/a><\/li>\n<li><a class=\"wp-block-latest-posts__post-title\" href=\"https:\/\/newsvirali.it\/es\/2025\/08\/08\/video-viral-del-gigante-de-los-vuelos-de-pasajeros-el-gran-danes\/\">Volando con un gran dan\u00e9s a su lado: el v\u00eddeo del pasajero est\u00e1 circulando en internet.<\/a><\/li>\n<li><a class=\"wp-block-latest-posts__post-title\" href=\"https:\/\/newsvirali.it\/es\/2025\/05\/20\/trafico-ilegal-de-tigres-muertos-en-el-mar-de-indonesia\/\">Encuentran tigre muerto en las olas: conmoci\u00f3n en Indonesia, investigaci\u00f3n sobre tr\u00e1fico ilegal<\/a><\/li>\n<li><a class=\"wp-block-latest-posts__post-title\" href=\"https:\/\/newsvirali.it\/es\/2025\/05\/12\/bebe-elefante-atropellado-por-un-coche-en-malasia\/\">Beb\u00e9 atropellado por un cami\u00f3n: el desgarrador gesto de una madre elefante conmueve la web<\/a><\/li>\n<\/ul><br \/>S\u00edguenos tambi\u00e9n en Google News: <b><a href=\"https:\/\/news.google.com\/publications\/CAAqBwgKMNqJiwswjMfqAg?hl=it&gl=IT&ceid=IT:it\" target=\"_blank\">haga clic aqu\u00ed<\/a><\/b>","protected":false},"excerpt":{"rendered":"<p>Kevin, el gran dan\u00e9s de Iowa que bati\u00f3 r\u00e9cords y a quien Guinness World Records otorg\u00f3 hace tres meses como el m\u00e1s [\u2026]<\/p>","protected":false},"author":4,"featured_media":33885,"comment_status":"open","ping_status":"open","sticky":false,"template":"","format":"standard","meta":{"MSN_Categories":"Uncategorized","MSN_Publish_Option":false,"MSN_Is_Local_News":false,"MSN_Is_AIAC_Included":"Empty","MSN_Location":"[]","MSN_Add_Feature_Img_On_Top_Of_Post":false,"MSN_Has_Custom_Author":false,"MSN_Custom_Author":"","MSN_Has_Custom_Canonical_Url":false,"MSN_Custom_Canonical_Url":"","footnotes":""},"categories":[31],"tags":[],"class_list":["post-33883","post","type-post","status-publish","format-standard","has-post-thumbnail","hentry","category-animali"],"acf":[],"yoast_head":"<!-- This site is optimized with the Yoast SEO Premium plugin v26.7 (Yoast SEO v26.7) - https:\/\/yoast.com\/wordpress\/plugins\/seo\/ -->\n<title>Morto Kevin, l&#039;alano pi\u00f9 alto del mondo: solo tre mesi fa incoronato dal World Guinness<\/title>\n<meta name=\"description\" content=\"\u00c8 morto Kevin, l&#039;alano dei record dell&#039;Iowa che il Guinness World Records tre mesi fa aveva premiato come cane pi\u00f9 alto del mondo.\" \/>\n<meta name=\"robots\" content=\"index, follow, max-snippet:-1, max-image-preview:large, max-video-preview:-1\" \/>\n<link rel=\"canonical\" href=\"https:\/\/newsvirali.it\/es\/2024\/06\/25\/kevin-gran-danes-alto-mundo-mundo-guinness-muerto\/\" \/>\n<meta property=\"og:locale\" content=\"es_ES\" \/>\n<meta property=\"og:type\" content=\"article\" \/>\n<meta property=\"og:title\" content=\"Morto Kevin, l&#039;alano pi\u00f9 alto del mondo: solo tre mesi fa incoronato dal World Guinness\" \/>\n<meta property=\"og:description\" content=\"\u00c8 morto Kevin, l&#039;alano dei record dell&#039;Iowa che il Guinness World Records tre mesi fa aveva premiato come cane pi\u00f9 alto del mondo.\" \/>\n<meta property=\"og:url\" content=\"https:\/\/newsvirali.it\/es\/2024\/06\/25\/kevin-gran-danes-alto-mundo-mundo-guinness-muerto\/\" \/>\n<meta property=\"og:site_name\" content=\"News virali\" \/>\n<meta property=\"article:published_time\" content=\"2024-06-25T15:57:43+00:00\" \/>\n<meta property=\"article:modified_time\" content=\"2024-06-25T15:57:44+00:00\" \/>\n<meta property=\"og:image\" content=\"https:\/\/newsvirali.it\/wp-content\/uploads\/2024\/06\/Morto-Kevin-lalano-piu-alto-del-mondo-solo-tre-mesi-fa-incoronato-dal-World-Guinness-1.jpg\" \/>\n\t<meta property=\"og:image:width\" content=\"600\" \/>\n\t<meta property=\"og:image:height\" content=\"400\" \/>\n\t<meta property=\"og:image:type\" content=\"image\/jpeg\" \/>\n<meta name=\"author\" content=\"Cecco Prestina\" \/>\n<meta name=\"twitter:card\" content=\"summary_large_image\" \/>\n<meta name=\"twitter:label1\" content=\"Escrito por\" \/>\n\t<meta name=\"twitter:data1\" content=\"Cecco Prestina\" \/>\n\t<meta name=\"twitter:label2\" content=\"Tiempo de lectura\" \/>\n\t<meta name=\"twitter:data2\" content=\"4 minutos\" \/>\n<script type=\"application\/ld+json\" class=\"yoast-schema-graph\">{\"@context\":\"https:\/\/schema.org\",\"@graph\":[{\"@type\":\"NewsArticle\",\"@id\":\"https:\/\/newsvirali.it\/2024\/06\/25\/morto-kevin-alano-alto-mondo-world-guinness\/#article\",\"isPartOf\":{\"@id\":\"https:\/\/newsvirali.it\/2024\/06\/25\/morto-kevin-alano-alto-mondo-world-guinness\/\"},\"author\":{\"name\":\"Cecco Prestina\",\"@id\":\"https:\/\/newsvirali.it\/fr\/#\/schema\/person\/4c835f7b49c9adb58b33901ee816565d\"},\"headline\":\"Morto Kevin, l&#8217;alano pi\u00f9 alto del mondo: solo tre mesi fa incoronato dal World Guinness\",\"datePublished\":\"2024-06-25T15:57:43+00:00\",\"dateModified\":\"2024-06-25T15:57:44+00:00\",\"mainEntityOfPage\":{\"@id\":\"https:\/\/newsvirali.it\/2024\/06\/25\/morto-kevin-alano-alto-mondo-world-guinness\/\"},\"wordCount\":612,\"commentCount\":0,\"image\":{\"@id\":\"https:\/\/newsvirali.it\/2024\/06\/25\/morto-kevin-alano-alto-mondo-world-guinness\/#primaryimage\"},\"thumbnailUrl\":\"https:\/\/newsvirali.it\/wp-content\/uploads\/2024\/06\/Morto-Kevin-lalano-piu-alto-del-mondo-solo-tre-mesi-fa-incoronato-dal-World-Guinness-1.jpg\",\"articleSection\":[\"Animali\"],\"inLanguage\":\"es\",\"potentialAction\":[{\"@type\":\"CommentAction\",\"name\":\"Comment\",\"target\":[\"https:\/\/newsvirali.it\/2024\/06\/25\/morto-kevin-alano-alto-mondo-world-guinness\/#respond\"]}],\"copyrightYear\":\"2024\",\"copyrightHolder\":{\"@id\":\"https:\/\/newsvirali.it\/es\/#organization\"}},{\"@type\":\"WebPage\",\"@id\":\"https:\/\/newsvirali.it\/2024\/06\/25\/morto-kevin-alano-alto-mondo-world-guinness\/\",\"url\":\"https:\/\/newsvirali.it\/2024\/06\/25\/morto-kevin-alano-alto-mondo-world-guinness\/\",\"name\":\"Morto Kevin, l'alano pi\u00f9 alto del mondo: solo tre mesi fa incoronato dal World Guinness\",\"isPartOf\":{\"@id\":\"https:\/\/newsvirali.it\/fr\/#website\"},\"primaryImageOfPage\":{\"@id\":\"https:\/\/newsvirali.it\/2024\/06\/25\/morto-kevin-alano-alto-mondo-world-guinness\/#primaryimage\"},\"image\":{\"@id\":\"https:\/\/newsvirali.it\/2024\/06\/25\/morto-kevin-alano-alto-mondo-world-guinness\/#primaryimage\"},\"thumbnailUrl\":\"https:\/\/newsvirali.it\/wp-content\/uploads\/2024\/06\/Morto-Kevin-lalano-piu-alto-del-mondo-solo-tre-mesi-fa-incoronato-dal-World-Guinness-1.jpg\",\"datePublished\":\"2024-06-25T15:57:43+00:00\",\"dateModified\":\"2024-06-25T15:57:44+00:00\",\"author\":{\"@id\":\"https:\/\/newsvirali.it\/fr\/#\/schema\/person\/4c835f7b49c9adb58b33901ee816565d\"},\"description\":\"\u00c8 morto Kevin, l'alano dei record dell'Iowa che il Guinness World Records tre mesi fa aveva premiato come cane pi\u00f9 alto del mondo.\",\"breadcrumb\":{\"@id\":\"https:\/\/newsvirali.it\/2024\/06\/25\/morto-kevin-alano-alto-mondo-world-guinness\/#breadcrumb\"},\"inLanguage\":\"es\",\"potentialAction\":[{\"@type\":\"ReadAction\",\"target\":[\"https:\/\/newsvirali.it\/2024\/06\/25\/morto-kevin-alano-alto-mondo-world-guinness\/\"]}]},{\"@type\":\"ImageObject\",\"inLanguage\":\"es\",\"@id\":\"https:\/\/newsvirali.it\/2024\/06\/25\/morto-kevin-alano-alto-mondo-world-guinness\/#primaryimage\",\"url\":\"https:\/\/newsvirali.it\/wp-content\/uploads\/2024\/06\/Morto-Kevin-lalano-piu-alto-del-mondo-solo-tre-mesi-fa-incoronato-dal-World-Guinness-1.jpg\",\"contentUrl\":\"https:\/\/newsvirali.it\/wp-content\/uploads\/2024\/06\/Morto-Kevin-lalano-piu-alto-del-mondo-solo-tre-mesi-fa-incoronato-dal-World-Guinness-1.jpg\",\"width\":600,\"height\":400,\"caption\":\"Morto Kevin, l'alano pi\u00f9 alto del mondo solo tre mesi fa incoronato dal World Guinness\"},{\"@type\":\"BreadcrumbList\",\"@id\":\"https:\/\/newsvirali.it\/2024\/06\/25\/morto-kevin-alano-alto-mondo-world-guinness\/#breadcrumb\",\"itemListElement\":[{\"@type\":\"ListItem\",\"position\":1,\"name\":\"Home\",\"item\":\"https:\/\/newsvirali.it\/fr\/\"},{\"@type\":\"ListItem\",\"position\":2,\"name\":\"Morto Kevin, l&#8217;alano pi\u00f9 alto del mondo: solo tre mesi fa incoronato dal World Guinness\"}]},{\"@type\":\"WebSite\",\"@id\":\"https:\/\/newsvirali.it\/fr\/#website\",\"url\":\"https:\/\/newsvirali.it\/fr\/\",\"name\":\"Bake News\",\"description\":\"\",\"potentialAction\":[{\"@type\":\"SearchAction\",\"target\":{\"@type\":\"EntryPoint\",\"urlTemplate\":\"https:\/\/newsvirali.it\/fr\/?s={search_term_string}\"},\"query-input\":{\"@type\":\"PropertyValueSpecification\",\"valueRequired\":true,\"valueName\":\"search_term_string\"}}],\"inLanguage\":\"es\"},{\"@type\":\"Person\",\"@id\":\"https:\/\/newsvirali.it\/fr\/#\/schema\/person\/4c835f7b49c9adb58b33901ee816565d\",\"name\":\"Cecco Prestina\",\"description\":\"Perch\u00e9 nasconderlo? Cecco Prestina \u00e8 un alias, ma dietro di lui non si cela un algoritmo di intelligenza artificiale. C'\u00e8 un giornalista che ha oltre vent'anni di esperienza tutta sul web. Da quando il primo modem ha iniziato a gracchiare sul territorio italiano con Video on Line, Cecco ha capito che da quel doppino sarebbe passato il futuro. Ha dedidicato tutta la sua carriera a capire Internet e poi i social e ora l'Ai. Una carriera in costante aggiornamento. E questa esperienza la mette in campo ogni giorno. Per\u00f2 ogni tanto Cecco ha voglia anche di non scrivere \\\"pipponi\\\" sulla politica, sull'economia. Ha voglia anche di scrivere qualcosa di divertente. Le notizie che trovate su Bake News sono le stesse che Cecco porta all'aperitivo con gli amici. Quelle di cui discutere per farsi due risate. Notizie, vere (qualche volta si fa fatica a crederlo), strane, divertenti, ma anche serie. Bake News \u00e8 nato per questo, dare al pubblico notizie croccanti e calde come il pane che esce dal forno. E Cecco Prestina \u00e8 nato con Bake News.\",\"url\":\"https:\/\/newsvirali.it\/es\/autore\/cecco-prestina\/\"}]}<\/script>\n<!-- \/ Yoast SEO Premium plugin. -->","yoast_head_json":{"title":"Morto Kevin, l'alano pi\u00f9 alto del mondo: solo tre mesi fa incoronato dal World Guinness","description":"\u00c8 morto Kevin, l'alano dei record dell'Iowa che il Guinness World Records tre mesi fa aveva premiato come cane pi\u00f9 alto del mondo.","robots":{"index":"index","follow":"follow","max-snippet":"max-snippet:-1","max-image-preview":"max-image-preview:large","max-video-preview":"max-video-preview:-1"},"canonical":"https:\/\/newsvirali.it\/es\/2024\/06\/25\/kevin-gran-danes-alto-mundo-mundo-guinness-muerto\/","og_locale":"es_ES","og_type":"article","og_title":"Morto Kevin, l'alano pi\u00f9 alto del mondo: solo tre mesi fa incoronato dal World Guinness","og_description":"\u00c8 morto Kevin, l'alano dei record dell'Iowa che il Guinness World Records tre mesi fa aveva premiato come cane pi\u00f9 alto del mondo.","og_url":"https:\/\/newsvirali.it\/es\/2024\/06\/25\/kevin-gran-danes-alto-mundo-mundo-guinness-muerto\/","og_site_name":"News virali","article_published_time":"2024-06-25T15:57:43+00:00","article_modified_time":"2024-06-25T15:57:44+00:00","og_image":[{"width":600,"height":400,"url":"https:\/\/newsvirali.it\/wp-content\/uploads\/2024\/06\/Morto-Kevin-lalano-piu-alto-del-mondo-solo-tre-mesi-fa-incoronato-dal-World-Guinness-1.jpg","type":"image\/jpeg"}],"author":"Cecco Prestina","twitter_card":"summary_large_image","twitter_misc":{"Escrito por":"Cecco Prestina","Tiempo de lectura":"4 minutos"},"schema":{"@context":"https:\/\/schema.org","@graph":[{"@type":"NewsArticle","@id":"https:\/\/newsvirali.it\/2024\/06\/25\/morto-kevin-alano-alto-mondo-world-guinness\/#article","isPartOf":{"@id":"https:\/\/newsvirali.it\/2024\/06\/25\/morto-kevin-alano-alto-mondo-world-guinness\/"},"author":{"name":"Cecco Prestina","@id":"https:\/\/newsvirali.it\/fr\/#\/schema\/person\/4c835f7b49c9adb58b33901ee816565d"},"headline":"Morto Kevin, l&#8217;alano pi\u00f9 alto del mondo: solo tre mesi fa incoronato dal World Guinness","datePublished":"2024-06-25T15:57:43+00:00","dateModified":"2024-06-25T15:57:44+00:00","mainEntityOfPage":{"@id":"https:\/\/newsvirali.it\/2024\/06\/25\/morto-kevin-alano-alto-mondo-world-guinness\/"},"wordCount":612,"commentCount":0,"image":{"@id":"https:\/\/newsvirali.it\/2024\/06\/25\/morto-kevin-alano-alto-mondo-world-guinness\/#primaryimage"},"thumbnailUrl":"https:\/\/newsvirali.it\/wp-content\/uploads\/2024\/06\/Morto-Kevin-lalano-piu-alto-del-mondo-solo-tre-mesi-fa-incoronato-dal-World-Guinness-1.jpg","articleSection":["Animali"],"inLanguage":"es","potentialAction":[{"@type":"CommentAction","name":"Comment","target":["https:\/\/newsvirali.it\/2024\/06\/25\/morto-kevin-alano-alto-mondo-world-guinness\/#respond"]}],"copyrightYear":"2024","copyrightHolder":{"@id":"https:\/\/newsvirali.it\/es\/#organization"}},{"@type":"WebPage","@id":"https:\/\/newsvirali.it\/2024\/06\/25\/morto-kevin-alano-alto-mondo-world-guinness\/","url":"https:\/\/newsvirali.it\/2024\/06\/25\/morto-kevin-alano-alto-mondo-world-guinness\/","name":"Morto Kevin, l'alano pi\u00f9 alto del mondo: solo tre mesi fa incoronato dal World Guinness","isPartOf":{"@id":"https:\/\/newsvirali.it\/fr\/#website"},"primaryImageOfPage":{"@id":"https:\/\/newsvirali.it\/2024\/06\/25\/morto-kevin-alano-alto-mondo-world-guinness\/#primaryimage"},"image":{"@id":"https:\/\/newsvirali.it\/2024\/06\/25\/morto-kevin-alano-alto-mondo-world-guinness\/#primaryimage"},"thumbnailUrl":"https:\/\/newsvirali.it\/wp-content\/uploads\/2024\/06\/Morto-Kevin-lalano-piu-alto-del-mondo-solo-tre-mesi-fa-incoronato-dal-World-Guinness-1.jpg","datePublished":"2024-06-25T15:57:43+00:00","dateModified":"2024-06-25T15:57:44+00:00","author":{"@id":"https:\/\/newsvirali.it\/fr\/#\/schema\/person\/4c835f7b49c9adb58b33901ee816565d"},"description":"\u00c8 morto Kevin, l'alano dei record dell'Iowa che il Guinness World Records tre mesi fa aveva premiato come cane pi\u00f9 alto del mondo.","breadcrumb":{"@id":"https:\/\/newsvirali.it\/2024\/06\/25\/morto-kevin-alano-alto-mondo-world-guinness\/#breadcrumb"},"inLanguage":"es","potentialAction":[{"@type":"ReadAction","target":["https:\/\/newsvirali.it\/2024\/06\/25\/morto-kevin-alano-alto-mondo-world-guinness\/"]}]},{"@type":"ImageObject","inLanguage":"es","@id":"https:\/\/newsvirali.it\/2024\/06\/25\/morto-kevin-alano-alto-mondo-world-guinness\/#primaryimage","url":"https:\/\/newsvirali.it\/wp-content\/uploads\/2024\/06\/Morto-Kevin-lalano-piu-alto-del-mondo-solo-tre-mesi-fa-incoronato-dal-World-Guinness-1.jpg","contentUrl":"https:\/\/newsvirali.it\/wp-content\/uploads\/2024\/06\/Morto-Kevin-lalano-piu-alto-del-mondo-solo-tre-mesi-fa-incoronato-dal-World-Guinness-1.jpg","width":600,"height":400,"caption":"Morto Kevin, l'alano pi\u00f9 alto del mondo solo tre mesi fa incoronato dal World Guinness"},{"@type":"BreadcrumbList","@id":"https:\/\/newsvirali.it\/2024\/06\/25\/morto-kevin-alano-alto-mondo-world-guinness\/#breadcrumb","itemListElement":[{"@type":"ListItem","position":1,"name":"Home","item":"https:\/\/newsvirali.it\/fr\/"},{"@type":"ListItem","position":2,"name":"Morto Kevin, l&#8217;alano pi\u00f9 alto del mondo: solo tre mesi fa incoronato dal World Guinness"}]},{"@type":"WebSite","@id":"https:\/\/newsvirali.it\/fr\/#website","url":"https:\/\/newsvirali.it\/fr\/","name":"Bake News","description":"","potentialAction":[{"@type":"SearchAction","target":{"@type":"EntryPoint","urlTemplate":"https:\/\/newsvirali.it\/fr\/?s={search_term_string}"},"query-input":{"@type":"PropertyValueSpecification","valueRequired":true,"valueName":"search_term_string"}}],"inLanguage":"es"},{"@type":"Person","@id":"https:\/\/newsvirali.it\/fr\/#\/schema\/person\/4c835f7b49c9adb58b33901ee816565d","name":"Cecco Prestina","description":"Perch\u00e9 nasconderlo? Cecco Prestina \u00e8 un alias, ma dietro di lui non si cela un algoritmo di intelligenza artificiale. C'\u00e8 un giornalista che ha oltre vent'anni di esperienza tutta sul web. Da quando il primo modem ha iniziato a gracchiare sul territorio italiano con Video on Line, Cecco ha capito che da quel doppino sarebbe passato il futuro. Ha dedidicato tutta la sua carriera a capire Internet e poi i social e ora l'Ai. Una carriera in costante aggiornamento. E questa esperienza la mette in campo ogni giorno. Per\u00f2 ogni tanto Cecco ha voglia anche di non scrivere \"pipponi\" sulla politica, sull'economia. Ha voglia anche di scrivere qualcosa di divertente. Le notizie che trovate su Bake News sono le stesse che Cecco porta all'aperitivo con gli amici. Quelle di cui discutere per farsi due risate. Notizie, vere (qualche volta si fa fatica a crederlo), strane, divertenti, ma anche serie. Bake News \u00e8 nato per questo, dare al pubblico notizie croccanti e calde come il pane che esce dal forno. E Cecco Prestina \u00e8 nato con Bake News.","url":"https:\/\/newsvirali.it\/es\/autore\/cecco-prestina\/"}]}},"_links":{"self":[{"href":"https:\/\/newsvirali.it\/es\/wp-json\/wp\/v2\/posts\/33883","targetHints":{"allow":["GET"]}}],"collection":[{"href":"https:\/\/newsvirali.it\/es\/wp-json\/wp\/v2\/posts"}],"about":[{"href":"https:\/\/newsvirali.it\/es\/wp-json\/wp\/v2\/types\/post"}],"author":[{"embeddable":true,"href":"https:\/\/newsvirali.it\/es\/wp-json\/wp\/v2\/users\/4"}],"replies":[{"embeddable":true,"href":"https:\/\/newsvirali.it\/es\/wp-json\/wp\/v2\/comments?post=33883"}],"version-history":[{"count":4,"href":"https:\/\/newsvirali.it\/es\/wp-json\/wp\/v2\/posts\/33883\/revisions"}],"predecessor-version":[{"id":33914,"href":"https:\/\/newsvirali.it\/es\/wp-json\/wp\/v2\/posts\/33883\/revisions\/33914"}],"wp:featuredmedia":[{"embeddable":true,"href":"https:\/\/newsvirali.it\/es\/wp-json\/wp\/v2\/media\/33885"}],"wp:attachment":[{"href":"https:\/\/newsvirali.it\/es\/wp-json\/wp\/v2\/media?parent=33883"}],"wp:term":[{"taxonomy":"category","embeddable":true,"href":"https:\/\/newsvirali.it\/es\/wp-json\/wp\/v2\/categories?post=33883"},{"taxonomy":"post_tag","embeddable":true,"href":"https:\/\/newsvirali.it\/es\/wp-json\/wp\/v2\/tags?post=33883"}],"curies":[{"name":"wp","href":"https:\/\/api.w.org\/{rel}","templated":true}]}}