{"id":28440,"date":"2024-05-16T13:19:20","date_gmt":"2024-05-16T11:19:20","guid":{"rendered":"https:\/\/www.bakenews.it\/?p=28440"},"modified":"2024-05-16T14:18:23","modified_gmt":"2024-05-16T12:18:23","slug":"rapito-26-anni-ritrovato-vivo-non-fuggiva-bloccato-incantesimo","status":"publish","type":"post","link":"https:\/\/newsvirali.it\/es\/2024\/05\/16\/secuestrada-de-26-anos-encontrada-con-vida-no-escapo-del-hechizo-bloqueado\/","title":{"rendered":"Secuestrado durante 26 a\u00f1os y encontrado con vida, no escap\u00f3 porque fue &quot;bloqueado por un hechizo&quot;"},"content":{"rendered":"<p>Un hombre secuestrado cuando ten\u00eda 19 a\u00f1os y encontrado 26 a\u00f1os despu\u00e9s en Argelia durante el fin de semana hab\u00eda sido segregado en un establo a 200 metros de su casa. Pero el hombre, llamado Omar Bin Omran, nunca pidi\u00f3 ayuda porque estaba convencido de que su captor lo hab\u00eda hechizado.<\/p>\n\n\n\n<p><strong>LEER TAMBI\u00c9N<\/strong><\/p>\n\n\n\n<ul class=\"wp-block-list\">\n<li><a href=\"https:\/\/www.bakenews.it\/comico-americano-adescato-da-una-donna-sui-social-rapito-e-ucciso-in-colombia\/\">Comediante estadounidense atra\u00eddo por una mujer en las redes sociales secuestrado y asesinado en Colombia<\/a><\/li>\n\n\n\n<li><a href=\"https:\/\/www.bakenews.it\/rapita-in-diretta-davanti-alle-telecamere-di-una-casa-polizia-diffonde-video\/\">Secuestrado en vivo frente a las c\u00e1maras de una casa: la polic\u00eda publica video<\/a><\/li>\n\n\n\n<li><a href=\"https:\/\/www.bakenews.it\/narcos-rapiscono-donna-e-la-umiliano-spogliata-e-uccisa-per-punire-clan-rivale\/\">Narcos secuestran a mujer y la humillan: la desnudan y la matan para castigar al clan rival<\/a><\/li>\n<\/ul>\n\n\n\n<p>Omran desapareci\u00f3 durante la guerra civil de Argelia en 1998, lo que llev\u00f3 a su familia a suponer que hab\u00eda muerto en el conflicto entre el gobierno de la naci\u00f3n norteafricana y varios grupos rebeldes isl\u00e1micos. Lo cierto, sin embargo, es que hab\u00eda sido secuestrado por su vecino. A la edad de 45 a\u00f1os fue encontrado entre un pajar en un establo el 12 de mayo, a s\u00f3lo 200 metros de su casa familiar en la localidad de Djelfa.<\/p>\n\n\n\n<figure class=\"wp-block-embed is-type-rich is-provider-twitter wp-block-embed-twitter\"><div class=\"wp-block-embed__wrapper\">\n<blockquote class=\"twitter-tweet\" data-width=\"500\" data-dnt=\"true\"><p lang=\"en\" dir=\"ltr\">Hombre argelino encontrado vivo en el s\u00f3tano de un vecino despu\u00e9s de 27 a\u00f1os.<br><br>En 1997, Omar Bin Omran, de 17 a\u00f1os, uno de nueve hijos, desapareci\u00f3 mientras se dirig\u00eda a una escuela vocacional en la ciudad de Djelfa. Se inici\u00f3 una b\u00fasqueda que involucra al perro de la familia, que presuntamente fue envenenado por\u2026 <a href=\"https:\/\/t.co\/mHPBh5Go0A\">pic.twitter.com\/mHPBh5Go0A<\/a><\/p>-BoreCure (@CureBore) <a href=\"https:\/\/twitter.com\/CureBore\/status\/1790882372344324152?ref_src=twsrc%5Etfw\">15 de mayo de 2024<\/a><\/blockquote><script async src=\"https:\/\/platform.twitter.com\/widgets.js\" charset=\"utf-8\"><\/script>\n<\/div><\/figure>\n\n\n\n<p>El descubrimiento se produjo despu\u00e9s de que el hermano del secuestrador lo acusara en las redes sociales, supuestamente como venganza por una disputa sucesoria. Revel\u00f3 la identidad y ubicaci\u00f3n de la v\u00edctima y llev\u00f3 a la familia de Omran a allanar la residencia. El presunto culpable, un portero de 61 a\u00f1os que trabaja en la cercana localidad de El Guedid, fue detenido tras intentar huir. El Ministerio de Seguridad dijo que la investigaci\u00f3n a\u00fan estaba en curso y agreg\u00f3 que la v\u00edctima estaba recibiendo tratamiento m\u00e9dico y psicol\u00f3gico despu\u00e9s del crimen calificado de &quot;atroz&quot;.<\/p>\n\n\n\n<h2 class=\"wp-block-heading\" id=\"h-rapito-per-26-anni-credeva-fosse-vittima-di-un-incantesimo\">Secuestrado durante 26 a\u00f1os, cre\u00eda ser v\u00edctima de un hechizo<\/h2>\n\n\n\n<p>Los medios argelinos informaron que la v\u00edctima dijo que no pod\u00eda pedir ayuda &quot;debido a un hechizo que su captor le hab\u00eda lanzado&quot;. Se compartieron im\u00e1genes en las redes sociales y se transmitieron en las cadenas de televisi\u00f3n argelinas del momento en que fue encontrado en lo que parec\u00eda ser un agujero en el suelo, descrito por las autoridades como un redil, dentro de la casa de su presunto captor. El v\u00eddeo borroso muestra antorchas brillando en un hoyo rodeado de heno mientras Omar mira furtivamente hacia arriba, aparentemente sorprendido por el grupo de b\u00fasqueda que lo rodea, con trozos de paja sueltos en el cabello.<\/p>\n\n\n\n<h2 class=\"wp-block-heading\" id=\"h-il-suo-amato-cane-per-un-mese-ha-girato-vicino-al-covo\">Su amado perro deambul\u00f3 cerca de la guarida durante un mes<\/h2>\n\n\n\n<p>Desde entonces, han circulado m\u00e1s im\u00e1genes del hombre barbudo saliendo del agujero, que se cree que es un redil, y de \u00e9l cuando era adolescente, sentado con un perro y ni\u00f1os peque\u00f1os antes de desaparecer. Seg\u00fan el peri\u00f3dico argelino El Khabar, el perro lo a\u00f1oraba cerca del lugar donde estaba detenido, habiendo reconocido su olor. El informe afirma que el secuestrador envenen\u00f3 al perro para ahuyentar a la familia. La b\u00fasqueda de Omar se inici\u00f3 en 1998 despu\u00e9s de que desapareci\u00f3 mientras se dirig\u00eda a una escuela vocacional.<\/p>\n\n\n\n<p>Seg\u00fan el diario, el chivatazo surgido de la disputa sucesoria impuls\u00f3 a la familia secuestrada a allanar la casa en busca de Omar. Cuando lo encontraron, su presunto captor intent\u00f3 huir antes de ser detenido y luego arrestado. Tr\u00e1gicamente, la madre de Omar muri\u00f3 en 2013 sin saber nunca la verdad sobre lo que le pas\u00f3 a su hijo.<\/p>\n\n\n\n<h2 class=\"wp-block-heading\" id=\"h-la-soffiata-giunta-dal-fratello-del-rapitore\">La &quot;pista&quot; vino del hermano del secuestrador<\/h2>\n\n\n\n<p>Al parecer, Omar se enter\u00f3 de la muerte de su madre mientras estaba en cautiverio. Un familiar dijo en Facebook: \u201cGracias a Dios han encontrado a mi prima. Bin Imran Omar goza de buena salud tras 26 a\u00f1os de desaparici\u00f3n. A la espera de los detalles del caso y de la investigaci\u00f3n.&quot; Los fiscales de Djelfa, un pueblo monta\u00f1oso de unas 500.000 personas a unos 225 kil\u00f3metros al sur de la capital costera de Argel, dicen que Omar recibir\u00e1 tratamiento psicol\u00f3gico despu\u00e9s de ser rescatado, ya que prometieron hacerle justicia.<\/p>\n\n\n\n<p>Los funcionarios prometieron que \u201cel autor de este atroz crimen\u201d ser\u00e1 procesado \u201cseveramente\u201d. Se cree que el detenido trabajaba como funcionario y viv\u00eda solo, pero los medios argelinos sugieren que se le ve\u00eda regularmente comprando comida suficiente para dos personas. El caso podr\u00eda ser uno de los casos de secuestro m\u00e1s largos del mundo.<\/p>\n\n\n\n<p><strong>LEER OTRAS NOTICIAS DEL MUNDO<\/strong><\/p>\n\n\n<ul class=\"wp-block-latest-posts__list wp-block-latest-posts\"><li><a class=\"wp-block-latest-posts__post-title\" href=\"https:\/\/newsvirali.it\/es\/2026\/02\/12\/emma-amit-cangrejo-diablo-muerto\/\">La vlogger Emma Amit muere tras comer un cangrejo diablo t\u00f3xico<\/a><\/li>\n<li><a class=\"wp-block-latest-posts__post-title\" href=\"https:\/\/newsvirali.it\/es\/2026\/02\/05\/tres-hermanas-se-suicidan-en-india\/\">Padres confiscan celulares por jugar en exceso: tres hermanas se suicidan<\/a><\/li>\n<li><a class=\"wp-block-latest-posts__post-title\" href=\"https:\/\/newsvirali.it\/es\/2026\/01\/30\/arresto-en-resort-de-florida-por-actos-obscenos\/\">Resort de Florida sorprende: hombre arrestado por exposici\u00f3n indecente con una aspiradora<\/a><\/li>\n<li><a class=\"wp-block-latest-posts__post-title\" href=\"https:\/\/newsvirali.it\/es\/2026\/01\/28\/un-padre-borracho-ahorca-a-su-hijo-en-un-impactante-video\/\">Padre borracho cuelga a su hijo por la ventana: impactante video<\/a><\/li>\n<li><a class=\"wp-block-latest-posts__post-title\" href=\"https:\/\/newsvirali.it\/es\/2026\/01\/27\/maestra-embarazada-y-estudiante-de-13-anos\/\">Maestra admite que qued\u00f3 embarazada de estudiante de 13 a\u00f1os<\/a><\/li>\n<\/ul><br \/>S\u00edguenos tambi\u00e9n en Google News: <b><a href=\"https:\/\/news.google.com\/publications\/CAAqBwgKMNqJiwswjMfqAg?hl=it&gl=IT&ceid=IT:it\" target=\"_blank\">haga clic aqu\u00ed<\/a><\/b>","protected":false},"excerpt":{"rendered":"<p>Un hombre secuestrado a la edad de 19 a\u00f1os y encontrado 26 a\u00f1os despu\u00e9s en Argelia durante el fin de semana hab\u00eda sido [\u2026]<\/p>","protected":false},"author":4,"featured_media":28456,"comment_status":"open","ping_status":"open","sticky":false,"template":"","format":"standard","meta":{"MSN_Categories":"Uncategorized","MSN_Publish_Option":false,"MSN_Is_Local_News":false,"MSN_Is_AIAC_Included":"Empty","MSN_Location":"[]","MSN_Add_Feature_Img_On_Top_Of_Post":false,"MSN_Has_Custom_Author":false,"MSN_Custom_Author":"","MSN_Has_Custom_Canonical_Url":false,"MSN_Custom_Canonical_Url":"","footnotes":""},"categories":[9],"tags":[],"class_list":["post-28440","post","type-post","status-publish","format-standard","has-post-thumbnail","hentry","category-mondo"],"acf":[],"yoast_head":"<!-- This site is optimized with the Yoast SEO Premium plugin v26.7 (Yoast SEO v26.7) - https:\/\/yoast.com\/wordpress\/plugins\/seo\/ -->\n<title>Rapito per 26 anni e ritrovato vivo, non fuggiva perch\u00e9 &quot;bloccato da un incantesimo&quot;<\/title>\n<meta name=\"description\" content=\"Un uomo rapito all&#039;et\u00e0 di 19 anni e ritrovato 26 anni dopo in Algeria era stato segregato in una stalla a 200 metri da casa sua.\" \/>\n<meta name=\"robots\" content=\"index, follow, max-snippet:-1, max-image-preview:large, max-video-preview:-1\" \/>\n<link rel=\"canonical\" href=\"https:\/\/newsvirali.it\/es\/2024\/05\/16\/secuestrada-de-26-anos-encontrada-con-vida-no-escapo-del-hechizo-bloqueado\/\" \/>\n<meta property=\"og:locale\" content=\"es_ES\" \/>\n<meta property=\"og:type\" content=\"article\" \/>\n<meta property=\"og:title\" content=\"Rapito per 26 anni e ritrovato vivo, non fuggiva perch\u00e9 &quot;bloccato da un incantesimo&quot;\" \/>\n<meta property=\"og:description\" content=\"Un uomo rapito all&#039;et\u00e0 di 19 anni e ritrovato 26 anni dopo in Algeria era stato segregato in una stalla a 200 metri da casa sua.\" \/>\n<meta property=\"og:url\" content=\"https:\/\/newsvirali.it\/es\/2024\/05\/16\/secuestrada-de-26-anos-encontrada-con-vida-no-escapo-del-hechizo-bloqueado\/\" \/>\n<meta property=\"og:site_name\" content=\"News virali\" \/>\n<meta property=\"article:published_time\" content=\"2024-05-16T11:19:20+00:00\" \/>\n<meta property=\"article:modified_time\" content=\"2024-05-16T12:18:23+00:00\" \/>\n<meta property=\"og:image\" content=\"https:\/\/newsvirali.it\/wp-content\/uploads\/2024\/05\/Rapito-per-26-anni-e-ritrovato-vivo-non-fuggiva-perche-bloccato-da-un-incantesimo-13.jpg\" \/>\n\t<meta property=\"og:image:width\" content=\"600\" \/>\n\t<meta property=\"og:image:height\" content=\"400\" \/>\n\t<meta property=\"og:image:type\" content=\"image\/jpeg\" \/>\n<meta name=\"author\" content=\"Cecco Prestina\" \/>\n<meta name=\"twitter:card\" content=\"summary_large_image\" \/>\n<meta name=\"twitter:label1\" content=\"Escrito por\" \/>\n\t<meta name=\"twitter:data1\" content=\"Cecco Prestina\" \/>\n\t<meta name=\"twitter:label2\" content=\"Tiempo de lectura\" \/>\n\t<meta name=\"twitter:data2\" content=\"4 minutos\" \/>\n<script type=\"application\/ld+json\" class=\"yoast-schema-graph\">{\"@context\":\"https:\/\/schema.org\",\"@graph\":[{\"@type\":\"NewsArticle\",\"@id\":\"https:\/\/newsvirali.it\/2024\/05\/16\/rapito-26-anni-ritrovato-vivo-non-fuggiva-bloccato-incantesimo\/#article\",\"isPartOf\":{\"@id\":\"https:\/\/newsvirali.it\/2024\/05\/16\/rapito-26-anni-ritrovato-vivo-non-fuggiva-bloccato-incantesimo\/\"},\"author\":{\"name\":\"Cecco Prestina\",\"@id\":\"https:\/\/newsvirali.it\/fr\/#\/schema\/person\/4c835f7b49c9adb58b33901ee816565d\"},\"headline\":\"Rapito per 26 anni e ritrovato vivo, non fuggiva perch\u00e9 &#8220;bloccato da un incantesimo&#8221;\",\"datePublished\":\"2024-05-16T11:19:20+00:00\",\"dateModified\":\"2024-05-16T12:18:23+00:00\",\"mainEntityOfPage\":{\"@id\":\"https:\/\/newsvirali.it\/2024\/05\/16\/rapito-26-anni-ritrovato-vivo-non-fuggiva-bloccato-incantesimo\/\"},\"wordCount\":712,\"commentCount\":0,\"image\":{\"@id\":\"https:\/\/newsvirali.it\/2024\/05\/16\/rapito-26-anni-ritrovato-vivo-non-fuggiva-bloccato-incantesimo\/#primaryimage\"},\"thumbnailUrl\":\"https:\/\/newsvirali.it\/wp-content\/uploads\/2024\/05\/Rapito-per-26-anni-e-ritrovato-vivo-non-fuggiva-perche-bloccato-da-un-incantesimo-13.jpg\",\"articleSection\":[\"Mondo\"],\"inLanguage\":\"es\",\"potentialAction\":[{\"@type\":\"CommentAction\",\"name\":\"Comment\",\"target\":[\"https:\/\/newsvirali.it\/2024\/05\/16\/rapito-26-anni-ritrovato-vivo-non-fuggiva-bloccato-incantesimo\/#respond\"]}],\"copyrightYear\":\"2024\",\"copyrightHolder\":{\"@id\":\"https:\/\/newsvirali.it\/es\/#organization\"}},{\"@type\":\"WebPage\",\"@id\":\"https:\/\/newsvirali.it\/2024\/05\/16\/rapito-26-anni-ritrovato-vivo-non-fuggiva-bloccato-incantesimo\/\",\"url\":\"https:\/\/newsvirali.it\/2024\/05\/16\/rapito-26-anni-ritrovato-vivo-non-fuggiva-bloccato-incantesimo\/\",\"name\":\"Rapito per 26 anni e ritrovato vivo, non fuggiva perch\u00e9 \\\"bloccato da un incantesimo\\\"\",\"isPartOf\":{\"@id\":\"https:\/\/newsvirali.it\/fr\/#website\"},\"primaryImageOfPage\":{\"@id\":\"https:\/\/newsvirali.it\/2024\/05\/16\/rapito-26-anni-ritrovato-vivo-non-fuggiva-bloccato-incantesimo\/#primaryimage\"},\"image\":{\"@id\":\"https:\/\/newsvirali.it\/2024\/05\/16\/rapito-26-anni-ritrovato-vivo-non-fuggiva-bloccato-incantesimo\/#primaryimage\"},\"thumbnailUrl\":\"https:\/\/newsvirali.it\/wp-content\/uploads\/2024\/05\/Rapito-per-26-anni-e-ritrovato-vivo-non-fuggiva-perche-bloccato-da-un-incantesimo-13.jpg\",\"datePublished\":\"2024-05-16T11:19:20+00:00\",\"dateModified\":\"2024-05-16T12:18:23+00:00\",\"author\":{\"@id\":\"https:\/\/newsvirali.it\/fr\/#\/schema\/person\/4c835f7b49c9adb58b33901ee816565d\"},\"description\":\"Un uomo rapito all'et\u00e0 di 19 anni e ritrovato 26 anni dopo in Algeria era stato segregato in una stalla a 200 metri da casa sua.\",\"breadcrumb\":{\"@id\":\"https:\/\/newsvirali.it\/2024\/05\/16\/rapito-26-anni-ritrovato-vivo-non-fuggiva-bloccato-incantesimo\/#breadcrumb\"},\"inLanguage\":\"es\",\"potentialAction\":[{\"@type\":\"ReadAction\",\"target\":[\"https:\/\/newsvirali.it\/2024\/05\/16\/rapito-26-anni-ritrovato-vivo-non-fuggiva-bloccato-incantesimo\/\"]}]},{\"@type\":\"ImageObject\",\"inLanguage\":\"es\",\"@id\":\"https:\/\/newsvirali.it\/2024\/05\/16\/rapito-26-anni-ritrovato-vivo-non-fuggiva-bloccato-incantesimo\/#primaryimage\",\"url\":\"https:\/\/newsvirali.it\/wp-content\/uploads\/2024\/05\/Rapito-per-26-anni-e-ritrovato-vivo-non-fuggiva-perche-bloccato-da-un-incantesimo-13.jpg\",\"contentUrl\":\"https:\/\/newsvirali.it\/wp-content\/uploads\/2024\/05\/Rapito-per-26-anni-e-ritrovato-vivo-non-fuggiva-perche-bloccato-da-un-incantesimo-13.jpg\",\"width\":600,\"height\":400,\"caption\":\"Rapito per 26 anni e ritrovato vivo, non fuggiva perch\u00e9 bloccato da un incantesimo (13)\"},{\"@type\":\"BreadcrumbList\",\"@id\":\"https:\/\/newsvirali.it\/2024\/05\/16\/rapito-26-anni-ritrovato-vivo-non-fuggiva-bloccato-incantesimo\/#breadcrumb\",\"itemListElement\":[{\"@type\":\"ListItem\",\"position\":1,\"name\":\"Home\",\"item\":\"https:\/\/newsvirali.it\/fr\/\"},{\"@type\":\"ListItem\",\"position\":2,\"name\":\"Rapito per 26 anni e ritrovato vivo, non fuggiva perch\u00e9 &#8220;bloccato da un incantesimo&#8221;\"}]},{\"@type\":\"WebSite\",\"@id\":\"https:\/\/newsvirali.it\/fr\/#website\",\"url\":\"https:\/\/newsvirali.it\/fr\/\",\"name\":\"Bake News\",\"description\":\"\",\"potentialAction\":[{\"@type\":\"SearchAction\",\"target\":{\"@type\":\"EntryPoint\",\"urlTemplate\":\"https:\/\/newsvirali.it\/fr\/?s={search_term_string}\"},\"query-input\":{\"@type\":\"PropertyValueSpecification\",\"valueRequired\":true,\"valueName\":\"search_term_string\"}}],\"inLanguage\":\"es\"},{\"@type\":\"Person\",\"@id\":\"https:\/\/newsvirali.it\/fr\/#\/schema\/person\/4c835f7b49c9adb58b33901ee816565d\",\"name\":\"Cecco Prestina\",\"description\":\"Perch\u00e9 nasconderlo? Cecco Prestina \u00e8 un alias, ma dietro di lui non si cela un algoritmo di intelligenza artificiale. C'\u00e8 un giornalista che ha oltre vent'anni di esperienza tutta sul web. Da quando il primo modem ha iniziato a gracchiare sul territorio italiano con Video on Line, Cecco ha capito che da quel doppino sarebbe passato il futuro. Ha dedidicato tutta la sua carriera a capire Internet e poi i social e ora l'Ai. Una carriera in costante aggiornamento. E questa esperienza la mette in campo ogni giorno. Per\u00f2 ogni tanto Cecco ha voglia anche di non scrivere \\\"pipponi\\\" sulla politica, sull'economia. Ha voglia anche di scrivere qualcosa di divertente. Le notizie che trovate su Bake News sono le stesse che Cecco porta all'aperitivo con gli amici. Quelle di cui discutere per farsi due risate. Notizie, vere (qualche volta si fa fatica a crederlo), strane, divertenti, ma anche serie. Bake News \u00e8 nato per questo, dare al pubblico notizie croccanti e calde come il pane che esce dal forno. E Cecco Prestina \u00e8 nato con Bake News.\",\"url\":\"https:\/\/newsvirali.it\/es\/autore\/cecco-prestina\/\"}]}<\/script>\n<!-- \/ Yoast SEO Premium plugin. -->","yoast_head_json":{"title":"Rapito per 26 anni e ritrovato vivo, non fuggiva perch\u00e9 \"bloccato da un incantesimo\"","description":"Un uomo rapito all'et\u00e0 di 19 anni e ritrovato 26 anni dopo in Algeria era stato segregato in una stalla a 200 metri da casa sua.","robots":{"index":"index","follow":"follow","max-snippet":"max-snippet:-1","max-image-preview":"max-image-preview:large","max-video-preview":"max-video-preview:-1"},"canonical":"https:\/\/newsvirali.it\/es\/2024\/05\/16\/secuestrada-de-26-anos-encontrada-con-vida-no-escapo-del-hechizo-bloqueado\/","og_locale":"es_ES","og_type":"article","og_title":"Rapito per 26 anni e ritrovato vivo, non fuggiva perch\u00e9 \"bloccato da un incantesimo\"","og_description":"Un uomo rapito all'et\u00e0 di 19 anni e ritrovato 26 anni dopo in Algeria era stato segregato in una stalla a 200 metri da casa sua.","og_url":"https:\/\/newsvirali.it\/es\/2024\/05\/16\/secuestrada-de-26-anos-encontrada-con-vida-no-escapo-del-hechizo-bloqueado\/","og_site_name":"News virali","article_published_time":"2024-05-16T11:19:20+00:00","article_modified_time":"2024-05-16T12:18:23+00:00","og_image":[{"width":600,"height":400,"url":"https:\/\/newsvirali.it\/wp-content\/uploads\/2024\/05\/Rapito-per-26-anni-e-ritrovato-vivo-non-fuggiva-perche-bloccato-da-un-incantesimo-13.jpg","type":"image\/jpeg"}],"author":"Cecco Prestina","twitter_card":"summary_large_image","twitter_misc":{"Escrito por":"Cecco Prestina","Tiempo de lectura":"4 minutos"},"schema":{"@context":"https:\/\/schema.org","@graph":[{"@type":"NewsArticle","@id":"https:\/\/newsvirali.it\/2024\/05\/16\/rapito-26-anni-ritrovato-vivo-non-fuggiva-bloccato-incantesimo\/#article","isPartOf":{"@id":"https:\/\/newsvirali.it\/2024\/05\/16\/rapito-26-anni-ritrovato-vivo-non-fuggiva-bloccato-incantesimo\/"},"author":{"name":"Cecco Prestina","@id":"https:\/\/newsvirali.it\/fr\/#\/schema\/person\/4c835f7b49c9adb58b33901ee816565d"},"headline":"Rapito per 26 anni e ritrovato vivo, non fuggiva perch\u00e9 &#8220;bloccato da un incantesimo&#8221;","datePublished":"2024-05-16T11:19:20+00:00","dateModified":"2024-05-16T12:18:23+00:00","mainEntityOfPage":{"@id":"https:\/\/newsvirali.it\/2024\/05\/16\/rapito-26-anni-ritrovato-vivo-non-fuggiva-bloccato-incantesimo\/"},"wordCount":712,"commentCount":0,"image":{"@id":"https:\/\/newsvirali.it\/2024\/05\/16\/rapito-26-anni-ritrovato-vivo-non-fuggiva-bloccato-incantesimo\/#primaryimage"},"thumbnailUrl":"https:\/\/newsvirali.it\/wp-content\/uploads\/2024\/05\/Rapito-per-26-anni-e-ritrovato-vivo-non-fuggiva-perche-bloccato-da-un-incantesimo-13.jpg","articleSection":["Mondo"],"inLanguage":"es","potentialAction":[{"@type":"CommentAction","name":"Comment","target":["https:\/\/newsvirali.it\/2024\/05\/16\/rapito-26-anni-ritrovato-vivo-non-fuggiva-bloccato-incantesimo\/#respond"]}],"copyrightYear":"2024","copyrightHolder":{"@id":"https:\/\/newsvirali.it\/es\/#organization"}},{"@type":"WebPage","@id":"https:\/\/newsvirali.it\/2024\/05\/16\/rapito-26-anni-ritrovato-vivo-non-fuggiva-bloccato-incantesimo\/","url":"https:\/\/newsvirali.it\/2024\/05\/16\/rapito-26-anni-ritrovato-vivo-non-fuggiva-bloccato-incantesimo\/","name":"Rapito per 26 anni e ritrovato vivo, non fuggiva perch\u00e9 \"bloccato da un incantesimo\"","isPartOf":{"@id":"https:\/\/newsvirali.it\/fr\/#website"},"primaryImageOfPage":{"@id":"https:\/\/newsvirali.it\/2024\/05\/16\/rapito-26-anni-ritrovato-vivo-non-fuggiva-bloccato-incantesimo\/#primaryimage"},"image":{"@id":"https:\/\/newsvirali.it\/2024\/05\/16\/rapito-26-anni-ritrovato-vivo-non-fuggiva-bloccato-incantesimo\/#primaryimage"},"thumbnailUrl":"https:\/\/newsvirali.it\/wp-content\/uploads\/2024\/05\/Rapito-per-26-anni-e-ritrovato-vivo-non-fuggiva-perche-bloccato-da-un-incantesimo-13.jpg","datePublished":"2024-05-16T11:19:20+00:00","dateModified":"2024-05-16T12:18:23+00:00","author":{"@id":"https:\/\/newsvirali.it\/fr\/#\/schema\/person\/4c835f7b49c9adb58b33901ee816565d"},"description":"Un uomo rapito all'et\u00e0 di 19 anni e ritrovato 26 anni dopo in Algeria era stato segregato in una stalla a 200 metri da casa sua.","breadcrumb":{"@id":"https:\/\/newsvirali.it\/2024\/05\/16\/rapito-26-anni-ritrovato-vivo-non-fuggiva-bloccato-incantesimo\/#breadcrumb"},"inLanguage":"es","potentialAction":[{"@type":"ReadAction","target":["https:\/\/newsvirali.it\/2024\/05\/16\/rapito-26-anni-ritrovato-vivo-non-fuggiva-bloccato-incantesimo\/"]}]},{"@type":"ImageObject","inLanguage":"es","@id":"https:\/\/newsvirali.it\/2024\/05\/16\/rapito-26-anni-ritrovato-vivo-non-fuggiva-bloccato-incantesimo\/#primaryimage","url":"https:\/\/newsvirali.it\/wp-content\/uploads\/2024\/05\/Rapito-per-26-anni-e-ritrovato-vivo-non-fuggiva-perche-bloccato-da-un-incantesimo-13.jpg","contentUrl":"https:\/\/newsvirali.it\/wp-content\/uploads\/2024\/05\/Rapito-per-26-anni-e-ritrovato-vivo-non-fuggiva-perche-bloccato-da-un-incantesimo-13.jpg","width":600,"height":400,"caption":"Rapito per 26 anni e ritrovato vivo, non fuggiva perch\u00e9 bloccato da un incantesimo (13)"},{"@type":"BreadcrumbList","@id":"https:\/\/newsvirali.it\/2024\/05\/16\/rapito-26-anni-ritrovato-vivo-non-fuggiva-bloccato-incantesimo\/#breadcrumb","itemListElement":[{"@type":"ListItem","position":1,"name":"Home","item":"https:\/\/newsvirali.it\/fr\/"},{"@type":"ListItem","position":2,"name":"Rapito per 26 anni e ritrovato vivo, non fuggiva perch\u00e9 &#8220;bloccato da un incantesimo&#8221;"}]},{"@type":"WebSite","@id":"https:\/\/newsvirali.it\/fr\/#website","url":"https:\/\/newsvirali.it\/fr\/","name":"Bake News","description":"","potentialAction":[{"@type":"SearchAction","target":{"@type":"EntryPoint","urlTemplate":"https:\/\/newsvirali.it\/fr\/?s={search_term_string}"},"query-input":{"@type":"PropertyValueSpecification","valueRequired":true,"valueName":"search_term_string"}}],"inLanguage":"es"},{"@type":"Person","@id":"https:\/\/newsvirali.it\/fr\/#\/schema\/person\/4c835f7b49c9adb58b33901ee816565d","name":"Cecco Prestina","description":"Perch\u00e9 nasconderlo? Cecco Prestina \u00e8 un alias, ma dietro di lui non si cela un algoritmo di intelligenza artificiale. C'\u00e8 un giornalista che ha oltre vent'anni di esperienza tutta sul web. Da quando il primo modem ha iniziato a gracchiare sul territorio italiano con Video on Line, Cecco ha capito che da quel doppino sarebbe passato il futuro. Ha dedidicato tutta la sua carriera a capire Internet e poi i social e ora l'Ai. Una carriera in costante aggiornamento. E questa esperienza la mette in campo ogni giorno. Per\u00f2 ogni tanto Cecco ha voglia anche di non scrivere \"pipponi\" sulla politica, sull'economia. Ha voglia anche di scrivere qualcosa di divertente. Le notizie che trovate su Bake News sono le stesse che Cecco porta all'aperitivo con gli amici. Quelle di cui discutere per farsi due risate. Notizie, vere (qualche volta si fa fatica a crederlo), strane, divertenti, ma anche serie. Bake News \u00e8 nato per questo, dare al pubblico notizie croccanti e calde come il pane che esce dal forno. E Cecco Prestina \u00e8 nato con Bake News.","url":"https:\/\/newsvirali.it\/es\/autore\/cecco-prestina\/"}]}},"_links":{"self":[{"href":"https:\/\/newsvirali.it\/es\/wp-json\/wp\/v2\/posts\/28440","targetHints":{"allow":["GET"]}}],"collection":[{"href":"https:\/\/newsvirali.it\/es\/wp-json\/wp\/v2\/posts"}],"about":[{"href":"https:\/\/newsvirali.it\/es\/wp-json\/wp\/v2\/types\/post"}],"author":[{"embeddable":true,"href":"https:\/\/newsvirali.it\/es\/wp-json\/wp\/v2\/users\/4"}],"replies":[{"embeddable":true,"href":"https:\/\/newsvirali.it\/es\/wp-json\/wp\/v2\/comments?post=28440"}],"version-history":[{"count":7,"href":"https:\/\/newsvirali.it\/es\/wp-json\/wp\/v2\/posts\/28440\/revisions"}],"predecessor-version":[{"id":28465,"href":"https:\/\/newsvirali.it\/es\/wp-json\/wp\/v2\/posts\/28440\/revisions\/28465"}],"wp:featuredmedia":[{"embeddable":true,"href":"https:\/\/newsvirali.it\/es\/wp-json\/wp\/v2\/media\/28456"}],"wp:attachment":[{"href":"https:\/\/newsvirali.it\/es\/wp-json\/wp\/v2\/media?parent=28440"}],"wp:term":[{"taxonomy":"category","embeddable":true,"href":"https:\/\/newsvirali.it\/es\/wp-json\/wp\/v2\/categories?post=28440"},{"taxonomy":"post_tag","embeddable":true,"href":"https:\/\/newsvirali.it\/es\/wp-json\/wp\/v2\/tags?post=28440"}],"curies":[{"name":"wp","href":"https:\/\/api.w.org\/{rel}","templated":true}]}}