{"id":26415,"date":"2024-05-07T11:24:40","date_gmt":"2024-05-07T09:24:40","guid":{"rendered":"https:\/\/www.bakenews.it\/?p=26415"},"modified":"2024-05-07T11:24:42","modified_gmt":"2024-05-07T09:24:42","slug":"corfu-tradizionale-lancio-del-vaso-finisce-male-fracassato-in-testa-a-una-donna","status":"publish","type":"post","link":"https:\/\/newsvirali.it\/es\/2024\/05\/07\/el-lanzamiento-tradicional-del-jarron-en-corfu-acaba-aplastando-gravemente-la-cabeza-de-una-mujer\/","title":{"rendered":"En Corf\u00fa, el tradicional lanzamiento de jarrones termina mal: aplastan la cabeza de una mujer"},"content":{"rendered":"<p>Una tradici\u00f3n centenaria en la isla griega de Corf\u00fa corr\u00eda el riesgo de convertirse en tragedia cuando un jarr\u00f3n arrojado desde la ventana por el teniente de alcalde acab\u00f3 sobre la cabeza de una mujer, rompi\u00e9ndose en mil pedazos. Los corfiotas celebran el S\u00e1bado Santo con una costumbre llamada \u201cbotides\u201d en la que la gente arroja grandes c\u00e1ntaros de barro llenos de agua desde sus balcones.<\/p>\n\n\n\n<p><strong>LEER TAMBI\u00c9N<\/strong><\/p>\n\n\n\n<ul class=\"wp-block-list\">\n<li><a href=\"https:\/\/www.bakenews.it\/festa-di-natale-allasilo-finisce-male-licenziata-perche-si-e-comportata-male\/\">La fiesta de Navidad en la guarder\u00eda acaba mal: la despiden porque &quot;se port\u00f3 mal&quot;<\/a><\/li>\n\n\n\n<li><a href=\"https:\/\/www.bakenews.it\/intervento-di-allungamento-pene-finisce-male-muore-32enne\/\">La cirug\u00eda de agrandamiento del pene termina mal: muere un hombre de 32 a\u00f1os<\/a><\/li>\n\n\n\n<li><a href=\"https:\/\/www.bakenews.it\/pranzo-di-nozze-finisce-tra-diarrea-e-vomito-100-invitati-intossicati\/\">La cena de boda termina con diarrea y v\u00f3mitos, 100 invitados ebrios<\/a><\/li>\n\n\n\n<li><a href=\"https:\/\/www.bakenews.it\/follia-a-tenerife-turista-si-tuffa-in-grotta-e-finisce-sugli-scogli-video\/\">Locura en Tenerife, turista se sumerge en cueva y termina en rocas: v\u00eddeo<\/a><\/li>\n<\/ul>\n\n\n\n<p>Mientras las jarras se hacen a\u00f1icos en la calle, miles de isle\u00f1os y turistas observan, aplauden y, por supuesto, son salpicados por el agua. Sin embargo, el domingo, una mujer, a su pesar, sufri\u00f3 un fuerte dolor de cabeza despu\u00e9s de que una de las lochas fuera arrojada desde la ventana del ayuntamiento y cayera sobre ella.<\/p>\n\n\n\n<h2 class=\"wp-block-heading\" id=\"h-donna-colpita-in-testa-dal-vaso-lanciato-dal-vicesindaco-di-corfu\">Mujer golpeada en la cabeza por el jarr\u00f3n arrojado por el teniente de alcalde de Corf\u00fa<\/h2>\n\n\n\n<p>De hecho, no fue un residente cualquiera quien tir\u00f3 la enorme jarra, sino el teniente de alcalde Spyros Spyros Halikiopoulo, seg\u00fan Corfu TV News. El v\u00eddeo muestra a Halikiopoulo empujando la gran jarra desde el balc\u00f3n sin darse cuenta de que dos personas caminaban por la acera alrededor de las 11 de la ma\u00f1ana. Con pedazos de la jarra rota esparcidos por el suelo, se puede escuchar a la multitud gritar mientras los espectadores corren en ayuda de las dos mujeres.<\/p>\n\n\n\n<p>Una de las mujeres fue trasladada al hospital como medida de precauci\u00f3n, y Halikiopoulo no tard\u00f3 en seguirla, preocupado. Halikiopoulos dijo que las lesiones relacionadas con la tradici\u00f3n son pocas y espaciadas.<\/p>\n\n\n\n<figure class=\"wp-block-embed is-type-video is-provider-youtube wp-block-embed-youtube wp-embed-aspect-4-3 wp-has-aspect-ratio\"><div class=\"wp-block-embed__wrapper\">\n<iframe loading=\"lazy\" title=\"\u039a\u03ad\u03c1\u03ba\u03c5\u03c1\u03b1: \u039a\u03b1\u03c4\u03ac \u03bb\u03ac\u03b8\u03bf\u03c2\u2026 \u03b1\u03bb\u03bb\u03ac \u03ad\u03b3\u03b9\u03bd\u03b5! \u0388\u03c0\u03b5\u03c3\u03b5 \u03bf \u039c\u03c0\u03cc\u03c4\u03b7\u03c2 \u03c3\u03c4\u03bf \u03ba\u03b5\u03c6\u03ac\u03bb\u03b9 \u03c4\u03b7\u03c2.\" width=\"500\" height=\"375\" src=\"https:\/\/www.youtube.com\/embed\/G87t869RuEg?feature=oembed\" frameborder=\"0\" allow=\"accelerometer; autoplay; clipboard-write; encrypted-media; gyroscope; picture-in-picture; web-share\" referrerpolicy=\"strict-origin-when-cross-origin\" allowfullscreen><\/iframe>\n<\/div><\/figure>\n\n\n\n<p>\u201cA pesar de que los tenientes de alcalde hab\u00edan tomado todas las precauciones necesarias, revisando el \u00e1rea frente a la ventana donde se encontraban, cuando cay\u00f3 el jarr\u00f3n, dos mujeres j\u00f3venes pasaron a gran velocidad, tras lo cual una de ellas recibi\u00f3 un golpe en la cabeza. y hombro\u201d, dijo su oficina en un comunicado.<\/p>\n\n\n\n<h2 class=\"wp-block-heading\" id=\"h-i-feriti-in-questa-festa-sono-eventi-rari\">Las lesiones en este partido son &quot;hechos raros&quot;<\/h2>\n\n\n\n<p>La declaraci\u00f3n contin\u00faa: \u201cEste es un evento raro, ya que aunque miles de botas caen durante la costumbre (y a menudo desde una gran altura), las lesiones son raras ya que todos prestan mucha atenci\u00f3n y, por lo tanto, disfrutan de este momento \u00fanico.<\/p>\n\n\n\n<p>\u201cCon motivo del accidente, el concejal de Desarrollo Tur\u00edstico Sostenible, dirigi\u00e9ndose al p\u00fablico, vela por la seguridad de los disfraces, pero llama la atenci\u00f3n de todos para evitar incluso estos accidentes tan raros\u201d.<\/p>\n\n\n\n<h2 class=\"wp-block-heading\" id=\"h-la-tradizione-dei-botides-nata-dai-veneziani\">\u00bfLa tradici\u00f3n de las botides nacida de los venecianos?<\/h2>\n\n\n\n<p>Nadie sabe a ciencia cierta d\u00f3nde se origin\u00f3 la tradici\u00f3n de las b\u00f3tidas. Pero en general se acepta que los venecianos que gobernaron Corf\u00fa entre los siglos XIV y XVIII desempe\u00f1aron un papel importante. Los venecianos tomar\u00edan literalmente el dicho \u201ca\u00f1o nuevo, nuevo yo\u201d y celebrar\u00edan el a\u00f1o nuevo tirando sus cosas viejas por la ventana.<\/p>\n\n\n\n<p><strong>LEER OTRAS NOTICIAS DEL MUNDO<\/strong><\/p>\n\n\n<ul class=\"wp-block-latest-posts__list wp-block-latest-posts\"><li><a class=\"wp-block-latest-posts__post-title\" href=\"https:\/\/newsvirali.it\/es\/2026\/02\/12\/emma-amit-cangrejo-diablo-muerto\/\">La vlogger Emma Amit muere tras comer un cangrejo diablo t\u00f3xico<\/a><\/li>\n<li><a class=\"wp-block-latest-posts__post-title\" href=\"https:\/\/newsvirali.it\/es\/2026\/02\/05\/tres-hermanas-se-suicidan-en-india\/\">Padres confiscan celulares por jugar en exceso: tres hermanas se suicidan<\/a><\/li>\n<li><a class=\"wp-block-latest-posts__post-title\" href=\"https:\/\/newsvirali.it\/es\/2026\/01\/30\/arresto-en-resort-de-florida-por-actos-obscenos\/\">Resort de Florida sorprende: hombre arrestado por exposici\u00f3n indecente con una aspiradora<\/a><\/li>\n<li><a class=\"wp-block-latest-posts__post-title\" href=\"https:\/\/newsvirali.it\/es\/2026\/01\/28\/un-padre-borracho-ahorca-a-su-hijo-en-un-impactante-video\/\">Padre borracho cuelga a su hijo por la ventana: impactante video<\/a><\/li>\n<li><a class=\"wp-block-latest-posts__post-title\" href=\"https:\/\/newsvirali.it\/es\/2026\/01\/27\/maestra-embarazada-y-estudiante-de-13-anos\/\">Maestra admite que qued\u00f3 embarazada de estudiante de 13 a\u00f1os<\/a><\/li>\n<\/ul><br \/>S\u00edguenos tambi\u00e9n en Google News: <b><a href=\"https:\/\/news.google.com\/publications\/CAAqBwgKMNqJiwswjMfqAg?hl=it&gl=IT&ceid=IT:it\" target=\"_blank\">haga clic aqu\u00ed<\/a><\/b>","protected":false},"excerpt":{"rendered":"<p>Una tradici\u00f3n centenaria en la isla griega de Corf\u00fa corr\u00eda el riesgo de convertirse en tragedia cuando un jarr\u00f3n arrojado desde la ventana por [\u2026]<\/p>","protected":false},"author":4,"featured_media":26436,"comment_status":"open","ping_status":"open","sticky":false,"template":"","format":"standard","meta":{"MSN_Categories":"Uncategorized","MSN_Publish_Option":false,"MSN_Is_Local_News":false,"MSN_Is_AIAC_Included":"Empty","MSN_Location":"[]","MSN_Add_Feature_Img_On_Top_Of_Post":false,"MSN_Has_Custom_Author":false,"MSN_Custom_Author":"","MSN_Has_Custom_Canonical_Url":false,"MSN_Custom_Canonical_Url":"","footnotes":""},"categories":[9],"tags":[],"class_list":["post-26415","post","type-post","status-publish","format-standard","has-post-thumbnail","hentry","category-mondo"],"acf":[],"yoast_head":"<!-- This site is optimized with the Yoast SEO Premium plugin v26.7 (Yoast SEO v26.7) - https:\/\/yoast.com\/wordpress\/plugins\/seo\/ -->\n<title>Corf\u00f9, tradizionale lancio del vaso va male: in testa a una donna<\/title>\n<meta name=\"description\" content=\"Una tradizione di Corf\u00f9 ha rischiato di diventare tragedia quando un vaso lanciato dal vicesindaco \u00e8 finito in testa ad una donna.\" \/>\n<meta name=\"robots\" content=\"index, follow, max-snippet:-1, max-image-preview:large, max-video-preview:-1\" \/>\n<link rel=\"canonical\" href=\"https:\/\/newsvirali.it\/es\/2024\/05\/07\/das-traditionelle-werfen-der-vase-auf-korfu-endet-schwer-mit-dem-kopf-einer-frau\/\" \/>\n<meta property=\"og:locale\" content=\"es_ES\" \/>\n<meta property=\"og:type\" content=\"article\" \/>\n<meta property=\"og:title\" content=\"Corf\u00f9, tradizionale lancio del vaso finisce male: fracassato in testa a una donna\" \/>\n<meta property=\"og:description\" content=\"Una tradizione di Corf\u00f9 ha rischiato di diventare tragedia quando un vaso lanciato dal vicesindaco \u00e8 finito in testa ad una donna.\" \/>\n<meta property=\"og:url\" content=\"https:\/\/newsvirali.it\/es\/2024\/05\/07\/das-traditionelle-werfen-der-vase-auf-korfu-endet-schwer-mit-dem-kopf-einer-frau\/\" \/>\n<meta property=\"og:site_name\" content=\"News virali\" \/>\n<meta property=\"article:published_time\" content=\"2024-05-07T09:24:40+00:00\" \/>\n<meta property=\"article:modified_time\" content=\"2024-05-07T09:24:42+00:00\" \/>\n<meta property=\"og:image\" content=\"https:\/\/newsvirali.it\/wp-content\/uploads\/2024\/05\/Corfu-tradizionale-lancio-del-vaso-finisce-male-fracassato-in-testa-a-una-donna.jpg\" \/>\n\t<meta property=\"og:image:width\" content=\"600\" \/>\n\t<meta property=\"og:image:height\" content=\"400\" \/>\n\t<meta property=\"og:image:type\" content=\"image\/jpeg\" \/>\n<meta name=\"author\" content=\"Cecco Prestina\" \/>\n<meta name=\"twitter:card\" content=\"summary_large_image\" \/>\n<meta name=\"twitter:label1\" content=\"Escrito por\" \/>\n\t<meta name=\"twitter:data1\" content=\"Cecco Prestina\" \/>\n\t<meta name=\"twitter:label2\" content=\"Tiempo de lectura\" \/>\n\t<meta name=\"twitter:data2\" content=\"3 minutos\" \/>\n<script type=\"application\/ld+json\" class=\"yoast-schema-graph\">{\"@context\":\"https:\/\/schema.org\",\"@graph\":[{\"@type\":\"NewsArticle\",\"@id\":\"https:\/\/newsvirali.it\/de\/2024\/05\/07\/das-traditionelle-werfen-der-vase-auf-korfu-endet-schwer-mit-dem-kopf-einer-frau\/#article\",\"isPartOf\":{\"@id\":\"https:\/\/newsvirali.it\/de\/2024\/05\/07\/das-traditionelle-werfen-der-vase-auf-korfu-endet-schwer-mit-dem-kopf-einer-frau\/\"},\"author\":{\"name\":\"Cecco Prestina\",\"@id\":\"https:\/\/newsvirali.it\/fr\/#\/schema\/person\/4c835f7b49c9adb58b33901ee816565d\"},\"headline\":\"Corf\u00f9, tradizionale lancio del vaso finisce male: fracassato in testa a una donna\",\"datePublished\":\"2024-05-07T09:24:40+00:00\",\"dateModified\":\"2024-05-07T09:24:42+00:00\",\"mainEntityOfPage\":{\"@id\":\"https:\/\/newsvirali.it\/de\/2024\/05\/07\/das-traditionelle-werfen-der-vase-auf-korfu-endet-schwer-mit-dem-kopf-einer-frau\/\"},\"wordCount\":489,\"commentCount\":0,\"image\":{\"@id\":\"https:\/\/newsvirali.it\/de\/2024\/05\/07\/das-traditionelle-werfen-der-vase-auf-korfu-endet-schwer-mit-dem-kopf-einer-frau\/#primaryimage\"},\"thumbnailUrl\":\"https:\/\/newsvirali.it\/wp-content\/uploads\/2024\/05\/Corfu-tradizionale-lancio-del-vaso-finisce-male-fracassato-in-testa-a-una-donna.jpg\",\"articleSection\":[\"Mondo\"],\"inLanguage\":\"es\",\"potentialAction\":[{\"@type\":\"CommentAction\",\"name\":\"Comment\",\"target\":[\"https:\/\/newsvirali.it\/de\/2024\/05\/07\/das-traditionelle-werfen-der-vase-auf-korfu-endet-schwer-mit-dem-kopf-einer-frau\/#respond\"]}],\"copyrightYear\":\"2024\",\"copyrightHolder\":{\"@id\":\"https:\/\/newsvirali.it\/es\/#organization\"}},{\"@type\":\"WebPage\",\"@id\":\"https:\/\/newsvirali.it\/de\/2024\/05\/07\/das-traditionelle-werfen-der-vase-auf-korfu-endet-schwer-mit-dem-kopf-einer-frau\/\",\"url\":\"https:\/\/newsvirali.it\/de\/2024\/05\/07\/das-traditionelle-werfen-der-vase-auf-korfu-endet-schwer-mit-dem-kopf-einer-frau\/\",\"name\":\"Corf\u00f9, tradizionale lancio del vaso va male: in testa a una donna\",\"isPartOf\":{\"@id\":\"https:\/\/newsvirali.it\/fr\/#website\"},\"primaryImageOfPage\":{\"@id\":\"https:\/\/newsvirali.it\/de\/2024\/05\/07\/das-traditionelle-werfen-der-vase-auf-korfu-endet-schwer-mit-dem-kopf-einer-frau\/#primaryimage\"},\"image\":{\"@id\":\"https:\/\/newsvirali.it\/de\/2024\/05\/07\/das-traditionelle-werfen-der-vase-auf-korfu-endet-schwer-mit-dem-kopf-einer-frau\/#primaryimage\"},\"thumbnailUrl\":\"https:\/\/newsvirali.it\/wp-content\/uploads\/2024\/05\/Corfu-tradizionale-lancio-del-vaso-finisce-male-fracassato-in-testa-a-una-donna.jpg\",\"datePublished\":\"2024-05-07T09:24:40+00:00\",\"dateModified\":\"2024-05-07T09:24:42+00:00\",\"author\":{\"@id\":\"https:\/\/newsvirali.it\/fr\/#\/schema\/person\/4c835f7b49c9adb58b33901ee816565d\"},\"description\":\"Una tradizione di Corf\u00f9 ha rischiato di diventare tragedia quando un vaso lanciato dal vicesindaco \u00e8 finito in testa ad una donna.\",\"breadcrumb\":{\"@id\":\"https:\/\/newsvirali.it\/de\/2024\/05\/07\/das-traditionelle-werfen-der-vase-auf-korfu-endet-schwer-mit-dem-kopf-einer-frau\/#breadcrumb\"},\"inLanguage\":\"es\",\"potentialAction\":[{\"@type\":\"ReadAction\",\"target\":[\"https:\/\/newsvirali.it\/de\/2024\/05\/07\/das-traditionelle-werfen-der-vase-auf-korfu-endet-schwer-mit-dem-kopf-einer-frau\/\"]}]},{\"@type\":\"ImageObject\",\"inLanguage\":\"es\",\"@id\":\"https:\/\/newsvirali.it\/de\/2024\/05\/07\/das-traditionelle-werfen-der-vase-auf-korfu-endet-schwer-mit-dem-kopf-einer-frau\/#primaryimage\",\"url\":\"https:\/\/newsvirali.it\/wp-content\/uploads\/2024\/05\/Corfu-tradizionale-lancio-del-vaso-finisce-male-fracassato-in-testa-a-una-donna.jpg\",\"contentUrl\":\"https:\/\/newsvirali.it\/wp-content\/uploads\/2024\/05\/Corfu-tradizionale-lancio-del-vaso-finisce-male-fracassato-in-testa-a-una-donna.jpg\",\"width\":600,\"height\":400,\"caption\":\"Corf\u00f9, tradizionale lancio del vaso finisce male fracassato in testa a una donna\"},{\"@type\":\"BreadcrumbList\",\"@id\":\"https:\/\/newsvirali.it\/de\/2024\/05\/07\/das-traditionelle-werfen-der-vase-auf-korfu-endet-schwer-mit-dem-kopf-einer-frau\/#breadcrumb\",\"itemListElement\":[{\"@type\":\"ListItem\",\"position\":1,\"name\":\"Home\",\"item\":\"https:\/\/newsvirali.it\/fr\/\"},{\"@type\":\"ListItem\",\"position\":2,\"name\":\"Corf\u00f9, tradizionale lancio del vaso finisce male: fracassato in testa a una donna\"}]},{\"@type\":\"WebSite\",\"@id\":\"https:\/\/newsvirali.it\/fr\/#website\",\"url\":\"https:\/\/newsvirali.it\/fr\/\",\"name\":\"Bake News\",\"description\":\"\",\"potentialAction\":[{\"@type\":\"SearchAction\",\"target\":{\"@type\":\"EntryPoint\",\"urlTemplate\":\"https:\/\/newsvirali.it\/fr\/?s={search_term_string}\"},\"query-input\":{\"@type\":\"PropertyValueSpecification\",\"valueRequired\":true,\"valueName\":\"search_term_string\"}}],\"inLanguage\":\"es\"},{\"@type\":\"Person\",\"@id\":\"https:\/\/newsvirali.it\/fr\/#\/schema\/person\/4c835f7b49c9adb58b33901ee816565d\",\"name\":\"Cecco Prestina\",\"description\":\"Perch\u00e9 nasconderlo? Cecco Prestina \u00e8 un alias, ma dietro di lui non si cela un algoritmo di intelligenza artificiale. C'\u00e8 un giornalista che ha oltre vent'anni di esperienza tutta sul web. Da quando il primo modem ha iniziato a gracchiare sul territorio italiano con Video on Line, Cecco ha capito che da quel doppino sarebbe passato il futuro. Ha dedidicato tutta la sua carriera a capire Internet e poi i social e ora l'Ai. Una carriera in costante aggiornamento. E questa esperienza la mette in campo ogni giorno. Per\u00f2 ogni tanto Cecco ha voglia anche di non scrivere \\\"pipponi\\\" sulla politica, sull'economia. Ha voglia anche di scrivere qualcosa di divertente. Le notizie che trovate su Bake News sono le stesse che Cecco porta all'aperitivo con gli amici. Quelle di cui discutere per farsi due risate. Notizie, vere (qualche volta si fa fatica a crederlo), strane, divertenti, ma anche serie. Bake News \u00e8 nato per questo, dare al pubblico notizie croccanti e calde come il pane che esce dal forno. E Cecco Prestina \u00e8 nato con Bake News.\",\"url\":\"https:\/\/newsvirali.it\/es\/autore\/cecco-prestina\/\"}]}<\/script>\n<!-- \/ Yoast SEO Premium plugin. -->","yoast_head_json":{"title":"Corf\u00f9, tradizionale lancio del vaso va male: in testa a una donna","description":"Una tradizione di Corf\u00f9 ha rischiato di diventare tragedia quando un vaso lanciato dal vicesindaco \u00e8 finito in testa ad una donna.","robots":{"index":"index","follow":"follow","max-snippet":"max-snippet:-1","max-image-preview":"max-image-preview:large","max-video-preview":"max-video-preview:-1"},"canonical":"https:\/\/newsvirali.it\/es\/2024\/05\/07\/das-traditionelle-werfen-der-vase-auf-korfu-endet-schwer-mit-dem-kopf-einer-frau\/","og_locale":"es_ES","og_type":"article","og_title":"Corf\u00f9, tradizionale lancio del vaso finisce male: fracassato in testa a una donna","og_description":"Una tradizione di Corf\u00f9 ha rischiato di diventare tragedia quando un vaso lanciato dal vicesindaco \u00e8 finito in testa ad una donna.","og_url":"https:\/\/newsvirali.it\/es\/2024\/05\/07\/das-traditionelle-werfen-der-vase-auf-korfu-endet-schwer-mit-dem-kopf-einer-frau\/","og_site_name":"News virali","article_published_time":"2024-05-07T09:24:40+00:00","article_modified_time":"2024-05-07T09:24:42+00:00","og_image":[{"width":600,"height":400,"url":"https:\/\/newsvirali.it\/wp-content\/uploads\/2024\/05\/Corfu-tradizionale-lancio-del-vaso-finisce-male-fracassato-in-testa-a-una-donna.jpg","type":"image\/jpeg"}],"author":"Cecco Prestina","twitter_card":"summary_large_image","twitter_misc":{"Escrito por":"Cecco Prestina","Tiempo de lectura":"3 minutos"},"schema":{"@context":"https:\/\/schema.org","@graph":[{"@type":"NewsArticle","@id":"https:\/\/newsvirali.it\/de\/2024\/05\/07\/das-traditionelle-werfen-der-vase-auf-korfu-endet-schwer-mit-dem-kopf-einer-frau\/#article","isPartOf":{"@id":"https:\/\/newsvirali.it\/de\/2024\/05\/07\/das-traditionelle-werfen-der-vase-auf-korfu-endet-schwer-mit-dem-kopf-einer-frau\/"},"author":{"name":"Cecco Prestina","@id":"https:\/\/newsvirali.it\/fr\/#\/schema\/person\/4c835f7b49c9adb58b33901ee816565d"},"headline":"Corf\u00f9, tradizionale lancio del vaso finisce male: fracassato in testa a una donna","datePublished":"2024-05-07T09:24:40+00:00","dateModified":"2024-05-07T09:24:42+00:00","mainEntityOfPage":{"@id":"https:\/\/newsvirali.it\/de\/2024\/05\/07\/das-traditionelle-werfen-der-vase-auf-korfu-endet-schwer-mit-dem-kopf-einer-frau\/"},"wordCount":489,"commentCount":0,"image":{"@id":"https:\/\/newsvirali.it\/de\/2024\/05\/07\/das-traditionelle-werfen-der-vase-auf-korfu-endet-schwer-mit-dem-kopf-einer-frau\/#primaryimage"},"thumbnailUrl":"https:\/\/newsvirali.it\/wp-content\/uploads\/2024\/05\/Corfu-tradizionale-lancio-del-vaso-finisce-male-fracassato-in-testa-a-una-donna.jpg","articleSection":["Mondo"],"inLanguage":"es","potentialAction":[{"@type":"CommentAction","name":"Comment","target":["https:\/\/newsvirali.it\/de\/2024\/05\/07\/das-traditionelle-werfen-der-vase-auf-korfu-endet-schwer-mit-dem-kopf-einer-frau\/#respond"]}],"copyrightYear":"2024","copyrightHolder":{"@id":"https:\/\/newsvirali.it\/es\/#organization"}},{"@type":"WebPage","@id":"https:\/\/newsvirali.it\/de\/2024\/05\/07\/das-traditionelle-werfen-der-vase-auf-korfu-endet-schwer-mit-dem-kopf-einer-frau\/","url":"https:\/\/newsvirali.it\/de\/2024\/05\/07\/das-traditionelle-werfen-der-vase-auf-korfu-endet-schwer-mit-dem-kopf-einer-frau\/","name":"Corf\u00f9, tradizionale lancio del vaso va male: in testa a una donna","isPartOf":{"@id":"https:\/\/newsvirali.it\/fr\/#website"},"primaryImageOfPage":{"@id":"https:\/\/newsvirali.it\/de\/2024\/05\/07\/das-traditionelle-werfen-der-vase-auf-korfu-endet-schwer-mit-dem-kopf-einer-frau\/#primaryimage"},"image":{"@id":"https:\/\/newsvirali.it\/de\/2024\/05\/07\/das-traditionelle-werfen-der-vase-auf-korfu-endet-schwer-mit-dem-kopf-einer-frau\/#primaryimage"},"thumbnailUrl":"https:\/\/newsvirali.it\/wp-content\/uploads\/2024\/05\/Corfu-tradizionale-lancio-del-vaso-finisce-male-fracassato-in-testa-a-una-donna.jpg","datePublished":"2024-05-07T09:24:40+00:00","dateModified":"2024-05-07T09:24:42+00:00","author":{"@id":"https:\/\/newsvirali.it\/fr\/#\/schema\/person\/4c835f7b49c9adb58b33901ee816565d"},"description":"Una tradizione di Corf\u00f9 ha rischiato di diventare tragedia quando un vaso lanciato dal vicesindaco \u00e8 finito in testa ad una donna.","breadcrumb":{"@id":"https:\/\/newsvirali.it\/de\/2024\/05\/07\/das-traditionelle-werfen-der-vase-auf-korfu-endet-schwer-mit-dem-kopf-einer-frau\/#breadcrumb"},"inLanguage":"es","potentialAction":[{"@type":"ReadAction","target":["https:\/\/newsvirali.it\/de\/2024\/05\/07\/das-traditionelle-werfen-der-vase-auf-korfu-endet-schwer-mit-dem-kopf-einer-frau\/"]}]},{"@type":"ImageObject","inLanguage":"es","@id":"https:\/\/newsvirali.it\/de\/2024\/05\/07\/das-traditionelle-werfen-der-vase-auf-korfu-endet-schwer-mit-dem-kopf-einer-frau\/#primaryimage","url":"https:\/\/newsvirali.it\/wp-content\/uploads\/2024\/05\/Corfu-tradizionale-lancio-del-vaso-finisce-male-fracassato-in-testa-a-una-donna.jpg","contentUrl":"https:\/\/newsvirali.it\/wp-content\/uploads\/2024\/05\/Corfu-tradizionale-lancio-del-vaso-finisce-male-fracassato-in-testa-a-una-donna.jpg","width":600,"height":400,"caption":"Corf\u00f9, tradizionale lancio del vaso finisce male fracassato in testa a una donna"},{"@type":"BreadcrumbList","@id":"https:\/\/newsvirali.it\/de\/2024\/05\/07\/das-traditionelle-werfen-der-vase-auf-korfu-endet-schwer-mit-dem-kopf-einer-frau\/#breadcrumb","itemListElement":[{"@type":"ListItem","position":1,"name":"Home","item":"https:\/\/newsvirali.it\/fr\/"},{"@type":"ListItem","position":2,"name":"Corf\u00f9, tradizionale lancio del vaso finisce male: fracassato in testa a una donna"}]},{"@type":"WebSite","@id":"https:\/\/newsvirali.it\/fr\/#website","url":"https:\/\/newsvirali.it\/fr\/","name":"Bake News","description":"","potentialAction":[{"@type":"SearchAction","target":{"@type":"EntryPoint","urlTemplate":"https:\/\/newsvirali.it\/fr\/?s={search_term_string}"},"query-input":{"@type":"PropertyValueSpecification","valueRequired":true,"valueName":"search_term_string"}}],"inLanguage":"es"},{"@type":"Person","@id":"https:\/\/newsvirali.it\/fr\/#\/schema\/person\/4c835f7b49c9adb58b33901ee816565d","name":"Cecco Prestina","description":"Perch\u00e9 nasconderlo? Cecco Prestina \u00e8 un alias, ma dietro di lui non si cela un algoritmo di intelligenza artificiale. C'\u00e8 un giornalista che ha oltre vent'anni di esperienza tutta sul web. Da quando il primo modem ha iniziato a gracchiare sul territorio italiano con Video on Line, Cecco ha capito che da quel doppino sarebbe passato il futuro. Ha dedidicato tutta la sua carriera a capire Internet e poi i social e ora l'Ai. Una carriera in costante aggiornamento. E questa esperienza la mette in campo ogni giorno. Per\u00f2 ogni tanto Cecco ha voglia anche di non scrivere \"pipponi\" sulla politica, sull'economia. Ha voglia anche di scrivere qualcosa di divertente. Le notizie che trovate su Bake News sono le stesse che Cecco porta all'aperitivo con gli amici. Quelle di cui discutere per farsi due risate. Notizie, vere (qualche volta si fa fatica a crederlo), strane, divertenti, ma anche serie. Bake News \u00e8 nato per questo, dare al pubblico notizie croccanti e calde come il pane che esce dal forno. E Cecco Prestina \u00e8 nato con Bake News.","url":"https:\/\/newsvirali.it\/es\/autore\/cecco-prestina\/"}]}},"_links":{"self":[{"href":"https:\/\/newsvirali.it\/es\/wp-json\/wp\/v2\/posts\/26415","targetHints":{"allow":["GET"]}}],"collection":[{"href":"https:\/\/newsvirali.it\/es\/wp-json\/wp\/v2\/posts"}],"about":[{"href":"https:\/\/newsvirali.it\/es\/wp-json\/wp\/v2\/types\/post"}],"author":[{"embeddable":true,"href":"https:\/\/newsvirali.it\/es\/wp-json\/wp\/v2\/users\/4"}],"replies":[{"embeddable":true,"href":"https:\/\/newsvirali.it\/es\/wp-json\/wp\/v2\/comments?post=26415"}],"version-history":[{"count":3,"href":"https:\/\/newsvirali.it\/es\/wp-json\/wp\/v2\/posts\/26415\/revisions"}],"predecessor-version":[{"id":26502,"href":"https:\/\/newsvirali.it\/es\/wp-json\/wp\/v2\/posts\/26415\/revisions\/26502"}],"wp:featuredmedia":[{"embeddable":true,"href":"https:\/\/newsvirali.it\/es\/wp-json\/wp\/v2\/media\/26436"}],"wp:attachment":[{"href":"https:\/\/newsvirali.it\/es\/wp-json\/wp\/v2\/media?parent=26415"}],"wp:term":[{"taxonomy":"category","embeddable":true,"href":"https:\/\/newsvirali.it\/es\/wp-json\/wp\/v2\/categories?post=26415"},{"taxonomy":"post_tag","embeddable":true,"href":"https:\/\/newsvirali.it\/es\/wp-json\/wp\/v2\/tags?post=26415"}],"curies":[{"name":"wp","href":"https:\/\/api.w.org\/{rel}","templated":true}]}}