{"id":24114,"date":"2024-04-23T10:45:34","date_gmt":"2024-04-23T08:45:34","guid":{"rendered":"https:\/\/www.bakenews.it\/?p=24114"},"modified":"2024-04-23T10:45:35","modified_gmt":"2024-04-23T08:45:35","slug":"ramzan-kadyrov-sta-morendo-il-leader-ceceno-avrebbe-una-pancreatite","status":"publish","type":"post","link":"https:\/\/newsvirali.it\/es\/2024\/04\/23\/ramzan-kadyrov-esta-muriendo-el-lider-checheno-tiene-pancreatitis\/","title":{"rendered":"\u201cRamzan Kadyrov se est\u00e1 muriendo\u201d, el l\u00edder checheno tiene pancreatitis"},"content":{"rendered":"<p>El peri\u00f3dico Novaya Gazeta Europe afirma que el se\u00f1or de la guerra checheno Ramzan Kadyrov, de 47 a\u00f1os, sufre una enfermedad del p\u00e1ncreas y se est\u00e1 muriendo: &quot;No tiene esperanzas de recuperarse&quot;. El medio de comunicaci\u00f3n afirma que Kadyrov \u2013un aliado clave en la guerra de Putin contra Ucrania\u2013 ha estado viviendo con \u201cnecrosis pancre\u00e1tica\u201d durante m\u00e1s de cinco a\u00f1os, lo que explica sus frecuentes ausencias de la atenci\u00f3n p\u00fablica. Una nueva e impresionante imagen muestra al se\u00f1or de la guerra checheno luciendo inusualmente hinchado.<\/p>\n\n\n\n<p><strong>ART\u00cdCULOS M\u00c1S LE\u00cdDOS<\/strong><\/p>\n\n\n<p>[koko_analytics_most_viewed_posts number=5 d\u00edas=8 tipo_de_publicaci\u00f3n=\u201dpublicaci\u00f3n\u201d fecha_de_presentaci\u00f3n=\u201dfalso\u201d]<\/p>\n\n\n\n<h2 class=\"wp-block-heading\" id=\"h-kadyrov-sta-morendo-secondo-novaya-gazeta\">Kadyrov est\u00e1 muriendo seg\u00fan Novaya Gazeta<\/h2>\n\n\n\n<p>Novaya Gazeta Europa a\u00f1ade: \u201cMosc\u00fa debe ahora decidir operativamente c\u00f3mo mantener la estabilidad cuando el duro dictador checheno ya no est\u00e9 all\u00ed. El tama\u00f1o de Kadyrov aument\u00f3 una vez y media. La forma de su abdomen adquiri\u00f3 todos los signos de ascitis pancreatog\u00e9nica, hablaba con dificultad, caminaba lentamente y vest\u00eda demasiado para el clima checheno.&quot;<\/p>\n\n\n\n<p>Si bien los funcionarios han negado que Kadyrov sufra problemas de salud importantes, el medio de comunicaci\u00f3n insiste en que tiene una enfermedad terminal, lo que representa un golpe potencialmente significativo para Putin. Dicen que estuvo hospitalizado en el elitista Hospital Cl\u00ednico Central de Mosc\u00fa, tambi\u00e9n conocido como Cl\u00ednica Kremlin, durante aproximadamente un mes con insuficiencia pulmonar aguda despu\u00e9s de una sobredosis de pastillas para dormir que, seg\u00fan se inform\u00f3, ayudaron a aliviar el dolor.<\/p>\n\n\n\n<p>Seg\u00fan los informes, los m\u00e9dicos estabilizaron su funci\u00f3n respiratoria, pero los resultados de la resonancia magn\u00e9tica indicaron que no podr\u00eda recuperarse por completo. El peri\u00f3dico cita fuentes cercanas a Kadyrov y m\u00e9dicos del hospital de la administraci\u00f3n presidencial rusa. Sorprendentemente, uno de sus aliados m\u00e1s cercanos, Adam Delimkhanov, dijo: \u201cEl viejo l\u00edder ya no estar\u00e1 all\u00ed, la enfermedad lo golpear\u00e1 gravemente\u201d.<\/p>\n\n\n\n<h2 class=\"wp-block-heading\" id=\"h-kadyrov-ha-promosso-i-figli-al-governo-della-cecenia\">Kadyrov promovi\u00f3 a sus hijos para gobernar Chechenia<\/h2>\n\n\n\n<p>En septiembre de 2023, en medio de rumores de salud, Kadyrov public\u00f3 un extra\u00f1o v\u00eddeo que dec\u00eda: &quot;Estoy vivo&quot; desde el interior del hospital principal del Kremlin. Fingi\u00f3 visitar a su t\u00edo enfermo, pero ahora parece que \u00e9l era el paciente. Kadyrov \u2013padre de al menos 14 hijos y se cree que tiene tres esposas\u2013 recientemente distribuy\u00f3 honores a sus hijos, algunos de los cuales ocupan puestos clave en el gobierno. En noviembre nombr\u00f3 a su hijo Adam, que entonces ten\u00eda 15 a\u00f1os, para dirigir su servicio de seguridad formado por cientos de agentes armados.<\/p>\n\n\n\n<h2 class=\"wp-block-heading\" id=\"h-putin-ha-gia-scelto-il-successore\">Putin ya ha elegido a su sucesor<\/h2>\n\n\n\n<p>Pero se dice que Putin design\u00f3 como su sucesor a un comandante militar leal a Kadyrov: el general de divisi\u00f3n Apti Alaudinov, de 50 a\u00f1os. Kadyrov es uno de los aliados m\u00e1s cercanos de Vladimir Putin y ha proporcionado decenas de miles de soldados para su guerra ilegal en Ucrania. Ha acumulado decenas de miles de tropas, en gran parte bajo el mando de Alaudinov, a quien la semana pasada se le asign\u00f3 un nuevo papel en el ej\u00e9rcito ruso.<\/p>\n\n\n\n<p><strong>LEER OTRAS NOTICIAS DEL MUNDO<\/strong><\/p>\n\n\n<ul class=\"wp-block-latest-posts__list wp-block-latest-posts\"><li><a class=\"wp-block-latest-posts__post-title\" href=\"https:\/\/newsvirali.it\/es\/2026\/02\/12\/emma-amit-cangrejo-diablo-muerto\/\">La vlogger Emma Amit muere tras comer un cangrejo diablo t\u00f3xico<\/a><\/li>\n<li><a class=\"wp-block-latest-posts__post-title\" href=\"https:\/\/newsvirali.it\/es\/2026\/02\/05\/tres-hermanas-se-suicidan-en-india\/\">Padres confiscan celulares por jugar en exceso: tres hermanas se suicidan<\/a><\/li>\n<li><a class=\"wp-block-latest-posts__post-title\" href=\"https:\/\/newsvirali.it\/es\/2026\/01\/30\/arresto-en-resort-de-florida-por-actos-obscenos\/\">Resort de Florida sorprende: hombre arrestado por exposici\u00f3n indecente con una aspiradora<\/a><\/li>\n<li><a class=\"wp-block-latest-posts__post-title\" href=\"https:\/\/newsvirali.it\/es\/2026\/01\/28\/un-padre-borracho-ahorca-a-su-hijo-en-un-impactante-video\/\">Padre borracho cuelga a su hijo por la ventana: impactante video<\/a><\/li>\n<li><a class=\"wp-block-latest-posts__post-title\" href=\"https:\/\/newsvirali.it\/es\/2026\/01\/27\/maestra-embarazada-y-estudiante-de-13-anos\/\">Maestra admite que qued\u00f3 embarazada de estudiante de 13 a\u00f1os<\/a><\/li>\n<\/ul><br \/>S\u00edguenos tambi\u00e9n en Google News: <b><a href=\"https:\/\/news.google.com\/publications\/CAAqBwgKMNqJiwswjMfqAg?hl=it&gl=IT&ceid=IT:it\" target=\"_blank\">haga clic aqu\u00ed<\/a><\/b>","protected":false},"excerpt":{"rendered":"<p>El peri\u00f3dico Novaya Gazeta Europe afirma que el se\u00f1or de la guerra checheno Ramzan Kadyrov, de 47 a\u00f1os, sufre una enfermedad [...]<\/p>","protected":false},"author":4,"featured_media":24115,"comment_status":"open","ping_status":"open","sticky":false,"template":"","format":"standard","meta":{"MSN_Categories":"Uncategorized","MSN_Publish_Option":false,"MSN_Is_Local_News":false,"MSN_Is_AIAC_Included":"Empty","MSN_Location":"[]","MSN_Add_Feature_Img_On_Top_Of_Post":false,"MSN_Has_Custom_Author":false,"MSN_Custom_Author":"","MSN_Has_Custom_Canonical_Url":false,"MSN_Custom_Canonical_Url":"","footnotes":""},"categories":[9],"tags":[],"class_list":["post-24114","post","type-post","status-publish","format-standard","has-post-thumbnail","hentry","category-mondo"],"acf":[],"yoast_head":"<!-- This site is optimized with the Yoast SEO Premium plugin v26.7 (Yoast SEO v26.7) - https:\/\/yoast.com\/wordpress\/plugins\/seo\/ -->\n<title>&quot;Ramzan Kadyrov sta morendo&quot;, leader ceceno ha una pancreatite<\/title>\n<meta name=\"description\" content=\"Il quotidiano Novaya Gazeta Europe sostiene che Ramzan Kadyrov, 47 anni, soffre di una malattia al pancreas e sta morendo.\" \/>\n<meta name=\"robots\" content=\"index, follow, max-snippet:-1, max-image-preview:large, max-video-preview:-1\" \/>\n<link rel=\"canonical\" href=\"https:\/\/newsvirali.it\/es\/2024\/04\/23\/ramzan-kadyrov-sta-morendo-il-leader-ceceno-avrebbe-una-pancreatite\/\" \/>\n<meta property=\"og:locale\" content=\"es_ES\" \/>\n<meta property=\"og:type\" content=\"article\" \/>\n<meta property=\"og:title\" content=\"&quot;Ramzan Kadyrov sta morendo&quot;, il leader ceceno avrebbe una pancreatite\" \/>\n<meta property=\"og:description\" content=\"Il quotidiano Novaya Gazeta Europe sostiene che Ramzan Kadyrov, 47 anni, soffre di una malattia al pancreas e sta morendo.\" \/>\n<meta property=\"og:url\" content=\"https:\/\/newsvirali.it\/es\/2024\/04\/23\/ramzan-kadyrov-sta-morendo-il-leader-ceceno-avrebbe-una-pancreatite\/\" \/>\n<meta property=\"og:site_name\" content=\"News virali\" \/>\n<meta property=\"article:published_time\" content=\"2024-04-23T08:45:34+00:00\" \/>\n<meta property=\"article:modified_time\" content=\"2024-04-23T08:45:35+00:00\" \/>\n<meta property=\"og:image\" content=\"https:\/\/newsvirali.it\/wp-content\/uploads\/2024\/04\/photo_2024-03-19_13-03-32.jpg\" \/>\n\t<meta property=\"og:image:width\" content=\"1280\" \/>\n\t<meta property=\"og:image:height\" content=\"1027\" \/>\n\t<meta property=\"og:image:type\" content=\"image\/jpeg\" \/>\n<meta name=\"author\" content=\"Cecco Prestina\" \/>\n<meta name=\"twitter:card\" content=\"summary_large_image\" \/>\n<meta name=\"twitter:label1\" content=\"Escrito por\" \/>\n\t<meta name=\"twitter:data1\" content=\"Cecco Prestina\" \/>\n\t<meta name=\"twitter:label2\" content=\"Tiempo de lectura\" \/>\n\t<meta name=\"twitter:data2\" content=\"3 minutos\" \/>\n<script type=\"application\/ld+json\" class=\"yoast-schema-graph\">{\"@context\":\"https:\/\/schema.org\",\"@graph\":[{\"@type\":\"NewsArticle\",\"@id\":\"https:\/\/newsvirali.it\/fr\/2024\/04\/23\/ramzan-kadyrov-sta-morendo-il-leader-ceceno-avrebbe-una-pancreatite\/#article\",\"isPartOf\":{\"@id\":\"https:\/\/newsvirali.it\/fr\/2024\/04\/23\/ramzan-kadyrov-sta-morendo-il-leader-ceceno-avrebbe-una-pancreatite\/\"},\"author\":{\"name\":\"Cecco Prestina\",\"@id\":\"https:\/\/newsvirali.it\/fr\/#\/schema\/person\/4c835f7b49c9adb58b33901ee816565d\"},\"headline\":\"&#8220;Ramzan Kadyrov sta morendo&#8221;, il leader ceceno avrebbe una pancreatite\",\"datePublished\":\"2024-04-23T08:45:34+00:00\",\"dateModified\":\"2024-04-23T08:45:35+00:00\",\"mainEntityOfPage\":{\"@id\":\"https:\/\/newsvirali.it\/fr\/2024\/04\/23\/ramzan-kadyrov-sta-morendo-il-leader-ceceno-avrebbe-una-pancreatite\/\"},\"wordCount\":464,\"commentCount\":0,\"image\":{\"@id\":\"https:\/\/newsvirali.it\/fr\/2024\/04\/23\/ramzan-kadyrov-sta-morendo-il-leader-ceceno-avrebbe-una-pancreatite\/#primaryimage\"},\"thumbnailUrl\":\"https:\/\/newsvirali.it\/wp-content\/uploads\/2024\/04\/photo_2024-03-19_13-03-32.jpg\",\"articleSection\":[\"Mondo\"],\"inLanguage\":\"es\",\"potentialAction\":[{\"@type\":\"CommentAction\",\"name\":\"Comment\",\"target\":[\"https:\/\/newsvirali.it\/fr\/2024\/04\/23\/ramzan-kadyrov-sta-morendo-il-leader-ceceno-avrebbe-una-pancreatite\/#respond\"]}],\"copyrightYear\":\"2024\",\"copyrightHolder\":{\"@id\":\"https:\/\/newsvirali.it\/es\/#organization\"}},{\"@type\":\"WebPage\",\"@id\":\"https:\/\/newsvirali.it\/fr\/2024\/04\/23\/ramzan-kadyrov-sta-morendo-il-leader-ceceno-avrebbe-una-pancreatite\/\",\"url\":\"https:\/\/newsvirali.it\/fr\/2024\/04\/23\/ramzan-kadyrov-sta-morendo-il-leader-ceceno-avrebbe-una-pancreatite\/\",\"name\":\"\\\"Ramzan Kadyrov sta morendo\\\", leader ceceno ha una pancreatite\",\"isPartOf\":{\"@id\":\"https:\/\/newsvirali.it\/fr\/#website\"},\"primaryImageOfPage\":{\"@id\":\"https:\/\/newsvirali.it\/fr\/2024\/04\/23\/ramzan-kadyrov-sta-morendo-il-leader-ceceno-avrebbe-una-pancreatite\/#primaryimage\"},\"image\":{\"@id\":\"https:\/\/newsvirali.it\/fr\/2024\/04\/23\/ramzan-kadyrov-sta-morendo-il-leader-ceceno-avrebbe-una-pancreatite\/#primaryimage\"},\"thumbnailUrl\":\"https:\/\/newsvirali.it\/wp-content\/uploads\/2024\/04\/photo_2024-03-19_13-03-32.jpg\",\"datePublished\":\"2024-04-23T08:45:34+00:00\",\"dateModified\":\"2024-04-23T08:45:35+00:00\",\"author\":{\"@id\":\"https:\/\/newsvirali.it\/fr\/#\/schema\/person\/4c835f7b49c9adb58b33901ee816565d\"},\"description\":\"Il quotidiano Novaya Gazeta Europe sostiene che Ramzan Kadyrov, 47 anni, soffre di una malattia al pancreas e sta morendo.\",\"breadcrumb\":{\"@id\":\"https:\/\/newsvirali.it\/fr\/2024\/04\/23\/ramzan-kadyrov-sta-morendo-il-leader-ceceno-avrebbe-una-pancreatite\/#breadcrumb\"},\"inLanguage\":\"es\",\"potentialAction\":[{\"@type\":\"ReadAction\",\"target\":[\"https:\/\/newsvirali.it\/fr\/2024\/04\/23\/ramzan-kadyrov-sta-morendo-il-leader-ceceno-avrebbe-una-pancreatite\/\"]}]},{\"@type\":\"ImageObject\",\"inLanguage\":\"es\",\"@id\":\"https:\/\/newsvirali.it\/fr\/2024\/04\/23\/ramzan-kadyrov-sta-morendo-il-leader-ceceno-avrebbe-una-pancreatite\/#primaryimage\",\"url\":\"https:\/\/newsvirali.it\/wp-content\/uploads\/2024\/04\/photo_2024-03-19_13-03-32.jpg\",\"contentUrl\":\"https:\/\/newsvirali.it\/wp-content\/uploads\/2024\/04\/photo_2024-03-19_13-03-32.jpg\",\"width\":1280,\"height\":1027,\"caption\":\"\\\"Ramzan Kadyrov sta morendo\\\", il leader ceceno avrebbe una pancreatite\"},{\"@type\":\"BreadcrumbList\",\"@id\":\"https:\/\/newsvirali.it\/fr\/2024\/04\/23\/ramzan-kadyrov-sta-morendo-il-leader-ceceno-avrebbe-una-pancreatite\/#breadcrumb\",\"itemListElement\":[{\"@type\":\"ListItem\",\"position\":1,\"name\":\"Home\",\"item\":\"https:\/\/newsvirali.it\/fr\/\"},{\"@type\":\"ListItem\",\"position\":2,\"name\":\"&#8220;Ramzan Kadyrov sta morendo&#8221;, il leader ceceno avrebbe una pancreatite\"}]},{\"@type\":\"WebSite\",\"@id\":\"https:\/\/newsvirali.it\/fr\/#website\",\"url\":\"https:\/\/newsvirali.it\/fr\/\",\"name\":\"Bake News\",\"description\":\"\",\"potentialAction\":[{\"@type\":\"SearchAction\",\"target\":{\"@type\":\"EntryPoint\",\"urlTemplate\":\"https:\/\/newsvirali.it\/fr\/?s={search_term_string}\"},\"query-input\":{\"@type\":\"PropertyValueSpecification\",\"valueRequired\":true,\"valueName\":\"search_term_string\"}}],\"inLanguage\":\"es\"},{\"@type\":\"Person\",\"@id\":\"https:\/\/newsvirali.it\/fr\/#\/schema\/person\/4c835f7b49c9adb58b33901ee816565d\",\"name\":\"Cecco Prestina\",\"description\":\"Perch\u00e9 nasconderlo? Cecco Prestina \u00e8 un alias, ma dietro di lui non si cela un algoritmo di intelligenza artificiale. C'\u00e8 un giornalista che ha oltre vent'anni di esperienza tutta sul web. Da quando il primo modem ha iniziato a gracchiare sul territorio italiano con Video on Line, Cecco ha capito che da quel doppino sarebbe passato il futuro. Ha dedidicato tutta la sua carriera a capire Internet e poi i social e ora l'Ai. Una carriera in costante aggiornamento. E questa esperienza la mette in campo ogni giorno. Per\u00f2 ogni tanto Cecco ha voglia anche di non scrivere \\\"pipponi\\\" sulla politica, sull'economia. Ha voglia anche di scrivere qualcosa di divertente. Le notizie che trovate su Bake News sono le stesse che Cecco porta all'aperitivo con gli amici. Quelle di cui discutere per farsi due risate. Notizie, vere (qualche volta si fa fatica a crederlo), strane, divertenti, ma anche serie. Bake News \u00e8 nato per questo, dare al pubblico notizie croccanti e calde come il pane che esce dal forno. E Cecco Prestina \u00e8 nato con Bake News.\",\"url\":\"https:\/\/newsvirali.it\/es\/autore\/cecco-prestina\/\"}]}<\/script>\n<!-- \/ Yoast SEO Premium plugin. -->","yoast_head_json":{"title":"\"Ramzan Kadyrov sta morendo\", leader ceceno ha una pancreatite","description":"Il quotidiano Novaya Gazeta Europe sostiene che Ramzan Kadyrov, 47 anni, soffre di una malattia al pancreas e sta morendo.","robots":{"index":"index","follow":"follow","max-snippet":"max-snippet:-1","max-image-preview":"max-image-preview:large","max-video-preview":"max-video-preview:-1"},"canonical":"https:\/\/newsvirali.it\/es\/2024\/04\/23\/ramzan-kadyrov-sta-morendo-il-leader-ceceno-avrebbe-una-pancreatite\/","og_locale":"es_ES","og_type":"article","og_title":"\"Ramzan Kadyrov sta morendo\", il leader ceceno avrebbe una pancreatite","og_description":"Il quotidiano Novaya Gazeta Europe sostiene che Ramzan Kadyrov, 47 anni, soffre di una malattia al pancreas e sta morendo.","og_url":"https:\/\/newsvirali.it\/es\/2024\/04\/23\/ramzan-kadyrov-sta-morendo-il-leader-ceceno-avrebbe-una-pancreatite\/","og_site_name":"News virali","article_published_time":"2024-04-23T08:45:34+00:00","article_modified_time":"2024-04-23T08:45:35+00:00","og_image":[{"width":1280,"height":1027,"url":"https:\/\/newsvirali.it\/wp-content\/uploads\/2024\/04\/photo_2024-03-19_13-03-32.jpg","type":"image\/jpeg"}],"author":"Cecco Prestina","twitter_card":"summary_large_image","twitter_misc":{"Escrito por":"Cecco Prestina","Tiempo de lectura":"3 minutos"},"schema":{"@context":"https:\/\/schema.org","@graph":[{"@type":"NewsArticle","@id":"https:\/\/newsvirali.it\/fr\/2024\/04\/23\/ramzan-kadyrov-sta-morendo-il-leader-ceceno-avrebbe-una-pancreatite\/#article","isPartOf":{"@id":"https:\/\/newsvirali.it\/fr\/2024\/04\/23\/ramzan-kadyrov-sta-morendo-il-leader-ceceno-avrebbe-una-pancreatite\/"},"author":{"name":"Cecco Prestina","@id":"https:\/\/newsvirali.it\/fr\/#\/schema\/person\/4c835f7b49c9adb58b33901ee816565d"},"headline":"&#8220;Ramzan Kadyrov sta morendo&#8221;, il leader ceceno avrebbe una pancreatite","datePublished":"2024-04-23T08:45:34+00:00","dateModified":"2024-04-23T08:45:35+00:00","mainEntityOfPage":{"@id":"https:\/\/newsvirali.it\/fr\/2024\/04\/23\/ramzan-kadyrov-sta-morendo-il-leader-ceceno-avrebbe-una-pancreatite\/"},"wordCount":464,"commentCount":0,"image":{"@id":"https:\/\/newsvirali.it\/fr\/2024\/04\/23\/ramzan-kadyrov-sta-morendo-il-leader-ceceno-avrebbe-una-pancreatite\/#primaryimage"},"thumbnailUrl":"https:\/\/newsvirali.it\/wp-content\/uploads\/2024\/04\/photo_2024-03-19_13-03-32.jpg","articleSection":["Mondo"],"inLanguage":"es","potentialAction":[{"@type":"CommentAction","name":"Comment","target":["https:\/\/newsvirali.it\/fr\/2024\/04\/23\/ramzan-kadyrov-sta-morendo-il-leader-ceceno-avrebbe-una-pancreatite\/#respond"]}],"copyrightYear":"2024","copyrightHolder":{"@id":"https:\/\/newsvirali.it\/es\/#organization"}},{"@type":"WebPage","@id":"https:\/\/newsvirali.it\/fr\/2024\/04\/23\/ramzan-kadyrov-sta-morendo-il-leader-ceceno-avrebbe-una-pancreatite\/","url":"https:\/\/newsvirali.it\/fr\/2024\/04\/23\/ramzan-kadyrov-sta-morendo-il-leader-ceceno-avrebbe-una-pancreatite\/","name":"\"Ramzan Kadyrov sta morendo\", leader ceceno ha una pancreatite","isPartOf":{"@id":"https:\/\/newsvirali.it\/fr\/#website"},"primaryImageOfPage":{"@id":"https:\/\/newsvirali.it\/fr\/2024\/04\/23\/ramzan-kadyrov-sta-morendo-il-leader-ceceno-avrebbe-una-pancreatite\/#primaryimage"},"image":{"@id":"https:\/\/newsvirali.it\/fr\/2024\/04\/23\/ramzan-kadyrov-sta-morendo-il-leader-ceceno-avrebbe-una-pancreatite\/#primaryimage"},"thumbnailUrl":"https:\/\/newsvirali.it\/wp-content\/uploads\/2024\/04\/photo_2024-03-19_13-03-32.jpg","datePublished":"2024-04-23T08:45:34+00:00","dateModified":"2024-04-23T08:45:35+00:00","author":{"@id":"https:\/\/newsvirali.it\/fr\/#\/schema\/person\/4c835f7b49c9adb58b33901ee816565d"},"description":"Il quotidiano Novaya Gazeta Europe sostiene che Ramzan Kadyrov, 47 anni, soffre di una malattia al pancreas e sta morendo.","breadcrumb":{"@id":"https:\/\/newsvirali.it\/fr\/2024\/04\/23\/ramzan-kadyrov-sta-morendo-il-leader-ceceno-avrebbe-una-pancreatite\/#breadcrumb"},"inLanguage":"es","potentialAction":[{"@type":"ReadAction","target":["https:\/\/newsvirali.it\/fr\/2024\/04\/23\/ramzan-kadyrov-sta-morendo-il-leader-ceceno-avrebbe-una-pancreatite\/"]}]},{"@type":"ImageObject","inLanguage":"es","@id":"https:\/\/newsvirali.it\/fr\/2024\/04\/23\/ramzan-kadyrov-sta-morendo-il-leader-ceceno-avrebbe-una-pancreatite\/#primaryimage","url":"https:\/\/newsvirali.it\/wp-content\/uploads\/2024\/04\/photo_2024-03-19_13-03-32.jpg","contentUrl":"https:\/\/newsvirali.it\/wp-content\/uploads\/2024\/04\/photo_2024-03-19_13-03-32.jpg","width":1280,"height":1027,"caption":"\"Ramzan Kadyrov sta morendo\", il leader ceceno avrebbe una pancreatite"},{"@type":"BreadcrumbList","@id":"https:\/\/newsvirali.it\/fr\/2024\/04\/23\/ramzan-kadyrov-sta-morendo-il-leader-ceceno-avrebbe-una-pancreatite\/#breadcrumb","itemListElement":[{"@type":"ListItem","position":1,"name":"Home","item":"https:\/\/newsvirali.it\/fr\/"},{"@type":"ListItem","position":2,"name":"&#8220;Ramzan Kadyrov sta morendo&#8221;, il leader ceceno avrebbe una pancreatite"}]},{"@type":"WebSite","@id":"https:\/\/newsvirali.it\/fr\/#website","url":"https:\/\/newsvirali.it\/fr\/","name":"Bake News","description":"","potentialAction":[{"@type":"SearchAction","target":{"@type":"EntryPoint","urlTemplate":"https:\/\/newsvirali.it\/fr\/?s={search_term_string}"},"query-input":{"@type":"PropertyValueSpecification","valueRequired":true,"valueName":"search_term_string"}}],"inLanguage":"es"},{"@type":"Person","@id":"https:\/\/newsvirali.it\/fr\/#\/schema\/person\/4c835f7b49c9adb58b33901ee816565d","name":"Cecco Prestina","description":"Perch\u00e9 nasconderlo? Cecco Prestina \u00e8 un alias, ma dietro di lui non si cela un algoritmo di intelligenza artificiale. C'\u00e8 un giornalista che ha oltre vent'anni di esperienza tutta sul web. Da quando il primo modem ha iniziato a gracchiare sul territorio italiano con Video on Line, Cecco ha capito che da quel doppino sarebbe passato il futuro. Ha dedidicato tutta la sua carriera a capire Internet e poi i social e ora l'Ai. Una carriera in costante aggiornamento. E questa esperienza la mette in campo ogni giorno. Per\u00f2 ogni tanto Cecco ha voglia anche di non scrivere \"pipponi\" sulla politica, sull'economia. Ha voglia anche di scrivere qualcosa di divertente. Le notizie che trovate su Bake News sono le stesse che Cecco porta all'aperitivo con gli amici. Quelle di cui discutere per farsi due risate. Notizie, vere (qualche volta si fa fatica a crederlo), strane, divertenti, ma anche serie. Bake News \u00e8 nato per questo, dare al pubblico notizie croccanti e calde come il pane che esce dal forno. E Cecco Prestina \u00e8 nato con Bake News.","url":"https:\/\/newsvirali.it\/es\/autore\/cecco-prestina\/"}]}},"_links":{"self":[{"href":"https:\/\/newsvirali.it\/es\/wp-json\/wp\/v2\/posts\/24114","targetHints":{"allow":["GET"]}}],"collection":[{"href":"https:\/\/newsvirali.it\/es\/wp-json\/wp\/v2\/posts"}],"about":[{"href":"https:\/\/newsvirali.it\/es\/wp-json\/wp\/v2\/types\/post"}],"author":[{"embeddable":true,"href":"https:\/\/newsvirali.it\/es\/wp-json\/wp\/v2\/users\/4"}],"replies":[{"embeddable":true,"href":"https:\/\/newsvirali.it\/es\/wp-json\/wp\/v2\/comments?post=24114"}],"version-history":[{"count":2,"href":"https:\/\/newsvirali.it\/es\/wp-json\/wp\/v2\/posts\/24114\/revisions"}],"predecessor-version":[{"id":24117,"href":"https:\/\/newsvirali.it\/es\/wp-json\/wp\/v2\/posts\/24114\/revisions\/24117"}],"wp:featuredmedia":[{"embeddable":true,"href":"https:\/\/newsvirali.it\/es\/wp-json\/wp\/v2\/media\/24115"}],"wp:attachment":[{"href":"https:\/\/newsvirali.it\/es\/wp-json\/wp\/v2\/media?parent=24114"}],"wp:term":[{"taxonomy":"category","embeddable":true,"href":"https:\/\/newsvirali.it\/es\/wp-json\/wp\/v2\/categories?post=24114"},{"taxonomy":"post_tag","embeddable":true,"href":"https:\/\/newsvirali.it\/es\/wp-json\/wp\/v2\/tags?post=24114"}],"curies":[{"name":"wp","href":"https:\/\/api.w.org\/{rel}","templated":true}]}}