{"id":2382,"date":"2023-07-27T14:25:41","date_gmt":"2023-07-27T12:25:41","guid":{"rendered":"https:\/\/www.bakenews.it\/?p=2382"},"modified":"2023-07-27T14:25:42","modified_gmt":"2023-07-27T12:25:42","slug":"ilary-blasi-per-il-cinema-e-barbie-fuori-di-testa-ma-chanel-dice-no","status":"publish","type":"post","link":"https:\/\/newsvirali.it\/es\/2023\/07\/27\/ilary-blasi-para-el-cine-y-barbie-loca-pero-chanel-dice-que-no\/","title":{"rendered":"Ilary Blasi, para el cine es &quot;Barbie loca&quot;. Pero Chanel dice que no."},"content":{"rendered":"<p>El viento sopla <em>Barbie<\/em> incluso en casa <strong>Ilary Blasi<\/strong>. La pel\u00edcula, reci\u00e9n estrenada en cines, ya es candidata a ser el \u00e9xito del verano. La presentadora y sus hijas tambi\u00e9n acabaron en el frenes\u00ed de ver la pel\u00edcula. \u00bfEl c\u00f3digo de vestimenta para el cine? Obviamente rosa.<\/p>\n\n\n\n<p><strong>Las vacaciones de Ilary Blasi<\/strong><\/p>\n\n\n\n<p>A finales de junio <a href=\"https:\/\/lookdavip.tgcom24.it\/finale-isola-famosi-ilary-blasi-vestito-nero-giorgio-armani-tutti-look\/\">la experiencia del<em>Isla de los Famosos<\/em><\/a> y para <strong>Ilary Blasi<\/strong> las vacaciones han comenzado. A principios de julio la rubia se regal\u00f3 uno <a href=\"https:\/\/lookdavip.tgcom24.it\/ilary-blasi-vacanza-brasile-bastian-muller-look-bikini-accessori-lusso\/\">vacaciones de lujo en latinoam\u00e9rica con su pareja<\/a>, <strong>Basti\u00e1n Mullier<\/strong>: un hermoso par\u00e9ntesis de amor y relajaci\u00f3n. En las redes sociales, Blasi regal\u00f3 a sus seguidores algunas tomas en pareja y muchos looks sexys. De vuelta en Italia, tratamientos de belleza y algunas cenas romanas con amigos, pero Ilary se dedica principalmente a sus hijos.<\/p>\n\n\n\n<p><strong>Una tarde\u2026 rosa<\/strong><\/p>\n\n\n\n<p>El cine es la panacea incluso en verano y la pel\u00edcula del momento es un atractivo irresistible para toda la familia. <strong>Ilary Blasi<\/strong> dedic\u00f3 la tarde a elegir el look adecuado para la visi\u00f3n de <em>Barbie<\/em>, dando amplio espacio a estilistas excepcionales: las hijas.<br>Se proponen tres outfits, todos de color rosa obviamente. Entre el vestido ajustado, el body y el catsuit, <strong>isabel totti<\/strong> y su prima peque\u00f1a no tienen dudas: esta \u00faltima es la candidata a la velada Barbiecore. Seguido por el peinado y el maquillaje: Ilary se somete mientras las chicas juguetean con ella con pinceles y r\u00edmel. \u00a1El resultado final es perfecto!<\/p>\n\n\n\n<p><strong>Ilary Blasi es \u201cBarbie loca\u201d<\/strong><\/p>\n\n\n\n<p>Una banda negra sujeta su cabello rubio, en perfecto estilo. <em>Barbie<\/em>, el ojo subrayado por una l\u00ednea de delineador de ojos, los labios a juego con el outfit: <strong>Ilary Blasi<\/strong> publicar el resultado de la sesi\u00f3n de recuperaci\u00f3n familiar. <em>barbie loca<\/em>, se define ir\u00f3nicamente, imitando las imaginativas versiones de la mu\u00f1eca de Mattel. Lleva un ch\u00e1ndal fucsia. <a href=\"https:\/\/www.hylure.com\/\" target=\"_blank\" rel=\"noreferrer noopener\"><strong>Hylure<\/strong> <\/a>con mangas asim\u00e9tricas y detalle de abertura en el hombro: un conjunto que lo hace sinuoso y sensual.<\/p>\n\n\n\n<p><strong>Pero Chanel Totti dice que no.<\/strong><\/p>\n\n\n\n<p>Horas de preparaci\u00f3n, elecciones, fotos pero al final el look no es el adecuado. Dar la actualizaci\u00f3n sobre el outfit de Blasi es <strong>Chanel Toti<\/strong>, la segunda hija del presentador, de diecis\u00e9is a\u00f1os. \u201cNo se preocupen chicos, nunca m\u00e1s la dej\u00e9 salir as\u00ed\u201d, escribe en el v\u00eddeo que muestra a la madre dirigi\u00e9ndose al cine con las ni\u00f1as. Y aunque est\u00e1n orgullosamente vestidos de rosa, <strong>Ilary Blasi<\/strong> luce un look m\u00e1s sobrio: camiseta negra, pantal\u00f3n marr\u00f3n (con detalle de abertura, pero <a href=\"https:\/\/lookdavip.tgcom24.it\/chiara-ferragni-panta-mutanda-julfer-festa-asilo\/\">menos atrevido que el que luci\u00f3 Chiara Ferragni en la fiesta<\/a> de jard\u00edn de infantes), <a href=\"https:\/\/www.instagram.com\/p\/CvDK7V3MNd6\/\" target=\"_blank\" rel=\"noreferrer noopener\"><strong>adidas<\/strong> Samba en tus pies<\/a> y en tus manos\u2026 un bolso de mano <strong>dior<\/strong>. Menos llamativo, pero a\u00fan de moda.<\/p>\n<br \/>S\u00edguenos tambi\u00e9n en Google News: <b><a href=\"https:\/\/news.google.com\/publications\/CAAqBwgKMNqJiwswjMfqAg?hl=it&gl=IT&ceid=IT:it\" target=\"_blank\">haga clic aqu\u00ed<\/a><\/b>","protected":false},"excerpt":{"rendered":"<p>El viento Barbie tambi\u00e9n sopla en casa de Ilary Blasi. La pel\u00edcula, recientemente estrenada en cines, ya es candidata [\u2026]<\/p>","protected":false},"author":5,"featured_media":2394,"comment_status":"open","ping_status":"open","sticky":false,"template":"","format":"standard","meta":{"MSN_Categories":"Uncategorized","MSN_Publish_Option":false,"MSN_Is_Local_News":false,"MSN_Is_AIAC_Included":"Empty","MSN_Location":"[]","MSN_Add_Feature_Img_On_Top_Of_Post":false,"MSN_Has_Custom_Author":false,"MSN_Custom_Author":"","MSN_Has_Custom_Canonical_Url":false,"MSN_Custom_Canonical_Url":"","footnotes":""},"categories":[1],"tags":[],"class_list":["post-2382","post","type-post","status-publish","format-standard","has-post-thumbnail","hentry","category-senza-categoria"],"acf":[],"yoast_head":"<!-- This site is optimized with the Yoast SEO Premium plugin v26.7 (Yoast SEO v26.7) - https:\/\/yoast.com\/wordpress\/plugins\/seo\/ -->\n<title>Ilary Blasi, per il cinema \u00e8 \u201cBarbie fuori di testa\u201d. Ma Chanel dice no<\/title>\n<meta name=\"robots\" content=\"index, follow, max-snippet:-1, max-image-preview:large, max-video-preview:-1\" \/>\n<link rel=\"canonical\" href=\"https:\/\/newsvirali.it\/es\/2023\/07\/27\/ilary-blasi-furs-kino-und-barbie-verruckt-aber-chanel-sagt-nein\/\" \/>\n<meta property=\"og:locale\" content=\"es_ES\" \/>\n<meta property=\"og:type\" content=\"article\" \/>\n<meta property=\"og:title\" content=\"Ilary Blasi, per il cinema \u00e8 \u201cBarbie fuori di testa\u201d. Ma Chanel dice no\" \/>\n<meta property=\"og:description\" content=\"Soffia il vento di Barbie anche a casa di Ilary Blasi. Il film, da poco nelle sale, si candida gi\u00e0 [&hellip;]\" \/>\n<meta property=\"og:url\" content=\"https:\/\/newsvirali.it\/es\/2023\/07\/27\/ilary-blasi-furs-kino-und-barbie-verruckt-aber-chanel-sagt-nein\/\" \/>\n<meta property=\"og:site_name\" content=\"News virali\" \/>\n<meta property=\"article:published_time\" content=\"2023-07-27T12:25:41+00:00\" \/>\n<meta property=\"article:modified_time\" content=\"2023-07-27T12:25:42+00:00\" \/>\n<meta property=\"og:image\" content=\"https:\/\/newsvirali.it\/wp-content\/uploads\/2023\/07\/Ilary-Blasi-Barbie-Fuori-di-testa-tuta-Hylure-1200x630-1.png\" \/>\n\t<meta property=\"og:image:width\" content=\"1200\" \/>\n\t<meta property=\"og:image:height\" content=\"630\" \/>\n\t<meta property=\"og:image:type\" content=\"image\/png\" \/>\n<meta name=\"author\" content=\"Marys Rella\" \/>\n<meta name=\"twitter:card\" content=\"summary_large_image\" \/>\n<meta name=\"twitter:label1\" content=\"Escrito por\" \/>\n\t<meta name=\"twitter:data1\" content=\"Marys Rella\" \/>\n\t<meta name=\"twitter:label2\" content=\"Tiempo de lectura\" \/>\n\t<meta name=\"twitter:data2\" content=\"3 minutos\" \/>\n<script type=\"application\/ld+json\" class=\"yoast-schema-graph\">{\"@context\":\"https:\/\/schema.org\",\"@graph\":[{\"@type\":\"NewsArticle\",\"@id\":\"https:\/\/newsvirali.it\/de\/2023\/07\/27\/ilary-blasi-furs-kino-und-barbie-verruckt-aber-chanel-sagt-nein\/#article\",\"isPartOf\":{\"@id\":\"https:\/\/newsvirali.it\/de\/2023\/07\/27\/ilary-blasi-furs-kino-und-barbie-verruckt-aber-chanel-sagt-nein\/\"},\"author\":{\"name\":\"Marys Rella\",\"@id\":\"https:\/\/newsvirali.it\/fr\/#\/schema\/person\/b92a174186c3b98ce608be7f42329374\"},\"headline\":\"Ilary Blasi, per il cinema \u00e8 \u201cBarbie fuori di testa\u201d. Ma Chanel dice no\",\"datePublished\":\"2023-07-27T12:25:41+00:00\",\"dateModified\":\"2023-07-27T12:25:42+00:00\",\"mainEntityOfPage\":{\"@id\":\"https:\/\/newsvirali.it\/de\/2023\/07\/27\/ilary-blasi-furs-kino-und-barbie-verruckt-aber-chanel-sagt-nein\/\"},\"wordCount\":443,\"commentCount\":0,\"image\":{\"@id\":\"https:\/\/newsvirali.it\/de\/2023\/07\/27\/ilary-blasi-furs-kino-und-barbie-verruckt-aber-chanel-sagt-nein\/#primaryimage\"},\"thumbnailUrl\":\"https:\/\/newsvirali.it\/wp-content\/uploads\/2023\/07\/Ilary-Blasi-Barbie-Fuori-di-testa-tuta-Hylure-1200x630-1.png\",\"articleSection\":[\"Senza categoria\"],\"inLanguage\":\"es\",\"potentialAction\":[{\"@type\":\"CommentAction\",\"name\":\"Comment\",\"target\":[\"https:\/\/newsvirali.it\/de\/2023\/07\/27\/ilary-blasi-furs-kino-und-barbie-verruckt-aber-chanel-sagt-nein\/#respond\"]}],\"copyrightYear\":\"2023\",\"copyrightHolder\":{\"@id\":\"https:\/\/newsvirali.it\/es\/#organization\"}},{\"@type\":\"WebPage\",\"@id\":\"https:\/\/newsvirali.it\/de\/2023\/07\/27\/ilary-blasi-furs-kino-und-barbie-verruckt-aber-chanel-sagt-nein\/\",\"url\":\"https:\/\/newsvirali.it\/de\/2023\/07\/27\/ilary-blasi-furs-kino-und-barbie-verruckt-aber-chanel-sagt-nein\/\",\"name\":\"Ilary Blasi, per il cinema \u00e8 \u201cBarbie fuori di testa\u201d. Ma Chanel dice no\",\"isPartOf\":{\"@id\":\"https:\/\/newsvirali.it\/fr\/#website\"},\"primaryImageOfPage\":{\"@id\":\"https:\/\/newsvirali.it\/de\/2023\/07\/27\/ilary-blasi-furs-kino-und-barbie-verruckt-aber-chanel-sagt-nein\/#primaryimage\"},\"image\":{\"@id\":\"https:\/\/newsvirali.it\/de\/2023\/07\/27\/ilary-blasi-furs-kino-und-barbie-verruckt-aber-chanel-sagt-nein\/#primaryimage\"},\"thumbnailUrl\":\"https:\/\/newsvirali.it\/wp-content\/uploads\/2023\/07\/Ilary-Blasi-Barbie-Fuori-di-testa-tuta-Hylure-1200x630-1.png\",\"datePublished\":\"2023-07-27T12:25:41+00:00\",\"dateModified\":\"2023-07-27T12:25:42+00:00\",\"author\":{\"@id\":\"https:\/\/newsvirali.it\/fr\/#\/schema\/person\/b92a174186c3b98ce608be7f42329374\"},\"breadcrumb\":{\"@id\":\"https:\/\/newsvirali.it\/de\/2023\/07\/27\/ilary-blasi-furs-kino-und-barbie-verruckt-aber-chanel-sagt-nein\/#breadcrumb\"},\"inLanguage\":\"es\",\"potentialAction\":[{\"@type\":\"ReadAction\",\"target\":[\"https:\/\/newsvirali.it\/de\/2023\/07\/27\/ilary-blasi-furs-kino-und-barbie-verruckt-aber-chanel-sagt-nein\/\"]}]},{\"@type\":\"ImageObject\",\"inLanguage\":\"es\",\"@id\":\"https:\/\/newsvirali.it\/de\/2023\/07\/27\/ilary-blasi-furs-kino-und-barbie-verruckt-aber-chanel-sagt-nein\/#primaryimage\",\"url\":\"https:\/\/newsvirali.it\/wp-content\/uploads\/2023\/07\/Ilary-Blasi-Barbie-Fuori-di-testa-tuta-Hylure-1200x630-1.png\",\"contentUrl\":\"https:\/\/newsvirali.it\/wp-content\/uploads\/2023\/07\/Ilary-Blasi-Barbie-Fuori-di-testa-tuta-Hylure-1200x630-1.png\",\"width\":1200,\"height\":630},{\"@type\":\"BreadcrumbList\",\"@id\":\"https:\/\/newsvirali.it\/de\/2023\/07\/27\/ilary-blasi-furs-kino-und-barbie-verruckt-aber-chanel-sagt-nein\/#breadcrumb\",\"itemListElement\":[{\"@type\":\"ListItem\",\"position\":1,\"name\":\"Home\",\"item\":\"https:\/\/newsvirali.it\/fr\/\"},{\"@type\":\"ListItem\",\"position\":2,\"name\":\"Ilary Blasi, per il cinema \u00e8 \u201cBarbie fuori di testa\u201d. Ma Chanel dice no\"}]},{\"@type\":\"WebSite\",\"@id\":\"https:\/\/newsvirali.it\/fr\/#website\",\"url\":\"https:\/\/newsvirali.it\/fr\/\",\"name\":\"Bake News\",\"description\":\"\",\"potentialAction\":[{\"@type\":\"SearchAction\",\"target\":{\"@type\":\"EntryPoint\",\"urlTemplate\":\"https:\/\/newsvirali.it\/fr\/?s={search_term_string}\"},\"query-input\":{\"@type\":\"PropertyValueSpecification\",\"valueRequired\":true,\"valueName\":\"search_term_string\"}}],\"inLanguage\":\"es\"},{\"@type\":\"Person\",\"@id\":\"https:\/\/newsvirali.it\/fr\/#\/schema\/person\/b92a174186c3b98ce608be7f42329374\",\"name\":\"Marys Rella\",\"url\":\"https:\/\/newsvirali.it\/es\/autore\/rellamarisnow\/\"}]}<\/script>\n<!-- \/ Yoast SEO Premium plugin. -->","yoast_head_json":{"title":"Ilary Blasi, per il cinema \u00e8 \u201cBarbie fuori di testa\u201d. Ma Chanel dice no","robots":{"index":"index","follow":"follow","max-snippet":"max-snippet:-1","max-image-preview":"max-image-preview:large","max-video-preview":"max-video-preview:-1"},"canonical":"https:\/\/newsvirali.it\/es\/2023\/07\/27\/ilary-blasi-furs-kino-und-barbie-verruckt-aber-chanel-sagt-nein\/","og_locale":"es_ES","og_type":"article","og_title":"Ilary Blasi, per il cinema \u00e8 \u201cBarbie fuori di testa\u201d. Ma Chanel dice no","og_description":"Soffia il vento di Barbie anche a casa di Ilary Blasi. Il film, da poco nelle sale, si candida gi\u00e0 [&hellip;]","og_url":"https:\/\/newsvirali.it\/es\/2023\/07\/27\/ilary-blasi-furs-kino-und-barbie-verruckt-aber-chanel-sagt-nein\/","og_site_name":"News virali","article_published_time":"2023-07-27T12:25:41+00:00","article_modified_time":"2023-07-27T12:25:42+00:00","og_image":[{"width":1200,"height":630,"url":"https:\/\/newsvirali.it\/wp-content\/uploads\/2023\/07\/Ilary-Blasi-Barbie-Fuori-di-testa-tuta-Hylure-1200x630-1.png","type":"image\/png"}],"author":"Marys Rella","twitter_card":"summary_large_image","twitter_misc":{"Escrito por":"Marys Rella","Tiempo de lectura":"3 minutos"},"schema":{"@context":"https:\/\/schema.org","@graph":[{"@type":"NewsArticle","@id":"https:\/\/newsvirali.it\/de\/2023\/07\/27\/ilary-blasi-furs-kino-und-barbie-verruckt-aber-chanel-sagt-nein\/#article","isPartOf":{"@id":"https:\/\/newsvirali.it\/de\/2023\/07\/27\/ilary-blasi-furs-kino-und-barbie-verruckt-aber-chanel-sagt-nein\/"},"author":{"name":"Marys Rella","@id":"https:\/\/newsvirali.it\/fr\/#\/schema\/person\/b92a174186c3b98ce608be7f42329374"},"headline":"Ilary Blasi, per il cinema \u00e8 \u201cBarbie fuori di testa\u201d. Ma Chanel dice no","datePublished":"2023-07-27T12:25:41+00:00","dateModified":"2023-07-27T12:25:42+00:00","mainEntityOfPage":{"@id":"https:\/\/newsvirali.it\/de\/2023\/07\/27\/ilary-blasi-furs-kino-und-barbie-verruckt-aber-chanel-sagt-nein\/"},"wordCount":443,"commentCount":0,"image":{"@id":"https:\/\/newsvirali.it\/de\/2023\/07\/27\/ilary-blasi-furs-kino-und-barbie-verruckt-aber-chanel-sagt-nein\/#primaryimage"},"thumbnailUrl":"https:\/\/newsvirali.it\/wp-content\/uploads\/2023\/07\/Ilary-Blasi-Barbie-Fuori-di-testa-tuta-Hylure-1200x630-1.png","articleSection":["Senza categoria"],"inLanguage":"es","potentialAction":[{"@type":"CommentAction","name":"Comment","target":["https:\/\/newsvirali.it\/de\/2023\/07\/27\/ilary-blasi-furs-kino-und-barbie-verruckt-aber-chanel-sagt-nein\/#respond"]}],"copyrightYear":"2023","copyrightHolder":{"@id":"https:\/\/newsvirali.it\/es\/#organization"}},{"@type":"WebPage","@id":"https:\/\/newsvirali.it\/de\/2023\/07\/27\/ilary-blasi-furs-kino-und-barbie-verruckt-aber-chanel-sagt-nein\/","url":"https:\/\/newsvirali.it\/de\/2023\/07\/27\/ilary-blasi-furs-kino-und-barbie-verruckt-aber-chanel-sagt-nein\/","name":"Ilary Blasi, per il cinema \u00e8 \u201cBarbie fuori di testa\u201d. Ma Chanel dice no","isPartOf":{"@id":"https:\/\/newsvirali.it\/fr\/#website"},"primaryImageOfPage":{"@id":"https:\/\/newsvirali.it\/de\/2023\/07\/27\/ilary-blasi-furs-kino-und-barbie-verruckt-aber-chanel-sagt-nein\/#primaryimage"},"image":{"@id":"https:\/\/newsvirali.it\/de\/2023\/07\/27\/ilary-blasi-furs-kino-und-barbie-verruckt-aber-chanel-sagt-nein\/#primaryimage"},"thumbnailUrl":"https:\/\/newsvirali.it\/wp-content\/uploads\/2023\/07\/Ilary-Blasi-Barbie-Fuori-di-testa-tuta-Hylure-1200x630-1.png","datePublished":"2023-07-27T12:25:41+00:00","dateModified":"2023-07-27T12:25:42+00:00","author":{"@id":"https:\/\/newsvirali.it\/fr\/#\/schema\/person\/b92a174186c3b98ce608be7f42329374"},"breadcrumb":{"@id":"https:\/\/newsvirali.it\/de\/2023\/07\/27\/ilary-blasi-furs-kino-und-barbie-verruckt-aber-chanel-sagt-nein\/#breadcrumb"},"inLanguage":"es","potentialAction":[{"@type":"ReadAction","target":["https:\/\/newsvirali.it\/de\/2023\/07\/27\/ilary-blasi-furs-kino-und-barbie-verruckt-aber-chanel-sagt-nein\/"]}]},{"@type":"ImageObject","inLanguage":"es","@id":"https:\/\/newsvirali.it\/de\/2023\/07\/27\/ilary-blasi-furs-kino-und-barbie-verruckt-aber-chanel-sagt-nein\/#primaryimage","url":"https:\/\/newsvirali.it\/wp-content\/uploads\/2023\/07\/Ilary-Blasi-Barbie-Fuori-di-testa-tuta-Hylure-1200x630-1.png","contentUrl":"https:\/\/newsvirali.it\/wp-content\/uploads\/2023\/07\/Ilary-Blasi-Barbie-Fuori-di-testa-tuta-Hylure-1200x630-1.png","width":1200,"height":630},{"@type":"BreadcrumbList","@id":"https:\/\/newsvirali.it\/de\/2023\/07\/27\/ilary-blasi-furs-kino-und-barbie-verruckt-aber-chanel-sagt-nein\/#breadcrumb","itemListElement":[{"@type":"ListItem","position":1,"name":"Home","item":"https:\/\/newsvirali.it\/fr\/"},{"@type":"ListItem","position":2,"name":"Ilary Blasi, per il cinema \u00e8 \u201cBarbie fuori di testa\u201d. Ma Chanel dice no"}]},{"@type":"WebSite","@id":"https:\/\/newsvirali.it\/fr\/#website","url":"https:\/\/newsvirali.it\/fr\/","name":"Bake News","description":"","potentialAction":[{"@type":"SearchAction","target":{"@type":"EntryPoint","urlTemplate":"https:\/\/newsvirali.it\/fr\/?s={search_term_string}"},"query-input":{"@type":"PropertyValueSpecification","valueRequired":true,"valueName":"search_term_string"}}],"inLanguage":"es"},{"@type":"Person","@id":"https:\/\/newsvirali.it\/fr\/#\/schema\/person\/b92a174186c3b98ce608be7f42329374","name":"Marys Rella","url":"https:\/\/newsvirali.it\/es\/autore\/rellamarisnow\/"}]}},"_links":{"self":[{"href":"https:\/\/newsvirali.it\/es\/wp-json\/wp\/v2\/posts\/2382","targetHints":{"allow":["GET"]}}],"collection":[{"href":"https:\/\/newsvirali.it\/es\/wp-json\/wp\/v2\/posts"}],"about":[{"href":"https:\/\/newsvirali.it\/es\/wp-json\/wp\/v2\/types\/post"}],"author":[{"embeddable":true,"href":"https:\/\/newsvirali.it\/es\/wp-json\/wp\/v2\/users\/5"}],"replies":[{"embeddable":true,"href":"https:\/\/newsvirali.it\/es\/wp-json\/wp\/v2\/comments?post=2382"}],"version-history":[{"count":2,"href":"https:\/\/newsvirali.it\/es\/wp-json\/wp\/v2\/posts\/2382\/revisions"}],"predecessor-version":[{"id":2408,"href":"https:\/\/newsvirali.it\/es\/wp-json\/wp\/v2\/posts\/2382\/revisions\/2408"}],"wp:featuredmedia":[{"embeddable":true,"href":"https:\/\/newsvirali.it\/es\/wp-json\/wp\/v2\/media\/2394"}],"wp:attachment":[{"href":"https:\/\/newsvirali.it\/es\/wp-json\/wp\/v2\/media?parent=2382"}],"wp:term":[{"taxonomy":"category","embeddable":true,"href":"https:\/\/newsvirali.it\/es\/wp-json\/wp\/v2\/categories?post=2382"},{"taxonomy":"post_tag","embeddable":true,"href":"https:\/\/newsvirali.it\/es\/wp-json\/wp\/v2\/tags?post=2382"}],"curies":[{"name":"wp","href":"https:\/\/api.w.org\/{rel}","templated":true}]}}