{"id":22428,"date":"2024-04-10T14:09:17","date_gmt":"2024-04-10T12:09:17","guid":{"rendered":"https:\/\/www.bakenews.it\/?p=22428"},"modified":"2024-04-10T14:09:18","modified_gmt":"2024-04-10T12:09:18","slug":"bimba-non-allacciata-a-seggiolino-cade-dal-finestrino-durante-curva-video-shock","status":"publish","type":"post","link":"https:\/\/newsvirali.it\/es\/2024\/04\/10\/nina-no-sujeta-en-un-asiento-de-seguridad-se-cae-por-la-ventana-durante-una-curva-video-impactante\/","title":{"rendered":"Ni\u00f1a desabrochada en una silla de auto se cae por la ventana mientras toma una curva: impactante video"},"content":{"rendered":"<p>La polic\u00eda catalana ha difundido un impactante v\u00eddeo en el que se puede ver a una ni\u00f1a de dos a\u00f1os cayendo por la ventanilla de un coche en marcha en una curva. El accidente sirvi\u00f3 para animar a los padres a utilizar correctamente los asientos infantiles, ya que, de hecho, la madre que conduc\u00eda este coche no hab\u00eda abrochado a su hijo. El video fue publicado en los canales de redes sociales de la polic\u00eda.<\/p>\n\n\n\n<p><strong>LEER OTRAS NOTICIAS DEL MUNDO<\/strong><\/p>\n\n\n<ul class=\"wp-block-latest-posts__list wp-block-latest-posts\"><li><a class=\"wp-block-latest-posts__post-title\" href=\"https:\/\/newsvirali.it\/es\/2026\/02\/12\/emma-amit-cangrejo-diablo-muerto\/\">La vlogger Emma Amit muere tras comer un cangrejo diablo t\u00f3xico<\/a><\/li>\n<li><a class=\"wp-block-latest-posts__post-title\" href=\"https:\/\/newsvirali.it\/es\/2026\/02\/05\/tres-hermanas-se-suicidan-en-india\/\">Padres confiscan celulares por jugar en exceso: tres hermanas se suicidan<\/a><\/li>\n<li><a class=\"wp-block-latest-posts__post-title\" href=\"https:\/\/newsvirali.it\/es\/2026\/01\/30\/arresto-en-resort-de-florida-por-actos-obscenos\/\">Resort de Florida sorprende: hombre arrestado por exposici\u00f3n indecente con una aspiradora<\/a><\/li>\n<li><a class=\"wp-block-latest-posts__post-title\" href=\"https:\/\/newsvirali.it\/es\/2026\/01\/28\/un-padre-borracho-ahorca-a-su-hijo-en-un-impactante-video\/\">Padre borracho cuelga a su hijo por la ventana: impactante video<\/a><\/li>\n<li><a class=\"wp-block-latest-posts__post-title\" href=\"https:\/\/newsvirali.it\/es\/2026\/01\/27\/maestra-embarazada-y-estudiante-de-13-anos\/\">Maestra admite que qued\u00f3 embarazada de estudiante de 13 a\u00f1os<\/a><\/li>\n<\/ul>\n\n\n<h2 class=\"wp-block-heading\" id=\"h-bimba-cade-dal-finestrino-dell-auto-solo-ferita\">Ni\u00f1a cae por la ventanilla del auto: solo resulta herida<\/h2>\n\n\n\n<p>En las im\u00e1genes, se ve a la ni\u00f1a asom\u00e1ndose por la ventana trasera antes de caer de cabeza y golpear la carretera principal mientras el autom\u00f3vil contin\u00faa avanzando. La polic\u00eda espa\u00f1ola comparti\u00f3 el v\u00eddeo como advertencia a los padres que conducen con ni\u00f1os en el coche. Incre\u00edblemente, la peque\u00f1a sufri\u00f3 s\u00f3lo heridas leves en el terrible accidente.<\/p>\n\n\n\n<p>Un portavoz de la polic\u00eda espa\u00f1ola dijo: \u201cTan importante es tener un sistema de retenci\u00f3n infantil como utilizarlo. No hacerlo puede tener consecuencias muy graves&quot;. La madre de la ni\u00f1a, que conduc\u00eda el veh\u00edculo, no le hab\u00eda puesto el cintur\u00f3n de seguridad correctamente antes de salir, seg\u00fan informes locales. La mujer fue denunciada a las autoridades locales.<\/p>\n\n\n\n<h2 class=\"wp-block-heading\" id=\"h-il-video-girato-dall-auto-che-seguiva\">El v\u00eddeo grabado desde el coche siguiente<\/h2>\n\n\n\n<p>El aterrador momento de la ca\u00edda de la peque\u00f1a fue filmado por una c\u00e1mara instalada en el tablero de un auto detr\u00e1s del que viajaba. Un portavoz policial confirm\u00f3: &quot;El conductor ha sido denunciado por un presunto delito de lesiones y por una infracci\u00f3n administrativa por no utilizar correctamente la silla infantil&quot;.<\/p>\n\n\n\n<p>La seguridad vial de los ni\u00f1os ha sido una prioridad en Europa durante d\u00e9cadas. En 1981 se emiti\u00f3 el primer reglamento europeo sobre sistemas de retenci\u00f3n infantil, conocido como ECE R44. Sin embargo, los avances tecnol\u00f3gicos llevaron a la creaci\u00f3n de una nueva normativa en 2013, la R129, con normas m\u00e1s exigentes y adaptadas a las necesidades actuales.<\/p>\n\n\n\n<p><strong>ART\u00cdCULOS M\u00c1S LE\u00cdDOS<\/strong><\/p>\n\n\n<p>[koko_analytics_most_viewed_posts number=5 d\u00edas=8 tipo_de_publicaci\u00f3n=\u201dpublicaci\u00f3n\u201d fecha_de_presentaci\u00f3n=\u201dfalso\u201d]<\/p>\n<br \/>S\u00edguenos tambi\u00e9n en Google News: <b><a href=\"https:\/\/news.google.com\/publications\/CAAqBwgKMNqJiwswjMfqAg?hl=it&gl=IT&ceid=IT:it\" target=\"_blank\">haga clic aqu\u00ed<\/a><\/b>","protected":false},"excerpt":{"rendered":"<p>La polic\u00eda catalana ha difundido un impactante v\u00eddeo en el que se puede ver a una ni\u00f1a de dos a\u00f1os cayendo de [...]<\/p>","protected":false},"author":4,"featured_media":22429,"comment_status":"open","ping_status":"open","sticky":false,"template":"","format":"standard","meta":{"MSN_Categories":"Uncategorized","MSN_Publish_Option":false,"MSN_Is_Local_News":false,"MSN_Is_AIAC_Included":"Empty","MSN_Location":"[]","MSN_Add_Feature_Img_On_Top_Of_Post":false,"MSN_Has_Custom_Author":false,"MSN_Custom_Author":"","MSN_Has_Custom_Canonical_Url":false,"MSN_Custom_Canonical_Url":"","footnotes":""},"categories":[464,9],"tags":[],"class_list":["post-22428","post","type-post","status-publish","format-standard","has-post-thumbnail","hentry","category-_tedesco","category-mondo"],"acf":[],"yoast_head":"<!-- This site is optimized with the Yoast SEO Premium plugin v26.7 (Yoast SEO v26.7) - https:\/\/yoast.com\/wordpress\/plugins\/seo\/ -->\n<title>Bimba non allacciata a seggiolino cade dal finestrino durante curva<\/title>\n<meta name=\"description\" content=\"La polizia catalana ha diffuso un video shock in cui si vede una bimba di due anni che cade dal finestrino di un&#039;auto in movimento.\" \/>\n<meta name=\"robots\" content=\"index, follow, max-snippet:-1, max-image-preview:large, max-video-preview:-1\" \/>\n<link rel=\"canonical\" href=\"https:\/\/newsvirali.it\/es\/2024\/04\/10\/une-petite-fille-non-attachee-dans-un-siege-auto-tombe-par-la-fenetre-lors-dun-virage-video-choc\/\" \/>\n<meta property=\"og:locale\" content=\"es_ES\" \/>\n<meta property=\"og:type\" content=\"article\" \/>\n<meta property=\"og:title\" content=\"Bimba non allacciata a seggiolino cade dal finestrino durante curva: video shock\" \/>\n<meta property=\"og:description\" content=\"La polizia catalana ha diffuso un video shock in cui si vede una bimba di due anni che cade dal finestrino di un&#039;auto in movimento.\" \/>\n<meta property=\"og:url\" content=\"https:\/\/newsvirali.it\/es\/2024\/04\/10\/une-petite-fille-non-attachee-dans-un-siege-auto-tombe-par-la-fenetre-lors-dun-virage-video-choc\/\" \/>\n<meta property=\"og:site_name\" content=\"News virali\" \/>\n<meta property=\"article:published_time\" content=\"2024-04-10T12:09:17+00:00\" \/>\n<meta property=\"article:modified_time\" content=\"2024-04-10T12:09:18+00:00\" \/>\n<meta property=\"og:image\" content=\"https:\/\/newsvirali.it\/wp-content\/uploads\/2024\/04\/Bimba-non-allacciata-a-seggiolino-cade-dal-finestrino-durante-curva-video-shock-25.jpg\" \/>\n\t<meta property=\"og:image:width\" content=\"600\" \/>\n\t<meta property=\"og:image:height\" content=\"337\" \/>\n\t<meta property=\"og:image:type\" content=\"image\/jpeg\" \/>\n<meta name=\"author\" content=\"Cecco Prestina\" \/>\n<meta name=\"twitter:card\" content=\"summary_large_image\" \/>\n<meta name=\"twitter:label1\" content=\"Escrito por\" \/>\n\t<meta name=\"twitter:data1\" content=\"Cecco Prestina\" \/>\n\t<meta name=\"twitter:label2\" content=\"Tiempo de lectura\" \/>\n\t<meta name=\"twitter:data2\" content=\"2 minutos\" \/>\n<script type=\"application\/ld+json\" class=\"yoast-schema-graph\">{\"@context\":\"https:\/\/schema.org\",\"@graph\":[{\"@type\":\"NewsArticle\",\"@id\":\"https:\/\/newsvirali.it\/fr\/2024\/04\/10\/une-petite-fille-non-attachee-dans-un-siege-auto-tombe-par-la-fenetre-lors-dun-virage-video-choc\/#article\",\"isPartOf\":{\"@id\":\"https:\/\/newsvirali.it\/fr\/2024\/04\/10\/une-petite-fille-non-attachee-dans-un-siege-auto-tombe-par-la-fenetre-lors-dun-virage-video-choc\/\"},\"author\":{\"name\":\"Cecco Prestina\",\"@id\":\"https:\/\/newsvirali.it\/fr\/#\/schema\/person\/4c835f7b49c9adb58b33901ee816565d\"},\"headline\":\"Bimba non allacciata a seggiolino cade dal finestrino durante curva: video shock\",\"datePublished\":\"2024-04-10T12:09:17+00:00\",\"dateModified\":\"2024-04-10T12:09:18+00:00\",\"mainEntityOfPage\":{\"@id\":\"https:\/\/newsvirali.it\/fr\/2024\/04\/10\/une-petite-fille-non-attachee-dans-un-siege-auto-tombe-par-la-fenetre-lors-dun-virage-video-choc\/\"},\"wordCount\":306,\"commentCount\":0,\"image\":{\"@id\":\"https:\/\/newsvirali.it\/fr\/2024\/04\/10\/une-petite-fille-non-attachee-dans-un-siege-auto-tombe-par-la-fenetre-lors-dun-virage-video-choc\/#primaryimage\"},\"thumbnailUrl\":\"https:\/\/newsvirali.it\/wp-content\/uploads\/2024\/04\/Bimba-non-allacciata-a-seggiolino-cade-dal-finestrino-durante-curva-video-shock-25.jpg\",\"articleSection\":[\"_tedesco\",\"Mondo\"],\"inLanguage\":\"es\",\"potentialAction\":[{\"@type\":\"CommentAction\",\"name\":\"Comment\",\"target\":[\"https:\/\/newsvirali.it\/fr\/2024\/04\/10\/une-petite-fille-non-attachee-dans-un-siege-auto-tombe-par-la-fenetre-lors-dun-virage-video-choc\/#respond\"]}],\"copyrightYear\":\"2024\",\"copyrightHolder\":{\"@id\":\"https:\/\/newsvirali.it\/es\/#organization\"}},{\"@type\":\"WebPage\",\"@id\":\"https:\/\/newsvirali.it\/fr\/2024\/04\/10\/une-petite-fille-non-attachee-dans-un-siege-auto-tombe-par-la-fenetre-lors-dun-virage-video-choc\/\",\"url\":\"https:\/\/newsvirali.it\/fr\/2024\/04\/10\/une-petite-fille-non-attachee-dans-un-siege-auto-tombe-par-la-fenetre-lors-dun-virage-video-choc\/\",\"name\":\"Bimba non allacciata a seggiolino cade dal finestrino durante curva\",\"isPartOf\":{\"@id\":\"https:\/\/newsvirali.it\/fr\/#website\"},\"primaryImageOfPage\":{\"@id\":\"https:\/\/newsvirali.it\/fr\/2024\/04\/10\/une-petite-fille-non-attachee-dans-un-siege-auto-tombe-par-la-fenetre-lors-dun-virage-video-choc\/#primaryimage\"},\"image\":{\"@id\":\"https:\/\/newsvirali.it\/fr\/2024\/04\/10\/une-petite-fille-non-attachee-dans-un-siege-auto-tombe-par-la-fenetre-lors-dun-virage-video-choc\/#primaryimage\"},\"thumbnailUrl\":\"https:\/\/newsvirali.it\/wp-content\/uploads\/2024\/04\/Bimba-non-allacciata-a-seggiolino-cade-dal-finestrino-durante-curva-video-shock-25.jpg\",\"datePublished\":\"2024-04-10T12:09:17+00:00\",\"dateModified\":\"2024-04-10T12:09:18+00:00\",\"author\":{\"@id\":\"https:\/\/newsvirali.it\/fr\/#\/schema\/person\/4c835f7b49c9adb58b33901ee816565d\"},\"description\":\"La polizia catalana ha diffuso un video shock in cui si vede una bimba di due anni che cade dal finestrino di un'auto in movimento.\",\"breadcrumb\":{\"@id\":\"https:\/\/newsvirali.it\/fr\/2024\/04\/10\/une-petite-fille-non-attachee-dans-un-siege-auto-tombe-par-la-fenetre-lors-dun-virage-video-choc\/#breadcrumb\"},\"inLanguage\":\"es\",\"potentialAction\":[{\"@type\":\"ReadAction\",\"target\":[\"https:\/\/newsvirali.it\/fr\/2024\/04\/10\/une-petite-fille-non-attachee-dans-un-siege-auto-tombe-par-la-fenetre-lors-dun-virage-video-choc\/\"]}]},{\"@type\":\"ImageObject\",\"inLanguage\":\"es\",\"@id\":\"https:\/\/newsvirali.it\/fr\/2024\/04\/10\/une-petite-fille-non-attachee-dans-un-siege-auto-tombe-par-la-fenetre-lors-dun-virage-video-choc\/#primaryimage\",\"url\":\"https:\/\/newsvirali.it\/wp-content\/uploads\/2024\/04\/Bimba-non-allacciata-a-seggiolino-cade-dal-finestrino-durante-curva-video-shock-25.jpg\",\"contentUrl\":\"https:\/\/newsvirali.it\/wp-content\/uploads\/2024\/04\/Bimba-non-allacciata-a-seggiolino-cade-dal-finestrino-durante-curva-video-shock-25.jpg\",\"width\":600,\"height\":337,\"caption\":\"Bimba non allacciata a seggiolino cade dal finestrino durante curva: video shock\"},{\"@type\":\"BreadcrumbList\",\"@id\":\"https:\/\/newsvirali.it\/fr\/2024\/04\/10\/une-petite-fille-non-attachee-dans-un-siege-auto-tombe-par-la-fenetre-lors-dun-virage-video-choc\/#breadcrumb\",\"itemListElement\":[{\"@type\":\"ListItem\",\"position\":1,\"name\":\"Home\",\"item\":\"https:\/\/newsvirali.it\/fr\/\"},{\"@type\":\"ListItem\",\"position\":2,\"name\":\"Bimba non allacciata a seggiolino cade dal finestrino durante curva: video shock\"}]},{\"@type\":\"WebSite\",\"@id\":\"https:\/\/newsvirali.it\/fr\/#website\",\"url\":\"https:\/\/newsvirali.it\/fr\/\",\"name\":\"Bake News\",\"description\":\"\",\"potentialAction\":[{\"@type\":\"SearchAction\",\"target\":{\"@type\":\"EntryPoint\",\"urlTemplate\":\"https:\/\/newsvirali.it\/fr\/?s={search_term_string}\"},\"query-input\":{\"@type\":\"PropertyValueSpecification\",\"valueRequired\":true,\"valueName\":\"search_term_string\"}}],\"inLanguage\":\"es\"},{\"@type\":\"Person\",\"@id\":\"https:\/\/newsvirali.it\/fr\/#\/schema\/person\/4c835f7b49c9adb58b33901ee816565d\",\"name\":\"Cecco Prestina\",\"description\":\"Perch\u00e9 nasconderlo? Cecco Prestina \u00e8 un alias, ma dietro di lui non si cela un algoritmo di intelligenza artificiale. C'\u00e8 un giornalista che ha oltre vent'anni di esperienza tutta sul web. Da quando il primo modem ha iniziato a gracchiare sul territorio italiano con Video on Line, Cecco ha capito che da quel doppino sarebbe passato il futuro. Ha dedidicato tutta la sua carriera a capire Internet e poi i social e ora l'Ai. Una carriera in costante aggiornamento. E questa esperienza la mette in campo ogni giorno. Per\u00f2 ogni tanto Cecco ha voglia anche di non scrivere \\\"pipponi\\\" sulla politica, sull'economia. Ha voglia anche di scrivere qualcosa di divertente. Le notizie che trovate su Bake News sono le stesse che Cecco porta all'aperitivo con gli amici. Quelle di cui discutere per farsi due risate. Notizie, vere (qualche volta si fa fatica a crederlo), strane, divertenti, ma anche serie. Bake News \u00e8 nato per questo, dare al pubblico notizie croccanti e calde come il pane che esce dal forno. E Cecco Prestina \u00e8 nato con Bake News.\",\"url\":\"https:\/\/newsvirali.it\/es\/autore\/cecco-prestina\/\"}]}<\/script>\n<!-- \/ Yoast SEO Premium plugin. -->","yoast_head_json":{"title":"Bimba non allacciata a seggiolino cade dal finestrino durante curva","description":"La polizia catalana ha diffuso un video shock in cui si vede una bimba di due anni che cade dal finestrino di un'auto in movimento.","robots":{"index":"index","follow":"follow","max-snippet":"max-snippet:-1","max-image-preview":"max-image-preview:large","max-video-preview":"max-video-preview:-1"},"canonical":"https:\/\/newsvirali.it\/es\/2024\/04\/10\/une-petite-fille-non-attachee-dans-un-siege-auto-tombe-par-la-fenetre-lors-dun-virage-video-choc\/","og_locale":"es_ES","og_type":"article","og_title":"Bimba non allacciata a seggiolino cade dal finestrino durante curva: video shock","og_description":"La polizia catalana ha diffuso un video shock in cui si vede una bimba di due anni che cade dal finestrino di un'auto in movimento.","og_url":"https:\/\/newsvirali.it\/es\/2024\/04\/10\/une-petite-fille-non-attachee-dans-un-siege-auto-tombe-par-la-fenetre-lors-dun-virage-video-choc\/","og_site_name":"News virali","article_published_time":"2024-04-10T12:09:17+00:00","article_modified_time":"2024-04-10T12:09:18+00:00","og_image":[{"width":600,"height":337,"url":"https:\/\/newsvirali.it\/wp-content\/uploads\/2024\/04\/Bimba-non-allacciata-a-seggiolino-cade-dal-finestrino-durante-curva-video-shock-25.jpg","type":"image\/jpeg"}],"author":"Cecco Prestina","twitter_card":"summary_large_image","twitter_misc":{"Escrito por":"Cecco Prestina","Tiempo de lectura":"2 minutos"},"schema":{"@context":"https:\/\/schema.org","@graph":[{"@type":"NewsArticle","@id":"https:\/\/newsvirali.it\/fr\/2024\/04\/10\/une-petite-fille-non-attachee-dans-un-siege-auto-tombe-par-la-fenetre-lors-dun-virage-video-choc\/#article","isPartOf":{"@id":"https:\/\/newsvirali.it\/fr\/2024\/04\/10\/une-petite-fille-non-attachee-dans-un-siege-auto-tombe-par-la-fenetre-lors-dun-virage-video-choc\/"},"author":{"name":"Cecco Prestina","@id":"https:\/\/newsvirali.it\/fr\/#\/schema\/person\/4c835f7b49c9adb58b33901ee816565d"},"headline":"Bimba non allacciata a seggiolino cade dal finestrino durante curva: video shock","datePublished":"2024-04-10T12:09:17+00:00","dateModified":"2024-04-10T12:09:18+00:00","mainEntityOfPage":{"@id":"https:\/\/newsvirali.it\/fr\/2024\/04\/10\/une-petite-fille-non-attachee-dans-un-siege-auto-tombe-par-la-fenetre-lors-dun-virage-video-choc\/"},"wordCount":306,"commentCount":0,"image":{"@id":"https:\/\/newsvirali.it\/fr\/2024\/04\/10\/une-petite-fille-non-attachee-dans-un-siege-auto-tombe-par-la-fenetre-lors-dun-virage-video-choc\/#primaryimage"},"thumbnailUrl":"https:\/\/newsvirali.it\/wp-content\/uploads\/2024\/04\/Bimba-non-allacciata-a-seggiolino-cade-dal-finestrino-durante-curva-video-shock-25.jpg","articleSection":["_tedesco","Mondo"],"inLanguage":"es","potentialAction":[{"@type":"CommentAction","name":"Comment","target":["https:\/\/newsvirali.it\/fr\/2024\/04\/10\/une-petite-fille-non-attachee-dans-un-siege-auto-tombe-par-la-fenetre-lors-dun-virage-video-choc\/#respond"]}],"copyrightYear":"2024","copyrightHolder":{"@id":"https:\/\/newsvirali.it\/es\/#organization"}},{"@type":"WebPage","@id":"https:\/\/newsvirali.it\/fr\/2024\/04\/10\/une-petite-fille-non-attachee-dans-un-siege-auto-tombe-par-la-fenetre-lors-dun-virage-video-choc\/","url":"https:\/\/newsvirali.it\/fr\/2024\/04\/10\/une-petite-fille-non-attachee-dans-un-siege-auto-tombe-par-la-fenetre-lors-dun-virage-video-choc\/","name":"Bimba non allacciata a seggiolino cade dal finestrino durante curva","isPartOf":{"@id":"https:\/\/newsvirali.it\/fr\/#website"},"primaryImageOfPage":{"@id":"https:\/\/newsvirali.it\/fr\/2024\/04\/10\/une-petite-fille-non-attachee-dans-un-siege-auto-tombe-par-la-fenetre-lors-dun-virage-video-choc\/#primaryimage"},"image":{"@id":"https:\/\/newsvirali.it\/fr\/2024\/04\/10\/une-petite-fille-non-attachee-dans-un-siege-auto-tombe-par-la-fenetre-lors-dun-virage-video-choc\/#primaryimage"},"thumbnailUrl":"https:\/\/newsvirali.it\/wp-content\/uploads\/2024\/04\/Bimba-non-allacciata-a-seggiolino-cade-dal-finestrino-durante-curva-video-shock-25.jpg","datePublished":"2024-04-10T12:09:17+00:00","dateModified":"2024-04-10T12:09:18+00:00","author":{"@id":"https:\/\/newsvirali.it\/fr\/#\/schema\/person\/4c835f7b49c9adb58b33901ee816565d"},"description":"La polizia catalana ha diffuso un video shock in cui si vede una bimba di due anni che cade dal finestrino di un'auto in movimento.","breadcrumb":{"@id":"https:\/\/newsvirali.it\/fr\/2024\/04\/10\/une-petite-fille-non-attachee-dans-un-siege-auto-tombe-par-la-fenetre-lors-dun-virage-video-choc\/#breadcrumb"},"inLanguage":"es","potentialAction":[{"@type":"ReadAction","target":["https:\/\/newsvirali.it\/fr\/2024\/04\/10\/une-petite-fille-non-attachee-dans-un-siege-auto-tombe-par-la-fenetre-lors-dun-virage-video-choc\/"]}]},{"@type":"ImageObject","inLanguage":"es","@id":"https:\/\/newsvirali.it\/fr\/2024\/04\/10\/une-petite-fille-non-attachee-dans-un-siege-auto-tombe-par-la-fenetre-lors-dun-virage-video-choc\/#primaryimage","url":"https:\/\/newsvirali.it\/wp-content\/uploads\/2024\/04\/Bimba-non-allacciata-a-seggiolino-cade-dal-finestrino-durante-curva-video-shock-25.jpg","contentUrl":"https:\/\/newsvirali.it\/wp-content\/uploads\/2024\/04\/Bimba-non-allacciata-a-seggiolino-cade-dal-finestrino-durante-curva-video-shock-25.jpg","width":600,"height":337,"caption":"Bimba non allacciata a seggiolino cade dal finestrino durante curva: video shock"},{"@type":"BreadcrumbList","@id":"https:\/\/newsvirali.it\/fr\/2024\/04\/10\/une-petite-fille-non-attachee-dans-un-siege-auto-tombe-par-la-fenetre-lors-dun-virage-video-choc\/#breadcrumb","itemListElement":[{"@type":"ListItem","position":1,"name":"Home","item":"https:\/\/newsvirali.it\/fr\/"},{"@type":"ListItem","position":2,"name":"Bimba non allacciata a seggiolino cade dal finestrino durante curva: video shock"}]},{"@type":"WebSite","@id":"https:\/\/newsvirali.it\/fr\/#website","url":"https:\/\/newsvirali.it\/fr\/","name":"Bake News","description":"","potentialAction":[{"@type":"SearchAction","target":{"@type":"EntryPoint","urlTemplate":"https:\/\/newsvirali.it\/fr\/?s={search_term_string}"},"query-input":{"@type":"PropertyValueSpecification","valueRequired":true,"valueName":"search_term_string"}}],"inLanguage":"es"},{"@type":"Person","@id":"https:\/\/newsvirali.it\/fr\/#\/schema\/person\/4c835f7b49c9adb58b33901ee816565d","name":"Cecco Prestina","description":"Perch\u00e9 nasconderlo? Cecco Prestina \u00e8 un alias, ma dietro di lui non si cela un algoritmo di intelligenza artificiale. C'\u00e8 un giornalista che ha oltre vent'anni di esperienza tutta sul web. Da quando il primo modem ha iniziato a gracchiare sul territorio italiano con Video on Line, Cecco ha capito che da quel doppino sarebbe passato il futuro. Ha dedidicato tutta la sua carriera a capire Internet e poi i social e ora l'Ai. Una carriera in costante aggiornamento. E questa esperienza la mette in campo ogni giorno. Per\u00f2 ogni tanto Cecco ha voglia anche di non scrivere \"pipponi\" sulla politica, sull'economia. Ha voglia anche di scrivere qualcosa di divertente. Le notizie che trovate su Bake News sono le stesse che Cecco porta all'aperitivo con gli amici. Quelle di cui discutere per farsi due risate. Notizie, vere (qualche volta si fa fatica a crederlo), strane, divertenti, ma anche serie. Bake News \u00e8 nato per questo, dare al pubblico notizie croccanti e calde come il pane che esce dal forno. E Cecco Prestina \u00e8 nato con Bake News.","url":"https:\/\/newsvirali.it\/es\/autore\/cecco-prestina\/"}]}},"_links":{"self":[{"href":"https:\/\/newsvirali.it\/es\/wp-json\/wp\/v2\/posts\/22428","targetHints":{"allow":["GET"]}}],"collection":[{"href":"https:\/\/newsvirali.it\/es\/wp-json\/wp\/v2\/posts"}],"about":[{"href":"https:\/\/newsvirali.it\/es\/wp-json\/wp\/v2\/types\/post"}],"author":[{"embeddable":true,"href":"https:\/\/newsvirali.it\/es\/wp-json\/wp\/v2\/users\/4"}],"replies":[{"embeddable":true,"href":"https:\/\/newsvirali.it\/es\/wp-json\/wp\/v2\/comments?post=22428"}],"version-history":[{"count":4,"href":"https:\/\/newsvirali.it\/es\/wp-json\/wp\/v2\/posts\/22428\/revisions"}],"predecessor-version":[{"id":22457,"href":"https:\/\/newsvirali.it\/es\/wp-json\/wp\/v2\/posts\/22428\/revisions\/22457"}],"wp:featuredmedia":[{"embeddable":true,"href":"https:\/\/newsvirali.it\/es\/wp-json\/wp\/v2\/media\/22429"}],"wp:attachment":[{"href":"https:\/\/newsvirali.it\/es\/wp-json\/wp\/v2\/media?parent=22428"}],"wp:term":[{"taxonomy":"category","embeddable":true,"href":"https:\/\/newsvirali.it\/es\/wp-json\/wp\/v2\/categories?post=22428"},{"taxonomy":"post_tag","embeddable":true,"href":"https:\/\/newsvirali.it\/es\/wp-json\/wp\/v2\/tags?post=22428"}],"curies":[{"name":"wp","href":"https:\/\/api.w.org\/{rel}","templated":true}]}}