{"id":22398,"date":"2024-04-10T12:47:20","date_gmt":"2024-04-10T10:47:20","guid":{"rendered":"https:\/\/www.bakenews.it\/?p=22398"},"modified":"2024-04-10T12:47:21","modified_gmt":"2024-04-10T10:47:21","slug":"le-diagnosticano-cancro-terminale-dice-addio-ai-figli-e-fa-chemio-aggressiva-era-sana","status":"publish","type":"post","link":"https:\/\/newsvirali.it\/es\/2024\/04\/10\/le-diagnosticaron-un-cancer-terminal-se-despidio-de-sus-hijos-y-se-sometio-a-una-quimioterapia-agresiva-y-estaba-sana\/","title":{"rendered":"Le diagnosticaron un c\u00e1ncer terminal, se despidi\u00f3 de sus hijos y se someti\u00f3 a una quimioterapia agresiva: estaba sana"},"content":{"rendered":"<p>Una madre se someti\u00f3 a una quimioterapia \u201cagresiva\u201d e incluso se despidi\u00f3 de su familia despu\u00e9s de que le dieran s\u00f3lo 15 meses de vida con c\u00e1ncer, para luego descubrir que estaba sana. Lisa Monk, de College Station, Texas, cuenta a los medios su historia de negligencia m\u00e9dica. Hab\u00eda ido al hospital para que le hicieran una tomograf\u00eda computarizada a finales de 2022 despu\u00e9s de experimentar dolores de est\u00f3mago que sospechaba que eran c\u00e1lculos renales. El examen mostr\u00f3 que ten\u00eda dos c\u00e1lculos, pero tambi\u00e9n inform\u00f3 una masa en el bazo, que le fue extirpada en enero de 2023.<\/p>\n\n\n\n<p><strong>ART\u00cdCULOS M\u00c1S LE\u00cdDOS<\/strong><\/p>\n\n\n<p>[koko_analytics_most_viewed_posts number=5 d\u00edas=8 tipo_de_publicaci\u00f3n=\u201dpublicaci\u00f3n\u201d fecha_de_presentaci\u00f3n=\u201dfalso\u201d]<\/p>\n\n\n\n<h2 class=\"wp-block-heading\" id=\"h-cancro-terminale-ma-era-sana-il-dramma-di-lisa\">C\u00e1ncer terminal, pero estaba sana: el drama de Lisa<\/h2>\n\n\n\n<p>La madre de dos hijos dijo que el \u00f3rgano fue enviado a tres laboratorios de patolog\u00eda diferentes antes de ser analizado en un cuarto laboratorio que dio positivo para una forma agresiva de c\u00e1ncer de vasos sangu\u00edneos. La mujer de 39 a\u00f1os dijo que le diagnosticaron c\u00e1ncer terminal durante una cita de seguimiento despu\u00e9s de su cirug\u00eda de bazo. Lisa Monk dice que le dieron &quot;con optimismo&quot; 15 meses de vida.<\/p>\n\n\n\n<p>Ella, profesora de secundaria, ingres\u00f3 en un hospital de oncolog\u00eda en marzo de 2023 para comenzar su primer ciclo de quimioterapia. Despu\u00e9s de perder todo su cabello, Lisa se someti\u00f3 a otra ronda de quimioterapia \u201cmuy agresiva\u201d, que la dej\u00f3 con \u201cpiel plateada\u201d y v\u00f3mitos. Pero durante una visita de rutina al hospital en abril, llega la sorpresa: nunca hab\u00eda tenido c\u00e1ncer, el examen de la primera biopsia fue incorrecto.<\/p>\n\n\n\n<figure class=\"wp-block-embed is-type-video is-provider-tiktok wp-block-embed-tiktok\"><div class=\"wp-block-embed__wrapper\">\n<blockquote class=\"tiktok-embed\" cite=\"https:\/\/www.tiktok.com\/@lisam77717\/video\/7349301997931171104\" data-video-id=\"7349301997931171104\" data-embed-from=\"oembed\" style=\"max-width:605px; min-width:325px;\"> <section> <a target=\"_blank\" title=\"@lisam77717\" href=\"https:\/\/www.tiktok.com\/@lisam77717?refer=embed\">@lisam77717<\/a> <p><a title=\"capcut\" target=\"_blank\" href=\"https:\/\/www.tiktok.com\/tag\/capcut?refer=embed\">#CapCut<\/a> <a title=\"c\u00e1ncer falso\" target=\"_blank\" href=\"https:\/\/www.tiktok.com\/tag\/fakecancer?refer=embed\">#falso c\u00e1ncer<\/a> <a title=\"mal diagnosticado\" target=\"_blank\" href=\"https:\/\/www.tiktok.com\/tag\/misdiagnosed?refer=embed\"># mal diagnosticado<\/a> <a title=\"quimioterapia\" target=\"_blank\" href=\"https:\/\/www.tiktok.com\/tag\/chemotherapy?refer=embed\">Quimioterapia 1TP5<\/a> <a title=\"trauma\" target=\"_blank\" href=\"https:\/\/www.tiktok.com\/tag\/trauma?refer=embed\">#trauma<\/a> <a title=\"enojado\" target=\"_blank\" href=\"https:\/\/www.tiktok.com\/tag\/angry?refer=embed\">#angry<\/a> <\/p> <a target=\"_blank\" title=\"\u266c Solo de piano con un ambiente tranquilo y de ensue\u00f1o(1495565) - Yuguen\" href=\"https:\/\/www.tiktok.com\/music\/Piano-solo-with-a-dreamy-and-calm-atmosphere-1495565-7314371439632287746?refer=embed\">\u266c Solo de piano con un ambiente tranquilo y de ensue\u00f1o(1495565) \u2013 Yuguen<\/a> <\/section> <\/blockquote> <script async src=\"https:\/\/www.tiktok.com\/embed.js\"><\/script>\n<\/div><\/figure>\n\n\n\n<p>Lisa se enfureci\u00f3 porque los m\u00e9dicos la felicitaron en lugar de disculparse por el error. Le dijo a los medios: \u201cLe han diagnosticado un tipo de c\u00e1ncer terminal muy raro llamado angiosarcoma de c\u00e9lulas claras. Hab\u00eda ido a mi m\u00e9dico despu\u00e9s de mi cirug\u00eda. Estaba con mi madre y ella me pregunt\u00f3 si pod\u00eda recibir malas noticias delante de ella. Fue entonces cuando me dijo que era c\u00e1ncer. Yo estaba en shock. El diagn\u00f3stico fue horrible y me dijeron que era terminal&quot;.<\/p>\n\n\n\n<h2 class=\"wp-block-heading\" id=\"h-l-angosciante-racconto-al-marito-e-ai-figli\">La angustiosa historia de su marido y sus hijos<\/h2>\n\n\n\n<p>\u201cDespu\u00e9s de dejar a mi mam\u00e1 en casa, fui al r\u00edo y or\u00e9 porque no estaba lista para ir a casa y cont\u00e1rselo a mi esposo. \u00c9l se asust\u00f3 porque yo no regresaba a casa y vino a buscarme, tuve que decirle que la noticia era mala y luego tuve que irme a casa y cont\u00e1rselo a mis dos hijos. En ese momento no les dije que era terminal o que solo ten\u00eda 15 meses, solo les dije que era malo pero que intentar\u00eda combatirlo&quot;. \u201cMi hijo mayor fue el que tuvo m\u00e1s dificultades. Mi peque\u00f1a era muy buena ocultando sus sentimientos, pero su maestra me enter\u00f3 que eso la abrumaba en la escuela\u201d.<\/p>\n\n\n\n<p>Lisa afirma que el error es del hospital, que no realiz\u00f3 el contraan\u00e1lisis necesario. Esto significa que tuvo que soportar un tratamiento de quimioterapia cuando no lo necesitaba y ahora est\u00e1 lidiando con las repercusiones.<\/p>\n\n\n\n<figure class=\"wp-block-embed is-type-video is-provider-tiktok wp-block-embed-tiktok\"><div class=\"wp-block-embed__wrapper\">\n<blockquote class=\"tiktok-embed\" cite=\"https:\/\/www.tiktok.com\/@lisam77717\/video\/7343805314799537441\" data-video-id=\"7343805314799537441\" data-embed-from=\"oembed\" style=\"max-width:605px; min-width:325px;\"> <section> <a target=\"_blank\" title=\"@lisam77717\" href=\"https:\/\/www.tiktok.com\/@lisam77717?refer=embed\">@lisam77717<\/a> <p>Respondiendo a @user8814998526039 <a title=\"c\u00e1ncer falso\" target=\"_blank\" href=\"https:\/\/www.tiktok.com\/tag\/fakecancer?refer=embed\">#falso c\u00e1ncer<\/a> <a title=\"mal diagnosticado\" target=\"_blank\" href=\"https:\/\/www.tiktok.com\/tag\/misdiagnosed?refer=embed\"># mal diagnosticado<\/a> <a title=\"el cancer apesta\" target=\"_blank\" href=\"https:\/\/www.tiktok.com\/tag\/cancersucks?refer=embed\">#cancersucks<\/a> <\/p> <a target=\"_blank\" title=\"\u266c sonido original - Lisa Monk\" href=\"https:\/\/www.tiktok.com\/music\/original-sound-7343805388980734753?refer=embed\">\u266c sonido original - Lisa Monk<\/a> <\/section> <\/blockquote> <script async src=\"https:\/\/www.tiktok.com\/embed.js\"><\/script>\n<\/div><\/figure>\n\n\n\n<h2 class=\"wp-block-heading\" id=\"h-come-ha-scoperto-che-non-aveva-il-cancro\">C\u00f3mo descubri\u00f3 que no ten\u00eda c\u00e1ncer<\/h2>\n\n\n\n<p>\u201cEstaba hablando con la enfermera y ella simplemente me pregunt\u00f3 acerca de mis s\u00edntomas y estaba navegando en la computadora mientras hablaba conmigo. De repente deja de hablar, se vuelve hacia m\u00ed y parec\u00eda horrorizada y me dijo que necesitaba llamar al m\u00e9dico y luego sali\u00f3 corriendo de la habitaci\u00f3n. Me dej\u00f3 sola unos 15 minutos y volvi\u00f3 el m\u00e9dico. Me cont\u00f3 mucha jerga m\u00e9dica y luego me dijo que no ten\u00eda c\u00e1ncer&quot;.<\/p>\n\n\n\n<p>\u201cEstaba confundido porque actuaron como si fuera algo malo. Pens\u00e9 que eso significaba que la quimioterapia estaba funcionando. Entonces el m\u00e9dico me dijo que nunca hab\u00eda tenido c\u00e1ncer. Fue entonces cuando comenc\u00e9 a vomitar. Luego el m\u00e9dico me felicit\u00f3, lo cual me molest\u00f3 mucho. Estaba en shock en ese momento, pero ahora siento que la respuesta m\u00e1s apropiada habr\u00eda sido &#039;lo siento&#039;&quot;.<\/p>\n\n\n\n<h2 class=\"wp-block-heading\" id=\"h-chemioterapia-anche-quando-l-esame-era-gia-stata-fatto\">Quimioterapia incluso cuando la prueba ya se hab\u00eda realizado<\/h2>\n\n\n\n<p>\u201cCuando llegu\u00e9 a casa, reproduje la grabaci\u00f3n de la cita de mi m\u00e9dico para poder registrarla en caso de que me perdiera alguna informaci\u00f3n, y me di cuenta de la fecha en que recibieron el informe de patolog\u00eda [del hospital]. Lo mir\u00e9 y estaba fechado un mes antes de mi cita. Recib\u00ed quimioterapia durante este tiempo y me podr\u00edan haber avisado un mes antes y habr\u00eda evitado la segunda ronda de quimioterapia si se hubieran molestado en leer su informe de patolog\u00eda. \u201cFinalmente determinaron que mi bazo estaba a punto de romperse, raz\u00f3n por la cual se notaba esa masa. Era s\u00f3lo actividad de los vasos sangu\u00edneos y no hab\u00eda c\u00e1ncer\u201d.<\/p>\n\n\n\n<h2 class=\"wp-block-heading\" id=\"h-i-danni-finanziari-alla-famiglia-di-lisa\">El da\u00f1o financiero a la familia de Lisa<\/h2>\n\n\n\n<p>Ha pasado un a\u00f1o desde ese momento pero Lisa todav\u00eda est\u00e1 enojada por lo que ella y su familia tuvieron que pasar. \u201cFinancieramente todav\u00eda estamos pagando las facturas m\u00e9dicas. El c\u00e1ncer es caro y no pude cancelar ninguna de mis facturas. Incluso solo el trauma emocional. Fue una \u00e9poca muy oscura. Escrib\u00ed cartas de despedida a nietos que nunca conocer\u00eda y a bodas a las que nunca asistir\u00eda. Un a\u00f1o despu\u00e9s de lo que me pas\u00f3, estoy enojado. Arruinaron mi salud. Lamento por mis hijos que tuvieron que pasar por algo como esto en su vida en el que pensaron que iban a perder a su madre\u201d.<\/p>\n\n\n\n<p><strong>LEER OTRAS NOTICIAS DEL MUNDO<\/strong><\/p>\n\n\n<ul class=\"wp-block-latest-posts__list wp-block-latest-posts\"><li><a class=\"wp-block-latest-posts__post-title\" href=\"https:\/\/newsvirali.it\/es\/2026\/02\/12\/emma-amit-cangrejo-diablo-muerto\/\">La vlogger Emma Amit muere tras comer un cangrejo diablo t\u00f3xico<\/a><\/li>\n<li><a class=\"wp-block-latest-posts__post-title\" href=\"https:\/\/newsvirali.it\/es\/2026\/02\/05\/tres-hermanas-se-suicidan-en-india\/\">Padres confiscan celulares por jugar en exceso: tres hermanas se suicidan<\/a><\/li>\n<li><a class=\"wp-block-latest-posts__post-title\" href=\"https:\/\/newsvirali.it\/es\/2026\/01\/30\/arresto-en-resort-de-florida-por-actos-obscenos\/\">Resort de Florida sorprende: hombre arrestado por exposici\u00f3n indecente con una aspiradora<\/a><\/li>\n<li><a class=\"wp-block-latest-posts__post-title\" href=\"https:\/\/newsvirali.it\/es\/2026\/01\/28\/un-padre-borracho-ahorca-a-su-hijo-en-un-impactante-video\/\">Padre borracho cuelga a su hijo por la ventana: impactante video<\/a><\/li>\n<li><a class=\"wp-block-latest-posts__post-title\" href=\"https:\/\/newsvirali.it\/es\/2026\/01\/27\/maestra-embarazada-y-estudiante-de-13-anos\/\">Maestra admite que qued\u00f3 embarazada de estudiante de 13 a\u00f1os<\/a><\/li>\n<\/ul><br \/>S\u00edguenos tambi\u00e9n en Google News: <b><a href=\"https:\/\/news.google.com\/publications\/CAAqBwgKMNqJiwswjMfqAg?hl=it&gl=IT&ceid=IT:it\" target=\"_blank\">haga clic aqu\u00ed<\/a><\/b>","protected":false},"excerpt":{"rendered":"<p>Una madre se someti\u00f3 a quimioterapia \u201cagresiva\u201d y tambi\u00e9n se despidi\u00f3 de su familia tras ser [\u2026]<\/p>","protected":false},"author":4,"featured_media":22421,"comment_status":"open","ping_status":"open","sticky":false,"template":"","format":"standard","meta":{"MSN_Categories":"Uncategorized","MSN_Publish_Option":false,"MSN_Is_Local_News":false,"MSN_Is_AIAC_Included":"Empty","MSN_Location":"[]","MSN_Add_Feature_Img_On_Top_Of_Post":false,"MSN_Has_Custom_Author":false,"MSN_Custom_Author":"","MSN_Has_Custom_Canonical_Url":false,"MSN_Custom_Canonical_Url":"","footnotes":""},"categories":[463,464,9],"tags":[],"class_list":["post-22398","post","type-post","status-publish","format-standard","has-post-thumbnail","hentry","category-_spagnolo","category-_tedesco","category-mondo"],"acf":[],"yoast_head":"<!-- This site is optimized with the Yoast SEO Premium plugin v26.7 (Yoast SEO v26.7) - https:\/\/yoast.com\/wordpress\/plugins\/seo\/ -->\n<title>Le diagnosticano cancro terminale, dice addio ai figli e fa chemio aggressiva: era sana<\/title>\n<meta name=\"description\" content=\"Una madre a cui avevano diagnosticato un cancro terminale ha dato l&#039;addio ai figli salvo poi scoprire che era sana: il racconto.\" \/>\n<meta name=\"robots\" content=\"index, follow, max-snippet:-1, max-image-preview:large, max-video-preview:-1\" \/>\n<link rel=\"canonical\" href=\"https:\/\/newsvirali.it\/es\/2024\/04\/10\/bei-ihr-wurde-krebs-im-endstadium-diagnostiziert-sie-verabschiedete-sich-von-ihren-kindern-unterzog-sich-einer-aggressiven-chemotherapie-und-war-gesund\/\" \/>\n<meta property=\"og:locale\" content=\"es_ES\" \/>\n<meta property=\"og:type\" content=\"article\" \/>\n<meta property=\"og:title\" content=\"Le diagnosticano cancro terminale, dice addio ai figli e fa chemio aggressiva: era sana\" \/>\n<meta property=\"og:description\" content=\"Una madre a cui avevano diagnosticato un cancro terminale ha dato l&#039;addio ai figli salvo poi scoprire che era sana: il racconto.\" \/>\n<meta property=\"og:url\" content=\"https:\/\/newsvirali.it\/es\/2024\/04\/10\/bei-ihr-wurde-krebs-im-endstadium-diagnostiziert-sie-verabschiedete-sich-von-ihren-kindern-unterzog-sich-einer-aggressiven-chemotherapie-und-war-gesund\/\" \/>\n<meta property=\"og:site_name\" content=\"News virali\" \/>\n<meta property=\"article:published_time\" content=\"2024-04-10T10:47:20+00:00\" \/>\n<meta property=\"article:modified_time\" content=\"2024-04-10T10:47:21+00:00\" \/>\n<meta property=\"og:image\" content=\"https:\/\/newsvirali.it\/wp-content\/uploads\/2024\/04\/Le-diagnosticano-cancro-terminale-dice-addio-alla-famiglia-e-fa-chemio-aggressiva-era-sana-23.jpg\" \/>\n\t<meta property=\"og:image:width\" content=\"2560\" \/>\n\t<meta property=\"og:image:height\" content=\"1440\" \/>\n\t<meta property=\"og:image:type\" content=\"image\/jpeg\" \/>\n<meta name=\"author\" content=\"Cecco Prestina\" \/>\n<meta name=\"twitter:card\" content=\"summary_large_image\" \/>\n<meta name=\"twitter:label1\" content=\"Escrito por\" \/>\n\t<meta name=\"twitter:data1\" content=\"Cecco Prestina\" \/>\n\t<meta name=\"twitter:label2\" content=\"Tiempo de lectura\" \/>\n\t<meta name=\"twitter:data2\" content=\"5 minutos\" \/>\n<script type=\"application\/ld+json\" class=\"yoast-schema-graph\">{\"@context\":\"https:\/\/schema.org\",\"@graph\":[{\"@type\":\"NewsArticle\",\"@id\":\"https:\/\/newsvirali.it\/de\/2024\/04\/10\/bei-ihr-wurde-krebs-im-endstadium-diagnostiziert-sie-verabschiedete-sich-von-ihren-kindern-unterzog-sich-einer-aggressiven-chemotherapie-und-war-gesund\/#article\",\"isPartOf\":{\"@id\":\"https:\/\/newsvirali.it\/de\/2024\/04\/10\/bei-ihr-wurde-krebs-im-endstadium-diagnostiziert-sie-verabschiedete-sich-von-ihren-kindern-unterzog-sich-einer-aggressiven-chemotherapie-und-war-gesund\/\"},\"author\":{\"name\":\"Cecco Prestina\",\"@id\":\"https:\/\/newsvirali.it\/fr\/#\/schema\/person\/4c835f7b49c9adb58b33901ee816565d\"},\"headline\":\"Le diagnosticano cancro terminale, dice addio ai figli e fa chemio aggressiva: era sana\",\"datePublished\":\"2024-04-10T10:47:20+00:00\",\"dateModified\":\"2024-04-10T10:47:21+00:00\",\"mainEntityOfPage\":{\"@id\":\"https:\/\/newsvirali.it\/de\/2024\/04\/10\/bei-ihr-wurde-krebs-im-endstadium-diagnostiziert-sie-verabschiedete-sich-von-ihren-kindern-unterzog-sich-einer-aggressiven-chemotherapie-und-war-gesund\/\"},\"wordCount\":939,\"commentCount\":0,\"image\":{\"@id\":\"https:\/\/newsvirali.it\/de\/2024\/04\/10\/bei-ihr-wurde-krebs-im-endstadium-diagnostiziert-sie-verabschiedete-sich-von-ihren-kindern-unterzog-sich-einer-aggressiven-chemotherapie-und-war-gesund\/#primaryimage\"},\"thumbnailUrl\":\"https:\/\/newsvirali.it\/wp-content\/uploads\/2024\/04\/Le-diagnosticano-cancro-terminale-dice-addio-alla-famiglia-e-fa-chemio-aggressiva-era-sana-23.jpg\",\"articleSection\":[\"_spagnolo\",\"_tedesco\",\"Mondo\"],\"inLanguage\":\"es\",\"potentialAction\":[{\"@type\":\"CommentAction\",\"name\":\"Comment\",\"target\":[\"https:\/\/newsvirali.it\/de\/2024\/04\/10\/bei-ihr-wurde-krebs-im-endstadium-diagnostiziert-sie-verabschiedete-sich-von-ihren-kindern-unterzog-sich-einer-aggressiven-chemotherapie-und-war-gesund\/#respond\"]}],\"copyrightYear\":\"2024\",\"copyrightHolder\":{\"@id\":\"https:\/\/newsvirali.it\/es\/#organization\"}},{\"@type\":\"WebPage\",\"@id\":\"https:\/\/newsvirali.it\/de\/2024\/04\/10\/bei-ihr-wurde-krebs-im-endstadium-diagnostiziert-sie-verabschiedete-sich-von-ihren-kindern-unterzog-sich-einer-aggressiven-chemotherapie-und-war-gesund\/\",\"url\":\"https:\/\/newsvirali.it\/de\/2024\/04\/10\/bei-ihr-wurde-krebs-im-endstadium-diagnostiziert-sie-verabschiedete-sich-von-ihren-kindern-unterzog-sich-einer-aggressiven-chemotherapie-und-war-gesund\/\",\"name\":\"Le diagnosticano cancro terminale, dice addio ai figli e fa chemio aggressiva: era sana\",\"isPartOf\":{\"@id\":\"https:\/\/newsvirali.it\/fr\/#website\"},\"primaryImageOfPage\":{\"@id\":\"https:\/\/newsvirali.it\/de\/2024\/04\/10\/bei-ihr-wurde-krebs-im-endstadium-diagnostiziert-sie-verabschiedete-sich-von-ihren-kindern-unterzog-sich-einer-aggressiven-chemotherapie-und-war-gesund\/#primaryimage\"},\"image\":{\"@id\":\"https:\/\/newsvirali.it\/de\/2024\/04\/10\/bei-ihr-wurde-krebs-im-endstadium-diagnostiziert-sie-verabschiedete-sich-von-ihren-kindern-unterzog-sich-einer-aggressiven-chemotherapie-und-war-gesund\/#primaryimage\"},\"thumbnailUrl\":\"https:\/\/newsvirali.it\/wp-content\/uploads\/2024\/04\/Le-diagnosticano-cancro-terminale-dice-addio-alla-famiglia-e-fa-chemio-aggressiva-era-sana-23.jpg\",\"datePublished\":\"2024-04-10T10:47:20+00:00\",\"dateModified\":\"2024-04-10T10:47:21+00:00\",\"author\":{\"@id\":\"https:\/\/newsvirali.it\/fr\/#\/schema\/person\/4c835f7b49c9adb58b33901ee816565d\"},\"description\":\"Una madre a cui avevano diagnosticato un cancro terminale ha dato l'addio ai figli salvo poi scoprire che era sana: il racconto.\",\"breadcrumb\":{\"@id\":\"https:\/\/newsvirali.it\/de\/2024\/04\/10\/bei-ihr-wurde-krebs-im-endstadium-diagnostiziert-sie-verabschiedete-sich-von-ihren-kindern-unterzog-sich-einer-aggressiven-chemotherapie-und-war-gesund\/#breadcrumb\"},\"inLanguage\":\"es\",\"potentialAction\":[{\"@type\":\"ReadAction\",\"target\":[\"https:\/\/newsvirali.it\/de\/2024\/04\/10\/bei-ihr-wurde-krebs-im-endstadium-diagnostiziert-sie-verabschiedete-sich-von-ihren-kindern-unterzog-sich-einer-aggressiven-chemotherapie-und-war-gesund\/\"]}]},{\"@type\":\"ImageObject\",\"inLanguage\":\"es\",\"@id\":\"https:\/\/newsvirali.it\/de\/2024\/04\/10\/bei-ihr-wurde-krebs-im-endstadium-diagnostiziert-sie-verabschiedete-sich-von-ihren-kindern-unterzog-sich-einer-aggressiven-chemotherapie-und-war-gesund\/#primaryimage\",\"url\":\"https:\/\/newsvirali.it\/wp-content\/uploads\/2024\/04\/Le-diagnosticano-cancro-terminale-dice-addio-alla-famiglia-e-fa-chemio-aggressiva-era-sana-23.jpg\",\"contentUrl\":\"https:\/\/newsvirali.it\/wp-content\/uploads\/2024\/04\/Le-diagnosticano-cancro-terminale-dice-addio-alla-famiglia-e-fa-chemio-aggressiva-era-sana-23.jpg\",\"width\":2560,\"height\":1440,\"caption\":\"Le diagnosticano cancro terminale, dice addio alla famiglia e fa chemio aggressiva era sana\"},{\"@type\":\"BreadcrumbList\",\"@id\":\"https:\/\/newsvirali.it\/de\/2024\/04\/10\/bei-ihr-wurde-krebs-im-endstadium-diagnostiziert-sie-verabschiedete-sich-von-ihren-kindern-unterzog-sich-einer-aggressiven-chemotherapie-und-war-gesund\/#breadcrumb\",\"itemListElement\":[{\"@type\":\"ListItem\",\"position\":1,\"name\":\"Home\",\"item\":\"https:\/\/newsvirali.it\/fr\/\"},{\"@type\":\"ListItem\",\"position\":2,\"name\":\"Le diagnosticano cancro terminale, dice addio ai figli e fa chemio aggressiva: era sana\"}]},{\"@type\":\"WebSite\",\"@id\":\"https:\/\/newsvirali.it\/fr\/#website\",\"url\":\"https:\/\/newsvirali.it\/fr\/\",\"name\":\"Bake News\",\"description\":\"\",\"potentialAction\":[{\"@type\":\"SearchAction\",\"target\":{\"@type\":\"EntryPoint\",\"urlTemplate\":\"https:\/\/newsvirali.it\/fr\/?s={search_term_string}\"},\"query-input\":{\"@type\":\"PropertyValueSpecification\",\"valueRequired\":true,\"valueName\":\"search_term_string\"}}],\"inLanguage\":\"es\"},{\"@type\":\"Person\",\"@id\":\"https:\/\/newsvirali.it\/fr\/#\/schema\/person\/4c835f7b49c9adb58b33901ee816565d\",\"name\":\"Cecco Prestina\",\"description\":\"Perch\u00e9 nasconderlo? Cecco Prestina \u00e8 un alias, ma dietro di lui non si cela un algoritmo di intelligenza artificiale. C'\u00e8 un giornalista che ha oltre vent'anni di esperienza tutta sul web. Da quando il primo modem ha iniziato a gracchiare sul territorio italiano con Video on Line, Cecco ha capito che da quel doppino sarebbe passato il futuro. Ha dedidicato tutta la sua carriera a capire Internet e poi i social e ora l'Ai. Una carriera in costante aggiornamento. E questa esperienza la mette in campo ogni giorno. Per\u00f2 ogni tanto Cecco ha voglia anche di non scrivere \\\"pipponi\\\" sulla politica, sull'economia. Ha voglia anche di scrivere qualcosa di divertente. Le notizie che trovate su Bake News sono le stesse che Cecco porta all'aperitivo con gli amici. Quelle di cui discutere per farsi due risate. Notizie, vere (qualche volta si fa fatica a crederlo), strane, divertenti, ma anche serie. Bake News \u00e8 nato per questo, dare al pubblico notizie croccanti e calde come il pane che esce dal forno. E Cecco Prestina \u00e8 nato con Bake News.\",\"url\":\"https:\/\/newsvirali.it\/es\/autore\/cecco-prestina\/\"}]}<\/script>\n<!-- \/ Yoast SEO Premium plugin. -->","yoast_head_json":{"title":"Le diagnosticano cancro terminale, dice addio ai figli e fa chemio aggressiva: era sana","description":"Una madre a cui avevano diagnosticato un cancro terminale ha dato l'addio ai figli salvo poi scoprire che era sana: il racconto.","robots":{"index":"index","follow":"follow","max-snippet":"max-snippet:-1","max-image-preview":"max-image-preview:large","max-video-preview":"max-video-preview:-1"},"canonical":"https:\/\/newsvirali.it\/es\/2024\/04\/10\/bei-ihr-wurde-krebs-im-endstadium-diagnostiziert-sie-verabschiedete-sich-von-ihren-kindern-unterzog-sich-einer-aggressiven-chemotherapie-und-war-gesund\/","og_locale":"es_ES","og_type":"article","og_title":"Le diagnosticano cancro terminale, dice addio ai figli e fa chemio aggressiva: era sana","og_description":"Una madre a cui avevano diagnosticato un cancro terminale ha dato l'addio ai figli salvo poi scoprire che era sana: il racconto.","og_url":"https:\/\/newsvirali.it\/es\/2024\/04\/10\/bei-ihr-wurde-krebs-im-endstadium-diagnostiziert-sie-verabschiedete-sich-von-ihren-kindern-unterzog-sich-einer-aggressiven-chemotherapie-und-war-gesund\/","og_site_name":"News virali","article_published_time":"2024-04-10T10:47:20+00:00","article_modified_time":"2024-04-10T10:47:21+00:00","og_image":[{"width":2560,"height":1440,"url":"https:\/\/newsvirali.it\/wp-content\/uploads\/2024\/04\/Le-diagnosticano-cancro-terminale-dice-addio-alla-famiglia-e-fa-chemio-aggressiva-era-sana-23.jpg","type":"image\/jpeg"}],"author":"Cecco Prestina","twitter_card":"summary_large_image","twitter_misc":{"Escrito por":"Cecco Prestina","Tiempo de lectura":"5 minutos"},"schema":{"@context":"https:\/\/schema.org","@graph":[{"@type":"NewsArticle","@id":"https:\/\/newsvirali.it\/de\/2024\/04\/10\/bei-ihr-wurde-krebs-im-endstadium-diagnostiziert-sie-verabschiedete-sich-von-ihren-kindern-unterzog-sich-einer-aggressiven-chemotherapie-und-war-gesund\/#article","isPartOf":{"@id":"https:\/\/newsvirali.it\/de\/2024\/04\/10\/bei-ihr-wurde-krebs-im-endstadium-diagnostiziert-sie-verabschiedete-sich-von-ihren-kindern-unterzog-sich-einer-aggressiven-chemotherapie-und-war-gesund\/"},"author":{"name":"Cecco Prestina","@id":"https:\/\/newsvirali.it\/fr\/#\/schema\/person\/4c835f7b49c9adb58b33901ee816565d"},"headline":"Le diagnosticano cancro terminale, dice addio ai figli e fa chemio aggressiva: era sana","datePublished":"2024-04-10T10:47:20+00:00","dateModified":"2024-04-10T10:47:21+00:00","mainEntityOfPage":{"@id":"https:\/\/newsvirali.it\/de\/2024\/04\/10\/bei-ihr-wurde-krebs-im-endstadium-diagnostiziert-sie-verabschiedete-sich-von-ihren-kindern-unterzog-sich-einer-aggressiven-chemotherapie-und-war-gesund\/"},"wordCount":939,"commentCount":0,"image":{"@id":"https:\/\/newsvirali.it\/de\/2024\/04\/10\/bei-ihr-wurde-krebs-im-endstadium-diagnostiziert-sie-verabschiedete-sich-von-ihren-kindern-unterzog-sich-einer-aggressiven-chemotherapie-und-war-gesund\/#primaryimage"},"thumbnailUrl":"https:\/\/newsvirali.it\/wp-content\/uploads\/2024\/04\/Le-diagnosticano-cancro-terminale-dice-addio-alla-famiglia-e-fa-chemio-aggressiva-era-sana-23.jpg","articleSection":["_spagnolo","_tedesco","Mondo"],"inLanguage":"es","potentialAction":[{"@type":"CommentAction","name":"Comment","target":["https:\/\/newsvirali.it\/de\/2024\/04\/10\/bei-ihr-wurde-krebs-im-endstadium-diagnostiziert-sie-verabschiedete-sich-von-ihren-kindern-unterzog-sich-einer-aggressiven-chemotherapie-und-war-gesund\/#respond"]}],"copyrightYear":"2024","copyrightHolder":{"@id":"https:\/\/newsvirali.it\/es\/#organization"}},{"@type":"WebPage","@id":"https:\/\/newsvirali.it\/de\/2024\/04\/10\/bei-ihr-wurde-krebs-im-endstadium-diagnostiziert-sie-verabschiedete-sich-von-ihren-kindern-unterzog-sich-einer-aggressiven-chemotherapie-und-war-gesund\/","url":"https:\/\/newsvirali.it\/de\/2024\/04\/10\/bei-ihr-wurde-krebs-im-endstadium-diagnostiziert-sie-verabschiedete-sich-von-ihren-kindern-unterzog-sich-einer-aggressiven-chemotherapie-und-war-gesund\/","name":"Le diagnosticano cancro terminale, dice addio ai figli e fa chemio aggressiva: era sana","isPartOf":{"@id":"https:\/\/newsvirali.it\/fr\/#website"},"primaryImageOfPage":{"@id":"https:\/\/newsvirali.it\/de\/2024\/04\/10\/bei-ihr-wurde-krebs-im-endstadium-diagnostiziert-sie-verabschiedete-sich-von-ihren-kindern-unterzog-sich-einer-aggressiven-chemotherapie-und-war-gesund\/#primaryimage"},"image":{"@id":"https:\/\/newsvirali.it\/de\/2024\/04\/10\/bei-ihr-wurde-krebs-im-endstadium-diagnostiziert-sie-verabschiedete-sich-von-ihren-kindern-unterzog-sich-einer-aggressiven-chemotherapie-und-war-gesund\/#primaryimage"},"thumbnailUrl":"https:\/\/newsvirali.it\/wp-content\/uploads\/2024\/04\/Le-diagnosticano-cancro-terminale-dice-addio-alla-famiglia-e-fa-chemio-aggressiva-era-sana-23.jpg","datePublished":"2024-04-10T10:47:20+00:00","dateModified":"2024-04-10T10:47:21+00:00","author":{"@id":"https:\/\/newsvirali.it\/fr\/#\/schema\/person\/4c835f7b49c9adb58b33901ee816565d"},"description":"Una madre a cui avevano diagnosticato un cancro terminale ha dato l'addio ai figli salvo poi scoprire che era sana: il racconto.","breadcrumb":{"@id":"https:\/\/newsvirali.it\/de\/2024\/04\/10\/bei-ihr-wurde-krebs-im-endstadium-diagnostiziert-sie-verabschiedete-sich-von-ihren-kindern-unterzog-sich-einer-aggressiven-chemotherapie-und-war-gesund\/#breadcrumb"},"inLanguage":"es","potentialAction":[{"@type":"ReadAction","target":["https:\/\/newsvirali.it\/de\/2024\/04\/10\/bei-ihr-wurde-krebs-im-endstadium-diagnostiziert-sie-verabschiedete-sich-von-ihren-kindern-unterzog-sich-einer-aggressiven-chemotherapie-und-war-gesund\/"]}]},{"@type":"ImageObject","inLanguage":"es","@id":"https:\/\/newsvirali.it\/de\/2024\/04\/10\/bei-ihr-wurde-krebs-im-endstadium-diagnostiziert-sie-verabschiedete-sich-von-ihren-kindern-unterzog-sich-einer-aggressiven-chemotherapie-und-war-gesund\/#primaryimage","url":"https:\/\/newsvirali.it\/wp-content\/uploads\/2024\/04\/Le-diagnosticano-cancro-terminale-dice-addio-alla-famiglia-e-fa-chemio-aggressiva-era-sana-23.jpg","contentUrl":"https:\/\/newsvirali.it\/wp-content\/uploads\/2024\/04\/Le-diagnosticano-cancro-terminale-dice-addio-alla-famiglia-e-fa-chemio-aggressiva-era-sana-23.jpg","width":2560,"height":1440,"caption":"Le diagnosticano cancro terminale, dice addio alla famiglia e fa chemio aggressiva era sana"},{"@type":"BreadcrumbList","@id":"https:\/\/newsvirali.it\/de\/2024\/04\/10\/bei-ihr-wurde-krebs-im-endstadium-diagnostiziert-sie-verabschiedete-sich-von-ihren-kindern-unterzog-sich-einer-aggressiven-chemotherapie-und-war-gesund\/#breadcrumb","itemListElement":[{"@type":"ListItem","position":1,"name":"Home","item":"https:\/\/newsvirali.it\/fr\/"},{"@type":"ListItem","position":2,"name":"Le diagnosticano cancro terminale, dice addio ai figli e fa chemio aggressiva: era sana"}]},{"@type":"WebSite","@id":"https:\/\/newsvirali.it\/fr\/#website","url":"https:\/\/newsvirali.it\/fr\/","name":"Bake News","description":"","potentialAction":[{"@type":"SearchAction","target":{"@type":"EntryPoint","urlTemplate":"https:\/\/newsvirali.it\/fr\/?s={search_term_string}"},"query-input":{"@type":"PropertyValueSpecification","valueRequired":true,"valueName":"search_term_string"}}],"inLanguage":"es"},{"@type":"Person","@id":"https:\/\/newsvirali.it\/fr\/#\/schema\/person\/4c835f7b49c9adb58b33901ee816565d","name":"Cecco Prestina","description":"Perch\u00e9 nasconderlo? Cecco Prestina \u00e8 un alias, ma dietro di lui non si cela un algoritmo di intelligenza artificiale. C'\u00e8 un giornalista che ha oltre vent'anni di esperienza tutta sul web. Da quando il primo modem ha iniziato a gracchiare sul territorio italiano con Video on Line, Cecco ha capito che da quel doppino sarebbe passato il futuro. Ha dedidicato tutta la sua carriera a capire Internet e poi i social e ora l'Ai. Una carriera in costante aggiornamento. E questa esperienza la mette in campo ogni giorno. Per\u00f2 ogni tanto Cecco ha voglia anche di non scrivere \"pipponi\" sulla politica, sull'economia. Ha voglia anche di scrivere qualcosa di divertente. Le notizie che trovate su Bake News sono le stesse che Cecco porta all'aperitivo con gli amici. Quelle di cui discutere per farsi due risate. Notizie, vere (qualche volta si fa fatica a crederlo), strane, divertenti, ma anche serie. Bake News \u00e8 nato per questo, dare al pubblico notizie croccanti e calde come il pane che esce dal forno. E Cecco Prestina \u00e8 nato con Bake News.","url":"https:\/\/newsvirali.it\/es\/autore\/cecco-prestina\/"}]}},"_links":{"self":[{"href":"https:\/\/newsvirali.it\/es\/wp-json\/wp\/v2\/posts\/22398","targetHints":{"allow":["GET"]}}],"collection":[{"href":"https:\/\/newsvirali.it\/es\/wp-json\/wp\/v2\/posts"}],"about":[{"href":"https:\/\/newsvirali.it\/es\/wp-json\/wp\/v2\/types\/post"}],"author":[{"embeddable":true,"href":"https:\/\/newsvirali.it\/es\/wp-json\/wp\/v2\/users\/4"}],"replies":[{"embeddable":true,"href":"https:\/\/newsvirali.it\/es\/wp-json\/wp\/v2\/comments?post=22398"}],"version-history":[{"count":3,"href":"https:\/\/newsvirali.it\/es\/wp-json\/wp\/v2\/posts\/22398\/revisions"}],"predecessor-version":[{"id":22424,"href":"https:\/\/newsvirali.it\/es\/wp-json\/wp\/v2\/posts\/22398\/revisions\/22424"}],"wp:featuredmedia":[{"embeddable":true,"href":"https:\/\/newsvirali.it\/es\/wp-json\/wp\/v2\/media\/22421"}],"wp:attachment":[{"href":"https:\/\/newsvirali.it\/es\/wp-json\/wp\/v2\/media?parent=22398"}],"wp:term":[{"taxonomy":"category","embeddable":true,"href":"https:\/\/newsvirali.it\/es\/wp-json\/wp\/v2\/categories?post=22398"},{"taxonomy":"post_tag","embeddable":true,"href":"https:\/\/newsvirali.it\/es\/wp-json\/wp\/v2\/tags?post=22398"}],"curies":[{"name":"wp","href":"https:\/\/api.w.org\/{rel}","templated":true}]}}