{"id":21922,"date":"2024-04-08T14:24:22","date_gmt":"2024-04-08T12:24:22","guid":{"rendered":"https:\/\/www.bakenews.it\/?p=21922"},"modified":"2024-04-08T14:27:11","modified_gmt":"2024-04-08T12:27:11","slug":"metro-nega-accesso-a-uomo-senza-braccia-dimentica-pass-e-non-puo-dimostrare-disabilita","status":"publish","type":"post","link":"https:\/\/newsvirali.it\/es\/2024\/04\/08\/metro-niega-acceso-a-hombre-sin-brazos-olvida-pase-y-no-puede-acreditar-discapacidad\/","title":{"rendered":"Metro niega acceso a hombre sin brazos: olvida pase y no puede acreditar discapacidad"},"content":{"rendered":"<p>La noticia de un hombre sin brazos que no pod\u00eda viajar gratis en el metro porque no ten\u00eda un abono que certificara su discapacidad est\u00e1 causando sensaci\u00f3n en China. El personal de la estaci\u00f3n de tren le pidi\u00f3 a un hombre sin brazos que demostrara que estaba discapacitado para poder viajar gratis. Li Fengqiang public\u00f3 en su cuenta Douyin un v\u00eddeo de su experiencia al entrar en una estaci\u00f3n de metro de Wuhan, en la provincia central china de Hubei, provocando una ola de comentarios indignados hacia la compa\u00f1\u00eda ferroviaria.<\/p>\n\n\n\n<p><strong>LEER TAMBI\u00c9N<\/strong><\/p>\n\n\n<ul class=\"wp-block-latest-posts__list wp-block-latest-posts\"><li><a class=\"wp-block-latest-posts__post-title\" href=\"https:\/\/newsvirali.it\/es\/2026\/02\/12\/emma-amit-cangrejo-diablo-muerto\/\">La vlogger Emma Amit muere tras comer un cangrejo diablo t\u00f3xico<\/a><\/li>\n<li><a class=\"wp-block-latest-posts__post-title\" href=\"https:\/\/newsvirali.it\/es\/2026\/02\/11\/se-abre-la-sancion-por-el-vestuario-para-los-juegos-olimpicos-de-2026\/\">Mil\u00e1n-Cortina 2026: El traje se estrena en competici\u00f3n: una patinadora evita la penalizaci\u00f3n<\/a><\/li>\n<li><a class=\"wp-block-latest-posts__post-title\" href=\"https:\/\/newsvirali.it\/es\/2026\/02\/09\/apagon-del-cerdo-volador-en-china\/\">Cerdo volador provoca desmayo: Lee la incre\u00edble historia (y no es IA)<\/a><\/li>\n<li><a class=\"wp-block-latest-posts__post-title\" href=\"https:\/\/newsvirali.it\/es\/2026\/02\/05\/tres-hermanas-se-suicidan-en-india\/\">Padres confiscan celulares por jugar en exceso: tres hermanas se suicidan<\/a><\/li>\n<li><a class=\"wp-block-latest-posts__post-title\" href=\"https:\/\/newsvirali.it\/es\/2026\/02\/04\/estrategia-xai-de-spacex-para-centros-de-datos-espaciales-de-musk\/\">No es una fusi\u00f3n: el verdadero plan de Musk detr\u00e1s de SpaceX y xAI<\/a><\/li>\n<\/ul>\n\n\n<h2 class=\"wp-block-heading\" id=\"h-non-e-stato-in-grado-di-dimostrare-la-disabilita\">No pudo demostrar discapacidad.<\/h2>\n\n\n\n<p>En el v\u00eddeo se puede ver a un miembro del personal dici\u00e9ndole que muestre su pase de discapacidad emitido por el gobierno para poder viajar gratis en el transporte p\u00fablico. Li Fengqiang hab\u00eda olvidado su identificaci\u00f3n y afirm\u00f3 que no necesitaba mostrar pruebas, pero el personal era muy estricto con las reglas. Hay que decir que el revisor se ofreci\u00f3 a pagar el billete en lugar de Li pero el hombre, por principio, se neg\u00f3 y lo pag\u00f3 \u00e9l mismo.<\/p>\n\n\n\n<h2 class=\"wp-block-heading\" id=\"h-il-video-per-chiedere-regole-piu-umane\">El v\u00eddeo para pedir &quot;normas m\u00e1s humanas&quot;<\/h2>\n\n\n\n<p>Durante las siguientes 24 horas, despu\u00e9s de una ola de comentarios sobre el v\u00eddeo, el Metro de Wuhan se disculp\u00f3, dijo que el miembro del personal hab\u00eda sido desconsiderado y prometi\u00f3 proteger el derecho de las personas discapacitadas a viajar sin barreras en el futuro. Los comentaristas defendieron en parte al controlador diciendo que el fallo resid\u00eda en las estrictas normas de la empresa de transporte y no en el personal. &quot;Tanto el personal como el hombre sin brazos fueron v\u00edctimas de reglas hostiles&quot;, dijo un navegador de Weibo. Li dijo que no public\u00f3 el v\u00eddeo para culpar al personal, sino para pedir un entorno &quot;m\u00e1s humano&quot; para las personas discapacitadas.<\/p>\n\n\n\n<figure class=\"wp-block-embed is-type-video is-provider-youtube wp-block-embed-youtube wp-embed-aspect-16-9 wp-has-aspect-ratio\"><div class=\"wp-block-embed__wrapper\">\n<iframe loading=\"lazy\" title=\"\u65e0\u81c2\u7537\u5b50\u514d\u8d39\u4e58\u5730\u94c1\u88ab\u8981\u6c42\u51fa\u793a\u6b8b\u75be\u8bc1 \u5730\u94c1\uff1a\u89c4\u5b9a\u5fc5\u987b\u51fa\u793a\u8bc1\u4ef6\u6838\" width=\"500\" height=\"281\" src=\"https:\/\/www.youtube.com\/embed\/qHYqr-MANWs?feature=oembed\" frameborder=\"0\" allow=\"accelerometer; autoplay; clipboard-write; encrypted-media; gyroscope; picture-in-picture; web-share\" referrerpolicy=\"strict-origin-when-cross-origin\" allowfullscreen><\/iframe>\n<\/div><\/figure>\n\n\n\n<p>\u201cMuchas personas con discapacidad suelen tener dificultades para encontrar el valor de abandonar sus hogares. Una norma hostil como \u00e9sta podr\u00eda f\u00e1cilmente disuadirlos de salir a la calle\u201d, afirm\u00f3. Li, un atleta de nataci\u00f3n discapacitado y propietario de una empresa de piscinas, dijo que 70% del personal empleado en su empresa estaban discapacitados y sab\u00eda las dificultades que encontraban para viajar todos los d\u00edas. Seg\u00fan un informe realizado conjuntamente por la Federaci\u00f3n China de Personas con Discapacidad y la Asociaci\u00f3n de Consumidores de China en 2017, hay menos de 40,61 instalaciones sin barreras TP3T en China. Las estructuras existentes tambi\u00e9n carecen de mantenimiento.<\/p>\n\n\n\n<h2 class=\"wp-block-heading\" id=\"h-le-regole-in-cina-sui-disabili\">Las normas en China sobre las personas discapacitadas<\/h2>\n\n\n\n<p>Seg\u00fan el gobierno, China tiene m\u00e1s de 85 millones de personas con discapacidad. Se estima que esta cifra aumentar\u00e1 a 250 millones en 2050. El pa\u00eds implement\u00f3 oficialmente la Ley sobre la Creaci\u00f3n de un Entorno Sin Barreras en septiembre de 2023, prometiendo crear un entorno m\u00e1s inclusivo. La ley especifica requisitos para la construcci\u00f3n de instalaciones accesibles y la aplicaci\u00f3n de intercambios de informaci\u00f3n accesibles, as\u00ed como servicios sociales.<\/p>\n\n\n\n<p><strong>ART\u00cdCULOS M\u00c1S LE\u00cdDOS<\/strong><\/p>\n\n\n<p>[koko_analytics_most_viewed_posts number=5 d\u00edas=8 tipo_de_publicaci\u00f3n=\u201dpublicaci\u00f3n\u201d fecha_de_presentaci\u00f3n=\u201dfalso\u201d]<\/p>\n<br \/>S\u00edguenos tambi\u00e9n en Google News: <b><a href=\"https:\/\/news.google.com\/publications\/CAAqBwgKMNqJiwswjMfqAg?hl=it&gl=IT&ceid=IT:it\" target=\"_blank\">haga clic aqu\u00ed<\/a><\/b>","protected":false},"excerpt":{"rendered":"<p>La noticia de un hombre sin brazos que no pod\u00eda viajar gratis en el metro est\u00e1 causando revuelo en China [...]<\/p>","protected":false},"author":4,"featured_media":21934,"comment_status":"open","ping_status":"open","sticky":false,"template":"","format":"standard","meta":{"MSN_Categories":"Uncategorized","MSN_Publish_Option":false,"MSN_Is_Local_News":false,"MSN_Is_AIAC_Included":"Empty","MSN_Location":"[]","MSN_Add_Feature_Img_On_Top_Of_Post":false,"MSN_Has_Custom_Author":false,"MSN_Custom_Author":"","MSN_Has_Custom_Canonical_Url":false,"MSN_Custom_Canonical_Url":"","footnotes":""},"categories":[463,464,9],"tags":[],"class_list":["post-21922","post","type-post","status-publish","format-standard","has-post-thumbnail","hentry","category-_spagnolo","category-_tedesco","category-mondo"],"acf":[],"yoast_head":"<!-- This site is optimized with the Yoast SEO Premium plugin v26.7 (Yoast SEO v26.7) - https:\/\/yoast.com\/wordpress\/plugins\/seo\/ -->\n<title>Metro nega accesso a uomo senza braccia: dimentica pass e non pu\u00f2 dimostrare disabilit\u00e0<\/title>\n<meta name=\"description\" content=\"Fa scalpore la notizia di un uomo senza braccia che non ha potuto viaggiare in metro gratis perch\u00e9 sprovviso dell&#039;abbonamento disabili.\" \/>\n<meta name=\"robots\" content=\"index, follow, max-snippet:-1, max-image-preview:large, max-video-preview:-1\" \/>\n<link rel=\"canonical\" href=\"https:\/\/newsvirali.it\/es\/2024\/04\/08\/metro-niega-acceso-a-hombre-sin-brazos-olvida-pase-y-no-puede-acreditar-discapacidad\/\" \/>\n<meta property=\"og:locale\" content=\"es_ES\" \/>\n<meta property=\"og:type\" content=\"article\" \/>\n<meta property=\"og:title\" content=\"Metro nega accesso a uomo senza braccia: dimentica pass e non pu\u00f2 dimostrare disabilit\u00e0\" \/>\n<meta property=\"og:description\" content=\"Fa scalpore la notizia di un uomo senza braccia che non ha potuto viaggiare in metro gratis perch\u00e9 sprovviso dell&#039;abbonamento disabili.\" \/>\n<meta property=\"og:url\" content=\"https:\/\/newsvirali.it\/es\/2024\/04\/08\/metro-niega-acceso-a-hombre-sin-brazos-olvida-pase-y-no-puede-acreditar-discapacidad\/\" \/>\n<meta property=\"og:site_name\" content=\"News virali\" \/>\n<meta property=\"article:published_time\" content=\"2024-04-08T12:24:22+00:00\" \/>\n<meta property=\"article:modified_time\" content=\"2024-04-08T12:27:11+00:00\" \/>\n<meta property=\"og:image\" content=\"https:\/\/newsvirali.it\/wp-content\/uploads\/2024\/04\/Metro-nega-accesso-a-uomo-senza-braccia-dimentica-pass-e-non-puo-dimostrare-disabilita-12.jpg\" \/>\n\t<meta property=\"og:image:width\" content=\"600\" \/>\n\t<meta property=\"og:image:height\" content=\"337\" \/>\n\t<meta property=\"og:image:type\" content=\"image\/jpeg\" \/>\n<meta name=\"author\" content=\"Cecco Prestina\" \/>\n<meta name=\"twitter:card\" content=\"summary_large_image\" \/>\n<meta name=\"twitter:label1\" content=\"Escrito por\" \/>\n\t<meta name=\"twitter:data1\" content=\"Cecco Prestina\" \/>\n\t<meta name=\"twitter:label2\" content=\"Tiempo de lectura\" \/>\n\t<meta name=\"twitter:data2\" content=\"3 minutos\" \/>\n<script type=\"application\/ld+json\" class=\"yoast-schema-graph\">{\"@context\":\"https:\/\/schema.org\",\"@graph\":[{\"@type\":\"NewsArticle\",\"@id\":\"https:\/\/newsvirali.it\/es\/2024\/04\/08\/metro-niega-acceso-a-hombre-sin-brazos-olvida-pase-y-no-puede-acreditar-discapacidad\/#article\",\"isPartOf\":{\"@id\":\"https:\/\/newsvirali.it\/es\/2024\/04\/08\/metro-niega-acceso-a-hombre-sin-brazos-olvida-pase-y-no-puede-acreditar-discapacidad\/\"},\"author\":{\"name\":\"Cecco Prestina\",\"@id\":\"https:\/\/newsvirali.it\/fr\/#\/schema\/person\/4c835f7b49c9adb58b33901ee816565d\"},\"headline\":\"Metro nega accesso a uomo senza braccia: dimentica pass e non pu\u00f2 dimostrare disabilit\u00e0\",\"datePublished\":\"2024-04-08T12:24:22+00:00\",\"dateModified\":\"2024-04-08T12:27:11+00:00\",\"mainEntityOfPage\":{\"@id\":\"https:\/\/newsvirali.it\/es\/2024\/04\/08\/metro-niega-acceso-a-hombre-sin-brazos-olvida-pase-y-no-puede-acreditar-discapacidad\/\"},\"wordCount\":490,\"commentCount\":0,\"image\":{\"@id\":\"https:\/\/newsvirali.it\/es\/2024\/04\/08\/metro-niega-acceso-a-hombre-sin-brazos-olvida-pase-y-no-puede-acreditar-discapacidad\/#primaryimage\"},\"thumbnailUrl\":\"https:\/\/newsvirali.it\/wp-content\/uploads\/2024\/04\/Metro-nega-accesso-a-uomo-senza-braccia-dimentica-pass-e-non-puo-dimostrare-disabilita-12.jpg\",\"articleSection\":[\"_spagnolo\",\"_tedesco\",\"Mondo\"],\"inLanguage\":\"es\",\"potentialAction\":[{\"@type\":\"CommentAction\",\"name\":\"Comment\",\"target\":[\"https:\/\/newsvirali.it\/es\/2024\/04\/08\/metro-niega-acceso-a-hombre-sin-brazos-olvida-pase-y-no-puede-acreditar-discapacidad\/#respond\"]}],\"copyrightYear\":\"2024\",\"copyrightHolder\":{\"@id\":\"https:\/\/newsvirali.it\/es\/#organization\"}},{\"@type\":\"WebPage\",\"@id\":\"https:\/\/newsvirali.it\/es\/2024\/04\/08\/metro-niega-acceso-a-hombre-sin-brazos-olvida-pase-y-no-puede-acreditar-discapacidad\/\",\"url\":\"https:\/\/newsvirali.it\/es\/2024\/04\/08\/metro-niega-acceso-a-hombre-sin-brazos-olvida-pase-y-no-puede-acreditar-discapacidad\/\",\"name\":\"Metro nega accesso a uomo senza braccia: dimentica pass e non pu\u00f2 dimostrare disabilit\u00e0\",\"isPartOf\":{\"@id\":\"https:\/\/newsvirali.it\/fr\/#website\"},\"primaryImageOfPage\":{\"@id\":\"https:\/\/newsvirali.it\/es\/2024\/04\/08\/metro-niega-acceso-a-hombre-sin-brazos-olvida-pase-y-no-puede-acreditar-discapacidad\/#primaryimage\"},\"image\":{\"@id\":\"https:\/\/newsvirali.it\/es\/2024\/04\/08\/metro-niega-acceso-a-hombre-sin-brazos-olvida-pase-y-no-puede-acreditar-discapacidad\/#primaryimage\"},\"thumbnailUrl\":\"https:\/\/newsvirali.it\/wp-content\/uploads\/2024\/04\/Metro-nega-accesso-a-uomo-senza-braccia-dimentica-pass-e-non-puo-dimostrare-disabilita-12.jpg\",\"datePublished\":\"2024-04-08T12:24:22+00:00\",\"dateModified\":\"2024-04-08T12:27:11+00:00\",\"author\":{\"@id\":\"https:\/\/newsvirali.it\/fr\/#\/schema\/person\/4c835f7b49c9adb58b33901ee816565d\"},\"description\":\"Fa scalpore la notizia di un uomo senza braccia che non ha potuto viaggiare in metro gratis perch\u00e9 sprovviso dell'abbonamento disabili.\",\"breadcrumb\":{\"@id\":\"https:\/\/newsvirali.it\/es\/2024\/04\/08\/metro-niega-acceso-a-hombre-sin-brazos-olvida-pase-y-no-puede-acreditar-discapacidad\/#breadcrumb\"},\"inLanguage\":\"es\",\"potentialAction\":[{\"@type\":\"ReadAction\",\"target\":[\"https:\/\/newsvirali.it\/es\/2024\/04\/08\/metro-niega-acceso-a-hombre-sin-brazos-olvida-pase-y-no-puede-acreditar-discapacidad\/\"]}]},{\"@type\":\"ImageObject\",\"inLanguage\":\"es\",\"@id\":\"https:\/\/newsvirali.it\/es\/2024\/04\/08\/metro-niega-acceso-a-hombre-sin-brazos-olvida-pase-y-no-puede-acreditar-discapacidad\/#primaryimage\",\"url\":\"https:\/\/newsvirali.it\/wp-content\/uploads\/2024\/04\/Metro-nega-accesso-a-uomo-senza-braccia-dimentica-pass-e-non-puo-dimostrare-disabilita-12.jpg\",\"contentUrl\":\"https:\/\/newsvirali.it\/wp-content\/uploads\/2024\/04\/Metro-nega-accesso-a-uomo-senza-braccia-dimentica-pass-e-non-puo-dimostrare-disabilita-12.jpg\",\"width\":600,\"height\":337,\"caption\":\"Metro nega accesso a uomo senza braccia: dimentica pass e non pu\u00f2 dimostrare disabilit\u00e0\"},{\"@type\":\"BreadcrumbList\",\"@id\":\"https:\/\/newsvirali.it\/es\/2024\/04\/08\/metro-niega-acceso-a-hombre-sin-brazos-olvida-pase-y-no-puede-acreditar-discapacidad\/#breadcrumb\",\"itemListElement\":[{\"@type\":\"ListItem\",\"position\":1,\"name\":\"Home\",\"item\":\"https:\/\/newsvirali.it\/fr\/\"},{\"@type\":\"ListItem\",\"position\":2,\"name\":\"Metro nega accesso a uomo senza braccia: dimentica pass e non pu\u00f2 dimostrare disabilit\u00e0\"}]},{\"@type\":\"WebSite\",\"@id\":\"https:\/\/newsvirali.it\/fr\/#website\",\"url\":\"https:\/\/newsvirali.it\/fr\/\",\"name\":\"Bake News\",\"description\":\"\",\"potentialAction\":[{\"@type\":\"SearchAction\",\"target\":{\"@type\":\"EntryPoint\",\"urlTemplate\":\"https:\/\/newsvirali.it\/fr\/?s={search_term_string}\"},\"query-input\":{\"@type\":\"PropertyValueSpecification\",\"valueRequired\":true,\"valueName\":\"search_term_string\"}}],\"inLanguage\":\"es\"},{\"@type\":\"Person\",\"@id\":\"https:\/\/newsvirali.it\/fr\/#\/schema\/person\/4c835f7b49c9adb58b33901ee816565d\",\"name\":\"Cecco Prestina\",\"description\":\"Perch\u00e9 nasconderlo? Cecco Prestina \u00e8 un alias, ma dietro di lui non si cela un algoritmo di intelligenza artificiale. C'\u00e8 un giornalista che ha oltre vent'anni di esperienza tutta sul web. Da quando il primo modem ha iniziato a gracchiare sul territorio italiano con Video on Line, Cecco ha capito che da quel doppino sarebbe passato il futuro. Ha dedidicato tutta la sua carriera a capire Internet e poi i social e ora l'Ai. Una carriera in costante aggiornamento. E questa esperienza la mette in campo ogni giorno. Per\u00f2 ogni tanto Cecco ha voglia anche di non scrivere \\\"pipponi\\\" sulla politica, sull'economia. Ha voglia anche di scrivere qualcosa di divertente. Le notizie che trovate su Bake News sono le stesse che Cecco porta all'aperitivo con gli amici. Quelle di cui discutere per farsi due risate. Notizie, vere (qualche volta si fa fatica a crederlo), strane, divertenti, ma anche serie. Bake News \u00e8 nato per questo, dare al pubblico notizie croccanti e calde come il pane che esce dal forno. E Cecco Prestina \u00e8 nato con Bake News.\",\"url\":\"https:\/\/newsvirali.it\/es\/autore\/cecco-prestina\/\"}]}<\/script>\n<!-- \/ Yoast SEO Premium plugin. -->","yoast_head_json":{"title":"Metro nega accesso a uomo senza braccia: dimentica pass e non pu\u00f2 dimostrare disabilit\u00e0","description":"Fa scalpore la notizia di un uomo senza braccia che non ha potuto viaggiare in metro gratis perch\u00e9 sprovviso dell'abbonamento disabili.","robots":{"index":"index","follow":"follow","max-snippet":"max-snippet:-1","max-image-preview":"max-image-preview:large","max-video-preview":"max-video-preview:-1"},"canonical":"https:\/\/newsvirali.it\/es\/2024\/04\/08\/metro-niega-acceso-a-hombre-sin-brazos-olvida-pase-y-no-puede-acreditar-discapacidad\/","og_locale":"es_ES","og_type":"article","og_title":"Metro nega accesso a uomo senza braccia: dimentica pass e non pu\u00f2 dimostrare disabilit\u00e0","og_description":"Fa scalpore la notizia di un uomo senza braccia che non ha potuto viaggiare in metro gratis perch\u00e9 sprovviso dell'abbonamento disabili.","og_url":"https:\/\/newsvirali.it\/es\/2024\/04\/08\/metro-niega-acceso-a-hombre-sin-brazos-olvida-pase-y-no-puede-acreditar-discapacidad\/","og_site_name":"News virali","article_published_time":"2024-04-08T12:24:22+00:00","article_modified_time":"2024-04-08T12:27:11+00:00","og_image":[{"width":600,"height":337,"url":"https:\/\/newsvirali.it\/wp-content\/uploads\/2024\/04\/Metro-nega-accesso-a-uomo-senza-braccia-dimentica-pass-e-non-puo-dimostrare-disabilita-12.jpg","type":"image\/jpeg"}],"author":"Cecco Prestina","twitter_card":"summary_large_image","twitter_misc":{"Escrito por":"Cecco Prestina","Tiempo de lectura":"3 minutos"},"schema":{"@context":"https:\/\/schema.org","@graph":[{"@type":"NewsArticle","@id":"https:\/\/newsvirali.it\/es\/2024\/04\/08\/metro-niega-acceso-a-hombre-sin-brazos-olvida-pase-y-no-puede-acreditar-discapacidad\/#article","isPartOf":{"@id":"https:\/\/newsvirali.it\/es\/2024\/04\/08\/metro-niega-acceso-a-hombre-sin-brazos-olvida-pase-y-no-puede-acreditar-discapacidad\/"},"author":{"name":"Cecco Prestina","@id":"https:\/\/newsvirali.it\/fr\/#\/schema\/person\/4c835f7b49c9adb58b33901ee816565d"},"headline":"Metro nega accesso a uomo senza braccia: dimentica pass e non pu\u00f2 dimostrare disabilit\u00e0","datePublished":"2024-04-08T12:24:22+00:00","dateModified":"2024-04-08T12:27:11+00:00","mainEntityOfPage":{"@id":"https:\/\/newsvirali.it\/es\/2024\/04\/08\/metro-niega-acceso-a-hombre-sin-brazos-olvida-pase-y-no-puede-acreditar-discapacidad\/"},"wordCount":490,"commentCount":0,"image":{"@id":"https:\/\/newsvirali.it\/es\/2024\/04\/08\/metro-niega-acceso-a-hombre-sin-brazos-olvida-pase-y-no-puede-acreditar-discapacidad\/#primaryimage"},"thumbnailUrl":"https:\/\/newsvirali.it\/wp-content\/uploads\/2024\/04\/Metro-nega-accesso-a-uomo-senza-braccia-dimentica-pass-e-non-puo-dimostrare-disabilita-12.jpg","articleSection":["_spagnolo","_tedesco","Mondo"],"inLanguage":"es","potentialAction":[{"@type":"CommentAction","name":"Comment","target":["https:\/\/newsvirali.it\/es\/2024\/04\/08\/metro-niega-acceso-a-hombre-sin-brazos-olvida-pase-y-no-puede-acreditar-discapacidad\/#respond"]}],"copyrightYear":"2024","copyrightHolder":{"@id":"https:\/\/newsvirali.it\/es\/#organization"}},{"@type":"WebPage","@id":"https:\/\/newsvirali.it\/es\/2024\/04\/08\/metro-niega-acceso-a-hombre-sin-brazos-olvida-pase-y-no-puede-acreditar-discapacidad\/","url":"https:\/\/newsvirali.it\/es\/2024\/04\/08\/metro-niega-acceso-a-hombre-sin-brazos-olvida-pase-y-no-puede-acreditar-discapacidad\/","name":"Metro nega accesso a uomo senza braccia: dimentica pass e non pu\u00f2 dimostrare disabilit\u00e0","isPartOf":{"@id":"https:\/\/newsvirali.it\/fr\/#website"},"primaryImageOfPage":{"@id":"https:\/\/newsvirali.it\/es\/2024\/04\/08\/metro-niega-acceso-a-hombre-sin-brazos-olvida-pase-y-no-puede-acreditar-discapacidad\/#primaryimage"},"image":{"@id":"https:\/\/newsvirali.it\/es\/2024\/04\/08\/metro-niega-acceso-a-hombre-sin-brazos-olvida-pase-y-no-puede-acreditar-discapacidad\/#primaryimage"},"thumbnailUrl":"https:\/\/newsvirali.it\/wp-content\/uploads\/2024\/04\/Metro-nega-accesso-a-uomo-senza-braccia-dimentica-pass-e-non-puo-dimostrare-disabilita-12.jpg","datePublished":"2024-04-08T12:24:22+00:00","dateModified":"2024-04-08T12:27:11+00:00","author":{"@id":"https:\/\/newsvirali.it\/fr\/#\/schema\/person\/4c835f7b49c9adb58b33901ee816565d"},"description":"Fa scalpore la notizia di un uomo senza braccia che non ha potuto viaggiare in metro gratis perch\u00e9 sprovviso dell'abbonamento disabili.","breadcrumb":{"@id":"https:\/\/newsvirali.it\/es\/2024\/04\/08\/metro-niega-acceso-a-hombre-sin-brazos-olvida-pase-y-no-puede-acreditar-discapacidad\/#breadcrumb"},"inLanguage":"es","potentialAction":[{"@type":"ReadAction","target":["https:\/\/newsvirali.it\/es\/2024\/04\/08\/metro-niega-acceso-a-hombre-sin-brazos-olvida-pase-y-no-puede-acreditar-discapacidad\/"]}]},{"@type":"ImageObject","inLanguage":"es","@id":"https:\/\/newsvirali.it\/es\/2024\/04\/08\/metro-niega-acceso-a-hombre-sin-brazos-olvida-pase-y-no-puede-acreditar-discapacidad\/#primaryimage","url":"https:\/\/newsvirali.it\/wp-content\/uploads\/2024\/04\/Metro-nega-accesso-a-uomo-senza-braccia-dimentica-pass-e-non-puo-dimostrare-disabilita-12.jpg","contentUrl":"https:\/\/newsvirali.it\/wp-content\/uploads\/2024\/04\/Metro-nega-accesso-a-uomo-senza-braccia-dimentica-pass-e-non-puo-dimostrare-disabilita-12.jpg","width":600,"height":337,"caption":"Metro nega accesso a uomo senza braccia: dimentica pass e non pu\u00f2 dimostrare disabilit\u00e0"},{"@type":"BreadcrumbList","@id":"https:\/\/newsvirali.it\/es\/2024\/04\/08\/metro-niega-acceso-a-hombre-sin-brazos-olvida-pase-y-no-puede-acreditar-discapacidad\/#breadcrumb","itemListElement":[{"@type":"ListItem","position":1,"name":"Home","item":"https:\/\/newsvirali.it\/fr\/"},{"@type":"ListItem","position":2,"name":"Metro nega accesso a uomo senza braccia: dimentica pass e non pu\u00f2 dimostrare disabilit\u00e0"}]},{"@type":"WebSite","@id":"https:\/\/newsvirali.it\/fr\/#website","url":"https:\/\/newsvirali.it\/fr\/","name":"Bake News","description":"","potentialAction":[{"@type":"SearchAction","target":{"@type":"EntryPoint","urlTemplate":"https:\/\/newsvirali.it\/fr\/?s={search_term_string}"},"query-input":{"@type":"PropertyValueSpecification","valueRequired":true,"valueName":"search_term_string"}}],"inLanguage":"es"},{"@type":"Person","@id":"https:\/\/newsvirali.it\/fr\/#\/schema\/person\/4c835f7b49c9adb58b33901ee816565d","name":"Cecco Prestina","description":"Perch\u00e9 nasconderlo? Cecco Prestina \u00e8 un alias, ma dietro di lui non si cela un algoritmo di intelligenza artificiale. C'\u00e8 un giornalista che ha oltre vent'anni di esperienza tutta sul web. Da quando il primo modem ha iniziato a gracchiare sul territorio italiano con Video on Line, Cecco ha capito che da quel doppino sarebbe passato il futuro. Ha dedidicato tutta la sua carriera a capire Internet e poi i social e ora l'Ai. Una carriera in costante aggiornamento. E questa esperienza la mette in campo ogni giorno. Per\u00f2 ogni tanto Cecco ha voglia anche di non scrivere \"pipponi\" sulla politica, sull'economia. Ha voglia anche di scrivere qualcosa di divertente. Le notizie che trovate su Bake News sono le stesse che Cecco porta all'aperitivo con gli amici. Quelle di cui discutere per farsi due risate. Notizie, vere (qualche volta si fa fatica a crederlo), strane, divertenti, ma anche serie. Bake News \u00e8 nato per questo, dare al pubblico notizie croccanti e calde come il pane che esce dal forno. E Cecco Prestina \u00e8 nato con Bake News.","url":"https:\/\/newsvirali.it\/es\/autore\/cecco-prestina\/"}]}},"_links":{"self":[{"href":"https:\/\/newsvirali.it\/es\/wp-json\/wp\/v2\/posts\/21922","targetHints":{"allow":["GET"]}}],"collection":[{"href":"https:\/\/newsvirali.it\/es\/wp-json\/wp\/v2\/posts"}],"about":[{"href":"https:\/\/newsvirali.it\/es\/wp-json\/wp\/v2\/types\/post"}],"author":[{"embeddable":true,"href":"https:\/\/newsvirali.it\/es\/wp-json\/wp\/v2\/users\/4"}],"replies":[{"embeddable":true,"href":"https:\/\/newsvirali.it\/es\/wp-json\/wp\/v2\/comments?post=21922"}],"version-history":[{"count":10,"href":"https:\/\/newsvirali.it\/es\/wp-json\/wp\/v2\/posts\/21922\/revisions"}],"predecessor-version":[{"id":21954,"href":"https:\/\/newsvirali.it\/es\/wp-json\/wp\/v2\/posts\/21922\/revisions\/21954"}],"wp:featuredmedia":[{"embeddable":true,"href":"https:\/\/newsvirali.it\/es\/wp-json\/wp\/v2\/media\/21934"}],"wp:attachment":[{"href":"https:\/\/newsvirali.it\/es\/wp-json\/wp\/v2\/media?parent=21922"}],"wp:term":[{"taxonomy":"category","embeddable":true,"href":"https:\/\/newsvirali.it\/es\/wp-json\/wp\/v2\/categories?post=21922"},{"taxonomy":"post_tag","embeddable":true,"href":"https:\/\/newsvirali.it\/es\/wp-json\/wp\/v2\/tags?post=21922"}],"curies":[{"name":"wp","href":"https:\/\/api.w.org\/{rel}","templated":true}]}}