{"id":21765,"date":"2024-04-05T18:27:31","date_gmt":"2024-04-05T16:27:31","guid":{"rendered":"https:\/\/www.bakenews.it\/?p=21765"},"modified":"2024-04-05T18:27:32","modified_gmt":"2024-04-05T16:27:32","slug":"sofia-goggia-e-la-foto-fake-in-copertina-ecco-la-sua-risposta","status":"publish","type":"post","link":"https:\/\/newsvirali.it\/es\/2024\/04\/05\/sofia-goggia-y-la-foto-falsa-de-la-portada-aqui-esta-su-respuesta\/","title":{"rendered":"Sofia Goggia y la foto falsa de la portada: aqu\u00ed est\u00e1 su respuesta"},"content":{"rendered":"<p>Sofia Goggia fue entrevistada por el semanario 7 del Corriere della Sera y gan\u00f3 la portada, l\u00e1stima que sea un mal fotomontaje (<a href=\"https:\/\/www.bakenews.it\/kate-middleton-si-scusa-per-la-foto-fake-ora-i-dubbi-sulla-sua-salute-crescono\/\">como Kate Middleton<\/a>?) y el campe\u00f3n de esqu\u00ed apareci\u00f3 con dos zurdas. En las redes sociales hubo una avalancha de chistes y memes tambi\u00e9n porque, adem\u00e1s de los pies, el retoque tambi\u00e9n afect\u00f3 al brazo derecho del campe\u00f3n, que parece medir dos metros de largo. Una situaci\u00f3n que no pudo ser ignorada por la protagonista que de hecho dio una respuesta a su manera.<\/p>\n\n\n\n<p><strong>LEER TAMBI\u00c9N<\/strong><\/p>\n\n\n<ul class=\"wp-block-latest-posts__list wp-block-latest-posts\"><li><a class=\"wp-block-latest-posts__post-title\" href=\"https:\/\/newsvirali.it\/es\/2026\/02\/12\/emma-amit-cangrejo-diablo-muerto\/\">La vlogger Emma Amit muere tras comer un cangrejo diablo t\u00f3xico<\/a><\/li>\n<li><a class=\"wp-block-latest-posts__post-title\" href=\"https:\/\/newsvirali.it\/es\/2026\/02\/11\/se-abre-la-sancion-por-el-vestuario-para-los-juegos-olimpicos-de-2026\/\">Mil\u00e1n-Cortina 2026: El traje se estrena en competici\u00f3n: una patinadora evita la penalizaci\u00f3n<\/a><\/li>\n<li><a class=\"wp-block-latest-posts__post-title\" href=\"https:\/\/newsvirali.it\/es\/2026\/02\/09\/apagon-del-cerdo-volador-en-china\/\">Cerdo volador provoca desmayo: Lee la incre\u00edble historia (y no es IA)<\/a><\/li>\n<li><a class=\"wp-block-latest-posts__post-title\" href=\"https:\/\/newsvirali.it\/es\/2026\/02\/05\/tres-hermanas-se-suicidan-en-india\/\">Padres confiscan celulares por jugar en exceso: tres hermanas se suicidan<\/a><\/li>\n<li><a class=\"wp-block-latest-posts__post-title\" href=\"https:\/\/newsvirali.it\/es\/2026\/02\/04\/estrategia-xai-de-spacex-para-centros-de-datos-espaciales-de-musk\/\">No es una fusi\u00f3n: el verdadero plan de Musk detr\u00e1s de SpaceX y xAI<\/a><\/li>\n<\/ul>\n\n\n<p>En Instagram Sofia Goggia publica una historia con su abuela Carla mientras la lleva a mirar la portada del peri\u00f3dico y comienza una peque\u00f1a escena divertida (en dialecto de B\u00e9rgamo que traducimos).<\/p>\n\n\n\n<p>Sof\u00eda: \u201cMira, mira si es hermosa. \u00bfTe gusta?&quot;<br>Abuela: \u201cHermosa\u201d<br>Sof\u00eda: \u201cElla es hermosa, \u00bfeh?<br>Abuela: \u201cMadre m\u00eda\u201d<br>Sof\u00eda: \u201c\u00bfPero viste que me pusieron dos pies izquierdos?\u201d<br>Abuela: \u201cHermosa\u201d<br>Sof\u00eda: \u201c\u00bfQu\u00e9 bonito? Mira los pies, \u00bfves que esto y esto son iguales?<br>Abuela: \u201cDios m\u00edo, tienes raz\u00f3n\u201d<br>Sof\u00eda: \u201cMe pusieron al rev\u00e9s\u201d<br>Abuela: \u201cPero ella es hermosa\u201d<br>Sof\u00eda: \u201c\u00bfY los pies?\u201d<br>Abuela: \u201cYo no los miro\u201d<\/p>\n<br \/>S\u00edguenos tambi\u00e9n en Google News: <b><a href=\"https:\/\/news.google.com\/publications\/CAAqBwgKMNqJiwswjMfqAg?hl=it&gl=IT&ceid=IT:it\" target=\"_blank\">haga clic aqu\u00ed<\/a><\/b>","protected":false},"excerpt":{"rendered":"<p>Sofia Goggia fue entrevistada por el semanario 7 del Corriere della Sera y apareci\u00f3 en la portada, l\u00e1stima que fuese [\u2026]<\/p>","protected":false},"author":4,"featured_media":21775,"comment_status":"open","ping_status":"open","sticky":false,"template":"","format":"standard","meta":{"MSN_Categories":"Uncategorized","MSN_Publish_Option":false,"MSN_Is_Local_News":false,"MSN_Is_AIAC_Included":"Empty","MSN_Location":"[]","MSN_Add_Feature_Img_On_Top_Of_Post":false,"MSN_Has_Custom_Author":false,"MSN_Custom_Author":"","MSN_Has_Custom_Canonical_Url":false,"MSN_Custom_Canonical_Url":"","footnotes":""},"categories":[464,8],"tags":[],"class_list":["post-21765","post","type-post","status-publish","format-standard","has-post-thumbnail","hentry","category-_tedesco","category-sport"],"acf":[],"yoast_head":"<!-- This site is optimized with the Yoast SEO Premium plugin v26.7 (Yoast SEO v26.7) - https:\/\/yoast.com\/wordpress\/plugins\/seo\/ -->\n<title>Sofia Goggia e la foto fake in copertina: ecco la sua risposta<\/title>\n<meta name=\"description\" content=\"Sofia Goggia in copertina su 7 con un fotomontaggio in cui la campionessa di sci compare con due piedi sinistri. Ecco la sua risposta epica.\" \/>\n<meta name=\"robots\" content=\"index, follow, max-snippet:-1, max-image-preview:large, max-video-preview:-1\" \/>\n<link rel=\"canonical\" href=\"https:\/\/newsvirali.it\/es\/2024\/04\/05\/sofia-goggia-y-la-foto-falsa-de-la-portada-aqui-esta-su-respuesta\/\" \/>\n<meta property=\"og:locale\" content=\"es_ES\" \/>\n<meta property=\"og:type\" content=\"article\" \/>\n<meta property=\"og:title\" content=\"Sofia Goggia e la foto fake in copertina: ecco la sua risposta\" \/>\n<meta property=\"og:description\" content=\"Sofia Goggia in copertina su 7 con un fotomontaggio in cui la campionessa di sci compare con due piedi sinistri. Ecco la sua risposta epica.\" \/>\n<meta property=\"og:url\" content=\"https:\/\/newsvirali.it\/es\/2024\/04\/05\/sofia-goggia-y-la-foto-falsa-de-la-portada-aqui-esta-su-respuesta\/\" \/>\n<meta property=\"og:site_name\" content=\"News virali\" \/>\n<meta property=\"article:published_time\" content=\"2024-04-05T16:27:31+00:00\" \/>\n<meta property=\"article:modified_time\" content=\"2024-04-05T16:27:32+00:00\" \/>\n<meta property=\"og:image\" content=\"https:\/\/newsvirali.it\/wp-content\/uploads\/2024\/04\/Sofia-Goggia-e-la-foto-fake-in-copertina-ecco-la-sua-risposta-5.jpg\" \/>\n\t<meta property=\"og:image:width\" content=\"600\" \/>\n\t<meta property=\"og:image:height\" content=\"337\" \/>\n\t<meta property=\"og:image:type\" content=\"image\/jpeg\" \/>\n<meta name=\"author\" content=\"Cecco Prestina\" \/>\n<meta name=\"twitter:card\" content=\"summary_large_image\" \/>\n<meta name=\"twitter:label1\" content=\"Escrito por\" \/>\n\t<meta name=\"twitter:data1\" content=\"Cecco Prestina\" \/>\n\t<meta name=\"twitter:label2\" content=\"Tiempo de lectura\" \/>\n\t<meta name=\"twitter:data2\" content=\"1 minuto\" \/>\n<script type=\"application\/ld+json\" class=\"yoast-schema-graph\">{\"@context\":\"https:\/\/schema.org\",\"@graph\":[{\"@type\":\"NewsArticle\",\"@id\":\"https:\/\/newsvirali.it\/2024\/04\/05\/sofia-goggia-e-la-foto-fake-in-copertina-ecco-la-sua-risposta\/#article\",\"isPartOf\":{\"@id\":\"https:\/\/newsvirali.it\/2024\/04\/05\/sofia-goggia-e-la-foto-fake-in-copertina-ecco-la-sua-risposta\/\"},\"author\":{\"name\":\"Cecco Prestina\",\"@id\":\"https:\/\/newsvirali.it\/fr\/#\/schema\/person\/4c835f7b49c9adb58b33901ee816565d\"},\"headline\":\"Sofia Goggia e la foto fake in copertina: ecco la sua risposta\",\"datePublished\":\"2024-04-05T16:27:31+00:00\",\"dateModified\":\"2024-04-05T16:27:32+00:00\",\"mainEntityOfPage\":{\"@id\":\"https:\/\/newsvirali.it\/2024\/04\/05\/sofia-goggia-e-la-foto-fake-in-copertina-ecco-la-sua-risposta\/\"},\"wordCount\":193,\"commentCount\":0,\"image\":{\"@id\":\"https:\/\/newsvirali.it\/2024\/04\/05\/sofia-goggia-e-la-foto-fake-in-copertina-ecco-la-sua-risposta\/#primaryimage\"},\"thumbnailUrl\":\"https:\/\/newsvirali.it\/wp-content\/uploads\/2024\/04\/Sofia-Goggia-e-la-foto-fake-in-copertina-ecco-la-sua-risposta-5.jpg\",\"articleSection\":[\"_tedesco\",\"Sport\"],\"inLanguage\":\"es\",\"potentialAction\":[{\"@type\":\"CommentAction\",\"name\":\"Comment\",\"target\":[\"https:\/\/newsvirali.it\/2024\/04\/05\/sofia-goggia-e-la-foto-fake-in-copertina-ecco-la-sua-risposta\/#respond\"]}],\"copyrightYear\":\"2024\",\"copyrightHolder\":{\"@id\":\"https:\/\/newsvirali.it\/es\/#organization\"}},{\"@type\":\"WebPage\",\"@id\":\"https:\/\/newsvirali.it\/2024\/04\/05\/sofia-goggia-e-la-foto-fake-in-copertina-ecco-la-sua-risposta\/\",\"url\":\"https:\/\/newsvirali.it\/2024\/04\/05\/sofia-goggia-e-la-foto-fake-in-copertina-ecco-la-sua-risposta\/\",\"name\":\"Sofia Goggia e la foto fake in copertina: ecco la sua risposta\",\"isPartOf\":{\"@id\":\"https:\/\/newsvirali.it\/fr\/#website\"},\"primaryImageOfPage\":{\"@id\":\"https:\/\/newsvirali.it\/2024\/04\/05\/sofia-goggia-e-la-foto-fake-in-copertina-ecco-la-sua-risposta\/#primaryimage\"},\"image\":{\"@id\":\"https:\/\/newsvirali.it\/2024\/04\/05\/sofia-goggia-e-la-foto-fake-in-copertina-ecco-la-sua-risposta\/#primaryimage\"},\"thumbnailUrl\":\"https:\/\/newsvirali.it\/wp-content\/uploads\/2024\/04\/Sofia-Goggia-e-la-foto-fake-in-copertina-ecco-la-sua-risposta-5.jpg\",\"datePublished\":\"2024-04-05T16:27:31+00:00\",\"dateModified\":\"2024-04-05T16:27:32+00:00\",\"author\":{\"@id\":\"https:\/\/newsvirali.it\/fr\/#\/schema\/person\/4c835f7b49c9adb58b33901ee816565d\"},\"description\":\"Sofia Goggia in copertina su 7 con un fotomontaggio in cui la campionessa di sci compare con due piedi sinistri. Ecco la sua risposta epica.\",\"breadcrumb\":{\"@id\":\"https:\/\/newsvirali.it\/2024\/04\/05\/sofia-goggia-e-la-foto-fake-in-copertina-ecco-la-sua-risposta\/#breadcrumb\"},\"inLanguage\":\"es\",\"potentialAction\":[{\"@type\":\"ReadAction\",\"target\":[\"https:\/\/newsvirali.it\/2024\/04\/05\/sofia-goggia-e-la-foto-fake-in-copertina-ecco-la-sua-risposta\/\"]}]},{\"@type\":\"ImageObject\",\"inLanguage\":\"es\",\"@id\":\"https:\/\/newsvirali.it\/2024\/04\/05\/sofia-goggia-e-la-foto-fake-in-copertina-ecco-la-sua-risposta\/#primaryimage\",\"url\":\"https:\/\/newsvirali.it\/wp-content\/uploads\/2024\/04\/Sofia-Goggia-e-la-foto-fake-in-copertina-ecco-la-sua-risposta-5.jpg\",\"contentUrl\":\"https:\/\/newsvirali.it\/wp-content\/uploads\/2024\/04\/Sofia-Goggia-e-la-foto-fake-in-copertina-ecco-la-sua-risposta-5.jpg\",\"width\":600,\"height\":337,\"caption\":\"Sofia Goggia e la foto fake in copertina ecco la sua risposta\"},{\"@type\":\"BreadcrumbList\",\"@id\":\"https:\/\/newsvirali.it\/2024\/04\/05\/sofia-goggia-e-la-foto-fake-in-copertina-ecco-la-sua-risposta\/#breadcrumb\",\"itemListElement\":[{\"@type\":\"ListItem\",\"position\":1,\"name\":\"Home\",\"item\":\"https:\/\/newsvirali.it\/fr\/\"},{\"@type\":\"ListItem\",\"position\":2,\"name\":\"Sofia Goggia e la foto fake in copertina: ecco la sua risposta\"}]},{\"@type\":\"WebSite\",\"@id\":\"https:\/\/newsvirali.it\/fr\/#website\",\"url\":\"https:\/\/newsvirali.it\/fr\/\",\"name\":\"Bake News\",\"description\":\"\",\"potentialAction\":[{\"@type\":\"SearchAction\",\"target\":{\"@type\":\"EntryPoint\",\"urlTemplate\":\"https:\/\/newsvirali.it\/fr\/?s={search_term_string}\"},\"query-input\":{\"@type\":\"PropertyValueSpecification\",\"valueRequired\":true,\"valueName\":\"search_term_string\"}}],\"inLanguage\":\"es\"},{\"@type\":\"Person\",\"@id\":\"https:\/\/newsvirali.it\/fr\/#\/schema\/person\/4c835f7b49c9adb58b33901ee816565d\",\"name\":\"Cecco Prestina\",\"description\":\"Perch\u00e9 nasconderlo? Cecco Prestina \u00e8 un alias, ma dietro di lui non si cela un algoritmo di intelligenza artificiale. C'\u00e8 un giornalista che ha oltre vent'anni di esperienza tutta sul web. Da quando il primo modem ha iniziato a gracchiare sul territorio italiano con Video on Line, Cecco ha capito che da quel doppino sarebbe passato il futuro. Ha dedidicato tutta la sua carriera a capire Internet e poi i social e ora l'Ai. Una carriera in costante aggiornamento. E questa esperienza la mette in campo ogni giorno. Per\u00f2 ogni tanto Cecco ha voglia anche di non scrivere \\\"pipponi\\\" sulla politica, sull'economia. Ha voglia anche di scrivere qualcosa di divertente. Le notizie che trovate su Bake News sono le stesse che Cecco porta all'aperitivo con gli amici. Quelle di cui discutere per farsi due risate. Notizie, vere (qualche volta si fa fatica a crederlo), strane, divertenti, ma anche serie. Bake News \u00e8 nato per questo, dare al pubblico notizie croccanti e calde come il pane che esce dal forno. E Cecco Prestina \u00e8 nato con Bake News.\",\"url\":\"https:\/\/newsvirali.it\/es\/autore\/cecco-prestina\/\"}]}<\/script>\n<!-- \/ Yoast SEO Premium plugin. -->","yoast_head_json":{"title":"Sofia Goggia e la foto fake in copertina: ecco la sua risposta","description":"Sofia Goggia in copertina su 7 con un fotomontaggio in cui la campionessa di sci compare con due piedi sinistri. Ecco la sua risposta epica.","robots":{"index":"index","follow":"follow","max-snippet":"max-snippet:-1","max-image-preview":"max-image-preview:large","max-video-preview":"max-video-preview:-1"},"canonical":"https:\/\/newsvirali.it\/es\/2024\/04\/05\/sofia-goggia-y-la-foto-falsa-de-la-portada-aqui-esta-su-respuesta\/","og_locale":"es_ES","og_type":"article","og_title":"Sofia Goggia e la foto fake in copertina: ecco la sua risposta","og_description":"Sofia Goggia in copertina su 7 con un fotomontaggio in cui la campionessa di sci compare con due piedi sinistri. Ecco la sua risposta epica.","og_url":"https:\/\/newsvirali.it\/es\/2024\/04\/05\/sofia-goggia-y-la-foto-falsa-de-la-portada-aqui-esta-su-respuesta\/","og_site_name":"News virali","article_published_time":"2024-04-05T16:27:31+00:00","article_modified_time":"2024-04-05T16:27:32+00:00","og_image":[{"width":600,"height":337,"url":"https:\/\/newsvirali.it\/wp-content\/uploads\/2024\/04\/Sofia-Goggia-e-la-foto-fake-in-copertina-ecco-la-sua-risposta-5.jpg","type":"image\/jpeg"}],"author":"Cecco Prestina","twitter_card":"summary_large_image","twitter_misc":{"Escrito por":"Cecco Prestina","Tiempo de lectura":"1 minuto"},"schema":{"@context":"https:\/\/schema.org","@graph":[{"@type":"NewsArticle","@id":"https:\/\/newsvirali.it\/2024\/04\/05\/sofia-goggia-e-la-foto-fake-in-copertina-ecco-la-sua-risposta\/#article","isPartOf":{"@id":"https:\/\/newsvirali.it\/2024\/04\/05\/sofia-goggia-e-la-foto-fake-in-copertina-ecco-la-sua-risposta\/"},"author":{"name":"Cecco Prestina","@id":"https:\/\/newsvirali.it\/fr\/#\/schema\/person\/4c835f7b49c9adb58b33901ee816565d"},"headline":"Sofia Goggia e la foto fake in copertina: ecco la sua risposta","datePublished":"2024-04-05T16:27:31+00:00","dateModified":"2024-04-05T16:27:32+00:00","mainEntityOfPage":{"@id":"https:\/\/newsvirali.it\/2024\/04\/05\/sofia-goggia-e-la-foto-fake-in-copertina-ecco-la-sua-risposta\/"},"wordCount":193,"commentCount":0,"image":{"@id":"https:\/\/newsvirali.it\/2024\/04\/05\/sofia-goggia-e-la-foto-fake-in-copertina-ecco-la-sua-risposta\/#primaryimage"},"thumbnailUrl":"https:\/\/newsvirali.it\/wp-content\/uploads\/2024\/04\/Sofia-Goggia-e-la-foto-fake-in-copertina-ecco-la-sua-risposta-5.jpg","articleSection":["_tedesco","Sport"],"inLanguage":"es","potentialAction":[{"@type":"CommentAction","name":"Comment","target":["https:\/\/newsvirali.it\/2024\/04\/05\/sofia-goggia-e-la-foto-fake-in-copertina-ecco-la-sua-risposta\/#respond"]}],"copyrightYear":"2024","copyrightHolder":{"@id":"https:\/\/newsvirali.it\/es\/#organization"}},{"@type":"WebPage","@id":"https:\/\/newsvirali.it\/2024\/04\/05\/sofia-goggia-e-la-foto-fake-in-copertina-ecco-la-sua-risposta\/","url":"https:\/\/newsvirali.it\/2024\/04\/05\/sofia-goggia-e-la-foto-fake-in-copertina-ecco-la-sua-risposta\/","name":"Sofia Goggia e la foto fake in copertina: ecco la sua risposta","isPartOf":{"@id":"https:\/\/newsvirali.it\/fr\/#website"},"primaryImageOfPage":{"@id":"https:\/\/newsvirali.it\/2024\/04\/05\/sofia-goggia-e-la-foto-fake-in-copertina-ecco-la-sua-risposta\/#primaryimage"},"image":{"@id":"https:\/\/newsvirali.it\/2024\/04\/05\/sofia-goggia-e-la-foto-fake-in-copertina-ecco-la-sua-risposta\/#primaryimage"},"thumbnailUrl":"https:\/\/newsvirali.it\/wp-content\/uploads\/2024\/04\/Sofia-Goggia-e-la-foto-fake-in-copertina-ecco-la-sua-risposta-5.jpg","datePublished":"2024-04-05T16:27:31+00:00","dateModified":"2024-04-05T16:27:32+00:00","author":{"@id":"https:\/\/newsvirali.it\/fr\/#\/schema\/person\/4c835f7b49c9adb58b33901ee816565d"},"description":"Sofia Goggia in copertina su 7 con un fotomontaggio in cui la campionessa di sci compare con due piedi sinistri. Ecco la sua risposta epica.","breadcrumb":{"@id":"https:\/\/newsvirali.it\/2024\/04\/05\/sofia-goggia-e-la-foto-fake-in-copertina-ecco-la-sua-risposta\/#breadcrumb"},"inLanguage":"es","potentialAction":[{"@type":"ReadAction","target":["https:\/\/newsvirali.it\/2024\/04\/05\/sofia-goggia-e-la-foto-fake-in-copertina-ecco-la-sua-risposta\/"]}]},{"@type":"ImageObject","inLanguage":"es","@id":"https:\/\/newsvirali.it\/2024\/04\/05\/sofia-goggia-e-la-foto-fake-in-copertina-ecco-la-sua-risposta\/#primaryimage","url":"https:\/\/newsvirali.it\/wp-content\/uploads\/2024\/04\/Sofia-Goggia-e-la-foto-fake-in-copertina-ecco-la-sua-risposta-5.jpg","contentUrl":"https:\/\/newsvirali.it\/wp-content\/uploads\/2024\/04\/Sofia-Goggia-e-la-foto-fake-in-copertina-ecco-la-sua-risposta-5.jpg","width":600,"height":337,"caption":"Sofia Goggia e la foto fake in copertina ecco la sua risposta"},{"@type":"BreadcrumbList","@id":"https:\/\/newsvirali.it\/2024\/04\/05\/sofia-goggia-e-la-foto-fake-in-copertina-ecco-la-sua-risposta\/#breadcrumb","itemListElement":[{"@type":"ListItem","position":1,"name":"Home","item":"https:\/\/newsvirali.it\/fr\/"},{"@type":"ListItem","position":2,"name":"Sofia Goggia e la foto fake in copertina: ecco la sua risposta"}]},{"@type":"WebSite","@id":"https:\/\/newsvirali.it\/fr\/#website","url":"https:\/\/newsvirali.it\/fr\/","name":"Bake News","description":"","potentialAction":[{"@type":"SearchAction","target":{"@type":"EntryPoint","urlTemplate":"https:\/\/newsvirali.it\/fr\/?s={search_term_string}"},"query-input":{"@type":"PropertyValueSpecification","valueRequired":true,"valueName":"search_term_string"}}],"inLanguage":"es"},{"@type":"Person","@id":"https:\/\/newsvirali.it\/fr\/#\/schema\/person\/4c835f7b49c9adb58b33901ee816565d","name":"Cecco Prestina","description":"Perch\u00e9 nasconderlo? Cecco Prestina \u00e8 un alias, ma dietro di lui non si cela un algoritmo di intelligenza artificiale. C'\u00e8 un giornalista che ha oltre vent'anni di esperienza tutta sul web. Da quando il primo modem ha iniziato a gracchiare sul territorio italiano con Video on Line, Cecco ha capito che da quel doppino sarebbe passato il futuro. Ha dedidicato tutta la sua carriera a capire Internet e poi i social e ora l'Ai. Una carriera in costante aggiornamento. E questa esperienza la mette in campo ogni giorno. Per\u00f2 ogni tanto Cecco ha voglia anche di non scrivere \"pipponi\" sulla politica, sull'economia. Ha voglia anche di scrivere qualcosa di divertente. Le notizie che trovate su Bake News sono le stesse che Cecco porta all'aperitivo con gli amici. Quelle di cui discutere per farsi due risate. Notizie, vere (qualche volta si fa fatica a crederlo), strane, divertenti, ma anche serie. Bake News \u00e8 nato per questo, dare al pubblico notizie croccanti e calde come il pane che esce dal forno. E Cecco Prestina \u00e8 nato con Bake News.","url":"https:\/\/newsvirali.it\/es\/autore\/cecco-prestina\/"}]}},"_links":{"self":[{"href":"https:\/\/newsvirali.it\/es\/wp-json\/wp\/v2\/posts\/21765","targetHints":{"allow":["GET"]}}],"collection":[{"href":"https:\/\/newsvirali.it\/es\/wp-json\/wp\/v2\/posts"}],"about":[{"href":"https:\/\/newsvirali.it\/es\/wp-json\/wp\/v2\/types\/post"}],"author":[{"embeddable":true,"href":"https:\/\/newsvirali.it\/es\/wp-json\/wp\/v2\/users\/4"}],"replies":[{"embeddable":true,"href":"https:\/\/newsvirali.it\/es\/wp-json\/wp\/v2\/comments?post=21765"}],"version-history":[{"count":3,"href":"https:\/\/newsvirali.it\/es\/wp-json\/wp\/v2\/posts\/21765\/revisions"}],"predecessor-version":[{"id":21783,"href":"https:\/\/newsvirali.it\/es\/wp-json\/wp\/v2\/posts\/21765\/revisions\/21783"}],"wp:featuredmedia":[{"embeddable":true,"href":"https:\/\/newsvirali.it\/es\/wp-json\/wp\/v2\/media\/21775"}],"wp:attachment":[{"href":"https:\/\/newsvirali.it\/es\/wp-json\/wp\/v2\/media?parent=21765"}],"wp:term":[{"taxonomy":"category","embeddable":true,"href":"https:\/\/newsvirali.it\/es\/wp-json\/wp\/v2\/categories?post=21765"},{"taxonomy":"post_tag","embeddable":true,"href":"https:\/\/newsvirali.it\/es\/wp-json\/wp\/v2\/tags?post=21765"}],"curies":[{"name":"wp","href":"https:\/\/api.w.org\/{rel}","templated":true}]}}