{"id":18714,"date":"2024-03-04T11:38:39","date_gmt":"2024-03-04T10:38:39","guid":{"rendered":"https:\/\/www.bakenews.it\/?p=18714"},"modified":"2024-03-04T11:38:40","modified_gmt":"2024-03-04T10:38:40","slug":"irlanda-episodio-di-star-trek-censurato-da-34-anni-ecco-perche","status":"publish","type":"post","link":"https:\/\/newsvirali.it\/es\/2024\/03\/04\/episodio-de-star-trek-de-irlanda-censurado-durante-34-anos-he-aqui-por-que\/","title":{"rendered":"Irlanda, episodio de Star Trek censurado durante 34 a\u00f1os: he aqu\u00ed por qu\u00e9"},"content":{"rendered":"<p>Un episodio de Star Trek que hac\u00eda referencia a la &quot;unificaci\u00f3n irlandesa en 2024&quot; fue censurado y sigue prohibido en Irlanda durante 34 a\u00f1os. El episodio 12 de la tercera serie, titulado The High Ground, se emiti\u00f3 en 1990 e involucra a una organizaci\u00f3n terrorista que toma como reh\u00e9n a un miembro de la tripulaci\u00f3n de la nave estelar USS Enterprise-D de la Flota Estelar de la Federaci\u00f3n en un intento de promover sus propios objetivos. Pero un momento controvertido en el que el personaje androide llamado Data, interpretado por Brent Spiner, cita la \u201cunificaci\u00f3n irlandesa en 2024\u201d como un ejemplo de un objetivo pol\u00edtico logrado mediante la violencia signific\u00f3 que el episodio solo se mostr\u00f3 una vez en Irlanda durante los siguientes 34 a\u00f1os.<\/p>\n\n\n\n<p><strong>LEER TAMBI\u00c9N<\/strong><\/p>\n\n\n<ul class=\"wp-block-latest-posts__list wp-block-latest-posts\"><li><a class=\"wp-block-latest-posts__post-title\" href=\"https:\/\/newsvirali.it\/es\/2026\/02\/12\/emma-amit-cangrejo-diablo-muerto\/\">La vlogger Emma Amit muere tras comer un cangrejo diablo t\u00f3xico<\/a><\/li>\n<li><a class=\"wp-block-latest-posts__post-title\" href=\"https:\/\/newsvirali.it\/es\/2026\/02\/11\/se-abre-la-sancion-por-el-vestuario-para-los-juegos-olimpicos-de-2026\/\">Mil\u00e1n-Cortina 2026: El traje se estrena en competici\u00f3n: una patinadora evita la penalizaci\u00f3n<\/a><\/li>\n<li><a class=\"wp-block-latest-posts__post-title\" href=\"https:\/\/newsvirali.it\/es\/2026\/02\/09\/apagon-del-cerdo-volador-en-china\/\">Cerdo volador provoca desmayo: Lee la incre\u00edble historia (y no es IA)<\/a><\/li>\n<li><a class=\"wp-block-latest-posts__post-title\" href=\"https:\/\/newsvirali.it\/es\/2026\/02\/05\/tres-hermanas-se-suicidan-en-india\/\">Padres confiscan celulares por jugar en exceso: tres hermanas se suicidan<\/a><\/li>\n<li><a class=\"wp-block-latest-posts__post-title\" href=\"https:\/\/newsvirali.it\/es\/2026\/02\/04\/estrategia-xai-de-spacex-para-centros-de-datos-espaciales-de-musk\/\">No es una fusi\u00f3n: el verdadero plan de Musk detr\u00e1s de SpaceX y xAI<\/a><\/li>\n<\/ul>\n\n\n<p>La preocupaci\u00f3n por las posibles implicaciones pol\u00edticas del episodio, que se emiti\u00f3 por primera vez en Estados Unidos, llev\u00f3 a la decisi\u00f3n de no emitirlo en la BBC y en la cadena irlandesa RTV. Una versi\u00f3n \u201ccensurada\u201d transmitida en 1992 por Sky sin la frase controvertida. The High Ground fue finalmente transmitido por la BBC el 29 de septiembre de 2007, en lo que se cree que fue su \u00fanica emisi\u00f3n.<\/p>\n\n\n\n<h2 class=\"wp-block-heading\" id=\"h-all-epoca-l-ira-era-ancora-operativa\">En ese momento, el IRA todav\u00eda estaba operativo.<\/h2>\n\n\n\n<p>Adem\u00e1s de la unificaci\u00f3n irlandesa, Data ofrece otros dos ejemplos de violencia que lograron con \u00e9xito una causa pol\u00edtica: la independencia de M\u00e9xico de Espa\u00f1a y la rebeli\u00f3n de Kenzie (un evento en el universo de Star Trek). La decisi\u00f3n de no emitir el episodio en 1990 reflej\u00f3 la febril situaci\u00f3n pol\u00edtica del momento. En Irlanda del Norte reinaban disturbios, con amenazas terroristas del IRA, que hab\u00eda declarado como objetivo la liberaci\u00f3n de la regi\u00f3n del dominio brit\u00e1nico.<\/p>\n\n\n\n<p>M\u00e1s de tres d\u00e9cadas despu\u00e9s, Irlanda del Norte eligi\u00f3 como primera ministra a la republicana Michelle O&#039;Neill, l\u00edder regional del Sinn Fein, un partido que tiene sus ra\u00edces en el IRA. El mes pasado, la administraci\u00f3n descentralizada de Stormont entr\u00f3 en funcionamiento con el regreso al poder compartido despu\u00e9s de una pausa de dos a\u00f1os. Melinda M. Snodgrass, quien escribi\u00f3 el episodio de Star Trek, dijo que la historia se parec\u00eda deliberadamente a la situaci\u00f3n en Irlanda del Norte en la d\u00e9cada de 1990. Dijo que quer\u00eda explorar la idea de que \u201cel luchador por la libertad para un hombre es el terrorista para otro\u201d.<\/p>\n\n\n\n<h2 class=\"wp-block-heading\" id=\"h-star-trek-censurato-bbc-non-ricorda-il-perche\">\u00bfStar Trek censurado? La BBC no recuerda por qu\u00e9.<\/h2>\n\n\n\n<p>La temporada original de Star Trek lleg\u00f3 a las pantallas por primera vez en 1966 y dur\u00f3 dos a\u00f1os. Regres\u00f3 para una segunda serie, Star Trek: The Next Generation, que se emiti\u00f3 entre 1987 y 1994. La BBC dice que no puede determinar por qu\u00e9 se impuso la prohibici\u00f3n, ya que &quot;se remonta a mucho tiempo atr\u00e1s&quot;.<\/p>\n\n\n\n<p><strong>LEER M\u00c1S NOTICIAS DE TELEVISI\u00d3N<\/strong><\/p>\n\n\n<ul class=\"wp-block-latest-posts__list wp-block-latest-posts\"><li><a class=\"wp-block-latest-posts__post-title\" href=\"https:\/\/newsvirali.it\/es\/2026\/01\/29\/la-mirada-viral-del-meteorologo-de-la-bbc-2\/\">Un meteor\u00f3logo de la BBC en medias altas provoca p\u00e1nico entre los espectadores<\/a><\/li>\n<li><a class=\"wp-block-latest-posts__post-title\" href=\"https:\/\/newsvirali.it\/es\/2026\/01\/28\/accidente-sexy-de-veronica-saltos\/\">Sexy accidente en TV en vivo: Aparece el pez\u00f3n de Ver\u00f3nica Saltos, el video se vuelve viral.<\/a><\/li>\n<li><a class=\"wp-block-latest-posts__post-title\" href=\"https:\/\/newsvirali.it\/es\/2026\/01\/27\/lala-kent-y-michelle-saniei-desnudas-en-la-ducha-fotos-que-enloquecen-a-los-fans\/\">Lala Kent y Michelle Saniei desnudas en la ducha: Fotos que vuelven locos a los fans<\/a><\/li>\n<li><a class=\"wp-block-latest-posts__post-title\" href=\"https:\/\/newsvirali.it\/es\/2026\/01\/19\/video-de-ashley-james-en-bikini-en-skinnytok\/\">Ashley James critica a SkinnyTok: su video en bikini y su mensaje a las madres<\/a><\/li>\n<li><a class=\"wp-block-latest-posts__post-title\" href=\"https:\/\/newsvirali.it\/es\/2026\/01\/15\/avance-de-cassie-en-euphoria-3-de-sydney-sweeney\/\">Sydney Sweeney sorprende en Euphoria 3: El punto de inflexi\u00f3n de Cassie en el primer avance<\/a><\/li>\n<\/ul><br \/>S\u00edguenos tambi\u00e9n en Google News: <b><a href=\"https:\/\/news.google.com\/publications\/CAAqBwgKMNqJiwswjMfqAg?hl=it&gl=IT&ceid=IT:it\" target=\"_blank\">haga clic aqu\u00ed<\/a><\/b>","protected":false},"excerpt":{"rendered":"<p>Un episodio de Star Trek que hace referencia a la &quot;unificaci\u00f3n irlandesa en 2024&quot; ha sido censurado y por 34 [...]<\/p>","protected":false},"author":4,"featured_media":18715,"comment_status":"open","ping_status":"open","sticky":false,"template":"","format":"standard","meta":{"MSN_Categories":"Uncategorized","MSN_Publish_Option":false,"MSN_Is_Local_News":false,"MSN_Is_AIAC_Included":"Empty","MSN_Location":"[]","MSN_Add_Feature_Img_On_Top_Of_Post":false,"MSN_Has_Custom_Author":false,"MSN_Custom_Author":"","MSN_Has_Custom_Canonical_Url":false,"MSN_Custom_Canonical_Url":"","footnotes":""},"categories":[18],"tags":[],"class_list":["post-18714","post","type-post","status-publish","format-standard","has-post-thumbnail","hentry","category-televisione"],"acf":[],"yoast_head":"<!-- This site is optimized with the Yoast SEO Premium plugin v26.7 (Yoast SEO v26.7) - https:\/\/yoast.com\/wordpress\/plugins\/seo\/ -->\n<title>Irlanda, episodio di Star Trek censurato da 34 anni: ecco perch\u00e9<\/title>\n<meta name=\"description\" content=\"Un episodio di Star Trek che fa riferimento alla &quot;unificazione irlandese nel 2024&quot; \u00e8 stato censurato e da 34 anni \u00e8 ancora vietato in Irlanda.\" \/>\n<meta name=\"robots\" content=\"index, follow, max-snippet:-1, max-image-preview:large, max-video-preview:-1\" \/>\n<link rel=\"canonical\" href=\"https:\/\/newsvirali.it\/es\/2024\/03\/04\/episodio-de-star-trek-de-irlanda-censurado-durante-34-anos-he-aqui-por-que\/\" \/>\n<meta property=\"og:locale\" content=\"es_ES\" \/>\n<meta property=\"og:type\" content=\"article\" \/>\n<meta property=\"og:title\" content=\"Irlanda, episodio di Star Trek censurato da 34 anni: ecco perch\u00e9\" \/>\n<meta property=\"og:description\" content=\"Un episodio di Star Trek che fa riferimento alla &quot;unificazione irlandese nel 2024&quot; \u00e8 stato censurato e da 34 anni \u00e8 ancora vietato in Irlanda.\" \/>\n<meta property=\"og:url\" content=\"https:\/\/newsvirali.it\/es\/2024\/03\/04\/episodio-de-star-trek-de-irlanda-censurado-durante-34-anos-he-aqui-por-que\/\" \/>\n<meta property=\"og:site_name\" content=\"News virali\" \/>\n<meta property=\"article:published_time\" content=\"2024-03-04T10:38:39+00:00\" \/>\n<meta property=\"article:modified_time\" content=\"2024-03-04T10:38:40+00:00\" \/>\n<meta property=\"og:image\" content=\"https:\/\/newsvirali.it\/wp-content\/uploads\/2024\/03\/Data_Star_Trek.png\" \/>\n\t<meta property=\"og:image:width\" content=\"640\" \/>\n\t<meta property=\"og:image:height\" content=\"480\" \/>\n\t<meta property=\"og:image:type\" content=\"image\/png\" \/>\n<meta name=\"author\" content=\"Cecco Prestina\" \/>\n<meta name=\"twitter:card\" content=\"summary_large_image\" \/>\n<meta name=\"twitter:label1\" content=\"Escrito por\" \/>\n\t<meta name=\"twitter:data1\" content=\"Cecco Prestina\" \/>\n\t<meta name=\"twitter:label2\" content=\"Tiempo de lectura\" \/>\n\t<meta name=\"twitter:data2\" content=\"3 minutos\" \/>\n<script type=\"application\/ld+json\" class=\"yoast-schema-graph\">{\"@context\":\"https:\/\/schema.org\",\"@graph\":[{\"@type\":\"NewsArticle\",\"@id\":\"https:\/\/newsvirali.it\/2024\/03\/04\/irlanda-episodio-di-star-trek-censurato-da-34-anni-ecco-perche\/#article\",\"isPartOf\":{\"@id\":\"https:\/\/newsvirali.it\/2024\/03\/04\/irlanda-episodio-di-star-trek-censurato-da-34-anni-ecco-perche\/\"},\"author\":{\"name\":\"Cecco Prestina\",\"@id\":\"https:\/\/newsvirali.it\/fr\/#\/schema\/person\/4c835f7b49c9adb58b33901ee816565d\"},\"headline\":\"Irlanda, episodio di Star Trek censurato da 34 anni: ecco perch\u00e9\",\"datePublished\":\"2024-03-04T10:38:39+00:00\",\"dateModified\":\"2024-03-04T10:38:40+00:00\",\"mainEntityOfPage\":{\"@id\":\"https:\/\/newsvirali.it\/2024\/03\/04\/irlanda-episodio-di-star-trek-censurato-da-34-anni-ecco-perche\/\"},\"wordCount\":436,\"commentCount\":0,\"image\":{\"@id\":\"https:\/\/newsvirali.it\/2024\/03\/04\/irlanda-episodio-di-star-trek-censurato-da-34-anni-ecco-perche\/#primaryimage\"},\"thumbnailUrl\":\"https:\/\/newsvirali.it\/wp-content\/uploads\/2024\/03\/Data_Star_Trek.png\",\"articleSection\":[\"Televisione\"],\"inLanguage\":\"es\",\"potentialAction\":[{\"@type\":\"CommentAction\",\"name\":\"Comment\",\"target\":[\"https:\/\/newsvirali.it\/2024\/03\/04\/irlanda-episodio-di-star-trek-censurato-da-34-anni-ecco-perche\/#respond\"]}],\"copyrightYear\":\"2024\",\"copyrightHolder\":{\"@id\":\"https:\/\/newsvirali.it\/es\/#organization\"}},{\"@type\":\"WebPage\",\"@id\":\"https:\/\/newsvirali.it\/2024\/03\/04\/irlanda-episodio-di-star-trek-censurato-da-34-anni-ecco-perche\/\",\"url\":\"https:\/\/newsvirali.it\/2024\/03\/04\/irlanda-episodio-di-star-trek-censurato-da-34-anni-ecco-perche\/\",\"name\":\"Irlanda, episodio di Star Trek censurato da 34 anni: ecco perch\u00e9\",\"isPartOf\":{\"@id\":\"https:\/\/newsvirali.it\/fr\/#website\"},\"primaryImageOfPage\":{\"@id\":\"https:\/\/newsvirali.it\/2024\/03\/04\/irlanda-episodio-di-star-trek-censurato-da-34-anni-ecco-perche\/#primaryimage\"},\"image\":{\"@id\":\"https:\/\/newsvirali.it\/2024\/03\/04\/irlanda-episodio-di-star-trek-censurato-da-34-anni-ecco-perche\/#primaryimage\"},\"thumbnailUrl\":\"https:\/\/newsvirali.it\/wp-content\/uploads\/2024\/03\/Data_Star_Trek.png\",\"datePublished\":\"2024-03-04T10:38:39+00:00\",\"dateModified\":\"2024-03-04T10:38:40+00:00\",\"author\":{\"@id\":\"https:\/\/newsvirali.it\/fr\/#\/schema\/person\/4c835f7b49c9adb58b33901ee816565d\"},\"description\":\"Un episodio di Star Trek che fa riferimento alla \\\"unificazione irlandese nel 2024\\\" \u00e8 stato censurato e da 34 anni \u00e8 ancora vietato in Irlanda.\",\"breadcrumb\":{\"@id\":\"https:\/\/newsvirali.it\/2024\/03\/04\/irlanda-episodio-di-star-trek-censurato-da-34-anni-ecco-perche\/#breadcrumb\"},\"inLanguage\":\"es\",\"potentialAction\":[{\"@type\":\"ReadAction\",\"target\":[\"https:\/\/newsvirali.it\/2024\/03\/04\/irlanda-episodio-di-star-trek-censurato-da-34-anni-ecco-perche\/\"]}]},{\"@type\":\"ImageObject\",\"inLanguage\":\"es\",\"@id\":\"https:\/\/newsvirali.it\/2024\/03\/04\/irlanda-episodio-di-star-trek-censurato-da-34-anni-ecco-perche\/#primaryimage\",\"url\":\"https:\/\/newsvirali.it\/wp-content\/uploads\/2024\/03\/Data_Star_Trek.png\",\"contentUrl\":\"https:\/\/newsvirali.it\/wp-content\/uploads\/2024\/03\/Data_Star_Trek.png\",\"width\":640,\"height\":480,\"caption\":\"Irlanda, episodio di Star Trek censurato da 34 anni: ecco perch\u00e9\"},{\"@type\":\"BreadcrumbList\",\"@id\":\"https:\/\/newsvirali.it\/2024\/03\/04\/irlanda-episodio-di-star-trek-censurato-da-34-anni-ecco-perche\/#breadcrumb\",\"itemListElement\":[{\"@type\":\"ListItem\",\"position\":1,\"name\":\"Home\",\"item\":\"https:\/\/newsvirali.it\/fr\/\"},{\"@type\":\"ListItem\",\"position\":2,\"name\":\"Irlanda, episodio di Star Trek censurato da 34 anni: ecco perch\u00e9\"}]},{\"@type\":\"WebSite\",\"@id\":\"https:\/\/newsvirali.it\/fr\/#website\",\"url\":\"https:\/\/newsvirali.it\/fr\/\",\"name\":\"Bake News\",\"description\":\"\",\"potentialAction\":[{\"@type\":\"SearchAction\",\"target\":{\"@type\":\"EntryPoint\",\"urlTemplate\":\"https:\/\/newsvirali.it\/fr\/?s={search_term_string}\"},\"query-input\":{\"@type\":\"PropertyValueSpecification\",\"valueRequired\":true,\"valueName\":\"search_term_string\"}}],\"inLanguage\":\"es\"},{\"@type\":\"Person\",\"@id\":\"https:\/\/newsvirali.it\/fr\/#\/schema\/person\/4c835f7b49c9adb58b33901ee816565d\",\"name\":\"Cecco Prestina\",\"description\":\"Perch\u00e9 nasconderlo? Cecco Prestina \u00e8 un alias, ma dietro di lui non si cela un algoritmo di intelligenza artificiale. C'\u00e8 un giornalista che ha oltre vent'anni di esperienza tutta sul web. Da quando il primo modem ha iniziato a gracchiare sul territorio italiano con Video on Line, Cecco ha capito che da quel doppino sarebbe passato il futuro. Ha dedidicato tutta la sua carriera a capire Internet e poi i social e ora l'Ai. Una carriera in costante aggiornamento. E questa esperienza la mette in campo ogni giorno. Per\u00f2 ogni tanto Cecco ha voglia anche di non scrivere \\\"pipponi\\\" sulla politica, sull'economia. Ha voglia anche di scrivere qualcosa di divertente. Le notizie che trovate su Bake News sono le stesse che Cecco porta all'aperitivo con gli amici. Quelle di cui discutere per farsi due risate. Notizie, vere (qualche volta si fa fatica a crederlo), strane, divertenti, ma anche serie. Bake News \u00e8 nato per questo, dare al pubblico notizie croccanti e calde come il pane che esce dal forno. E Cecco Prestina \u00e8 nato con Bake News.\",\"url\":\"https:\/\/newsvirali.it\/es\/autore\/cecco-prestina\/\"}]}<\/script>\n<!-- \/ Yoast SEO Premium plugin. -->","yoast_head_json":{"title":"Irlanda, episodio di Star Trek censurato da 34 anni: ecco perch\u00e9","description":"Un episodio di Star Trek che fa riferimento alla \"unificazione irlandese nel 2024\" \u00e8 stato censurato e da 34 anni \u00e8 ancora vietato in Irlanda.","robots":{"index":"index","follow":"follow","max-snippet":"max-snippet:-1","max-image-preview":"max-image-preview:large","max-video-preview":"max-video-preview:-1"},"canonical":"https:\/\/newsvirali.it\/es\/2024\/03\/04\/episodio-de-star-trek-de-irlanda-censurado-durante-34-anos-he-aqui-por-que\/","og_locale":"es_ES","og_type":"article","og_title":"Irlanda, episodio di Star Trek censurato da 34 anni: ecco perch\u00e9","og_description":"Un episodio di Star Trek che fa riferimento alla \"unificazione irlandese nel 2024\" \u00e8 stato censurato e da 34 anni \u00e8 ancora vietato in Irlanda.","og_url":"https:\/\/newsvirali.it\/es\/2024\/03\/04\/episodio-de-star-trek-de-irlanda-censurado-durante-34-anos-he-aqui-por-que\/","og_site_name":"News virali","article_published_time":"2024-03-04T10:38:39+00:00","article_modified_time":"2024-03-04T10:38:40+00:00","og_image":[{"width":640,"height":480,"url":"https:\/\/newsvirali.it\/wp-content\/uploads\/2024\/03\/Data_Star_Trek.png","type":"image\/png"}],"author":"Cecco Prestina","twitter_card":"summary_large_image","twitter_misc":{"Escrito por":"Cecco Prestina","Tiempo de lectura":"3 minutos"},"schema":{"@context":"https:\/\/schema.org","@graph":[{"@type":"NewsArticle","@id":"https:\/\/newsvirali.it\/2024\/03\/04\/irlanda-episodio-di-star-trek-censurato-da-34-anni-ecco-perche\/#article","isPartOf":{"@id":"https:\/\/newsvirali.it\/2024\/03\/04\/irlanda-episodio-di-star-trek-censurato-da-34-anni-ecco-perche\/"},"author":{"name":"Cecco Prestina","@id":"https:\/\/newsvirali.it\/fr\/#\/schema\/person\/4c835f7b49c9adb58b33901ee816565d"},"headline":"Irlanda, episodio di Star Trek censurato da 34 anni: ecco perch\u00e9","datePublished":"2024-03-04T10:38:39+00:00","dateModified":"2024-03-04T10:38:40+00:00","mainEntityOfPage":{"@id":"https:\/\/newsvirali.it\/2024\/03\/04\/irlanda-episodio-di-star-trek-censurato-da-34-anni-ecco-perche\/"},"wordCount":436,"commentCount":0,"image":{"@id":"https:\/\/newsvirali.it\/2024\/03\/04\/irlanda-episodio-di-star-trek-censurato-da-34-anni-ecco-perche\/#primaryimage"},"thumbnailUrl":"https:\/\/newsvirali.it\/wp-content\/uploads\/2024\/03\/Data_Star_Trek.png","articleSection":["Televisione"],"inLanguage":"es","potentialAction":[{"@type":"CommentAction","name":"Comment","target":["https:\/\/newsvirali.it\/2024\/03\/04\/irlanda-episodio-di-star-trek-censurato-da-34-anni-ecco-perche\/#respond"]}],"copyrightYear":"2024","copyrightHolder":{"@id":"https:\/\/newsvirali.it\/es\/#organization"}},{"@type":"WebPage","@id":"https:\/\/newsvirali.it\/2024\/03\/04\/irlanda-episodio-di-star-trek-censurato-da-34-anni-ecco-perche\/","url":"https:\/\/newsvirali.it\/2024\/03\/04\/irlanda-episodio-di-star-trek-censurato-da-34-anni-ecco-perche\/","name":"Irlanda, episodio di Star Trek censurato da 34 anni: ecco perch\u00e9","isPartOf":{"@id":"https:\/\/newsvirali.it\/fr\/#website"},"primaryImageOfPage":{"@id":"https:\/\/newsvirali.it\/2024\/03\/04\/irlanda-episodio-di-star-trek-censurato-da-34-anni-ecco-perche\/#primaryimage"},"image":{"@id":"https:\/\/newsvirali.it\/2024\/03\/04\/irlanda-episodio-di-star-trek-censurato-da-34-anni-ecco-perche\/#primaryimage"},"thumbnailUrl":"https:\/\/newsvirali.it\/wp-content\/uploads\/2024\/03\/Data_Star_Trek.png","datePublished":"2024-03-04T10:38:39+00:00","dateModified":"2024-03-04T10:38:40+00:00","author":{"@id":"https:\/\/newsvirali.it\/fr\/#\/schema\/person\/4c835f7b49c9adb58b33901ee816565d"},"description":"Un episodio di Star Trek che fa riferimento alla \"unificazione irlandese nel 2024\" \u00e8 stato censurato e da 34 anni \u00e8 ancora vietato in Irlanda.","breadcrumb":{"@id":"https:\/\/newsvirali.it\/2024\/03\/04\/irlanda-episodio-di-star-trek-censurato-da-34-anni-ecco-perche\/#breadcrumb"},"inLanguage":"es","potentialAction":[{"@type":"ReadAction","target":["https:\/\/newsvirali.it\/2024\/03\/04\/irlanda-episodio-di-star-trek-censurato-da-34-anni-ecco-perche\/"]}]},{"@type":"ImageObject","inLanguage":"es","@id":"https:\/\/newsvirali.it\/2024\/03\/04\/irlanda-episodio-di-star-trek-censurato-da-34-anni-ecco-perche\/#primaryimage","url":"https:\/\/newsvirali.it\/wp-content\/uploads\/2024\/03\/Data_Star_Trek.png","contentUrl":"https:\/\/newsvirali.it\/wp-content\/uploads\/2024\/03\/Data_Star_Trek.png","width":640,"height":480,"caption":"Irlanda, episodio di Star Trek censurato da 34 anni: ecco perch\u00e9"},{"@type":"BreadcrumbList","@id":"https:\/\/newsvirali.it\/2024\/03\/04\/irlanda-episodio-di-star-trek-censurato-da-34-anni-ecco-perche\/#breadcrumb","itemListElement":[{"@type":"ListItem","position":1,"name":"Home","item":"https:\/\/newsvirali.it\/fr\/"},{"@type":"ListItem","position":2,"name":"Irlanda, episodio di Star Trek censurato da 34 anni: ecco perch\u00e9"}]},{"@type":"WebSite","@id":"https:\/\/newsvirali.it\/fr\/#website","url":"https:\/\/newsvirali.it\/fr\/","name":"Bake News","description":"","potentialAction":[{"@type":"SearchAction","target":{"@type":"EntryPoint","urlTemplate":"https:\/\/newsvirali.it\/fr\/?s={search_term_string}"},"query-input":{"@type":"PropertyValueSpecification","valueRequired":true,"valueName":"search_term_string"}}],"inLanguage":"es"},{"@type":"Person","@id":"https:\/\/newsvirali.it\/fr\/#\/schema\/person\/4c835f7b49c9adb58b33901ee816565d","name":"Cecco Prestina","description":"Perch\u00e9 nasconderlo? Cecco Prestina \u00e8 un alias, ma dietro di lui non si cela un algoritmo di intelligenza artificiale. C'\u00e8 un giornalista che ha oltre vent'anni di esperienza tutta sul web. Da quando il primo modem ha iniziato a gracchiare sul territorio italiano con Video on Line, Cecco ha capito che da quel doppino sarebbe passato il futuro. Ha dedidicato tutta la sua carriera a capire Internet e poi i social e ora l'Ai. Una carriera in costante aggiornamento. E questa esperienza la mette in campo ogni giorno. Per\u00f2 ogni tanto Cecco ha voglia anche di non scrivere \"pipponi\" sulla politica, sull'economia. Ha voglia anche di scrivere qualcosa di divertente. Le notizie che trovate su Bake News sono le stesse che Cecco porta all'aperitivo con gli amici. Quelle di cui discutere per farsi due risate. Notizie, vere (qualche volta si fa fatica a crederlo), strane, divertenti, ma anche serie. Bake News \u00e8 nato per questo, dare al pubblico notizie croccanti e calde come il pane che esce dal forno. E Cecco Prestina \u00e8 nato con Bake News.","url":"https:\/\/newsvirali.it\/es\/autore\/cecco-prestina\/"}]}},"_links":{"self":[{"href":"https:\/\/newsvirali.it\/es\/wp-json\/wp\/v2\/posts\/18714","targetHints":{"allow":["GET"]}}],"collection":[{"href":"https:\/\/newsvirali.it\/es\/wp-json\/wp\/v2\/posts"}],"about":[{"href":"https:\/\/newsvirali.it\/es\/wp-json\/wp\/v2\/types\/post"}],"author":[{"embeddable":true,"href":"https:\/\/newsvirali.it\/es\/wp-json\/wp\/v2\/users\/4"}],"replies":[{"embeddable":true,"href":"https:\/\/newsvirali.it\/es\/wp-json\/wp\/v2\/comments?post=18714"}],"version-history":[{"count":3,"href":"https:\/\/newsvirali.it\/es\/wp-json\/wp\/v2\/posts\/18714\/revisions"}],"predecessor-version":[{"id":18718,"href":"https:\/\/newsvirali.it\/es\/wp-json\/wp\/v2\/posts\/18714\/revisions\/18718"}],"wp:featuredmedia":[{"embeddable":true,"href":"https:\/\/newsvirali.it\/es\/wp-json\/wp\/v2\/media\/18715"}],"wp:attachment":[{"href":"https:\/\/newsvirali.it\/es\/wp-json\/wp\/v2\/media?parent=18714"}],"wp:term":[{"taxonomy":"category","embeddable":true,"href":"https:\/\/newsvirali.it\/es\/wp-json\/wp\/v2\/categories?post=18714"},{"taxonomy":"post_tag","embeddable":true,"href":"https:\/\/newsvirali.it\/es\/wp-json\/wp\/v2\/tags?post=18714"}],"curies":[{"name":"wp","href":"https:\/\/api.w.org\/{rel}","templated":true}]}}