{"id":17848,"date":"2024-02-22T18:47:03","date_gmt":"2024-02-22T17:47:03","guid":{"rendered":"https:\/\/www.bakenews.it\/?p=17848"},"modified":"2024-02-22T18:47:39","modified_gmt":"2024-02-22T17:47:39","slug":"chiara-ferragni-e-laddio-a-fedez-pioggia-di-meme-sui-social","status":"publish","type":"post","link":"https:\/\/newsvirali.it\/es\/2024\/02\/22\/chiaro-ferragni-y-adios-a-fedez-lluvia-de-memes-en-las-redes-sociales\/","title":{"rendered":"Chiara Ferragni y el adi\u00f3s a Fedez, lluvia de memes en las redes sociales"},"content":{"rendered":"<p>Ferragnez, Chiara Ferragni, Fedez: estos son los hashtags que conquistaron el d\u00eda en las redes sociales con una lluvia de memes tras la noticia de la separaci\u00f3n de la pareja m\u00e1s social de Italia. Y obviamente los memers y haters no se lo tomaron a la ligera. Pero la noticia era demasiado jugosa como para no pasarla por los guanteletes de Photoshop.<\/p>\n\n\n\n<p><strong>LEER TAMBI\u00c9N<\/strong><\/p>\n\n\n\n<ul class=\"wp-block-list\">\n<li><a href=\"https:\/\/www.bakenews.it\/fedez-cacciato-di-casa-da-chiara-ferragni-dagospia-sgancia-la-bomba\/\">Fedez expulsado de casa por Chiara Ferragni, Dagospia lanza la bomba<\/a><\/li>\n\n\n\n<li><a href=\"https:\/\/www.bakenews.it\/selvaggia-lucarelli-ora-difende-chiara-ferragni-sul-caso-bambole\/\">Selvaggia Lucarelli defiende ahora a Chiara Ferragni en el caso de las mu\u00f1ecas<\/a><\/li>\n\n\n\n<li><\/li>\n<\/ul>\n\n\n\n<p>Mientras tanto no hay anuncios oficiales pero tampoco desmentidos. Y por eso nos preguntamos si todas las se\u00f1ales dejadas por los dos en las \u00faltimas semanas no fueron realmente pistas que habr\u00edan conducido al terremoto. Su uni\u00f3n, que parec\u00eda tan inquebrantable como una roca, empezaba a mostrar grietas tan finas como la seda. Ya en San Remo 2023, entre el beso de Fedez a Rosa Chemical y la majestuosa presencia de Chiara en el escenario con Amadeus, se pod\u00edan sentir los primeros signos de un amor chirriante. Los meses siguientes fueron una sucesi\u00f3n de silencios sociales, elocuentes por su gravedad. Entonces, la enfermedad de Fedez baraj\u00f3 las cartas: Chiara, como esposa devota, dej\u00f3 de lado toda decisi\u00f3n para estar a su lado. Pero la tregua fue ef\u00edmera y los problemas resurgieron con fuerza.<\/p>\n\n\n\n<h2 class=\"wp-block-heading\" id=\"h-chiara-ferragni-e-fedez-il-caso-balocco-ha-scatenato-l-inferno\">Chiara Ferragni y Fedez: el caso Balocco ha desatado el infierno<\/h2>\n\n\n\n<p>Parece que la proverbial gota que colm\u00f3 el vaso fue el esc\u00e1ndalo del \u201cPandoro-gate\u201d. Chiara Ferragni se encontr\u00f3 en aguas turbulentas y Fedez intent\u00f3 apoyarla, pero tal vez su manera de hacerlo no fue apreciada por la influencer (basta pensar en las disputas sociales y televisivas con Myrta Merlino). Por si fuera poco, el rapero parece haber acusado al emprendedor digital de involucrar a su negocio en sus problemas legales. La tensi\u00f3n entre ambos se dispar\u00f3 y la primera se\u00f1al fue la clara separaci\u00f3n en las redes sociales. Durante un tiempo, ambos evitaron hablar del otro para no alimentar m\u00e1s pol\u00e9mica. Su estrategia de pasar los fines de semana separados solo fue interrumpida por el video de Nochevieja y el video de la cena de San Valent\u00edn. \u00bfUn intento de guardar las apariencias o un \u00faltimo esfuerzo por intentar reconciliarse? Es desconocido. Lo cierto es que, a pesar de las dos apariciones de la pareja en los \u00faltimos meses, su historia de amor ha naufragado definitivamente.<\/p>\n\n\n\n<p><strong>LEER M\u00c1S NOTICIAS DE CHISMES<\/strong><\/p>\n\n\n<ul class=\"wp-block-latest-posts__list wp-block-latest-posts\"><li><a class=\"wp-block-latest-posts__post-title\" href=\"https:\/\/newsvirali.it\/es\/2026\/01\/19\/rowan-atkinson-y-mia-khalifa-chismes-virales\/\">Mr. Bean y Mia Khalifa: Internet se vuelve loco con rumores de una supuesta aventura.<\/a><\/li>\n<li><a class=\"wp-block-latest-posts__post-title\" href=\"https:\/\/newsvirali.it\/es\/2025\/07\/29\/beyonce-y-jay-z-hipotecan-villa-belair\/\">La megahipoteca de Beyonc\u00e9 y Jay-Z: \u00bfQu\u00e9 hay detr\u00e1s de su decisi\u00f3n de comprar una mansi\u00f3n de 88 millones de d\u00f3lares?<\/a><\/li>\n<li><a class=\"wp-block-latest-posts__post-title\" href=\"https:\/\/newsvirali.it\/es\/2025\/07\/18\/paris-jackson-en-topless-con-su-novio-en-la-naturaleza\/\">La escapada salvaje de Paris Jackson y su novio: fotos en topless entre agua y \u00e1rboles.<\/a><\/li>\n<li><a class=\"wp-block-latest-posts__post-title\" href=\"https:\/\/newsvirali.it\/es\/2025\/06\/16\/gwyneth-paltrow-desayunando-en-topless-en-instagram\/\">Gwyneth Paltrow en topless durante el desayuno: la foto de su marido enloquece a los fans<\/a><\/li>\n<li><a class=\"wp-block-latest-posts__post-title\" href=\"https:\/\/newsvirali.it\/es\/2025\/05\/13\/video-del-dia-de-la-madre-con-lubricante-halle-berry\/\">Halle Berry se muestra desnuda con lubricante: una foto sensual con Van Hunt circula por internet<\/a><\/li>\n<\/ul><br \/>S\u00edguenos tambi\u00e9n en Google News: <b><a href=\"https:\/\/news.google.com\/publications\/CAAqBwgKMNqJiwswjMfqAg?hl=it&gl=IT&ceid=IT:it\" target=\"_blank\">haga clic aqu\u00ed<\/a><\/b>","protected":false},"excerpt":{"rendered":"<p>Ferragnez, Chiara Ferragni, Fedez: estos son los hashtags que conquistaron el d\u00eda en las redes sociales con una lluvia de memes despu\u00e9s de [\u2026]<\/p>","protected":false},"author":4,"featured_media":17851,"comment_status":"open","ping_status":"open","sticky":false,"template":"","format":"standard","meta":{"MSN_Categories":"Uncategorized","MSN_Publish_Option":false,"MSN_Is_Local_News":false,"MSN_Is_AIAC_Included":"Empty","MSN_Location":"[]","MSN_Add_Feature_Img_On_Top_Of_Post":false,"MSN_Has_Custom_Author":false,"MSN_Custom_Author":"","MSN_Has_Custom_Canonical_Url":false,"MSN_Custom_Canonical_Url":"","footnotes":""},"categories":[5],"tags":[],"class_list":["post-17848","post","type-post","status-publish","format-standard","has-post-thumbnail","hentry","category-gossip"],"acf":[],"yoast_head":"<!-- This site is optimized with the Yoast SEO Premium plugin v26.7 (Yoast SEO v26.7) - https:\/\/yoast.com\/wordpress\/plugins\/seo\/ -->\n<title>Chiara Ferragni e l&#039;addio a Fedez, pioggia di meme sui social<\/title>\n<meta name=\"description\" content=\"L&#039;addio tra Chiara Ferragni e Fedez ha generato una pioggia di meme dopo che \u00e8 circolata la notizia sulla separazione.\" \/>\n<meta name=\"robots\" content=\"index, follow, max-snippet:-1, max-image-preview:large, max-video-preview:-1\" \/>\n<link rel=\"canonical\" href=\"https:\/\/newsvirali.it\/es\/2024\/02\/22\/chiaro-ferragni-und-abschied-von-fedez-meme-regen-in-den-sozialen-medien\/\" \/>\n<meta property=\"og:locale\" content=\"es_ES\" \/>\n<meta property=\"og:type\" content=\"article\" \/>\n<meta property=\"og:title\" content=\"Chiara Ferragni e l&#039;addio a Fedez, pioggia di meme sui social\" \/>\n<meta property=\"og:description\" content=\"L&#039;addio tra Chiara Ferragni e Fedez ha generato una pioggia di meme dopo che \u00e8 circolata la notizia sulla separazione.\" \/>\n<meta property=\"og:url\" content=\"https:\/\/newsvirali.it\/es\/2024\/02\/22\/chiaro-ferragni-und-abschied-von-fedez-meme-regen-in-den-sozialen-medien\/\" \/>\n<meta property=\"og:site_name\" content=\"News virali\" \/>\n<meta property=\"article:published_time\" content=\"2024-02-22T17:47:03+00:00\" \/>\n<meta property=\"article:modified_time\" content=\"2024-02-22T17:47:39+00:00\" \/>\n<meta property=\"og:image\" content=\"https:\/\/newsvirali.it\/wp-content\/uploads\/2024\/02\/MixCollage-22-Feb-2024-06-39-PM-6790.jpg\" \/>\n\t<meta property=\"og:image:width\" content=\"2560\" \/>\n\t<meta property=\"og:image:height\" content=\"1440\" \/>\n\t<meta property=\"og:image:type\" content=\"image\/jpeg\" \/>\n<meta name=\"author\" content=\"Cecco Prestina\" \/>\n<meta name=\"twitter:card\" content=\"summary_large_image\" \/>\n<meta name=\"twitter:label1\" content=\"Escrito por\" \/>\n\t<meta name=\"twitter:data1\" content=\"Cecco Prestina\" \/>\n\t<meta name=\"twitter:label2\" content=\"Tiempo de lectura\" \/>\n\t<meta name=\"twitter:data2\" content=\"3 minutos\" \/>\n<script type=\"application\/ld+json\" class=\"yoast-schema-graph\">{\"@context\":\"https:\/\/schema.org\",\"@graph\":[{\"@type\":\"NewsArticle\",\"@id\":\"https:\/\/newsvirali.it\/de\/2024\/02\/22\/chiaro-ferragni-und-abschied-von-fedez-meme-regen-in-den-sozialen-medien\/#article\",\"isPartOf\":{\"@id\":\"https:\/\/newsvirali.it\/de\/2024\/02\/22\/chiaro-ferragni-und-abschied-von-fedez-meme-regen-in-den-sozialen-medien\/\"},\"author\":{\"name\":\"Cecco Prestina\",\"@id\":\"https:\/\/newsvirali.it\/fr\/#\/schema\/person\/4c835f7b49c9adb58b33901ee816565d\"},\"headline\":\"Chiara Ferragni e l&#8217;addio a Fedez, pioggia di meme sui social\",\"datePublished\":\"2024-02-22T17:47:03+00:00\",\"dateModified\":\"2024-02-22T17:47:39+00:00\",\"mainEntityOfPage\":{\"@id\":\"https:\/\/newsvirali.it\/de\/2024\/02\/22\/chiaro-ferragni-und-abschied-von-fedez-meme-regen-in-den-sozialen-medien\/\"},\"wordCount\":401,\"commentCount\":0,\"image\":{\"@id\":\"https:\/\/newsvirali.it\/de\/2024\/02\/22\/chiaro-ferragni-und-abschied-von-fedez-meme-regen-in-den-sozialen-medien\/#primaryimage\"},\"thumbnailUrl\":\"https:\/\/newsvirali.it\/wp-content\/uploads\/2024\/02\/MixCollage-22-Feb-2024-06-39-PM-6790.jpg\",\"articleSection\":[\"Gossip\"],\"inLanguage\":\"es\",\"potentialAction\":[{\"@type\":\"CommentAction\",\"name\":\"Comment\",\"target\":[\"https:\/\/newsvirali.it\/de\/2024\/02\/22\/chiaro-ferragni-und-abschied-von-fedez-meme-regen-in-den-sozialen-medien\/#respond\"]}],\"copyrightYear\":\"2024\",\"copyrightHolder\":{\"@id\":\"https:\/\/newsvirali.it\/es\/#organization\"}},{\"@type\":\"WebPage\",\"@id\":\"https:\/\/newsvirali.it\/de\/2024\/02\/22\/chiaro-ferragni-und-abschied-von-fedez-meme-regen-in-den-sozialen-medien\/\",\"url\":\"https:\/\/newsvirali.it\/de\/2024\/02\/22\/chiaro-ferragni-und-abschied-von-fedez-meme-regen-in-den-sozialen-medien\/\",\"name\":\"Chiara Ferragni e l'addio a Fedez, pioggia di meme sui social\",\"isPartOf\":{\"@id\":\"https:\/\/newsvirali.it\/fr\/#website\"},\"primaryImageOfPage\":{\"@id\":\"https:\/\/newsvirali.it\/de\/2024\/02\/22\/chiaro-ferragni-und-abschied-von-fedez-meme-regen-in-den-sozialen-medien\/#primaryimage\"},\"image\":{\"@id\":\"https:\/\/newsvirali.it\/de\/2024\/02\/22\/chiaro-ferragni-und-abschied-von-fedez-meme-regen-in-den-sozialen-medien\/#primaryimage\"},\"thumbnailUrl\":\"https:\/\/newsvirali.it\/wp-content\/uploads\/2024\/02\/MixCollage-22-Feb-2024-06-39-PM-6790.jpg\",\"datePublished\":\"2024-02-22T17:47:03+00:00\",\"dateModified\":\"2024-02-22T17:47:39+00:00\",\"author\":{\"@id\":\"https:\/\/newsvirali.it\/fr\/#\/schema\/person\/4c835f7b49c9adb58b33901ee816565d\"},\"description\":\"L'addio tra Chiara Ferragni e Fedez ha generato una pioggia di meme dopo che \u00e8 circolata la notizia sulla separazione.\",\"breadcrumb\":{\"@id\":\"https:\/\/newsvirali.it\/de\/2024\/02\/22\/chiaro-ferragni-und-abschied-von-fedez-meme-regen-in-den-sozialen-medien\/#breadcrumb\"},\"inLanguage\":\"es\",\"potentialAction\":[{\"@type\":\"ReadAction\",\"target\":[\"https:\/\/newsvirali.it\/de\/2024\/02\/22\/chiaro-ferragni-und-abschied-von-fedez-meme-regen-in-den-sozialen-medien\/\"]}]},{\"@type\":\"ImageObject\",\"inLanguage\":\"es\",\"@id\":\"https:\/\/newsvirali.it\/de\/2024\/02\/22\/chiaro-ferragni-und-abschied-von-fedez-meme-regen-in-den-sozialen-medien\/#primaryimage\",\"url\":\"https:\/\/newsvirali.it\/wp-content\/uploads\/2024\/02\/MixCollage-22-Feb-2024-06-39-PM-6790.jpg\",\"contentUrl\":\"https:\/\/newsvirali.it\/wp-content\/uploads\/2024\/02\/MixCollage-22-Feb-2024-06-39-PM-6790.jpg\",\"width\":2560,\"height\":1440,\"caption\":\"Chiara Ferragni e l'addio a Fedez, pioggia di meme sui social\"},{\"@type\":\"BreadcrumbList\",\"@id\":\"https:\/\/newsvirali.it\/de\/2024\/02\/22\/chiaro-ferragni-und-abschied-von-fedez-meme-regen-in-den-sozialen-medien\/#breadcrumb\",\"itemListElement\":[{\"@type\":\"ListItem\",\"position\":1,\"name\":\"Home\",\"item\":\"https:\/\/newsvirali.it\/fr\/\"},{\"@type\":\"ListItem\",\"position\":2,\"name\":\"Chiara Ferragni e l&#8217;addio a Fedez, pioggia di meme sui social\"}]},{\"@type\":\"WebSite\",\"@id\":\"https:\/\/newsvirali.it\/fr\/#website\",\"url\":\"https:\/\/newsvirali.it\/fr\/\",\"name\":\"Bake News\",\"description\":\"\",\"potentialAction\":[{\"@type\":\"SearchAction\",\"target\":{\"@type\":\"EntryPoint\",\"urlTemplate\":\"https:\/\/newsvirali.it\/fr\/?s={search_term_string}\"},\"query-input\":{\"@type\":\"PropertyValueSpecification\",\"valueRequired\":true,\"valueName\":\"search_term_string\"}}],\"inLanguage\":\"es\"},{\"@type\":\"Person\",\"@id\":\"https:\/\/newsvirali.it\/fr\/#\/schema\/person\/4c835f7b49c9adb58b33901ee816565d\",\"name\":\"Cecco Prestina\",\"description\":\"Perch\u00e9 nasconderlo? Cecco Prestina \u00e8 un alias, ma dietro di lui non si cela un algoritmo di intelligenza artificiale. C'\u00e8 un giornalista che ha oltre vent'anni di esperienza tutta sul web. Da quando il primo modem ha iniziato a gracchiare sul territorio italiano con Video on Line, Cecco ha capito che da quel doppino sarebbe passato il futuro. Ha dedidicato tutta la sua carriera a capire Internet e poi i social e ora l'Ai. Una carriera in costante aggiornamento. E questa esperienza la mette in campo ogni giorno. Per\u00f2 ogni tanto Cecco ha voglia anche di non scrivere \\\"pipponi\\\" sulla politica, sull'economia. Ha voglia anche di scrivere qualcosa di divertente. Le notizie che trovate su Bake News sono le stesse che Cecco porta all'aperitivo con gli amici. Quelle di cui discutere per farsi due risate. Notizie, vere (qualche volta si fa fatica a crederlo), strane, divertenti, ma anche serie. Bake News \u00e8 nato per questo, dare al pubblico notizie croccanti e calde come il pane che esce dal forno. E Cecco Prestina \u00e8 nato con Bake News.\",\"url\":\"https:\/\/newsvirali.it\/es\/autore\/cecco-prestina\/\"}]}<\/script>\n<!-- \/ Yoast SEO Premium plugin. -->","yoast_head_json":{"title":"Chiara Ferragni e l'addio a Fedez, pioggia di meme sui social","description":"L'addio tra Chiara Ferragni e Fedez ha generato una pioggia di meme dopo che \u00e8 circolata la notizia sulla separazione.","robots":{"index":"index","follow":"follow","max-snippet":"max-snippet:-1","max-image-preview":"max-image-preview:large","max-video-preview":"max-video-preview:-1"},"canonical":"https:\/\/newsvirali.it\/es\/2024\/02\/22\/chiaro-ferragni-und-abschied-von-fedez-meme-regen-in-den-sozialen-medien\/","og_locale":"es_ES","og_type":"article","og_title":"Chiara Ferragni e l'addio a Fedez, pioggia di meme sui social","og_description":"L'addio tra Chiara Ferragni e Fedez ha generato una pioggia di meme dopo che \u00e8 circolata la notizia sulla separazione.","og_url":"https:\/\/newsvirali.it\/es\/2024\/02\/22\/chiaro-ferragni-und-abschied-von-fedez-meme-regen-in-den-sozialen-medien\/","og_site_name":"News virali","article_published_time":"2024-02-22T17:47:03+00:00","article_modified_time":"2024-02-22T17:47:39+00:00","og_image":[{"width":2560,"height":1440,"url":"https:\/\/newsvirali.it\/wp-content\/uploads\/2024\/02\/MixCollage-22-Feb-2024-06-39-PM-6790.jpg","type":"image\/jpeg"}],"author":"Cecco Prestina","twitter_card":"summary_large_image","twitter_misc":{"Escrito por":"Cecco Prestina","Tiempo de lectura":"3 minutos"},"schema":{"@context":"https:\/\/schema.org","@graph":[{"@type":"NewsArticle","@id":"https:\/\/newsvirali.it\/de\/2024\/02\/22\/chiaro-ferragni-und-abschied-von-fedez-meme-regen-in-den-sozialen-medien\/#article","isPartOf":{"@id":"https:\/\/newsvirali.it\/de\/2024\/02\/22\/chiaro-ferragni-und-abschied-von-fedez-meme-regen-in-den-sozialen-medien\/"},"author":{"name":"Cecco Prestina","@id":"https:\/\/newsvirali.it\/fr\/#\/schema\/person\/4c835f7b49c9adb58b33901ee816565d"},"headline":"Chiara Ferragni e l&#8217;addio a Fedez, pioggia di meme sui social","datePublished":"2024-02-22T17:47:03+00:00","dateModified":"2024-02-22T17:47:39+00:00","mainEntityOfPage":{"@id":"https:\/\/newsvirali.it\/de\/2024\/02\/22\/chiaro-ferragni-und-abschied-von-fedez-meme-regen-in-den-sozialen-medien\/"},"wordCount":401,"commentCount":0,"image":{"@id":"https:\/\/newsvirali.it\/de\/2024\/02\/22\/chiaro-ferragni-und-abschied-von-fedez-meme-regen-in-den-sozialen-medien\/#primaryimage"},"thumbnailUrl":"https:\/\/newsvirali.it\/wp-content\/uploads\/2024\/02\/MixCollage-22-Feb-2024-06-39-PM-6790.jpg","articleSection":["Gossip"],"inLanguage":"es","potentialAction":[{"@type":"CommentAction","name":"Comment","target":["https:\/\/newsvirali.it\/de\/2024\/02\/22\/chiaro-ferragni-und-abschied-von-fedez-meme-regen-in-den-sozialen-medien\/#respond"]}],"copyrightYear":"2024","copyrightHolder":{"@id":"https:\/\/newsvirali.it\/es\/#organization"}},{"@type":"WebPage","@id":"https:\/\/newsvirali.it\/de\/2024\/02\/22\/chiaro-ferragni-und-abschied-von-fedez-meme-regen-in-den-sozialen-medien\/","url":"https:\/\/newsvirali.it\/de\/2024\/02\/22\/chiaro-ferragni-und-abschied-von-fedez-meme-regen-in-den-sozialen-medien\/","name":"Chiara Ferragni e l'addio a Fedez, pioggia di meme sui social","isPartOf":{"@id":"https:\/\/newsvirali.it\/fr\/#website"},"primaryImageOfPage":{"@id":"https:\/\/newsvirali.it\/de\/2024\/02\/22\/chiaro-ferragni-und-abschied-von-fedez-meme-regen-in-den-sozialen-medien\/#primaryimage"},"image":{"@id":"https:\/\/newsvirali.it\/de\/2024\/02\/22\/chiaro-ferragni-und-abschied-von-fedez-meme-regen-in-den-sozialen-medien\/#primaryimage"},"thumbnailUrl":"https:\/\/newsvirali.it\/wp-content\/uploads\/2024\/02\/MixCollage-22-Feb-2024-06-39-PM-6790.jpg","datePublished":"2024-02-22T17:47:03+00:00","dateModified":"2024-02-22T17:47:39+00:00","author":{"@id":"https:\/\/newsvirali.it\/fr\/#\/schema\/person\/4c835f7b49c9adb58b33901ee816565d"},"description":"L'addio tra Chiara Ferragni e Fedez ha generato una pioggia di meme dopo che \u00e8 circolata la notizia sulla separazione.","breadcrumb":{"@id":"https:\/\/newsvirali.it\/de\/2024\/02\/22\/chiaro-ferragni-und-abschied-von-fedez-meme-regen-in-den-sozialen-medien\/#breadcrumb"},"inLanguage":"es","potentialAction":[{"@type":"ReadAction","target":["https:\/\/newsvirali.it\/de\/2024\/02\/22\/chiaro-ferragni-und-abschied-von-fedez-meme-regen-in-den-sozialen-medien\/"]}]},{"@type":"ImageObject","inLanguage":"es","@id":"https:\/\/newsvirali.it\/de\/2024\/02\/22\/chiaro-ferragni-und-abschied-von-fedez-meme-regen-in-den-sozialen-medien\/#primaryimage","url":"https:\/\/newsvirali.it\/wp-content\/uploads\/2024\/02\/MixCollage-22-Feb-2024-06-39-PM-6790.jpg","contentUrl":"https:\/\/newsvirali.it\/wp-content\/uploads\/2024\/02\/MixCollage-22-Feb-2024-06-39-PM-6790.jpg","width":2560,"height":1440,"caption":"Chiara Ferragni e l'addio a Fedez, pioggia di meme sui social"},{"@type":"BreadcrumbList","@id":"https:\/\/newsvirali.it\/de\/2024\/02\/22\/chiaro-ferragni-und-abschied-von-fedez-meme-regen-in-den-sozialen-medien\/#breadcrumb","itemListElement":[{"@type":"ListItem","position":1,"name":"Home","item":"https:\/\/newsvirali.it\/fr\/"},{"@type":"ListItem","position":2,"name":"Chiara Ferragni e l&#8217;addio a Fedez, pioggia di meme sui social"}]},{"@type":"WebSite","@id":"https:\/\/newsvirali.it\/fr\/#website","url":"https:\/\/newsvirali.it\/fr\/","name":"Bake News","description":"","potentialAction":[{"@type":"SearchAction","target":{"@type":"EntryPoint","urlTemplate":"https:\/\/newsvirali.it\/fr\/?s={search_term_string}"},"query-input":{"@type":"PropertyValueSpecification","valueRequired":true,"valueName":"search_term_string"}}],"inLanguage":"es"},{"@type":"Person","@id":"https:\/\/newsvirali.it\/fr\/#\/schema\/person\/4c835f7b49c9adb58b33901ee816565d","name":"Cecco Prestina","description":"Perch\u00e9 nasconderlo? Cecco Prestina \u00e8 un alias, ma dietro di lui non si cela un algoritmo di intelligenza artificiale. C'\u00e8 un giornalista che ha oltre vent'anni di esperienza tutta sul web. Da quando il primo modem ha iniziato a gracchiare sul territorio italiano con Video on Line, Cecco ha capito che da quel doppino sarebbe passato il futuro. Ha dedidicato tutta la sua carriera a capire Internet e poi i social e ora l'Ai. Una carriera in costante aggiornamento. E questa esperienza la mette in campo ogni giorno. Per\u00f2 ogni tanto Cecco ha voglia anche di non scrivere \"pipponi\" sulla politica, sull'economia. Ha voglia anche di scrivere qualcosa di divertente. Le notizie che trovate su Bake News sono le stesse che Cecco porta all'aperitivo con gli amici. Quelle di cui discutere per farsi due risate. Notizie, vere (qualche volta si fa fatica a crederlo), strane, divertenti, ma anche serie. Bake News \u00e8 nato per questo, dare al pubblico notizie croccanti e calde come il pane che esce dal forno. E Cecco Prestina \u00e8 nato con Bake News.","url":"https:\/\/newsvirali.it\/es\/autore\/cecco-prestina\/"}]}},"_links":{"self":[{"href":"https:\/\/newsvirali.it\/es\/wp-json\/wp\/v2\/posts\/17848","targetHints":{"allow":["GET"]}}],"collection":[{"href":"https:\/\/newsvirali.it\/es\/wp-json\/wp\/v2\/posts"}],"about":[{"href":"https:\/\/newsvirali.it\/es\/wp-json\/wp\/v2\/types\/post"}],"author":[{"embeddable":true,"href":"https:\/\/newsvirali.it\/es\/wp-json\/wp\/v2\/users\/4"}],"replies":[{"embeddable":true,"href":"https:\/\/newsvirali.it\/es\/wp-json\/wp\/v2\/comments?post=17848"}],"version-history":[{"count":8,"href":"https:\/\/newsvirali.it\/es\/wp-json\/wp\/v2\/posts\/17848\/revisions"}],"predecessor-version":[{"id":17876,"href":"https:\/\/newsvirali.it\/es\/wp-json\/wp\/v2\/posts\/17848\/revisions\/17876"}],"wp:featuredmedia":[{"embeddable":true,"href":"https:\/\/newsvirali.it\/es\/wp-json\/wp\/v2\/media\/17851"}],"wp:attachment":[{"href":"https:\/\/newsvirali.it\/es\/wp-json\/wp\/v2\/media?parent=17848"}],"wp:term":[{"taxonomy":"category","embeddable":true,"href":"https:\/\/newsvirali.it\/es\/wp-json\/wp\/v2\/categories?post=17848"},{"taxonomy":"post_tag","embeddable":true,"href":"https:\/\/newsvirali.it\/es\/wp-json\/wp\/v2\/tags?post=17848"}],"curies":[{"name":"wp","href":"https:\/\/api.w.org\/{rel}","templated":true}]}}