{"id":17266,"date":"2024-02-16T16:09:06","date_gmt":"2024-02-16T15:09:06","guid":{"rendered":"https:\/\/www.bakenews.it\/?p=17266"},"modified":"2024-02-16T17:19:50","modified_gmt":"2024-02-16T16:19:50","slug":"il-castello-delle-cerimonie-e-abusivo-confiscata-la-sonrisa","status":"publish","type":"post","link":"https:\/\/newsvirali.it\/es\/2024\/02\/16\/el-castillo-de-ceremonias-y-confiscaron-ilegalmente-la-sonrisa\/","title":{"rendered":"El \u201cCastillo de Ceremonias\u201d es ilegal: confiscan \u201cLa Sonrisa\u201d"},"content":{"rendered":"<p>El Castillo de Ceremonias est\u00e1 definitivamente considerado ilegal y &quot;La Sonrisa&quot;, que se hizo famosa en la televisi\u00f3n con el &quot;Jefe de Ceremonias&quot;, ha sido confiscada. El Tribunal de Casaci\u00f3n ha hecho definitiva la confiscaci\u00f3n del Castello delle Cerimonie, tambi\u00e9n conocido como &quot;La Sonrisa&quot;, situado en Sant&#039;Antonio Abbate, en la provincia de N\u00e1poles. El alojamiento se ha hecho famoso entre el gran p\u00fablico por haber sido escenario de una serie de televisi\u00f3n transmitida en Tiempo Real, centrada en las celebraciones de bodas y otras ocasiones.<\/p>\n\n\n\n<p><strong>LEER TAMBI\u00c9N<\/strong><\/p>\n\n\n<ul class=\"wp-block-latest-posts__list wp-block-latest-posts\"><li><a class=\"wp-block-latest-posts__post-title\" href=\"https:\/\/newsvirali.it\/es\/2026\/02\/12\/emma-amit-cangrejo-diablo-muerto\/\">La vlogger Emma Amit muere tras comer un cangrejo diablo t\u00f3xico<\/a><\/li>\n<li><a class=\"wp-block-latest-posts__post-title\" href=\"https:\/\/newsvirali.it\/es\/2026\/02\/11\/se-abre-la-sancion-por-el-vestuario-para-los-juegos-olimpicos-de-2026\/\">Mil\u00e1n-Cortina 2026: El traje se estrena en competici\u00f3n: una patinadora evita la penalizaci\u00f3n<\/a><\/li>\n<li><a class=\"wp-block-latest-posts__post-title\" href=\"https:\/\/newsvirali.it\/es\/2026\/02\/09\/apagon-del-cerdo-volador-en-china\/\">Cerdo volador provoca desmayo: Lee la incre\u00edble historia (y no es IA)<\/a><\/li>\n<li><a class=\"wp-block-latest-posts__post-title\" href=\"https:\/\/newsvirali.it\/es\/2026\/02\/05\/tres-hermanas-se-suicidan-en-india\/\">Padres confiscan celulares por jugar en exceso: tres hermanas se suicidan<\/a><\/li>\n<li><a class=\"wp-block-latest-posts__post-title\" href=\"https:\/\/newsvirali.it\/es\/2026\/02\/04\/estrategia-xai-de-spacex-para-centros-de-datos-espaciales-de-musk\/\">No es una fusi\u00f3n: el verdadero plan de Musk detr\u00e1s de SpaceX y xAI<\/a><\/li>\n<\/ul>\n\n\n<h2 class=\"wp-block-heading\" id=\"h-il-castello-delle-cerimonie-e-abusivo\">El \u201cCastillo de Ceremonias\u201d es ilegal<\/h2>\n\n\n\n<p>El Tribunal Supremo confirm\u00f3 la confiscaci\u00f3n de los edificios y terrenos en los que se levanta el Castillo, que pasar\u00e1n al patrimonio del Ayuntamiento de Sant&#039;Antonio Abate. Los delitos imputados a los sospechosos han sido prohibidos.<\/p>\n\n\n\n<p>El caso judicial de Sonrisa comenz\u00f3 en 2011, cuando los investigadores impugnaron una serie de violaciones a la construcci\u00f3n cometidas a partir de 1979 en un \u00e1rea de m\u00e1s de 40 mil metros cuadrados.<\/p>\n\n\n\n<p>En 2016, el tribunal de Torre Annunziata conden\u00f3 a Rita Greco, fallecida esposa del &quot;jefe de ceremonias&quot; Tobia Antonio Polese, y a Agostino Polese, hermano de Tobia y director de la empresa, a un a\u00f1o de prisi\u00f3n (pena suspendida). La sentencia de primera instancia fue luego parcialmente reformada por el Tribunal de Apelaci\u00f3n de N\u00e1poles. Con el fallo del Tribunal Supremo la sentencia qued\u00f3 firme.<br>El futuro del Castillo Ceremonial es ahora incierto. El Ayuntamiento de Sant&#039;Antonio Abate deber\u00e1 decidir c\u00f3mo utilizar la estructura.<\/p>\n\n\n\n<h2 class=\"wp-block-heading\" id=\"h-la-famiglia-polese-faremo-ricorso-a-strasburgo\">La familia polaca: \u201cApelaremos a Estrasburgo\u201d<\/h2>\n\n\n\n<p>\u201cCreemos que hemos sufrido una injusticia, que quiz\u00e1s el Tribunal de Casaci\u00f3n ni siquiera ley\u00f3 los documentos y que se hizo una valoraci\u00f3n unilateral. Estamos considerando con los abogados qu\u00e9 m\u00e1s hacer, creo que apelaremos ante el Tribunal de Estrasburgo, para que nos eval\u00fae un tribunal imparcial. Estamos todos desanimados, al igual que nuestras aproximadamente 300 familias que trabajan con nosotros directa e indirectamente. Pens\u00e1bamos que la justicia era diferente, que con delitos que hab\u00edan prescrito no se proceder\u00eda de esta manera, no esper\u00e1bamos esta decisi\u00f3n&quot;. Lo dice Ciro Polese, uno de los socios y propietarios del &quot;castillo de ceremonias&quot; confiscado en Sant&#039;Antonio Abate (N\u00e1poles). \u201cAhora no s\u00e9 qu\u00e9 pasar\u00e1. De momento seguimos trabajando porque el Juzgado nos confi\u00f3 la empresa, precisamente para no enviar a los trabajadores a casa. Esperamos que el Municipio pueda hacerlo tambi\u00e9n. O que en el futuro una o varias asociaciones se har\u00e1n cargo de la estructura, que no enviar\u00e1 a nuestros empleados a casa. Continuaremos nuestra lucha&quot;.<\/p>\n\n\n\n<h2 class=\"wp-block-heading\" id=\"h-ecco-alcuni-possibili-scenari\">Aqu\u00ed hay algunos escenarios posibles.<\/h2>\n\n\n\n<p>El Castillo podr\u00eda utilizarse como sede de actividades municipales como oficinas, bibliotecas o centros culturales.<br>Podr\u00eda ponerse a la venta para recaudar fondos para las arcas municipales.<br>Podr\u00eda ser gestionado por particulares que se encargar\u00e1n de su renovaci\u00f3n y remodelaci\u00f3n.<br>La decisi\u00f3n del Ayuntamiento tendr\u00e1 un impacto significativo en el futuro del Castello delle Cerimonie y de la comunidad de Sant&#039;Antonio Abate.<\/p>\n\n\n\n<p><strong>\u00daLTIMAS NOTICIAS ART\u00cdCULOS<\/strong><\/p>\n\n\n<ul class=\"wp-block-latest-posts__list wp-block-latest-posts\"><li><a class=\"wp-block-latest-posts__post-title\" href=\"https:\/\/newsvirali.it\/es\/2026\/01\/30\/nuevos-mensajes-de-estafa-de-whatsapp-sobre-dinero-para-amigos\/\">Nueva estafa de WhatsApp: El mensaje viene de un amigo pidiendo dinero.<\/a><\/li>\n<li><a class=\"wp-block-latest-posts__post-title\" href=\"https:\/\/newsvirali.it\/es\/2026\/01\/27\/recaudacion-de-fondos-de-gofundme-de-kastadiva-bloqueada\/\">La drag queen KastaDiva se suicida; Taffo bloquea la recaudaci\u00f3n de fondos para la devoluci\u00f3n de su cuerpo.<\/a><\/li>\n<li><a class=\"wp-block-latest-posts__post-title\" href=\"https:\/\/newsvirali.it\/es\/2026\/01\/26\/caso-pretti-disparo-accidental\/\">Caso Pretti: La teor\u00eda del tiroteo accidental que averg\u00fcenza al ICE<\/a><\/li>\n<li><a class=\"wp-block-latest-posts__post-title\" href=\"https:\/\/newsvirali.it\/es\/2026\/01\/21\/pelea-de-almizcle-oleary\/\">La discusi\u00f3n entre Musk y O&#039;Leary en las redes sociales: esta es la raz\u00f3n de su desacuerdo<\/a><\/li>\n<li><a class=\"wp-block-latest-posts__post-title\" href=\"https:\/\/newsvirali.it\/es\/2025\/12\/10\/detenido-un-fugitivo-del-belen-de-galatone\/\">Un fugitivo detenido en Galatone (Lecce) por mimetizarse con las estatuas del bel\u00e9n.<\/a><\/li>\n<\/ul><br \/>S\u00edguenos tambi\u00e9n en Google News: <b><a href=\"https:\/\/news.google.com\/publications\/CAAqBwgKMNqJiwswjMfqAg?hl=it&gl=IT&ceid=IT:it\" target=\"_blank\">haga clic aqu\u00ed<\/a><\/b>","protected":false},"excerpt":{"rendered":"<p>El Castillo de Ceremonias se considera definitivamente ilegal y \u201cLa Sonrisa\u201d, que se hizo famosa en la televisi\u00f3n con el \u201cJefe de Ceremonias\u201d, es [\u2026]<\/p>","protected":false},"author":4,"featured_media":17267,"comment_status":"open","ping_status":"open","sticky":false,"template":"","format":"standard","meta":{"MSN_Categories":"Uncategorized","MSN_Publish_Option":false,"MSN_Is_Local_News":false,"MSN_Is_AIAC_Included":"Empty","MSN_Location":"[]","MSN_Add_Feature_Img_On_Top_Of_Post":false,"MSN_Has_Custom_Author":false,"MSN_Custom_Author":"","MSN_Has_Custom_Canonical_Url":false,"MSN_Custom_Canonical_Url":"","footnotes":""},"categories":[7],"tags":[],"class_list":["post-17266","post","type-post","status-publish","format-standard","has-post-thumbnail","hentry","category-cronaca"],"acf":[],"yoast_head":"<!-- This site is optimized with the Yoast SEO Premium plugin v26.7 (Yoast SEO v26.7) - https:\/\/yoast.com\/wordpress\/plugins\/seo\/ -->\n<title>Il &quot;Castello delle Cerimonie&quot; \u00e8 abusivo: confiscata &quot;La Sonrisa&quot;<\/title>\n<meta name=\"description\" content=\"Il Castello delle Cerimonie \u00e8 definitivamente considerato abusivo e &quot;La Sonrisa&quot;, resa celebre in tv col &quot;Boss delle cerimonie&quot;, \u00e8 stata confiscata.\" \/>\n<meta name=\"robots\" content=\"index, follow, max-snippet:-1, max-image-preview:large, max-video-preview:-1\" \/>\n<link rel=\"canonical\" href=\"https:\/\/newsvirali.it\/es\/2024\/02\/16\/das-schloss-der-zeremonien-und-beschlagnahmte-die-sonrisa-illegal\/\" \/>\n<meta property=\"og:locale\" content=\"es_ES\" \/>\n<meta property=\"og:type\" content=\"article\" \/>\n<meta property=\"og:title\" content=\"Il &quot;Castello delle Cerimonie&quot; \u00e8 abusivo: confiscata &quot;La Sonrisa&quot;\" \/>\n<meta property=\"og:description\" content=\"Il Castello delle Cerimonie \u00e8 definitivamente considerato abusivo e &quot;La Sonrisa&quot;, resa celebre in tv col &quot;Boss delle cerimonie&quot;, \u00e8 stata confiscata.\" \/>\n<meta property=\"og:url\" content=\"https:\/\/newsvirali.it\/es\/2024\/02\/16\/das-schloss-der-zeremonien-und-beschlagnahmte-die-sonrisa-illegal\/\" \/>\n<meta property=\"og:site_name\" content=\"News virali\" \/>\n<meta property=\"article:published_time\" content=\"2024-02-16T15:09:06+00:00\" \/>\n<meta property=\"article:modified_time\" content=\"2024-02-16T16:19:50+00:00\" \/>\n<meta property=\"og:image\" content=\"https:\/\/newsvirali.it\/wp-content\/uploads\/2024\/02\/MixCollage-16-Feb-2024-04-07-PM-2025.jpg\" \/>\n\t<meta property=\"og:image:width\" content=\"2560\" \/>\n\t<meta property=\"og:image:height\" content=\"1440\" \/>\n\t<meta property=\"og:image:type\" content=\"image\/jpeg\" \/>\n<meta name=\"author\" content=\"Cecco Prestina\" \/>\n<meta name=\"twitter:card\" content=\"summary_large_image\" \/>\n<meta name=\"twitter:label1\" content=\"Escrito por\" \/>\n\t<meta name=\"twitter:data1\" content=\"Cecco Prestina\" \/>\n\t<meta name=\"twitter:label2\" content=\"Tiempo de lectura\" \/>\n\t<meta name=\"twitter:data2\" content=\"3 minutos\" \/>\n<script type=\"application\/ld+json\" class=\"yoast-schema-graph\">{\"@context\":\"https:\/\/schema.org\",\"@graph\":[{\"@type\":\"NewsArticle\",\"@id\":\"https:\/\/newsvirali.it\/de\/2024\/02\/16\/das-schloss-der-zeremonien-und-beschlagnahmte-die-sonrisa-illegal\/#article\",\"isPartOf\":{\"@id\":\"https:\/\/newsvirali.it\/de\/2024\/02\/16\/das-schloss-der-zeremonien-und-beschlagnahmte-die-sonrisa-illegal\/\"},\"author\":{\"name\":\"Cecco Prestina\",\"@id\":\"https:\/\/newsvirali.it\/fr\/#\/schema\/person\/4c835f7b49c9adb58b33901ee816565d\"},\"headline\":\"Il &#8220;Castello delle Cerimonie&#8221; \u00e8 abusivo: confiscata &#8220;La Sonrisa&#8221;\",\"datePublished\":\"2024-02-16T15:09:06+00:00\",\"dateModified\":\"2024-02-16T16:19:50+00:00\",\"mainEntityOfPage\":{\"@id\":\"https:\/\/newsvirali.it\/de\/2024\/02\/16\/das-schloss-der-zeremonien-und-beschlagnahmte-die-sonrisa-illegal\/\"},\"wordCount\":477,\"commentCount\":0,\"image\":{\"@id\":\"https:\/\/newsvirali.it\/de\/2024\/02\/16\/das-schloss-der-zeremonien-und-beschlagnahmte-die-sonrisa-illegal\/#primaryimage\"},\"thumbnailUrl\":\"https:\/\/newsvirali.it\/wp-content\/uploads\/2024\/02\/MixCollage-16-Feb-2024-04-07-PM-2025.jpg\",\"articleSection\":[\"Cronaca\"],\"inLanguage\":\"es\",\"potentialAction\":[{\"@type\":\"CommentAction\",\"name\":\"Comment\",\"target\":[\"https:\/\/newsvirali.it\/de\/2024\/02\/16\/das-schloss-der-zeremonien-und-beschlagnahmte-die-sonrisa-illegal\/#respond\"]}],\"copyrightYear\":\"2024\",\"copyrightHolder\":{\"@id\":\"https:\/\/newsvirali.it\/es\/#organization\"}},{\"@type\":\"WebPage\",\"@id\":\"https:\/\/newsvirali.it\/de\/2024\/02\/16\/das-schloss-der-zeremonien-und-beschlagnahmte-die-sonrisa-illegal\/\",\"url\":\"https:\/\/newsvirali.it\/de\/2024\/02\/16\/das-schloss-der-zeremonien-und-beschlagnahmte-die-sonrisa-illegal\/\",\"name\":\"Il \\\"Castello delle Cerimonie\\\" \u00e8 abusivo: confiscata \\\"La Sonrisa\\\"\",\"isPartOf\":{\"@id\":\"https:\/\/newsvirali.it\/fr\/#website\"},\"primaryImageOfPage\":{\"@id\":\"https:\/\/newsvirali.it\/de\/2024\/02\/16\/das-schloss-der-zeremonien-und-beschlagnahmte-die-sonrisa-illegal\/#primaryimage\"},\"image\":{\"@id\":\"https:\/\/newsvirali.it\/de\/2024\/02\/16\/das-schloss-der-zeremonien-und-beschlagnahmte-die-sonrisa-illegal\/#primaryimage\"},\"thumbnailUrl\":\"https:\/\/newsvirali.it\/wp-content\/uploads\/2024\/02\/MixCollage-16-Feb-2024-04-07-PM-2025.jpg\",\"datePublished\":\"2024-02-16T15:09:06+00:00\",\"dateModified\":\"2024-02-16T16:19:50+00:00\",\"author\":{\"@id\":\"https:\/\/newsvirali.it\/fr\/#\/schema\/person\/4c835f7b49c9adb58b33901ee816565d\"},\"description\":\"Il Castello delle Cerimonie \u00e8 definitivamente considerato abusivo e \\\"La Sonrisa\\\", resa celebre in tv col \\\"Boss delle cerimonie\\\", \u00e8 stata confiscata.\",\"breadcrumb\":{\"@id\":\"https:\/\/newsvirali.it\/de\/2024\/02\/16\/das-schloss-der-zeremonien-und-beschlagnahmte-die-sonrisa-illegal\/#breadcrumb\"},\"inLanguage\":\"es\",\"potentialAction\":[{\"@type\":\"ReadAction\",\"target\":[\"https:\/\/newsvirali.it\/de\/2024\/02\/16\/das-schloss-der-zeremonien-und-beschlagnahmte-die-sonrisa-illegal\/\"]}]},{\"@type\":\"ImageObject\",\"inLanguage\":\"es\",\"@id\":\"https:\/\/newsvirali.it\/de\/2024\/02\/16\/das-schloss-der-zeremonien-und-beschlagnahmte-die-sonrisa-illegal\/#primaryimage\",\"url\":\"https:\/\/newsvirali.it\/wp-content\/uploads\/2024\/02\/MixCollage-16-Feb-2024-04-07-PM-2025.jpg\",\"contentUrl\":\"https:\/\/newsvirali.it\/wp-content\/uploads\/2024\/02\/MixCollage-16-Feb-2024-04-07-PM-2025.jpg\",\"width\":2560,\"height\":1440,\"caption\":\"Il \\\"Castello delle Cerimonie\\\" \u00e8 abusivo: confiscata \\\"La Sonrisa\\\"\"},{\"@type\":\"BreadcrumbList\",\"@id\":\"https:\/\/newsvirali.it\/de\/2024\/02\/16\/das-schloss-der-zeremonien-und-beschlagnahmte-die-sonrisa-illegal\/#breadcrumb\",\"itemListElement\":[{\"@type\":\"ListItem\",\"position\":1,\"name\":\"Home\",\"item\":\"https:\/\/newsvirali.it\/fr\/\"},{\"@type\":\"ListItem\",\"position\":2,\"name\":\"Il &#8220;Castello delle Cerimonie&#8221; \u00e8 abusivo: confiscata &#8220;La Sonrisa&#8221;\"}]},{\"@type\":\"WebSite\",\"@id\":\"https:\/\/newsvirali.it\/fr\/#website\",\"url\":\"https:\/\/newsvirali.it\/fr\/\",\"name\":\"Bake News\",\"description\":\"\",\"potentialAction\":[{\"@type\":\"SearchAction\",\"target\":{\"@type\":\"EntryPoint\",\"urlTemplate\":\"https:\/\/newsvirali.it\/fr\/?s={search_term_string}\"},\"query-input\":{\"@type\":\"PropertyValueSpecification\",\"valueRequired\":true,\"valueName\":\"search_term_string\"}}],\"inLanguage\":\"es\"},{\"@type\":\"Person\",\"@id\":\"https:\/\/newsvirali.it\/fr\/#\/schema\/person\/4c835f7b49c9adb58b33901ee816565d\",\"name\":\"Cecco Prestina\",\"description\":\"Perch\u00e9 nasconderlo? Cecco Prestina \u00e8 un alias, ma dietro di lui non si cela un algoritmo di intelligenza artificiale. C'\u00e8 un giornalista che ha oltre vent'anni di esperienza tutta sul web. Da quando il primo modem ha iniziato a gracchiare sul territorio italiano con Video on Line, Cecco ha capito che da quel doppino sarebbe passato il futuro. Ha dedidicato tutta la sua carriera a capire Internet e poi i social e ora l'Ai. Una carriera in costante aggiornamento. E questa esperienza la mette in campo ogni giorno. Per\u00f2 ogni tanto Cecco ha voglia anche di non scrivere \\\"pipponi\\\" sulla politica, sull'economia. Ha voglia anche di scrivere qualcosa di divertente. Le notizie che trovate su Bake News sono le stesse che Cecco porta all'aperitivo con gli amici. Quelle di cui discutere per farsi due risate. Notizie, vere (qualche volta si fa fatica a crederlo), strane, divertenti, ma anche serie. Bake News \u00e8 nato per questo, dare al pubblico notizie croccanti e calde come il pane che esce dal forno. E Cecco Prestina \u00e8 nato con Bake News.\",\"url\":\"https:\/\/newsvirali.it\/es\/autore\/cecco-prestina\/\"}]}<\/script>\n<!-- \/ Yoast SEO Premium plugin. -->","yoast_head_json":{"title":"Il \"Castello delle Cerimonie\" \u00e8 abusivo: confiscata \"La Sonrisa\"","description":"Il Castello delle Cerimonie \u00e8 definitivamente considerato abusivo e \"La Sonrisa\", resa celebre in tv col \"Boss delle cerimonie\", \u00e8 stata confiscata.","robots":{"index":"index","follow":"follow","max-snippet":"max-snippet:-1","max-image-preview":"max-image-preview:large","max-video-preview":"max-video-preview:-1"},"canonical":"https:\/\/newsvirali.it\/es\/2024\/02\/16\/das-schloss-der-zeremonien-und-beschlagnahmte-die-sonrisa-illegal\/","og_locale":"es_ES","og_type":"article","og_title":"Il \"Castello delle Cerimonie\" \u00e8 abusivo: confiscata \"La Sonrisa\"","og_description":"Il Castello delle Cerimonie \u00e8 definitivamente considerato abusivo e \"La Sonrisa\", resa celebre in tv col \"Boss delle cerimonie\", \u00e8 stata confiscata.","og_url":"https:\/\/newsvirali.it\/es\/2024\/02\/16\/das-schloss-der-zeremonien-und-beschlagnahmte-die-sonrisa-illegal\/","og_site_name":"News virali","article_published_time":"2024-02-16T15:09:06+00:00","article_modified_time":"2024-02-16T16:19:50+00:00","og_image":[{"width":2560,"height":1440,"url":"https:\/\/newsvirali.it\/wp-content\/uploads\/2024\/02\/MixCollage-16-Feb-2024-04-07-PM-2025.jpg","type":"image\/jpeg"}],"author":"Cecco Prestina","twitter_card":"summary_large_image","twitter_misc":{"Escrito por":"Cecco Prestina","Tiempo de lectura":"3 minutos"},"schema":{"@context":"https:\/\/schema.org","@graph":[{"@type":"NewsArticle","@id":"https:\/\/newsvirali.it\/de\/2024\/02\/16\/das-schloss-der-zeremonien-und-beschlagnahmte-die-sonrisa-illegal\/#article","isPartOf":{"@id":"https:\/\/newsvirali.it\/de\/2024\/02\/16\/das-schloss-der-zeremonien-und-beschlagnahmte-die-sonrisa-illegal\/"},"author":{"name":"Cecco Prestina","@id":"https:\/\/newsvirali.it\/fr\/#\/schema\/person\/4c835f7b49c9adb58b33901ee816565d"},"headline":"Il &#8220;Castello delle Cerimonie&#8221; \u00e8 abusivo: confiscata &#8220;La Sonrisa&#8221;","datePublished":"2024-02-16T15:09:06+00:00","dateModified":"2024-02-16T16:19:50+00:00","mainEntityOfPage":{"@id":"https:\/\/newsvirali.it\/de\/2024\/02\/16\/das-schloss-der-zeremonien-und-beschlagnahmte-die-sonrisa-illegal\/"},"wordCount":477,"commentCount":0,"image":{"@id":"https:\/\/newsvirali.it\/de\/2024\/02\/16\/das-schloss-der-zeremonien-und-beschlagnahmte-die-sonrisa-illegal\/#primaryimage"},"thumbnailUrl":"https:\/\/newsvirali.it\/wp-content\/uploads\/2024\/02\/MixCollage-16-Feb-2024-04-07-PM-2025.jpg","articleSection":["Cronaca"],"inLanguage":"es","potentialAction":[{"@type":"CommentAction","name":"Comment","target":["https:\/\/newsvirali.it\/de\/2024\/02\/16\/das-schloss-der-zeremonien-und-beschlagnahmte-die-sonrisa-illegal\/#respond"]}],"copyrightYear":"2024","copyrightHolder":{"@id":"https:\/\/newsvirali.it\/es\/#organization"}},{"@type":"WebPage","@id":"https:\/\/newsvirali.it\/de\/2024\/02\/16\/das-schloss-der-zeremonien-und-beschlagnahmte-die-sonrisa-illegal\/","url":"https:\/\/newsvirali.it\/de\/2024\/02\/16\/das-schloss-der-zeremonien-und-beschlagnahmte-die-sonrisa-illegal\/","name":"Il \"Castello delle Cerimonie\" \u00e8 abusivo: confiscata \"La Sonrisa\"","isPartOf":{"@id":"https:\/\/newsvirali.it\/fr\/#website"},"primaryImageOfPage":{"@id":"https:\/\/newsvirali.it\/de\/2024\/02\/16\/das-schloss-der-zeremonien-und-beschlagnahmte-die-sonrisa-illegal\/#primaryimage"},"image":{"@id":"https:\/\/newsvirali.it\/de\/2024\/02\/16\/das-schloss-der-zeremonien-und-beschlagnahmte-die-sonrisa-illegal\/#primaryimage"},"thumbnailUrl":"https:\/\/newsvirali.it\/wp-content\/uploads\/2024\/02\/MixCollage-16-Feb-2024-04-07-PM-2025.jpg","datePublished":"2024-02-16T15:09:06+00:00","dateModified":"2024-02-16T16:19:50+00:00","author":{"@id":"https:\/\/newsvirali.it\/fr\/#\/schema\/person\/4c835f7b49c9adb58b33901ee816565d"},"description":"Il Castello delle Cerimonie \u00e8 definitivamente considerato abusivo e \"La Sonrisa\", resa celebre in tv col \"Boss delle cerimonie\", \u00e8 stata confiscata.","breadcrumb":{"@id":"https:\/\/newsvirali.it\/de\/2024\/02\/16\/das-schloss-der-zeremonien-und-beschlagnahmte-die-sonrisa-illegal\/#breadcrumb"},"inLanguage":"es","potentialAction":[{"@type":"ReadAction","target":["https:\/\/newsvirali.it\/de\/2024\/02\/16\/das-schloss-der-zeremonien-und-beschlagnahmte-die-sonrisa-illegal\/"]}]},{"@type":"ImageObject","inLanguage":"es","@id":"https:\/\/newsvirali.it\/de\/2024\/02\/16\/das-schloss-der-zeremonien-und-beschlagnahmte-die-sonrisa-illegal\/#primaryimage","url":"https:\/\/newsvirali.it\/wp-content\/uploads\/2024\/02\/MixCollage-16-Feb-2024-04-07-PM-2025.jpg","contentUrl":"https:\/\/newsvirali.it\/wp-content\/uploads\/2024\/02\/MixCollage-16-Feb-2024-04-07-PM-2025.jpg","width":2560,"height":1440,"caption":"Il \"Castello delle Cerimonie\" \u00e8 abusivo: confiscata \"La Sonrisa\""},{"@type":"BreadcrumbList","@id":"https:\/\/newsvirali.it\/de\/2024\/02\/16\/das-schloss-der-zeremonien-und-beschlagnahmte-die-sonrisa-illegal\/#breadcrumb","itemListElement":[{"@type":"ListItem","position":1,"name":"Home","item":"https:\/\/newsvirali.it\/fr\/"},{"@type":"ListItem","position":2,"name":"Il &#8220;Castello delle Cerimonie&#8221; \u00e8 abusivo: confiscata &#8220;La Sonrisa&#8221;"}]},{"@type":"WebSite","@id":"https:\/\/newsvirali.it\/fr\/#website","url":"https:\/\/newsvirali.it\/fr\/","name":"Bake News","description":"","potentialAction":[{"@type":"SearchAction","target":{"@type":"EntryPoint","urlTemplate":"https:\/\/newsvirali.it\/fr\/?s={search_term_string}"},"query-input":{"@type":"PropertyValueSpecification","valueRequired":true,"valueName":"search_term_string"}}],"inLanguage":"es"},{"@type":"Person","@id":"https:\/\/newsvirali.it\/fr\/#\/schema\/person\/4c835f7b49c9adb58b33901ee816565d","name":"Cecco Prestina","description":"Perch\u00e9 nasconderlo? Cecco Prestina \u00e8 un alias, ma dietro di lui non si cela un algoritmo di intelligenza artificiale. C'\u00e8 un giornalista che ha oltre vent'anni di esperienza tutta sul web. Da quando il primo modem ha iniziato a gracchiare sul territorio italiano con Video on Line, Cecco ha capito che da quel doppino sarebbe passato il futuro. Ha dedidicato tutta la sua carriera a capire Internet e poi i social e ora l'Ai. Una carriera in costante aggiornamento. E questa esperienza la mette in campo ogni giorno. Per\u00f2 ogni tanto Cecco ha voglia anche di non scrivere \"pipponi\" sulla politica, sull'economia. Ha voglia anche di scrivere qualcosa di divertente. Le notizie che trovate su Bake News sono le stesse che Cecco porta all'aperitivo con gli amici. Quelle di cui discutere per farsi due risate. Notizie, vere (qualche volta si fa fatica a crederlo), strane, divertenti, ma anche serie. Bake News \u00e8 nato per questo, dare al pubblico notizie croccanti e calde come il pane che esce dal forno. E Cecco Prestina \u00e8 nato con Bake News.","url":"https:\/\/newsvirali.it\/es\/autore\/cecco-prestina\/"}]}},"_links":{"self":[{"href":"https:\/\/newsvirali.it\/es\/wp-json\/wp\/v2\/posts\/17266","targetHints":{"allow":["GET"]}}],"collection":[{"href":"https:\/\/newsvirali.it\/es\/wp-json\/wp\/v2\/posts"}],"about":[{"href":"https:\/\/newsvirali.it\/es\/wp-json\/wp\/v2\/types\/post"}],"author":[{"embeddable":true,"href":"https:\/\/newsvirali.it\/es\/wp-json\/wp\/v2\/users\/4"}],"replies":[{"embeddable":true,"href":"https:\/\/newsvirali.it\/es\/wp-json\/wp\/v2\/comments?post=17266"}],"version-history":[{"count":2,"href":"https:\/\/newsvirali.it\/es\/wp-json\/wp\/v2\/posts\/17266\/revisions"}],"predecessor-version":[{"id":17269,"href":"https:\/\/newsvirali.it\/es\/wp-json\/wp\/v2\/posts\/17266\/revisions\/17269"}],"wp:featuredmedia":[{"embeddable":true,"href":"https:\/\/newsvirali.it\/es\/wp-json\/wp\/v2\/media\/17267"}],"wp:attachment":[{"href":"https:\/\/newsvirali.it\/es\/wp-json\/wp\/v2\/media?parent=17266"}],"wp:term":[{"taxonomy":"category","embeddable":true,"href":"https:\/\/newsvirali.it\/es\/wp-json\/wp\/v2\/categories?post=17266"},{"taxonomy":"post_tag","embeddable":true,"href":"https:\/\/newsvirali.it\/es\/wp-json\/wp\/v2\/tags?post=17266"}],"curies":[{"name":"wp","href":"https:\/\/api.w.org\/{rel}","templated":true}]}}