{"id":15942,"date":"2024-02-03T09:25:40","date_gmt":"2024-02-03T08:25:40","guid":{"rendered":"https:\/\/www.bakenews.it\/?p=15942"},"modified":"2024-02-03T09:25:41","modified_gmt":"2024-02-03T08:25:41","slug":"meta-avvisa-gli-azionisti-mark-zuckerberg-potrebbe-morire","status":"publish","type":"post","link":"https:\/\/newsvirali.it\/es\/2024\/02\/03\/meta-advierte-a-los-accionistas-mark-zuckerberg-podria-morir\/","title":{"rendered":"Meta advierte a los accionistas: Mark Zuckerberg podr\u00eda morir"},"content":{"rendered":"<p>Mark Zuckerberg podr\u00eda morir, sus detractores no lo dicen pero los analistas internos de Meta lo &quot;admiten&quot; y en el dossier informativo a los accionistas advierten sobre los riesgos que corre el creador de Facebook. El amor del CEO de Meta, Mark Zuckerberg, por las &quot;actividades de alto riesgo&quot; plantea un &quot;riesgo de lesiones graves y muerte&quot;. As\u00ed se puede leer en la \u00faltima declaraci\u00f3n a la Comisi\u00f3n de Bolsa y Valores (entidad que supervisa la Bolsa de Valores estadounidense) y dirigida a los inversores.<\/p>\n\n\n\n<p><strong>LEER TAMBI\u00c9N<\/strong><\/p>\n\n\n\n<ul class=\"wp-block-list\">\n<li><a href=\"https:\/\/www.bakenews.it\/mark-zuckerberg-con-gli-occhi-neri-pugni-in-faccia-da-musk\/\">Mark Zuckerberg con ojos negros: \u201cMusk le dio un pu\u00f1etazo en la cara\u201d<\/a><\/li>\n\n\n\n<li><a href=\"https:\/\/www.bakenews.it\/zuckerberg-dieta-lottatore-4mila-calorie-mcdonalds\/\">Zuckerberg revela la dieta de su luchador: 4 mil calor\u00edas de McDonald&#039;s<\/a><\/li>\n\n\n\n<li><a href=\"https:\/\/www.bakenews.it\/elon-musk-vuole-picchiare-zuckerberg-e-lui-lo-sfida-ti-prendo-a-calci-in-c-o\/\">Elon Musk quiere darle una paliza a Zuckerberg y este lo reta: &quot;Te patear\u00e9 el trasero&quot;<\/a><\/li>\n<\/ul>\n\n\n\n<h2 class=\"wp-block-heading\" id=\"h-mark-zuckerberg-potrebbe-morire-per-i-suoi-sport\">Mark Zuckerberg podr\u00eda morir por su deporte<\/h2>\n\n\n\n<p>La advertencia se incluy\u00f3 por primera vez entre los &quot;factores de riesgo&quot; en la presentaci\u00f3n 10-K de Meta, un informe completo sobre las actividades del gigante tecnol\u00f3gico hasta 2023, para que el hombre de 39 a\u00f1os se dedique a pasatiempos peligrosos que incluyen el hidroplano y las artes marciales mixtas. letras. Recientemente su pasi\u00f3n por el combate cuerpo a cuerpo llev\u00f3 a Zuckerberg a sufrir una lesi\u00f3n del ligamento cruzado anterior durante un entrenamiento el pasado mes de noviembre.<\/p>\n\n\n\n<p>Public\u00f3 una foto en Instagram que lo muestra en una cama de hospital con la pierna izquierda vendada y con un aparato ortop\u00e9dico en la pierna. Zuckerberg aprendi\u00f3 jiujitsu brasile\u00f1o durante la pandemia y comparti\u00f3 fotograf\u00edas de su f\u00edsico definido durante las sesiones de entrenamiento. Gan\u00f3 medallas de oro y plata en un torneo de jiu-jitsu brasile\u00f1o en mayo pasado. El fundador de Facebook tambi\u00e9n es un \u00e1vido surfista, aunque su forma ha sido objeto de burlas entre los internautas, quienes ridiculizaron al multimillonario por publicar un v\u00eddeo de \u00e9l mismo desliz\u00e1ndose por un lago mientras sosten\u00eda una bandera estadounidense al son de \u201cTake Me Home\u201d. por John Denver.<\/p>\n\n\n\n<h2 class=\"wp-block-heading\" id=\"h-ora-vuole-diventare-pilota-d-aereo\">Ahora quiere ser piloto de avi\u00f3n.<\/h2>\n\n\n\n<p>Zuckerberg tambi\u00e9n estudi\u00f3 para obtener su licencia de piloto de l\u00ednea a\u00e9rea. Seg\u00fan los registros de la Administraci\u00f3n Federal de Aviaci\u00f3n, el padre de tres hijos obtuvo su certificado de estudiante de piloto el a\u00f1o pasado. Las \u00faltimas presentaciones de Meta ante la SEC parec\u00edan sugerir que Zuckerberg hab\u00eda completado su entrenamiento para convertirse en piloto certificado, enumerando sus pasatiempos peligrosos como &quot;deportes de combate, deportes extremos y aviaci\u00f3n recreativa&quot;.<\/p>\n\n\n\n<p>La presentaci\u00f3n 10-K tambi\u00e9n advierte que si algo sale terriblemente mal mientras Zuckerberg est\u00e1 surfeando, entrenando o volando, &quot;podr\u00eda haber un impacto material adverso en nuestras operaciones [de Meta]&quot;. &quot;Actualmente dependemos de los servicios continuos y el desempe\u00f1o de nuestro personal clave, incluido Mark Zuckerberg&quot;, agrega el documento. Este tipo de aviso no se incluy\u00f3 en la presentaci\u00f3n 10-K de 2022 de Meta y normalmente no se incluye. No est\u00e1 claro por qu\u00e9 la compa\u00f1\u00eda con sede en Menlo Park, California, decidi\u00f3 agregar la advertencia a su \u00faltimo 10-K.<\/p>\n\n\n\n<p><strong>LEER OTRAS NOTICIAS DEL MUNDO<\/strong><\/p>\n\n\n<ul class=\"wp-block-latest-posts__list wp-block-latest-posts\"><li><a class=\"wp-block-latest-posts__post-title\" href=\"https:\/\/newsvirali.it\/es\/2026\/02\/12\/emma-amit-cangrejo-diablo-muerto\/\">La vlogger Emma Amit muere tras comer un cangrejo diablo t\u00f3xico<\/a><\/li>\n<li><a class=\"wp-block-latest-posts__post-title\" href=\"https:\/\/newsvirali.it\/es\/2026\/02\/05\/tres-hermanas-se-suicidan-en-india\/\">Padres confiscan celulares por jugar en exceso: tres hermanas se suicidan<\/a><\/li>\n<li><a class=\"wp-block-latest-posts__post-title\" href=\"https:\/\/newsvirali.it\/es\/2026\/01\/30\/arresto-en-resort-de-florida-por-actos-obscenos\/\">Resort de Florida sorprende: hombre arrestado por exposici\u00f3n indecente con una aspiradora<\/a><\/li>\n<li><a class=\"wp-block-latest-posts__post-title\" href=\"https:\/\/newsvirali.it\/es\/2026\/01\/28\/un-padre-borracho-ahorca-a-su-hijo-en-un-impactante-video\/\">Padre borracho cuelga a su hijo por la ventana: impactante video<\/a><\/li>\n<li><a class=\"wp-block-latest-posts__post-title\" href=\"https:\/\/newsvirali.it\/es\/2026\/01\/27\/maestra-embarazada-y-estudiante-de-13-anos\/\">Maestra admite que qued\u00f3 embarazada de estudiante de 13 a\u00f1os<\/a><\/li>\n<\/ul><br \/>S\u00edguenos tambi\u00e9n en Google News: <b><a href=\"https:\/\/news.google.com\/publications\/CAAqBwgKMNqJiwswjMfqAg?hl=it&gl=IT&ceid=IT:it\" target=\"_blank\">haga clic aqu\u00ed<\/a><\/b>","protected":false},"excerpt":{"rendered":"<p>Mark Zuckerberg podr\u00eda morir, sus detractores no lo dicen pero lo &quot;admiten&quot; los analistas internos de Meta, quienes en [...]<\/p>","protected":false},"author":4,"featured_media":15943,"comment_status":"open","ping_status":"open","sticky":false,"template":"","format":"standard","meta":{"MSN_Categories":"Uncategorized","MSN_Publish_Option":false,"MSN_Is_Local_News":false,"MSN_Is_AIAC_Included":"Empty","MSN_Location":"[]","MSN_Add_Feature_Img_On_Top_Of_Post":false,"MSN_Has_Custom_Author":false,"MSN_Custom_Author":"","MSN_Has_Custom_Canonical_Url":false,"MSN_Custom_Canonical_Url":"","footnotes":""},"categories":[9],"tags":[312],"class_list":["post-15942","post","type-post","status-publish","format-standard","has-post-thumbnail","hentry","category-mondo","tag-mark-zuckerberg"],"acf":[],"yoast_head":"<!-- This site is optimized with the Yoast SEO Premium plugin v26.7 (Yoast SEO v26.7) - https:\/\/yoast.com\/wordpress\/plugins\/seo\/ -->\n<title>Meta avvisa gli azionisti: Mark Zuckerberg potrebbe morire<\/title>\n<meta name=\"description\" content=\"Mark Zuckerberg potrebbe morire, non lo dicono i suoi detrattori ma gli analisti interni di Meta nel dossier informativo agli azionisti.\" \/>\n<meta name=\"robots\" content=\"index, follow, max-snippet:-1, max-image-preview:large, max-video-preview:-1\" \/>\n<link rel=\"canonical\" href=\"https:\/\/newsvirali.it\/es\/2024\/02\/03\/meta-warnt-aktionare-mark-zuckerberg-vor-dem-tod\/\" \/>\n<meta property=\"og:locale\" content=\"es_ES\" \/>\n<meta property=\"og:type\" content=\"article\" \/>\n<meta property=\"og:title\" content=\"Meta avvisa gli azionisti: Mark Zuckerberg potrebbe morire\" \/>\n<meta property=\"og:description\" content=\"Mark Zuckerberg potrebbe morire, non lo dicono i suoi detrattori ma gli analisti interni di Meta nel dossier informativo agli azionisti.\" \/>\n<meta property=\"og:url\" content=\"https:\/\/newsvirali.it\/es\/2024\/02\/03\/meta-warnt-aktionare-mark-zuckerberg-vor-dem-tod\/\" \/>\n<meta property=\"og:site_name\" content=\"News virali\" \/>\n<meta property=\"article:published_time\" content=\"2024-02-03T08:25:40+00:00\" \/>\n<meta property=\"article:modified_time\" content=\"2024-02-03T08:25:41+00:00\" \/>\n<meta property=\"og:image\" content=\"https:\/\/newsvirali.it\/wp-content\/uploads\/2024\/02\/MixCollage-03-Feb-2024-09-19-AM-1378.jpg\" \/>\n\t<meta property=\"og:image:width\" content=\"2560\" \/>\n\t<meta property=\"og:image:height\" content=\"1440\" \/>\n\t<meta property=\"og:image:type\" content=\"image\/jpeg\" \/>\n<meta name=\"author\" content=\"Cecco Prestina\" \/>\n<meta name=\"twitter:card\" content=\"summary_large_image\" \/>\n<meta name=\"twitter:label1\" content=\"Escrito por\" \/>\n\t<meta name=\"twitter:data1\" content=\"Cecco Prestina\" \/>\n\t<meta name=\"twitter:label2\" content=\"Tiempo de lectura\" \/>\n\t<meta name=\"twitter:data2\" content=\"3 minutos\" \/>\n<script type=\"application\/ld+json\" class=\"yoast-schema-graph\">{\"@context\":\"https:\/\/schema.org\",\"@graph\":[{\"@type\":\"NewsArticle\",\"@id\":\"https:\/\/newsvirali.it\/de\/2024\/02\/03\/meta-warnt-aktionare-mark-zuckerberg-vor-dem-tod\/#article\",\"isPartOf\":{\"@id\":\"https:\/\/newsvirali.it\/de\/2024\/02\/03\/meta-warnt-aktionare-mark-zuckerberg-vor-dem-tod\/\"},\"author\":{\"name\":\"Cecco Prestina\",\"@id\":\"https:\/\/newsvirali.it\/fr\/#\/schema\/person\/4c835f7b49c9adb58b33901ee816565d\"},\"headline\":\"Meta avvisa gli azionisti: Mark Zuckerberg potrebbe morire\",\"datePublished\":\"2024-02-03T08:25:40+00:00\",\"dateModified\":\"2024-02-03T08:25:41+00:00\",\"mainEntityOfPage\":{\"@id\":\"https:\/\/newsvirali.it\/de\/2024\/02\/03\/meta-warnt-aktionare-mark-zuckerberg-vor-dem-tod\/\"},\"wordCount\":496,\"commentCount\":0,\"image\":{\"@id\":\"https:\/\/newsvirali.it\/de\/2024\/02\/03\/meta-warnt-aktionare-mark-zuckerberg-vor-dem-tod\/#primaryimage\"},\"thumbnailUrl\":\"https:\/\/newsvirali.it\/wp-content\/uploads\/2024\/02\/MixCollage-03-Feb-2024-09-19-AM-1378.jpg\",\"keywords\":[\"mark zuckerberg\"],\"articleSection\":[\"Mondo\"],\"inLanguage\":\"es\",\"potentialAction\":[{\"@type\":\"CommentAction\",\"name\":\"Comment\",\"target\":[\"https:\/\/newsvirali.it\/de\/2024\/02\/03\/meta-warnt-aktionare-mark-zuckerberg-vor-dem-tod\/#respond\"]}],\"copyrightYear\":\"2024\",\"copyrightHolder\":{\"@id\":\"https:\/\/newsvirali.it\/es\/#organization\"}},{\"@type\":\"WebPage\",\"@id\":\"https:\/\/newsvirali.it\/de\/2024\/02\/03\/meta-warnt-aktionare-mark-zuckerberg-vor-dem-tod\/\",\"url\":\"https:\/\/newsvirali.it\/de\/2024\/02\/03\/meta-warnt-aktionare-mark-zuckerberg-vor-dem-tod\/\",\"name\":\"Meta avvisa gli azionisti: Mark Zuckerberg potrebbe morire\",\"isPartOf\":{\"@id\":\"https:\/\/newsvirali.it\/fr\/#website\"},\"primaryImageOfPage\":{\"@id\":\"https:\/\/newsvirali.it\/de\/2024\/02\/03\/meta-warnt-aktionare-mark-zuckerberg-vor-dem-tod\/#primaryimage\"},\"image\":{\"@id\":\"https:\/\/newsvirali.it\/de\/2024\/02\/03\/meta-warnt-aktionare-mark-zuckerberg-vor-dem-tod\/#primaryimage\"},\"thumbnailUrl\":\"https:\/\/newsvirali.it\/wp-content\/uploads\/2024\/02\/MixCollage-03-Feb-2024-09-19-AM-1378.jpg\",\"datePublished\":\"2024-02-03T08:25:40+00:00\",\"dateModified\":\"2024-02-03T08:25:41+00:00\",\"author\":{\"@id\":\"https:\/\/newsvirali.it\/fr\/#\/schema\/person\/4c835f7b49c9adb58b33901ee816565d\"},\"description\":\"Mark Zuckerberg potrebbe morire, non lo dicono i suoi detrattori ma gli analisti interni di Meta nel dossier informativo agli azionisti.\",\"breadcrumb\":{\"@id\":\"https:\/\/newsvirali.it\/de\/2024\/02\/03\/meta-warnt-aktionare-mark-zuckerberg-vor-dem-tod\/#breadcrumb\"},\"inLanguage\":\"es\",\"potentialAction\":[{\"@type\":\"ReadAction\",\"target\":[\"https:\/\/newsvirali.it\/de\/2024\/02\/03\/meta-warnt-aktionare-mark-zuckerberg-vor-dem-tod\/\"]}]},{\"@type\":\"ImageObject\",\"inLanguage\":\"es\",\"@id\":\"https:\/\/newsvirali.it\/de\/2024\/02\/03\/meta-warnt-aktionare-mark-zuckerberg-vor-dem-tod\/#primaryimage\",\"url\":\"https:\/\/newsvirali.it\/wp-content\/uploads\/2024\/02\/MixCollage-03-Feb-2024-09-19-AM-1378.jpg\",\"contentUrl\":\"https:\/\/newsvirali.it\/wp-content\/uploads\/2024\/02\/MixCollage-03-Feb-2024-09-19-AM-1378.jpg\",\"width\":2560,\"height\":1440,\"caption\":\"Meta avvisa gli azionisti: Mark Zuckerberg potrebbe morire\"},{\"@type\":\"BreadcrumbList\",\"@id\":\"https:\/\/newsvirali.it\/de\/2024\/02\/03\/meta-warnt-aktionare-mark-zuckerberg-vor-dem-tod\/#breadcrumb\",\"itemListElement\":[{\"@type\":\"ListItem\",\"position\":1,\"name\":\"Home\",\"item\":\"https:\/\/newsvirali.it\/fr\/\"},{\"@type\":\"ListItem\",\"position\":2,\"name\":\"Meta avvisa gli azionisti: Mark Zuckerberg potrebbe morire\"}]},{\"@type\":\"WebSite\",\"@id\":\"https:\/\/newsvirali.it\/fr\/#website\",\"url\":\"https:\/\/newsvirali.it\/fr\/\",\"name\":\"Bake News\",\"description\":\"\",\"potentialAction\":[{\"@type\":\"SearchAction\",\"target\":{\"@type\":\"EntryPoint\",\"urlTemplate\":\"https:\/\/newsvirali.it\/fr\/?s={search_term_string}\"},\"query-input\":{\"@type\":\"PropertyValueSpecification\",\"valueRequired\":true,\"valueName\":\"search_term_string\"}}],\"inLanguage\":\"es\"},{\"@type\":\"Person\",\"@id\":\"https:\/\/newsvirali.it\/fr\/#\/schema\/person\/4c835f7b49c9adb58b33901ee816565d\",\"name\":\"Cecco Prestina\",\"description\":\"Perch\u00e9 nasconderlo? Cecco Prestina \u00e8 un alias, ma dietro di lui non si cela un algoritmo di intelligenza artificiale. C'\u00e8 un giornalista che ha oltre vent'anni di esperienza tutta sul web. Da quando il primo modem ha iniziato a gracchiare sul territorio italiano con Video on Line, Cecco ha capito che da quel doppino sarebbe passato il futuro. Ha dedidicato tutta la sua carriera a capire Internet e poi i social e ora l'Ai. Una carriera in costante aggiornamento. E questa esperienza la mette in campo ogni giorno. Per\u00f2 ogni tanto Cecco ha voglia anche di non scrivere \\\"pipponi\\\" sulla politica, sull'economia. Ha voglia anche di scrivere qualcosa di divertente. Le notizie che trovate su Bake News sono le stesse che Cecco porta all'aperitivo con gli amici. Quelle di cui discutere per farsi due risate. Notizie, vere (qualche volta si fa fatica a crederlo), strane, divertenti, ma anche serie. Bake News \u00e8 nato per questo, dare al pubblico notizie croccanti e calde come il pane che esce dal forno. E Cecco Prestina \u00e8 nato con Bake News.\",\"url\":\"https:\/\/newsvirali.it\/es\/autore\/cecco-prestina\/\"}]}<\/script>\n<!-- \/ Yoast SEO Premium plugin. -->","yoast_head_json":{"title":"Meta avvisa gli azionisti: Mark Zuckerberg potrebbe morire","description":"Mark Zuckerberg potrebbe morire, non lo dicono i suoi detrattori ma gli analisti interni di Meta nel dossier informativo agli azionisti.","robots":{"index":"index","follow":"follow","max-snippet":"max-snippet:-1","max-image-preview":"max-image-preview:large","max-video-preview":"max-video-preview:-1"},"canonical":"https:\/\/newsvirali.it\/es\/2024\/02\/03\/meta-warnt-aktionare-mark-zuckerberg-vor-dem-tod\/","og_locale":"es_ES","og_type":"article","og_title":"Meta avvisa gli azionisti: Mark Zuckerberg potrebbe morire","og_description":"Mark Zuckerberg potrebbe morire, non lo dicono i suoi detrattori ma gli analisti interni di Meta nel dossier informativo agli azionisti.","og_url":"https:\/\/newsvirali.it\/es\/2024\/02\/03\/meta-warnt-aktionare-mark-zuckerberg-vor-dem-tod\/","og_site_name":"News virali","article_published_time":"2024-02-03T08:25:40+00:00","article_modified_time":"2024-02-03T08:25:41+00:00","og_image":[{"width":2560,"height":1440,"url":"https:\/\/newsvirali.it\/wp-content\/uploads\/2024\/02\/MixCollage-03-Feb-2024-09-19-AM-1378.jpg","type":"image\/jpeg"}],"author":"Cecco Prestina","twitter_card":"summary_large_image","twitter_misc":{"Escrito por":"Cecco Prestina","Tiempo de lectura":"3 minutos"},"schema":{"@context":"https:\/\/schema.org","@graph":[{"@type":"NewsArticle","@id":"https:\/\/newsvirali.it\/de\/2024\/02\/03\/meta-warnt-aktionare-mark-zuckerberg-vor-dem-tod\/#article","isPartOf":{"@id":"https:\/\/newsvirali.it\/de\/2024\/02\/03\/meta-warnt-aktionare-mark-zuckerberg-vor-dem-tod\/"},"author":{"name":"Cecco Prestina","@id":"https:\/\/newsvirali.it\/fr\/#\/schema\/person\/4c835f7b49c9adb58b33901ee816565d"},"headline":"Meta avvisa gli azionisti: Mark Zuckerberg potrebbe morire","datePublished":"2024-02-03T08:25:40+00:00","dateModified":"2024-02-03T08:25:41+00:00","mainEntityOfPage":{"@id":"https:\/\/newsvirali.it\/de\/2024\/02\/03\/meta-warnt-aktionare-mark-zuckerberg-vor-dem-tod\/"},"wordCount":496,"commentCount":0,"image":{"@id":"https:\/\/newsvirali.it\/de\/2024\/02\/03\/meta-warnt-aktionare-mark-zuckerberg-vor-dem-tod\/#primaryimage"},"thumbnailUrl":"https:\/\/newsvirali.it\/wp-content\/uploads\/2024\/02\/MixCollage-03-Feb-2024-09-19-AM-1378.jpg","keywords":["mark zuckerberg"],"articleSection":["Mondo"],"inLanguage":"es","potentialAction":[{"@type":"CommentAction","name":"Comment","target":["https:\/\/newsvirali.it\/de\/2024\/02\/03\/meta-warnt-aktionare-mark-zuckerberg-vor-dem-tod\/#respond"]}],"copyrightYear":"2024","copyrightHolder":{"@id":"https:\/\/newsvirali.it\/es\/#organization"}},{"@type":"WebPage","@id":"https:\/\/newsvirali.it\/de\/2024\/02\/03\/meta-warnt-aktionare-mark-zuckerberg-vor-dem-tod\/","url":"https:\/\/newsvirali.it\/de\/2024\/02\/03\/meta-warnt-aktionare-mark-zuckerberg-vor-dem-tod\/","name":"Meta avvisa gli azionisti: Mark Zuckerberg potrebbe morire","isPartOf":{"@id":"https:\/\/newsvirali.it\/fr\/#website"},"primaryImageOfPage":{"@id":"https:\/\/newsvirali.it\/de\/2024\/02\/03\/meta-warnt-aktionare-mark-zuckerberg-vor-dem-tod\/#primaryimage"},"image":{"@id":"https:\/\/newsvirali.it\/de\/2024\/02\/03\/meta-warnt-aktionare-mark-zuckerberg-vor-dem-tod\/#primaryimage"},"thumbnailUrl":"https:\/\/newsvirali.it\/wp-content\/uploads\/2024\/02\/MixCollage-03-Feb-2024-09-19-AM-1378.jpg","datePublished":"2024-02-03T08:25:40+00:00","dateModified":"2024-02-03T08:25:41+00:00","author":{"@id":"https:\/\/newsvirali.it\/fr\/#\/schema\/person\/4c835f7b49c9adb58b33901ee816565d"},"description":"Mark Zuckerberg potrebbe morire, non lo dicono i suoi detrattori ma gli analisti interni di Meta nel dossier informativo agli azionisti.","breadcrumb":{"@id":"https:\/\/newsvirali.it\/de\/2024\/02\/03\/meta-warnt-aktionare-mark-zuckerberg-vor-dem-tod\/#breadcrumb"},"inLanguage":"es","potentialAction":[{"@type":"ReadAction","target":["https:\/\/newsvirali.it\/de\/2024\/02\/03\/meta-warnt-aktionare-mark-zuckerberg-vor-dem-tod\/"]}]},{"@type":"ImageObject","inLanguage":"es","@id":"https:\/\/newsvirali.it\/de\/2024\/02\/03\/meta-warnt-aktionare-mark-zuckerberg-vor-dem-tod\/#primaryimage","url":"https:\/\/newsvirali.it\/wp-content\/uploads\/2024\/02\/MixCollage-03-Feb-2024-09-19-AM-1378.jpg","contentUrl":"https:\/\/newsvirali.it\/wp-content\/uploads\/2024\/02\/MixCollage-03-Feb-2024-09-19-AM-1378.jpg","width":2560,"height":1440,"caption":"Meta avvisa gli azionisti: Mark Zuckerberg potrebbe morire"},{"@type":"BreadcrumbList","@id":"https:\/\/newsvirali.it\/de\/2024\/02\/03\/meta-warnt-aktionare-mark-zuckerberg-vor-dem-tod\/#breadcrumb","itemListElement":[{"@type":"ListItem","position":1,"name":"Home","item":"https:\/\/newsvirali.it\/fr\/"},{"@type":"ListItem","position":2,"name":"Meta avvisa gli azionisti: Mark Zuckerberg potrebbe morire"}]},{"@type":"WebSite","@id":"https:\/\/newsvirali.it\/fr\/#website","url":"https:\/\/newsvirali.it\/fr\/","name":"Bake News","description":"","potentialAction":[{"@type":"SearchAction","target":{"@type":"EntryPoint","urlTemplate":"https:\/\/newsvirali.it\/fr\/?s={search_term_string}"},"query-input":{"@type":"PropertyValueSpecification","valueRequired":true,"valueName":"search_term_string"}}],"inLanguage":"es"},{"@type":"Person","@id":"https:\/\/newsvirali.it\/fr\/#\/schema\/person\/4c835f7b49c9adb58b33901ee816565d","name":"Cecco Prestina","description":"Perch\u00e9 nasconderlo? Cecco Prestina \u00e8 un alias, ma dietro di lui non si cela un algoritmo di intelligenza artificiale. C'\u00e8 un giornalista che ha oltre vent'anni di esperienza tutta sul web. Da quando il primo modem ha iniziato a gracchiare sul territorio italiano con Video on Line, Cecco ha capito che da quel doppino sarebbe passato il futuro. Ha dedidicato tutta la sua carriera a capire Internet e poi i social e ora l'Ai. Una carriera in costante aggiornamento. E questa esperienza la mette in campo ogni giorno. Per\u00f2 ogni tanto Cecco ha voglia anche di non scrivere \"pipponi\" sulla politica, sull'economia. Ha voglia anche di scrivere qualcosa di divertente. Le notizie che trovate su Bake News sono le stesse che Cecco porta all'aperitivo con gli amici. Quelle di cui discutere per farsi due risate. Notizie, vere (qualche volta si fa fatica a crederlo), strane, divertenti, ma anche serie. Bake News \u00e8 nato per questo, dare al pubblico notizie croccanti e calde come il pane che esce dal forno. E Cecco Prestina \u00e8 nato con Bake News.","url":"https:\/\/newsvirali.it\/es\/autore\/cecco-prestina\/"}]}},"_links":{"self":[{"href":"https:\/\/newsvirali.it\/es\/wp-json\/wp\/v2\/posts\/15942","targetHints":{"allow":["GET"]}}],"collection":[{"href":"https:\/\/newsvirali.it\/es\/wp-json\/wp\/v2\/posts"}],"about":[{"href":"https:\/\/newsvirali.it\/es\/wp-json\/wp\/v2\/types\/post"}],"author":[{"embeddable":true,"href":"https:\/\/newsvirali.it\/es\/wp-json\/wp\/v2\/users\/4"}],"replies":[{"embeddable":true,"href":"https:\/\/newsvirali.it\/es\/wp-json\/wp\/v2\/comments?post=15942"}],"version-history":[{"count":4,"href":"https:\/\/newsvirali.it\/es\/wp-json\/wp\/v2\/posts\/15942\/revisions"}],"predecessor-version":[{"id":15954,"href":"https:\/\/newsvirali.it\/es\/wp-json\/wp\/v2\/posts\/15942\/revisions\/15954"}],"wp:featuredmedia":[{"embeddable":true,"href":"https:\/\/newsvirali.it\/es\/wp-json\/wp\/v2\/media\/15943"}],"wp:attachment":[{"href":"https:\/\/newsvirali.it\/es\/wp-json\/wp\/v2\/media?parent=15942"}],"wp:term":[{"taxonomy":"category","embeddable":true,"href":"https:\/\/newsvirali.it\/es\/wp-json\/wp\/v2\/categories?post=15942"},{"taxonomy":"post_tag","embeddable":true,"href":"https:\/\/newsvirali.it\/es\/wp-json\/wp\/v2\/tags?post=15942"}],"curies":[{"name":"wp","href":"https:\/\/api.w.org\/{rel}","templated":true}]}}