{"id":15436,"date":"2024-01-29T11:02:47","date_gmt":"2024-01-29T10:02:47","guid":{"rendered":"https:\/\/www.bakenews.it\/?p=15436"},"modified":"2024-01-29T12:28:37","modified_gmt":"2024-01-29T11:28:37","slug":"bimbo-di-2-anni-scala-everest-giovane-storia","status":"publish","type":"post","link":"https:\/\/newsvirali.it\/es\/2024\/01\/29\/nino-de-2-anos-escalando-el-everest-historia-joven\/","title":{"rendered":"Ni\u00f1o de 2 a\u00f1os escala el Everest: es el m\u00e1s joven de la historia"},"content":{"rendered":"<p>Un ni\u00f1o de 2 a\u00f1os escala el Everest con sus padres y alcanza un hito hist\u00f3rico. Se cree que el ni\u00f1o brit\u00e1nico se convirti\u00f3 en la persona m\u00e1s joven en llegar al campamento base del Monte Everest. Carter Dallas \u201cescal\u00f3\u201d el sitio del sur de Nepal, ubicado a unos impresionantes 5.363 metros sobre el nivel del mar, el 25 de octubre. Complet\u00f3 el viaje a lomos de su padre Ross, de 35 a\u00f1os, con su madre Jade, de 31, completando la caminata junto a su hijo y su esposo.<\/p>\n\n\n\n<p><strong>LEER TAMBI\u00c9N<\/strong><\/p>\n\n\n<ul class=\"wp-block-latest-posts__list wp-block-latest-posts\"><li><a class=\"wp-block-latest-posts__post-title\" href=\"https:\/\/newsvirali.it\/es\/2026\/02\/12\/emma-amit-cangrejo-diablo-muerto\/\">La vlogger Emma Amit muere tras comer un cangrejo diablo t\u00f3xico<\/a><\/li>\n<li><a class=\"wp-block-latest-posts__post-title\" href=\"https:\/\/newsvirali.it\/es\/2026\/02\/11\/se-abre-la-sancion-por-el-vestuario-para-los-juegos-olimpicos-de-2026\/\">Mil\u00e1n-Cortina 2026: El traje se estrena en competici\u00f3n: una patinadora evita la penalizaci\u00f3n<\/a><\/li>\n<li><a class=\"wp-block-latest-posts__post-title\" href=\"https:\/\/newsvirali.it\/es\/2026\/02\/09\/apagon-del-cerdo-volador-en-china\/\">Cerdo volador provoca desmayo: Lee la incre\u00edble historia (y no es IA)<\/a><\/li>\n<li><a class=\"wp-block-latest-posts__post-title\" href=\"https:\/\/newsvirali.it\/es\/2026\/02\/05\/tres-hermanas-se-suicidan-en-india\/\">Padres confiscan celulares por jugar en exceso: tres hermanas se suicidan<\/a><\/li>\n<li><a class=\"wp-block-latest-posts__post-title\" href=\"https:\/\/newsvirali.it\/es\/2026\/02\/04\/estrategia-xai-de-spacex-para-centros-de-datos-espaciales-de-musk\/\">No es una fusi\u00f3n: el verdadero plan de Musk detr\u00e1s de SpaceX y xAI<\/a><\/li>\n<\/ul>\n\n\n<h2 class=\"wp-block-heading\" id=\"h-bimbo-di-2-anni-scala-l-everest-stava-meglio-dei-genitori\">Ni\u00f1o de 2 a\u00f1os escala el Everest: estaba mejor que sus padres<\/h2>\n\n\n\n<p>La familia Glasgow lleva un a\u00f1o viajando por Asia. Y ahora es posible que su hijo haya batido el r\u00e9cord mundial que antes se cre\u00eda que lo ten\u00eda un ni\u00f1o de cuatro a\u00f1os de la Rep\u00fablica Checa. Ross, ex director de ventas, dijo: \u201cCarter manej\u00f3 la situaci\u00f3n mejor que yo y su madre. Ambos tuvimos un poco de mal de altura, \u00a1pero \u00e9l estaba absolutamente bien! Hab\u00eda dos m\u00e9dicos en las aldeas antes del campamento base y le hicieron an\u00e1lisis de sangre para comprobar que estaba bien, sus resultados fueron mejores que los nuestros. \u00a1Estaban asombrados!\u201d Los padres de Carter trajeron chaquetas con comida y dos sacos de dormir para su viaje despu\u00e9s de decidir hacerlo por &quot;capricho&quot;.<\/p>\n\n\n\n<h2 class=\"wp-block-heading\" id=\"h-mettono-in-affitto-la-casa-e-partono-per-l-asia\">Alquilan la casa y se van a Asia<\/h2>\n\n\n\n<p>Ross dijo que estaban bien preparados para el viaje, ya que practican regularmente &quot;t\u00e9cnicas de respiraci\u00f3n&quot; y todos se sumergen en el ba\u00f1o de hielo fr\u00edo, incluido Carter. Ross y Jade, un ex agente inmobiliario, pusieron en alquiler su casa en Escocia y compraron tres billetes de ida para un viaje de un a\u00f1o en agosto de 2023. Volaron a la India antes de visitar Sri Lanka y las Maldivas, con un viaje de regreso a India en el medio.<\/p>\n\n\n\n<p>Luego fueron a Nepal antes de ir a Malasia para una boda y luego se fueron a Singapur para pasar el cumplea\u00f1os de Carter en Universal Studios. Luego pasaron la Navidad en Penang antes de cruzar la frontera hacia Tailandia y pasaron el A\u00f1o Nuevo en la isla tailandesa de Koh Lanta. Ross dice que Carter ha probado todas las diferentes culturas y las ama absolutamente.<\/p>\n\n\n\n<p>Carter tambi\u00e9n ha desarrollado un gusto por las comidas ex\u00f3ticas y le ha gustado comer pescado al curry en las Maldivas y patas de pollo en Malasia (e incluso cocodrilo), pero su plato favorito de todos los tiempos es el pad thai. Si se confirma, el r\u00e9cord mundial de Carter superar\u00e1 el anterior, que se cree que ostenta Zara, de cuatro a\u00f1os.<\/p>\n\n\n\n<p><strong>LEER OTRAS NOTICIAS DEL MUNDO<\/strong><\/p>\n\n\n<ul class=\"wp-block-latest-posts__list wp-block-latest-posts\"><li><a class=\"wp-block-latest-posts__post-title\" href=\"https:\/\/newsvirali.it\/es\/2026\/02\/12\/emma-amit-cangrejo-diablo-muerto\/\">La vlogger Emma Amit muere tras comer un cangrejo diablo t\u00f3xico<\/a><\/li>\n<li><a class=\"wp-block-latest-posts__post-title\" href=\"https:\/\/newsvirali.it\/es\/2026\/02\/05\/tres-hermanas-se-suicidan-en-india\/\">Padres confiscan celulares por jugar en exceso: tres hermanas se suicidan<\/a><\/li>\n<li><a class=\"wp-block-latest-posts__post-title\" href=\"https:\/\/newsvirali.it\/es\/2026\/01\/30\/arresto-en-resort-de-florida-por-actos-obscenos\/\">Resort de Florida sorprende: hombre arrestado por exposici\u00f3n indecente con una aspiradora<\/a><\/li>\n<li><a class=\"wp-block-latest-posts__post-title\" href=\"https:\/\/newsvirali.it\/es\/2026\/01\/28\/un-padre-borracho-ahorca-a-su-hijo-en-un-impactante-video\/\">Padre borracho cuelga a su hijo por la ventana: impactante video<\/a><\/li>\n<li><a class=\"wp-block-latest-posts__post-title\" href=\"https:\/\/newsvirali.it\/es\/2026\/01\/27\/maestra-embarazada-y-estudiante-de-13-anos\/\">Maestra admite que qued\u00f3 embarazada de estudiante de 13 a\u00f1os<\/a><\/li>\n<\/ul><br \/>S\u00edguenos tambi\u00e9n en Google News: <b><a href=\"https:\/\/news.google.com\/publications\/CAAqBwgKMNqJiwswjMfqAg?hl=it&gl=IT&ceid=IT:it\" target=\"_blank\">haga clic aqu\u00ed<\/a><\/b>","protected":false},"excerpt":{"rendered":"<p>Un ni\u00f1o de 2 a\u00f1os escala el Everest con sus padres y alcanza un hito hist\u00f3rico. Se cree que el ni\u00f1o brit\u00e1nico [\u2026]<\/p>","protected":false},"author":6,"featured_media":15442,"comment_status":"open","ping_status":"open","sticky":false,"template":"","format":"standard","meta":{"MSN_Categories":"Uncategorized","MSN_Publish_Option":false,"MSN_Is_Local_News":false,"MSN_Is_AIAC_Included":"Empty","MSN_Location":"[]","MSN_Add_Feature_Img_On_Top_Of_Post":false,"MSN_Has_Custom_Author":false,"MSN_Custom_Author":"","MSN_Has_Custom_Canonical_Url":false,"MSN_Custom_Canonical_Url":"","footnotes":""},"categories":[9],"tags":[],"class_list":["post-15436","post","type-post","status-publish","format-standard","has-post-thumbnail","hentry","category-mondo"],"acf":[],"yoast_head":"<!-- This site is optimized with the Yoast SEO Premium plugin v26.7 (Yoast SEO v26.7) - https:\/\/yoast.com\/wordpress\/plugins\/seo\/ -->\n<title>Bimbo di 2 anni scala l&#039;Everest: \u00e8 il pi\u00f9 giovane della storia<\/title>\n<meta name=\"description\" content=\"Un bimbo di 2 anni scala l&#039;Everest coi genitori ed \u00e8 record. I medici controllano il suo sangue e scoprono una cosa incredibile.\" \/>\n<meta name=\"robots\" content=\"index, follow, max-snippet:-1, max-image-preview:large, max-video-preview:-1\" \/>\n<link rel=\"canonical\" href=\"https:\/\/newsvirali.it\/es\/2024\/01\/29\/2-jahriger-junge-klettert-auf-den-everest-junge-geschichte\/\" \/>\n<meta property=\"og:locale\" content=\"es_ES\" \/>\n<meta property=\"og:type\" content=\"article\" \/>\n<meta property=\"og:title\" content=\"Bimbo di 2 anni scala l&#039;Everest: \u00e8 il pi\u00f9 giovane della storia\" \/>\n<meta property=\"og:description\" content=\"Un bimbo di 2 anni scala l&#039;Everest coi genitori ed \u00e8 record. I medici controllano il suo sangue e scoprono una cosa incredibile.\" \/>\n<meta property=\"og:url\" content=\"https:\/\/newsvirali.it\/es\/2024\/01\/29\/2-jahriger-junge-klettert-auf-den-everest-junge-geschichte\/\" \/>\n<meta property=\"og:site_name\" content=\"News virali\" \/>\n<meta property=\"article:published_time\" content=\"2024-01-29T10:02:47+00:00\" \/>\n<meta property=\"article:modified_time\" content=\"2024-01-29T11:28:37+00:00\" \/>\n<meta property=\"og:image\" content=\"https:\/\/newsvirali.it\/wp-content\/uploads\/2024\/01\/Screenshot_6-6.jpg\" \/>\n\t<meta property=\"og:image:width\" content=\"309\" \/>\n\t<meta property=\"og:image:height\" content=\"467\" \/>\n\t<meta property=\"og:image:type\" content=\"image\/jpeg\" \/>\n<meta name=\"author\" content=\"Marko Pugliese\" \/>\n<meta name=\"twitter:card\" content=\"summary_large_image\" \/>\n<meta name=\"twitter:label1\" content=\"Escrito por\" \/>\n\t<meta name=\"twitter:data1\" content=\"Marko Pugliese\" \/>\n\t<meta name=\"twitter:label2\" content=\"Tiempo de lectura\" \/>\n\t<meta name=\"twitter:data2\" content=\"3 minutos\" \/>\n<script type=\"application\/ld+json\" class=\"yoast-schema-graph\">{\"@context\":\"https:\/\/schema.org\",\"@graph\":[{\"@type\":\"NewsArticle\",\"@id\":\"https:\/\/newsvirali.it\/de\/2024\/01\/29\/2-jahriger-junge-klettert-auf-den-everest-junge-geschichte\/#article\",\"isPartOf\":{\"@id\":\"https:\/\/newsvirali.it\/de\/2024\/01\/29\/2-jahriger-junge-klettert-auf-den-everest-junge-geschichte\/\"},\"author\":{\"name\":\"Marko Pugliese\",\"@id\":\"https:\/\/newsvirali.it\/fr\/#\/schema\/person\/fee8d82c39cd568e1ce6ef86792c7b53\"},\"headline\":\"Bimbo di 2 anni scala l&#8217;Everest: \u00e8 il pi\u00f9 giovane della storia\",\"datePublished\":\"2024-01-29T10:02:47+00:00\",\"dateModified\":\"2024-01-29T11:28:37+00:00\",\"mainEntityOfPage\":{\"@id\":\"https:\/\/newsvirali.it\/de\/2024\/01\/29\/2-jahriger-junge-klettert-auf-den-everest-junge-geschichte\/\"},\"wordCount\":446,\"commentCount\":0,\"image\":{\"@id\":\"https:\/\/newsvirali.it\/de\/2024\/01\/29\/2-jahriger-junge-klettert-auf-den-everest-junge-geschichte\/#primaryimage\"},\"thumbnailUrl\":\"https:\/\/newsvirali.it\/wp-content\/uploads\/2024\/01\/Screenshot_6-6.jpg\",\"articleSection\":[\"Mondo\"],\"inLanguage\":\"es\",\"potentialAction\":[{\"@type\":\"CommentAction\",\"name\":\"Comment\",\"target\":[\"https:\/\/newsvirali.it\/de\/2024\/01\/29\/2-jahriger-junge-klettert-auf-den-everest-junge-geschichte\/#respond\"]}],\"copyrightYear\":\"2024\",\"copyrightHolder\":{\"@id\":\"https:\/\/newsvirali.it\/es\/#organization\"}},{\"@type\":\"WebPage\",\"@id\":\"https:\/\/newsvirali.it\/de\/2024\/01\/29\/2-jahriger-junge-klettert-auf-den-everest-junge-geschichte\/\",\"url\":\"https:\/\/newsvirali.it\/de\/2024\/01\/29\/2-jahriger-junge-klettert-auf-den-everest-junge-geschichte\/\",\"name\":\"Bimbo di 2 anni scala l'Everest: \u00e8 il pi\u00f9 giovane della storia\",\"isPartOf\":{\"@id\":\"https:\/\/newsvirali.it\/fr\/#website\"},\"primaryImageOfPage\":{\"@id\":\"https:\/\/newsvirali.it\/de\/2024\/01\/29\/2-jahriger-junge-klettert-auf-den-everest-junge-geschichte\/#primaryimage\"},\"image\":{\"@id\":\"https:\/\/newsvirali.it\/de\/2024\/01\/29\/2-jahriger-junge-klettert-auf-den-everest-junge-geschichte\/#primaryimage\"},\"thumbnailUrl\":\"https:\/\/newsvirali.it\/wp-content\/uploads\/2024\/01\/Screenshot_6-6.jpg\",\"datePublished\":\"2024-01-29T10:02:47+00:00\",\"dateModified\":\"2024-01-29T11:28:37+00:00\",\"author\":{\"@id\":\"https:\/\/newsvirali.it\/fr\/#\/schema\/person\/fee8d82c39cd568e1ce6ef86792c7b53\"},\"description\":\"Un bimbo di 2 anni scala l'Everest coi genitori ed \u00e8 record. I medici controllano il suo sangue e scoprono una cosa incredibile.\",\"breadcrumb\":{\"@id\":\"https:\/\/newsvirali.it\/de\/2024\/01\/29\/2-jahriger-junge-klettert-auf-den-everest-junge-geschichte\/#breadcrumb\"},\"inLanguage\":\"es\",\"potentialAction\":[{\"@type\":\"ReadAction\",\"target\":[\"https:\/\/newsvirali.it\/de\/2024\/01\/29\/2-jahriger-junge-klettert-auf-den-everest-junge-geschichte\/\"]}]},{\"@type\":\"ImageObject\",\"inLanguage\":\"es\",\"@id\":\"https:\/\/newsvirali.it\/de\/2024\/01\/29\/2-jahriger-junge-klettert-auf-den-everest-junge-geschichte\/#primaryimage\",\"url\":\"https:\/\/newsvirali.it\/wp-content\/uploads\/2024\/01\/Screenshot_6-6.jpg\",\"contentUrl\":\"https:\/\/newsvirali.it\/wp-content\/uploads\/2024\/01\/Screenshot_6-6.jpg\",\"width\":309,\"height\":467,\"caption\":\"Bimbo di 2 anni scala l'Everest: \u00e8 il pi\u00f9 giovane della storia\"},{\"@type\":\"BreadcrumbList\",\"@id\":\"https:\/\/newsvirali.it\/de\/2024\/01\/29\/2-jahriger-junge-klettert-auf-den-everest-junge-geschichte\/#breadcrumb\",\"itemListElement\":[{\"@type\":\"ListItem\",\"position\":1,\"name\":\"Home\",\"item\":\"https:\/\/newsvirali.it\/fr\/\"},{\"@type\":\"ListItem\",\"position\":2,\"name\":\"Bimbo di 2 anni scala l&#8217;Everest: \u00e8 il pi\u00f9 giovane della storia\"}]},{\"@type\":\"WebSite\",\"@id\":\"https:\/\/newsvirali.it\/fr\/#website\",\"url\":\"https:\/\/newsvirali.it\/fr\/\",\"name\":\"Bake News\",\"description\":\"\",\"potentialAction\":[{\"@type\":\"SearchAction\",\"target\":{\"@type\":\"EntryPoint\",\"urlTemplate\":\"https:\/\/newsvirali.it\/fr\/?s={search_term_string}\"},\"query-input\":{\"@type\":\"PropertyValueSpecification\",\"valueRequired\":true,\"valueName\":\"search_term_string\"}}],\"inLanguage\":\"es\"},{\"@type\":\"Person\",\"@id\":\"https:\/\/newsvirali.it\/fr\/#\/schema\/person\/fee8d82c39cd568e1ce6ef86792c7b53\",\"name\":\"Marko Pugliese\",\"url\":\"https:\/\/newsvirali.it\/es\/autore\/markopugliese\/\"}]}<\/script>\n<!-- \/ Yoast SEO Premium plugin. -->","yoast_head_json":{"title":"Bimbo di 2 anni scala l'Everest: \u00e8 il pi\u00f9 giovane della storia","description":"Un bimbo di 2 anni scala l'Everest coi genitori ed \u00e8 record. I medici controllano il suo sangue e scoprono una cosa incredibile.","robots":{"index":"index","follow":"follow","max-snippet":"max-snippet:-1","max-image-preview":"max-image-preview:large","max-video-preview":"max-video-preview:-1"},"canonical":"https:\/\/newsvirali.it\/es\/2024\/01\/29\/2-jahriger-junge-klettert-auf-den-everest-junge-geschichte\/","og_locale":"es_ES","og_type":"article","og_title":"Bimbo di 2 anni scala l'Everest: \u00e8 il pi\u00f9 giovane della storia","og_description":"Un bimbo di 2 anni scala l'Everest coi genitori ed \u00e8 record. I medici controllano il suo sangue e scoprono una cosa incredibile.","og_url":"https:\/\/newsvirali.it\/es\/2024\/01\/29\/2-jahriger-junge-klettert-auf-den-everest-junge-geschichte\/","og_site_name":"News virali","article_published_time":"2024-01-29T10:02:47+00:00","article_modified_time":"2024-01-29T11:28:37+00:00","og_image":[{"width":309,"height":467,"url":"https:\/\/newsvirali.it\/wp-content\/uploads\/2024\/01\/Screenshot_6-6.jpg","type":"image\/jpeg"}],"author":"Marko Pugliese","twitter_card":"summary_large_image","twitter_misc":{"Escrito por":"Marko Pugliese","Tiempo de lectura":"3 minutos"},"schema":{"@context":"https:\/\/schema.org","@graph":[{"@type":"NewsArticle","@id":"https:\/\/newsvirali.it\/de\/2024\/01\/29\/2-jahriger-junge-klettert-auf-den-everest-junge-geschichte\/#article","isPartOf":{"@id":"https:\/\/newsvirali.it\/de\/2024\/01\/29\/2-jahriger-junge-klettert-auf-den-everest-junge-geschichte\/"},"author":{"name":"Marko Pugliese","@id":"https:\/\/newsvirali.it\/fr\/#\/schema\/person\/fee8d82c39cd568e1ce6ef86792c7b53"},"headline":"Bimbo di 2 anni scala l&#8217;Everest: \u00e8 il pi\u00f9 giovane della storia","datePublished":"2024-01-29T10:02:47+00:00","dateModified":"2024-01-29T11:28:37+00:00","mainEntityOfPage":{"@id":"https:\/\/newsvirali.it\/de\/2024\/01\/29\/2-jahriger-junge-klettert-auf-den-everest-junge-geschichte\/"},"wordCount":446,"commentCount":0,"image":{"@id":"https:\/\/newsvirali.it\/de\/2024\/01\/29\/2-jahriger-junge-klettert-auf-den-everest-junge-geschichte\/#primaryimage"},"thumbnailUrl":"https:\/\/newsvirali.it\/wp-content\/uploads\/2024\/01\/Screenshot_6-6.jpg","articleSection":["Mondo"],"inLanguage":"es","potentialAction":[{"@type":"CommentAction","name":"Comment","target":["https:\/\/newsvirali.it\/de\/2024\/01\/29\/2-jahriger-junge-klettert-auf-den-everest-junge-geschichte\/#respond"]}],"copyrightYear":"2024","copyrightHolder":{"@id":"https:\/\/newsvirali.it\/es\/#organization"}},{"@type":"WebPage","@id":"https:\/\/newsvirali.it\/de\/2024\/01\/29\/2-jahriger-junge-klettert-auf-den-everest-junge-geschichte\/","url":"https:\/\/newsvirali.it\/de\/2024\/01\/29\/2-jahriger-junge-klettert-auf-den-everest-junge-geschichte\/","name":"Bimbo di 2 anni scala l'Everest: \u00e8 il pi\u00f9 giovane della storia","isPartOf":{"@id":"https:\/\/newsvirali.it\/fr\/#website"},"primaryImageOfPage":{"@id":"https:\/\/newsvirali.it\/de\/2024\/01\/29\/2-jahriger-junge-klettert-auf-den-everest-junge-geschichte\/#primaryimage"},"image":{"@id":"https:\/\/newsvirali.it\/de\/2024\/01\/29\/2-jahriger-junge-klettert-auf-den-everest-junge-geschichte\/#primaryimage"},"thumbnailUrl":"https:\/\/newsvirali.it\/wp-content\/uploads\/2024\/01\/Screenshot_6-6.jpg","datePublished":"2024-01-29T10:02:47+00:00","dateModified":"2024-01-29T11:28:37+00:00","author":{"@id":"https:\/\/newsvirali.it\/fr\/#\/schema\/person\/fee8d82c39cd568e1ce6ef86792c7b53"},"description":"Un bimbo di 2 anni scala l'Everest coi genitori ed \u00e8 record. I medici controllano il suo sangue e scoprono una cosa incredibile.","breadcrumb":{"@id":"https:\/\/newsvirali.it\/de\/2024\/01\/29\/2-jahriger-junge-klettert-auf-den-everest-junge-geschichte\/#breadcrumb"},"inLanguage":"es","potentialAction":[{"@type":"ReadAction","target":["https:\/\/newsvirali.it\/de\/2024\/01\/29\/2-jahriger-junge-klettert-auf-den-everest-junge-geschichte\/"]}]},{"@type":"ImageObject","inLanguage":"es","@id":"https:\/\/newsvirali.it\/de\/2024\/01\/29\/2-jahriger-junge-klettert-auf-den-everest-junge-geschichte\/#primaryimage","url":"https:\/\/newsvirali.it\/wp-content\/uploads\/2024\/01\/Screenshot_6-6.jpg","contentUrl":"https:\/\/newsvirali.it\/wp-content\/uploads\/2024\/01\/Screenshot_6-6.jpg","width":309,"height":467,"caption":"Bimbo di 2 anni scala l'Everest: \u00e8 il pi\u00f9 giovane della storia"},{"@type":"BreadcrumbList","@id":"https:\/\/newsvirali.it\/de\/2024\/01\/29\/2-jahriger-junge-klettert-auf-den-everest-junge-geschichte\/#breadcrumb","itemListElement":[{"@type":"ListItem","position":1,"name":"Home","item":"https:\/\/newsvirali.it\/fr\/"},{"@type":"ListItem","position":2,"name":"Bimbo di 2 anni scala l&#8217;Everest: \u00e8 il pi\u00f9 giovane della storia"}]},{"@type":"WebSite","@id":"https:\/\/newsvirali.it\/fr\/#website","url":"https:\/\/newsvirali.it\/fr\/","name":"Bake News","description":"","potentialAction":[{"@type":"SearchAction","target":{"@type":"EntryPoint","urlTemplate":"https:\/\/newsvirali.it\/fr\/?s={search_term_string}"},"query-input":{"@type":"PropertyValueSpecification","valueRequired":true,"valueName":"search_term_string"}}],"inLanguage":"es"},{"@type":"Person","@id":"https:\/\/newsvirali.it\/fr\/#\/schema\/person\/fee8d82c39cd568e1ce6ef86792c7b53","name":"Marko Pugliese","url":"https:\/\/newsvirali.it\/es\/autore\/markopugliese\/"}]}},"_links":{"self":[{"href":"https:\/\/newsvirali.it\/es\/wp-json\/wp\/v2\/posts\/15436","targetHints":{"allow":["GET"]}}],"collection":[{"href":"https:\/\/newsvirali.it\/es\/wp-json\/wp\/v2\/posts"}],"about":[{"href":"https:\/\/newsvirali.it\/es\/wp-json\/wp\/v2\/types\/post"}],"author":[{"embeddable":true,"href":"https:\/\/newsvirali.it\/es\/wp-json\/wp\/v2\/users\/6"}],"replies":[{"embeddable":true,"href":"https:\/\/newsvirali.it\/es\/wp-json\/wp\/v2\/comments?post=15436"}],"version-history":[{"count":8,"href":"https:\/\/newsvirali.it\/es\/wp-json\/wp\/v2\/posts\/15436\/revisions"}],"predecessor-version":[{"id":15468,"href":"https:\/\/newsvirali.it\/es\/wp-json\/wp\/v2\/posts\/15436\/revisions\/15468"}],"wp:featuredmedia":[{"embeddable":true,"href":"https:\/\/newsvirali.it\/es\/wp-json\/wp\/v2\/media\/15442"}],"wp:attachment":[{"href":"https:\/\/newsvirali.it\/es\/wp-json\/wp\/v2\/media?parent=15436"}],"wp:term":[{"taxonomy":"category","embeddable":true,"href":"https:\/\/newsvirali.it\/es\/wp-json\/wp\/v2\/categories?post=15436"},{"taxonomy":"post_tag","embeddable":true,"href":"https:\/\/newsvirali.it\/es\/wp-json\/wp\/v2\/tags?post=15436"}],"curies":[{"name":"wp","href":"https:\/\/api.w.org\/{rel}","templated":true}]}}