{"id":14129,"date":"2024-01-11T08:43:18","date_gmt":"2024-01-11T07:43:18","guid":{"rendered":"https:\/\/www.bakenews.it\/?p=14129"},"modified":"2024-01-11T08:54:00","modified_gmt":"2024-01-11T07:54:00","slug":"lex-allenatore-della-lazio-sven-goran-eriksson-sta-morendo-di-cancro","status":"publish","type":"post","link":"https:\/\/newsvirali.it\/es\/2024\/01\/11\/el-ex-entrenador-de-la-lazio-sven-goran-eriksson-muere-de-cancer\/","title":{"rendered":"El ex entrenador de la Lazio, Sven-Goran Eriksson, muere de c\u00e1ncer"},"content":{"rendered":"<p>Sven-Goran Eriksson ha revelado que padece un c\u00e1ncer terminal y ha declarado: &quot;Tengo que luchar todo el tiempo que pueda&quot;. El ex entrenador de Inglaterra, de 75 a\u00f1os, conocido en Italia por haber entrenado a la Sampdoria y la Lazio, teme tener un a\u00f1o de vida o, en el peor de los casos, un poco menos despu\u00e9s de su diagn\u00f3stico el a\u00f1o pasado. Dijo: \u201cTodos entienden que tengo una enfermedad que no es buena. Todo el mundo se imagina que es c\u00e1ncer y lo es. Pero tengo que luchar tanto como pueda&quot;.<\/p>\n\n\n\n<p><strong>LEER TAMBI\u00c9N<\/strong><\/p>\n\n\n\n<ul class=\"wp-block-list\">\n<li><a href=\"https:\/\/www.bakenews.it\/lattrice-bridgette-wilson-malata-di-cancro-il-marito-pete-sampras-pregate-per-lei\/\">La actriz Bridgette Wilson sufre c\u00e1ncer, su marido Pete Sampras: oren por ella<\/a><\/li>\n\n\n\n<li><a href=\"https:\/\/www.bakenews.it\/un-14enne-inventa-il-sapone-che-guarisce-il-cancro-alla-pelle\/\">Un ni\u00f1o de 14 a\u00f1os inventa un jab\u00f3n que cura el c\u00e1ncer de piel<\/a><\/li>\n\n\n\n<li><a href=\"https:\/\/www.bakenews.it\/star-di-jurassic-park-sam-neill-cancro-sto-morendo\/\">La estrella de Jurassic Park, Sam Neill, habla de su c\u00e1ncer: &#039;Me estoy muriendo, es una gran molestia&#039;<\/a><\/li>\n\n\n\n<li><a href=\"https:\/\/www.bakenews.it\/lautaro-martinez-licenzia-baby-sitter-malata-di-cancro-storia\/\">Por esto Lautaro Mart\u00ednez despidi\u00f3 a la ni\u00f1era que padec\u00eda c\u00e1ncer<\/a><\/li>\n<\/ul>\n\n\n\n<h2 class=\"wp-block-heading\" id=\"h-sven-goran-eriksson-annuncia-ho-il-cancro\">Sven-Goran Eriksson anuncia: tengo c\u00e1ncer<\/h2>\n\n\n\n<p>Eriksson habl\u00f3 en la radio sueca P1 y cuando se le pregunt\u00f3 sobre el pron\u00f3stico dijo: &quot;Quiz\u00e1s en el mejor de los casos un a\u00f1o, en el peor de los casos un poco menos, o en el mejor de los casos tal vez incluso m\u00e1s&quot;. No puedes estar absolutamente seguro. Es mejor no pensar en ello&quot;.<\/p>\n\n\n\n<p>Se hab\u00eda especulado sobre su salud despu\u00e9s de que dej\u00f3 de trabajar como director deportivo del Karlstad en Suecia. Hoy revel\u00f3 que se desplom\u00f3 despu\u00e9s de una carrera el a\u00f1o pasado y descubri\u00f3 que estaba gravemente enfermo. Dijo: \u201cNo es bueno. Todos asumieron que era c\u00e1ncer y lo es. Pero tengo que luchar tanto como pueda. Pero puedes enga\u00f1ar a tu cerebro. Ve el lado bueno de las cosas, no te dejes llevar por la adversidad, porque obviamente esa es la mayor adversidad, pero haz algo bueno con ello&quot;.<\/p>\n\n\n\n<h2 class=\"wp-block-heading\" id=\"h-pochi-mesi-fa-e-collassato-durante-una-corsa\">Hace unos meses se desplom\u00f3 mientras corr\u00eda.<\/h2>\n\n\n\n<p>Sven-Goran Eriksson le dijo a P1 que de repente se desplom\u00f3 mientras corr\u00eda 5 km. Despu\u00e9s de consultar a sus m\u00e9dicos, se descubri\u00f3 que Eriksson hab\u00eda sufrido un derrame cerebral y tambi\u00e9n ten\u00eda c\u00e1ncer. Dijo: &quot;No saben cu\u00e1nto tiempo hace que tengo c\u00e1ncer, tal vez un mes o un a\u00f1o&quot;.<\/p>\n\n\n\n<h2 class=\"wp-block-heading\" id=\"h-la-sua-brillante-carriera-da-allenatore\">Su brillante carrera como entrenador<\/h2>\n\n\n\n<p>En una brillante carrera directiva, Sven fue entrenador del IFK G\u00f6teborg, Benfica, Roma, Fiorentina, Sampdoria, Lazio, Manchester City y Leicester City. Tambi\u00e9n fue seleccionador de M\u00e9xico, Costa de Marfil y Filipinas. Pero mientras estuvo a cargo de Inglaterra durante cinco a\u00f1os, se convirti\u00f3 en el entrenador de f\u00fatbol m\u00e1s famoso del mundo.<\/p>\n\n\n\n<p>Entre 2001 y 2006 lider\u00f3 la llamada &quot;generaci\u00f3n dorada&quot; de estrellas como David Beckham, Steven Gerrard y Frank Lampard, pero nunca gan\u00f3 el gran trofeo que se esperaba.<br>Su tr\u00e1gico diagn\u00f3stico se produjo casi exactamente 22 a\u00f1os despu\u00e9s de que renunci\u00f3 antes de lo previsto como entrenador de la Lazio para asumir el cargo de seleccionador de Inglaterra. El sueco hab\u00eda firmado un contrato de cinco a\u00f1os tres meses antes y asumir\u00eda el cargo en el verano de 2001.<\/p>\n\n\n\n<p><strong>LEER M\u00c1S NOTICIAS DEPORTIVAS<\/strong><\/p>\n\n\n<ul class=\"wp-block-latest-posts__list wp-block-latest-posts\"><li><a class=\"wp-block-latest-posts__post-title\" href=\"https:\/\/newsvirali.it\/es\/2026\/02\/11\/se-abre-la-sancion-por-el-vestuario-para-los-juegos-olimpicos-de-2026\/\">Mil\u00e1n-Cortina 2026: El traje se estrena en competici\u00f3n: una patinadora evita la penalizaci\u00f3n<\/a><\/li>\n<li><a class=\"wp-block-latest-posts__post-title\" href=\"https:\/\/newsvirali.it\/es\/2026\/01\/30\/solo-para-fanaticos-de-los-juegos-olimpicos-de-bobsleigh-de-alemania\/\">En los Juegos Ol\u00edmpicos gracias a OnlyFans: la impactante confesi\u00f3n de un bobsledder alem\u00e1n<\/a><\/li>\n<li><a class=\"wp-block-latest-posts__post-title\" href=\"https:\/\/newsvirali.it\/es\/2026\/01\/15\/zlatan-ibrahimovic-se-caga-encima\/\">&quot;Me cagu\u00e9 encima&quot;: la vergonzosa historia de Zlatan Ibrahimovic<\/a><\/li>\n<li><a class=\"wp-block-latest-posts__post-title\" href=\"https:\/\/newsvirali.it\/es\/2025\/12\/29\/incidente-de-anthony-joshua-en-nigeria\/\">Anthony Joshua herido en accidente automovil\u00edstico en Nigeria<\/a><\/li>\n<li><a class=\"wp-block-latest-posts__post-title\" href=\"https:\/\/newsvirali.it\/es\/2025\/11\/25\/la-enfermedad-la-preocupacion-y-el-fandom-de-carlo-vanzini-en-las-redes-sociales\/\">Carlo Vanzini est\u00e1 generando preocupaci\u00f3n entre los fan\u00e1ticos en las redes sociales: esto es lo que sabemos.<\/a><\/li>\n<\/ul><br \/>S\u00edguenos tambi\u00e9n en Google News: <b><a href=\"https:\/\/news.google.com\/publications\/CAAqBwgKMNqJiwswjMfqAg?hl=it&gl=IT&ceid=IT:it\" target=\"_blank\">haga clic aqu\u00ed<\/a><\/b>","protected":false},"excerpt":{"rendered":"<p>Sven-Goran Eriksson ha revelado que padece un c\u00e1ncer terminal y ha declarado: &quot;Tengo que luchar todo el tiempo que pueda&quot;. El ex de 75 a\u00f1os [\u2026]<\/p>","protected":false},"author":4,"featured_media":14130,"comment_status":"open","ping_status":"open","sticky":false,"template":"","format":"standard","meta":{"MSN_Categories":"Uncategorized","MSN_Publish_Option":false,"MSN_Is_Local_News":false,"MSN_Is_AIAC_Included":"Empty","MSN_Location":"[]","MSN_Add_Feature_Img_On_Top_Of_Post":false,"MSN_Has_Custom_Author":false,"MSN_Custom_Author":"","MSN_Has_Custom_Canonical_Url":false,"MSN_Custom_Canonical_Url":"","footnotes":""},"categories":[8],"tags":[],"class_list":["post-14129","post","type-post","status-publish","format-standard","has-post-thumbnail","hentry","category-sport"],"acf":[],"yoast_head":"<!-- This site is optimized with the Yoast SEO Premium plugin v26.7 (Yoast SEO v26.7) - https:\/\/yoast.com\/wordpress\/plugins\/seo\/ -->\n<title>L&#039;ex allenatore Sven-Goran Eriksson sta morendo di cancro<\/title>\n<meta name=\"description\" content=\"L&#039;ex allenatore Sven-Goran Eriksson ha rivelato di avere un cancro terminale, dichiarando: &quot;Mi resta un anno da vivere&quot;.\" \/>\n<meta name=\"robots\" content=\"index, follow, max-snippet:-1, max-image-preview:large, max-video-preview:-1\" \/>\n<link rel=\"canonical\" href=\"https:\/\/newsvirali.it\/es\/2024\/01\/11\/el-ex-entrenador-de-la-lazio-sven-goran-eriksson-muere-de-cancer\/\" \/>\n<meta property=\"og:locale\" content=\"es_ES\" \/>\n<meta property=\"og:type\" content=\"article\" \/>\n<meta property=\"og:title\" content=\"L&#039;ex allenatore della Lazio Sven-Goran Eriksson sta morendo di cancro\" \/>\n<meta property=\"og:description\" content=\"L&#039;ex allenatore Sven-Goran Eriksson ha rivelato di avere un cancro terminale, dichiarando: &quot;Mi resta un anno da vivere&quot;.\" \/>\n<meta property=\"og:url\" content=\"https:\/\/newsvirali.it\/es\/2024\/01\/11\/el-ex-entrenador-de-la-lazio-sven-goran-eriksson-muere-de-cancer\/\" \/>\n<meta property=\"og:site_name\" content=\"News virali\" \/>\n<meta property=\"article:published_time\" content=\"2024-01-11T07:43:18+00:00\" \/>\n<meta property=\"article:modified_time\" content=\"2024-01-11T07:54:00+00:00\" \/>\n<meta property=\"og:image\" content=\"https:\/\/newsvirali.it\/wp-content\/uploads\/2024\/01\/Eriksson.jpg\" \/>\n\t<meta property=\"og:image:width\" content=\"924\" \/>\n\t<meta property=\"og:image:height\" content=\"1199\" \/>\n\t<meta property=\"og:image:type\" content=\"image\/jpeg\" \/>\n<meta name=\"author\" content=\"Cecco Prestina\" \/>\n<meta name=\"twitter:card\" content=\"summary_large_image\" \/>\n<meta name=\"twitter:label1\" content=\"Escrito por\" \/>\n\t<meta name=\"twitter:data1\" content=\"Cecco Prestina\" \/>\n\t<meta name=\"twitter:label2\" content=\"Tiempo de lectura\" \/>\n\t<meta name=\"twitter:data2\" content=\"3 minutos\" \/>\n<script type=\"application\/ld+json\" class=\"yoast-schema-graph\">{\"@context\":\"https:\/\/schema.org\",\"@graph\":[{\"@type\":\"NewsArticle\",\"@id\":\"https:\/\/newsvirali.it\/es\/2024\/01\/11\/el-ex-entrenador-de-la-lazio-sven-goran-eriksson-muere-de-cancer\/#article\",\"isPartOf\":{\"@id\":\"https:\/\/newsvirali.it\/es\/2024\/01\/11\/el-ex-entrenador-de-la-lazio-sven-goran-eriksson-muere-de-cancer\/\"},\"author\":{\"name\":\"Cecco Prestina\",\"@id\":\"https:\/\/newsvirali.it\/fr\/#\/schema\/person\/4c835f7b49c9adb58b33901ee816565d\"},\"headline\":\"L&#8217;ex allenatore della Lazio Sven-Goran Eriksson sta morendo di cancro\",\"datePublished\":\"2024-01-11T07:43:18+00:00\",\"dateModified\":\"2024-01-11T07:54:00+00:00\",\"mainEntityOfPage\":{\"@id\":\"https:\/\/newsvirali.it\/es\/2024\/01\/11\/el-ex-entrenador-de-la-lazio-sven-goran-eriksson-muere-de-cancer\/\"},\"wordCount\":483,\"commentCount\":0,\"image\":{\"@id\":\"https:\/\/newsvirali.it\/es\/2024\/01\/11\/el-ex-entrenador-de-la-lazio-sven-goran-eriksson-muere-de-cancer\/#primaryimage\"},\"thumbnailUrl\":\"https:\/\/newsvirali.it\/wp-content\/uploads\/2024\/01\/Eriksson.jpg\",\"articleSection\":[\"Sport\"],\"inLanguage\":\"es\",\"potentialAction\":[{\"@type\":\"CommentAction\",\"name\":\"Comment\",\"target\":[\"https:\/\/newsvirali.it\/es\/2024\/01\/11\/el-ex-entrenador-de-la-lazio-sven-goran-eriksson-muere-de-cancer\/#respond\"]}],\"copyrightYear\":\"2024\",\"copyrightHolder\":{\"@id\":\"https:\/\/newsvirali.it\/es\/#organization\"}},{\"@type\":\"WebPage\",\"@id\":\"https:\/\/newsvirali.it\/es\/2024\/01\/11\/el-ex-entrenador-de-la-lazio-sven-goran-eriksson-muere-de-cancer\/\",\"url\":\"https:\/\/newsvirali.it\/es\/2024\/01\/11\/el-ex-entrenador-de-la-lazio-sven-goran-eriksson-muere-de-cancer\/\",\"name\":\"L'ex allenatore Sven-Goran Eriksson sta morendo di cancro\",\"isPartOf\":{\"@id\":\"https:\/\/newsvirali.it\/fr\/#website\"},\"primaryImageOfPage\":{\"@id\":\"https:\/\/newsvirali.it\/es\/2024\/01\/11\/el-ex-entrenador-de-la-lazio-sven-goran-eriksson-muere-de-cancer\/#primaryimage\"},\"image\":{\"@id\":\"https:\/\/newsvirali.it\/es\/2024\/01\/11\/el-ex-entrenador-de-la-lazio-sven-goran-eriksson-muere-de-cancer\/#primaryimage\"},\"thumbnailUrl\":\"https:\/\/newsvirali.it\/wp-content\/uploads\/2024\/01\/Eriksson.jpg\",\"datePublished\":\"2024-01-11T07:43:18+00:00\",\"dateModified\":\"2024-01-11T07:54:00+00:00\",\"author\":{\"@id\":\"https:\/\/newsvirali.it\/fr\/#\/schema\/person\/4c835f7b49c9adb58b33901ee816565d\"},\"description\":\"L'ex allenatore Sven-Goran Eriksson ha rivelato di avere un cancro terminale, dichiarando: \\\"Mi resta un anno da vivere\\\".\",\"breadcrumb\":{\"@id\":\"https:\/\/newsvirali.it\/es\/2024\/01\/11\/el-ex-entrenador-de-la-lazio-sven-goran-eriksson-muere-de-cancer\/#breadcrumb\"},\"inLanguage\":\"es\",\"potentialAction\":[{\"@type\":\"ReadAction\",\"target\":[\"https:\/\/newsvirali.it\/es\/2024\/01\/11\/el-ex-entrenador-de-la-lazio-sven-goran-eriksson-muere-de-cancer\/\"]}]},{\"@type\":\"ImageObject\",\"inLanguage\":\"es\",\"@id\":\"https:\/\/newsvirali.it\/es\/2024\/01\/11\/el-ex-entrenador-de-la-lazio-sven-goran-eriksson-muere-de-cancer\/#primaryimage\",\"url\":\"https:\/\/newsvirali.it\/wp-content\/uploads\/2024\/01\/Eriksson.jpg\",\"contentUrl\":\"https:\/\/newsvirali.it\/wp-content\/uploads\/2024\/01\/Eriksson.jpg\",\"width\":924,\"height\":1199,\"caption\":\"L'ex allenatore Sven-Goran Eriksson sta morendo di cancro\"},{\"@type\":\"BreadcrumbList\",\"@id\":\"https:\/\/newsvirali.it\/es\/2024\/01\/11\/el-ex-entrenador-de-la-lazio-sven-goran-eriksson-muere-de-cancer\/#breadcrumb\",\"itemListElement\":[{\"@type\":\"ListItem\",\"position\":1,\"name\":\"Home\",\"item\":\"https:\/\/newsvirali.it\/fr\/\"},{\"@type\":\"ListItem\",\"position\":2,\"name\":\"L&#8217;ex allenatore della Lazio Sven-Goran Eriksson sta morendo di cancro\"}]},{\"@type\":\"WebSite\",\"@id\":\"https:\/\/newsvirali.it\/fr\/#website\",\"url\":\"https:\/\/newsvirali.it\/fr\/\",\"name\":\"Bake News\",\"description\":\"\",\"potentialAction\":[{\"@type\":\"SearchAction\",\"target\":{\"@type\":\"EntryPoint\",\"urlTemplate\":\"https:\/\/newsvirali.it\/fr\/?s={search_term_string}\"},\"query-input\":{\"@type\":\"PropertyValueSpecification\",\"valueRequired\":true,\"valueName\":\"search_term_string\"}}],\"inLanguage\":\"es\"},{\"@type\":\"Person\",\"@id\":\"https:\/\/newsvirali.it\/fr\/#\/schema\/person\/4c835f7b49c9adb58b33901ee816565d\",\"name\":\"Cecco Prestina\",\"description\":\"Perch\u00e9 nasconderlo? Cecco Prestina \u00e8 un alias, ma dietro di lui non si cela un algoritmo di intelligenza artificiale. C'\u00e8 un giornalista che ha oltre vent'anni di esperienza tutta sul web. Da quando il primo modem ha iniziato a gracchiare sul territorio italiano con Video on Line, Cecco ha capito che da quel doppino sarebbe passato il futuro. Ha dedidicato tutta la sua carriera a capire Internet e poi i social e ora l'Ai. Una carriera in costante aggiornamento. E questa esperienza la mette in campo ogni giorno. Per\u00f2 ogni tanto Cecco ha voglia anche di non scrivere \\\"pipponi\\\" sulla politica, sull'economia. Ha voglia anche di scrivere qualcosa di divertente. Le notizie che trovate su Bake News sono le stesse che Cecco porta all'aperitivo con gli amici. Quelle di cui discutere per farsi due risate. Notizie, vere (qualche volta si fa fatica a crederlo), strane, divertenti, ma anche serie. Bake News \u00e8 nato per questo, dare al pubblico notizie croccanti e calde come il pane che esce dal forno. E Cecco Prestina \u00e8 nato con Bake News.\",\"url\":\"https:\/\/newsvirali.it\/es\/autore\/cecco-prestina\/\"}]}<\/script>\n<!-- \/ Yoast SEO Premium plugin. -->","yoast_head_json":{"title":"L'ex allenatore Sven-Goran Eriksson sta morendo di cancro","description":"L'ex allenatore Sven-Goran Eriksson ha rivelato di avere un cancro terminale, dichiarando: \"Mi resta un anno da vivere\".","robots":{"index":"index","follow":"follow","max-snippet":"max-snippet:-1","max-image-preview":"max-image-preview:large","max-video-preview":"max-video-preview:-1"},"canonical":"https:\/\/newsvirali.it\/es\/2024\/01\/11\/el-ex-entrenador-de-la-lazio-sven-goran-eriksson-muere-de-cancer\/","og_locale":"es_ES","og_type":"article","og_title":"L'ex allenatore della Lazio Sven-Goran Eriksson sta morendo di cancro","og_description":"L'ex allenatore Sven-Goran Eriksson ha rivelato di avere un cancro terminale, dichiarando: \"Mi resta un anno da vivere\".","og_url":"https:\/\/newsvirali.it\/es\/2024\/01\/11\/el-ex-entrenador-de-la-lazio-sven-goran-eriksson-muere-de-cancer\/","og_site_name":"News virali","article_published_time":"2024-01-11T07:43:18+00:00","article_modified_time":"2024-01-11T07:54:00+00:00","og_image":[{"width":924,"height":1199,"url":"https:\/\/newsvirali.it\/wp-content\/uploads\/2024\/01\/Eriksson.jpg","type":"image\/jpeg"}],"author":"Cecco Prestina","twitter_card":"summary_large_image","twitter_misc":{"Escrito por":"Cecco Prestina","Tiempo de lectura":"3 minutos"},"schema":{"@context":"https:\/\/schema.org","@graph":[{"@type":"NewsArticle","@id":"https:\/\/newsvirali.it\/es\/2024\/01\/11\/el-ex-entrenador-de-la-lazio-sven-goran-eriksson-muere-de-cancer\/#article","isPartOf":{"@id":"https:\/\/newsvirali.it\/es\/2024\/01\/11\/el-ex-entrenador-de-la-lazio-sven-goran-eriksson-muere-de-cancer\/"},"author":{"name":"Cecco Prestina","@id":"https:\/\/newsvirali.it\/fr\/#\/schema\/person\/4c835f7b49c9adb58b33901ee816565d"},"headline":"L&#8217;ex allenatore della Lazio Sven-Goran Eriksson sta morendo di cancro","datePublished":"2024-01-11T07:43:18+00:00","dateModified":"2024-01-11T07:54:00+00:00","mainEntityOfPage":{"@id":"https:\/\/newsvirali.it\/es\/2024\/01\/11\/el-ex-entrenador-de-la-lazio-sven-goran-eriksson-muere-de-cancer\/"},"wordCount":483,"commentCount":0,"image":{"@id":"https:\/\/newsvirali.it\/es\/2024\/01\/11\/el-ex-entrenador-de-la-lazio-sven-goran-eriksson-muere-de-cancer\/#primaryimage"},"thumbnailUrl":"https:\/\/newsvirali.it\/wp-content\/uploads\/2024\/01\/Eriksson.jpg","articleSection":["Sport"],"inLanguage":"es","potentialAction":[{"@type":"CommentAction","name":"Comment","target":["https:\/\/newsvirali.it\/es\/2024\/01\/11\/el-ex-entrenador-de-la-lazio-sven-goran-eriksson-muere-de-cancer\/#respond"]}],"copyrightYear":"2024","copyrightHolder":{"@id":"https:\/\/newsvirali.it\/es\/#organization"}},{"@type":"WebPage","@id":"https:\/\/newsvirali.it\/es\/2024\/01\/11\/el-ex-entrenador-de-la-lazio-sven-goran-eriksson-muere-de-cancer\/","url":"https:\/\/newsvirali.it\/es\/2024\/01\/11\/el-ex-entrenador-de-la-lazio-sven-goran-eriksson-muere-de-cancer\/","name":"L'ex allenatore Sven-Goran Eriksson sta morendo di cancro","isPartOf":{"@id":"https:\/\/newsvirali.it\/fr\/#website"},"primaryImageOfPage":{"@id":"https:\/\/newsvirali.it\/es\/2024\/01\/11\/el-ex-entrenador-de-la-lazio-sven-goran-eriksson-muere-de-cancer\/#primaryimage"},"image":{"@id":"https:\/\/newsvirali.it\/es\/2024\/01\/11\/el-ex-entrenador-de-la-lazio-sven-goran-eriksson-muere-de-cancer\/#primaryimage"},"thumbnailUrl":"https:\/\/newsvirali.it\/wp-content\/uploads\/2024\/01\/Eriksson.jpg","datePublished":"2024-01-11T07:43:18+00:00","dateModified":"2024-01-11T07:54:00+00:00","author":{"@id":"https:\/\/newsvirali.it\/fr\/#\/schema\/person\/4c835f7b49c9adb58b33901ee816565d"},"description":"L'ex allenatore Sven-Goran Eriksson ha rivelato di avere un cancro terminale, dichiarando: \"Mi resta un anno da vivere\".","breadcrumb":{"@id":"https:\/\/newsvirali.it\/es\/2024\/01\/11\/el-ex-entrenador-de-la-lazio-sven-goran-eriksson-muere-de-cancer\/#breadcrumb"},"inLanguage":"es","potentialAction":[{"@type":"ReadAction","target":["https:\/\/newsvirali.it\/es\/2024\/01\/11\/el-ex-entrenador-de-la-lazio-sven-goran-eriksson-muere-de-cancer\/"]}]},{"@type":"ImageObject","inLanguage":"es","@id":"https:\/\/newsvirali.it\/es\/2024\/01\/11\/el-ex-entrenador-de-la-lazio-sven-goran-eriksson-muere-de-cancer\/#primaryimage","url":"https:\/\/newsvirali.it\/wp-content\/uploads\/2024\/01\/Eriksson.jpg","contentUrl":"https:\/\/newsvirali.it\/wp-content\/uploads\/2024\/01\/Eriksson.jpg","width":924,"height":1199,"caption":"L'ex allenatore Sven-Goran Eriksson sta morendo di cancro"},{"@type":"BreadcrumbList","@id":"https:\/\/newsvirali.it\/es\/2024\/01\/11\/el-ex-entrenador-de-la-lazio-sven-goran-eriksson-muere-de-cancer\/#breadcrumb","itemListElement":[{"@type":"ListItem","position":1,"name":"Home","item":"https:\/\/newsvirali.it\/fr\/"},{"@type":"ListItem","position":2,"name":"L&#8217;ex allenatore della Lazio Sven-Goran Eriksson sta morendo di cancro"}]},{"@type":"WebSite","@id":"https:\/\/newsvirali.it\/fr\/#website","url":"https:\/\/newsvirali.it\/fr\/","name":"Bake News","description":"","potentialAction":[{"@type":"SearchAction","target":{"@type":"EntryPoint","urlTemplate":"https:\/\/newsvirali.it\/fr\/?s={search_term_string}"},"query-input":{"@type":"PropertyValueSpecification","valueRequired":true,"valueName":"search_term_string"}}],"inLanguage":"es"},{"@type":"Person","@id":"https:\/\/newsvirali.it\/fr\/#\/schema\/person\/4c835f7b49c9adb58b33901ee816565d","name":"Cecco Prestina","description":"Perch\u00e9 nasconderlo? Cecco Prestina \u00e8 un alias, ma dietro di lui non si cela un algoritmo di intelligenza artificiale. C'\u00e8 un giornalista che ha oltre vent'anni di esperienza tutta sul web. Da quando il primo modem ha iniziato a gracchiare sul territorio italiano con Video on Line, Cecco ha capito che da quel doppino sarebbe passato il futuro. Ha dedidicato tutta la sua carriera a capire Internet e poi i social e ora l'Ai. Una carriera in costante aggiornamento. E questa esperienza la mette in campo ogni giorno. Per\u00f2 ogni tanto Cecco ha voglia anche di non scrivere \"pipponi\" sulla politica, sull'economia. Ha voglia anche di scrivere qualcosa di divertente. Le notizie che trovate su Bake News sono le stesse che Cecco porta all'aperitivo con gli amici. Quelle di cui discutere per farsi due risate. Notizie, vere (qualche volta si fa fatica a crederlo), strane, divertenti, ma anche serie. Bake News \u00e8 nato per questo, dare al pubblico notizie croccanti e calde come il pane che esce dal forno. E Cecco Prestina \u00e8 nato con Bake News.","url":"https:\/\/newsvirali.it\/es\/autore\/cecco-prestina\/"}]}},"_links":{"self":[{"href":"https:\/\/newsvirali.it\/es\/wp-json\/wp\/v2\/posts\/14129","targetHints":{"allow":["GET"]}}],"collection":[{"href":"https:\/\/newsvirali.it\/es\/wp-json\/wp\/v2\/posts"}],"about":[{"href":"https:\/\/newsvirali.it\/es\/wp-json\/wp\/v2\/types\/post"}],"author":[{"embeddable":true,"href":"https:\/\/newsvirali.it\/es\/wp-json\/wp\/v2\/users\/4"}],"replies":[{"embeddable":true,"href":"https:\/\/newsvirali.it\/es\/wp-json\/wp\/v2\/comments?post=14129"}],"version-history":[{"count":2,"href":"https:\/\/newsvirali.it\/es\/wp-json\/wp\/v2\/posts\/14129\/revisions"}],"predecessor-version":[{"id":14133,"href":"https:\/\/newsvirali.it\/es\/wp-json\/wp\/v2\/posts\/14129\/revisions\/14133"}],"wp:featuredmedia":[{"embeddable":true,"href":"https:\/\/newsvirali.it\/es\/wp-json\/wp\/v2\/media\/14130"}],"wp:attachment":[{"href":"https:\/\/newsvirali.it\/es\/wp-json\/wp\/v2\/media?parent=14129"}],"wp:term":[{"taxonomy":"category","embeddable":true,"href":"https:\/\/newsvirali.it\/es\/wp-json\/wp\/v2\/categories?post=14129"},{"taxonomy":"post_tag","embeddable":true,"href":"https:\/\/newsvirali.it\/es\/wp-json\/wp\/v2\/tags?post=14129"}],"curies":[{"name":"wp","href":"https:\/\/api.w.org\/{rel}","templated":true}]}}