{"id":12448,"date":"2023-12-13T16:34:00","date_gmt":"2023-12-13T15:34:00","guid":{"rendered":"https:\/\/www.bakenews.it\/?p=12448"},"modified":"2023-12-13T16:34:01","modified_gmt":"2023-12-13T15:34:01","slug":"comico-americano-adescato-da-una-donna-sui-social-rapito-e-ucciso-in-colombia","status":"publish","type":"post","link":"https:\/\/newsvirali.it\/es\/2023\/12\/13\/comediante-estadounidense-atraido-por-una-mujer-en-las-redes-sociales-secuestrado-y-asesinado-en-colombia\/","title":{"rendered":"Comediante estadounidense atra\u00eddo por una mujer en las redes sociales secuestrado y asesinado en Colombia"},"content":{"rendered":"<p>Un comediante y activista estadounidense fue secuestrado y asesinado a pu\u00f1aladas por un grupo de hombres despu\u00e9s de salir con una mujer que conoci\u00f3 en l\u00ednea mientras estaba de vacaciones en Colombia. <a href=\"https:\/\/www.facebook.com\/tougerxiong.hmongcomedian\/\" target=\"_blank\" rel=\"noreferrer noopener\">Tou Ger Xiong<\/a>Este hombre de 50 a\u00f1os, asi\u00e1tico-estadounidense residente en Minnesota, se encontraba de vacaciones en el pa\u00eds sudamericano cuando se produjo su desaparici\u00f3n. Seg\u00fan el m\u00e9dico forense, sufri\u00f3 al menos doce pu\u00f1aladas. Xiong hab\u00eda llegado a Medell\u00edn el 29 de noviembre con la intenci\u00f3n de pasar las fiestas navide\u00f1as con su familia, antes de entrar en contacto con una mujer que conoci\u00f3 en las redes sociales.<\/p>\n\n\n\n<p><strong>LEER TAMBI\u00c9N<\/strong><\/p>\n\n\n\n<ul class=\"wp-block-list\">\n<li><a href=\"https:\/\/www.bakenews.it\/le-tolgono-gli-8-figli-e-lei-li-rapisce-tutti-dalle-famiglie-affidatarie-arrestata\/\">Le quitan a sus 8 hijos y ella los secuestra a todos de sus familias de acogida: detenidos<\/a><\/li>\n\n\n\n<li><a href=\"https:\/\/www.bakenews.it\/ex-prete-confessa-omicidio-bimba-50-anni-fa\/\">Ex sacerdote confiesa el asesinato de una ni\u00f1a hace 50 a\u00f1os, la polic\u00eda: &quot;Morir\u00e1 en la celda&quot;<\/a><\/li>\n\n\n\n<li><a href=\"https:\/\/www.bakenews.it\/holly-willoughby-terrorizzata-rapimento-lascia-tv\/\">Holly Willoughby, aterrorizada por el complot para secuestrarla, abandona la televisi\u00f3n<\/a><\/li>\n<\/ul>\n\n\n\n<h2 class=\"wp-block-heading\" id=\"h-era-stato-chiesto-un-riscatto-di-2mila-dollari\">Exigieron un rescate de 2 mil d\u00f3lares<\/h2>\n\n\n\n<p>Hab\u00eda planeado encontrarse con la misteriosa mujer el 10 de diciembre, pero fue atacado y secuestrado por un grupo de hombres. Alrededor de las 7 de la tarde, hora local, el comediante llam\u00f3 a un amigo en Colombia para decirle que los hombres exig\u00edan 2.000 d\u00f3lares (8 millones de pesos colombianos) en efectivo para su liberaci\u00f3n, seg\u00fan el peri\u00f3dico local El Colombiano. Xiong tambi\u00e9n le dijo a su amigo, quien present\u00f3 el informe policial, que lo hab\u00edan &quot;apuntado con una pistola&quot;, seg\u00fan KSTP.<\/p>\n\n\n\n<h2 class=\"wp-block-heading\" id=\"h-comico-americano-ucciso-in-colombia-con-12-coltellate\">Comediante estadounidense asesinado en Colombia con 12 pu\u00f1aladas<\/h2>\n\n\n\n<p>Horas antes, la polic\u00eda hab\u00eda estado en el apartamento donde se alojaba Xiong porque una mujer estaba tomando art\u00edculos de la residencia y huy\u00f3 antes de que la polic\u00eda pudiera arrestarla, dijeron las autoridades. El cuerpo de Xiong fue encontrado en un barranco de La Corcovado. Adem\u00e1s de las pu\u00f1aladas, el cuerpo presentaba m\u00faltiples hematomas provocados por la ca\u00edda desde m\u00e1s de 20 metros, seg\u00fan informaron medios locales. Los secuestradores mataron a Xiong antes de que se realizara el pago y se abri\u00f3 una investigaci\u00f3n para determinar si la muerte de Xiong fue causada por un intento de fuga.<\/p>\n\n\n\n<p>Seg\u00fan el hermano de Xiong, uno de los presuntos secuestradores ya hab\u00eda sido arrestado. &quot;Encontraron algo de ropa y algo de sangre en la bolsa, lograron confiscarla y arrestar a uno de los sospechosos&quot;, dijo Eh Xiong a KSTP. Xiong vincul\u00f3 su ascendencia con el pueblo Hmong, un grupo ind\u00edgena del este y sudeste de Asia, y fue el mejor estudiante de la escuela secundaria Humboldt. Naci\u00f3 en Laos en 1973, mientras su padre trabajaba con la CIA antes de huir a un campo de refugiados en Tailandia para escapar de la toma comunista de Laos en 1975. Luego emigr\u00f3 a St. Paul en 1992, seg\u00fan su sitio web.<\/p>\n\n\n\n<p><strong>LEER OTRAS NOTICIAS DEL MUNDO<\/strong><\/p>\n\n\n<ul class=\"wp-block-latest-posts__list wp-block-latest-posts\"><li><a class=\"wp-block-latest-posts__post-title\" href=\"https:\/\/newsvirali.it\/es\/2026\/02\/12\/emma-amit-cangrejo-diablo-muerto\/\">La vlogger Emma Amit muere tras comer un cangrejo diablo t\u00f3xico<\/a><\/li>\n<li><a class=\"wp-block-latest-posts__post-title\" href=\"https:\/\/newsvirali.it\/es\/2026\/02\/05\/tres-hermanas-se-suicidan-en-india\/\">Padres confiscan celulares por jugar en exceso: tres hermanas se suicidan<\/a><\/li>\n<li><a class=\"wp-block-latest-posts__post-title\" href=\"https:\/\/newsvirali.it\/es\/2026\/01\/30\/arresto-en-resort-de-florida-por-actos-obscenos\/\">Resort de Florida sorprende: hombre arrestado por exposici\u00f3n indecente con una aspiradora<\/a><\/li>\n<li><a class=\"wp-block-latest-posts__post-title\" href=\"https:\/\/newsvirali.it\/es\/2026\/01\/28\/un-padre-borracho-ahorca-a-su-hijo-en-un-impactante-video\/\">Padre borracho cuelga a su hijo por la ventana: impactante video<\/a><\/li>\n<li><a class=\"wp-block-latest-posts__post-title\" href=\"https:\/\/newsvirali.it\/es\/2026\/01\/27\/maestra-embarazada-y-estudiante-de-13-anos\/\">Maestra admite que qued\u00f3 embarazada de estudiante de 13 a\u00f1os<\/a><\/li>\n<\/ul><br \/>S\u00edguenos tambi\u00e9n en Google News: <b><a href=\"https:\/\/news.google.com\/publications\/CAAqBwgKMNqJiwswjMfqAg?hl=it&gl=IT&ceid=IT:it\" target=\"_blank\">haga clic aqu\u00ed<\/a><\/b>","protected":false},"excerpt":{"rendered":"<p>Un comediante y activista estadounidense fue secuestrado y asesinado a pu\u00f1aladas por un grupo de hombres despu\u00e9s de salir [...]<\/p>","protected":false},"author":4,"featured_media":12449,"comment_status":"open","ping_status":"open","sticky":false,"template":"","format":"standard","meta":{"MSN_Categories":"Uncategorized","MSN_Publish_Option":false,"MSN_Is_Local_News":false,"MSN_Is_AIAC_Included":"Empty","MSN_Location":"[]","MSN_Add_Feature_Img_On_Top_Of_Post":false,"MSN_Has_Custom_Author":false,"MSN_Custom_Author":"","MSN_Has_Custom_Canonical_Url":false,"MSN_Custom_Canonical_Url":"","footnotes":""},"categories":[9],"tags":[],"class_list":["post-12448","post","type-post","status-publish","format-standard","has-post-thumbnail","hentry","category-mondo"],"acf":[],"yoast_head":"<!-- This site is optimized with the Yoast SEO Premium plugin v26.7 (Yoast SEO v26.7) - https:\/\/yoast.com\/wordpress\/plugins\/seo\/ -->\n<title>Comico americano adescato sui social: rapito e ucciso in Colombia<\/title>\n<meta name=\"description\" content=\"Un comico americano \u00e8 stato rapito e ucciso dopo essere uscito con una donna conosciuta online mentre era in vacanza in Colombia.\" \/>\n<meta name=\"robots\" content=\"index, follow, max-snippet:-1, max-image-preview:large, max-video-preview:-1\" \/>\n<link rel=\"canonical\" href=\"https:\/\/newsvirali.it\/es\/2023\/12\/13\/comediante-estadounidense-atraido-por-una-mujer-en-las-redes-sociales-secuestrado-y-asesinado-en-colombia\/\" \/>\n<meta property=\"og:locale\" content=\"es_ES\" \/>\n<meta property=\"og:type\" content=\"article\" \/>\n<meta property=\"og:title\" content=\"Comico americano adescato da una donna sui social rapito e ucciso in Colombia\" \/>\n<meta property=\"og:description\" content=\"Un comico americano \u00e8 stato rapito e ucciso dopo essere uscito con una donna conosciuta online mentre era in vacanza in Colombia.\" \/>\n<meta property=\"og:url\" content=\"https:\/\/newsvirali.it\/es\/2023\/12\/13\/comediante-estadounidense-atraido-por-una-mujer-en-las-redes-sociales-secuestrado-y-asesinado-en-colombia\/\" \/>\n<meta property=\"og:site_name\" content=\"News virali\" \/>\n<meta property=\"article:published_time\" content=\"2023-12-13T15:34:00+00:00\" \/>\n<meta property=\"article:modified_time\" content=\"2023-12-13T15:34:01+00:00\" \/>\n<meta property=\"og:image\" content=\"https:\/\/newsvirali.it\/wp-content\/uploads\/2023\/12\/MixCollage-13-Dec-2023-04-29-PM-487.jpg\" \/>\n\t<meta property=\"og:image:width\" content=\"2560\" \/>\n\t<meta property=\"og:image:height\" content=\"1440\" \/>\n\t<meta property=\"og:image:type\" content=\"image\/jpeg\" \/>\n<meta name=\"author\" content=\"Cecco Prestina\" \/>\n<meta name=\"twitter:card\" content=\"summary_large_image\" \/>\n<meta name=\"twitter:label1\" content=\"Escrito por\" \/>\n\t<meta name=\"twitter:data1\" content=\"Cecco Prestina\" \/>\n\t<meta name=\"twitter:label2\" content=\"Tiempo de lectura\" \/>\n\t<meta name=\"twitter:data2\" content=\"3 minutos\" \/>\n<script type=\"application\/ld+json\" class=\"yoast-schema-graph\">{\"@context\":\"https:\/\/schema.org\",\"@graph\":[{\"@type\":\"NewsArticle\",\"@id\":\"https:\/\/newsvirali.it\/2023\/12\/13\/comico-americano-adescato-da-una-donna-sui-social-rapito-e-ucciso-in-colombia\/#article\",\"isPartOf\":{\"@id\":\"https:\/\/newsvirali.it\/2023\/12\/13\/comico-americano-adescato-da-una-donna-sui-social-rapito-e-ucciso-in-colombia\/\"},\"author\":{\"name\":\"Cecco Prestina\",\"@id\":\"https:\/\/newsvirali.it\/fr\/#\/schema\/person\/4c835f7b49c9adb58b33901ee816565d\"},\"headline\":\"Comico americano adescato da una donna sui social rapito e ucciso in Colombia\",\"datePublished\":\"2023-12-13T15:34:00+00:00\",\"dateModified\":\"2023-12-13T15:34:01+00:00\",\"mainEntityOfPage\":{\"@id\":\"https:\/\/newsvirali.it\/2023\/12\/13\/comico-americano-adescato-da-una-donna-sui-social-rapito-e-ucciso-in-colombia\/\"},\"wordCount\":431,\"commentCount\":0,\"image\":{\"@id\":\"https:\/\/newsvirali.it\/2023\/12\/13\/comico-americano-adescato-da-una-donna-sui-social-rapito-e-ucciso-in-colombia\/#primaryimage\"},\"thumbnailUrl\":\"https:\/\/newsvirali.it\/wp-content\/uploads\/2023\/12\/MixCollage-13-Dec-2023-04-29-PM-487.jpg\",\"articleSection\":[\"Mondo\"],\"inLanguage\":\"es\",\"potentialAction\":[{\"@type\":\"CommentAction\",\"name\":\"Comment\",\"target\":[\"https:\/\/newsvirali.it\/2023\/12\/13\/comico-americano-adescato-da-una-donna-sui-social-rapito-e-ucciso-in-colombia\/#respond\"]}],\"copyrightYear\":\"2023\",\"copyrightHolder\":{\"@id\":\"https:\/\/newsvirali.it\/es\/#organization\"}},{\"@type\":\"WebPage\",\"@id\":\"https:\/\/newsvirali.it\/2023\/12\/13\/comico-americano-adescato-da-una-donna-sui-social-rapito-e-ucciso-in-colombia\/\",\"url\":\"https:\/\/newsvirali.it\/2023\/12\/13\/comico-americano-adescato-da-una-donna-sui-social-rapito-e-ucciso-in-colombia\/\",\"name\":\"Comico americano adescato sui social: rapito e ucciso in Colombia\",\"isPartOf\":{\"@id\":\"https:\/\/newsvirali.it\/fr\/#website\"},\"primaryImageOfPage\":{\"@id\":\"https:\/\/newsvirali.it\/2023\/12\/13\/comico-americano-adescato-da-una-donna-sui-social-rapito-e-ucciso-in-colombia\/#primaryimage\"},\"image\":{\"@id\":\"https:\/\/newsvirali.it\/2023\/12\/13\/comico-americano-adescato-da-una-donna-sui-social-rapito-e-ucciso-in-colombia\/#primaryimage\"},\"thumbnailUrl\":\"https:\/\/newsvirali.it\/wp-content\/uploads\/2023\/12\/MixCollage-13-Dec-2023-04-29-PM-487.jpg\",\"datePublished\":\"2023-12-13T15:34:00+00:00\",\"dateModified\":\"2023-12-13T15:34:01+00:00\",\"author\":{\"@id\":\"https:\/\/newsvirali.it\/fr\/#\/schema\/person\/4c835f7b49c9adb58b33901ee816565d\"},\"description\":\"Un comico americano \u00e8 stato rapito e ucciso dopo essere uscito con una donna conosciuta online mentre era in vacanza in Colombia.\",\"breadcrumb\":{\"@id\":\"https:\/\/newsvirali.it\/2023\/12\/13\/comico-americano-adescato-da-una-donna-sui-social-rapito-e-ucciso-in-colombia\/#breadcrumb\"},\"inLanguage\":\"es\",\"potentialAction\":[{\"@type\":\"ReadAction\",\"target\":[\"https:\/\/newsvirali.it\/2023\/12\/13\/comico-americano-adescato-da-una-donna-sui-social-rapito-e-ucciso-in-colombia\/\"]}]},{\"@type\":\"ImageObject\",\"inLanguage\":\"es\",\"@id\":\"https:\/\/newsvirali.it\/2023\/12\/13\/comico-americano-adescato-da-una-donna-sui-social-rapito-e-ucciso-in-colombia\/#primaryimage\",\"url\":\"https:\/\/newsvirali.it\/wp-content\/uploads\/2023\/12\/MixCollage-13-Dec-2023-04-29-PM-487.jpg\",\"contentUrl\":\"https:\/\/newsvirali.it\/wp-content\/uploads\/2023\/12\/MixCollage-13-Dec-2023-04-29-PM-487.jpg\",\"width\":2560,\"height\":1440,\"caption\":\"Comico americano adescato da una donna sui social rapito e ucciso in Colombia\"},{\"@type\":\"BreadcrumbList\",\"@id\":\"https:\/\/newsvirali.it\/2023\/12\/13\/comico-americano-adescato-da-una-donna-sui-social-rapito-e-ucciso-in-colombia\/#breadcrumb\",\"itemListElement\":[{\"@type\":\"ListItem\",\"position\":1,\"name\":\"Home\",\"item\":\"https:\/\/newsvirali.it\/fr\/\"},{\"@type\":\"ListItem\",\"position\":2,\"name\":\"Comico americano adescato da una donna sui social rapito e ucciso in Colombia\"}]},{\"@type\":\"WebSite\",\"@id\":\"https:\/\/newsvirali.it\/fr\/#website\",\"url\":\"https:\/\/newsvirali.it\/fr\/\",\"name\":\"Bake News\",\"description\":\"\",\"potentialAction\":[{\"@type\":\"SearchAction\",\"target\":{\"@type\":\"EntryPoint\",\"urlTemplate\":\"https:\/\/newsvirali.it\/fr\/?s={search_term_string}\"},\"query-input\":{\"@type\":\"PropertyValueSpecification\",\"valueRequired\":true,\"valueName\":\"search_term_string\"}}],\"inLanguage\":\"es\"},{\"@type\":\"Person\",\"@id\":\"https:\/\/newsvirali.it\/fr\/#\/schema\/person\/4c835f7b49c9adb58b33901ee816565d\",\"name\":\"Cecco Prestina\",\"description\":\"Perch\u00e9 nasconderlo? Cecco Prestina \u00e8 un alias, ma dietro di lui non si cela un algoritmo di intelligenza artificiale. C'\u00e8 un giornalista che ha oltre vent'anni di esperienza tutta sul web. Da quando il primo modem ha iniziato a gracchiare sul territorio italiano con Video on Line, Cecco ha capito che da quel doppino sarebbe passato il futuro. Ha dedidicato tutta la sua carriera a capire Internet e poi i social e ora l'Ai. Una carriera in costante aggiornamento. E questa esperienza la mette in campo ogni giorno. Per\u00f2 ogni tanto Cecco ha voglia anche di non scrivere \\\"pipponi\\\" sulla politica, sull'economia. Ha voglia anche di scrivere qualcosa di divertente. Le notizie che trovate su Bake News sono le stesse che Cecco porta all'aperitivo con gli amici. Quelle di cui discutere per farsi due risate. Notizie, vere (qualche volta si fa fatica a crederlo), strane, divertenti, ma anche serie. Bake News \u00e8 nato per questo, dare al pubblico notizie croccanti e calde come il pane che esce dal forno. E Cecco Prestina \u00e8 nato con Bake News.\",\"url\":\"https:\/\/newsvirali.it\/es\/autore\/cecco-prestina\/\"}]}<\/script>\n<!-- \/ Yoast SEO Premium plugin. -->","yoast_head_json":{"title":"Comico americano adescato sui social: rapito e ucciso in Colombia","description":"Un comico americano \u00e8 stato rapito e ucciso dopo essere uscito con una donna conosciuta online mentre era in vacanza in Colombia.","robots":{"index":"index","follow":"follow","max-snippet":"max-snippet:-1","max-image-preview":"max-image-preview:large","max-video-preview":"max-video-preview:-1"},"canonical":"https:\/\/newsvirali.it\/es\/2023\/12\/13\/comediante-estadounidense-atraido-por-una-mujer-en-las-redes-sociales-secuestrado-y-asesinado-en-colombia\/","og_locale":"es_ES","og_type":"article","og_title":"Comico americano adescato da una donna sui social rapito e ucciso in Colombia","og_description":"Un comico americano \u00e8 stato rapito e ucciso dopo essere uscito con una donna conosciuta online mentre era in vacanza in Colombia.","og_url":"https:\/\/newsvirali.it\/es\/2023\/12\/13\/comediante-estadounidense-atraido-por-una-mujer-en-las-redes-sociales-secuestrado-y-asesinado-en-colombia\/","og_site_name":"News virali","article_published_time":"2023-12-13T15:34:00+00:00","article_modified_time":"2023-12-13T15:34:01+00:00","og_image":[{"width":2560,"height":1440,"url":"https:\/\/newsvirali.it\/wp-content\/uploads\/2023\/12\/MixCollage-13-Dec-2023-04-29-PM-487.jpg","type":"image\/jpeg"}],"author":"Cecco Prestina","twitter_card":"summary_large_image","twitter_misc":{"Escrito por":"Cecco Prestina","Tiempo de lectura":"3 minutos"},"schema":{"@context":"https:\/\/schema.org","@graph":[{"@type":"NewsArticle","@id":"https:\/\/newsvirali.it\/2023\/12\/13\/comico-americano-adescato-da-una-donna-sui-social-rapito-e-ucciso-in-colombia\/#article","isPartOf":{"@id":"https:\/\/newsvirali.it\/2023\/12\/13\/comico-americano-adescato-da-una-donna-sui-social-rapito-e-ucciso-in-colombia\/"},"author":{"name":"Cecco Prestina","@id":"https:\/\/newsvirali.it\/fr\/#\/schema\/person\/4c835f7b49c9adb58b33901ee816565d"},"headline":"Comico americano adescato da una donna sui social rapito e ucciso in Colombia","datePublished":"2023-12-13T15:34:00+00:00","dateModified":"2023-12-13T15:34:01+00:00","mainEntityOfPage":{"@id":"https:\/\/newsvirali.it\/2023\/12\/13\/comico-americano-adescato-da-una-donna-sui-social-rapito-e-ucciso-in-colombia\/"},"wordCount":431,"commentCount":0,"image":{"@id":"https:\/\/newsvirali.it\/2023\/12\/13\/comico-americano-adescato-da-una-donna-sui-social-rapito-e-ucciso-in-colombia\/#primaryimage"},"thumbnailUrl":"https:\/\/newsvirali.it\/wp-content\/uploads\/2023\/12\/MixCollage-13-Dec-2023-04-29-PM-487.jpg","articleSection":["Mondo"],"inLanguage":"es","potentialAction":[{"@type":"CommentAction","name":"Comment","target":["https:\/\/newsvirali.it\/2023\/12\/13\/comico-americano-adescato-da-una-donna-sui-social-rapito-e-ucciso-in-colombia\/#respond"]}],"copyrightYear":"2023","copyrightHolder":{"@id":"https:\/\/newsvirali.it\/es\/#organization"}},{"@type":"WebPage","@id":"https:\/\/newsvirali.it\/2023\/12\/13\/comico-americano-adescato-da-una-donna-sui-social-rapito-e-ucciso-in-colombia\/","url":"https:\/\/newsvirali.it\/2023\/12\/13\/comico-americano-adescato-da-una-donna-sui-social-rapito-e-ucciso-in-colombia\/","name":"Comico americano adescato sui social: rapito e ucciso in Colombia","isPartOf":{"@id":"https:\/\/newsvirali.it\/fr\/#website"},"primaryImageOfPage":{"@id":"https:\/\/newsvirali.it\/2023\/12\/13\/comico-americano-adescato-da-una-donna-sui-social-rapito-e-ucciso-in-colombia\/#primaryimage"},"image":{"@id":"https:\/\/newsvirali.it\/2023\/12\/13\/comico-americano-adescato-da-una-donna-sui-social-rapito-e-ucciso-in-colombia\/#primaryimage"},"thumbnailUrl":"https:\/\/newsvirali.it\/wp-content\/uploads\/2023\/12\/MixCollage-13-Dec-2023-04-29-PM-487.jpg","datePublished":"2023-12-13T15:34:00+00:00","dateModified":"2023-12-13T15:34:01+00:00","author":{"@id":"https:\/\/newsvirali.it\/fr\/#\/schema\/person\/4c835f7b49c9adb58b33901ee816565d"},"description":"Un comico americano \u00e8 stato rapito e ucciso dopo essere uscito con una donna conosciuta online mentre era in vacanza in Colombia.","breadcrumb":{"@id":"https:\/\/newsvirali.it\/2023\/12\/13\/comico-americano-adescato-da-una-donna-sui-social-rapito-e-ucciso-in-colombia\/#breadcrumb"},"inLanguage":"es","potentialAction":[{"@type":"ReadAction","target":["https:\/\/newsvirali.it\/2023\/12\/13\/comico-americano-adescato-da-una-donna-sui-social-rapito-e-ucciso-in-colombia\/"]}]},{"@type":"ImageObject","inLanguage":"es","@id":"https:\/\/newsvirali.it\/2023\/12\/13\/comico-americano-adescato-da-una-donna-sui-social-rapito-e-ucciso-in-colombia\/#primaryimage","url":"https:\/\/newsvirali.it\/wp-content\/uploads\/2023\/12\/MixCollage-13-Dec-2023-04-29-PM-487.jpg","contentUrl":"https:\/\/newsvirali.it\/wp-content\/uploads\/2023\/12\/MixCollage-13-Dec-2023-04-29-PM-487.jpg","width":2560,"height":1440,"caption":"Comico americano adescato da una donna sui social rapito e ucciso in Colombia"},{"@type":"BreadcrumbList","@id":"https:\/\/newsvirali.it\/2023\/12\/13\/comico-americano-adescato-da-una-donna-sui-social-rapito-e-ucciso-in-colombia\/#breadcrumb","itemListElement":[{"@type":"ListItem","position":1,"name":"Home","item":"https:\/\/newsvirali.it\/fr\/"},{"@type":"ListItem","position":2,"name":"Comico americano adescato da una donna sui social rapito e ucciso in Colombia"}]},{"@type":"WebSite","@id":"https:\/\/newsvirali.it\/fr\/#website","url":"https:\/\/newsvirali.it\/fr\/","name":"Bake News","description":"","potentialAction":[{"@type":"SearchAction","target":{"@type":"EntryPoint","urlTemplate":"https:\/\/newsvirali.it\/fr\/?s={search_term_string}"},"query-input":{"@type":"PropertyValueSpecification","valueRequired":true,"valueName":"search_term_string"}}],"inLanguage":"es"},{"@type":"Person","@id":"https:\/\/newsvirali.it\/fr\/#\/schema\/person\/4c835f7b49c9adb58b33901ee816565d","name":"Cecco Prestina","description":"Perch\u00e9 nasconderlo? Cecco Prestina \u00e8 un alias, ma dietro di lui non si cela un algoritmo di intelligenza artificiale. C'\u00e8 un giornalista che ha oltre vent'anni di esperienza tutta sul web. Da quando il primo modem ha iniziato a gracchiare sul territorio italiano con Video on Line, Cecco ha capito che da quel doppino sarebbe passato il futuro. Ha dedidicato tutta la sua carriera a capire Internet e poi i social e ora l'Ai. Una carriera in costante aggiornamento. E questa esperienza la mette in campo ogni giorno. Per\u00f2 ogni tanto Cecco ha voglia anche di non scrivere \"pipponi\" sulla politica, sull'economia. Ha voglia anche di scrivere qualcosa di divertente. Le notizie che trovate su Bake News sono le stesse che Cecco porta all'aperitivo con gli amici. Quelle di cui discutere per farsi due risate. Notizie, vere (qualche volta si fa fatica a crederlo), strane, divertenti, ma anche serie. Bake News \u00e8 nato per questo, dare al pubblico notizie croccanti e calde come il pane che esce dal forno. E Cecco Prestina \u00e8 nato con Bake News.","url":"https:\/\/newsvirali.it\/es\/autore\/cecco-prestina\/"}]}},"_links":{"self":[{"href":"https:\/\/newsvirali.it\/es\/wp-json\/wp\/v2\/posts\/12448","targetHints":{"allow":["GET"]}}],"collection":[{"href":"https:\/\/newsvirali.it\/es\/wp-json\/wp\/v2\/posts"}],"about":[{"href":"https:\/\/newsvirali.it\/es\/wp-json\/wp\/v2\/types\/post"}],"author":[{"embeddable":true,"href":"https:\/\/newsvirali.it\/es\/wp-json\/wp\/v2\/users\/4"}],"replies":[{"embeddable":true,"href":"https:\/\/newsvirali.it\/es\/wp-json\/wp\/v2\/comments?post=12448"}],"version-history":[{"count":1,"href":"https:\/\/newsvirali.it\/es\/wp-json\/wp\/v2\/posts\/12448\/revisions"}],"predecessor-version":[{"id":12450,"href":"https:\/\/newsvirali.it\/es\/wp-json\/wp\/v2\/posts\/12448\/revisions\/12450"}],"wp:featuredmedia":[{"embeddable":true,"href":"https:\/\/newsvirali.it\/es\/wp-json\/wp\/v2\/media\/12449"}],"wp:attachment":[{"href":"https:\/\/newsvirali.it\/es\/wp-json\/wp\/v2\/media?parent=12448"}],"wp:term":[{"taxonomy":"category","embeddable":true,"href":"https:\/\/newsvirali.it\/es\/wp-json\/wp\/v2\/categories?post=12448"},{"taxonomy":"post_tag","embeddable":true,"href":"https:\/\/newsvirali.it\/es\/wp-json\/wp\/v2\/tags?post=12448"}],"curies":[{"name":"wp","href":"https:\/\/api.w.org\/{rel}","templated":true}]}}