{"id":10935,"date":"2023-11-28T13:02:10","date_gmt":"2023-11-28T12:02:10","guid":{"rendered":"https:\/\/www.bakenews.it\/?p=10935"},"modified":"2023-11-28T13:02:11","modified_gmt":"2023-11-28T12:02:11","slug":"forti-mal-di-testa-da-5-mesi-aveva-bacchette-cinesi-infilate-nel-cervello","status":"publish","type":"post","link":"https:\/\/newsvirali.it\/es\/2023\/11\/28\/fuertes-dolores-de-cabeza-durante-5-meses-tenian-palillos-chinos-atrapados-en-su-cerebro\/","title":{"rendered":"Fuertes dolores de cabeza durante 5 meses, ten\u00eda palillos chinos atrapados en su cerebro."},"content":{"rendered":"<p>Un hombre vivi\u00f3 con palillos chinos clavados en su cerebro durante 5 meses sin darse cuenta. Un vietnamita de 35 a\u00f1os fue al hospital con fuertes dolores de cabeza y lo que encontraron los m\u00e9dicos fue nada menos que sorprendente. Ten\u00eda varillas metidas en la nariz y alojadas en el cerebro. Despu\u00e9s de sufrir fuertes dolores de cabeza, p\u00e9rdida de l\u00edquidos e incluso p\u00e9rdida de visi\u00f3n, el hombre fue trasladado de urgencia a la sala de urgencias del hospital.<\/p>\n\n\n\n<p><strong>LEER TAMBI\u00c9N<\/strong><\/p>\n\n\n\n<ul class=\"wp-block-list\">\n<li><a href=\"https:\/\/www.bakenews.it\/beve-34-litri-di-birra-e-resta-ubriaco-per-un-mese-e-record\/\">Bebe 34 litros de cerveza y permanece borracho durante un mes: es un r\u00e9cord<\/a><\/li>\n\n\n\n<li><a href=\"https:\/\/www.bakenews.it\/un-video-spiega-cosa-succede-quando-si-muore-e-si-la-vita-passa-davanti-come-un-film\/\">Un v\u00eddeo explica qu\u00e9 pasa cuando mueres: y s\u00ed, la vida pasa como una pel\u00edcula<\/a><\/li>\n\n\n\n<li><a href=\"https:\/\/www.bakenews.it\/insuilti-figlio-paris-hilton-risposta-da-applausi\/\">\u201c\u00a1Qu\u00e9 jefe!\u201d, insult\u00f3 el hijo de Paris Hilton: su respuesta provoca aplausos<\/a><\/li>\n<\/ul>\n\n\n\n<p>Personal del Hospital de la Amistad con Cuba, de la ciudad de Dong Hoi, provincia de Quang Binh, realiz\u00f3 una tomograf\u00eda computarizada para llegar al fondo del problema. Y los resultados fueron extra\u00f1os <a href=\"https:\/\/www.vietnam.vn\/en\/nguoi-dan-ong-bi-doi-dua-dam-xuyen-tu-mui-vao-nao-5-thang-ma-khong-biet\/\" target=\"_blank\" rel=\"noreferrer noopener\">Vietnam.vn informa<\/a>. Inmediatamente fue operado para salvarle la vida.<\/p>\n\n\n\n<h2 class=\"wp-block-heading\" id=\"h-bacchette-cinesi-nel-cervello-ficcate-durante-rissa\">Palillos chinos atrapados en el cerebro durante una pelea<\/h2>\n\n\n\n<p>La familia del paciente cree que los palillos entraron en su nariz cuando estuvo involucrado en una pelea hace unos cinco meses. Fue herido y llevado al hospital, pero no se encontraron las varillas ni se reportaron anomal\u00edas en su nariz. El protagonista de la historia, un residente de Bo Trach, hab\u00eda discutido con otra persona y result\u00f3 herido. Fue llevado a urgencias y no se encontraron anomal\u00edas en la zona de la nariz y solo recibi\u00f3 tratamiento m\u00e9dico.<\/p>\n\n\n\n<p>Ahora, en retrospectiva, el hombre de 35 a\u00f1os recuerda que durante la pelea algo lo apu\u00f1al\u00f3 en la cara. En repetidas ocasiones s\u00f3lo sinti\u00f3 dolor de cabeza, opresi\u00f3n y pus que le brotaba de la nariz y la garganta. Antes del tratamiento de emergencia en el Hospital de la Amistad Vietnam \u2013 Cuba Dong Hoi, el paciente sinti\u00f3 picaz\u00f3n en la nariz, por lo que us\u00f3 unas pinzas para extraer algo y de repente descubri\u00f3 un gran objeto extra\u00f1o en su interior.<\/p>\n\n\n\n<h2 class=\"wp-block-heading\" id=\"h-l-operazione-chirurgica-e-poi-riuscita\">La cirug\u00eda fue entonces un \u00e9xito.<\/h2>\n\n\n\n<p>Con la tomograf\u00eda computarizada los m\u00e9dicos notaron un neumot\u00f3rax intracraneal. Tras la consulta, el equipo m\u00e9dico decidi\u00f3 realizar una operaci\u00f3n endosc\u00f3pica por la nariz combinada con microcirug\u00eda para cerrar la f\u00edstula cerebral del paciente sin dejar consecuencias. La cirug\u00eda fue exitosa, el estado de salud del paciente actualmente es estable y contin\u00faa recibiendo cuidados de recuperaci\u00f3n mientras espera el alta del hospital.<\/p>\n\n\n\n<p><strong>LEER OTRAS NOTICIAS DEL MUNDO<\/strong><\/p>\n\n\n<ul class=\"wp-block-latest-posts__list wp-block-latest-posts\"><li><a class=\"wp-block-latest-posts__post-title\" href=\"https:\/\/newsvirali.it\/es\/2026\/02\/12\/emma-amit-cangrejo-diablo-muerto\/\">La vlogger Emma Amit muere tras comer un cangrejo diablo t\u00f3xico<\/a><\/li>\n<li><a class=\"wp-block-latest-posts__post-title\" href=\"https:\/\/newsvirali.it\/es\/2026\/02\/05\/tres-hermanas-se-suicidan-en-india\/\">Padres confiscan celulares por jugar en exceso: tres hermanas se suicidan<\/a><\/li>\n<li><a class=\"wp-block-latest-posts__post-title\" href=\"https:\/\/newsvirali.it\/es\/2026\/01\/30\/arresto-en-resort-de-florida-por-actos-obscenos\/\">Resort de Florida sorprende: hombre arrestado por exposici\u00f3n indecente con una aspiradora<\/a><\/li>\n<li><a class=\"wp-block-latest-posts__post-title\" href=\"https:\/\/newsvirali.it\/es\/2026\/01\/28\/un-padre-borracho-ahorca-a-su-hijo-en-un-impactante-video\/\">Padre borracho cuelga a su hijo por la ventana: impactante video<\/a><\/li>\n<li><a class=\"wp-block-latest-posts__post-title\" href=\"https:\/\/newsvirali.it\/es\/2026\/01\/27\/maestra-embarazada-y-estudiante-de-13-anos\/\">Maestra admite que qued\u00f3 embarazada de estudiante de 13 a\u00f1os<\/a><\/li>\n<\/ul><br \/>S\u00edguenos tambi\u00e9n en Google News: <b><a href=\"https:\/\/news.google.com\/publications\/CAAqBwgKMNqJiwswjMfqAg?hl=it&gl=IT&ceid=IT:it\" target=\"_blank\">haga clic aqu\u00ed<\/a><\/b>","protected":false},"excerpt":{"rendered":"<p>Un hombre de 35 a\u00f1os que ingresa en urgencias por un dolor de cabeza encuentra palillos chinos clavados en el cerebro: as\u00ed llegaron all\u00ed.<\/p>","protected":false},"author":4,"featured_media":10938,"comment_status":"open","ping_status":"open","sticky":false,"template":"","format":"standard","meta":{"MSN_Categories":"Uncategorized","MSN_Publish_Option":false,"MSN_Is_Local_News":false,"MSN_Is_AIAC_Included":"Empty","MSN_Location":"[]","MSN_Add_Feature_Img_On_Top_Of_Post":false,"MSN_Has_Custom_Author":false,"MSN_Custom_Author":"","MSN_Has_Custom_Canonical_Url":false,"MSN_Custom_Canonical_Url":"","footnotes":""},"categories":[9],"tags":[],"class_list":["post-10935","post","type-post","status-publish","format-standard","has-post-thumbnail","hentry","category-mondo"],"acf":[],"yoast_head":"<!-- This site is optimized with the Yoast SEO Premium plugin v26.7 (Yoast SEO v26.7) - https:\/\/yoast.com\/wordpress\/plugins\/seo\/ -->\n<title>Mal di testa da 5 mesi, aveva bacchette cinesi infilate nel cervello<\/title>\n<meta name=\"description\" content=\"A un 35enne al pronto soccorso per mal di testa gli trovano bacchette cinesi infilate nel cervello: ecco come sono arrivate l\u00ec.\" \/>\n<meta name=\"robots\" content=\"index, follow, max-snippet:-1, max-image-preview:large, max-video-preview:-1\" \/>\n<link rel=\"canonical\" href=\"https:\/\/newsvirali.it\/es\/2023\/11\/28\/fuertes-dolores-de-cabeza-durante-5-meses-tenian-palillos-chinos-atrapados-en-su-cerebro\/\" \/>\n<meta property=\"og:locale\" content=\"es_ES\" \/>\n<meta property=\"og:type\" content=\"article\" \/>\n<meta property=\"og:title\" content=\"Forti mal di testa da 5 mesi, aveva bacchette cinesi infilate nel cervello\" \/>\n<meta property=\"og:description\" content=\"A un 35enne al pronto soccorso per mal di testa gli trovano bacchette cinesi infilate nel cervello: ecco come sono arrivate l\u00ec.\" \/>\n<meta property=\"og:url\" content=\"https:\/\/newsvirali.it\/es\/2023\/11\/28\/fuertes-dolores-de-cabeza-durante-5-meses-tenian-palillos-chinos-atrapados-en-su-cerebro\/\" \/>\n<meta property=\"og:site_name\" content=\"News virali\" \/>\n<meta property=\"article:published_time\" content=\"2023-11-28T12:02:10+00:00\" \/>\n<meta property=\"article:modified_time\" content=\"2023-11-28T12:02:11+00:00\" \/>\n<meta property=\"og:image\" content=\"https:\/\/newsvirali.it\/wp-content\/uploads\/2023\/11\/Screenshot_1-15.jpg\" \/>\n\t<meta property=\"og:image:width\" content=\"650\" \/>\n\t<meta property=\"og:image:height\" content=\"339\" \/>\n\t<meta property=\"og:image:type\" content=\"image\/jpeg\" \/>\n<meta name=\"author\" content=\"Cecco Prestina\" \/>\n<meta name=\"twitter:card\" content=\"summary_large_image\" \/>\n<meta name=\"twitter:label1\" content=\"Escrito por\" \/>\n\t<meta name=\"twitter:data1\" content=\"Cecco Prestina\" \/>\n\t<meta name=\"twitter:label2\" content=\"Tiempo de lectura\" \/>\n\t<meta name=\"twitter:data2\" content=\"3 minutos\" \/>\n<script type=\"application\/ld+json\" class=\"yoast-schema-graph\">{\"@context\":\"https:\/\/schema.org\",\"@graph\":[{\"@type\":\"NewsArticle\",\"@id\":\"https:\/\/newsvirali.it\/2023\/11\/28\/forti-mal-di-testa-da-5-mesi-aveva-bacchette-cinesi-infilate-nel-cervello\/#article\",\"isPartOf\":{\"@id\":\"https:\/\/newsvirali.it\/2023\/11\/28\/forti-mal-di-testa-da-5-mesi-aveva-bacchette-cinesi-infilate-nel-cervello\/\"},\"author\":{\"name\":\"Cecco Prestina\",\"@id\":\"https:\/\/newsvirali.it\/fr\/#\/schema\/person\/4c835f7b49c9adb58b33901ee816565d\"},\"headline\":\"Forti mal di testa da 5 mesi, aveva bacchette cinesi infilate nel cervello\",\"datePublished\":\"2023-11-28T12:02:10+00:00\",\"dateModified\":\"2023-11-28T12:02:11+00:00\",\"mainEntityOfPage\":{\"@id\":\"https:\/\/newsvirali.it\/2023\/11\/28\/forti-mal-di-testa-da-5-mesi-aveva-bacchette-cinesi-infilate-nel-cervello\/\"},\"wordCount\":419,\"commentCount\":0,\"image\":{\"@id\":\"https:\/\/newsvirali.it\/2023\/11\/28\/forti-mal-di-testa-da-5-mesi-aveva-bacchette-cinesi-infilate-nel-cervello\/#primaryimage\"},\"thumbnailUrl\":\"https:\/\/newsvirali.it\/wp-content\/uploads\/2023\/11\/Screenshot_1-15.jpg\",\"articleSection\":[\"Mondo\"],\"inLanguage\":\"es\",\"potentialAction\":[{\"@type\":\"CommentAction\",\"name\":\"Comment\",\"target\":[\"https:\/\/newsvirali.it\/2023\/11\/28\/forti-mal-di-testa-da-5-mesi-aveva-bacchette-cinesi-infilate-nel-cervello\/#respond\"]}],\"copyrightYear\":\"2023\",\"copyrightHolder\":{\"@id\":\"https:\/\/newsvirali.it\/es\/#organization\"}},{\"@type\":\"WebPage\",\"@id\":\"https:\/\/newsvirali.it\/2023\/11\/28\/forti-mal-di-testa-da-5-mesi-aveva-bacchette-cinesi-infilate-nel-cervello\/\",\"url\":\"https:\/\/newsvirali.it\/2023\/11\/28\/forti-mal-di-testa-da-5-mesi-aveva-bacchette-cinesi-infilate-nel-cervello\/\",\"name\":\"Mal di testa da 5 mesi, aveva bacchette cinesi infilate nel cervello\",\"isPartOf\":{\"@id\":\"https:\/\/newsvirali.it\/fr\/#website\"},\"primaryImageOfPage\":{\"@id\":\"https:\/\/newsvirali.it\/2023\/11\/28\/forti-mal-di-testa-da-5-mesi-aveva-bacchette-cinesi-infilate-nel-cervello\/#primaryimage\"},\"image\":{\"@id\":\"https:\/\/newsvirali.it\/2023\/11\/28\/forti-mal-di-testa-da-5-mesi-aveva-bacchette-cinesi-infilate-nel-cervello\/#primaryimage\"},\"thumbnailUrl\":\"https:\/\/newsvirali.it\/wp-content\/uploads\/2023\/11\/Screenshot_1-15.jpg\",\"datePublished\":\"2023-11-28T12:02:10+00:00\",\"dateModified\":\"2023-11-28T12:02:11+00:00\",\"author\":{\"@id\":\"https:\/\/newsvirali.it\/fr\/#\/schema\/person\/4c835f7b49c9adb58b33901ee816565d\"},\"description\":\"A un 35enne al pronto soccorso per mal di testa gli trovano bacchette cinesi infilate nel cervello: ecco come sono arrivate l\u00ec.\",\"breadcrumb\":{\"@id\":\"https:\/\/newsvirali.it\/2023\/11\/28\/forti-mal-di-testa-da-5-mesi-aveva-bacchette-cinesi-infilate-nel-cervello\/#breadcrumb\"},\"inLanguage\":\"es\",\"potentialAction\":[{\"@type\":\"ReadAction\",\"target\":[\"https:\/\/newsvirali.it\/2023\/11\/28\/forti-mal-di-testa-da-5-mesi-aveva-bacchette-cinesi-infilate-nel-cervello\/\"]}]},{\"@type\":\"ImageObject\",\"inLanguage\":\"es\",\"@id\":\"https:\/\/newsvirali.it\/2023\/11\/28\/forti-mal-di-testa-da-5-mesi-aveva-bacchette-cinesi-infilate-nel-cervello\/#primaryimage\",\"url\":\"https:\/\/newsvirali.it\/wp-content\/uploads\/2023\/11\/Screenshot_1-15.jpg\",\"contentUrl\":\"https:\/\/newsvirali.it\/wp-content\/uploads\/2023\/11\/Screenshot_1-15.jpg\",\"width\":650,\"height\":339,\"caption\":\"Forti mal di testa, aveva da 5 mesi bacchette cinesi infilate nel cervello\"},{\"@type\":\"BreadcrumbList\",\"@id\":\"https:\/\/newsvirali.it\/2023\/11\/28\/forti-mal-di-testa-da-5-mesi-aveva-bacchette-cinesi-infilate-nel-cervello\/#breadcrumb\",\"itemListElement\":[{\"@type\":\"ListItem\",\"position\":1,\"name\":\"Home\",\"item\":\"https:\/\/newsvirali.it\/fr\/\"},{\"@type\":\"ListItem\",\"position\":2,\"name\":\"Forti mal di testa da 5 mesi, aveva bacchette cinesi infilate nel cervello\"}]},{\"@type\":\"WebSite\",\"@id\":\"https:\/\/newsvirali.it\/fr\/#website\",\"url\":\"https:\/\/newsvirali.it\/fr\/\",\"name\":\"Bake News\",\"description\":\"\",\"potentialAction\":[{\"@type\":\"SearchAction\",\"target\":{\"@type\":\"EntryPoint\",\"urlTemplate\":\"https:\/\/newsvirali.it\/fr\/?s={search_term_string}\"},\"query-input\":{\"@type\":\"PropertyValueSpecification\",\"valueRequired\":true,\"valueName\":\"search_term_string\"}}],\"inLanguage\":\"es\"},{\"@type\":\"Person\",\"@id\":\"https:\/\/newsvirali.it\/fr\/#\/schema\/person\/4c835f7b49c9adb58b33901ee816565d\",\"name\":\"Cecco Prestina\",\"description\":\"Perch\u00e9 nasconderlo? Cecco Prestina \u00e8 un alias, ma dietro di lui non si cela un algoritmo di intelligenza artificiale. C'\u00e8 un giornalista che ha oltre vent'anni di esperienza tutta sul web. Da quando il primo modem ha iniziato a gracchiare sul territorio italiano con Video on Line, Cecco ha capito che da quel doppino sarebbe passato il futuro. Ha dedidicato tutta la sua carriera a capire Internet e poi i social e ora l'Ai. Una carriera in costante aggiornamento. E questa esperienza la mette in campo ogni giorno. Per\u00f2 ogni tanto Cecco ha voglia anche di non scrivere \\\"pipponi\\\" sulla politica, sull'economia. Ha voglia anche di scrivere qualcosa di divertente. Le notizie che trovate su Bake News sono le stesse che Cecco porta all'aperitivo con gli amici. Quelle di cui discutere per farsi due risate. Notizie, vere (qualche volta si fa fatica a crederlo), strane, divertenti, ma anche serie. Bake News \u00e8 nato per questo, dare al pubblico notizie croccanti e calde come il pane che esce dal forno. E Cecco Prestina \u00e8 nato con Bake News.\",\"url\":\"https:\/\/newsvirali.it\/es\/autore\/cecco-prestina\/\"}]}<\/script>\n<!-- \/ Yoast SEO Premium plugin. -->","yoast_head_json":{"title":"Mal di testa da 5 mesi, aveva bacchette cinesi infilate nel cervello","description":"A un 35enne al pronto soccorso per mal di testa gli trovano bacchette cinesi infilate nel cervello: ecco come sono arrivate l\u00ec.","robots":{"index":"index","follow":"follow","max-snippet":"max-snippet:-1","max-image-preview":"max-image-preview:large","max-video-preview":"max-video-preview:-1"},"canonical":"https:\/\/newsvirali.it\/es\/2023\/11\/28\/fuertes-dolores-de-cabeza-durante-5-meses-tenian-palillos-chinos-atrapados-en-su-cerebro\/","og_locale":"es_ES","og_type":"article","og_title":"Forti mal di testa da 5 mesi, aveva bacchette cinesi infilate nel cervello","og_description":"A un 35enne al pronto soccorso per mal di testa gli trovano bacchette cinesi infilate nel cervello: ecco come sono arrivate l\u00ec.","og_url":"https:\/\/newsvirali.it\/es\/2023\/11\/28\/fuertes-dolores-de-cabeza-durante-5-meses-tenian-palillos-chinos-atrapados-en-su-cerebro\/","og_site_name":"News virali","article_published_time":"2023-11-28T12:02:10+00:00","article_modified_time":"2023-11-28T12:02:11+00:00","og_image":[{"width":650,"height":339,"url":"https:\/\/newsvirali.it\/wp-content\/uploads\/2023\/11\/Screenshot_1-15.jpg","type":"image\/jpeg"}],"author":"Cecco Prestina","twitter_card":"summary_large_image","twitter_misc":{"Escrito por":"Cecco Prestina","Tiempo de lectura":"3 minutos"},"schema":{"@context":"https:\/\/schema.org","@graph":[{"@type":"NewsArticle","@id":"https:\/\/newsvirali.it\/2023\/11\/28\/forti-mal-di-testa-da-5-mesi-aveva-bacchette-cinesi-infilate-nel-cervello\/#article","isPartOf":{"@id":"https:\/\/newsvirali.it\/2023\/11\/28\/forti-mal-di-testa-da-5-mesi-aveva-bacchette-cinesi-infilate-nel-cervello\/"},"author":{"name":"Cecco Prestina","@id":"https:\/\/newsvirali.it\/fr\/#\/schema\/person\/4c835f7b49c9adb58b33901ee816565d"},"headline":"Forti mal di testa da 5 mesi, aveva bacchette cinesi infilate nel cervello","datePublished":"2023-11-28T12:02:10+00:00","dateModified":"2023-11-28T12:02:11+00:00","mainEntityOfPage":{"@id":"https:\/\/newsvirali.it\/2023\/11\/28\/forti-mal-di-testa-da-5-mesi-aveva-bacchette-cinesi-infilate-nel-cervello\/"},"wordCount":419,"commentCount":0,"image":{"@id":"https:\/\/newsvirali.it\/2023\/11\/28\/forti-mal-di-testa-da-5-mesi-aveva-bacchette-cinesi-infilate-nel-cervello\/#primaryimage"},"thumbnailUrl":"https:\/\/newsvirali.it\/wp-content\/uploads\/2023\/11\/Screenshot_1-15.jpg","articleSection":["Mondo"],"inLanguage":"es","potentialAction":[{"@type":"CommentAction","name":"Comment","target":["https:\/\/newsvirali.it\/2023\/11\/28\/forti-mal-di-testa-da-5-mesi-aveva-bacchette-cinesi-infilate-nel-cervello\/#respond"]}],"copyrightYear":"2023","copyrightHolder":{"@id":"https:\/\/newsvirali.it\/es\/#organization"}},{"@type":"WebPage","@id":"https:\/\/newsvirali.it\/2023\/11\/28\/forti-mal-di-testa-da-5-mesi-aveva-bacchette-cinesi-infilate-nel-cervello\/","url":"https:\/\/newsvirali.it\/2023\/11\/28\/forti-mal-di-testa-da-5-mesi-aveva-bacchette-cinesi-infilate-nel-cervello\/","name":"Mal di testa da 5 mesi, aveva bacchette cinesi infilate nel cervello","isPartOf":{"@id":"https:\/\/newsvirali.it\/fr\/#website"},"primaryImageOfPage":{"@id":"https:\/\/newsvirali.it\/2023\/11\/28\/forti-mal-di-testa-da-5-mesi-aveva-bacchette-cinesi-infilate-nel-cervello\/#primaryimage"},"image":{"@id":"https:\/\/newsvirali.it\/2023\/11\/28\/forti-mal-di-testa-da-5-mesi-aveva-bacchette-cinesi-infilate-nel-cervello\/#primaryimage"},"thumbnailUrl":"https:\/\/newsvirali.it\/wp-content\/uploads\/2023\/11\/Screenshot_1-15.jpg","datePublished":"2023-11-28T12:02:10+00:00","dateModified":"2023-11-28T12:02:11+00:00","author":{"@id":"https:\/\/newsvirali.it\/fr\/#\/schema\/person\/4c835f7b49c9adb58b33901ee816565d"},"description":"A un 35enne al pronto soccorso per mal di testa gli trovano bacchette cinesi infilate nel cervello: ecco come sono arrivate l\u00ec.","breadcrumb":{"@id":"https:\/\/newsvirali.it\/2023\/11\/28\/forti-mal-di-testa-da-5-mesi-aveva-bacchette-cinesi-infilate-nel-cervello\/#breadcrumb"},"inLanguage":"es","potentialAction":[{"@type":"ReadAction","target":["https:\/\/newsvirali.it\/2023\/11\/28\/forti-mal-di-testa-da-5-mesi-aveva-bacchette-cinesi-infilate-nel-cervello\/"]}]},{"@type":"ImageObject","inLanguage":"es","@id":"https:\/\/newsvirali.it\/2023\/11\/28\/forti-mal-di-testa-da-5-mesi-aveva-bacchette-cinesi-infilate-nel-cervello\/#primaryimage","url":"https:\/\/newsvirali.it\/wp-content\/uploads\/2023\/11\/Screenshot_1-15.jpg","contentUrl":"https:\/\/newsvirali.it\/wp-content\/uploads\/2023\/11\/Screenshot_1-15.jpg","width":650,"height":339,"caption":"Forti mal di testa, aveva da 5 mesi bacchette cinesi infilate nel cervello"},{"@type":"BreadcrumbList","@id":"https:\/\/newsvirali.it\/2023\/11\/28\/forti-mal-di-testa-da-5-mesi-aveva-bacchette-cinesi-infilate-nel-cervello\/#breadcrumb","itemListElement":[{"@type":"ListItem","position":1,"name":"Home","item":"https:\/\/newsvirali.it\/fr\/"},{"@type":"ListItem","position":2,"name":"Forti mal di testa da 5 mesi, aveva bacchette cinesi infilate nel cervello"}]},{"@type":"WebSite","@id":"https:\/\/newsvirali.it\/fr\/#website","url":"https:\/\/newsvirali.it\/fr\/","name":"Bake News","description":"","potentialAction":[{"@type":"SearchAction","target":{"@type":"EntryPoint","urlTemplate":"https:\/\/newsvirali.it\/fr\/?s={search_term_string}"},"query-input":{"@type":"PropertyValueSpecification","valueRequired":true,"valueName":"search_term_string"}}],"inLanguage":"es"},{"@type":"Person","@id":"https:\/\/newsvirali.it\/fr\/#\/schema\/person\/4c835f7b49c9adb58b33901ee816565d","name":"Cecco Prestina","description":"Perch\u00e9 nasconderlo? Cecco Prestina \u00e8 un alias, ma dietro di lui non si cela un algoritmo di intelligenza artificiale. C'\u00e8 un giornalista che ha oltre vent'anni di esperienza tutta sul web. Da quando il primo modem ha iniziato a gracchiare sul territorio italiano con Video on Line, Cecco ha capito che da quel doppino sarebbe passato il futuro. Ha dedidicato tutta la sua carriera a capire Internet e poi i social e ora l'Ai. Una carriera in costante aggiornamento. E questa esperienza la mette in campo ogni giorno. Per\u00f2 ogni tanto Cecco ha voglia anche di non scrivere \"pipponi\" sulla politica, sull'economia. Ha voglia anche di scrivere qualcosa di divertente. Le notizie che trovate su Bake News sono le stesse che Cecco porta all'aperitivo con gli amici. Quelle di cui discutere per farsi due risate. Notizie, vere (qualche volta si fa fatica a crederlo), strane, divertenti, ma anche serie. Bake News \u00e8 nato per questo, dare al pubblico notizie croccanti e calde come il pane che esce dal forno. E Cecco Prestina \u00e8 nato con Bake News.","url":"https:\/\/newsvirali.it\/es\/autore\/cecco-prestina\/"}]}},"_links":{"self":[{"href":"https:\/\/newsvirali.it\/es\/wp-json\/wp\/v2\/posts\/10935","targetHints":{"allow":["GET"]}}],"collection":[{"href":"https:\/\/newsvirali.it\/es\/wp-json\/wp\/v2\/posts"}],"about":[{"href":"https:\/\/newsvirali.it\/es\/wp-json\/wp\/v2\/types\/post"}],"author":[{"embeddable":true,"href":"https:\/\/newsvirali.it\/es\/wp-json\/wp\/v2\/users\/4"}],"replies":[{"embeddable":true,"href":"https:\/\/newsvirali.it\/es\/wp-json\/wp\/v2\/comments?post=10935"}],"version-history":[{"count":3,"href":"https:\/\/newsvirali.it\/es\/wp-json\/wp\/v2\/posts\/10935\/revisions"}],"predecessor-version":[{"id":10944,"href":"https:\/\/newsvirali.it\/es\/wp-json\/wp\/v2\/posts\/10935\/revisions\/10944"}],"wp:featuredmedia":[{"embeddable":true,"href":"https:\/\/newsvirali.it\/es\/wp-json\/wp\/v2\/media\/10938"}],"wp:attachment":[{"href":"https:\/\/newsvirali.it\/es\/wp-json\/wp\/v2\/media?parent=10935"}],"wp:term":[{"taxonomy":"category","embeddable":true,"href":"https:\/\/newsvirali.it\/es\/wp-json\/wp\/v2\/categories?post=10935"},{"taxonomy":"post_tag","embeddable":true,"href":"https:\/\/newsvirali.it\/es\/wp-json\/wp\/v2\/tags?post=10935"}],"curies":[{"name":"wp","href":"https:\/\/api.w.org\/{rel}","templated":true}]}}