{"id":10729,"date":"2023-11-27T13:19:41","date_gmt":"2023-11-27T12:19:41","guid":{"rendered":"https:\/\/www.bakenews.it\/?p=10729"},"modified":"2023-11-27T13:19:42","modified_gmt":"2023-11-27T12:19:42","slug":"tragica-carambola-sbalzata-fuori-dal-bus-finisce-tagliata-in-due-da-un-treno","status":"publish","type":"post","link":"https:\/\/newsvirali.it\/es\/2023\/11\/27\/tragica-carambola-arrojada-del-autobus-termina-cortada-en-dos-por-un-tren\/","title":{"rendered":"Tr\u00e1gica carambola, arrojada del autob\u00fas termina cortada en dos por un tren"},"content":{"rendered":"<p>Una mujer muri\u00f3 cortada por la mitad en un extra\u00f1o accidente en el que primero cay\u00f3 de un autob\u00fas y luego fue atropellada por un tren. Julia de Albuquerque Violato estaba a bordo de un autob\u00fas que termin\u00f3 en las v\u00edas cuando un tren de carga que se acercaba se precipitaba hacia \u00e9l. Toda la escena fue capturada en varios videos impactantes que capturaron los momentos finales antes de que el hombre de 37 a\u00f1os fuera asesinado en circunstancias espantosas.<\/p>\n\n\n\n<p><strong>LEER TAMBI\u00c9N<\/strong><\/p>\n\n\n\n<ul class=\"wp-block-list\">\n<li><a href=\"https:\/\/www.bakenews.it\/bimbo-decapitato-in-incidente-stradale-i-chirurghi-fanno-il-miracolo\/\">Ni\u00f1o decapitado en accidente de tr\u00e1fico: los cirujanos realizan un milagro<\/a><\/li>\n\n\n\n<li><a href=\"https:\/\/www.bakenews.it\/aereo-perde-finestrini-re-carlo-equipaggio-accorge-alta-quota\/\">El avi\u00f3n utilizado por el rey Carlos pierde ventanas: la tripulaci\u00f3n lo nota a gran altura<\/a><\/li>\n\n\n\n<li><a href=\"https:\/\/www.bakenews.it\/giocatore-di-hockey-muore-durante-partita-il-video-shock-della-tragedia\/\">Muere jugador de hockey durante partido: el impactante v\u00eddeo de la tragedia<\/a><\/li>\n<\/ul>\n\n\n\n<h2 class=\"wp-block-heading\" id=\"h-tagliata-in-due-da-un-treno\">Cortado en dos por un tren<\/h2>\n\n\n\n<p>Un automovilista que esperaba para cruzar el paso a nivel grab\u00f3 el sonido del tren de mercanc\u00edas en un intento de mover el autob\u00fas. El impacto fue inevitable. Julia sali\u00f3 despedida del autob\u00fas y aterriz\u00f3 en las v\u00edas, donde el tren que se aproximaba la parti\u00f3 por la mitad. Adem\u00e1s de su tr\u00e1gica muerte, cinco personas resultaron heridas.<\/p>\n\n\n\n<p>Los bomberos de Brasil dijeron que ella fue arrojada del autob\u00fas y atropellada por el tren. Tambi\u00e9n fueron citados cuatro de los cinco lesionados: Nildete Antunes Vitor, Julio Botelho Fernandes, Janderson Rodrigues da Costa y Pedro Domiense Campos. La quinta v\u00edctima, una joven de 19 a\u00f1os, no fue identificada pero fue trasladada de urgencia al hospital, tambi\u00e9n en estado de shock despu\u00e9s de sufrir una crisis nerviosa tras el horroroso incidente y las escenas ca\u00f3ticas que lo rodearon.<\/p>\n\n\n\n<h2 class=\"wp-block-heading\" id=\"h-la-madre-della-vittima-tornava-dalla-beneficenza\">La madre de la v\u00edctima: &quot;Regresaba de la caridad&quot;<\/h2>\n\n\n\n<p>La madre de Julia, Ana Rosa, de 72 a\u00f1os, culp\u00f3 al conductor del autob\u00fas por la muerte de su hija y afirm\u00f3 que &quot;no fue un accidente, fue un delito&quot;. <a href=\"https:\/\/www.dailystar.co.uk\/news\/world-news\/woman-cut-half-after-falling-31532250\" target=\"_blank\" rel=\"noreferrer noopener\">le dijo al Daily Star<\/a>. Tambi\u00e9n dijo que Julia estaba llevando ropa a una tienda ben\u00e9fica cuando ocurri\u00f3 el tr\u00e1gico accidente. Ana Rosa tambi\u00e9n recuerda con cari\u00f1o a su hija y dice: \u201cElla me cuid\u00f3 porque, a pesar de ser una persona activa, soy mayor. Siempre dec\u00eda que no quer\u00eda morir antes que yo. \u00c9l se preocupaba mucho por m\u00ed y me amaba mucho. No s\u00e9 c\u00f3mo vivir\u00e9 sin ella&quot;.<\/p>\n\n\n\n<p><strong>LEER OTRAS NOTICIAS DEL MUNDO<\/strong><\/p>\n\n\n<ul class=\"wp-block-latest-posts__list wp-block-latest-posts\"><li><a class=\"wp-block-latest-posts__post-title\" href=\"https:\/\/newsvirali.it\/es\/2026\/02\/12\/emma-amit-cangrejo-diablo-muerto\/\">La vlogger Emma Amit muere tras comer un cangrejo diablo t\u00f3xico<\/a><\/li>\n<li><a class=\"wp-block-latest-posts__post-title\" href=\"https:\/\/newsvirali.it\/es\/2026\/02\/05\/tres-hermanas-se-suicidan-en-india\/\">Padres confiscan celulares por jugar en exceso: tres hermanas se suicidan<\/a><\/li>\n<li><a class=\"wp-block-latest-posts__post-title\" href=\"https:\/\/newsvirali.it\/es\/2026\/01\/30\/arresto-en-resort-de-florida-por-actos-obscenos\/\">Resort de Florida sorprende: hombre arrestado por exposici\u00f3n indecente con una aspiradora<\/a><\/li>\n<li><a class=\"wp-block-latest-posts__post-title\" href=\"https:\/\/newsvirali.it\/es\/2026\/01\/28\/un-padre-borracho-ahorca-a-su-hijo-en-un-impactante-video\/\">Padre borracho cuelga a su hijo por la ventana: impactante video<\/a><\/li>\n<li><a class=\"wp-block-latest-posts__post-title\" href=\"https:\/\/newsvirali.it\/es\/2026\/01\/27\/maestra-embarazada-y-estudiante-de-13-anos\/\">Maestra admite que qued\u00f3 embarazada de estudiante de 13 a\u00f1os<\/a><\/li>\n<\/ul><br \/>S\u00edguenos tambi\u00e9n en Google News: <b><a href=\"https:\/\/news.google.com\/publications\/CAAqBwgKMNqJiwswjMfqAg?hl=it&gl=IT&ceid=IT:it\" target=\"_blank\">haga clic aqu\u00ed<\/a><\/b>","protected":false},"excerpt":{"rendered":"<p>Una mujer muri\u00f3 cortada por la mitad en un extra\u00f1o accidente que la vio caer por primera vez de un autob\u00fas y [\u2026]<\/p>","protected":false},"author":4,"featured_media":10730,"comment_status":"open","ping_status":"open","sticky":false,"template":"","format":"standard","meta":{"MSN_Categories":"Uncategorized","MSN_Publish_Option":false,"MSN_Is_Local_News":false,"MSN_Is_AIAC_Included":"Empty","MSN_Location":"[]","MSN_Add_Feature_Img_On_Top_Of_Post":false,"MSN_Has_Custom_Author":false,"MSN_Custom_Author":"","MSN_Has_Custom_Canonical_Url":false,"MSN_Custom_Canonical_Url":"","footnotes":""},"categories":[9],"tags":[],"class_list":["post-10729","post","type-post","status-publish","format-standard","has-post-thumbnail","hentry","category-mondo"],"acf":[],"yoast_head":"<!-- This site is optimized with the Yoast SEO Premium plugin v26.7 (Yoast SEO v26.7) - https:\/\/yoast.com\/wordpress\/plugins\/seo\/ -->\n<title>Sbalzata fuori dal bus finisce tagliata in due da un treno<\/title>\n<meta name=\"description\" content=\"Un tragico incidente dove la vittima \u00e8 stata prima sbalzata fuori da un bus e poi \u00e8 finita tagliata in due da un treno: ecco la dinamica.\" \/>\n<meta name=\"robots\" content=\"index, follow, max-snippet:-1, max-image-preview:large, max-video-preview:-1\" \/>\n<link rel=\"canonical\" href=\"https:\/\/newsvirali.it\/es\/2023\/11\/27\/tragica-carambola-arrojada-del-autobus-termina-cortada-en-dos-por-un-tren\/\" \/>\n<meta property=\"og:locale\" content=\"es_ES\" \/>\n<meta property=\"og:type\" content=\"article\" \/>\n<meta property=\"og:title\" content=\"Tragica carambola, sbalzata fuori dal bus finisce tagliata in due da un treno\" \/>\n<meta property=\"og:description\" content=\"Un tragico incidente dove la vittima \u00e8 stata prima sbalzata fuori da un bus e poi \u00e8 finita tagliata in due da un treno: ecco la dinamica.\" \/>\n<meta property=\"og:url\" content=\"https:\/\/newsvirali.it\/es\/2023\/11\/27\/tragica-carambola-arrojada-del-autobus-termina-cortada-en-dos-por-un-tren\/\" \/>\n<meta property=\"og:site_name\" content=\"News virali\" \/>\n<meta property=\"article:published_time\" content=\"2023-11-27T12:19:41+00:00\" \/>\n<meta property=\"article:modified_time\" content=\"2023-11-27T12:19:42+00:00\" \/>\n<meta property=\"og:image\" content=\"https:\/\/newsvirali.it\/wp-content\/uploads\/2023\/11\/MixCollage-27-Nov-2023-01-10-PM-2449.jpg\" \/>\n\t<meta property=\"og:image:width\" content=\"2000\" \/>\n\t<meta property=\"og:image:height\" content=\"1125\" \/>\n\t<meta property=\"og:image:type\" content=\"image\/jpeg\" \/>\n<meta name=\"author\" content=\"Cecco Prestina\" \/>\n<meta name=\"twitter:card\" content=\"summary_large_image\" \/>\n<meta name=\"twitter:label1\" content=\"Escrito por\" \/>\n\t<meta name=\"twitter:data1\" content=\"Cecco Prestina\" \/>\n\t<meta name=\"twitter:label2\" content=\"Tiempo de lectura\" \/>\n\t<meta name=\"twitter:data2\" content=\"2 minutos\" \/>\n<script type=\"application\/ld+json\" class=\"yoast-schema-graph\">{\"@context\":\"https:\/\/schema.org\",\"@graph\":[{\"@type\":\"NewsArticle\",\"@id\":\"https:\/\/newsvirali.it\/2023\/11\/27\/tragica-carambola-sbalzata-fuori-dal-bus-finisce-tagliata-in-due-da-un-treno\/#article\",\"isPartOf\":{\"@id\":\"https:\/\/newsvirali.it\/2023\/11\/27\/tragica-carambola-sbalzata-fuori-dal-bus-finisce-tagliata-in-due-da-un-treno\/\"},\"author\":{\"name\":\"Cecco Prestina\",\"@id\":\"https:\/\/newsvirali.it\/fr\/#\/schema\/person\/4c835f7b49c9adb58b33901ee816565d\"},\"headline\":\"Tragica carambola, sbalzata fuori dal bus finisce tagliata in due da un treno\",\"datePublished\":\"2023-11-27T12:19:41+00:00\",\"dateModified\":\"2023-11-27T12:19:42+00:00\",\"mainEntityOfPage\":{\"@id\":\"https:\/\/newsvirali.it\/2023\/11\/27\/tragica-carambola-sbalzata-fuori-dal-bus-finisce-tagliata-in-due-da-un-treno\/\"},\"wordCount\":380,\"commentCount\":0,\"image\":{\"@id\":\"https:\/\/newsvirali.it\/2023\/11\/27\/tragica-carambola-sbalzata-fuori-dal-bus-finisce-tagliata-in-due-da-un-treno\/#primaryimage\"},\"thumbnailUrl\":\"https:\/\/newsvirali.it\/wp-content\/uploads\/2023\/11\/MixCollage-27-Nov-2023-01-10-PM-2449.jpg\",\"articleSection\":[\"Mondo\"],\"inLanguage\":\"es\",\"potentialAction\":[{\"@type\":\"CommentAction\",\"name\":\"Comment\",\"target\":[\"https:\/\/newsvirali.it\/2023\/11\/27\/tragica-carambola-sbalzata-fuori-dal-bus-finisce-tagliata-in-due-da-un-treno\/#respond\"]}],\"copyrightYear\":\"2023\",\"copyrightHolder\":{\"@id\":\"https:\/\/newsvirali.it\/es\/#organization\"}},{\"@type\":\"WebPage\",\"@id\":\"https:\/\/newsvirali.it\/2023\/11\/27\/tragica-carambola-sbalzata-fuori-dal-bus-finisce-tagliata-in-due-da-un-treno\/\",\"url\":\"https:\/\/newsvirali.it\/2023\/11\/27\/tragica-carambola-sbalzata-fuori-dal-bus-finisce-tagliata-in-due-da-un-treno\/\",\"name\":\"Sbalzata fuori dal bus finisce tagliata in due da un treno\",\"isPartOf\":{\"@id\":\"https:\/\/newsvirali.it\/fr\/#website\"},\"primaryImageOfPage\":{\"@id\":\"https:\/\/newsvirali.it\/2023\/11\/27\/tragica-carambola-sbalzata-fuori-dal-bus-finisce-tagliata-in-due-da-un-treno\/#primaryimage\"},\"image\":{\"@id\":\"https:\/\/newsvirali.it\/2023\/11\/27\/tragica-carambola-sbalzata-fuori-dal-bus-finisce-tagliata-in-due-da-un-treno\/#primaryimage\"},\"thumbnailUrl\":\"https:\/\/newsvirali.it\/wp-content\/uploads\/2023\/11\/MixCollage-27-Nov-2023-01-10-PM-2449.jpg\",\"datePublished\":\"2023-11-27T12:19:41+00:00\",\"dateModified\":\"2023-11-27T12:19:42+00:00\",\"author\":{\"@id\":\"https:\/\/newsvirali.it\/fr\/#\/schema\/person\/4c835f7b49c9adb58b33901ee816565d\"},\"description\":\"Un tragico incidente dove la vittima \u00e8 stata prima sbalzata fuori da un bus e poi \u00e8 finita tagliata in due da un treno: ecco la dinamica.\",\"breadcrumb\":{\"@id\":\"https:\/\/newsvirali.it\/2023\/11\/27\/tragica-carambola-sbalzata-fuori-dal-bus-finisce-tagliata-in-due-da-un-treno\/#breadcrumb\"},\"inLanguage\":\"es\",\"potentialAction\":[{\"@type\":\"ReadAction\",\"target\":[\"https:\/\/newsvirali.it\/2023\/11\/27\/tragica-carambola-sbalzata-fuori-dal-bus-finisce-tagliata-in-due-da-un-treno\/\"]}]},{\"@type\":\"ImageObject\",\"inLanguage\":\"es\",\"@id\":\"https:\/\/newsvirali.it\/2023\/11\/27\/tragica-carambola-sbalzata-fuori-dal-bus-finisce-tagliata-in-due-da-un-treno\/#primaryimage\",\"url\":\"https:\/\/newsvirali.it\/wp-content\/uploads\/2023\/11\/MixCollage-27-Nov-2023-01-10-PM-2449.jpg\",\"contentUrl\":\"https:\/\/newsvirali.it\/wp-content\/uploads\/2023\/11\/MixCollage-27-Nov-2023-01-10-PM-2449.jpg\",\"width\":2000,\"height\":1125,\"caption\":\"Tragica carambola, sbalzata fuori dal bus finisce tagliata in due da un treno\"},{\"@type\":\"BreadcrumbList\",\"@id\":\"https:\/\/newsvirali.it\/2023\/11\/27\/tragica-carambola-sbalzata-fuori-dal-bus-finisce-tagliata-in-due-da-un-treno\/#breadcrumb\",\"itemListElement\":[{\"@type\":\"ListItem\",\"position\":1,\"name\":\"Home\",\"item\":\"https:\/\/newsvirali.it\/fr\/\"},{\"@type\":\"ListItem\",\"position\":2,\"name\":\"Tragica carambola, sbalzata fuori dal bus finisce tagliata in due da un treno\"}]},{\"@type\":\"WebSite\",\"@id\":\"https:\/\/newsvirali.it\/fr\/#website\",\"url\":\"https:\/\/newsvirali.it\/fr\/\",\"name\":\"Bake News\",\"description\":\"\",\"potentialAction\":[{\"@type\":\"SearchAction\",\"target\":{\"@type\":\"EntryPoint\",\"urlTemplate\":\"https:\/\/newsvirali.it\/fr\/?s={search_term_string}\"},\"query-input\":{\"@type\":\"PropertyValueSpecification\",\"valueRequired\":true,\"valueName\":\"search_term_string\"}}],\"inLanguage\":\"es\"},{\"@type\":\"Person\",\"@id\":\"https:\/\/newsvirali.it\/fr\/#\/schema\/person\/4c835f7b49c9adb58b33901ee816565d\",\"name\":\"Cecco Prestina\",\"description\":\"Perch\u00e9 nasconderlo? Cecco Prestina \u00e8 un alias, ma dietro di lui non si cela un algoritmo di intelligenza artificiale. C'\u00e8 un giornalista che ha oltre vent'anni di esperienza tutta sul web. Da quando il primo modem ha iniziato a gracchiare sul territorio italiano con Video on Line, Cecco ha capito che da quel doppino sarebbe passato il futuro. Ha dedidicato tutta la sua carriera a capire Internet e poi i social e ora l'Ai. Una carriera in costante aggiornamento. E questa esperienza la mette in campo ogni giorno. Per\u00f2 ogni tanto Cecco ha voglia anche di non scrivere \\\"pipponi\\\" sulla politica, sull'economia. Ha voglia anche di scrivere qualcosa di divertente. Le notizie che trovate su Bake News sono le stesse che Cecco porta all'aperitivo con gli amici. Quelle di cui discutere per farsi due risate. Notizie, vere (qualche volta si fa fatica a crederlo), strane, divertenti, ma anche serie. Bake News \u00e8 nato per questo, dare al pubblico notizie croccanti e calde come il pane che esce dal forno. E Cecco Prestina \u00e8 nato con Bake News.\",\"url\":\"https:\/\/newsvirali.it\/es\/autore\/cecco-prestina\/\"}]}<\/script>\n<!-- \/ Yoast SEO Premium plugin. -->","yoast_head_json":{"title":"Sbalzata fuori dal bus finisce tagliata in due da un treno","description":"Un tragico incidente dove la vittima \u00e8 stata prima sbalzata fuori da un bus e poi \u00e8 finita tagliata in due da un treno: ecco la dinamica.","robots":{"index":"index","follow":"follow","max-snippet":"max-snippet:-1","max-image-preview":"max-image-preview:large","max-video-preview":"max-video-preview:-1"},"canonical":"https:\/\/newsvirali.it\/es\/2023\/11\/27\/tragica-carambola-arrojada-del-autobus-termina-cortada-en-dos-por-un-tren\/","og_locale":"es_ES","og_type":"article","og_title":"Tragica carambola, sbalzata fuori dal bus finisce tagliata in due da un treno","og_description":"Un tragico incidente dove la vittima \u00e8 stata prima sbalzata fuori da un bus e poi \u00e8 finita tagliata in due da un treno: ecco la dinamica.","og_url":"https:\/\/newsvirali.it\/es\/2023\/11\/27\/tragica-carambola-arrojada-del-autobus-termina-cortada-en-dos-por-un-tren\/","og_site_name":"News virali","article_published_time":"2023-11-27T12:19:41+00:00","article_modified_time":"2023-11-27T12:19:42+00:00","og_image":[{"width":2000,"height":1125,"url":"https:\/\/newsvirali.it\/wp-content\/uploads\/2023\/11\/MixCollage-27-Nov-2023-01-10-PM-2449.jpg","type":"image\/jpeg"}],"author":"Cecco Prestina","twitter_card":"summary_large_image","twitter_misc":{"Escrito por":"Cecco Prestina","Tiempo de lectura":"2 minutos"},"schema":{"@context":"https:\/\/schema.org","@graph":[{"@type":"NewsArticle","@id":"https:\/\/newsvirali.it\/2023\/11\/27\/tragica-carambola-sbalzata-fuori-dal-bus-finisce-tagliata-in-due-da-un-treno\/#article","isPartOf":{"@id":"https:\/\/newsvirali.it\/2023\/11\/27\/tragica-carambola-sbalzata-fuori-dal-bus-finisce-tagliata-in-due-da-un-treno\/"},"author":{"name":"Cecco Prestina","@id":"https:\/\/newsvirali.it\/fr\/#\/schema\/person\/4c835f7b49c9adb58b33901ee816565d"},"headline":"Tragica carambola, sbalzata fuori dal bus finisce tagliata in due da un treno","datePublished":"2023-11-27T12:19:41+00:00","dateModified":"2023-11-27T12:19:42+00:00","mainEntityOfPage":{"@id":"https:\/\/newsvirali.it\/2023\/11\/27\/tragica-carambola-sbalzata-fuori-dal-bus-finisce-tagliata-in-due-da-un-treno\/"},"wordCount":380,"commentCount":0,"image":{"@id":"https:\/\/newsvirali.it\/2023\/11\/27\/tragica-carambola-sbalzata-fuori-dal-bus-finisce-tagliata-in-due-da-un-treno\/#primaryimage"},"thumbnailUrl":"https:\/\/newsvirali.it\/wp-content\/uploads\/2023\/11\/MixCollage-27-Nov-2023-01-10-PM-2449.jpg","articleSection":["Mondo"],"inLanguage":"es","potentialAction":[{"@type":"CommentAction","name":"Comment","target":["https:\/\/newsvirali.it\/2023\/11\/27\/tragica-carambola-sbalzata-fuori-dal-bus-finisce-tagliata-in-due-da-un-treno\/#respond"]}],"copyrightYear":"2023","copyrightHolder":{"@id":"https:\/\/newsvirali.it\/es\/#organization"}},{"@type":"WebPage","@id":"https:\/\/newsvirali.it\/2023\/11\/27\/tragica-carambola-sbalzata-fuori-dal-bus-finisce-tagliata-in-due-da-un-treno\/","url":"https:\/\/newsvirali.it\/2023\/11\/27\/tragica-carambola-sbalzata-fuori-dal-bus-finisce-tagliata-in-due-da-un-treno\/","name":"Sbalzata fuori dal bus finisce tagliata in due da un treno","isPartOf":{"@id":"https:\/\/newsvirali.it\/fr\/#website"},"primaryImageOfPage":{"@id":"https:\/\/newsvirali.it\/2023\/11\/27\/tragica-carambola-sbalzata-fuori-dal-bus-finisce-tagliata-in-due-da-un-treno\/#primaryimage"},"image":{"@id":"https:\/\/newsvirali.it\/2023\/11\/27\/tragica-carambola-sbalzata-fuori-dal-bus-finisce-tagliata-in-due-da-un-treno\/#primaryimage"},"thumbnailUrl":"https:\/\/newsvirali.it\/wp-content\/uploads\/2023\/11\/MixCollage-27-Nov-2023-01-10-PM-2449.jpg","datePublished":"2023-11-27T12:19:41+00:00","dateModified":"2023-11-27T12:19:42+00:00","author":{"@id":"https:\/\/newsvirali.it\/fr\/#\/schema\/person\/4c835f7b49c9adb58b33901ee816565d"},"description":"Un tragico incidente dove la vittima \u00e8 stata prima sbalzata fuori da un bus e poi \u00e8 finita tagliata in due da un treno: ecco la dinamica.","breadcrumb":{"@id":"https:\/\/newsvirali.it\/2023\/11\/27\/tragica-carambola-sbalzata-fuori-dal-bus-finisce-tagliata-in-due-da-un-treno\/#breadcrumb"},"inLanguage":"es","potentialAction":[{"@type":"ReadAction","target":["https:\/\/newsvirali.it\/2023\/11\/27\/tragica-carambola-sbalzata-fuori-dal-bus-finisce-tagliata-in-due-da-un-treno\/"]}]},{"@type":"ImageObject","inLanguage":"es","@id":"https:\/\/newsvirali.it\/2023\/11\/27\/tragica-carambola-sbalzata-fuori-dal-bus-finisce-tagliata-in-due-da-un-treno\/#primaryimage","url":"https:\/\/newsvirali.it\/wp-content\/uploads\/2023\/11\/MixCollage-27-Nov-2023-01-10-PM-2449.jpg","contentUrl":"https:\/\/newsvirali.it\/wp-content\/uploads\/2023\/11\/MixCollage-27-Nov-2023-01-10-PM-2449.jpg","width":2000,"height":1125,"caption":"Tragica carambola, sbalzata fuori dal bus finisce tagliata in due da un treno"},{"@type":"BreadcrumbList","@id":"https:\/\/newsvirali.it\/2023\/11\/27\/tragica-carambola-sbalzata-fuori-dal-bus-finisce-tagliata-in-due-da-un-treno\/#breadcrumb","itemListElement":[{"@type":"ListItem","position":1,"name":"Home","item":"https:\/\/newsvirali.it\/fr\/"},{"@type":"ListItem","position":2,"name":"Tragica carambola, sbalzata fuori dal bus finisce tagliata in due da un treno"}]},{"@type":"WebSite","@id":"https:\/\/newsvirali.it\/fr\/#website","url":"https:\/\/newsvirali.it\/fr\/","name":"Bake News","description":"","potentialAction":[{"@type":"SearchAction","target":{"@type":"EntryPoint","urlTemplate":"https:\/\/newsvirali.it\/fr\/?s={search_term_string}"},"query-input":{"@type":"PropertyValueSpecification","valueRequired":true,"valueName":"search_term_string"}}],"inLanguage":"es"},{"@type":"Person","@id":"https:\/\/newsvirali.it\/fr\/#\/schema\/person\/4c835f7b49c9adb58b33901ee816565d","name":"Cecco Prestina","description":"Perch\u00e9 nasconderlo? Cecco Prestina \u00e8 un alias, ma dietro di lui non si cela un algoritmo di intelligenza artificiale. C'\u00e8 un giornalista che ha oltre vent'anni di esperienza tutta sul web. Da quando il primo modem ha iniziato a gracchiare sul territorio italiano con Video on Line, Cecco ha capito che da quel doppino sarebbe passato il futuro. Ha dedidicato tutta la sua carriera a capire Internet e poi i social e ora l'Ai. Una carriera in costante aggiornamento. E questa esperienza la mette in campo ogni giorno. Per\u00f2 ogni tanto Cecco ha voglia anche di non scrivere \"pipponi\" sulla politica, sull'economia. Ha voglia anche di scrivere qualcosa di divertente. Le notizie che trovate su Bake News sono le stesse che Cecco porta all'aperitivo con gli amici. Quelle di cui discutere per farsi due risate. Notizie, vere (qualche volta si fa fatica a crederlo), strane, divertenti, ma anche serie. Bake News \u00e8 nato per questo, dare al pubblico notizie croccanti e calde come il pane che esce dal forno. E Cecco Prestina \u00e8 nato con Bake News.","url":"https:\/\/newsvirali.it\/es\/autore\/cecco-prestina\/"}]}},"_links":{"self":[{"href":"https:\/\/newsvirali.it\/es\/wp-json\/wp\/v2\/posts\/10729","targetHints":{"allow":["GET"]}}],"collection":[{"href":"https:\/\/newsvirali.it\/es\/wp-json\/wp\/v2\/posts"}],"about":[{"href":"https:\/\/newsvirali.it\/es\/wp-json\/wp\/v2\/types\/post"}],"author":[{"embeddable":true,"href":"https:\/\/newsvirali.it\/es\/wp-json\/wp\/v2\/users\/4"}],"replies":[{"embeddable":true,"href":"https:\/\/newsvirali.it\/es\/wp-json\/wp\/v2\/comments?post=10729"}],"version-history":[{"count":4,"href":"https:\/\/newsvirali.it\/es\/wp-json\/wp\/v2\/posts\/10729\/revisions"}],"predecessor-version":[{"id":10766,"href":"https:\/\/newsvirali.it\/es\/wp-json\/wp\/v2\/posts\/10729\/revisions\/10766"}],"wp:featuredmedia":[{"embeddable":true,"href":"https:\/\/newsvirali.it\/es\/wp-json\/wp\/v2\/media\/10730"}],"wp:attachment":[{"href":"https:\/\/newsvirali.it\/es\/wp-json\/wp\/v2\/media?parent=10729"}],"wp:term":[{"taxonomy":"category","embeddable":true,"href":"https:\/\/newsvirali.it\/es\/wp-json\/wp\/v2\/categories?post=10729"},{"taxonomy":"post_tag","embeddable":true,"href":"https:\/\/newsvirali.it\/es\/wp-json\/wp\/v2\/tags?post=10729"}],"curies":[{"name":"wp","href":"https:\/\/api.w.org\/{rel}","templated":true}]}}