{"id":9198,"date":"2023-11-06T15:01:11","date_gmt":"2023-11-06T14:01:11","guid":{"rendered":"https:\/\/www.bakenews.it\/?p=9198"},"modified":"2023-11-06T15:01:11","modified_gmt":"2023-11-06T14:01:11","slug":"fiorello-tv-simbolo-fascista-imbarazzo-rai","status":"publish","type":"post","link":"https:\/\/newsvirali.it\/de\/2023\/11\/06\/fiorello-tv-faschistisches-symbol-peinlichkeit-rai\/","title":{"rendered":"Fiorello im Fernsehen mit dem faschistischen Symbol: Rais Peinlichkeit"},"content":{"rendered":"<p>Fiorello ist verlegen und mit ihm Rai, nachdem die Nachricht \u00fcber die Anwesenheit eines faschistischen Symbols w\u00e4hrend eines seiner Interviews in den sozialen Medien verbreitet wurde. Die Schuld eines Mannes, der f\u00fcr die Sicherheit rund um das \u201eViva Rai2\u201c-Programm verantwortlich ist. Der Mann mit einem deutlich sichtbaren keltischen Kreuz um den Hals wurde w\u00e4hrend eines Interviews mit Fiorello, das am Rande der ersten Folge der Staffel gef\u00fchrt wurde, von mehreren Smartphones und Kameras gefilmt.<\/p>\n\n\n\n<p><\/p>\n\n\n\n<hr class=\"wp-block-separator has-alpha-channel-opacity\"\/>\n\n\n\n<p><strong>LESEN SIE AUCH<\/strong><\/p>\n\n\n\n<ul class=\"wp-block-list\">\n<li><a href=\"https:\/\/www.bakenews.it\/influencer-prende-bagaglio-poppe-al-vento-imbarazzo\/\">Influencer nimmt Gep\u00e4ck mit und bleibt im Wind h\u00e4ngen: Peinlichkeit auf dem Flug<\/a><\/li>\n\n\n\n<li><a href=\"https:\/\/www.bakenews.it\/imbarazzo-pentagono-cannone-automatico-punta-aereo-di-linea\/\">Peinlichkeit im Pentagon, automatische Kanone zielt auf Verkehrsflugzeug: Soldaten lachen<\/a><\/li>\n\n\n\n<li><a href=\"https:\/\/www.bakenews.it\/perde-volo-prova-fermarlo-pista-arrestata-video-virale\/\">Sie verpasst den Flug, versucht ihn auf der Landebahn anzuhalten und wird verhaftet: Das Video geht viral<\/a><\/li>\n<\/ul>\n\n\n\n<hr class=\"wp-block-separator has-alpha-channel-opacity\"\/>\n\n\n\n<p><\/p>\n\n\n\n<p>Der Sicherheitsbeamte stellte sich w\u00e4hrend des Interviews, das Fiorello den Reportern gab, die die Deb\u00fctfolge am neuen Standort des Foro Italico verfolgten, in die N\u00e4he des sizilianischen Schaustellers. Am Ende der Folge ging Fiorello wie \u00fcblich los, um mit den zahlreichen Fans Autogramme zu geben und Selfies zu machen. Und er wurde von Sicherheitsleuten in den Au\u00dfenr\u00e4umen der Sendung, wo jeden Morgen Hunderte Menschen hinter den Absperrungen die Sendung verfolgten, sichtbar verfolgt.<\/p>\n\n\n\n<h2 class=\"wp-block-heading\" id=\"h-fiorello-e-il-simbolo-fascista-interviene-la-rai\">Fiorello und das faschistische Symbol, Rai greift ein<\/h2>\n\n\n\n<p>Die Journalisten nutzten den Moment, der den Fans gewidmet war, n\u00e4herten sich Fiorello und interviewten ihn. Dabei nahmen sie Videos auf, die auch den Mann mit dem keltischen Kreuz um den Hals zeigen, der neben dem Schausteller positioniert ist. Sobald die Videos die Runde machten, intervenierte Rai. Und er warnte die Manager des Amt Dual Service-Unternehmens, das sich um die Sicherheit von \u201eViva Rai2\u201c k\u00fcmmert, damit sich \u00e4hnliche Episoden nicht wiederholen.<\/p>\n\n\n\n<h2 class=\"wp-block-heading\" id=\"h-che-cosa-significa-la-croce-celtica\">Was bedeutet das keltische Kreuz?<\/h2>\n\n\n\n<p>Das keltische Kreuz ist ein altes Symbol, das seinen Ursprung in den vorchristlichen Kulturen Nordwesteuropas hat. Es ist ein Kreuz, das von einem Kreis umgeben ist und die Verbindung zwischen der materiellen und der spirituellen Welt darstellt. Das keltische Kreuz wurde im Mittelalter von irischen Christen als Symbol ihres Glaubens und ihrer kulturellen Identit\u00e4t \u00fcbernommen. Heute wird das keltische Kreuz von vielen religi\u00f6sen und politischen Gruppen und Bewegungen verwendet, um ihre Verbindung zu keltischen Traditionen oder zu Werten wie Freiheit, Natur und Harmonie auszudr\u00fccken. Sp\u00e4ter wurde es zum typischen Symbol einiger rechtsextremer Bewegungen, doch seine Verwendung stie\u00df bei Gegnern dieser Ideologien auf Widerstand. Die von neodruidischen Gruppen angegebene Bedeutung des keltischen Kreuzes hat keine historische Grundlage.<\/p>\n<br \/>Folgen Sie uns auch auf Google News: <b><a href=\"https:\/\/news.google.com\/publications\/CAAqBwgKMNqJiwswjMfqAg?hl=it&gl=IT&ceid=IT:it\" target=\"_blank\">klicken Sie hier<\/a><\/b>","protected":false},"excerpt":{"rendered":"<p>Fiorello war verlegen, als er w\u00e4hrend eines Interviews von der Anwesenheit eines faschistischen Symbols erfuhr. Rai in Gefahr wegen eines Mannes mit einem keltischen Kreuz um den Hals? Erfahren Sie, was in der Episode der ersten Staffel passiert ist und welche m\u00f6glichen Konsequenzen das haben k\u00f6nnte.<\/p>","protected":false},"author":4,"featured_media":9199,"comment_status":"open","ping_status":"open","sticky":false,"template":"","format":"standard","meta":{"MSN_Categories":"Uncategorized","MSN_Publish_Option":false,"MSN_Is_Local_News":false,"MSN_Is_AIAC_Included":"Empty","MSN_Location":"[]","MSN_Add_Feature_Img_On_Top_Of_Post":false,"MSN_Has_Custom_Author":false,"MSN_Custom_Author":"","MSN_Has_Custom_Canonical_Url":false,"MSN_Custom_Canonical_Url":"","footnotes":""},"categories":[18],"tags":[],"class_list":["post-9198","post","type-post","status-publish","format-standard","has-post-thumbnail","hentry","category-televisione"],"acf":[],"yoast_head":"<!-- This site is optimized with the Yoast SEO Premium plugin v26.7 (Yoast SEO v26.7) - https:\/\/yoast.com\/wordpress\/plugins\/seo\/ -->\n<title>Fiorello in tv col simbolo fascista: l&#039;imbarazzo della Rai<\/title>\n<meta name=\"description\" content=\"Fiorello in imbarazzo dopo la notizia della presenza di un simbolo fascista durante un&#039;intervista. Scopri cosa \u00e8 accaduto.\" \/>\n<meta name=\"robots\" content=\"index, follow, max-snippet:-1, max-image-preview:large, max-video-preview:-1\" \/>\n<link rel=\"canonical\" href=\"https:\/\/newsvirali.it\/de\/2023\/11\/06\/fiorello-tv-faschistisches-symbol-peinlichkeit-rai\/\" \/>\n<meta property=\"og:locale\" content=\"de_DE\" \/>\n<meta property=\"og:type\" content=\"article\" \/>\n<meta property=\"og:title\" content=\"Fiorello in tv col simbolo fascista: l&#039;imbarazzo della Rai\" \/>\n<meta property=\"og:description\" content=\"Fiorello in imbarazzo dopo la notizia della presenza di un simbolo fascista durante un&#039;intervista. Scopri cosa \u00e8 accaduto.\" \/>\n<meta property=\"og:url\" content=\"https:\/\/newsvirali.it\/de\/2023\/11\/06\/fiorello-tv-faschistisches-symbol-peinlichkeit-rai\/\" \/>\n<meta property=\"og:site_name\" content=\"News virali\" \/>\n<meta property=\"article:published_time\" content=\"2023-11-06T14:01:11+00:00\" \/>\n<meta property=\"og:image\" content=\"https:\/\/newsvirali.it\/wp-content\/uploads\/2023\/11\/Senza-titolo-1.jpg\" \/>\n\t<meta property=\"og:image:width\" content=\"1661\" \/>\n\t<meta property=\"og:image:height\" content=\"867\" \/>\n\t<meta property=\"og:image:type\" content=\"image\/jpeg\" \/>\n<meta name=\"author\" content=\"Cecco Prestina\" \/>\n<meta name=\"twitter:card\" content=\"summary_large_image\" \/>\n<meta name=\"twitter:label1\" content=\"Verfasst von\" \/>\n\t<meta name=\"twitter:data1\" content=\"Cecco Prestina\" \/>\n\t<meta name=\"twitter:label2\" content=\"Gesch\u00e4tzte Lesezeit\" \/>\n\t<meta name=\"twitter:data2\" content=\"3\u00a0Minuten\" \/>\n<script type=\"application\/ld+json\" class=\"yoast-schema-graph\">{\"@context\":\"https:\/\/schema.org\",\"@graph\":[{\"@type\":\"NewsArticle\",\"@id\":\"https:\/\/newsvirali.it\/2023\/11\/06\/fiorello-tv-simbolo-fascista-imbarazzo-rai\/#article\",\"isPartOf\":{\"@id\":\"https:\/\/newsvirali.it\/2023\/11\/06\/fiorello-tv-simbolo-fascista-imbarazzo-rai\/\"},\"author\":{\"name\":\"Cecco Prestina\",\"@id\":\"https:\/\/newsvirali.it\/fr\/#\/schema\/person\/4c835f7b49c9adb58b33901ee816565d\"},\"headline\":\"Fiorello in tv col simbolo fascista: l&#8217;imbarazzo della Rai\",\"datePublished\":\"2023-11-06T14:01:11+00:00\",\"mainEntityOfPage\":{\"@id\":\"https:\/\/newsvirali.it\/2023\/11\/06\/fiorello-tv-simbolo-fascista-imbarazzo-rai\/\"},\"wordCount\":403,\"commentCount\":0,\"image\":{\"@id\":\"https:\/\/newsvirali.it\/2023\/11\/06\/fiorello-tv-simbolo-fascista-imbarazzo-rai\/#primaryimage\"},\"thumbnailUrl\":\"https:\/\/newsvirali.it\/wp-content\/uploads\/2023\/11\/Senza-titolo-1.jpg\",\"articleSection\":[\"Televisione\"],\"inLanguage\":\"de\",\"potentialAction\":[{\"@type\":\"CommentAction\",\"name\":\"Comment\",\"target\":[\"https:\/\/newsvirali.it\/2023\/11\/06\/fiorello-tv-simbolo-fascista-imbarazzo-rai\/#respond\"]}],\"copyrightYear\":\"2023\",\"copyrightHolder\":{\"@id\":\"https:\/\/newsvirali.it\/de\/#organization\"}},{\"@type\":\"WebPage\",\"@id\":\"https:\/\/newsvirali.it\/2023\/11\/06\/fiorello-tv-simbolo-fascista-imbarazzo-rai\/\",\"url\":\"https:\/\/newsvirali.it\/2023\/11\/06\/fiorello-tv-simbolo-fascista-imbarazzo-rai\/\",\"name\":\"Fiorello in tv col simbolo fascista: l'imbarazzo della Rai\",\"isPartOf\":{\"@id\":\"https:\/\/newsvirali.it\/fr\/#website\"},\"primaryImageOfPage\":{\"@id\":\"https:\/\/newsvirali.it\/2023\/11\/06\/fiorello-tv-simbolo-fascista-imbarazzo-rai\/#primaryimage\"},\"image\":{\"@id\":\"https:\/\/newsvirali.it\/2023\/11\/06\/fiorello-tv-simbolo-fascista-imbarazzo-rai\/#primaryimage\"},\"thumbnailUrl\":\"https:\/\/newsvirali.it\/wp-content\/uploads\/2023\/11\/Senza-titolo-1.jpg\",\"datePublished\":\"2023-11-06T14:01:11+00:00\",\"author\":{\"@id\":\"https:\/\/newsvirali.it\/fr\/#\/schema\/person\/4c835f7b49c9adb58b33901ee816565d\"},\"description\":\"Fiorello in imbarazzo dopo la notizia della presenza di un simbolo fascista durante un'intervista. Scopri cosa \u00e8 accaduto.\",\"breadcrumb\":{\"@id\":\"https:\/\/newsvirali.it\/2023\/11\/06\/fiorello-tv-simbolo-fascista-imbarazzo-rai\/#breadcrumb\"},\"inLanguage\":\"de\",\"potentialAction\":[{\"@type\":\"ReadAction\",\"target\":[\"https:\/\/newsvirali.it\/2023\/11\/06\/fiorello-tv-simbolo-fascista-imbarazzo-rai\/\"]}]},{\"@type\":\"ImageObject\",\"inLanguage\":\"de\",\"@id\":\"https:\/\/newsvirali.it\/2023\/11\/06\/fiorello-tv-simbolo-fascista-imbarazzo-rai\/#primaryimage\",\"url\":\"https:\/\/newsvirali.it\/wp-content\/uploads\/2023\/11\/Senza-titolo-1.jpg\",\"contentUrl\":\"https:\/\/newsvirali.it\/wp-content\/uploads\/2023\/11\/Senza-titolo-1.jpg\",\"width\":1661,\"height\":867,\"caption\":\"Fiorello in tv col simbolo fascista: l'imbarazzo della Rai\"},{\"@type\":\"BreadcrumbList\",\"@id\":\"https:\/\/newsvirali.it\/2023\/11\/06\/fiorello-tv-simbolo-fascista-imbarazzo-rai\/#breadcrumb\",\"itemListElement\":[{\"@type\":\"ListItem\",\"position\":1,\"name\":\"Home\",\"item\":\"https:\/\/newsvirali.it\/fr\/\"},{\"@type\":\"ListItem\",\"position\":2,\"name\":\"Fiorello in tv col simbolo fascista: l&#8217;imbarazzo della Rai\"}]},{\"@type\":\"WebSite\",\"@id\":\"https:\/\/newsvirali.it\/fr\/#website\",\"url\":\"https:\/\/newsvirali.it\/fr\/\",\"name\":\"Bake News\",\"description\":\"\",\"potentialAction\":[{\"@type\":\"SearchAction\",\"target\":{\"@type\":\"EntryPoint\",\"urlTemplate\":\"https:\/\/newsvirali.it\/fr\/?s={search_term_string}\"},\"query-input\":{\"@type\":\"PropertyValueSpecification\",\"valueRequired\":true,\"valueName\":\"search_term_string\"}}],\"inLanguage\":\"de\"},{\"@type\":\"Person\",\"@id\":\"https:\/\/newsvirali.it\/fr\/#\/schema\/person\/4c835f7b49c9adb58b33901ee816565d\",\"name\":\"Cecco Prestina\",\"description\":\"Perch\u00e9 nasconderlo? Cecco Prestina \u00e8 un alias, ma dietro di lui non si cela un algoritmo di intelligenza artificiale. C'\u00e8 un giornalista che ha oltre vent'anni di esperienza tutta sul web. Da quando il primo modem ha iniziato a gracchiare sul territorio italiano con Video on Line, Cecco ha capito che da quel doppino sarebbe passato il futuro. Ha dedidicato tutta la sua carriera a capire Internet e poi i social e ora l'Ai. Una carriera in costante aggiornamento. E questa esperienza la mette in campo ogni giorno. Per\u00f2 ogni tanto Cecco ha voglia anche di non scrivere \\\"pipponi\\\" sulla politica, sull'economia. Ha voglia anche di scrivere qualcosa di divertente. Le notizie che trovate su Bake News sono le stesse che Cecco porta all'aperitivo con gli amici. Quelle di cui discutere per farsi due risate. Notizie, vere (qualche volta si fa fatica a crederlo), strane, divertenti, ma anche serie. Bake News \u00e8 nato per questo, dare al pubblico notizie croccanti e calde come il pane che esce dal forno. E Cecco Prestina \u00e8 nato con Bake News.\",\"url\":\"https:\/\/newsvirali.it\/de\/autore\/cecco-prestina\/\"}]}<\/script>\n<!-- \/ Yoast SEO Premium plugin. -->","yoast_head_json":{"title":"Fiorello in tv col simbolo fascista: l'imbarazzo della Rai","description":"Fiorello in imbarazzo dopo la notizia della presenza di un simbolo fascista durante un'intervista. Scopri cosa \u00e8 accaduto.","robots":{"index":"index","follow":"follow","max-snippet":"max-snippet:-1","max-image-preview":"max-image-preview:large","max-video-preview":"max-video-preview:-1"},"canonical":"https:\/\/newsvirali.it\/de\/2023\/11\/06\/fiorello-tv-faschistisches-symbol-peinlichkeit-rai\/","og_locale":"de_DE","og_type":"article","og_title":"Fiorello in tv col simbolo fascista: l'imbarazzo della Rai","og_description":"Fiorello in imbarazzo dopo la notizia della presenza di un simbolo fascista durante un'intervista. Scopri cosa \u00e8 accaduto.","og_url":"https:\/\/newsvirali.it\/de\/2023\/11\/06\/fiorello-tv-faschistisches-symbol-peinlichkeit-rai\/","og_site_name":"News virali","article_published_time":"2023-11-06T14:01:11+00:00","og_image":[{"width":1661,"height":867,"url":"https:\/\/newsvirali.it\/wp-content\/uploads\/2023\/11\/Senza-titolo-1.jpg","type":"image\/jpeg"}],"author":"Cecco Prestina","twitter_card":"summary_large_image","twitter_misc":{"Verfasst von":"Cecco Prestina","Gesch\u00e4tzte Lesezeit":"3\u00a0Minuten"},"schema":{"@context":"https:\/\/schema.org","@graph":[{"@type":"NewsArticle","@id":"https:\/\/newsvirali.it\/2023\/11\/06\/fiorello-tv-simbolo-fascista-imbarazzo-rai\/#article","isPartOf":{"@id":"https:\/\/newsvirali.it\/2023\/11\/06\/fiorello-tv-simbolo-fascista-imbarazzo-rai\/"},"author":{"name":"Cecco Prestina","@id":"https:\/\/newsvirali.it\/fr\/#\/schema\/person\/4c835f7b49c9adb58b33901ee816565d"},"headline":"Fiorello in tv col simbolo fascista: l&#8217;imbarazzo della Rai","datePublished":"2023-11-06T14:01:11+00:00","mainEntityOfPage":{"@id":"https:\/\/newsvirali.it\/2023\/11\/06\/fiorello-tv-simbolo-fascista-imbarazzo-rai\/"},"wordCount":403,"commentCount":0,"image":{"@id":"https:\/\/newsvirali.it\/2023\/11\/06\/fiorello-tv-simbolo-fascista-imbarazzo-rai\/#primaryimage"},"thumbnailUrl":"https:\/\/newsvirali.it\/wp-content\/uploads\/2023\/11\/Senza-titolo-1.jpg","articleSection":["Televisione"],"inLanguage":"de","potentialAction":[{"@type":"CommentAction","name":"Comment","target":["https:\/\/newsvirali.it\/2023\/11\/06\/fiorello-tv-simbolo-fascista-imbarazzo-rai\/#respond"]}],"copyrightYear":"2023","copyrightHolder":{"@id":"https:\/\/newsvirali.it\/de\/#organization"}},{"@type":"WebPage","@id":"https:\/\/newsvirali.it\/2023\/11\/06\/fiorello-tv-simbolo-fascista-imbarazzo-rai\/","url":"https:\/\/newsvirali.it\/2023\/11\/06\/fiorello-tv-simbolo-fascista-imbarazzo-rai\/","name":"Fiorello in tv col simbolo fascista: l'imbarazzo della Rai","isPartOf":{"@id":"https:\/\/newsvirali.it\/fr\/#website"},"primaryImageOfPage":{"@id":"https:\/\/newsvirali.it\/2023\/11\/06\/fiorello-tv-simbolo-fascista-imbarazzo-rai\/#primaryimage"},"image":{"@id":"https:\/\/newsvirali.it\/2023\/11\/06\/fiorello-tv-simbolo-fascista-imbarazzo-rai\/#primaryimage"},"thumbnailUrl":"https:\/\/newsvirali.it\/wp-content\/uploads\/2023\/11\/Senza-titolo-1.jpg","datePublished":"2023-11-06T14:01:11+00:00","author":{"@id":"https:\/\/newsvirali.it\/fr\/#\/schema\/person\/4c835f7b49c9adb58b33901ee816565d"},"description":"Fiorello in imbarazzo dopo la notizia della presenza di un simbolo fascista durante un'intervista. Scopri cosa \u00e8 accaduto.","breadcrumb":{"@id":"https:\/\/newsvirali.it\/2023\/11\/06\/fiorello-tv-simbolo-fascista-imbarazzo-rai\/#breadcrumb"},"inLanguage":"de","potentialAction":[{"@type":"ReadAction","target":["https:\/\/newsvirali.it\/2023\/11\/06\/fiorello-tv-simbolo-fascista-imbarazzo-rai\/"]}]},{"@type":"ImageObject","inLanguage":"de","@id":"https:\/\/newsvirali.it\/2023\/11\/06\/fiorello-tv-simbolo-fascista-imbarazzo-rai\/#primaryimage","url":"https:\/\/newsvirali.it\/wp-content\/uploads\/2023\/11\/Senza-titolo-1.jpg","contentUrl":"https:\/\/newsvirali.it\/wp-content\/uploads\/2023\/11\/Senza-titolo-1.jpg","width":1661,"height":867,"caption":"Fiorello in tv col simbolo fascista: l'imbarazzo della Rai"},{"@type":"BreadcrumbList","@id":"https:\/\/newsvirali.it\/2023\/11\/06\/fiorello-tv-simbolo-fascista-imbarazzo-rai\/#breadcrumb","itemListElement":[{"@type":"ListItem","position":1,"name":"Home","item":"https:\/\/newsvirali.it\/fr\/"},{"@type":"ListItem","position":2,"name":"Fiorello in tv col simbolo fascista: l&#8217;imbarazzo della Rai"}]},{"@type":"WebSite","@id":"https:\/\/newsvirali.it\/fr\/#website","url":"https:\/\/newsvirali.it\/fr\/","name":"Bake News","description":"","potentialAction":[{"@type":"SearchAction","target":{"@type":"EntryPoint","urlTemplate":"https:\/\/newsvirali.it\/fr\/?s={search_term_string}"},"query-input":{"@type":"PropertyValueSpecification","valueRequired":true,"valueName":"search_term_string"}}],"inLanguage":"de"},{"@type":"Person","@id":"https:\/\/newsvirali.it\/fr\/#\/schema\/person\/4c835f7b49c9adb58b33901ee816565d","name":"Cecco Prestina","description":"Perch\u00e9 nasconderlo? Cecco Prestina \u00e8 un alias, ma dietro di lui non si cela un algoritmo di intelligenza artificiale. C'\u00e8 un giornalista che ha oltre vent'anni di esperienza tutta sul web. Da quando il primo modem ha iniziato a gracchiare sul territorio italiano con Video on Line, Cecco ha capito che da quel doppino sarebbe passato il futuro. Ha dedidicato tutta la sua carriera a capire Internet e poi i social e ora l'Ai. Una carriera in costante aggiornamento. E questa esperienza la mette in campo ogni giorno. Per\u00f2 ogni tanto Cecco ha voglia anche di non scrivere \"pipponi\" sulla politica, sull'economia. Ha voglia anche di scrivere qualcosa di divertente. Le notizie che trovate su Bake News sono le stesse che Cecco porta all'aperitivo con gli amici. Quelle di cui discutere per farsi due risate. Notizie, vere (qualche volta si fa fatica a crederlo), strane, divertenti, ma anche serie. Bake News \u00e8 nato per questo, dare al pubblico notizie croccanti e calde come il pane che esce dal forno. E Cecco Prestina \u00e8 nato con Bake News.","url":"https:\/\/newsvirali.it\/de\/autore\/cecco-prestina\/"}]}},"_links":{"self":[{"href":"https:\/\/newsvirali.it\/de\/wp-json\/wp\/v2\/posts\/9198","targetHints":{"allow":["GET"]}}],"collection":[{"href":"https:\/\/newsvirali.it\/de\/wp-json\/wp\/v2\/posts"}],"about":[{"href":"https:\/\/newsvirali.it\/de\/wp-json\/wp\/v2\/types\/post"}],"author":[{"embeddable":true,"href":"https:\/\/newsvirali.it\/de\/wp-json\/wp\/v2\/users\/4"}],"replies":[{"embeddable":true,"href":"https:\/\/newsvirali.it\/de\/wp-json\/wp\/v2\/comments?post=9198"}],"version-history":[{"count":2,"href":"https:\/\/newsvirali.it\/de\/wp-json\/wp\/v2\/posts\/9198\/revisions"}],"predecessor-version":[{"id":9201,"href":"https:\/\/newsvirali.it\/de\/wp-json\/wp\/v2\/posts\/9198\/revisions\/9201"}],"wp:featuredmedia":[{"embeddable":true,"href":"https:\/\/newsvirali.it\/de\/wp-json\/wp\/v2\/media\/9199"}],"wp:attachment":[{"href":"https:\/\/newsvirali.it\/de\/wp-json\/wp\/v2\/media?parent=9198"}],"wp:term":[{"taxonomy":"category","embeddable":true,"href":"https:\/\/newsvirali.it\/de\/wp-json\/wp\/v2\/categories?post=9198"},{"taxonomy":"post_tag","embeddable":true,"href":"https:\/\/newsvirali.it\/de\/wp-json\/wp\/v2\/tags?post=9198"}],"curies":[{"name":"wp","href":"https:\/\/api.w.org\/{rel}","templated":true}]}}