{"id":8584,"date":"2023-10-30T09:48:06","date_gmt":"2023-10-30T08:48:06","guid":{"rendered":"https:\/\/www.bakenews.it\/?p=8584"},"modified":"2023-10-30T11:39:12","modified_gmt":"2023-10-30T10:39:12","slug":"i-problemi-di-ilary-blasi-in-turchia-non-riesce-ad-andare-al-gabinetto","status":"publish","type":"post","link":"https:\/\/newsvirali.it\/de\/2023\/10\/30\/ilary-blasis-probleme-in-der-turkei-sie-kann-nicht-auf-die-toilette-gehen\/","title":{"rendered":"Ilary Blasis Probleme in T\u00fcrkiye: Sie kann nicht auf die Toilette gehen"},"content":{"rendered":"<p>Ein Wochenende in der T\u00fcrkei f\u00fcr Ilary Blasi, die eine Pause von ihren beruflichen und famili\u00e4ren Verpflichtungen nutzte, um Istanbul zu besuchen. Die reisebegeisterte Moderatorin teilte einige Aufnahmen ihres Urlaubs in den sozialen Medien und zeigte die Wunder der Stadt mit ihren Moscheen, Basaren und Restaurants. Ob auch ihr Freund Bastian M\u00fcller dabei ist, mit dem sie bereits mehrere Reisen nach Deutschland, Frankreich und Brasilien unternommen hat, ist unklar. Allerdings hatte Ilary Blasi ein besonderes Treffen in Istanbul.<\/p>\n\n\n\n<p><\/p>\n\n\n\n<hr class=\"wp-block-separator has-alpha-channel-opacity\"\/>\n\n\n\n<p><strong>LESEN SIE AUCH<\/strong><\/p>\n\n\n\n<ul class=\"wp-block-list\">\n<li><a href=\"https:\/\/www.bakenews.it\/ilary-blasi-per-il-cinema-e-barbie-fuori-di-testa-ma-chanel-dice-no\/\">Ilary Blasi, f\u00fcr das Kino ist sie \u201eBarbie verr\u00fcckt\u201c. Aber Chanel sagt nein<\/a><\/li>\n\n\n\n<li><a href=\"https:\/\/www.bakenews.it\/easyjet-volo-annulla-volo-bagno-sporco\/\">EasyJet wieder im \u201eSchlamm\u201c: Flug wegen \u201edreckigem\u201c Badezimmer gestrichen<\/a><\/li>\n\n\n\n<li><a href=\"https:\/\/www.bakenews.it\/coppia-focosa-amore-bagno-pubblico-si-vede-tutto-video\/\">Hei\u00dfes Paar liebt sich auf einer \u00f6ffentlichen Toilette, aber man kann alles durch die Fenster sehen: Video online<\/a><\/li>\n<\/ul>\n\n\n\n<hr class=\"wp-block-separator has-alpha-channel-opacity\"\/>\n\n\n\n<p><\/p>\n\n\n\n<h2 class=\"wp-block-heading\" id=\"h-ilary-blasi-e-l-incontro-col-gabinetto-alla-turca\">Ilary Blasi und das Treffen mit der Hocktoilette<\/h2>\n\n\n\n<p>Mit einer Story auf Instagram erfahren wir, dass Ilary Blasi auf die Toilette musste. Wie jeder andere. Doch obwohl sie diesmal luxuri\u00f6se Orte besuchte, musste sie mit der Hocktoilette \u201ekollidieren\u201c. Ein unerwartetes Treffen, wenn man bedenkt, dass die Moderatorin das Badezimmer fotografierte und zwei Emoticons hinzuf\u00fcgte, die ihr etwas verlegenes Vorgehen gut beschreiben. Aber wir sind sicher, dass er am Ende den richtigen Weg gefunden hat, denn wenn er wegl\u00e4uft, l\u00e4uft er weg.<\/p>\n\n\n\n<blockquote class=\"instagram-media\" data-instgrm-captioned data-instgrm-permalink=\"https:\/\/www.instagram.com\/p\/CzBRZeDocL8\/?utm_source=ig_embed&amp;utm_campaign=loading\" data-instgrm-version=\"14\" style=\" background:#FFF; border:0; border-radius:3px; box-shadow:0 0 1px 0 rgba(0,0,0,0.5),0 1px 10px 0 rgba(0,0,0,0.15); margin: 1px; max-width:540px; min-width:326px; padding:0; width:99.375%; width:-webkit-calc(100% - 2px); width:calc(100% - 2px);\"><div style=\"padding:16px;\"> <a href=\"https:\/\/www.instagram.com\/p\/CzBRZeDocL8\/?utm_source=ig_embed&amp;utm_campaign=loading\" style=\" background:#FFFFFF; line-height:0; padding:0 0; text-align:center; text-decoration:none; width:100%;\" target=\"_blank\" rel=\"noopener\"> <div style=\" display: flex; flex-direction: row; align-items: center;\"> <div style=\"background-color: #F4F4F4; border-radius: 50%; flex-grow: 0; height: 40px; margin-right: 14px; width: 40px;\"><\/div> <div style=\"display: flex; flex-direction: column; flex-grow: 1; justify-content: center;\"> <div style=\" background-color: #F4F4F4; border-radius: 4px; flex-grow: 0; height: 14px; margin-bottom: 6px; width: 100px;\"><\/div> <div style=\" background-color: #F4F4F4; border-radius: 4px; flex-grow: 0; height: 14px; width: 60px;\"><\/div><\/div><\/div><div style=\"padding: 19% 0;\"><\/div> <div style=\"display:block; height:50px; margin:0 auto 12px; width:50px;\"><svg width=\"50px\" height=\"50px\" viewbox=\"0 0 60 60\" version=\"1.1\" xmlns=\"https:\/\/www.w3.org\/2000\/svg\" xmlns:xlink=\"https:\/\/www.w3.org\/1999\/xlink\"><g stroke=\"none\" stroke-width=\"1\" fill=\"none\" fill-rule=\"evenodd\"><g transform=\"translate(-511.000000, -20.000000)\" fill=\"#000000\"><g><path d=\"M556.869,30.41 C554.814,30.41 553.148,32.076 553.148,34.131 C553.148,36.186 554.814,37.852 556.869,37.852 C558.924,37.852 560.59,36.186 560.59,34.131 C560.59,32.076 558.924,30.41 556.869,30.41 M541,60.657 C535.114,60.657 530.342,55.887 530.342,50 C530.342,44.114 535.114,39.342 541,39.342 C546.887,39.342 551.658,44.114 551.658,50 C551.658,55.887 546.887,60.657 541,60.657 M541,33.886 C532.1,33.886 524.886,41.1 524.886,50 C524.886,58.899 532.1,66.113 541,66.113 C549.9,66.113 557.115,58.899 557.115,50 C557.115,41.1 549.9,33.886 541,33.886 M565.378,62.101 C565.244,65.022 564.756,66.606 564.346,67.663 C563.803,69.06 563.154,70.057 562.106,71.106 C561.058,72.155 560.06,72.803 558.662,73.347 C557.607,73.757 556.021,74.244 553.102,74.378 C549.944,74.521 548.997,74.552 541,74.552 C533.003,74.552 532.056,74.521 528.898,74.378 C525.979,74.244 524.393,73.757 523.338,73.347 C521.94,72.803 520.942,72.155 519.894,71.106 C518.846,70.057 518.197,69.06 517.654,67.663 C517.244,66.606 516.755,65.022 516.623,62.101 C516.479,58.943 516.448,57.996 516.448,50 C516.448,42.003 516.479,41.056 516.623,37.899 C516.755,34.978 517.244,33.391 517.654,32.338 C518.197,30.938 518.846,29.942 519.894,28.894 C520.942,27.846 521.94,27.196 523.338,26.654 C524.393,26.244 525.979,25.756 528.898,25.623 C532.057,25.479 533.004,25.448 541,25.448 C548.997,25.448 549.943,25.479 553.102,25.623 C556.021,25.756 557.607,26.244 558.662,26.654 C560.06,27.196 561.058,27.846 562.106,28.894 C563.154,29.942 563.803,30.938 564.346,32.338 C564.756,33.391 565.244,34.978 565.378,37.899 C565.522,41.056 565.552,42.003 565.552,50 C565.552,57.996 565.522,58.943 565.378,62.101 M570.82,37.631 C570.674,34.438 570.167,32.258 569.425,30.349 C568.659,28.377 567.633,26.702 565.965,25.035 C564.297,23.368 562.623,22.342 560.652,21.575 C558.743,20.834 556.562,20.326 553.369,20.18 C550.169,20.033 549.148,20 541,20 C532.853,20 531.831,20.033 528.631,20.18 C525.438,20.326 523.257,20.834 521.349,21.575 C519.376,22.342 517.703,23.368 516.035,25.035 C514.368,26.702 513.342,28.377 512.574,30.349 C511.834,32.258 511.326,34.438 511.181,37.631 C511.035,40.831 511,41.851 511,50 C511,58.147 511.035,59.17 511.181,62.369 C511.326,65.562 511.834,67.743 512.574,69.651 C513.342,71.625 514.368,73.296 516.035,74.965 C517.703,76.634 519.376,77.658 521.349,78.425 C523.257,79.167 525.438,79.673 528.631,79.82 C531.831,79.965 532.853,80.001 541,80.001 C549.148,80.001 550.169,79.965 553.369,79.82 C556.562,79.673 558.743,79.167 560.652,78.425 C562.623,77.658 564.297,76.634 565.965,74.965 C567.633,73.296 568.659,71.625 569.425,69.651 C570.167,67.743 570.674,65.562 570.82,62.369 C570.966,59.17 571,58.147 571,50 C571,41.851 570.966,40.831 570.82,37.631\"><\/path><\/g><\/g><\/g><\/svg><\/div><div style=\"padding-top: 8px;\"> <div style=\" color:#3897f0; font-family:Arial,sans-serif; font-size:14px; font-style:normal; font-weight:550; line-height:18px;\">Sehen Sie sich diesen Beitrag auf Instagram an<\/div><\/div><div style=\"padding: 12.5% 0;\"><\/div> <div style=\"display: flex; flex-direction: row; margin-bottom: 14px; align-items: center;\"><div> <div style=\"background-color: #F4F4F4; border-radius: 50%; height: 12.5px; width: 12.5px; transform: translateX(0px) translateY(7px);\"><\/div> <div style=\"background-color: #F4F4F4; height: 12.5px; transform: rotate(-45deg) translateX(3px) translateY(1px); width: 12.5px; flex-grow: 0; margin-right: 14px; margin-left: 2px;\"><\/div> <div style=\"background-color: #F4F4F4; border-radius: 50%; height: 12.5px; width: 12.5px; transform: translateX(9px) translateY(-18px);\"><\/div><\/div><div style=\"margin-left: 8px;\"> <div style=\" background-color: #F4F4F4; border-radius: 50%; flex-grow: 0; height: 20px; width: 20px;\"><\/div> <div style=\" width: 0; height: 0; border-top: 2px solid transparent; border-left: 6px solid #f4f4f4; border-bottom: 2px solid transparent; transform: translateX(16px) translateY(-4px) rotate(30deg)\"><\/div><\/div><div style=\"margin-left: auto;\"> <div style=\" width: 0px; border-top: 8px solid #F4F4F4; border-right: 8px solid transparent; transform: translateY(16px);\"><\/div> <div style=\" background-color: #F4F4F4; flex-grow: 0; height: 12px; width: 16px; transform: translateY(-4px);\"><\/div> <div style=\" width: 0; height: 0; border-top: 8px solid #F4F4F4; border-left: 8px solid transparent; transform: translateY(-4px) translateX(8px);\"><\/div><\/div><\/div> <div style=\"display: flex; flex-direction: column; flex-grow: 1; justify-content: center; margin-bottom: 24px;\"> <div style=\" background-color: #F4F4F4; border-radius: 4px; flex-grow: 0; height: 14px; margin-bottom: 6px; width: 224px;\"><\/div> <div style=\" background-color: #F4F4F4; border-radius: 4px; flex-grow: 0; height: 14px; width: 144px;\"><\/div><\/div><\/a><p style=\" color:#c9c8cd; font-family:Arial,sans-serif; font-size:14px; line-height:17px; margin-bottom:0; margin-top:8px; overflow:hidden; padding:8px 0 7px; text-align:center; text-overflow:ellipsis; white-space:nowrap;\"><a href=\"https:\/\/www.instagram.com\/p\/CzBRZeDocL8\/?utm_source=ig_embed&amp;utm_campaign=loading\" style=\" color:#c9c8cd; font-family:Arial,sans-serif; font-size:14px; font-style:normal; font-weight:normal; line-height:17px; text-decoration:none;\" target=\"_blank\" rel=\"noopener\">Ein von Lookdavip | geteilter Beitrag TgCom24 (@lookdavip)<\/a><\/p><\/div><\/blockquote> <script async src=\"\/\/www.instagram.com\/embed.js\"><\/script>\n\n\n\n<h2 class=\"wp-block-heading\" id=\"h-perche-si-dice-gabinetto-alla-turca\">Warum hei\u00dft es Hocktoilette?<\/h2>\n\n\n\n<p>Mit dem Begriff \u201eHocktoilette\u201c wird ein Toilettentyp bezeichnet, der aus einer Plattform mit einem Loch in der Mitte besteht, in die sich der Benutzer hockt, um seine Notdurft zu verrichten. Dieses System ist in vielen L\u00e4ndern des Nahen Ostens, Asiens und Afrikas verbreitet, aber auch in einigen Gebieten Europas, beispielsweise in der T\u00fcrkei, von der sich der Name ableitet. Einigen Quellen zufolge geht der Begriff \u201eHocktoilette\u201c auf die Zeit der Kreuzz\u00fcge zur\u00fcck, als christliche Ritter mit den Hygienegewohnheiten der Muslime in Ber\u00fchrung kamen, die diese Art von Dienst in Anspruch nahmen. Die Kreuzfahrer, die es gewohnt waren, auf einem Becher mit einem Loch zu sitzen, das mit einem Abwasserkanal verbunden war, waren \u00fcberrascht und beunruhigt \u00fcber diese Praxis, die sie als unzivilisiert und unhygienisch betrachteten. Um den kulturellen und religi\u00f6sen Unterschied hervorzuheben, nannten sie diese Gottesdienste \u201et\u00fcrkischen Stil\u201c, da die T\u00fcrkei der Hauptfeind der Christen im Osten war.<\/p>\n\n\n\n<p>Allerdings sind sich nicht alle Historiker mit dieser Erkl\u00e4rung einig. Einige argumentieren, dass der Begriff \u201eHocktoilette\u201c erst in j\u00fcngerer Zeit, im 18. Jahrhundert, entstanden ist, als europ\u00e4ische Reisende die T\u00fcrkei besuchten und ihre Br\u00e4uche und Traditionen beschrieben. Insbesondere der Franzose Charles de Peyssonnel berichtete in seinem 1784 ver\u00f6ffentlichten Buch \u201eVoyage dans les r\u00e9gences de Tunis et d&#039;Alger\u201c, dass er Toiletten gesehen hatte, die aus einer in den Boden gegrabenen Grube bestanden und an den Seiten zwei Ziegelsteine besa\u00dfen Platziere deine F\u00fc\u00dfe. Diese Beschreibung beeindruckte die europ\u00e4ischen Leser, die diese Art von Dienstleistung mit der T\u00fcrkei in Verbindung brachten und sie deshalb \u201eHocktoilette\u201c nannten.<\/p>\n<br \/>Folgen Sie uns auch auf Google News: <b><a href=\"https:\/\/news.google.com\/publications\/CAAqBwgKMNqJiwswjMfqAg?hl=it&gl=IT&ceid=IT:it\" target=\"_blank\">klicken Sie hier<\/a><\/b>","protected":false},"excerpt":{"rendered":"<p>Ilary Blasi erz\u00e4hlt in ihrer neuen Reise mit Fotos von dem Missgeschick, das sich in T\u00fcrkiye w\u00e4hrend einer Pinkelpause ereignete.<\/p>","protected":false},"author":4,"featured_media":8588,"comment_status":"open","ping_status":"open","sticky":false,"template":"","format":"standard","meta":{"MSN_Categories":"Uncategorized","MSN_Publish_Option":false,"MSN_Is_Local_News":false,"MSN_Is_AIAC_Included":"Empty","MSN_Location":"[]","MSN_Add_Feature_Img_On_Top_Of_Post":false,"MSN_Has_Custom_Author":false,"MSN_Custom_Author":"","MSN_Has_Custom_Canonical_Url":false,"MSN_Custom_Canonical_Url":"","footnotes":""},"categories":[5],"tags":[],"class_list":["post-8584","post","type-post","status-publish","format-standard","has-post-thumbnail","hentry","category-gossip"],"acf":[],"yoast_head":"<!-- This site is optimized with the Yoast SEO Premium plugin v26.7 (Yoast SEO v26.7) - https:\/\/yoast.com\/wordpress\/plugins\/seo\/ -->\n<title>I problemi di Ilary Blasi in Turchia: non riesce ad andare al gabinetto<\/title>\n<meta name=\"description\" content=\"Ilary Blasi nel suo nuovo viaggio racconta con delle foto la disavventura avvenuta in Turchia durante una pausa pip\u00ec.\" \/>\n<meta name=\"robots\" content=\"index, follow, max-snippet:-1, max-image-preview:large, max-video-preview:-1\" \/>\n<link rel=\"canonical\" href=\"https:\/\/newsvirali.it\/de\/2023\/10\/30\/ilary-blasis-probleme-in-der-turkei-sie-kann-nicht-auf-die-toilette-gehen\/\" \/>\n<meta property=\"og:locale\" content=\"de_DE\" \/>\n<meta property=\"og:type\" content=\"article\" \/>\n<meta property=\"og:title\" content=\"I problemi di Ilary Blasi in Turchia: non riesce ad andare al gabinetto\" \/>\n<meta property=\"og:description\" content=\"Ilary Blasi nel suo nuovo viaggio racconta con delle foto la disavventura avvenuta in Turchia durante una pausa pip\u00ec.\" \/>\n<meta property=\"og:url\" content=\"https:\/\/newsvirali.it\/de\/2023\/10\/30\/ilary-blasis-probleme-in-der-turkei-sie-kann-nicht-auf-die-toilette-gehen\/\" \/>\n<meta property=\"og:site_name\" content=\"News virali\" \/>\n<meta property=\"article:published_time\" content=\"2023-10-30T08:48:06+00:00\" \/>\n<meta property=\"article:modified_time\" content=\"2023-10-30T10:39:12+00:00\" \/>\n<meta property=\"og:image\" content=\"https:\/\/newsvirali.it\/wp-content\/uploads\/2023\/10\/Collage-Maker-30-Oct-2023-09-11-AM-4954.jpg\" \/>\n\t<meta property=\"og:image:width\" content=\"2560\" \/>\n\t<meta property=\"og:image:height\" content=\"1440\" \/>\n\t<meta property=\"og:image:type\" content=\"image\/jpeg\" \/>\n<meta name=\"author\" content=\"Cecco Prestina\" \/>\n<meta name=\"twitter:card\" content=\"summary_large_image\" \/>\n<meta name=\"twitter:label1\" content=\"Verfasst von\" \/>\n\t<meta name=\"twitter:data1\" content=\"Cecco Prestina\" \/>\n\t<meta name=\"twitter:label2\" content=\"Gesch\u00e4tzte Lesezeit\" \/>\n\t<meta name=\"twitter:data2\" content=\"3\u00a0Minuten\" \/>\n<script type=\"application\/ld+json\" class=\"yoast-schema-graph\">{\"@context\":\"https:\/\/schema.org\",\"@graph\":[{\"@type\":\"NewsArticle\",\"@id\":\"https:\/\/newsvirali.it\/2023\/10\/30\/i-problemi-di-ilary-blasi-in-turchia-non-riesce-ad-andare-al-gabinetto\/#article\",\"isPartOf\":{\"@id\":\"https:\/\/newsvirali.it\/2023\/10\/30\/i-problemi-di-ilary-blasi-in-turchia-non-riesce-ad-andare-al-gabinetto\/\"},\"author\":{\"name\":\"Cecco Prestina\",\"@id\":\"https:\/\/newsvirali.it\/fr\/#\/schema\/person\/4c835f7b49c9adb58b33901ee816565d\"},\"headline\":\"I problemi di Ilary Blasi in Turchia: non riesce ad andare al gabinetto\",\"datePublished\":\"2023-10-30T08:48:06+00:00\",\"dateModified\":\"2023-10-30T10:39:12+00:00\",\"mainEntityOfPage\":{\"@id\":\"https:\/\/newsvirali.it\/2023\/10\/30\/i-problemi-di-ilary-blasi-in-turchia-non-riesce-ad-andare-al-gabinetto\/\"},\"wordCount\":498,\"commentCount\":0,\"image\":{\"@id\":\"https:\/\/newsvirali.it\/2023\/10\/30\/i-problemi-di-ilary-blasi-in-turchia-non-riesce-ad-andare-al-gabinetto\/#primaryimage\"},\"thumbnailUrl\":\"https:\/\/newsvirali.it\/wp-content\/uploads\/2023\/10\/Collage-Maker-30-Oct-2023-09-11-AM-4954.jpg\",\"articleSection\":[\"Gossip\"],\"inLanguage\":\"de\",\"potentialAction\":[{\"@type\":\"CommentAction\",\"name\":\"Comment\",\"target\":[\"https:\/\/newsvirali.it\/2023\/10\/30\/i-problemi-di-ilary-blasi-in-turchia-non-riesce-ad-andare-al-gabinetto\/#respond\"]}],\"copyrightYear\":\"2023\",\"copyrightHolder\":{\"@id\":\"https:\/\/newsvirali.it\/de\/#organization\"}},{\"@type\":\"WebPage\",\"@id\":\"https:\/\/newsvirali.it\/2023\/10\/30\/i-problemi-di-ilary-blasi-in-turchia-non-riesce-ad-andare-al-gabinetto\/\",\"url\":\"https:\/\/newsvirali.it\/2023\/10\/30\/i-problemi-di-ilary-blasi-in-turchia-non-riesce-ad-andare-al-gabinetto\/\",\"name\":\"I problemi di Ilary Blasi in Turchia: non riesce ad andare al gabinetto\",\"isPartOf\":{\"@id\":\"https:\/\/newsvirali.it\/fr\/#website\"},\"primaryImageOfPage\":{\"@id\":\"https:\/\/newsvirali.it\/2023\/10\/30\/i-problemi-di-ilary-blasi-in-turchia-non-riesce-ad-andare-al-gabinetto\/#primaryimage\"},\"image\":{\"@id\":\"https:\/\/newsvirali.it\/2023\/10\/30\/i-problemi-di-ilary-blasi-in-turchia-non-riesce-ad-andare-al-gabinetto\/#primaryimage\"},\"thumbnailUrl\":\"https:\/\/newsvirali.it\/wp-content\/uploads\/2023\/10\/Collage-Maker-30-Oct-2023-09-11-AM-4954.jpg\",\"datePublished\":\"2023-10-30T08:48:06+00:00\",\"dateModified\":\"2023-10-30T10:39:12+00:00\",\"author\":{\"@id\":\"https:\/\/newsvirali.it\/fr\/#\/schema\/person\/4c835f7b49c9adb58b33901ee816565d\"},\"description\":\"Ilary Blasi nel suo nuovo viaggio racconta con delle foto la disavventura avvenuta in Turchia durante una pausa pip\u00ec.\",\"breadcrumb\":{\"@id\":\"https:\/\/newsvirali.it\/2023\/10\/30\/i-problemi-di-ilary-blasi-in-turchia-non-riesce-ad-andare-al-gabinetto\/#breadcrumb\"},\"inLanguage\":\"de\",\"potentialAction\":[{\"@type\":\"ReadAction\",\"target\":[\"https:\/\/newsvirali.it\/2023\/10\/30\/i-problemi-di-ilary-blasi-in-turchia-non-riesce-ad-andare-al-gabinetto\/\"]}]},{\"@type\":\"ImageObject\",\"inLanguage\":\"de\",\"@id\":\"https:\/\/newsvirali.it\/2023\/10\/30\/i-problemi-di-ilary-blasi-in-turchia-non-riesce-ad-andare-al-gabinetto\/#primaryimage\",\"url\":\"https:\/\/newsvirali.it\/wp-content\/uploads\/2023\/10\/Collage-Maker-30-Oct-2023-09-11-AM-4954.jpg\",\"contentUrl\":\"https:\/\/newsvirali.it\/wp-content\/uploads\/2023\/10\/Collage-Maker-30-Oct-2023-09-11-AM-4954.jpg\",\"width\":2560,\"height\":1440,\"caption\":\"I problemi di Ilary Blasi in Turchia: non riesce ad andare al gabinetto\"},{\"@type\":\"BreadcrumbList\",\"@id\":\"https:\/\/newsvirali.it\/2023\/10\/30\/i-problemi-di-ilary-blasi-in-turchia-non-riesce-ad-andare-al-gabinetto\/#breadcrumb\",\"itemListElement\":[{\"@type\":\"ListItem\",\"position\":1,\"name\":\"Home\",\"item\":\"https:\/\/newsvirali.it\/fr\/\"},{\"@type\":\"ListItem\",\"position\":2,\"name\":\"I problemi di Ilary Blasi in Turchia: non riesce ad andare al gabinetto\"}]},{\"@type\":\"WebSite\",\"@id\":\"https:\/\/newsvirali.it\/fr\/#website\",\"url\":\"https:\/\/newsvirali.it\/fr\/\",\"name\":\"Bake News\",\"description\":\"\",\"potentialAction\":[{\"@type\":\"SearchAction\",\"target\":{\"@type\":\"EntryPoint\",\"urlTemplate\":\"https:\/\/newsvirali.it\/fr\/?s={search_term_string}\"},\"query-input\":{\"@type\":\"PropertyValueSpecification\",\"valueRequired\":true,\"valueName\":\"search_term_string\"}}],\"inLanguage\":\"de\"},{\"@type\":\"Person\",\"@id\":\"https:\/\/newsvirali.it\/fr\/#\/schema\/person\/4c835f7b49c9adb58b33901ee816565d\",\"name\":\"Cecco Prestina\",\"description\":\"Perch\u00e9 nasconderlo? Cecco Prestina \u00e8 un alias, ma dietro di lui non si cela un algoritmo di intelligenza artificiale. C'\u00e8 un giornalista che ha oltre vent'anni di esperienza tutta sul web. Da quando il primo modem ha iniziato a gracchiare sul territorio italiano con Video on Line, Cecco ha capito che da quel doppino sarebbe passato il futuro. Ha dedidicato tutta la sua carriera a capire Internet e poi i social e ora l'Ai. Una carriera in costante aggiornamento. E questa esperienza la mette in campo ogni giorno. Per\u00f2 ogni tanto Cecco ha voglia anche di non scrivere \\\"pipponi\\\" sulla politica, sull'economia. Ha voglia anche di scrivere qualcosa di divertente. Le notizie che trovate su Bake News sono le stesse che Cecco porta all'aperitivo con gli amici. Quelle di cui discutere per farsi due risate. Notizie, vere (qualche volta si fa fatica a crederlo), strane, divertenti, ma anche serie. Bake News \u00e8 nato per questo, dare al pubblico notizie croccanti e calde come il pane che esce dal forno. E Cecco Prestina \u00e8 nato con Bake News.\",\"url\":\"https:\/\/newsvirali.it\/de\/autore\/cecco-prestina\/\"}]}<\/script>\n<!-- \/ Yoast SEO Premium plugin. -->","yoast_head_json":{"title":"I problemi di Ilary Blasi in Turchia: non riesce ad andare al gabinetto","description":"Ilary Blasi nel suo nuovo viaggio racconta con delle foto la disavventura avvenuta in Turchia durante una pausa pip\u00ec.","robots":{"index":"index","follow":"follow","max-snippet":"max-snippet:-1","max-image-preview":"max-image-preview:large","max-video-preview":"max-video-preview:-1"},"canonical":"https:\/\/newsvirali.it\/de\/2023\/10\/30\/ilary-blasis-probleme-in-der-turkei-sie-kann-nicht-auf-die-toilette-gehen\/","og_locale":"de_DE","og_type":"article","og_title":"I problemi di Ilary Blasi in Turchia: non riesce ad andare al gabinetto","og_description":"Ilary Blasi nel suo nuovo viaggio racconta con delle foto la disavventura avvenuta in Turchia durante una pausa pip\u00ec.","og_url":"https:\/\/newsvirali.it\/de\/2023\/10\/30\/ilary-blasis-probleme-in-der-turkei-sie-kann-nicht-auf-die-toilette-gehen\/","og_site_name":"News virali","article_published_time":"2023-10-30T08:48:06+00:00","article_modified_time":"2023-10-30T10:39:12+00:00","og_image":[{"width":2560,"height":1440,"url":"https:\/\/newsvirali.it\/wp-content\/uploads\/2023\/10\/Collage-Maker-30-Oct-2023-09-11-AM-4954.jpg","type":"image\/jpeg"}],"author":"Cecco Prestina","twitter_card":"summary_large_image","twitter_misc":{"Verfasst von":"Cecco Prestina","Gesch\u00e4tzte Lesezeit":"3\u00a0Minuten"},"schema":{"@context":"https:\/\/schema.org","@graph":[{"@type":"NewsArticle","@id":"https:\/\/newsvirali.it\/2023\/10\/30\/i-problemi-di-ilary-blasi-in-turchia-non-riesce-ad-andare-al-gabinetto\/#article","isPartOf":{"@id":"https:\/\/newsvirali.it\/2023\/10\/30\/i-problemi-di-ilary-blasi-in-turchia-non-riesce-ad-andare-al-gabinetto\/"},"author":{"name":"Cecco Prestina","@id":"https:\/\/newsvirali.it\/fr\/#\/schema\/person\/4c835f7b49c9adb58b33901ee816565d"},"headline":"I problemi di Ilary Blasi in Turchia: non riesce ad andare al gabinetto","datePublished":"2023-10-30T08:48:06+00:00","dateModified":"2023-10-30T10:39:12+00:00","mainEntityOfPage":{"@id":"https:\/\/newsvirali.it\/2023\/10\/30\/i-problemi-di-ilary-blasi-in-turchia-non-riesce-ad-andare-al-gabinetto\/"},"wordCount":498,"commentCount":0,"image":{"@id":"https:\/\/newsvirali.it\/2023\/10\/30\/i-problemi-di-ilary-blasi-in-turchia-non-riesce-ad-andare-al-gabinetto\/#primaryimage"},"thumbnailUrl":"https:\/\/newsvirali.it\/wp-content\/uploads\/2023\/10\/Collage-Maker-30-Oct-2023-09-11-AM-4954.jpg","articleSection":["Gossip"],"inLanguage":"de","potentialAction":[{"@type":"CommentAction","name":"Comment","target":["https:\/\/newsvirali.it\/2023\/10\/30\/i-problemi-di-ilary-blasi-in-turchia-non-riesce-ad-andare-al-gabinetto\/#respond"]}],"copyrightYear":"2023","copyrightHolder":{"@id":"https:\/\/newsvirali.it\/de\/#organization"}},{"@type":"WebPage","@id":"https:\/\/newsvirali.it\/2023\/10\/30\/i-problemi-di-ilary-blasi-in-turchia-non-riesce-ad-andare-al-gabinetto\/","url":"https:\/\/newsvirali.it\/2023\/10\/30\/i-problemi-di-ilary-blasi-in-turchia-non-riesce-ad-andare-al-gabinetto\/","name":"I problemi di Ilary Blasi in Turchia: non riesce ad andare al gabinetto","isPartOf":{"@id":"https:\/\/newsvirali.it\/fr\/#website"},"primaryImageOfPage":{"@id":"https:\/\/newsvirali.it\/2023\/10\/30\/i-problemi-di-ilary-blasi-in-turchia-non-riesce-ad-andare-al-gabinetto\/#primaryimage"},"image":{"@id":"https:\/\/newsvirali.it\/2023\/10\/30\/i-problemi-di-ilary-blasi-in-turchia-non-riesce-ad-andare-al-gabinetto\/#primaryimage"},"thumbnailUrl":"https:\/\/newsvirali.it\/wp-content\/uploads\/2023\/10\/Collage-Maker-30-Oct-2023-09-11-AM-4954.jpg","datePublished":"2023-10-30T08:48:06+00:00","dateModified":"2023-10-30T10:39:12+00:00","author":{"@id":"https:\/\/newsvirali.it\/fr\/#\/schema\/person\/4c835f7b49c9adb58b33901ee816565d"},"description":"Ilary Blasi nel suo nuovo viaggio racconta con delle foto la disavventura avvenuta in Turchia durante una pausa pip\u00ec.","breadcrumb":{"@id":"https:\/\/newsvirali.it\/2023\/10\/30\/i-problemi-di-ilary-blasi-in-turchia-non-riesce-ad-andare-al-gabinetto\/#breadcrumb"},"inLanguage":"de","potentialAction":[{"@type":"ReadAction","target":["https:\/\/newsvirali.it\/2023\/10\/30\/i-problemi-di-ilary-blasi-in-turchia-non-riesce-ad-andare-al-gabinetto\/"]}]},{"@type":"ImageObject","inLanguage":"de","@id":"https:\/\/newsvirali.it\/2023\/10\/30\/i-problemi-di-ilary-blasi-in-turchia-non-riesce-ad-andare-al-gabinetto\/#primaryimage","url":"https:\/\/newsvirali.it\/wp-content\/uploads\/2023\/10\/Collage-Maker-30-Oct-2023-09-11-AM-4954.jpg","contentUrl":"https:\/\/newsvirali.it\/wp-content\/uploads\/2023\/10\/Collage-Maker-30-Oct-2023-09-11-AM-4954.jpg","width":2560,"height":1440,"caption":"I problemi di Ilary Blasi in Turchia: non riesce ad andare al gabinetto"},{"@type":"BreadcrumbList","@id":"https:\/\/newsvirali.it\/2023\/10\/30\/i-problemi-di-ilary-blasi-in-turchia-non-riesce-ad-andare-al-gabinetto\/#breadcrumb","itemListElement":[{"@type":"ListItem","position":1,"name":"Home","item":"https:\/\/newsvirali.it\/fr\/"},{"@type":"ListItem","position":2,"name":"I problemi di Ilary Blasi in Turchia: non riesce ad andare al gabinetto"}]},{"@type":"WebSite","@id":"https:\/\/newsvirali.it\/fr\/#website","url":"https:\/\/newsvirali.it\/fr\/","name":"Bake News","description":"","potentialAction":[{"@type":"SearchAction","target":{"@type":"EntryPoint","urlTemplate":"https:\/\/newsvirali.it\/fr\/?s={search_term_string}"},"query-input":{"@type":"PropertyValueSpecification","valueRequired":true,"valueName":"search_term_string"}}],"inLanguage":"de"},{"@type":"Person","@id":"https:\/\/newsvirali.it\/fr\/#\/schema\/person\/4c835f7b49c9adb58b33901ee816565d","name":"Cecco Prestina","description":"Perch\u00e9 nasconderlo? Cecco Prestina \u00e8 un alias, ma dietro di lui non si cela un algoritmo di intelligenza artificiale. C'\u00e8 un giornalista che ha oltre vent'anni di esperienza tutta sul web. Da quando il primo modem ha iniziato a gracchiare sul territorio italiano con Video on Line, Cecco ha capito che da quel doppino sarebbe passato il futuro. Ha dedidicato tutta la sua carriera a capire Internet e poi i social e ora l'Ai. Una carriera in costante aggiornamento. E questa esperienza la mette in campo ogni giorno. Per\u00f2 ogni tanto Cecco ha voglia anche di non scrivere \"pipponi\" sulla politica, sull'economia. Ha voglia anche di scrivere qualcosa di divertente. Le notizie che trovate su Bake News sono le stesse che Cecco porta all'aperitivo con gli amici. Quelle di cui discutere per farsi due risate. Notizie, vere (qualche volta si fa fatica a crederlo), strane, divertenti, ma anche serie. Bake News \u00e8 nato per questo, dare al pubblico notizie croccanti e calde come il pane che esce dal forno. E Cecco Prestina \u00e8 nato con Bake News.","url":"https:\/\/newsvirali.it\/de\/autore\/cecco-prestina\/"}]}},"_links":{"self":[{"href":"https:\/\/newsvirali.it\/de\/wp-json\/wp\/v2\/posts\/8584","targetHints":{"allow":["GET"]}}],"collection":[{"href":"https:\/\/newsvirali.it\/de\/wp-json\/wp\/v2\/posts"}],"about":[{"href":"https:\/\/newsvirali.it\/de\/wp-json\/wp\/v2\/types\/post"}],"author":[{"embeddable":true,"href":"https:\/\/newsvirali.it\/de\/wp-json\/wp\/v2\/users\/4"}],"replies":[{"embeddable":true,"href":"https:\/\/newsvirali.it\/de\/wp-json\/wp\/v2\/comments?post=8584"}],"version-history":[{"count":7,"href":"https:\/\/newsvirali.it\/de\/wp-json\/wp\/v2\/posts\/8584\/revisions"}],"predecessor-version":[{"id":8614,"href":"https:\/\/newsvirali.it\/de\/wp-json\/wp\/v2\/posts\/8584\/revisions\/8614"}],"wp:featuredmedia":[{"embeddable":true,"href":"https:\/\/newsvirali.it\/de\/wp-json\/wp\/v2\/media\/8588"}],"wp:attachment":[{"href":"https:\/\/newsvirali.it\/de\/wp-json\/wp\/v2\/media?parent=8584"}],"wp:term":[{"taxonomy":"category","embeddable":true,"href":"https:\/\/newsvirali.it\/de\/wp-json\/wp\/v2\/categories?post=8584"},{"taxonomy":"post_tag","embeddable":true,"href":"https:\/\/newsvirali.it\/de\/wp-json\/wp\/v2\/tags?post=8584"}],"curies":[{"name":"wp","href":"https:\/\/api.w.org\/{rel}","templated":true}]}}