{"id":8098,"date":"2023-10-23T14:40:02","date_gmt":"2023-10-23T12:40:02","guid":{"rendered":"https:\/\/www.bakenews.it\/?p=8098"},"modified":"2023-10-23T14:40:03","modified_gmt":"2023-10-23T12:40:03","slug":"andrea-giambruno-e-la-forte-amicizia-con-simona-branchetti-cosa-ce-sotto","status":"publish","type":"post","link":"https:\/\/newsvirali.it\/de\/2023\/10\/23\/andrea-giambruno-und-die-starke-freundschaft-mit-simona-branchetti-was-dahinter-steckt\/","title":{"rendered":"Andrea Giambruno und die starke Freundschaft mit Simona Branchetti: Was steckt dahinter?"},"content":{"rendered":"<p>Andrea Giambruno, der von Giorgia Meloni wegen seiner Ausrutscher in der Luft und vor allem au\u00dferhalb der Luft entlassen wurde, steht immer noch im Mittelpunkt des politischen Klatsches. Etwas zu h\u00e4ufig wird ihr Name mit dem ihrer Kollegin Simona Branchetti in Verbindung gebracht. Die beiden verbindet eine tiefe Freundschaft, wie sie selbst nach dem Sturm, der Giambruno verw\u00fcstete, sagte. Das Gesicht von Tg5 bei Repubblica stellte klar, dass keine Verbindung zu seinem Kollegen besteht. Es war Dagospia, der den Klatsch in Umlauf brachte, aber vor kurzem ist er zur Truppe zur\u00fcckgekehrt.<\/p>\n\n\n\n<p><\/p>\n\n\n\n<hr class=\"wp-block-separator has-alpha-channel-opacity\"\/>\n\n\n\n<p><strong>LESEN SIE AUCH<\/strong><\/p>\n\n\n\n<ul class=\"wp-block-list\">\n<li><a href=\"https:\/\/www.bakenews.it\/giorgia-meloni-lascia-giambruno-gaffe-separazione\/\">Giorgia Meloni verl\u00e4sst Giambruno, alle Patzer, die zur Trennung gef\u00fchrt haben<\/a><\/li>\n\n\n\n<li><a href=\"https:\/\/www.bakenews.it\/massacrato-da-striscia-la-notizia-giambruno-sparisce-dalla-tv\/\">Giambruno wird von Striscia la Notizia \u201eabgeschlachtet\u201c und verschwindet aus dem Fernsehen<\/a><\/li>\n<\/ul>\n\n\n\n<hr class=\"wp-block-separator has-alpha-channel-opacity\"\/>\n\n\n\n<p><\/p>\n\n\n\n<p>Der <a href=\"http:\/\/www.dagospia.it\">Website von Roberto D&#039;Agostino<\/a> Er erinnerte sich daran, wie Andrea Giambruno in den letzten Jahren, bevor er sich dem Charme der Kamera hingab, Kolumnist f\u00fcr Il Tempo war, wo er \u00fcber Politik schrieb. Er hatte eine Kolumne mit dem Titel \u201eSegretissimo\u201c, die er unter dem Pseudonym Arnaldo Magro leitete. Offensichtlich meinte er, dass die Politik \u00fcber Informationen aus erster Hand verf\u00fcgt. Viel Raum wurde Giorgia Meloni gewidmet. Aber eine andere Frau, der er sich in der Kolumne widmete, war Simona Branchetti.<\/p>\n\n\n\n<p>Dann geht Dagospia auf die Zeiten zur\u00fcck, in denen Giambrunos Feder Branchetti gewidmet war. Am 21. August 2021 betonte Arnaldo Magro, dass Morning News von Mediaset \u201edank der hervorragenden Ergebnisse von Branchetti &amp; Co.\u201c erweitert werde. Im selben Artikel verleumdete Arnaldo Magro eine \u201eKrankheit\u201c von Federica Panicucci, der Moderatorin von Mattino Cinque, als er von den guten Nachrichten f\u00fcr den Rivalen Branchetti erfuhr. \u201eEine Gans, die goldene Eier legt\u201c, wurde Branchetti beschrieben und Arnaldo Magro fragte sich: \u201eWarum nicht den magischen Moment des Journalisten aus der Romagna voll ausnutzen?\u201c<\/p>\n\n\n\n<p>Ebenfalls einen Monat zuvor, am 21. Juli 2021, betonte Giambruno in Verkleidung die Rivalit\u00e4t zwischen Branchetti, \u201esch\u00f6n, aber vor allem gut\u201c, und Federica Panicucci. Am 14. August 2021 erreichte Branchettis Sendung \u201everr\u00fcckte Einschaltquotenspitzen\u201c. \u201eZu Recht die Aufmerksamkeit des Top-Managements des Unternehmens auf sich ziehen\u201c, denn \u201eSimona Branchettis Management gef\u00e4llt in der Hand der \u00d6ffentlichkeit\u201c, \u201edie neue und kompetente Gesichter sehen m\u00f6chte\u201c. Am 18. Juni 2022 lobt Arnaldo Magro Simona Branchetti erneut, dieses Mal daf\u00fcr, dass sie sich nicht geweigert hat, fr\u00fch aufzustehen, um die Morning News zu moderieren, im Gegensatz zu den \u201edrei Gesichtern von Tg1, die sich weigern, im Morgengrauen zu arbeiten\u201c.<\/p>\n\n\n\n<h2 class=\"wp-block-heading\" id=\"h-simona-branchetti-solo-amica-di-giambruno\">Simona Branchetti: Giambrunos einzige Freundin<\/h2>\n\n\n\n<p>Simona Branchetti bestritt in einem Interview mit La Repubblica jede romantische Beziehung zu ihrer Kollegin. Branchetti erkl\u00e4rte, dass sie seit zehn Jahren mit Giambruno befreundet sei und dass sie ihn auch in Begleitung von Giorgia Meloni besucht habe, bevor er Premierminister wurde. Er f\u00fcgte hinzu, dass Giambruno ein Scherztyp sei und dass zwischen ihnen nichts mehr sei. Branchetti bat darum, in Ruhe gelassen zu werden und nicht in die Mitte dieser Angelegenheit hineingezogen zu werden. \u201eAndrea und ich kennen uns schon lange, wir arbeiten in der gleichen Firma und sind oft zusammen zum Mittagessen gegangen, auch mit gemeinsamen Freunden: eine geschlossene Gruppe, mit der wir uns ab und zu sehen. Es gab nie etwas zu verbergen. Eines Abends Pizza essen zu gehen, ist also eine normale Sache\u201c, sagte Branchetti. <\/p>\n\n\n\n<p>Und er legt die Messlatte f\u00fcr \u201egiftigen Klatsch\u201c h\u00f6her: \u201eIch rede nicht gern \u00fcber mein Privatleben. Danach nur zur Klarstellung: Seit Juni habe ich einen Partner, der mir sehr am Herzen liegt, und ich m\u00f6chte nicht im Kessel einer so instrumentell aggressiven Aff\u00e4re gegen\u00fcber einem Kollegen landen, der auch fragw\u00fcrdige T\u00f6ne und Verhaltensweisen an den Tag legen wird. Aber wir kennen ihn: Er ist jemand, der mit jedem sogar hart umgeht, vom Barkeeper bis zum Co-Moderator, ob jung oder alt. \u201eMan kann niemanden, der nichts mit dieser Geschichte zu tun hat, in den Fleischwolf stecken.\u201c<\/p>\n<br \/>Folgen Sie uns auch auf Google News: <b><a href=\"https:\/\/news.google.com\/publications\/CAAqBwgKMNqJiwswjMfqAg?hl=it&gl=IT&ceid=IT:it\" target=\"_blank\">klicken Sie hier<\/a><\/b>","protected":false},"excerpt":{"rendered":"<p>Andrea Giambruno, der von Giorgia Meloni wegen seiner Ausrutscher in der Luft und vor allem au\u00dferhalb der Luft entlassen wurde, steht immer noch im Mittelpunkt [\u2026]<\/p>","protected":false},"author":4,"featured_media":8101,"comment_status":"open","ping_status":"open","sticky":false,"template":"","format":"standard","meta":{"MSN_Categories":"Uncategorized","MSN_Publish_Option":false,"MSN_Is_Local_News":false,"MSN_Is_AIAC_Included":"Empty","MSN_Location":"[]","MSN_Add_Feature_Img_On_Top_Of_Post":false,"MSN_Has_Custom_Author":false,"MSN_Custom_Author":"","MSN_Has_Custom_Canonical_Url":false,"MSN_Custom_Canonical_Url":"","footnotes":""},"categories":[5],"tags":[],"class_list":["post-8098","post","type-post","status-publish","format-standard","has-post-thumbnail","hentry","category-gossip"],"acf":[],"yoast_head":"<!-- This site is optimized with the Yoast SEO Premium plugin v26.7 (Yoast SEO v26.7) - https:\/\/yoast.com\/wordpress\/plugins\/seo\/ -->\n<title>Andrea Giambruno e la forte amicizia con Simona Branchetti: cosa c&#039;\u00e8 sotto?<\/title>\n<meta name=\"robots\" content=\"index, follow, max-snippet:-1, max-image-preview:large, max-video-preview:-1\" \/>\n<link rel=\"canonical\" href=\"https:\/\/newsvirali.it\/de\/2023\/10\/23\/andrea-giambruno-und-die-starke-freundschaft-mit-simona-branchetti-was-dahinter-steckt\/\" \/>\n<meta property=\"og:locale\" content=\"de_DE\" \/>\n<meta property=\"og:type\" content=\"article\" \/>\n<meta property=\"og:title\" content=\"Andrea Giambruno e la forte amicizia con Simona Branchetti: cosa c&#039;\u00e8 sotto?\" \/>\n<meta property=\"og:description\" content=\"Andrea Giambruno, mollato da Giorgia Meloni per le sue gaffe in onda e soprattutto fuori onda, \u00e8 ancora al centro [&hellip;]\" \/>\n<meta property=\"og:url\" content=\"https:\/\/newsvirali.it\/de\/2023\/10\/23\/andrea-giambruno-und-die-starke-freundschaft-mit-simona-branchetti-was-dahinter-steckt\/\" \/>\n<meta property=\"og:site_name\" content=\"News virali\" \/>\n<meta property=\"article:published_time\" content=\"2023-10-23T12:40:02+00:00\" \/>\n<meta property=\"article:modified_time\" content=\"2023-10-23T12:40:03+00:00\" \/>\n<meta property=\"og:image\" content=\"https:\/\/newsvirali.it\/wp-content\/uploads\/2023\/10\/Collage-Maker-23-Oct-2023-02-35-PM-8691.jpg\" \/>\n\t<meta property=\"og:image:width\" content=\"2560\" \/>\n\t<meta property=\"og:image:height\" content=\"1440\" \/>\n\t<meta property=\"og:image:type\" content=\"image\/jpeg\" \/>\n<meta name=\"author\" content=\"Cecco Prestina\" \/>\n<meta name=\"twitter:card\" content=\"summary_large_image\" \/>\n<meta name=\"twitter:label1\" content=\"Verfasst von\" \/>\n\t<meta name=\"twitter:data1\" content=\"Cecco Prestina\" \/>\n\t<meta name=\"twitter:label2\" content=\"Gesch\u00e4tzte Lesezeit\" \/>\n\t<meta name=\"twitter:data2\" content=\"4\u00a0Minuten\" \/>\n<script type=\"application\/ld+json\" class=\"yoast-schema-graph\">{\"@context\":\"https:\/\/schema.org\",\"@graph\":[{\"@type\":\"NewsArticle\",\"@id\":\"https:\/\/newsvirali.it\/2023\/10\/23\/andrea-giambruno-e-la-forte-amicizia-con-simona-branchetti-cosa-ce-sotto\/#article\",\"isPartOf\":{\"@id\":\"https:\/\/newsvirali.it\/2023\/10\/23\/andrea-giambruno-e-la-forte-amicizia-con-simona-branchetti-cosa-ce-sotto\/\"},\"author\":{\"name\":\"Cecco Prestina\",\"@id\":\"https:\/\/newsvirali.it\/fr\/#\/schema\/person\/4c835f7b49c9adb58b33901ee816565d\"},\"headline\":\"Andrea Giambruno e la forte amicizia con Simona Branchetti: cosa c&#8217;\u00e8 sotto?\",\"datePublished\":\"2023-10-23T12:40:02+00:00\",\"dateModified\":\"2023-10-23T12:40:03+00:00\",\"mainEntityOfPage\":{\"@id\":\"https:\/\/newsvirali.it\/2023\/10\/23\/andrea-giambruno-e-la-forte-amicizia-con-simona-branchetti-cosa-ce-sotto\/\"},\"wordCount\":612,\"commentCount\":0,\"image\":{\"@id\":\"https:\/\/newsvirali.it\/2023\/10\/23\/andrea-giambruno-e-la-forte-amicizia-con-simona-branchetti-cosa-ce-sotto\/#primaryimage\"},\"thumbnailUrl\":\"https:\/\/newsvirali.it\/wp-content\/uploads\/2023\/10\/Collage-Maker-23-Oct-2023-02-35-PM-8691.jpg\",\"articleSection\":[\"Gossip\"],\"inLanguage\":\"de\",\"potentialAction\":[{\"@type\":\"CommentAction\",\"name\":\"Comment\",\"target\":[\"https:\/\/newsvirali.it\/2023\/10\/23\/andrea-giambruno-e-la-forte-amicizia-con-simona-branchetti-cosa-ce-sotto\/#respond\"]}],\"copyrightYear\":\"2023\",\"copyrightHolder\":{\"@id\":\"https:\/\/newsvirali.it\/de\/#organization\"}},{\"@type\":\"WebPage\",\"@id\":\"https:\/\/newsvirali.it\/2023\/10\/23\/andrea-giambruno-e-la-forte-amicizia-con-simona-branchetti-cosa-ce-sotto\/\",\"url\":\"https:\/\/newsvirali.it\/2023\/10\/23\/andrea-giambruno-e-la-forte-amicizia-con-simona-branchetti-cosa-ce-sotto\/\",\"name\":\"Andrea Giambruno e la forte amicizia con Simona Branchetti: cosa c'\u00e8 sotto?\",\"isPartOf\":{\"@id\":\"https:\/\/newsvirali.it\/fr\/#website\"},\"primaryImageOfPage\":{\"@id\":\"https:\/\/newsvirali.it\/2023\/10\/23\/andrea-giambruno-e-la-forte-amicizia-con-simona-branchetti-cosa-ce-sotto\/#primaryimage\"},\"image\":{\"@id\":\"https:\/\/newsvirali.it\/2023\/10\/23\/andrea-giambruno-e-la-forte-amicizia-con-simona-branchetti-cosa-ce-sotto\/#primaryimage\"},\"thumbnailUrl\":\"https:\/\/newsvirali.it\/wp-content\/uploads\/2023\/10\/Collage-Maker-23-Oct-2023-02-35-PM-8691.jpg\",\"datePublished\":\"2023-10-23T12:40:02+00:00\",\"dateModified\":\"2023-10-23T12:40:03+00:00\",\"author\":{\"@id\":\"https:\/\/newsvirali.it\/fr\/#\/schema\/person\/4c835f7b49c9adb58b33901ee816565d\"},\"breadcrumb\":{\"@id\":\"https:\/\/newsvirali.it\/2023\/10\/23\/andrea-giambruno-e-la-forte-amicizia-con-simona-branchetti-cosa-ce-sotto\/#breadcrumb\"},\"inLanguage\":\"de\",\"potentialAction\":[{\"@type\":\"ReadAction\",\"target\":[\"https:\/\/newsvirali.it\/2023\/10\/23\/andrea-giambruno-e-la-forte-amicizia-con-simona-branchetti-cosa-ce-sotto\/\"]}]},{\"@type\":\"ImageObject\",\"inLanguage\":\"de\",\"@id\":\"https:\/\/newsvirali.it\/2023\/10\/23\/andrea-giambruno-e-la-forte-amicizia-con-simona-branchetti-cosa-ce-sotto\/#primaryimage\",\"url\":\"https:\/\/newsvirali.it\/wp-content\/uploads\/2023\/10\/Collage-Maker-23-Oct-2023-02-35-PM-8691.jpg\",\"contentUrl\":\"https:\/\/newsvirali.it\/wp-content\/uploads\/2023\/10\/Collage-Maker-23-Oct-2023-02-35-PM-8691.jpg\",\"width\":2560,\"height\":1440,\"caption\":\"Andrea Giambruno e la forte amicizia con Simona Branchetti\"},{\"@type\":\"BreadcrumbList\",\"@id\":\"https:\/\/newsvirali.it\/2023\/10\/23\/andrea-giambruno-e-la-forte-amicizia-con-simona-branchetti-cosa-ce-sotto\/#breadcrumb\",\"itemListElement\":[{\"@type\":\"ListItem\",\"position\":1,\"name\":\"Home\",\"item\":\"https:\/\/newsvirali.it\/fr\/\"},{\"@type\":\"ListItem\",\"position\":2,\"name\":\"Andrea Giambruno e la forte amicizia con Simona Branchetti: cosa c&#8217;\u00e8 sotto?\"}]},{\"@type\":\"WebSite\",\"@id\":\"https:\/\/newsvirali.it\/fr\/#website\",\"url\":\"https:\/\/newsvirali.it\/fr\/\",\"name\":\"Bake News\",\"description\":\"\",\"potentialAction\":[{\"@type\":\"SearchAction\",\"target\":{\"@type\":\"EntryPoint\",\"urlTemplate\":\"https:\/\/newsvirali.it\/fr\/?s={search_term_string}\"},\"query-input\":{\"@type\":\"PropertyValueSpecification\",\"valueRequired\":true,\"valueName\":\"search_term_string\"}}],\"inLanguage\":\"de\"},{\"@type\":\"Person\",\"@id\":\"https:\/\/newsvirali.it\/fr\/#\/schema\/person\/4c835f7b49c9adb58b33901ee816565d\",\"name\":\"Cecco Prestina\",\"description\":\"Perch\u00e9 nasconderlo? Cecco Prestina \u00e8 un alias, ma dietro di lui non si cela un algoritmo di intelligenza artificiale. C'\u00e8 un giornalista che ha oltre vent'anni di esperienza tutta sul web. Da quando il primo modem ha iniziato a gracchiare sul territorio italiano con Video on Line, Cecco ha capito che da quel doppino sarebbe passato il futuro. Ha dedidicato tutta la sua carriera a capire Internet e poi i social e ora l'Ai. Una carriera in costante aggiornamento. E questa esperienza la mette in campo ogni giorno. Per\u00f2 ogni tanto Cecco ha voglia anche di non scrivere \\\"pipponi\\\" sulla politica, sull'economia. Ha voglia anche di scrivere qualcosa di divertente. Le notizie che trovate su Bake News sono le stesse che Cecco porta all'aperitivo con gli amici. Quelle di cui discutere per farsi due risate. Notizie, vere (qualche volta si fa fatica a crederlo), strane, divertenti, ma anche serie. Bake News \u00e8 nato per questo, dare al pubblico notizie croccanti e calde come il pane che esce dal forno. E Cecco Prestina \u00e8 nato con Bake News.\",\"url\":\"https:\/\/newsvirali.it\/de\/autore\/cecco-prestina\/\"}]}<\/script>\n<!-- \/ Yoast SEO Premium plugin. -->","yoast_head_json":{"title":"Andrea Giambruno e la forte amicizia con Simona Branchetti: cosa c'\u00e8 sotto?","robots":{"index":"index","follow":"follow","max-snippet":"max-snippet:-1","max-image-preview":"max-image-preview:large","max-video-preview":"max-video-preview:-1"},"canonical":"https:\/\/newsvirali.it\/de\/2023\/10\/23\/andrea-giambruno-und-die-starke-freundschaft-mit-simona-branchetti-was-dahinter-steckt\/","og_locale":"de_DE","og_type":"article","og_title":"Andrea Giambruno e la forte amicizia con Simona Branchetti: cosa c'\u00e8 sotto?","og_description":"Andrea Giambruno, mollato da Giorgia Meloni per le sue gaffe in onda e soprattutto fuori onda, \u00e8 ancora al centro [&hellip;]","og_url":"https:\/\/newsvirali.it\/de\/2023\/10\/23\/andrea-giambruno-und-die-starke-freundschaft-mit-simona-branchetti-was-dahinter-steckt\/","og_site_name":"News virali","article_published_time":"2023-10-23T12:40:02+00:00","article_modified_time":"2023-10-23T12:40:03+00:00","og_image":[{"width":2560,"height":1440,"url":"https:\/\/newsvirali.it\/wp-content\/uploads\/2023\/10\/Collage-Maker-23-Oct-2023-02-35-PM-8691.jpg","type":"image\/jpeg"}],"author":"Cecco Prestina","twitter_card":"summary_large_image","twitter_misc":{"Verfasst von":"Cecco Prestina","Gesch\u00e4tzte Lesezeit":"4\u00a0Minuten"},"schema":{"@context":"https:\/\/schema.org","@graph":[{"@type":"NewsArticle","@id":"https:\/\/newsvirali.it\/2023\/10\/23\/andrea-giambruno-e-la-forte-amicizia-con-simona-branchetti-cosa-ce-sotto\/#article","isPartOf":{"@id":"https:\/\/newsvirali.it\/2023\/10\/23\/andrea-giambruno-e-la-forte-amicizia-con-simona-branchetti-cosa-ce-sotto\/"},"author":{"name":"Cecco Prestina","@id":"https:\/\/newsvirali.it\/fr\/#\/schema\/person\/4c835f7b49c9adb58b33901ee816565d"},"headline":"Andrea Giambruno e la forte amicizia con Simona Branchetti: cosa c&#8217;\u00e8 sotto?","datePublished":"2023-10-23T12:40:02+00:00","dateModified":"2023-10-23T12:40:03+00:00","mainEntityOfPage":{"@id":"https:\/\/newsvirali.it\/2023\/10\/23\/andrea-giambruno-e-la-forte-amicizia-con-simona-branchetti-cosa-ce-sotto\/"},"wordCount":612,"commentCount":0,"image":{"@id":"https:\/\/newsvirali.it\/2023\/10\/23\/andrea-giambruno-e-la-forte-amicizia-con-simona-branchetti-cosa-ce-sotto\/#primaryimage"},"thumbnailUrl":"https:\/\/newsvirali.it\/wp-content\/uploads\/2023\/10\/Collage-Maker-23-Oct-2023-02-35-PM-8691.jpg","articleSection":["Gossip"],"inLanguage":"de","potentialAction":[{"@type":"CommentAction","name":"Comment","target":["https:\/\/newsvirali.it\/2023\/10\/23\/andrea-giambruno-e-la-forte-amicizia-con-simona-branchetti-cosa-ce-sotto\/#respond"]}],"copyrightYear":"2023","copyrightHolder":{"@id":"https:\/\/newsvirali.it\/de\/#organization"}},{"@type":"WebPage","@id":"https:\/\/newsvirali.it\/2023\/10\/23\/andrea-giambruno-e-la-forte-amicizia-con-simona-branchetti-cosa-ce-sotto\/","url":"https:\/\/newsvirali.it\/2023\/10\/23\/andrea-giambruno-e-la-forte-amicizia-con-simona-branchetti-cosa-ce-sotto\/","name":"Andrea Giambruno e la forte amicizia con Simona Branchetti: cosa c'\u00e8 sotto?","isPartOf":{"@id":"https:\/\/newsvirali.it\/fr\/#website"},"primaryImageOfPage":{"@id":"https:\/\/newsvirali.it\/2023\/10\/23\/andrea-giambruno-e-la-forte-amicizia-con-simona-branchetti-cosa-ce-sotto\/#primaryimage"},"image":{"@id":"https:\/\/newsvirali.it\/2023\/10\/23\/andrea-giambruno-e-la-forte-amicizia-con-simona-branchetti-cosa-ce-sotto\/#primaryimage"},"thumbnailUrl":"https:\/\/newsvirali.it\/wp-content\/uploads\/2023\/10\/Collage-Maker-23-Oct-2023-02-35-PM-8691.jpg","datePublished":"2023-10-23T12:40:02+00:00","dateModified":"2023-10-23T12:40:03+00:00","author":{"@id":"https:\/\/newsvirali.it\/fr\/#\/schema\/person\/4c835f7b49c9adb58b33901ee816565d"},"breadcrumb":{"@id":"https:\/\/newsvirali.it\/2023\/10\/23\/andrea-giambruno-e-la-forte-amicizia-con-simona-branchetti-cosa-ce-sotto\/#breadcrumb"},"inLanguage":"de","potentialAction":[{"@type":"ReadAction","target":["https:\/\/newsvirali.it\/2023\/10\/23\/andrea-giambruno-e-la-forte-amicizia-con-simona-branchetti-cosa-ce-sotto\/"]}]},{"@type":"ImageObject","inLanguage":"de","@id":"https:\/\/newsvirali.it\/2023\/10\/23\/andrea-giambruno-e-la-forte-amicizia-con-simona-branchetti-cosa-ce-sotto\/#primaryimage","url":"https:\/\/newsvirali.it\/wp-content\/uploads\/2023\/10\/Collage-Maker-23-Oct-2023-02-35-PM-8691.jpg","contentUrl":"https:\/\/newsvirali.it\/wp-content\/uploads\/2023\/10\/Collage-Maker-23-Oct-2023-02-35-PM-8691.jpg","width":2560,"height":1440,"caption":"Andrea Giambruno e la forte amicizia con Simona Branchetti"},{"@type":"BreadcrumbList","@id":"https:\/\/newsvirali.it\/2023\/10\/23\/andrea-giambruno-e-la-forte-amicizia-con-simona-branchetti-cosa-ce-sotto\/#breadcrumb","itemListElement":[{"@type":"ListItem","position":1,"name":"Home","item":"https:\/\/newsvirali.it\/fr\/"},{"@type":"ListItem","position":2,"name":"Andrea Giambruno e la forte amicizia con Simona Branchetti: cosa c&#8217;\u00e8 sotto?"}]},{"@type":"WebSite","@id":"https:\/\/newsvirali.it\/fr\/#website","url":"https:\/\/newsvirali.it\/fr\/","name":"Bake News","description":"","potentialAction":[{"@type":"SearchAction","target":{"@type":"EntryPoint","urlTemplate":"https:\/\/newsvirali.it\/fr\/?s={search_term_string}"},"query-input":{"@type":"PropertyValueSpecification","valueRequired":true,"valueName":"search_term_string"}}],"inLanguage":"de"},{"@type":"Person","@id":"https:\/\/newsvirali.it\/fr\/#\/schema\/person\/4c835f7b49c9adb58b33901ee816565d","name":"Cecco Prestina","description":"Perch\u00e9 nasconderlo? Cecco Prestina \u00e8 un alias, ma dietro di lui non si cela un algoritmo di intelligenza artificiale. C'\u00e8 un giornalista che ha oltre vent'anni di esperienza tutta sul web. Da quando il primo modem ha iniziato a gracchiare sul territorio italiano con Video on Line, Cecco ha capito che da quel doppino sarebbe passato il futuro. Ha dedidicato tutta la sua carriera a capire Internet e poi i social e ora l'Ai. Una carriera in costante aggiornamento. E questa esperienza la mette in campo ogni giorno. Per\u00f2 ogni tanto Cecco ha voglia anche di non scrivere \"pipponi\" sulla politica, sull'economia. Ha voglia anche di scrivere qualcosa di divertente. Le notizie che trovate su Bake News sono le stesse che Cecco porta all'aperitivo con gli amici. Quelle di cui discutere per farsi due risate. Notizie, vere (qualche volta si fa fatica a crederlo), strane, divertenti, ma anche serie. Bake News \u00e8 nato per questo, dare al pubblico notizie croccanti e calde come il pane che esce dal forno. E Cecco Prestina \u00e8 nato con Bake News.","url":"https:\/\/newsvirali.it\/de\/autore\/cecco-prestina\/"}]}},"_links":{"self":[{"href":"https:\/\/newsvirali.it\/de\/wp-json\/wp\/v2\/posts\/8098","targetHints":{"allow":["GET"]}}],"collection":[{"href":"https:\/\/newsvirali.it\/de\/wp-json\/wp\/v2\/posts"}],"about":[{"href":"https:\/\/newsvirali.it\/de\/wp-json\/wp\/v2\/types\/post"}],"author":[{"embeddable":true,"href":"https:\/\/newsvirali.it\/de\/wp-json\/wp\/v2\/users\/4"}],"replies":[{"embeddable":true,"href":"https:\/\/newsvirali.it\/de\/wp-json\/wp\/v2\/comments?post=8098"}],"version-history":[{"count":4,"href":"https:\/\/newsvirali.it\/de\/wp-json\/wp\/v2\/posts\/8098\/revisions"}],"predecessor-version":[{"id":8103,"href":"https:\/\/newsvirali.it\/de\/wp-json\/wp\/v2\/posts\/8098\/revisions\/8103"}],"wp:featuredmedia":[{"embeddable":true,"href":"https:\/\/newsvirali.it\/de\/wp-json\/wp\/v2\/media\/8101"}],"wp:attachment":[{"href":"https:\/\/newsvirali.it\/de\/wp-json\/wp\/v2\/media?parent=8098"}],"wp:term":[{"taxonomy":"category","embeddable":true,"href":"https:\/\/newsvirali.it\/de\/wp-json\/wp\/v2\/categories?post=8098"},{"taxonomy":"post_tag","embeddable":true,"href":"https:\/\/newsvirali.it\/de\/wp-json\/wp\/v2\/tags?post=8098"}],"curies":[{"name":"wp","href":"https:\/\/api.w.org\/{rel}","templated":true}]}}