{"id":7576,"date":"2023-10-17T18:40:56","date_gmt":"2023-10-17T16:40:56","guid":{"rendered":"https:\/\/www.bakenews.it\/?p=7576"},"modified":"2023-10-17T18:40:57","modified_gmt":"2023-10-17T16:40:57","slug":"a-roma-il-quartiere-di-tor-pignattara-svegliato-da-un-concerto-di-rutti","status":"publish","type":"post","link":"https:\/\/newsvirali.it\/de\/2023\/10\/17\/in-rom-wurde-das-viertel-tor-pignattara-durch-ein-rulpskonzert-geweckt\/","title":{"rendered":"In Rom wurde das Viertel Tor Pignattara durch ein R\u00fclpskonzert geweckt"},"content":{"rendered":"<p>Es scheint ein ganz normaler Abend in Rom zu sein, in einem der belebtesten Viertel, Torpignattara. Schade, dass der \u00fcbliche Witzbold von der Nachbarschaft erkannt werden wollte und den Frieden mit einer Reihe verst\u00e4rkter R\u00fclpser st\u00f6rte. Es ist nicht klar, ob \u00fcber ein Megaphon oder Lautsprecher, und auch nicht, ob es sich um \u201eOriginal\u201c-Sounds handelt oder um die \u00fcblichen eleganten Apps, die l\u00e4stige K\u00f6rperger\u00e4usche simulieren.<\/p>\n\n\n\n<p><\/p>\n\n\n\n<hr class=\"wp-block-separator has-alpha-channel-opacity\"\/>\n\n\n\n<p><strong>HEUTIGE NACHRICHTEN<\/strong><\/p>\n\n\n\n<ul class=\"wp-block-list\">\n<li><a href=\"https:\/\/www.bakenews.it\/popcorn-fanno-litigare-neymar-brasile\/\">Popcorn l\u00e4sst Neymar mit ganz Brasilien streiten<\/a><\/li>\n\n\n\n<li><a href=\"https:\/\/www.bakenews.it\/morta-ex-fidanzata-mario-balotelli-tabby-brown\/\">Die Ex-Freundin von Mario Balotelli starb, Tabby war erst 38 Jahre alt<\/a><\/li>\n\n\n\n<li><a href=\"https:\/\/www.bakenews.it\/easyjet-volo-annulla-volo-bagno-sporco\/\">EasyJet wieder im \u201eSchlamm\u201c: Flug wegen \u201edreckigem\u201c Badezimmer gestrichen<\/a><\/li>\n\n\n\n<li><a href=\"https:\/\/www.bakenews.it\/madonna-canta-a-londra-multa-da-350mila-euro-ecco-perche\/\">Madonna singt in London, Strafe 350.000 Euro: Hier ist der Grund<\/a><\/li>\n\n\n\n<li><a href=\"https:\/\/www.bakenews.it\/coppia-paga-cifra-folle-per-comprare-una-cabina-e-andare-in-crociera-tutta-la-vita\/\">Paar zahlt wahnsinnigen Betrag, um eine Kabine zu kaufen und ein Leben lang auf Kreuzfahrt zu gehen<\/a><\/li>\n\n\n\n<li><a href=\"https:\/\/www.bakenews.it\/amanda-knox-rivela-cosa-fa-ogni-sera-col-marito-follower-inorriditi-una-follia\/\">Amanda Knox verr\u00e4t, was sie jeden Abend mit ihrem Mann macht, entsetzte Follower: \u201eWahnsinn\u201c<\/a><\/li>\n<\/ul>\n\n\n\n<hr class=\"wp-block-separator has-alpha-channel-opacity\"\/>\n\n\n\n<p><\/p>\n\n\n\n<p>Tatsache ist, dass das Video dieser Auff\u00fchrung auch dank der Viralit\u00e4t der Seite \u201eWelcome to Favelas\u201c, die das Video auf ihrem Instagram-Profil verbreitete, in Umlauf kam. Es gibt diejenigen, die den Trick des mysteri\u00f6sen K\u00fcnstlers aus Mangel an Respekt gegen\u00fcber denen, die arbeiten und vielleicht fr\u00fch aufstehen m\u00fcssen, hassten. Die meisten Kommentare waren jedoch von Wertsch\u00e4tzung und Bewunderung f\u00fcr das neue \u201eGenie\u201c aus der Nachbarschaft gepr\u00e4gt. Die Meinungen einer Person nach der anderen f\u00fcllten die Kommentarspalte von <a href=\"https:\/\/www.instagram.com\/p\/CygIXn1IBHXgLTSuO6C48SKghiQoC7IIo-B88k0\/\" target=\"_blank\" rel=\"noreferrer noopener\">Willkommen auf Favelas Instagram-Profil<\/a>.<\/p>\n\n\n\n<blockquote class=\"tiktok-embed\" cite=\"https:\/\/www.tiktok.com\/@videoillegali_\/video\/7290934011935968544\" data-video-id=\"7290934011935968544\" style=\"max-width: 605px;min-width: 325px;\" > <section> <a target=\"_blank\" title=\"@videoillegali_\" href=\"https:\/\/www.tiktok.com\/@videoillegali_?refer=embed\" rel=\"noopener\">@videoillegali_<\/a> Rom, Torpignattara. Ein Lautsprecher sendet mitten in der Nacht R\u00fclpser! <a title=\"r\u00fclpst\" target=\"_blank\" href=\"https:\/\/www.tiktok.com\/tag\/rutti?refer=embed\" rel=\"noopener\">#rutti<\/a> <a title=\"selbstredend\" target=\"_blank\" href=\"https:\/\/www.tiktok.com\/tag\/autoparlante?refer=embed\" rel=\"noopener\">#-Lautsprecher<\/a> <a title=\"viral\" target=\"_blank\" href=\"https:\/\/www.tiktok.com\/tag\/virale?refer=embed\" rel=\"noopener\">#viral<\/a> <a target=\"_blank\" title=\"\u266c Originalton - ILLEGAL VIDEOS\u00ae\ufe0f\" href=\"https:\/\/www.tiktok.com\/music\/suono-originale-7290934022329453345?refer=embed\" rel=\"noopener\">\u266c Originalton \u2013 ILLEGAL VIDEOS\u00ae\ufe0f<\/a> <\/section> <\/blockquote> <script async src=\"https:\/\/www.tiktok.com\/embed.js\"><\/script>\n\n\n\n<h2 class=\"wp-block-heading\" id=\"h-i-commenti-alla-performance-acustica\">Kommentare zur akustischen Darbietung<\/h2>\n\n\n\n<p>\u201eEs ist die Gemeinde, die das tut, um Wildschweine zu vertreiben.\u201c Einer der ersten Benutzer startet. \u201eDiese Tiber-Fr\u00f6sche sind Dichter\u201c, sagt ein anderer. \u201eH\u00e4tte es w\u00e4hrend der Quarant\u00e4ne oder Ausgangssperre tun sollen, w\u00e4re es noch epischer gewesen\u201c, schl\u00e4gt ein anderer vor. Ein Follower der Seite meint sogar, dass \u201edas das Beste ist, was jemals in Rom passiert ist\u201c. Dann \u201ew\u00e4re ich aufgewacht und h\u00e4tte f\u00fcr das Engagement und die M\u00fche applaudiert.\u201c Manche \u00e4rgern sich auch \u00fcber Giorgio Armani, indem sie einen seiner ber\u00fchmten S\u00e4tze zitieren: \u201eBei Eleganz geht es nicht darum, wahrgenommen zu werden, sondern darum, in Erinnerung zu bleiben.\u201c Und schlie\u00dflich wird sogar vorgeschlagen, bei Naturkatastrophen dieses akustische Ger\u00e4t anstelle der It-Alert-App zu verwenden.<\/p>\n<br \/>Folgen Sie uns auch auf Google News: <b><a href=\"https:\/\/news.google.com\/publications\/CAAqBwgKMNqJiwswjMfqAg?hl=it&gl=IT&ceid=IT:it\" target=\"_blank\">klicken Sie hier<\/a><\/b>","protected":false},"excerpt":{"rendered":"<p>Was passiert in Rom im Stadtteil Tor Pignattara? Ein Witzbold (oder eine unh\u00f6fliche Person) weckt alle mit lautem R\u00fclpsen. Doch in den sozialen Medien wird er zum Helden.<\/p>","protected":false},"author":4,"featured_media":7577,"comment_status":"open","ping_status":"open","sticky":false,"template":"","format":"standard","meta":{"MSN_Categories":"Uncategorized","MSN_Publish_Option":false,"MSN_Is_Local_News":false,"MSN_Is_AIAC_Included":"Empty","MSN_Location":"[]","MSN_Add_Feature_Img_On_Top_Of_Post":false,"MSN_Has_Custom_Author":false,"MSN_Custom_Author":"","MSN_Has_Custom_Canonical_Url":false,"MSN_Custom_Canonical_Url":"","footnotes":""},"categories":[12],"tags":[],"class_list":["post-7576","post","type-post","status-publish","format-standard","has-post-thumbnail","hentry","category-curiosita"],"acf":[],"yoast_head":"<!-- This site is optimized with the Yoast SEO Premium plugin v26.7 (Yoast SEO v26.7) - https:\/\/yoast.com\/wordpress\/plugins\/seo\/ -->\n<title>A Roma il quartiere di Tor Pignattara svegliato da un concerto di rutti<\/title>\n<meta name=\"description\" content=\"Cosa succede a Roma nel quartiere Tor Pignattara? Un burlone (o maleducato) sveglia tutti con sonori rutti. Ma sui social diventa un eroe.\" \/>\n<meta name=\"robots\" content=\"index, follow, max-snippet:-1, max-image-preview:large, max-video-preview:-1\" \/>\n<link rel=\"canonical\" href=\"https:\/\/newsvirali.it\/de\/2023\/10\/17\/in-rom-wurde-das-viertel-tor-pignattara-durch-ein-rulpskonzert-geweckt\/\" \/>\n<meta property=\"og:locale\" content=\"de_DE\" \/>\n<meta property=\"og:type\" content=\"article\" \/>\n<meta property=\"og:title\" content=\"A Roma il quartiere di Tor Pignattara svegliato da un concerto di rutti\" \/>\n<meta property=\"og:description\" content=\"Cosa succede a Roma nel quartiere Tor Pignattara? Un burlone (o maleducato) sveglia tutti con sonori rutti. Ma sui social diventa un eroe.\" \/>\n<meta property=\"og:url\" content=\"https:\/\/newsvirali.it\/de\/2023\/10\/17\/in-rom-wurde-das-viertel-tor-pignattara-durch-ein-rulpskonzert-geweckt\/\" \/>\n<meta property=\"og:site_name\" content=\"News virali\" \/>\n<meta property=\"article:published_time\" content=\"2023-10-17T16:40:56+00:00\" \/>\n<meta property=\"article:modified_time\" content=\"2023-10-17T16:40:57+00:00\" \/>\n<meta property=\"og:image\" content=\"https:\/\/newsvirali.it\/wp-content\/uploads\/2023\/10\/Collage-Maker-17-Oct-2023-06-37-PM-4938.jpg\" \/>\n\t<meta property=\"og:image:width\" content=\"2560\" \/>\n\t<meta property=\"og:image:height\" content=\"1440\" \/>\n\t<meta property=\"og:image:type\" content=\"image\/jpeg\" \/>\n<meta name=\"author\" content=\"Cecco Prestina\" \/>\n<meta name=\"twitter:card\" content=\"summary_large_image\" \/>\n<meta name=\"twitter:label1\" content=\"Verfasst von\" \/>\n\t<meta name=\"twitter:data1\" content=\"Cecco Prestina\" \/>\n\t<meta name=\"twitter:label2\" content=\"Gesch\u00e4tzte Lesezeit\" \/>\n\t<meta name=\"twitter:data2\" content=\"2\u00a0Minuten\" \/>\n<script type=\"application\/ld+json\" class=\"yoast-schema-graph\">{\"@context\":\"https:\/\/schema.org\",\"@graph\":[{\"@type\":\"NewsArticle\",\"@id\":\"https:\/\/newsvirali.it\/2023\/10\/17\/a-roma-il-quartiere-di-tor-pignattara-svegliato-da-un-concerto-di-rutti\/#article\",\"isPartOf\":{\"@id\":\"https:\/\/newsvirali.it\/2023\/10\/17\/a-roma-il-quartiere-di-tor-pignattara-svegliato-da-un-concerto-di-rutti\/\"},\"author\":{\"name\":\"Cecco Prestina\",\"@id\":\"https:\/\/newsvirali.it\/fr\/#\/schema\/person\/4c835f7b49c9adb58b33901ee816565d\"},\"headline\":\"A Roma il quartiere di Tor Pignattara svegliato da un concerto di rutti\",\"datePublished\":\"2023-10-17T16:40:56+00:00\",\"dateModified\":\"2023-10-17T16:40:57+00:00\",\"mainEntityOfPage\":{\"@id\":\"https:\/\/newsvirali.it\/2023\/10\/17\/a-roma-il-quartiere-di-tor-pignattara-svegliato-da-un-concerto-di-rutti\/\"},\"wordCount\":373,\"commentCount\":0,\"image\":{\"@id\":\"https:\/\/newsvirali.it\/2023\/10\/17\/a-roma-il-quartiere-di-tor-pignattara-svegliato-da-un-concerto-di-rutti\/#primaryimage\"},\"thumbnailUrl\":\"https:\/\/newsvirali.it\/wp-content\/uploads\/2023\/10\/Collage-Maker-17-Oct-2023-06-37-PM-4938.jpg\",\"articleSection\":[\"Curiosit\u00e0\"],\"inLanguage\":\"de\",\"potentialAction\":[{\"@type\":\"CommentAction\",\"name\":\"Comment\",\"target\":[\"https:\/\/newsvirali.it\/2023\/10\/17\/a-roma-il-quartiere-di-tor-pignattara-svegliato-da-un-concerto-di-rutti\/#respond\"]}],\"copyrightYear\":\"2023\",\"copyrightHolder\":{\"@id\":\"https:\/\/newsvirali.it\/de\/#organization\"}},{\"@type\":\"WebPage\",\"@id\":\"https:\/\/newsvirali.it\/2023\/10\/17\/a-roma-il-quartiere-di-tor-pignattara-svegliato-da-un-concerto-di-rutti\/\",\"url\":\"https:\/\/newsvirali.it\/2023\/10\/17\/a-roma-il-quartiere-di-tor-pignattara-svegliato-da-un-concerto-di-rutti\/\",\"name\":\"A Roma il quartiere di Tor Pignattara svegliato da un concerto di rutti\",\"isPartOf\":{\"@id\":\"https:\/\/newsvirali.it\/fr\/#website\"},\"primaryImageOfPage\":{\"@id\":\"https:\/\/newsvirali.it\/2023\/10\/17\/a-roma-il-quartiere-di-tor-pignattara-svegliato-da-un-concerto-di-rutti\/#primaryimage\"},\"image\":{\"@id\":\"https:\/\/newsvirali.it\/2023\/10\/17\/a-roma-il-quartiere-di-tor-pignattara-svegliato-da-un-concerto-di-rutti\/#primaryimage\"},\"thumbnailUrl\":\"https:\/\/newsvirali.it\/wp-content\/uploads\/2023\/10\/Collage-Maker-17-Oct-2023-06-37-PM-4938.jpg\",\"datePublished\":\"2023-10-17T16:40:56+00:00\",\"dateModified\":\"2023-10-17T16:40:57+00:00\",\"author\":{\"@id\":\"https:\/\/newsvirali.it\/fr\/#\/schema\/person\/4c835f7b49c9adb58b33901ee816565d\"},\"description\":\"Cosa succede a Roma nel quartiere Tor Pignattara? Un burlone (o maleducato) sveglia tutti con sonori rutti. Ma sui social diventa un eroe.\",\"breadcrumb\":{\"@id\":\"https:\/\/newsvirali.it\/2023\/10\/17\/a-roma-il-quartiere-di-tor-pignattara-svegliato-da-un-concerto-di-rutti\/#breadcrumb\"},\"inLanguage\":\"de\",\"potentialAction\":[{\"@type\":\"ReadAction\",\"target\":[\"https:\/\/newsvirali.it\/2023\/10\/17\/a-roma-il-quartiere-di-tor-pignattara-svegliato-da-un-concerto-di-rutti\/\"]}]},{\"@type\":\"ImageObject\",\"inLanguage\":\"de\",\"@id\":\"https:\/\/newsvirali.it\/2023\/10\/17\/a-roma-il-quartiere-di-tor-pignattara-svegliato-da-un-concerto-di-rutti\/#primaryimage\",\"url\":\"https:\/\/newsvirali.it\/wp-content\/uploads\/2023\/10\/Collage-Maker-17-Oct-2023-06-37-PM-4938.jpg\",\"contentUrl\":\"https:\/\/newsvirali.it\/wp-content\/uploads\/2023\/10\/Collage-Maker-17-Oct-2023-06-37-PM-4938.jpg\",\"width\":2560,\"height\":1440,\"caption\":\"A Roma l'intero quartiere di Tor Pignattara svegliato da un concerto di rutti\"},{\"@type\":\"BreadcrumbList\",\"@id\":\"https:\/\/newsvirali.it\/2023\/10\/17\/a-roma-il-quartiere-di-tor-pignattara-svegliato-da-un-concerto-di-rutti\/#breadcrumb\",\"itemListElement\":[{\"@type\":\"ListItem\",\"position\":1,\"name\":\"Home\",\"item\":\"https:\/\/newsvirali.it\/fr\/\"},{\"@type\":\"ListItem\",\"position\":2,\"name\":\"A Roma il quartiere di Tor Pignattara svegliato da un concerto di rutti\"}]},{\"@type\":\"WebSite\",\"@id\":\"https:\/\/newsvirali.it\/fr\/#website\",\"url\":\"https:\/\/newsvirali.it\/fr\/\",\"name\":\"Bake News\",\"description\":\"\",\"potentialAction\":[{\"@type\":\"SearchAction\",\"target\":{\"@type\":\"EntryPoint\",\"urlTemplate\":\"https:\/\/newsvirali.it\/fr\/?s={search_term_string}\"},\"query-input\":{\"@type\":\"PropertyValueSpecification\",\"valueRequired\":true,\"valueName\":\"search_term_string\"}}],\"inLanguage\":\"de\"},{\"@type\":\"Person\",\"@id\":\"https:\/\/newsvirali.it\/fr\/#\/schema\/person\/4c835f7b49c9adb58b33901ee816565d\",\"name\":\"Cecco Prestina\",\"description\":\"Perch\u00e9 nasconderlo? Cecco Prestina \u00e8 un alias, ma dietro di lui non si cela un algoritmo di intelligenza artificiale. C'\u00e8 un giornalista che ha oltre vent'anni di esperienza tutta sul web. Da quando il primo modem ha iniziato a gracchiare sul territorio italiano con Video on Line, Cecco ha capito che da quel doppino sarebbe passato il futuro. Ha dedidicato tutta la sua carriera a capire Internet e poi i social e ora l'Ai. Una carriera in costante aggiornamento. E questa esperienza la mette in campo ogni giorno. Per\u00f2 ogni tanto Cecco ha voglia anche di non scrivere \\\"pipponi\\\" sulla politica, sull'economia. Ha voglia anche di scrivere qualcosa di divertente. Le notizie che trovate su Bake News sono le stesse che Cecco porta all'aperitivo con gli amici. Quelle di cui discutere per farsi due risate. Notizie, vere (qualche volta si fa fatica a crederlo), strane, divertenti, ma anche serie. Bake News \u00e8 nato per questo, dare al pubblico notizie croccanti e calde come il pane che esce dal forno. E Cecco Prestina \u00e8 nato con Bake News.\",\"url\":\"https:\/\/newsvirali.it\/de\/autore\/cecco-prestina\/\"}]}<\/script>\n<!-- \/ Yoast SEO Premium plugin. -->","yoast_head_json":{"title":"A Roma il quartiere di Tor Pignattara svegliato da un concerto di rutti","description":"Cosa succede a Roma nel quartiere Tor Pignattara? Un burlone (o maleducato) sveglia tutti con sonori rutti. Ma sui social diventa un eroe.","robots":{"index":"index","follow":"follow","max-snippet":"max-snippet:-1","max-image-preview":"max-image-preview:large","max-video-preview":"max-video-preview:-1"},"canonical":"https:\/\/newsvirali.it\/de\/2023\/10\/17\/in-rom-wurde-das-viertel-tor-pignattara-durch-ein-rulpskonzert-geweckt\/","og_locale":"de_DE","og_type":"article","og_title":"A Roma il quartiere di Tor Pignattara svegliato da un concerto di rutti","og_description":"Cosa succede a Roma nel quartiere Tor Pignattara? Un burlone (o maleducato) sveglia tutti con sonori rutti. Ma sui social diventa un eroe.","og_url":"https:\/\/newsvirali.it\/de\/2023\/10\/17\/in-rom-wurde-das-viertel-tor-pignattara-durch-ein-rulpskonzert-geweckt\/","og_site_name":"News virali","article_published_time":"2023-10-17T16:40:56+00:00","article_modified_time":"2023-10-17T16:40:57+00:00","og_image":[{"width":2560,"height":1440,"url":"https:\/\/newsvirali.it\/wp-content\/uploads\/2023\/10\/Collage-Maker-17-Oct-2023-06-37-PM-4938.jpg","type":"image\/jpeg"}],"author":"Cecco Prestina","twitter_card":"summary_large_image","twitter_misc":{"Verfasst von":"Cecco Prestina","Gesch\u00e4tzte Lesezeit":"2\u00a0Minuten"},"schema":{"@context":"https:\/\/schema.org","@graph":[{"@type":"NewsArticle","@id":"https:\/\/newsvirali.it\/2023\/10\/17\/a-roma-il-quartiere-di-tor-pignattara-svegliato-da-un-concerto-di-rutti\/#article","isPartOf":{"@id":"https:\/\/newsvirali.it\/2023\/10\/17\/a-roma-il-quartiere-di-tor-pignattara-svegliato-da-un-concerto-di-rutti\/"},"author":{"name":"Cecco Prestina","@id":"https:\/\/newsvirali.it\/fr\/#\/schema\/person\/4c835f7b49c9adb58b33901ee816565d"},"headline":"A Roma il quartiere di Tor Pignattara svegliato da un concerto di rutti","datePublished":"2023-10-17T16:40:56+00:00","dateModified":"2023-10-17T16:40:57+00:00","mainEntityOfPage":{"@id":"https:\/\/newsvirali.it\/2023\/10\/17\/a-roma-il-quartiere-di-tor-pignattara-svegliato-da-un-concerto-di-rutti\/"},"wordCount":373,"commentCount":0,"image":{"@id":"https:\/\/newsvirali.it\/2023\/10\/17\/a-roma-il-quartiere-di-tor-pignattara-svegliato-da-un-concerto-di-rutti\/#primaryimage"},"thumbnailUrl":"https:\/\/newsvirali.it\/wp-content\/uploads\/2023\/10\/Collage-Maker-17-Oct-2023-06-37-PM-4938.jpg","articleSection":["Curiosit\u00e0"],"inLanguage":"de","potentialAction":[{"@type":"CommentAction","name":"Comment","target":["https:\/\/newsvirali.it\/2023\/10\/17\/a-roma-il-quartiere-di-tor-pignattara-svegliato-da-un-concerto-di-rutti\/#respond"]}],"copyrightYear":"2023","copyrightHolder":{"@id":"https:\/\/newsvirali.it\/de\/#organization"}},{"@type":"WebPage","@id":"https:\/\/newsvirali.it\/2023\/10\/17\/a-roma-il-quartiere-di-tor-pignattara-svegliato-da-un-concerto-di-rutti\/","url":"https:\/\/newsvirali.it\/2023\/10\/17\/a-roma-il-quartiere-di-tor-pignattara-svegliato-da-un-concerto-di-rutti\/","name":"A Roma il quartiere di Tor Pignattara svegliato da un concerto di rutti","isPartOf":{"@id":"https:\/\/newsvirali.it\/fr\/#website"},"primaryImageOfPage":{"@id":"https:\/\/newsvirali.it\/2023\/10\/17\/a-roma-il-quartiere-di-tor-pignattara-svegliato-da-un-concerto-di-rutti\/#primaryimage"},"image":{"@id":"https:\/\/newsvirali.it\/2023\/10\/17\/a-roma-il-quartiere-di-tor-pignattara-svegliato-da-un-concerto-di-rutti\/#primaryimage"},"thumbnailUrl":"https:\/\/newsvirali.it\/wp-content\/uploads\/2023\/10\/Collage-Maker-17-Oct-2023-06-37-PM-4938.jpg","datePublished":"2023-10-17T16:40:56+00:00","dateModified":"2023-10-17T16:40:57+00:00","author":{"@id":"https:\/\/newsvirali.it\/fr\/#\/schema\/person\/4c835f7b49c9adb58b33901ee816565d"},"description":"Cosa succede a Roma nel quartiere Tor Pignattara? Un burlone (o maleducato) sveglia tutti con sonori rutti. Ma sui social diventa un eroe.","breadcrumb":{"@id":"https:\/\/newsvirali.it\/2023\/10\/17\/a-roma-il-quartiere-di-tor-pignattara-svegliato-da-un-concerto-di-rutti\/#breadcrumb"},"inLanguage":"de","potentialAction":[{"@type":"ReadAction","target":["https:\/\/newsvirali.it\/2023\/10\/17\/a-roma-il-quartiere-di-tor-pignattara-svegliato-da-un-concerto-di-rutti\/"]}]},{"@type":"ImageObject","inLanguage":"de","@id":"https:\/\/newsvirali.it\/2023\/10\/17\/a-roma-il-quartiere-di-tor-pignattara-svegliato-da-un-concerto-di-rutti\/#primaryimage","url":"https:\/\/newsvirali.it\/wp-content\/uploads\/2023\/10\/Collage-Maker-17-Oct-2023-06-37-PM-4938.jpg","contentUrl":"https:\/\/newsvirali.it\/wp-content\/uploads\/2023\/10\/Collage-Maker-17-Oct-2023-06-37-PM-4938.jpg","width":2560,"height":1440,"caption":"A Roma l'intero quartiere di Tor Pignattara svegliato da un concerto di rutti"},{"@type":"BreadcrumbList","@id":"https:\/\/newsvirali.it\/2023\/10\/17\/a-roma-il-quartiere-di-tor-pignattara-svegliato-da-un-concerto-di-rutti\/#breadcrumb","itemListElement":[{"@type":"ListItem","position":1,"name":"Home","item":"https:\/\/newsvirali.it\/fr\/"},{"@type":"ListItem","position":2,"name":"A Roma il quartiere di Tor Pignattara svegliato da un concerto di rutti"}]},{"@type":"WebSite","@id":"https:\/\/newsvirali.it\/fr\/#website","url":"https:\/\/newsvirali.it\/fr\/","name":"Bake News","description":"","potentialAction":[{"@type":"SearchAction","target":{"@type":"EntryPoint","urlTemplate":"https:\/\/newsvirali.it\/fr\/?s={search_term_string}"},"query-input":{"@type":"PropertyValueSpecification","valueRequired":true,"valueName":"search_term_string"}}],"inLanguage":"de"},{"@type":"Person","@id":"https:\/\/newsvirali.it\/fr\/#\/schema\/person\/4c835f7b49c9adb58b33901ee816565d","name":"Cecco Prestina","description":"Perch\u00e9 nasconderlo? Cecco Prestina \u00e8 un alias, ma dietro di lui non si cela un algoritmo di intelligenza artificiale. C'\u00e8 un giornalista che ha oltre vent'anni di esperienza tutta sul web. Da quando il primo modem ha iniziato a gracchiare sul territorio italiano con Video on Line, Cecco ha capito che da quel doppino sarebbe passato il futuro. Ha dedidicato tutta la sua carriera a capire Internet e poi i social e ora l'Ai. Una carriera in costante aggiornamento. E questa esperienza la mette in campo ogni giorno. Per\u00f2 ogni tanto Cecco ha voglia anche di non scrivere \"pipponi\" sulla politica, sull'economia. Ha voglia anche di scrivere qualcosa di divertente. Le notizie che trovate su Bake News sono le stesse che Cecco porta all'aperitivo con gli amici. Quelle di cui discutere per farsi due risate. Notizie, vere (qualche volta si fa fatica a crederlo), strane, divertenti, ma anche serie. Bake News \u00e8 nato per questo, dare al pubblico notizie croccanti e calde come il pane che esce dal forno. E Cecco Prestina \u00e8 nato con Bake News.","url":"https:\/\/newsvirali.it\/de\/autore\/cecco-prestina\/"}]}},"_links":{"self":[{"href":"https:\/\/newsvirali.it\/de\/wp-json\/wp\/v2\/posts\/7576","targetHints":{"allow":["GET"]}}],"collection":[{"href":"https:\/\/newsvirali.it\/de\/wp-json\/wp\/v2\/posts"}],"about":[{"href":"https:\/\/newsvirali.it\/de\/wp-json\/wp\/v2\/types\/post"}],"author":[{"embeddable":true,"href":"https:\/\/newsvirali.it\/de\/wp-json\/wp\/v2\/users\/4"}],"replies":[{"embeddable":true,"href":"https:\/\/newsvirali.it\/de\/wp-json\/wp\/v2\/comments?post=7576"}],"version-history":[{"count":3,"href":"https:\/\/newsvirali.it\/de\/wp-json\/wp\/v2\/posts\/7576\/revisions"}],"predecessor-version":[{"id":7580,"href":"https:\/\/newsvirali.it\/de\/wp-json\/wp\/v2\/posts\/7576\/revisions\/7580"}],"wp:featuredmedia":[{"embeddable":true,"href":"https:\/\/newsvirali.it\/de\/wp-json\/wp\/v2\/media\/7577"}],"wp:attachment":[{"href":"https:\/\/newsvirali.it\/de\/wp-json\/wp\/v2\/media?parent=7576"}],"wp:term":[{"taxonomy":"category","embeddable":true,"href":"https:\/\/newsvirali.it\/de\/wp-json\/wp\/v2\/categories?post=7576"},{"taxonomy":"post_tag","embeddable":true,"href":"https:\/\/newsvirali.it\/de\/wp-json\/wp\/v2\/tags?post=7576"}],"curies":[{"name":"wp","href":"https:\/\/api.w.org\/{rel}","templated":true}]}}