{"id":7188,"date":"2023-10-13T18:09:58","date_gmt":"2023-10-13T16:09:58","guid":{"rendered":"https:\/\/www.bakenews.it\/?p=7188"},"modified":"2023-10-13T18:09:59","modified_gmt":"2023-10-13T16:09:59","slug":"autismo-scienziati-americani-annunciano-trovata-la-causa","status":"publish","type":"post","link":"https:\/\/newsvirali.it\/de\/2023\/10\/13\/amerikanische-wissenschaftler-geben-die-ursache-von-autismus-bekannt\/","title":{"rendered":"Autismus, amerikanische Wissenschaftler verk\u00fcnden: \u201eDie Ursache wurde gefunden\u201c"},"content":{"rendered":"<p>Amerikanische Forscher haben eine m\u00f6gliche Ursache f\u00fcr schwere neurologische St\u00f6rungen, darunter Autismus und Schizophrenie, bei Kindern vermutet. Wissenschaftler glauben, dass eine Entz\u00fcndung des Gehirns bei jungen Menschen diese St\u00f6rungen verursachen kann. Das Team fand heraus, dass Entz\u00fcndungen die Reifung einiger Neuronen im sich entwickelnden Gehirn verhindern. Sollte sich diese These best\u00e4tigen, st\u00fcnden wir vor einem historischen Wendepunkt, der die T\u00fcr f\u00fcr neue Behandlungsmethoden \u00f6ffnen w\u00fcrde.<\/p>\n\n\n\n<p><\/p>\n\n\n\n<hr class=\"wp-block-separator has-alpha-channel-opacity\"\/>\n\n\n\n<p><strong>LESEN SIE AUCH<\/strong><\/p>\n\n\n\n<ul class=\"wp-block-list\">\n<li><a href=\"https:\/\/www.bakenews.it\/lautaro-martinez-licenzia-baby-sitter-malata-di-cancro-storia\/\">Aus diesem Grund hat Lautaro Martinez die krebskranke Babysitterin entlassen<\/a><\/li>\n\n\n\n<li><a href=\"https:\/\/www.bakenews.it\/lewis-capaldi-in-crisi-per-la-sua-malattia-lo-salva-la-sua-fidanzata-ecco-chi-e\/\">Lewis Capaldi steckt aufgrund seiner Krankheit in einer Krise: Seine Freundin rettet ihn, das ist er<\/a><\/li>\n\n\n\n<li><a href=\"https:\/\/www.bakenews.it\/mani-piedi-amputati-mangiato-pesce\/\">Nach Fischverzehr H\u00e4nde und F\u00fc\u00dfe amputiert: Das Drama eines 40-J\u00e4hrigen<\/a><\/li>\n<\/ul>\n\n\n\n<hr class=\"wp-block-separator has-alpha-channel-opacity\"\/>\n\n\n\n<p><\/p>\n\n\n\n<h2 class=\"wp-block-heading\" id=\"h-faro-puntato-su-un-infiammazione-del-cervelletto\">Entz\u00fcndung des Kleinhirns im Fokus<\/h2>\n\n\n\n<p>Schwere Entz\u00fcndungen im fr\u00fchen Kindesalter sind ein klinisch bekannter Risikofaktor f\u00fcr die Entwicklung von Autismus und Schizophrenie. Jetzt haben Wissenschaftler der University of Maryland School of Medicine (UMSOM) erstmals herausgefunden, dass Entz\u00fcndungen die Entwicklung anf\u00e4lliger Gehirnzellen ver\u00e4ndern und m\u00f6glicherweise einen Zusammenhang mit neurologischen Entwicklungsst\u00f6rungen haben.<\/p>\n\n\n\n<p>Mithilfe der Einzelzellgenomik untersuchte das Forschungsteam die Gehirne von Kindern, die an entz\u00fcndlichen Erkrankungen \u2013 wie bakteriellen oder viralen Infektionen oder Asthma \u2013 starben, sowie von Kindern, die bei einem pl\u00f6tzlichen Unfall ums Leben kamen, und stellte fest, dass Entz\u00fcndungen im fr\u00fchen Leben die Funktion bestimmter Neuronen beeintr\u00e4chtigen das Kleinhirn vor der vollst\u00e4ndigen Reifung.<\/p>\n\n\n\n<p>Das Kleinhirn ist eine Region des Gehirns, die f\u00fcr die motorische Kontrolle und die kognitiven Funktionen verantwortlich ist, die bei der Sprache, den sozialen F\u00e4higkeiten und der emotionalen Regulierung zum Einsatz kommen. Fr\u00fchere Untersuchungen haben gezeigt, dass Kinder, die mit Anomalien des Kleinhirns geboren werden, h\u00e4ufig an neurologischen Entwicklungsst\u00f6rungen leiden und dass auch Tiermodelle, die vor der Geburt einer Entz\u00fcndung ausgesetzt waren, die gleichen Erkrankungen entwickeln.<\/p>\n\n\n\n<h2 class=\"wp-block-heading\" id=\"h-utilizzate-nuove-tecniche-di-studio-dell-rna\">Nutzen Sie neue RNA-Studientechniken<\/h2>\n\n\n\n<p>\u201eWir haben uns das Kleinhirn angesehen, weil es eine der ersten Regionen des Gehirns ist, die mit der Entwicklung beginnt, und eine der letzten, die die Reife erreicht, aber es bleibt noch wenig erforscht\u201c, sagte der Co-Autor der Studie, Dr. Seth Ament von UMSOM. \u201eMit der relativ neuen Technologie der Einzelkern-RNA-Sequenzierung k\u00f6nnten wir auf zellul\u00e4rer Ebene schauen, um Ver\u00e4nderungen im Gehirn zu erkennen.\u201c<\/p>\n\n\n\n<p>Co-Leiterin Professorin Margaret McCarthy sagte: \u201eDas wurde in dieser Altersgruppe und im Zusammenhang mit Entz\u00fcndungen noch nie zuvor gemacht.\u201c \u201eDie Genexpression im Kleinhirn von Kindern mit Entz\u00fcndungen war bemerkenswert konsistent.\u201c<\/p>\n\n\n\n<h2 class=\"wp-block-heading\" id=\"h-analizzati-bimbi-morti-in-eta-tra-i-5-e-8-anni\">Analysiert wurden Kinder, die im Alter zwischen 5 und 8 Jahren starben<\/h2>\n\n\n\n<p>Das Forscherteam untersuchte postmortal gespendetes Gehirngewebe von 17 Kindern, die im Alter zwischen einem und f\u00fcnf Jahren starben, acht davon an Entz\u00fcndungen und neun an Unf\u00e4llen. Bei keinem der Spender wurde eine neurologische St\u00f6rung diagnostiziert. Die Studie ergab, dass zwei spezifische, aber seltene Arten von Neuronen am anf\u00e4lligsten f\u00fcr Gehirnentz\u00fcndungen sind: Golgi- und Purkinje-Neuronen. Die Forscher erkl\u00e4rten, dass diese beiden Arten von Neuronen nach einer Entz\u00fcndung einen vorzeitigen Abbruch ihrer Reifung zeigten.<\/p>\n\n\n\n<p>\u201eObwohl selten, haben Purkinje- und Golgi-Neuronen entscheidende Funktionen\u201c, sagte Dr. Ament. \u201eW\u00e4hrend der Entwicklung bilden Purkinje-Neuronen Synapsen, die das Kleinhirn mit anderen Gehirnregionen verbinden, die an der Wahrnehmung oder emotionalen Kontrolle beteiligt sind, w\u00e4hrend Golgi-Neuronen die Kommunikation zwischen Zellen im Kleinhirn koordinieren. \u201eEine St\u00f6rung eines dieser Entwicklungsprozesse k\u00f6nnte erkl\u00e4ren, wie Entz\u00fcndungen zu Erkrankungen wie Autismus-Spektrum-St\u00f6rungen und Schizophrenie beitragen.\u201c<\/p>\n\n\n\n<p>Ament sagte, dass, wie bei vielen Krankheiten, wahrscheinlich sowohl die Genetik als auch die Umwelt \u2013 in diesem Fall Entz\u00fcndungen \u2013 zum Risiko der Entwicklung der St\u00f6rungen beitragen. Der <a href=\"https:\/\/www.science.org\/doi\/10.1126\/scitranslmed.ade1283\" target=\"_blank\" rel=\"noreferrer noopener\">neue Studie, ver\u00f6ffentlicht in der Zeitschrift Science Translational Medicine<\/a>ist Teil einer Sammlung von mehr als 20 Artikeln, die die Entwicklung und Vielfalt von Zelltypen im menschlichen Gehirn beschreiben.<\/p>\n<br \/>Folgen Sie uns auch auf Google News: <b><a href=\"https:\/\/news.google.com\/publications\/CAAqBwgKMNqJiwswjMfqAg?hl=it&gl=IT&ceid=IT:it\" target=\"_blank\">klicken Sie hier<\/a><\/b>","protected":false},"excerpt":{"rendered":"<p>Amerikanische Forscher haben eine m\u00f6gliche Ursache f\u00fcr schwere neurologische St\u00f6rungen, darunter Autismus und Schizophrenie, bei Kindern vermutet. [\u2026]<\/p>","protected":false},"author":4,"featured_media":7189,"comment_status":"open","ping_status":"open","sticky":false,"template":"","format":"standard","meta":{"MSN_Categories":"Uncategorized","MSN_Publish_Option":false,"MSN_Is_Local_News":false,"MSN_Is_AIAC_Included":"Empty","MSN_Location":"[]","MSN_Add_Feature_Img_On_Top_Of_Post":false,"MSN_Has_Custom_Author":false,"MSN_Custom_Author":"","MSN_Has_Custom_Canonical_Url":false,"MSN_Custom_Canonical_Url":"","footnotes":""},"categories":[33],"tags":[],"class_list":["post-7188","post","type-post","status-publish","format-standard","has-post-thumbnail","hentry","category-salute"],"acf":[],"yoast_head":"<!-- This site is optimized with the Yoast SEO Premium plugin v26.7 (Yoast SEO v26.7) - https:\/\/yoast.com\/wordpress\/plugins\/seo\/ -->\n<title>Autismo, scienziati americani annunciano: &quot;Trovata la causa&quot;<\/title>\n<meta name=\"description\" content=\"Un&#039;infiammazione pu\u00f2 causare autismo e schizofrenia nei bambini. Scoperta che apre la porta a nuovi trattamenti? Leggi per scoprire come!\" \/>\n<meta name=\"robots\" content=\"index, follow, max-snippet:-1, max-image-preview:large, max-video-preview:-1\" \/>\n<link rel=\"canonical\" href=\"https:\/\/newsvirali.it\/de\/2023\/10\/13\/amerikanische-wissenschaftler-geben-die-ursache-von-autismus-bekannt\/\" \/>\n<meta property=\"og:locale\" content=\"de_DE\" \/>\n<meta property=\"og:type\" content=\"article\" \/>\n<meta property=\"og:title\" content=\"Autismo, scienziati americani annunciano: &quot;Trovata la causa&quot;\" \/>\n<meta property=\"og:description\" content=\"Un&#039;infiammazione pu\u00f2 causare autismo e schizofrenia nei bambini. Scoperta che apre la porta a nuovi trattamenti? Leggi per scoprire come!\" \/>\n<meta property=\"og:url\" content=\"https:\/\/newsvirali.it\/de\/2023\/10\/13\/amerikanische-wissenschaftler-geben-die-ursache-von-autismus-bekannt\/\" \/>\n<meta property=\"og:site_name\" content=\"News virali\" \/>\n<meta property=\"article:published_time\" content=\"2023-10-13T16:09:58+00:00\" \/>\n<meta property=\"article:modified_time\" content=\"2023-10-13T16:09:59+00:00\" \/>\n<meta property=\"og:image\" content=\"https:\/\/newsvirali.it\/wp-content\/uploads\/2023\/10\/juliane-liebermann-O-RKu3Aqnsw-unsplash.jpg\" \/>\n\t<meta property=\"og:image:width\" content=\"2304\" \/>\n\t<meta property=\"og:image:height\" content=\"1536\" \/>\n\t<meta property=\"og:image:type\" content=\"image\/jpeg\" \/>\n<meta name=\"author\" content=\"Cecco Prestina\" \/>\n<meta name=\"twitter:card\" content=\"summary_large_image\" \/>\n<meta name=\"twitter:label1\" content=\"Verfasst von\" \/>\n\t<meta name=\"twitter:data1\" content=\"Cecco Prestina\" \/>\n\t<meta name=\"twitter:label2\" content=\"Gesch\u00e4tzte Lesezeit\" \/>\n\t<meta name=\"twitter:data2\" content=\"4\u00a0Minuten\" \/>\n<script type=\"application\/ld+json\" class=\"yoast-schema-graph\">{\"@context\":\"https:\/\/schema.org\",\"@graph\":[{\"@type\":\"NewsArticle\",\"@id\":\"https:\/\/newsvirali.it\/2023\/10\/13\/autismo-scienziati-americani-annunciano-trovata-la-causa\/#article\",\"isPartOf\":{\"@id\":\"https:\/\/newsvirali.it\/2023\/10\/13\/autismo-scienziati-americani-annunciano-trovata-la-causa\/\"},\"author\":{\"name\":\"Cecco Prestina\",\"@id\":\"https:\/\/newsvirali.it\/fr\/#\/schema\/person\/4c835f7b49c9adb58b33901ee816565d\"},\"headline\":\"Autismo, scienziati americani annunciano: &#8220;Trovata la causa&#8221;\",\"datePublished\":\"2023-10-13T16:09:58+00:00\",\"dateModified\":\"2023-10-13T16:09:59+00:00\",\"mainEntityOfPage\":{\"@id\":\"https:\/\/newsvirali.it\/2023\/10\/13\/autismo-scienziati-americani-annunciano-trovata-la-causa\/\"},\"wordCount\":640,\"commentCount\":0,\"image\":{\"@id\":\"https:\/\/newsvirali.it\/2023\/10\/13\/autismo-scienziati-americani-annunciano-trovata-la-causa\/#primaryimage\"},\"thumbnailUrl\":\"https:\/\/newsvirali.it\/wp-content\/uploads\/2023\/10\/juliane-liebermann-O-RKu3Aqnsw-unsplash.jpg\",\"articleSection\":[\"Salute\"],\"inLanguage\":\"de\",\"potentialAction\":[{\"@type\":\"CommentAction\",\"name\":\"Comment\",\"target\":[\"https:\/\/newsvirali.it\/2023\/10\/13\/autismo-scienziati-americani-annunciano-trovata-la-causa\/#respond\"]}],\"copyrightYear\":\"2023\",\"copyrightHolder\":{\"@id\":\"https:\/\/newsvirali.it\/de\/#organization\"}},{\"@type\":\"WebPage\",\"@id\":\"https:\/\/newsvirali.it\/2023\/10\/13\/autismo-scienziati-americani-annunciano-trovata-la-causa\/\",\"url\":\"https:\/\/newsvirali.it\/2023\/10\/13\/autismo-scienziati-americani-annunciano-trovata-la-causa\/\",\"name\":\"Autismo, scienziati americani annunciano: \\\"Trovata la causa\\\"\",\"isPartOf\":{\"@id\":\"https:\/\/newsvirali.it\/fr\/#website\"},\"primaryImageOfPage\":{\"@id\":\"https:\/\/newsvirali.it\/2023\/10\/13\/autismo-scienziati-americani-annunciano-trovata-la-causa\/#primaryimage\"},\"image\":{\"@id\":\"https:\/\/newsvirali.it\/2023\/10\/13\/autismo-scienziati-americani-annunciano-trovata-la-causa\/#primaryimage\"},\"thumbnailUrl\":\"https:\/\/newsvirali.it\/wp-content\/uploads\/2023\/10\/juliane-liebermann-O-RKu3Aqnsw-unsplash.jpg\",\"datePublished\":\"2023-10-13T16:09:58+00:00\",\"dateModified\":\"2023-10-13T16:09:59+00:00\",\"author\":{\"@id\":\"https:\/\/newsvirali.it\/fr\/#\/schema\/person\/4c835f7b49c9adb58b33901ee816565d\"},\"description\":\"Un'infiammazione pu\u00f2 causare autismo e schizofrenia nei bambini. Scoperta che apre la porta a nuovi trattamenti? Leggi per scoprire come!\",\"breadcrumb\":{\"@id\":\"https:\/\/newsvirali.it\/2023\/10\/13\/autismo-scienziati-americani-annunciano-trovata-la-causa\/#breadcrumb\"},\"inLanguage\":\"de\",\"potentialAction\":[{\"@type\":\"ReadAction\",\"target\":[\"https:\/\/newsvirali.it\/2023\/10\/13\/autismo-scienziati-americani-annunciano-trovata-la-causa\/\"]}]},{\"@type\":\"ImageObject\",\"inLanguage\":\"de\",\"@id\":\"https:\/\/newsvirali.it\/2023\/10\/13\/autismo-scienziati-americani-annunciano-trovata-la-causa\/#primaryimage\",\"url\":\"https:\/\/newsvirali.it\/wp-content\/uploads\/2023\/10\/juliane-liebermann-O-RKu3Aqnsw-unsplash.jpg\",\"contentUrl\":\"https:\/\/newsvirali.it\/wp-content\/uploads\/2023\/10\/juliane-liebermann-O-RKu3Aqnsw-unsplash.jpg\",\"width\":2304,\"height\":1536,\"caption\":\"Autismo, scienziati americani annunciano: \\\"Trovata la causa\\\"\"},{\"@type\":\"BreadcrumbList\",\"@id\":\"https:\/\/newsvirali.it\/2023\/10\/13\/autismo-scienziati-americani-annunciano-trovata-la-causa\/#breadcrumb\",\"itemListElement\":[{\"@type\":\"ListItem\",\"position\":1,\"name\":\"Home\",\"item\":\"https:\/\/newsvirali.it\/fr\/\"},{\"@type\":\"ListItem\",\"position\":2,\"name\":\"Autismo, scienziati americani annunciano: &#8220;Trovata la causa&#8221;\"}]},{\"@type\":\"WebSite\",\"@id\":\"https:\/\/newsvirali.it\/fr\/#website\",\"url\":\"https:\/\/newsvirali.it\/fr\/\",\"name\":\"Bake News\",\"description\":\"\",\"potentialAction\":[{\"@type\":\"SearchAction\",\"target\":{\"@type\":\"EntryPoint\",\"urlTemplate\":\"https:\/\/newsvirali.it\/fr\/?s={search_term_string}\"},\"query-input\":{\"@type\":\"PropertyValueSpecification\",\"valueRequired\":true,\"valueName\":\"search_term_string\"}}],\"inLanguage\":\"de\"},{\"@type\":\"Person\",\"@id\":\"https:\/\/newsvirali.it\/fr\/#\/schema\/person\/4c835f7b49c9adb58b33901ee816565d\",\"name\":\"Cecco Prestina\",\"description\":\"Perch\u00e9 nasconderlo? Cecco Prestina \u00e8 un alias, ma dietro di lui non si cela un algoritmo di intelligenza artificiale. C'\u00e8 un giornalista che ha oltre vent'anni di esperienza tutta sul web. Da quando il primo modem ha iniziato a gracchiare sul territorio italiano con Video on Line, Cecco ha capito che da quel doppino sarebbe passato il futuro. Ha dedidicato tutta la sua carriera a capire Internet e poi i social e ora l'Ai. Una carriera in costante aggiornamento. E questa esperienza la mette in campo ogni giorno. Per\u00f2 ogni tanto Cecco ha voglia anche di non scrivere \\\"pipponi\\\" sulla politica, sull'economia. Ha voglia anche di scrivere qualcosa di divertente. Le notizie che trovate su Bake News sono le stesse che Cecco porta all'aperitivo con gli amici. Quelle di cui discutere per farsi due risate. Notizie, vere (qualche volta si fa fatica a crederlo), strane, divertenti, ma anche serie. Bake News \u00e8 nato per questo, dare al pubblico notizie croccanti e calde come il pane che esce dal forno. E Cecco Prestina \u00e8 nato con Bake News.\",\"url\":\"https:\/\/newsvirali.it\/de\/autore\/cecco-prestina\/\"}]}<\/script>\n<!-- \/ Yoast SEO Premium plugin. -->","yoast_head_json":{"title":"Autismo, scienziati americani annunciano: \"Trovata la causa\"","description":"Un'infiammazione pu\u00f2 causare autismo e schizofrenia nei bambini. Scoperta che apre la porta a nuovi trattamenti? Leggi per scoprire come!","robots":{"index":"index","follow":"follow","max-snippet":"max-snippet:-1","max-image-preview":"max-image-preview:large","max-video-preview":"max-video-preview:-1"},"canonical":"https:\/\/newsvirali.it\/de\/2023\/10\/13\/amerikanische-wissenschaftler-geben-die-ursache-von-autismus-bekannt\/","og_locale":"de_DE","og_type":"article","og_title":"Autismo, scienziati americani annunciano: \"Trovata la causa\"","og_description":"Un'infiammazione pu\u00f2 causare autismo e schizofrenia nei bambini. Scoperta che apre la porta a nuovi trattamenti? Leggi per scoprire come!","og_url":"https:\/\/newsvirali.it\/de\/2023\/10\/13\/amerikanische-wissenschaftler-geben-die-ursache-von-autismus-bekannt\/","og_site_name":"News virali","article_published_time":"2023-10-13T16:09:58+00:00","article_modified_time":"2023-10-13T16:09:59+00:00","og_image":[{"width":2304,"height":1536,"url":"https:\/\/newsvirali.it\/wp-content\/uploads\/2023\/10\/juliane-liebermann-O-RKu3Aqnsw-unsplash.jpg","type":"image\/jpeg"}],"author":"Cecco Prestina","twitter_card":"summary_large_image","twitter_misc":{"Verfasst von":"Cecco Prestina","Gesch\u00e4tzte Lesezeit":"4\u00a0Minuten"},"schema":{"@context":"https:\/\/schema.org","@graph":[{"@type":"NewsArticle","@id":"https:\/\/newsvirali.it\/2023\/10\/13\/autismo-scienziati-americani-annunciano-trovata-la-causa\/#article","isPartOf":{"@id":"https:\/\/newsvirali.it\/2023\/10\/13\/autismo-scienziati-americani-annunciano-trovata-la-causa\/"},"author":{"name":"Cecco Prestina","@id":"https:\/\/newsvirali.it\/fr\/#\/schema\/person\/4c835f7b49c9adb58b33901ee816565d"},"headline":"Autismo, scienziati americani annunciano: &#8220;Trovata la causa&#8221;","datePublished":"2023-10-13T16:09:58+00:00","dateModified":"2023-10-13T16:09:59+00:00","mainEntityOfPage":{"@id":"https:\/\/newsvirali.it\/2023\/10\/13\/autismo-scienziati-americani-annunciano-trovata-la-causa\/"},"wordCount":640,"commentCount":0,"image":{"@id":"https:\/\/newsvirali.it\/2023\/10\/13\/autismo-scienziati-americani-annunciano-trovata-la-causa\/#primaryimage"},"thumbnailUrl":"https:\/\/newsvirali.it\/wp-content\/uploads\/2023\/10\/juliane-liebermann-O-RKu3Aqnsw-unsplash.jpg","articleSection":["Salute"],"inLanguage":"de","potentialAction":[{"@type":"CommentAction","name":"Comment","target":["https:\/\/newsvirali.it\/2023\/10\/13\/autismo-scienziati-americani-annunciano-trovata-la-causa\/#respond"]}],"copyrightYear":"2023","copyrightHolder":{"@id":"https:\/\/newsvirali.it\/de\/#organization"}},{"@type":"WebPage","@id":"https:\/\/newsvirali.it\/2023\/10\/13\/autismo-scienziati-americani-annunciano-trovata-la-causa\/","url":"https:\/\/newsvirali.it\/2023\/10\/13\/autismo-scienziati-americani-annunciano-trovata-la-causa\/","name":"Autismo, scienziati americani annunciano: \"Trovata la causa\"","isPartOf":{"@id":"https:\/\/newsvirali.it\/fr\/#website"},"primaryImageOfPage":{"@id":"https:\/\/newsvirali.it\/2023\/10\/13\/autismo-scienziati-americani-annunciano-trovata-la-causa\/#primaryimage"},"image":{"@id":"https:\/\/newsvirali.it\/2023\/10\/13\/autismo-scienziati-americani-annunciano-trovata-la-causa\/#primaryimage"},"thumbnailUrl":"https:\/\/newsvirali.it\/wp-content\/uploads\/2023\/10\/juliane-liebermann-O-RKu3Aqnsw-unsplash.jpg","datePublished":"2023-10-13T16:09:58+00:00","dateModified":"2023-10-13T16:09:59+00:00","author":{"@id":"https:\/\/newsvirali.it\/fr\/#\/schema\/person\/4c835f7b49c9adb58b33901ee816565d"},"description":"Un'infiammazione pu\u00f2 causare autismo e schizofrenia nei bambini. Scoperta che apre la porta a nuovi trattamenti? Leggi per scoprire come!","breadcrumb":{"@id":"https:\/\/newsvirali.it\/2023\/10\/13\/autismo-scienziati-americani-annunciano-trovata-la-causa\/#breadcrumb"},"inLanguage":"de","potentialAction":[{"@type":"ReadAction","target":["https:\/\/newsvirali.it\/2023\/10\/13\/autismo-scienziati-americani-annunciano-trovata-la-causa\/"]}]},{"@type":"ImageObject","inLanguage":"de","@id":"https:\/\/newsvirali.it\/2023\/10\/13\/autismo-scienziati-americani-annunciano-trovata-la-causa\/#primaryimage","url":"https:\/\/newsvirali.it\/wp-content\/uploads\/2023\/10\/juliane-liebermann-O-RKu3Aqnsw-unsplash.jpg","contentUrl":"https:\/\/newsvirali.it\/wp-content\/uploads\/2023\/10\/juliane-liebermann-O-RKu3Aqnsw-unsplash.jpg","width":2304,"height":1536,"caption":"Autismo, scienziati americani annunciano: \"Trovata la causa\""},{"@type":"BreadcrumbList","@id":"https:\/\/newsvirali.it\/2023\/10\/13\/autismo-scienziati-americani-annunciano-trovata-la-causa\/#breadcrumb","itemListElement":[{"@type":"ListItem","position":1,"name":"Home","item":"https:\/\/newsvirali.it\/fr\/"},{"@type":"ListItem","position":2,"name":"Autismo, scienziati americani annunciano: &#8220;Trovata la causa&#8221;"}]},{"@type":"WebSite","@id":"https:\/\/newsvirali.it\/fr\/#website","url":"https:\/\/newsvirali.it\/fr\/","name":"Bake News","description":"","potentialAction":[{"@type":"SearchAction","target":{"@type":"EntryPoint","urlTemplate":"https:\/\/newsvirali.it\/fr\/?s={search_term_string}"},"query-input":{"@type":"PropertyValueSpecification","valueRequired":true,"valueName":"search_term_string"}}],"inLanguage":"de"},{"@type":"Person","@id":"https:\/\/newsvirali.it\/fr\/#\/schema\/person\/4c835f7b49c9adb58b33901ee816565d","name":"Cecco Prestina","description":"Perch\u00e9 nasconderlo? Cecco Prestina \u00e8 un alias, ma dietro di lui non si cela un algoritmo di intelligenza artificiale. C'\u00e8 un giornalista che ha oltre vent'anni di esperienza tutta sul web. Da quando il primo modem ha iniziato a gracchiare sul territorio italiano con Video on Line, Cecco ha capito che da quel doppino sarebbe passato il futuro. Ha dedidicato tutta la sua carriera a capire Internet e poi i social e ora l'Ai. Una carriera in costante aggiornamento. E questa esperienza la mette in campo ogni giorno. Per\u00f2 ogni tanto Cecco ha voglia anche di non scrivere \"pipponi\" sulla politica, sull'economia. Ha voglia anche di scrivere qualcosa di divertente. Le notizie che trovate su Bake News sono le stesse che Cecco porta all'aperitivo con gli amici. Quelle di cui discutere per farsi due risate. Notizie, vere (qualche volta si fa fatica a crederlo), strane, divertenti, ma anche serie. Bake News \u00e8 nato per questo, dare al pubblico notizie croccanti e calde come il pane che esce dal forno. E Cecco Prestina \u00e8 nato con Bake News.","url":"https:\/\/newsvirali.it\/de\/autore\/cecco-prestina\/"}]}},"_links":{"self":[{"href":"https:\/\/newsvirali.it\/de\/wp-json\/wp\/v2\/posts\/7188","targetHints":{"allow":["GET"]}}],"collection":[{"href":"https:\/\/newsvirali.it\/de\/wp-json\/wp\/v2\/posts"}],"about":[{"href":"https:\/\/newsvirali.it\/de\/wp-json\/wp\/v2\/types\/post"}],"author":[{"embeddable":true,"href":"https:\/\/newsvirali.it\/de\/wp-json\/wp\/v2\/users\/4"}],"replies":[{"embeddable":true,"href":"https:\/\/newsvirali.it\/de\/wp-json\/wp\/v2\/comments?post=7188"}],"version-history":[{"count":1,"href":"https:\/\/newsvirali.it\/de\/wp-json\/wp\/v2\/posts\/7188\/revisions"}],"predecessor-version":[{"id":7190,"href":"https:\/\/newsvirali.it\/de\/wp-json\/wp\/v2\/posts\/7188\/revisions\/7190"}],"wp:featuredmedia":[{"embeddable":true,"href":"https:\/\/newsvirali.it\/de\/wp-json\/wp\/v2\/media\/7189"}],"wp:attachment":[{"href":"https:\/\/newsvirali.it\/de\/wp-json\/wp\/v2\/media?parent=7188"}],"wp:term":[{"taxonomy":"category","embeddable":true,"href":"https:\/\/newsvirali.it\/de\/wp-json\/wp\/v2\/categories?post=7188"},{"taxonomy":"post_tag","embeddable":true,"href":"https:\/\/newsvirali.it\/de\/wp-json\/wp\/v2\/tags?post=7188"}],"curies":[{"name":"wp","href":"https:\/\/api.w.org\/{rel}","templated":true}]}}