{"id":61118,"date":"2025-12-05T12:46:56","date_gmt":"2025-12-05T11:46:56","guid":{"rendered":"https:\/\/newsvirali.it\/?p=61118"},"modified":"2025-12-05T12:46:58","modified_gmt":"2025-12-05T11:46:58","slug":"specie-desertica-filmata-italia-calabria","status":"publish","type":"post","link":"https:\/\/newsvirali.it\/de\/2025\/12\/05\/wustenarten-die-in-italien-und-kalabrien-gefilmt-wurden\/","title":{"rendered":"Seltene W\u00fcstenarten in Italien gesichtet: nie dagewesene Aufnahmen"},"content":{"rendered":"<p>Die Anwesenheit in Italien von <strong>blonde L\u00e4uferin<\/strong>, eine seltene W\u00fcstenart, die mit den Umgebungen Afrikas und des Nahen Ostens in Verbindung steht, wurde <strong>erstmals mit einem Video dokumentiert<\/strong>Das Exemplar wurde in der Provinz Reggio Calabria identifiziert, wie das \u00f6rtliche ornithologische Institut best\u00e4tigte. Der Verein hat sich entschieden, den genauen Fundort nicht preiszugeben, um neugierige Blicke zu vermeiden und das Risiko von St\u00f6rungen oder Wilderei zu minimieren. Die Videodokumentation liefert nun einen direkten Beweis f\u00fcr die Existenz einer Art, die aufgrund ihrer Verhaltens- und Tarnungseigenschaften in freier Wildbahn schwer zu entdecken ist, und bietet der Wissenschaft weitere Einblicke in die Ver\u00e4nderungen mediterraner \u00d6kosysteme.<\/p>\n\n\n\n<h2 class=\"wp-block-heading\" id=\"h-una-presenza-eccezionale-nel-territorio-italiano\">Eine au\u00dfergew\u00f6hnliche Pr\u00e4senz im italienischen Territorium<\/h2>\n\n\n\n<p>Die Wei\u00dfkehl-Rennnatter gilt als einer der am schwersten zu beobachtenden V\u00f6gel Italiens. Historische Aufzeichnungen sind \u00e4u\u00dferst sp\u00e4rlich und unregelm\u00e4\u00dfig \u00fcber die Zeit verteilt, was den rein episodischen Charakter ihrer Wanderungen zum europ\u00e4ischen Kontinent best\u00e4tigt. <strong>Die in Kalabrien erzielte Erholung setzt voraus, dass<\/strong> daher <strong>von bedeutendem wissenschaftlichem Wert: Es handelt sich um das erste offizielle Videodokument auf dem nationalen Territorium.<\/strong> und erm\u00f6glicht es uns, das Vorkommen der Arten in einem Gebiet genau zu best\u00e4tigen, in dem Durchz\u00fcge von W\u00fcstentieren nur in Ausnahmef\u00e4llen verzeichnet werden.<\/p>\n\n\n\n<h2 class=\"wp-block-heading\" id=\"h-caratteristiche-del-corrione-biondo-e-comportamento-in-natura\">Merkmale der blonden L\u00e4uferin und ihr Verhalten in der Natur<\/h2>\n\n\n\n<p>Die blonde L\u00e4uferin (<strong>Cursorius Cursor<\/strong>Das sandfarbene Gefieder des Vogels erm\u00f6glicht ihm eine perfekte Tarnung in trockenen Gebieten. Diese F\u00e4rbung macht ihn selbst in offenen Landschaften schwer erkennbar. Ein charakteristisches Merkmal, von dem sich sein italienischer Name ableitet, ist seine Tendenz, bei Gefahr schnell zu rennen, anstatt zu fliegen. Seine langen Beine erleichtern ihm dieses f\u00fcr W\u00fcstenarten typische Verhalten. <strong>Die Pr\u00e4senz in Italien geh\u00f6rt nicht zu ihren \u00fcblichen Routen<\/strong> und tritt nur unter gelegentlichen Bedingungen auf, die mit Umwelt- oder Klimadynamiken zusammenh\u00e4ngen, welche von Wissenschaftlern noch eingehend untersucht werden.<\/p>\n\n\n\n<h2 class=\"wp-block-heading\" id=\"h-gli-avvistamenti-storici-e-la-rarita-della-specie\">Historische Sichtungen und die Seltenheit der Art<\/h2>\n\n\n\n<p>Laut Daten aus historischen ornithologischen Beobachtungen, <strong>Die best\u00e4tigte Pr\u00e4senz der blonden Johannisbeere in Italien bel\u00e4uft sich auf etwa zwanzig F\u00e4lle vom Ende des 19. Jahrhunderts bis heute.<\/strong>In Kalabrien gab es bereits vier Sichtungen: die erste 1898, zwei 1904 und eine 1982. Die vorliegende Dokumentation stellt somit den f\u00fcnften Fall in der Region und den ersten auf Video festgehaltenen Fall dar. Diese Seltenheit best\u00e4tigt den au\u00dfergew\u00f6hnlichen Charakter des Ereignisses und unterstreicht die Wichtigkeit eines umsichtigen Umgangs mit Informationen, um sowohl die betroffene Person als auch die Umwelt, in der sie sich vor\u00fcbergehend befindet, zu sch\u00fctzen.<\/p>\n\n\n\n<h2 class=\"wp-block-heading\" id=\"h-il-ruolo-della-stazione-ornitologica-calabrese-e-le-tutele-necessarie\">Die Rolle der kalabrischen ornithologischen Station und die notwendigen Schutzma\u00dfnahmen<\/h2>\n\n\n\n<p>Die ornithologische Station von Kalabres hat sich entschieden, <strong>Um St\u00f6rungen und Interferenzen zu vermeiden, geben Sie den genauen Ort der Sichtung nicht preis.<\/strong>Diese Entscheidung spiegelt etablierte Schutzprinzipien der Wissenschaft wider, insbesondere f\u00fcr seltene oder gef\u00e4hrdete Arten. Der Schutz des einzelnen Tieres ist ein zentraler Aspekt der Monitoring-Aktivit\u00e4ten, die darauf abzielen, verifizierbare Daten zu erheben, ohne das nat\u00fcrliche Verhalten der Tiere zu beeintr\u00e4chtigen. Die Sichtung bietet zudem die M\u00f6glichkeit, Sensibilisierungsma\u00dfnahmen zum Schutz wandernder Tiere und der notwendigen Ma\u00dfnahmen zum Erhalt zunehmend fragmentierter Lebensr\u00e4ume zu verst\u00e4rken.<\/p>\n<br \/>Folgen Sie uns auch auf Google News: <b><a href=\"https:\/\/news.google.com\/publications\/CAAqBwgKMNqJiwswjMfqAg?hl=it&gl=IT&ceid=IT:it\" target=\"_blank\">klicken Sie hier<\/a><\/b>","protected":false},"excerpt":{"rendered":"<p>Das Vorkommen des Goldl\u00e4ufers in Italien, einer seltenen W\u00fcstenart, die mit afrikanischen und nah\u00f6stlichen Umgebungen in Verbindung gebracht wird, ist [\u2026]<\/p>","protected":false},"author":12,"featured_media":61124,"comment_status":"closed","ping_status":"open","sticky":false,"template":"","format":"standard","meta":{"MSN_Categories":"Uncategorized","MSN_Publish_Option":false,"MSN_Is_Local_News":false,"MSN_Is_AIAC_Included":"Empty","MSN_Location":"[]","MSN_Add_Feature_Img_On_Top_Of_Post":false,"MSN_Has_Custom_Author":false,"MSN_Custom_Author":"","MSN_Has_Custom_Canonical_Url":false,"MSN_Custom_Canonical_Url":"","footnotes":""},"categories":[7],"tags":[],"class_list":["post-61118","post","type-post","status-publish","format-standard","has-post-thumbnail","hentry","category-cronaca"],"acf":[],"yoast_head":"<!-- This site is optimized with the Yoast SEO Premium plugin v26.7 (Yoast SEO v26.7) - https:\/\/yoast.com\/wordpress\/plugins\/seo\/ -->\n<title>Rara specie desertica filmata per la prima volta in Italia<\/title>\n<meta name=\"description\" content=\"Documentato in Calabria il primo video italiano del corrione biondo, specie desertica rarissima. Ecco cosa sappiamo sull\u2019avvistamento.\" \/>\n<meta name=\"robots\" content=\"index, follow, max-snippet:-1, max-image-preview:large, max-video-preview:-1\" \/>\n<link rel=\"canonical\" href=\"https:\/\/newsvirali.it\/de\/2025\/12\/05\/wustenarten-die-in-italien-und-kalabrien-gefilmt-wurden\/\" \/>\n<meta property=\"og:locale\" content=\"de_DE\" \/>\n<meta property=\"og:type\" content=\"article\" \/>\n<meta property=\"og:title\" content=\"Rara specie desertica avvistata in Italia: filmato senza precedenti\" \/>\n<meta property=\"og:description\" content=\"Documentato in Calabria il primo video italiano del corrione biondo, specie desertica rarissima. Ecco cosa sappiamo sull\u2019avvistamento.\" \/>\n<meta property=\"og:url\" content=\"https:\/\/newsvirali.it\/de\/2025\/12\/05\/wustenarten-die-in-italien-und-kalabrien-gefilmt-wurden\/\" \/>\n<meta property=\"og:site_name\" content=\"News virali\" \/>\n<meta property=\"article:published_time\" content=\"2025-12-05T11:46:56+00:00\" \/>\n<meta property=\"article:modified_time\" content=\"2025-12-05T11:46:58+00:00\" \/>\n<meta property=\"og:image\" content=\"https:\/\/newsvirali.it\/wp-content\/uploads\/2025\/12\/1.jpg\" \/>\n\t<meta property=\"og:image:width\" content=\"1200\" \/>\n\t<meta property=\"og:image:height\" content=\"800\" \/>\n\t<meta property=\"og:image:type\" content=\"image\/jpeg\" \/>\n<meta name=\"author\" content=\"Tibaldo Strazza\" \/>\n<meta name=\"twitter:card\" content=\"summary_large_image\" \/>\n<meta name=\"twitter:label1\" content=\"Verfasst von\" \/>\n\t<meta name=\"twitter:data1\" content=\"Tibaldo Strazza\" \/>\n\t<meta name=\"twitter:label2\" content=\"Gesch\u00e4tzte Lesezeit\" \/>\n\t<meta name=\"twitter:data2\" content=\"3\u00a0Minuten\" \/>\n<script type=\"application\/ld+json\" class=\"yoast-schema-graph\">{\"@context\":\"https:\/\/schema.org\",\"@graph\":[{\"@type\":\"NewsArticle\",\"@id\":\"https:\/\/newsvirali.it\/2025\/12\/05\/specie-desertica-filmata-italia-calabria\/#article\",\"isPartOf\":{\"@id\":\"https:\/\/newsvirali.it\/2025\/12\/05\/specie-desertica-filmata-italia-calabria\/\"},\"author\":{\"name\":\"Tibaldo Strazza\",\"@id\":\"https:\/\/newsvirali.it\/fr\/#\/schema\/person\/0a582dda258ef809c8286ad749340ced\"},\"headline\":\"Rara specie desertica avvistata in Italia: filmato senza precedenti\",\"datePublished\":\"2025-12-05T11:46:56+00:00\",\"dateModified\":\"2025-12-05T11:46:58+00:00\",\"mainEntityOfPage\":{\"@id\":\"https:\/\/newsvirali.it\/2025\/12\/05\/specie-desertica-filmata-italia-calabria\/\"},\"wordCount\":521,\"image\":{\"@id\":\"https:\/\/newsvirali.it\/2025\/12\/05\/specie-desertica-filmata-italia-calabria\/#primaryimage\"},\"thumbnailUrl\":\"https:\/\/newsvirali.it\/wp-content\/uploads\/2025\/12\/1.jpg\",\"articleSection\":[\"Cronaca\"],\"inLanguage\":\"de\",\"copyrightYear\":\"2025\",\"copyrightHolder\":{\"@id\":\"https:\/\/newsvirali.it\/de\/#organization\"}},{\"@type\":\"WebPage\",\"@id\":\"https:\/\/newsvirali.it\/2025\/12\/05\/specie-desertica-filmata-italia-calabria\/\",\"url\":\"https:\/\/newsvirali.it\/2025\/12\/05\/specie-desertica-filmata-italia-calabria\/\",\"name\":\"Rara specie desertica filmata per la prima volta in Italia\",\"isPartOf\":{\"@id\":\"https:\/\/newsvirali.it\/fr\/#website\"},\"primaryImageOfPage\":{\"@id\":\"https:\/\/newsvirali.it\/2025\/12\/05\/specie-desertica-filmata-italia-calabria\/#primaryimage\"},\"image\":{\"@id\":\"https:\/\/newsvirali.it\/2025\/12\/05\/specie-desertica-filmata-italia-calabria\/#primaryimage\"},\"thumbnailUrl\":\"https:\/\/newsvirali.it\/wp-content\/uploads\/2025\/12\/1.jpg\",\"datePublished\":\"2025-12-05T11:46:56+00:00\",\"dateModified\":\"2025-12-05T11:46:58+00:00\",\"author\":{\"@id\":\"https:\/\/newsvirali.it\/fr\/#\/schema\/person\/0a582dda258ef809c8286ad749340ced\"},\"description\":\"Documentato in Calabria il primo video italiano del corrione biondo, specie desertica rarissima. Ecco cosa sappiamo sull\u2019avvistamento.\",\"breadcrumb\":{\"@id\":\"https:\/\/newsvirali.it\/2025\/12\/05\/specie-desertica-filmata-italia-calabria\/#breadcrumb\"},\"inLanguage\":\"de\",\"potentialAction\":[{\"@type\":\"ReadAction\",\"target\":[\"https:\/\/newsvirali.it\/2025\/12\/05\/specie-desertica-filmata-italia-calabria\/\"]}]},{\"@type\":\"ImageObject\",\"inLanguage\":\"de\",\"@id\":\"https:\/\/newsvirali.it\/2025\/12\/05\/specie-desertica-filmata-italia-calabria\/#primaryimage\",\"url\":\"https:\/\/newsvirali.it\/wp-content\/uploads\/2025\/12\/1.jpg\",\"contentUrl\":\"https:\/\/newsvirali.it\/wp-content\/uploads\/2025\/12\/1.jpg\",\"width\":1200,\"height\":800,\"caption\":\"Corrione biondo\"},{\"@type\":\"BreadcrumbList\",\"@id\":\"https:\/\/newsvirali.it\/2025\/12\/05\/specie-desertica-filmata-italia-calabria\/#breadcrumb\",\"itemListElement\":[{\"@type\":\"ListItem\",\"position\":1,\"name\":\"Home\",\"item\":\"https:\/\/newsvirali.it\/fr\/\"},{\"@type\":\"ListItem\",\"position\":2,\"name\":\"Rara specie desertica avvistata in Italia: filmato senza precedenti\"}]},{\"@type\":\"WebSite\",\"@id\":\"https:\/\/newsvirali.it\/fr\/#website\",\"url\":\"https:\/\/newsvirali.it\/fr\/\",\"name\":\"Bake News\",\"description\":\"\",\"potentialAction\":[{\"@type\":\"SearchAction\",\"target\":{\"@type\":\"EntryPoint\",\"urlTemplate\":\"https:\/\/newsvirali.it\/fr\/?s={search_term_string}\"},\"query-input\":{\"@type\":\"PropertyValueSpecification\",\"valueRequired\":true,\"valueName\":\"search_term_string\"}}],\"inLanguage\":\"de\"},{\"@type\":\"Person\",\"@id\":\"https:\/\/newsvirali.it\/fr\/#\/schema\/person\/0a582dda258ef809c8286ad749340ced\",\"name\":\"Tibaldo Strazza\",\"url\":\"https:\/\/newsvirali.it\/de\/autore\/tibaldo\/\"}]}<\/script>\n<!-- \/ Yoast SEO Premium plugin. -->","yoast_head_json":{"title":"Rara specie desertica filmata per la prima volta in Italia","description":"Documentato in Calabria il primo video italiano del corrione biondo, specie desertica rarissima. Ecco cosa sappiamo sull\u2019avvistamento.","robots":{"index":"index","follow":"follow","max-snippet":"max-snippet:-1","max-image-preview":"max-image-preview:large","max-video-preview":"max-video-preview:-1"},"canonical":"https:\/\/newsvirali.it\/de\/2025\/12\/05\/wustenarten-die-in-italien-und-kalabrien-gefilmt-wurden\/","og_locale":"de_DE","og_type":"article","og_title":"Rara specie desertica avvistata in Italia: filmato senza precedenti","og_description":"Documentato in Calabria il primo video italiano del corrione biondo, specie desertica rarissima. Ecco cosa sappiamo sull\u2019avvistamento.","og_url":"https:\/\/newsvirali.it\/de\/2025\/12\/05\/wustenarten-die-in-italien-und-kalabrien-gefilmt-wurden\/","og_site_name":"News virali","article_published_time":"2025-12-05T11:46:56+00:00","article_modified_time":"2025-12-05T11:46:58+00:00","og_image":[{"width":1200,"height":800,"url":"https:\/\/newsvirali.it\/wp-content\/uploads\/2025\/12\/1.jpg","type":"image\/jpeg"}],"author":"Tibaldo Strazza","twitter_card":"summary_large_image","twitter_misc":{"Verfasst von":"Tibaldo Strazza","Gesch\u00e4tzte Lesezeit":"3\u00a0Minuten"},"schema":{"@context":"https:\/\/schema.org","@graph":[{"@type":"NewsArticle","@id":"https:\/\/newsvirali.it\/2025\/12\/05\/specie-desertica-filmata-italia-calabria\/#article","isPartOf":{"@id":"https:\/\/newsvirali.it\/2025\/12\/05\/specie-desertica-filmata-italia-calabria\/"},"author":{"name":"Tibaldo Strazza","@id":"https:\/\/newsvirali.it\/fr\/#\/schema\/person\/0a582dda258ef809c8286ad749340ced"},"headline":"Rara specie desertica avvistata in Italia: filmato senza precedenti","datePublished":"2025-12-05T11:46:56+00:00","dateModified":"2025-12-05T11:46:58+00:00","mainEntityOfPage":{"@id":"https:\/\/newsvirali.it\/2025\/12\/05\/specie-desertica-filmata-italia-calabria\/"},"wordCount":521,"image":{"@id":"https:\/\/newsvirali.it\/2025\/12\/05\/specie-desertica-filmata-italia-calabria\/#primaryimage"},"thumbnailUrl":"https:\/\/newsvirali.it\/wp-content\/uploads\/2025\/12\/1.jpg","articleSection":["Cronaca"],"inLanguage":"de","copyrightYear":"2025","copyrightHolder":{"@id":"https:\/\/newsvirali.it\/de\/#organization"}},{"@type":"WebPage","@id":"https:\/\/newsvirali.it\/2025\/12\/05\/specie-desertica-filmata-italia-calabria\/","url":"https:\/\/newsvirali.it\/2025\/12\/05\/specie-desertica-filmata-italia-calabria\/","name":"Rara specie desertica filmata per la prima volta in Italia","isPartOf":{"@id":"https:\/\/newsvirali.it\/fr\/#website"},"primaryImageOfPage":{"@id":"https:\/\/newsvirali.it\/2025\/12\/05\/specie-desertica-filmata-italia-calabria\/#primaryimage"},"image":{"@id":"https:\/\/newsvirali.it\/2025\/12\/05\/specie-desertica-filmata-italia-calabria\/#primaryimage"},"thumbnailUrl":"https:\/\/newsvirali.it\/wp-content\/uploads\/2025\/12\/1.jpg","datePublished":"2025-12-05T11:46:56+00:00","dateModified":"2025-12-05T11:46:58+00:00","author":{"@id":"https:\/\/newsvirali.it\/fr\/#\/schema\/person\/0a582dda258ef809c8286ad749340ced"},"description":"Documentato in Calabria il primo video italiano del corrione biondo, specie desertica rarissima. Ecco cosa sappiamo sull\u2019avvistamento.","breadcrumb":{"@id":"https:\/\/newsvirali.it\/2025\/12\/05\/specie-desertica-filmata-italia-calabria\/#breadcrumb"},"inLanguage":"de","potentialAction":[{"@type":"ReadAction","target":["https:\/\/newsvirali.it\/2025\/12\/05\/specie-desertica-filmata-italia-calabria\/"]}]},{"@type":"ImageObject","inLanguage":"de","@id":"https:\/\/newsvirali.it\/2025\/12\/05\/specie-desertica-filmata-italia-calabria\/#primaryimage","url":"https:\/\/newsvirali.it\/wp-content\/uploads\/2025\/12\/1.jpg","contentUrl":"https:\/\/newsvirali.it\/wp-content\/uploads\/2025\/12\/1.jpg","width":1200,"height":800,"caption":"Corrione biondo"},{"@type":"BreadcrumbList","@id":"https:\/\/newsvirali.it\/2025\/12\/05\/specie-desertica-filmata-italia-calabria\/#breadcrumb","itemListElement":[{"@type":"ListItem","position":1,"name":"Home","item":"https:\/\/newsvirali.it\/fr\/"},{"@type":"ListItem","position":2,"name":"Rara specie desertica avvistata in Italia: filmato senza precedenti"}]},{"@type":"WebSite","@id":"https:\/\/newsvirali.it\/fr\/#website","url":"https:\/\/newsvirali.it\/fr\/","name":"Bake News","description":"","potentialAction":[{"@type":"SearchAction","target":{"@type":"EntryPoint","urlTemplate":"https:\/\/newsvirali.it\/fr\/?s={search_term_string}"},"query-input":{"@type":"PropertyValueSpecification","valueRequired":true,"valueName":"search_term_string"}}],"inLanguage":"de"},{"@type":"Person","@id":"https:\/\/newsvirali.it\/fr\/#\/schema\/person\/0a582dda258ef809c8286ad749340ced","name":"Tibaldo Strazza","url":"https:\/\/newsvirali.it\/de\/autore\/tibaldo\/"}]}},"_links":{"self":[{"href":"https:\/\/newsvirali.it\/de\/wp-json\/wp\/v2\/posts\/61118","targetHints":{"allow":["GET"]}}],"collection":[{"href":"https:\/\/newsvirali.it\/de\/wp-json\/wp\/v2\/posts"}],"about":[{"href":"https:\/\/newsvirali.it\/de\/wp-json\/wp\/v2\/types\/post"}],"author":[{"embeddable":true,"href":"https:\/\/newsvirali.it\/de\/wp-json\/wp\/v2\/users\/12"}],"replies":[{"embeddable":true,"href":"https:\/\/newsvirali.it\/de\/wp-json\/wp\/v2\/comments?post=61118"}],"version-history":[{"count":2,"href":"https:\/\/newsvirali.it\/de\/wp-json\/wp\/v2\/posts\/61118\/revisions"}],"predecessor-version":[{"id":61125,"href":"https:\/\/newsvirali.it\/de\/wp-json\/wp\/v2\/posts\/61118\/revisions\/61125"}],"wp:featuredmedia":[{"embeddable":true,"href":"https:\/\/newsvirali.it\/de\/wp-json\/wp\/v2\/media\/61124"}],"wp:attachment":[{"href":"https:\/\/newsvirali.it\/de\/wp-json\/wp\/v2\/media?parent=61118"}],"wp:term":[{"taxonomy":"category","embeddable":true,"href":"https:\/\/newsvirali.it\/de\/wp-json\/wp\/v2\/categories?post=61118"},{"taxonomy":"post_tag","embeddable":true,"href":"https:\/\/newsvirali.it\/de\/wp-json\/wp\/v2\/tags?post=61118"}],"curies":[{"name":"wp","href":"https:\/\/api.w.org\/{rel}","templated":true}]}}