{"id":58480,"date":"2025-05-27T12:47:07","date_gmt":"2025-05-27T10:47:07","guid":{"rendered":"https:\/\/newsvirali.it\/?p=58480"},"modified":"2025-05-27T12:47:08","modified_gmt":"2025-05-27T10:47:08","slug":"cambiamento-climatico-tumori-donne","status":"publish","type":"post","link":"https:\/\/newsvirali.it\/de\/2025\/05\/27\/klimawandel-tumore-frauen\/","title":{"rendered":"Krebsalarm: Klimawandel erh\u00f6ht die Zahl der Krebsf\u00e4lle bei Frauen"},"content":{"rendered":"<p>Die globale Erw\u00e4rmung k\u00f6nnte nicht nur eine Bedrohung f\u00fcr den Planeten, sondern auch f\u00fcr die Gesundheit von Frauen darstellen. Einer <a href=\"https:\/\/www.frontiersin.org\/journals\/public-health\/articles\/10.3389\/fpubh.2025.1529706\/full\">Forschungsergebnisse ver\u00f6ffentlicht am <em>Grenzen der \u00f6ffentlichen Gesundheit<\/em><\/a>Mit jedem weiteren Grad steigt die Zahl der Krebsf\u00e4lle in verschiedenen Regionen der Welt. Die Studie weist auf Klima, Umweltverschmutzung und gesundheitliche Ungleichheiten hin.<\/p>\n\n\n\n<p><strong>LESEN SIE DIE NEUESTEN GESUNDHEITSARTIKEL<\/strong><\/p>\n\n\n<ul class=\"wp-block-latest-posts__list wp-block-latest-posts\"><li><a class=\"wp-block-latest-posts__post-title\" href=\"https:\/\/newsvirali.it\/de\/2026\/01\/30\/medikamentencocktail-gegen-pankreaskrebs\/\">Bauchspeicheldr\u00fcsenkrebs: Der Medikamentencocktail, der den Tumor verschwinden l\u00e4sst<\/a><\/li>\n<li><a class=\"wp-block-latest-posts__post-title\" href=\"https:\/\/newsvirali.it\/de\/2026\/01\/09\/reaktion-auf-das-tatowieren-haarausfall-vermindertes-schwitzen\/\">Mann verliert nach Reaktion auf rotes Tattoo alle Haare und h\u00f6rt auf zu schwitzen<\/a><\/li>\n<li><a class=\"wp-block-latest-posts__post-title\" href=\"https:\/\/newsvirali.it\/de\/2025\/10\/22\/salmonellen-alarm-in-sizilien-tomaten-europa\/\">Sizilianische Tomaten im Rampenlicht: Salmonelleninfektionen nehmen in Europa zu<\/a><\/li>\n<li><a class=\"wp-block-latest-posts__post-title\" href=\"https:\/\/newsvirali.it\/de\/2025\/07\/31\/covid-grippe-metastasen-krebs-natur\/\">Covid und Grippe k\u00f6nnen Tumore und Metastasen \u201ereaktivieren\u201c: schockierende Entdeckung der Wissenschaftler<\/a><\/li>\n<li><a class=\"wp-block-latest-posts__post-title\" href=\"https:\/\/newsvirali.it\/de\/2025\/05\/27\/klimawandel-tumore-frauen\/\">Krebsalarm: Klimawandel erh\u00f6ht die Zahl der Krebsf\u00e4lle bei Frauen<\/a><\/li>\n<\/ul>\n\n\n<h3 class=\"wp-block-heading\" id=\"h-lo-studio-piu-caldo-piu-cancro\"><strong>Die Studie: Hei\u00dfer, mehr Krebs<\/strong><\/h3>\n\n\n\n<p>Der Zusammenhang zwischen Klima und Gesundheit wird immer deutlicher. Ein internationales Team analysierte Gesundheitsdaten aus 17 L\u00e4ndern des Nahen Ostens und Nordafrikas zwischen 1998 und 2019. Das Ergebnis ist erschreckend: Jeder Anstieg der Durchschnittstemperatur um 1 \u00b0C ist mit einem Anstieg der Krebsf\u00e4lle von 173 auf 280 pro 100.000 Menschen verbunden. Noch beeindruckender ist der Anstieg der Todesf\u00e4lle: von 171 auf 332 pro 100.000.<\/p>\n\n\n\n<p>Welche Krebsart weist den h\u00f6chsten Spitzenwert auf? Eierstockkrebs, bei dem sowohl die Inzidenz als auch die Mortalit\u00e4t am st\u00e4rksten zugenommen haben. Das Ph\u00e4nomen sei nicht nur auf das hei\u00dfere Klima zur\u00fcckzuf\u00fchren, erkl\u00e4ren Wissenschaftler, sondern auch auf die Zunahme von Luftschadstoffen, ultravioletter Strahlung und anderen sch\u00e4dlichen Umweltfaktoren.<\/p>\n\n\n\n<h3 class=\"wp-block-heading\" id=\"h-perche-colpisce-soprattutto-le-donne\"><strong>Warum es vor allem Frauen betrifft<\/strong><\/h3>\n\n\n\n<p>Das alarmierendste Ergebnis der Studie ist, dass die Auswirkungen des Klimawandels auf die Krebsgesundheit insbesondere Frauen betreffen. Der Grund hierf\u00fcr ist dreifach: kulturelle, wirtschaftliche und rechtliche Barrieren verhindern einen rechtzeitigen Zugang zu Vorsorgeuntersuchungen und Behandlungen, insbesondere in Umgebungen, in denen das Gesundheitssystem bereits fragil ist.<\/p>\n\n\n\n<p>\u201eFrauen stehen vor erheblichen H\u00fcrden bei der Fr\u00fchdiagnose und angemessenen Behandlung. Zudem sind sie h\u00e4ufig st\u00e4rker krebserregenden Umweltstoffen ausgesetzt\u201c, sagt Wafa Abuelkheir Mataria, Co-Autorin der Studie und Professorin an der Amerikanischen Universit\u00e4t in Kairo.<\/p>\n\n\n\n<p>Die Analyse legt nahe, Klimastrategien in nationale Pl\u00e4ne zur Krebspr\u00e4vention zu integrieren und dabei besonderes Augenmerk auf die Geschlechterunterschiede zu legen.<\/p>\n\n\n\n<h3 class=\"wp-block-heading\" id=\"h-cosa-dicono-gli-esperti\"><strong>Was die Experten sagen<\/strong><\/h3>\n\n\n\n<p>Auch Irina Stepanov, Professorin f\u00fcr \u00f6ffentliche Gesundheit an der Universit\u00e4t von Minnesota, best\u00e4tigt den Ernst der Lage: \u201eHohe Temperaturen k\u00f6nnen die Belastung durch zahlreiche Karzinogene sowohl direkt als auch indirekt verst\u00e4rken. Die globale Erw\u00e4rmung kann als zus\u00e4tzlicher Risikofaktor im Kampf gegen Krebs angesehen werden.\u201c<\/p>\n\n\n\n<p>Mehrere Krebszentren und globale Gesundheitsinstitute \u00fcberarbeiten ihre Pr\u00e4ventionsrichtlinien, um auch die Umgebung zu ber\u00fccksichtigen, in der die Menschen leben. Die Grundidee ist klar: Gesundheit und Klima sind eng miteinander verkn\u00fcpft und k\u00f6nnen nicht getrennt voneinander betrachtet werden.<\/p>\n\n\n\n<h3 class=\"wp-block-heading\" id=\"h-un-allarme-che-riguarda-tutti\"><strong>Ein Alarm, der alle betrifft<\/strong><\/h3>\n\n\n\n<p>Obwohl sich die Studie nur auf die MENA-L\u00e4nder konzentrierte, sind die Auswirkungen global. Luftverschmutzung, steigende Temperaturen und die Zunahme chronischer Krankheiten beeintr\u00e4chtigen mittlerweile viele europ\u00e4ische St\u00e4dte.<\/p>\n\n\n\n<p>Die wissenschaftliche Gemeinschaft appelliert: Es ist dringend erforderlich, den Klimawandel nicht nur als Umweltkrise, sondern als echten Gesundheitsnotstand zu betrachten. Und wie diese Studie zeigt, zahlen Frauen m\u00f6glicherweise den h\u00f6chsten Preis.<\/p>\n\n\n\n<h3 class=\"wp-block-heading\" id=\"h-fattori-ambientali-legati-all-aumento-dei-tumori\"><strong>Umweltfaktoren im Zusammenhang mit der Zunahme von Tumoren<\/strong><\/h3>\n\n\n\n<p>Der mit dem Klimawandel in Zusammenhang stehende Anstieg von Krebserkrankungen ist nicht blo\u00df eine Zukunftsprognose, sondern eine dokumentierte Realit\u00e4t. Zu den wichtigsten damit verbundenen Umweltfaktoren z\u00e4hlen Luftverschmutzung, anhaltende Belastung mit ultravioletter Strahlung und die Verbreitung giftiger Chemikalien. Laut AIRC kann verschmutzte Luft Feinstaub (PM2,5), Schwermetalle und fl\u00fcchtige organische Verbindungen enthalten, die alle als krebserregend eingestuft werden.<\/p>\n\n\n\n<p>Dar\u00fcber hinaus beeintr\u00e4chtigen Hitzewellen und steigende Temperaturen die Qualit\u00e4t von Wasser und Nahrungsmitteln und beg\u00fcnstigen die Ansammlung von Giftstoffen und die Verbreitung sch\u00e4dlicher Mikroorganismen. Auch Waldbr\u00e4nde, die aufgrund des Klimawandels h\u00e4ufiger werden, setzen Stoffe in die Atmosph\u00e4re frei, die die menschliche DNA sch\u00e4digen k\u00f6nnen.<\/p>\n\n\n\n<p>Eine weitere Nebenwirkung ist die Belastung der Gesundheitsinfrastruktur: Extreme Wetterereignisse wie \u00dcberschwemmungen und Wirbelst\u00fcrme k\u00f6nnen lebenswichtige medizinische Dienste unterbrechen und so eine rechtzeitige Diagnose oder den Zugang zur Krebsbehandlung erschweren.<\/p>\n\n\n\n<h3 class=\"wp-block-heading\" id=\"h-effetti-del-cambiamento-climatico-sulla-salute-mentale-delle-donne\"><strong>Auswirkungen des Klimawandels auf die psychische Gesundheit von Frauen<\/strong><\/h3>\n\n\n\n<p>Die globale Erw\u00e4rmung wirkt sich nicht nur auf den K\u00f6rper, sondern auch auf den Geist aus. Mehrere Studien haben gezeigt, dass Frauen als Reaktion auf Umweltstressoren, die durch den Klimawandel verursacht werden, h\u00e4ufiger psychische St\u00f6rungen entwickeln. Angstzust\u00e4nde, Depressionen, posttraumatische Belastungsst\u00f6rungen und Gef\u00fchle der Hilflosigkeit sind insbesondere in von Klimakatastrophen betroffenen Gebieten weit verbreitet.<\/p>\n\n\n\n<p>Besonders gef\u00e4hrdet sind Schwangere und M\u00fctter. Angst um die Gesundheit der Kinder, Verlust des Zuhauses oder Arbeitsplatzes aufgrund extremer Wetterereignisse und wirtschaftliche Instabilit\u00e4t sind Faktoren, die das psychische Risiko erh\u00f6hen.<\/p>\n\n\n\n<p>Laut ARS Toscana kann die mit dem Klimawandel verbundene Umweltunsicherheit ein Gef\u00fchl st\u00e4ndiger Alarmbereitschaft erzeugen, was langfristige Auswirkungen auf das psychische Wohlbefinden hat. Dennoch wird der psychischen Gesundheit in Klimastrategien immer noch zu wenig Beachtung geschenkt, obwohl es zunehmend Belege f\u00fcr ihre Bedeutung gibt.<\/p>\n<br \/>Folgen Sie uns auch auf Google News: <b><a href=\"https:\/\/news.google.com\/publications\/CAAqBwgKMNqJiwswjMfqAg?hl=it&gl=IT&ceid=IT:it\" target=\"_blank\">klicken Sie hier<\/a><\/b>","protected":false},"excerpt":{"rendered":"<p>Die globale Erw\u00e4rmung k\u00f6nnte nicht nur eine Bedrohung f\u00fcr den Planeten, sondern auch f\u00fcr die Gesundheit von Frauen darstellen. Zweite [\u2026]<\/p>","protected":false},"author":4,"featured_media":58481,"comment_status":"closed","ping_status":"open","sticky":false,"template":"","format":"standard","meta":{"MSN_Categories":"Uncategorized","MSN_Publish_Option":false,"MSN_Is_Local_News":false,"MSN_Is_AIAC_Included":"Empty","MSN_Location":"[]","MSN_Add_Feature_Img_On_Top_Of_Post":false,"MSN_Has_Custom_Author":false,"MSN_Custom_Author":"","MSN_Has_Custom_Canonical_Url":false,"MSN_Custom_Canonical_Url":"","footnotes":""},"categories":[33],"tags":[],"class_list":["post-58480","post","type-post","status-publish","format-standard","has-post-thumbnail","hentry","category-salute"],"acf":[],"yoast_head":"<!-- This site is optimized with the Yoast SEO Premium plugin v26.7 (Yoast SEO v26.7) - https:\/\/yoast.com\/wordpress\/plugins\/seo\/ -->\n<title>Cambiamento climatico e tumori: allarme per la salute delle donne<\/title>\n<meta name=\"description\" content=\"Uno studio lancia l\u2019allarme: il riscaldamento globale potrebbe far aumentare i tumori tra le donne. Ecco perch\u00e9 clima e salute sono legati.\" \/>\n<meta name=\"robots\" content=\"index, follow, max-snippet:-1, max-image-preview:large, max-video-preview:-1\" \/>\n<link rel=\"canonical\" href=\"https:\/\/newsvirali.it\/de\/2025\/05\/27\/klimawandel-tumore-frauen\/\" \/>\n<meta property=\"og:locale\" content=\"de_DE\" \/>\n<meta property=\"og:type\" content=\"article\" \/>\n<meta property=\"og:title\" content=\"Allarme tumori: il cambiamento climatico fa salire i casi tra le donne\" \/>\n<meta property=\"og:description\" content=\"Uno studio lancia l\u2019allarme: il riscaldamento globale potrebbe far aumentare i tumori tra le donne. Ecco perch\u00e9 clima e salute sono legati.\" \/>\n<meta property=\"og:url\" content=\"https:\/\/newsvirali.it\/de\/2025\/05\/27\/klimawandel-tumore-frauen\/\" \/>\n<meta property=\"og:site_name\" content=\"News virali\" \/>\n<meta property=\"article:published_time\" content=\"2025-05-27T10:47:07+00:00\" \/>\n<meta property=\"article:modified_time\" content=\"2025-05-27T10:47:08+00:00\" \/>\n<meta property=\"og:image\" content=\"https:\/\/newsvirali.it\/wp-content\/uploads\/2025\/05\/ChatGPT-Image-27-mag-2025-12_41_48.jpg\" \/>\n\t<meta property=\"og:image:width\" content=\"1536\" \/>\n\t<meta property=\"og:image:height\" content=\"1024\" \/>\n\t<meta property=\"og:image:type\" content=\"image\/jpeg\" \/>\n<meta name=\"author\" content=\"Cecco Prestina\" \/>\n<meta name=\"twitter:card\" content=\"summary_large_image\" \/>\n<meta name=\"twitter:label1\" content=\"Verfasst von\" \/>\n\t<meta name=\"twitter:data1\" content=\"Cecco Prestina\" \/>\n\t<meta name=\"twitter:label2\" content=\"Gesch\u00e4tzte Lesezeit\" \/>\n\t<meta name=\"twitter:data2\" content=\"4\u00a0Minuten\" \/>\n<script type=\"application\/ld+json\" class=\"yoast-schema-graph\">{\"@context\":\"https:\/\/schema.org\",\"@graph\":[{\"@type\":\"NewsArticle\",\"@id\":\"https:\/\/newsvirali.it\/2025\/05\/27\/cambiamento-climatico-tumori-donne\/#article\",\"isPartOf\":{\"@id\":\"https:\/\/newsvirali.it\/2025\/05\/27\/cambiamento-climatico-tumori-donne\/\"},\"author\":{\"name\":\"Cecco Prestina\",\"@id\":\"https:\/\/newsvirali.it\/fr\/#\/schema\/person\/4c835f7b49c9adb58b33901ee816565d\"},\"headline\":\"Allarme tumori: il cambiamento climatico fa salire i casi tra le donne\",\"datePublished\":\"2025-05-27T10:47:07+00:00\",\"dateModified\":\"2025-05-27T10:47:08+00:00\",\"mainEntityOfPage\":{\"@id\":\"https:\/\/newsvirali.it\/2025\/05\/27\/cambiamento-climatico-tumori-donne\/\"},\"wordCount\":760,\"image\":{\"@id\":\"https:\/\/newsvirali.it\/2025\/05\/27\/cambiamento-climatico-tumori-donne\/#primaryimage\"},\"thumbnailUrl\":\"https:\/\/newsvirali.it\/wp-content\/uploads\/2025\/05\/ChatGPT-Image-27-mag-2025-12_41_48.jpg\",\"articleSection\":[\"Salute\"],\"inLanguage\":\"de\",\"copyrightYear\":\"2025\",\"copyrightHolder\":{\"@id\":\"https:\/\/newsvirali.it\/de\/#organization\"}},{\"@type\":\"WebPage\",\"@id\":\"https:\/\/newsvirali.it\/2025\/05\/27\/cambiamento-climatico-tumori-donne\/\",\"url\":\"https:\/\/newsvirali.it\/2025\/05\/27\/cambiamento-climatico-tumori-donne\/\",\"name\":\"Cambiamento climatico e tumori: allarme per la salute delle donne\",\"isPartOf\":{\"@id\":\"https:\/\/newsvirali.it\/fr\/#website\"},\"primaryImageOfPage\":{\"@id\":\"https:\/\/newsvirali.it\/2025\/05\/27\/cambiamento-climatico-tumori-donne\/#primaryimage\"},\"image\":{\"@id\":\"https:\/\/newsvirali.it\/2025\/05\/27\/cambiamento-climatico-tumori-donne\/#primaryimage\"},\"thumbnailUrl\":\"https:\/\/newsvirali.it\/wp-content\/uploads\/2025\/05\/ChatGPT-Image-27-mag-2025-12_41_48.jpg\",\"datePublished\":\"2025-05-27T10:47:07+00:00\",\"dateModified\":\"2025-05-27T10:47:08+00:00\",\"author\":{\"@id\":\"https:\/\/newsvirali.it\/fr\/#\/schema\/person\/4c835f7b49c9adb58b33901ee816565d\"},\"description\":\"Uno studio lancia l\u2019allarme: il riscaldamento globale potrebbe far aumentare i tumori tra le donne. Ecco perch\u00e9 clima e salute sono legati.\",\"breadcrumb\":{\"@id\":\"https:\/\/newsvirali.it\/2025\/05\/27\/cambiamento-climatico-tumori-donne\/#breadcrumb\"},\"inLanguage\":\"de\",\"potentialAction\":[{\"@type\":\"ReadAction\",\"target\":[\"https:\/\/newsvirali.it\/2025\/05\/27\/cambiamento-climatico-tumori-donne\/\"]}]},{\"@type\":\"ImageObject\",\"inLanguage\":\"de\",\"@id\":\"https:\/\/newsvirali.it\/2025\/05\/27\/cambiamento-climatico-tumori-donne\/#primaryimage\",\"url\":\"https:\/\/newsvirali.it\/wp-content\/uploads\/2025\/05\/ChatGPT-Image-27-mag-2025-12_41_48.jpg\",\"contentUrl\":\"https:\/\/newsvirali.it\/wp-content\/uploads\/2025\/05\/ChatGPT-Image-27-mag-2025-12_41_48.jpg\",\"width\":1536,\"height\":1024,\"caption\":\"Cambiamento climatico e tumori: allarme per la salute delle donne\"},{\"@type\":\"BreadcrumbList\",\"@id\":\"https:\/\/newsvirali.it\/2025\/05\/27\/cambiamento-climatico-tumori-donne\/#breadcrumb\",\"itemListElement\":[{\"@type\":\"ListItem\",\"position\":1,\"name\":\"Home\",\"item\":\"https:\/\/newsvirali.it\/fr\/\"},{\"@type\":\"ListItem\",\"position\":2,\"name\":\"Allarme tumori: il cambiamento climatico fa salire i casi tra le donne\"}]},{\"@type\":\"WebSite\",\"@id\":\"https:\/\/newsvirali.it\/fr\/#website\",\"url\":\"https:\/\/newsvirali.it\/fr\/\",\"name\":\"Bake News\",\"description\":\"\",\"potentialAction\":[{\"@type\":\"SearchAction\",\"target\":{\"@type\":\"EntryPoint\",\"urlTemplate\":\"https:\/\/newsvirali.it\/fr\/?s={search_term_string}\"},\"query-input\":{\"@type\":\"PropertyValueSpecification\",\"valueRequired\":true,\"valueName\":\"search_term_string\"}}],\"inLanguage\":\"de\"},{\"@type\":\"Person\",\"@id\":\"https:\/\/newsvirali.it\/fr\/#\/schema\/person\/4c835f7b49c9adb58b33901ee816565d\",\"name\":\"Cecco Prestina\",\"description\":\"Perch\u00e9 nasconderlo? Cecco Prestina \u00e8 un alias, ma dietro di lui non si cela un algoritmo di intelligenza artificiale. C'\u00e8 un giornalista che ha oltre vent'anni di esperienza tutta sul web. Da quando il primo modem ha iniziato a gracchiare sul territorio italiano con Video on Line, Cecco ha capito che da quel doppino sarebbe passato il futuro. Ha dedidicato tutta la sua carriera a capire Internet e poi i social e ora l'Ai. Una carriera in costante aggiornamento. E questa esperienza la mette in campo ogni giorno. Per\u00f2 ogni tanto Cecco ha voglia anche di non scrivere \\\"pipponi\\\" sulla politica, sull'economia. Ha voglia anche di scrivere qualcosa di divertente. Le notizie che trovate su Bake News sono le stesse che Cecco porta all'aperitivo con gli amici. Quelle di cui discutere per farsi due risate. Notizie, vere (qualche volta si fa fatica a crederlo), strane, divertenti, ma anche serie. Bake News \u00e8 nato per questo, dare al pubblico notizie croccanti e calde come il pane che esce dal forno. E Cecco Prestina \u00e8 nato con Bake News.\",\"url\":\"https:\/\/newsvirali.it\/de\/autore\/cecco-prestina\/\"}]}<\/script>\n<!-- \/ Yoast SEO Premium plugin. -->","yoast_head_json":{"title":"Cambiamento climatico e tumori: allarme per la salute delle donne","description":"Uno studio lancia l\u2019allarme: il riscaldamento globale potrebbe far aumentare i tumori tra le donne. Ecco perch\u00e9 clima e salute sono legati.","robots":{"index":"index","follow":"follow","max-snippet":"max-snippet:-1","max-image-preview":"max-image-preview:large","max-video-preview":"max-video-preview:-1"},"canonical":"https:\/\/newsvirali.it\/de\/2025\/05\/27\/klimawandel-tumore-frauen\/","og_locale":"de_DE","og_type":"article","og_title":"Allarme tumori: il cambiamento climatico fa salire i casi tra le donne","og_description":"Uno studio lancia l\u2019allarme: il riscaldamento globale potrebbe far aumentare i tumori tra le donne. Ecco perch\u00e9 clima e salute sono legati.","og_url":"https:\/\/newsvirali.it\/de\/2025\/05\/27\/klimawandel-tumore-frauen\/","og_site_name":"News virali","article_published_time":"2025-05-27T10:47:07+00:00","article_modified_time":"2025-05-27T10:47:08+00:00","og_image":[{"width":1536,"height":1024,"url":"https:\/\/newsvirali.it\/wp-content\/uploads\/2025\/05\/ChatGPT-Image-27-mag-2025-12_41_48.jpg","type":"image\/jpeg"}],"author":"Cecco Prestina","twitter_card":"summary_large_image","twitter_misc":{"Verfasst von":"Cecco Prestina","Gesch\u00e4tzte Lesezeit":"4\u00a0Minuten"},"schema":{"@context":"https:\/\/schema.org","@graph":[{"@type":"NewsArticle","@id":"https:\/\/newsvirali.it\/2025\/05\/27\/cambiamento-climatico-tumori-donne\/#article","isPartOf":{"@id":"https:\/\/newsvirali.it\/2025\/05\/27\/cambiamento-climatico-tumori-donne\/"},"author":{"name":"Cecco Prestina","@id":"https:\/\/newsvirali.it\/fr\/#\/schema\/person\/4c835f7b49c9adb58b33901ee816565d"},"headline":"Allarme tumori: il cambiamento climatico fa salire i casi tra le donne","datePublished":"2025-05-27T10:47:07+00:00","dateModified":"2025-05-27T10:47:08+00:00","mainEntityOfPage":{"@id":"https:\/\/newsvirali.it\/2025\/05\/27\/cambiamento-climatico-tumori-donne\/"},"wordCount":760,"image":{"@id":"https:\/\/newsvirali.it\/2025\/05\/27\/cambiamento-climatico-tumori-donne\/#primaryimage"},"thumbnailUrl":"https:\/\/newsvirali.it\/wp-content\/uploads\/2025\/05\/ChatGPT-Image-27-mag-2025-12_41_48.jpg","articleSection":["Salute"],"inLanguage":"de","copyrightYear":"2025","copyrightHolder":{"@id":"https:\/\/newsvirali.it\/de\/#organization"}},{"@type":"WebPage","@id":"https:\/\/newsvirali.it\/2025\/05\/27\/cambiamento-climatico-tumori-donne\/","url":"https:\/\/newsvirali.it\/2025\/05\/27\/cambiamento-climatico-tumori-donne\/","name":"Cambiamento climatico e tumori: allarme per la salute delle donne","isPartOf":{"@id":"https:\/\/newsvirali.it\/fr\/#website"},"primaryImageOfPage":{"@id":"https:\/\/newsvirali.it\/2025\/05\/27\/cambiamento-climatico-tumori-donne\/#primaryimage"},"image":{"@id":"https:\/\/newsvirali.it\/2025\/05\/27\/cambiamento-climatico-tumori-donne\/#primaryimage"},"thumbnailUrl":"https:\/\/newsvirali.it\/wp-content\/uploads\/2025\/05\/ChatGPT-Image-27-mag-2025-12_41_48.jpg","datePublished":"2025-05-27T10:47:07+00:00","dateModified":"2025-05-27T10:47:08+00:00","author":{"@id":"https:\/\/newsvirali.it\/fr\/#\/schema\/person\/4c835f7b49c9adb58b33901ee816565d"},"description":"Uno studio lancia l\u2019allarme: il riscaldamento globale potrebbe far aumentare i tumori tra le donne. Ecco perch\u00e9 clima e salute sono legati.","breadcrumb":{"@id":"https:\/\/newsvirali.it\/2025\/05\/27\/cambiamento-climatico-tumori-donne\/#breadcrumb"},"inLanguage":"de","potentialAction":[{"@type":"ReadAction","target":["https:\/\/newsvirali.it\/2025\/05\/27\/cambiamento-climatico-tumori-donne\/"]}]},{"@type":"ImageObject","inLanguage":"de","@id":"https:\/\/newsvirali.it\/2025\/05\/27\/cambiamento-climatico-tumori-donne\/#primaryimage","url":"https:\/\/newsvirali.it\/wp-content\/uploads\/2025\/05\/ChatGPT-Image-27-mag-2025-12_41_48.jpg","contentUrl":"https:\/\/newsvirali.it\/wp-content\/uploads\/2025\/05\/ChatGPT-Image-27-mag-2025-12_41_48.jpg","width":1536,"height":1024,"caption":"Cambiamento climatico e tumori: allarme per la salute delle donne"},{"@type":"BreadcrumbList","@id":"https:\/\/newsvirali.it\/2025\/05\/27\/cambiamento-climatico-tumori-donne\/#breadcrumb","itemListElement":[{"@type":"ListItem","position":1,"name":"Home","item":"https:\/\/newsvirali.it\/fr\/"},{"@type":"ListItem","position":2,"name":"Allarme tumori: il cambiamento climatico fa salire i casi tra le donne"}]},{"@type":"WebSite","@id":"https:\/\/newsvirali.it\/fr\/#website","url":"https:\/\/newsvirali.it\/fr\/","name":"Bake News","description":"","potentialAction":[{"@type":"SearchAction","target":{"@type":"EntryPoint","urlTemplate":"https:\/\/newsvirali.it\/fr\/?s={search_term_string}"},"query-input":{"@type":"PropertyValueSpecification","valueRequired":true,"valueName":"search_term_string"}}],"inLanguage":"de"},{"@type":"Person","@id":"https:\/\/newsvirali.it\/fr\/#\/schema\/person\/4c835f7b49c9adb58b33901ee816565d","name":"Cecco Prestina","description":"Perch\u00e9 nasconderlo? Cecco Prestina \u00e8 un alias, ma dietro di lui non si cela un algoritmo di intelligenza artificiale. C'\u00e8 un giornalista che ha oltre vent'anni di esperienza tutta sul web. Da quando il primo modem ha iniziato a gracchiare sul territorio italiano con Video on Line, Cecco ha capito che da quel doppino sarebbe passato il futuro. Ha dedidicato tutta la sua carriera a capire Internet e poi i social e ora l'Ai. Una carriera in costante aggiornamento. E questa esperienza la mette in campo ogni giorno. Per\u00f2 ogni tanto Cecco ha voglia anche di non scrivere \"pipponi\" sulla politica, sull'economia. Ha voglia anche di scrivere qualcosa di divertente. Le notizie che trovate su Bake News sono le stesse che Cecco porta all'aperitivo con gli amici. Quelle di cui discutere per farsi due risate. Notizie, vere (qualche volta si fa fatica a crederlo), strane, divertenti, ma anche serie. Bake News \u00e8 nato per questo, dare al pubblico notizie croccanti e calde come il pane che esce dal forno. E Cecco Prestina \u00e8 nato con Bake News.","url":"https:\/\/newsvirali.it\/de\/autore\/cecco-prestina\/"}]}},"_links":{"self":[{"href":"https:\/\/newsvirali.it\/de\/wp-json\/wp\/v2\/posts\/58480","targetHints":{"allow":["GET"]}}],"collection":[{"href":"https:\/\/newsvirali.it\/de\/wp-json\/wp\/v2\/posts"}],"about":[{"href":"https:\/\/newsvirali.it\/de\/wp-json\/wp\/v2\/types\/post"}],"author":[{"embeddable":true,"href":"https:\/\/newsvirali.it\/de\/wp-json\/wp\/v2\/users\/4"}],"replies":[{"embeddable":true,"href":"https:\/\/newsvirali.it\/de\/wp-json\/wp\/v2\/comments?post=58480"}],"version-history":[{"count":1,"href":"https:\/\/newsvirali.it\/de\/wp-json\/wp\/v2\/posts\/58480\/revisions"}],"predecessor-version":[{"id":58482,"href":"https:\/\/newsvirali.it\/de\/wp-json\/wp\/v2\/posts\/58480\/revisions\/58482"}],"wp:featuredmedia":[{"embeddable":true,"href":"https:\/\/newsvirali.it\/de\/wp-json\/wp\/v2\/media\/58481"}],"wp:attachment":[{"href":"https:\/\/newsvirali.it\/de\/wp-json\/wp\/v2\/media?parent=58480"}],"wp:term":[{"taxonomy":"category","embeddable":true,"href":"https:\/\/newsvirali.it\/de\/wp-json\/wp\/v2\/categories?post=58480"},{"taxonomy":"post_tag","embeddable":true,"href":"https:\/\/newsvirali.it\/de\/wp-json\/wp\/v2\/tags?post=58480"}],"curies":[{"name":"wp","href":"https:\/\/api.w.org\/{rel}","templated":true}]}}