{"id":57925,"date":"2025-05-13T19:09:09","date_gmt":"2025-05-13T17:09:09","guid":{"rendered":"https:\/\/newsvirali.it\/?p=57925"},"modified":"2025-05-13T19:09:10","modified_gmt":"2025-05-13T17:09:10","slug":"biden-non-riconosce-george-clooney","status":"publish","type":"post","link":"https:\/\/newsvirali.it\/de\/2025\/05\/13\/biden-erkennt-george-clooney-nicht-an\/","title":{"rendered":"Biden schockiert: Er erkennt George Clooney nicht an, die Geschichte ist erschreckend"},"content":{"rendered":"<p>Es ist der 13. Mai 2025, wenn die <em>New York Post<\/em> ver\u00f6ffentlicht eine Geschichte hinter den Kulissen, die neues Licht auf Joe Bidens R\u00fcckzug von der Pr\u00e4sidentschaftswahl 2024 wirft. Laut dem Buch \u201eOriginal Sin\u201c der Journalisten Jake Tapper und Alex Thompson erkannte Pr\u00e4sident Biden w\u00e4hrend einer Spendenveranstaltung in Los Angeles George Clooney, einen langj\u00e4hrigen Freund und Mitorganisator der Initiative, nicht an.<\/p>\n\n\n\n<p>Die Szene war laut einem anwesenden Assistenten surreal: \u201eEr wusste nicht, wer es war. Sie fl\u00fcsterten ihm ins Ohr: \u201aEs ist George Clooney\u2018 und er nickte nur verst\u00e4ndnislos.\u201c Der Schauspieler war zutiefst schockiert.<\/p>\n\n\n\n<p><strong>LESEN SIE ANDERE WELT-NEWS<\/strong><\/p>\n\n\n<ul class=\"wp-block-latest-posts__list wp-block-latest-posts\"><li><a class=\"wp-block-latest-posts__post-title\" href=\"https:\/\/newsvirali.it\/de\/2026\/02\/12\/emma-amit-tote-teufelskrabbe\/\">Vloggerin Emma Amit stirbt nach dem Verzehr einer giftigen Teufelskrabbe<\/a><\/li>\n<li><a class=\"wp-block-latest-posts__post-title\" href=\"https:\/\/newsvirali.it\/de\/2026\/02\/05\/drei-schwestern-begingen-selbstmord-in-indien\/\">Eltern konfiszieren Handys wegen exzessiven Spielens: Drei Schwestern begehen Selbstmord<\/a><\/li>\n<li><a class=\"wp-block-latest-posts__post-title\" href=\"https:\/\/newsvirali.it\/de\/2026\/01\/30\/festnahme-in-einem-ferienresort-in-florida-wegen-obszoner-handlungen\/\">Schockierende Szenen in einem Ferienresort in Florida: Mann wegen exhibitionistischer Handlungen mit einem Staubsauger verhaftet<\/a><\/li>\n<li><a class=\"wp-block-latest-posts__post-title\" href=\"https:\/\/newsvirali.it\/de\/2026\/01\/28\/betrunkener-vater-erhangt-sohn-in-schockierendem-video\/\">Betrunkener Vater h\u00e4ngt Sohn aus dem Fenster: Schockierendes Video<\/a><\/li>\n<li><a class=\"wp-block-latest-posts__post-title\" href=\"https:\/\/newsvirali.it\/de\/2026\/01\/27\/schwangere-lehrerin-und-13-jahrige-schulerin\/\">Lehrerin gibt zu, von 13-j\u00e4hrigem Sch\u00fcler schwanger geworden zu sein<\/a><\/li>\n<\/ul>\n\n\n<h2 class=\"wp-block-heading\" id=\"h-clooney-non-era-piu-lo-stesso-uomo\">Clooney: \u201eEr war nicht mehr derselbe Mann\u201c<\/h2>\n\n\n\n<p>Der ber\u00fchmte Schauspieler, der bisher geheim gehalten wurde, best\u00e4tigte die Episode in einem Leitartikel auf <em>New York Times<\/em>und nannte es \u201etraurig und aufschlussreich\u201c. \u201eEs ist niederschmetternd, das sagen zu m\u00fcssen, aber der Joe Biden, den ich 2024 sah, war nicht derselbe Joe Biden, den ich immer gesehen habe. Er war desorientiert, abwesend, nicht wiederzuerkennen\u201c, schrieb Clooney und r\u00e4umte ein, dass das Treffen ma\u00dfgeblich dazu beigetragen habe, seine Haltung zum R\u00fcckzug des Pr\u00e4sidenten zu pr\u00e4gen.<\/p>\n\n\n\n<h2 class=\"wp-block-heading\" id=\"h-il-passo-indietro-di-biden-dopo-le-pressioni\">Bidens R\u00fcckzieher nach Druck<\/h2>\n\n\n\n<p>Im Juni 2024 gab Biden nach einer Reihe unsicherer \u00f6ffentlicher Auftritte und wachsendem Druck aus der Demokratischen Partei offiziell seinen R\u00fcckzug aus dem Rennen um das Wei\u00dfe Haus bekannt. Die heute best\u00e4tigte Nichtanerkennung Clooneys ist einer der Vorf\u00e4lle, die die interne Debatte am st\u00e4rksten belastet haben.<\/p>\n\n\n\n<p>Quellen aus dem Umfeld des Wahlkampfteams gaben zu, dass hinter den Kulissen auch andere Spender und Parteimitglieder \u00fcber die Klarheit des Pr\u00e4sidenten besorgt seien. Die nun \u00f6ffentlich bekannt gegebene Nachricht erkl\u00e4rt viele der Faktoren, die zu seinem R\u00fccktritt gef\u00fchrt haben.<\/p>\n<br \/>Folgen Sie uns auch auf Google News: <b><a href=\"https:\/\/news.google.com\/publications\/CAAqBwgKMNqJiwswjMfqAg?hl=it&gl=IT&ceid=IT:it\" target=\"_blank\">klicken Sie hier<\/a><\/b>","protected":false},"excerpt":{"rendered":"<p>Es ist der 13. Mai 2025, als die New York Post eine Geschichte hinter den Kulissen ver\u00f6ffentlicht, die neues Licht auf den R\u00fcckzug von [\u2026] wirft.<\/p>","protected":false},"author":4,"featured_media":57926,"comment_status":"closed","ping_status":"open","sticky":false,"template":"","format":"standard","meta":{"MSN_Categories":"Uncategorized","MSN_Publish_Option":false,"MSN_Is_Local_News":false,"MSN_Is_AIAC_Included":"Empty","MSN_Location":"[]","MSN_Add_Feature_Img_On_Top_Of_Post":false,"MSN_Has_Custom_Author":false,"MSN_Custom_Author":"","MSN_Has_Custom_Canonical_Url":false,"MSN_Custom_Canonical_Url":"","footnotes":""},"categories":[9],"tags":[],"class_list":["post-57925","post","type-post","status-publish","format-standard","has-post-thumbnail","hentry","category-mondo"],"acf":[],"yoast_head":"<!-- This site is optimized with the Yoast SEO Premium plugin v26.7 (Yoast SEO v26.7) - https:\/\/yoast.com\/wordpress\/plugins\/seo\/ -->\n<title>Biden non riconosce Clooney: allarme per la sua salute mentale<\/title>\n<meta name=\"description\" content=\"Durante un evento a Los Angeles, Joe Biden non ha riconosciuto George Clooney, sollevando dubbi sulla sua idoneit\u00e0 a ricandidarsi.\" \/>\n<meta name=\"robots\" content=\"index, follow, max-snippet:-1, max-image-preview:large, max-video-preview:-1\" \/>\n<link rel=\"canonical\" href=\"https:\/\/newsvirali.it\/de\/2025\/05\/13\/biden-erkennt-george-clooney-nicht-an\/\" \/>\n<meta property=\"og:locale\" content=\"de_DE\" \/>\n<meta property=\"og:type\" content=\"article\" \/>\n<meta property=\"og:title\" content=\"Biden shock: non riconosce George Clooney, il racconto \u00e8 agghiacciante\" \/>\n<meta property=\"og:description\" content=\"Durante un evento a Los Angeles, Joe Biden non ha riconosciuto George Clooney, sollevando dubbi sulla sua idoneit\u00e0 a ricandidarsi.\" \/>\n<meta property=\"og:url\" content=\"https:\/\/newsvirali.it\/de\/2025\/05\/13\/biden-erkennt-george-clooney-nicht-an\/\" \/>\n<meta property=\"og:site_name\" content=\"News virali\" \/>\n<meta property=\"article:published_time\" content=\"2025-05-13T17:09:09+00:00\" \/>\n<meta property=\"article:modified_time\" content=\"2025-05-13T17:09:10+00:00\" \/>\n<meta property=\"og:image\" content=\"https:\/\/newsvirali.it\/wp-content\/uploads\/2025\/05\/Screenshot_1.jpg\" \/>\n\t<meta property=\"og:image:width\" content=\"1041\" \/>\n\t<meta property=\"og:image:height\" content=\"485\" \/>\n\t<meta property=\"og:image:type\" content=\"image\/jpeg\" \/>\n<meta name=\"author\" content=\"Cecco Prestina\" \/>\n<meta name=\"twitter:card\" content=\"summary_large_image\" \/>\n<meta name=\"twitter:label1\" content=\"Verfasst von\" \/>\n\t<meta name=\"twitter:data1\" content=\"Cecco Prestina\" \/>\n\t<meta name=\"twitter:label2\" content=\"Gesch\u00e4tzte Lesezeit\" \/>\n\t<meta name=\"twitter:data2\" content=\"2\u00a0Minuten\" \/>\n<script type=\"application\/ld+json\" class=\"yoast-schema-graph\">{\"@context\":\"https:\/\/schema.org\",\"@graph\":[{\"@type\":\"NewsArticle\",\"@id\":\"https:\/\/newsvirali.it\/2025\/05\/13\/biden-non-riconosce-george-clooney\/#article\",\"isPartOf\":{\"@id\":\"https:\/\/newsvirali.it\/2025\/05\/13\/biden-non-riconosce-george-clooney\/\"},\"author\":{\"name\":\"Cecco Prestina\",\"@id\":\"https:\/\/newsvirali.it\/fr\/#\/schema\/person\/4c835f7b49c9adb58b33901ee816565d\"},\"headline\":\"Biden shock: non riconosce George Clooney, il racconto \u00e8 agghiacciante\",\"datePublished\":\"2025-05-13T17:09:09+00:00\",\"dateModified\":\"2025-05-13T17:09:10+00:00\",\"mainEntityOfPage\":{\"@id\":\"https:\/\/newsvirali.it\/2025\/05\/13\/biden-non-riconosce-george-clooney\/\"},\"wordCount\":262,\"image\":{\"@id\":\"https:\/\/newsvirali.it\/2025\/05\/13\/biden-non-riconosce-george-clooney\/#primaryimage\"},\"thumbnailUrl\":\"https:\/\/newsvirali.it\/wp-content\/uploads\/2025\/05\/Screenshot_1.jpg\",\"articleSection\":[\"Mondo\"],\"inLanguage\":\"de\",\"copyrightYear\":\"2025\",\"copyrightHolder\":{\"@id\":\"https:\/\/newsvirali.it\/de\/#organization\"}},{\"@type\":\"WebPage\",\"@id\":\"https:\/\/newsvirali.it\/2025\/05\/13\/biden-non-riconosce-george-clooney\/\",\"url\":\"https:\/\/newsvirali.it\/2025\/05\/13\/biden-non-riconosce-george-clooney\/\",\"name\":\"Biden non riconosce Clooney: allarme per la sua salute mentale\",\"isPartOf\":{\"@id\":\"https:\/\/newsvirali.it\/fr\/#website\"},\"primaryImageOfPage\":{\"@id\":\"https:\/\/newsvirali.it\/2025\/05\/13\/biden-non-riconosce-george-clooney\/#primaryimage\"},\"image\":{\"@id\":\"https:\/\/newsvirali.it\/2025\/05\/13\/biden-non-riconosce-george-clooney\/#primaryimage\"},\"thumbnailUrl\":\"https:\/\/newsvirali.it\/wp-content\/uploads\/2025\/05\/Screenshot_1.jpg\",\"datePublished\":\"2025-05-13T17:09:09+00:00\",\"dateModified\":\"2025-05-13T17:09:10+00:00\",\"author\":{\"@id\":\"https:\/\/newsvirali.it\/fr\/#\/schema\/person\/4c835f7b49c9adb58b33901ee816565d\"},\"description\":\"Durante un evento a Los Angeles, Joe Biden non ha riconosciuto George Clooney, sollevando dubbi sulla sua idoneit\u00e0 a ricandidarsi.\",\"breadcrumb\":{\"@id\":\"https:\/\/newsvirali.it\/2025\/05\/13\/biden-non-riconosce-george-clooney\/#breadcrumb\"},\"inLanguage\":\"de\",\"potentialAction\":[{\"@type\":\"ReadAction\",\"target\":[\"https:\/\/newsvirali.it\/2025\/05\/13\/biden-non-riconosce-george-clooney\/\"]}]},{\"@type\":\"ImageObject\",\"inLanguage\":\"de\",\"@id\":\"https:\/\/newsvirali.it\/2025\/05\/13\/biden-non-riconosce-george-clooney\/#primaryimage\",\"url\":\"https:\/\/newsvirali.it\/wp-content\/uploads\/2025\/05\/Screenshot_1.jpg\",\"contentUrl\":\"https:\/\/newsvirali.it\/wp-content\/uploads\/2025\/05\/Screenshot_1.jpg\",\"width\":1041,\"height\":485,\"caption\":\"Biden shock: non riconosce George Clooney, il racconto \u00e8 agghiacciante\"},{\"@type\":\"BreadcrumbList\",\"@id\":\"https:\/\/newsvirali.it\/2025\/05\/13\/biden-non-riconosce-george-clooney\/#breadcrumb\",\"itemListElement\":[{\"@type\":\"ListItem\",\"position\":1,\"name\":\"Home\",\"item\":\"https:\/\/newsvirali.it\/fr\/\"},{\"@type\":\"ListItem\",\"position\":2,\"name\":\"Biden shock: non riconosce George Clooney, il racconto \u00e8 agghiacciante\"}]},{\"@type\":\"WebSite\",\"@id\":\"https:\/\/newsvirali.it\/fr\/#website\",\"url\":\"https:\/\/newsvirali.it\/fr\/\",\"name\":\"Bake News\",\"description\":\"\",\"potentialAction\":[{\"@type\":\"SearchAction\",\"target\":{\"@type\":\"EntryPoint\",\"urlTemplate\":\"https:\/\/newsvirali.it\/fr\/?s={search_term_string}\"},\"query-input\":{\"@type\":\"PropertyValueSpecification\",\"valueRequired\":true,\"valueName\":\"search_term_string\"}}],\"inLanguage\":\"de\"},{\"@type\":\"Person\",\"@id\":\"https:\/\/newsvirali.it\/fr\/#\/schema\/person\/4c835f7b49c9adb58b33901ee816565d\",\"name\":\"Cecco Prestina\",\"description\":\"Perch\u00e9 nasconderlo? Cecco Prestina \u00e8 un alias, ma dietro di lui non si cela un algoritmo di intelligenza artificiale. C'\u00e8 un giornalista che ha oltre vent'anni di esperienza tutta sul web. Da quando il primo modem ha iniziato a gracchiare sul territorio italiano con Video on Line, Cecco ha capito che da quel doppino sarebbe passato il futuro. Ha dedidicato tutta la sua carriera a capire Internet e poi i social e ora l'Ai. Una carriera in costante aggiornamento. E questa esperienza la mette in campo ogni giorno. Per\u00f2 ogni tanto Cecco ha voglia anche di non scrivere \\\"pipponi\\\" sulla politica, sull'economia. Ha voglia anche di scrivere qualcosa di divertente. Le notizie che trovate su Bake News sono le stesse che Cecco porta all'aperitivo con gli amici. Quelle di cui discutere per farsi due risate. Notizie, vere (qualche volta si fa fatica a crederlo), strane, divertenti, ma anche serie. Bake News \u00e8 nato per questo, dare al pubblico notizie croccanti e calde come il pane che esce dal forno. E Cecco Prestina \u00e8 nato con Bake News.\",\"url\":\"https:\/\/newsvirali.it\/de\/autore\/cecco-prestina\/\"}]}<\/script>\n<!-- \/ Yoast SEO Premium plugin. -->","yoast_head_json":{"title":"Biden non riconosce Clooney: allarme per la sua salute mentale","description":"Durante un evento a Los Angeles, Joe Biden non ha riconosciuto George Clooney, sollevando dubbi sulla sua idoneit\u00e0 a ricandidarsi.","robots":{"index":"index","follow":"follow","max-snippet":"max-snippet:-1","max-image-preview":"max-image-preview:large","max-video-preview":"max-video-preview:-1"},"canonical":"https:\/\/newsvirali.it\/de\/2025\/05\/13\/biden-erkennt-george-clooney-nicht-an\/","og_locale":"de_DE","og_type":"article","og_title":"Biden shock: non riconosce George Clooney, il racconto \u00e8 agghiacciante","og_description":"Durante un evento a Los Angeles, Joe Biden non ha riconosciuto George Clooney, sollevando dubbi sulla sua idoneit\u00e0 a ricandidarsi.","og_url":"https:\/\/newsvirali.it\/de\/2025\/05\/13\/biden-erkennt-george-clooney-nicht-an\/","og_site_name":"News virali","article_published_time":"2025-05-13T17:09:09+00:00","article_modified_time":"2025-05-13T17:09:10+00:00","og_image":[{"width":1041,"height":485,"url":"https:\/\/newsvirali.it\/wp-content\/uploads\/2025\/05\/Screenshot_1.jpg","type":"image\/jpeg"}],"author":"Cecco Prestina","twitter_card":"summary_large_image","twitter_misc":{"Verfasst von":"Cecco Prestina","Gesch\u00e4tzte Lesezeit":"2\u00a0Minuten"},"schema":{"@context":"https:\/\/schema.org","@graph":[{"@type":"NewsArticle","@id":"https:\/\/newsvirali.it\/2025\/05\/13\/biden-non-riconosce-george-clooney\/#article","isPartOf":{"@id":"https:\/\/newsvirali.it\/2025\/05\/13\/biden-non-riconosce-george-clooney\/"},"author":{"name":"Cecco Prestina","@id":"https:\/\/newsvirali.it\/fr\/#\/schema\/person\/4c835f7b49c9adb58b33901ee816565d"},"headline":"Biden shock: non riconosce George Clooney, il racconto \u00e8 agghiacciante","datePublished":"2025-05-13T17:09:09+00:00","dateModified":"2025-05-13T17:09:10+00:00","mainEntityOfPage":{"@id":"https:\/\/newsvirali.it\/2025\/05\/13\/biden-non-riconosce-george-clooney\/"},"wordCount":262,"image":{"@id":"https:\/\/newsvirali.it\/2025\/05\/13\/biden-non-riconosce-george-clooney\/#primaryimage"},"thumbnailUrl":"https:\/\/newsvirali.it\/wp-content\/uploads\/2025\/05\/Screenshot_1.jpg","articleSection":["Mondo"],"inLanguage":"de","copyrightYear":"2025","copyrightHolder":{"@id":"https:\/\/newsvirali.it\/de\/#organization"}},{"@type":"WebPage","@id":"https:\/\/newsvirali.it\/2025\/05\/13\/biden-non-riconosce-george-clooney\/","url":"https:\/\/newsvirali.it\/2025\/05\/13\/biden-non-riconosce-george-clooney\/","name":"Biden non riconosce Clooney: allarme per la sua salute mentale","isPartOf":{"@id":"https:\/\/newsvirali.it\/fr\/#website"},"primaryImageOfPage":{"@id":"https:\/\/newsvirali.it\/2025\/05\/13\/biden-non-riconosce-george-clooney\/#primaryimage"},"image":{"@id":"https:\/\/newsvirali.it\/2025\/05\/13\/biden-non-riconosce-george-clooney\/#primaryimage"},"thumbnailUrl":"https:\/\/newsvirali.it\/wp-content\/uploads\/2025\/05\/Screenshot_1.jpg","datePublished":"2025-05-13T17:09:09+00:00","dateModified":"2025-05-13T17:09:10+00:00","author":{"@id":"https:\/\/newsvirali.it\/fr\/#\/schema\/person\/4c835f7b49c9adb58b33901ee816565d"},"description":"Durante un evento a Los Angeles, Joe Biden non ha riconosciuto George Clooney, sollevando dubbi sulla sua idoneit\u00e0 a ricandidarsi.","breadcrumb":{"@id":"https:\/\/newsvirali.it\/2025\/05\/13\/biden-non-riconosce-george-clooney\/#breadcrumb"},"inLanguage":"de","potentialAction":[{"@type":"ReadAction","target":["https:\/\/newsvirali.it\/2025\/05\/13\/biden-non-riconosce-george-clooney\/"]}]},{"@type":"ImageObject","inLanguage":"de","@id":"https:\/\/newsvirali.it\/2025\/05\/13\/biden-non-riconosce-george-clooney\/#primaryimage","url":"https:\/\/newsvirali.it\/wp-content\/uploads\/2025\/05\/Screenshot_1.jpg","contentUrl":"https:\/\/newsvirali.it\/wp-content\/uploads\/2025\/05\/Screenshot_1.jpg","width":1041,"height":485,"caption":"Biden shock: non riconosce George Clooney, il racconto \u00e8 agghiacciante"},{"@type":"BreadcrumbList","@id":"https:\/\/newsvirali.it\/2025\/05\/13\/biden-non-riconosce-george-clooney\/#breadcrumb","itemListElement":[{"@type":"ListItem","position":1,"name":"Home","item":"https:\/\/newsvirali.it\/fr\/"},{"@type":"ListItem","position":2,"name":"Biden shock: non riconosce George Clooney, il racconto \u00e8 agghiacciante"}]},{"@type":"WebSite","@id":"https:\/\/newsvirali.it\/fr\/#website","url":"https:\/\/newsvirali.it\/fr\/","name":"Bake News","description":"","potentialAction":[{"@type":"SearchAction","target":{"@type":"EntryPoint","urlTemplate":"https:\/\/newsvirali.it\/fr\/?s={search_term_string}"},"query-input":{"@type":"PropertyValueSpecification","valueRequired":true,"valueName":"search_term_string"}}],"inLanguage":"de"},{"@type":"Person","@id":"https:\/\/newsvirali.it\/fr\/#\/schema\/person\/4c835f7b49c9adb58b33901ee816565d","name":"Cecco Prestina","description":"Perch\u00e9 nasconderlo? Cecco Prestina \u00e8 un alias, ma dietro di lui non si cela un algoritmo di intelligenza artificiale. C'\u00e8 un giornalista che ha oltre vent'anni di esperienza tutta sul web. Da quando il primo modem ha iniziato a gracchiare sul territorio italiano con Video on Line, Cecco ha capito che da quel doppino sarebbe passato il futuro. Ha dedidicato tutta la sua carriera a capire Internet e poi i social e ora l'Ai. Una carriera in costante aggiornamento. E questa esperienza la mette in campo ogni giorno. Per\u00f2 ogni tanto Cecco ha voglia anche di non scrivere \"pipponi\" sulla politica, sull'economia. Ha voglia anche di scrivere qualcosa di divertente. Le notizie che trovate su Bake News sono le stesse che Cecco porta all'aperitivo con gli amici. Quelle di cui discutere per farsi due risate. Notizie, vere (qualche volta si fa fatica a crederlo), strane, divertenti, ma anche serie. Bake News \u00e8 nato per questo, dare al pubblico notizie croccanti e calde come il pane che esce dal forno. E Cecco Prestina \u00e8 nato con Bake News.","url":"https:\/\/newsvirali.it\/de\/autore\/cecco-prestina\/"}]}},"_links":{"self":[{"href":"https:\/\/newsvirali.it\/de\/wp-json\/wp\/v2\/posts\/57925","targetHints":{"allow":["GET"]}}],"collection":[{"href":"https:\/\/newsvirali.it\/de\/wp-json\/wp\/v2\/posts"}],"about":[{"href":"https:\/\/newsvirali.it\/de\/wp-json\/wp\/v2\/types\/post"}],"author":[{"embeddable":true,"href":"https:\/\/newsvirali.it\/de\/wp-json\/wp\/v2\/users\/4"}],"replies":[{"embeddable":true,"href":"https:\/\/newsvirali.it\/de\/wp-json\/wp\/v2\/comments?post=57925"}],"version-history":[{"count":2,"href":"https:\/\/newsvirali.it\/de\/wp-json\/wp\/v2\/posts\/57925\/revisions"}],"predecessor-version":[{"id":57928,"href":"https:\/\/newsvirali.it\/de\/wp-json\/wp\/v2\/posts\/57925\/revisions\/57928"}],"wp:featuredmedia":[{"embeddable":true,"href":"https:\/\/newsvirali.it\/de\/wp-json\/wp\/v2\/media\/57926"}],"wp:attachment":[{"href":"https:\/\/newsvirali.it\/de\/wp-json\/wp\/v2\/media?parent=57925"}],"wp:term":[{"taxonomy":"category","embeddable":true,"href":"https:\/\/newsvirali.it\/de\/wp-json\/wp\/v2\/categories?post=57925"},{"taxonomy":"post_tag","embeddable":true,"href":"https:\/\/newsvirali.it\/de\/wp-json\/wp\/v2\/tags?post=57925"}],"curies":[{"name":"wp","href":"https:\/\/api.w.org\/{rel}","templated":true}]}}