{"id":50401,"date":"2024-11-13T16:12:13","date_gmt":"2024-11-13T15:12:13","guid":{"rendered":"https:\/\/newsvirali.it\/?p=50401"},"modified":"2024-11-13T16:12:14","modified_gmt":"2024-11-13T15:12:14","slug":"malaga-abitanti-legano-e-impacchettano-auto-ai-lampioni-per-paura-dellalluvione","status":"publish","type":"post","link":"https:\/\/newsvirali.it\/de\/2024\/11\/13\/aus-angst-vor-uberschwemmungen-binden-einwohner-malagas-autos-an-laternenpfahle-und-bundeln-sie\/","title":{"rendered":"In M\u00e1laga binden und b\u00fcndeln Anwohner Autos aus Angst vor \u00dcberschwemmungen an Laternenpf\u00e4hle"},"content":{"rendered":"<p>Tausende Menschen wurden aus ihren H\u00e4usern an der Costa del Sol evakuiert, weil erneut \u00dcberschwemmungen bef\u00fcrchtet wurden, nachdem die Wetterwarnung f\u00fcr das Gebiet von Gelb auf Rot ge\u00e4ndert wurde und Einheimische und Touristen vor einem \u201eextremen Risiko\u201c gewarnt wurden. Die Angst, dass wir uns in einer \u00e4hnlichen oder sogar noch schlimmeren Situation wiederfinden als in Valencia, ist gro\u00df. Und aus diesem Grund griffen die Einwohner von M\u00e1laga mit \u201einnovativen\u201c Methoden vor.<\/p>\n\n\n\n<p><strong>LESEN SIE AUCH<\/strong><\/p>\n\n\n\n<ul class=\"wp-block-list\">\n<li><a href=\"https:\/\/newsvirali.it\/de\/2024\/05\/09\/uberschwemmung-in-porto-alegre-alligatoren-wandern-uberflutet-durch-die-strasen\/\">\u00dcberschwemmung in Porto Alegre, Alligator streift unter Wasser durch die Stra\u00dfen<\/a><\/li>\n\n\n\n<li><a href=\"https:\/\/newsvirali.it\/de\/2024\/09\/30\/dramatisches-video-von-hurrikan-tesla-uberschwemmte-garage-explodiert\/\">Garage von Hurrikan \u00fcberschwemmt, Tesla explodiert: Schockierendes Video, Salzwasser schuld?<\/a><\/li>\n\n\n\n<li><a href=\"https:\/\/newsvirali.it\/de\/2024\/09\/04\/uberschwemmungen-in-nordkorea-kim-jong-un-lasst-zur-strafe-staatsbeamte-hinrichten\/\">\u00dcberschwemmungen in Nordkorea, Kim Jong-Un l\u00e4sst zur Strafe Staatsbeamte hinrichten<\/a><\/li>\n<\/ul>\n\n\n\n<p>Die Angst vor einer Wiederholung der durch die \u00dcberschwemmungen in Valencia Ende letzten Monats verursachten Sch\u00e4den ist bei den Bewohnern von M\u00e1laga so gro\u00df, dass viele ihre Autos an Laternenpf\u00e4hlen festbanden und in Plastik einwickelten, um den Kontakt mit dem Wasser zu begrenzen. In einer Entscheidung, die sch\u00e4tzungsweise mehr als 300.000 Sch\u00fcler betrifft, wurde bekannt gegeben, dass alle Schulen in der Provinz heute geschlossen bleiben.<\/p>\n\n\n\n<figure class=\"wp-block-embed is-type-rich is-provider-twitter wp-block-embed-twitter\"><div class=\"wp-block-embed__wrapper\">\n<blockquote class=\"twitter-tweet\" data-width=\"500\" data-dnt=\"true\"><p lang=\"es\" dir=\"ltr\">Er kehrte nach Spanien zur\u00fcck<br>Jetzt in M\u00e1laga<br>Vor ein paar Tagen hat ein Galizier sein Auto komplett in seiner Tasche verstaut und bei einem Postamt abgegeben<br>Der Weg <a href=\"https:\/\/t.co\/zS3xITJViH\">pic.twitter.com\/zS3xITJViH<\/a><\/p>\u2013 ElBuni (@therealbuni) <a href=\"https:\/\/twitter.com\/therealbuni\/status\/1856711890186940624?ref_src=twsrc%5Etfw\">13. November 2024<\/a><\/blockquote><script async src=\"https:\/\/platform.twitter.com\/widgets.js\" charset=\"utf-8\"><\/script>\n<\/div><\/figure>\n\n\n\n<p>Zuvor hatte die \u201epr\u00e4ventive\u201c Evakuierung von rund 3.000 Menschen begonnen, die in rund 1.000 H\u00e4usern in der N\u00e4he des Guadalhorce-Flusses lebten, einem der am st\u00e4rksten von den heftigen Regenf\u00e4llen und St\u00fcrmen vor zwei Wochen betroffenen Gebiete, die vermutlich f\u00fcr den Tod eines Briten verantwortlich waren Expatriate 71 Jahre alt. Die beliebte Costa del Sol, einschlie\u00dflich der Ferienorte Marbella und Estepona, wird voraussichtlich am schlimmsten unter dem als DANA bekannten extremen Wetterph\u00e4nomen leiden, einem K\u00e4lteeinbruch, der katastrophale Sturzfluten verursachte, bei denen mehr als 200 Menschen in der Stadt ums Leben kamen allein von Valencia und seiner Umgebung, an der Ostk\u00fcste.<\/p>\n<br \/>Folgen Sie uns auch auf Google News: <b><a href=\"https:\/\/news.google.com\/publications\/CAAqBwgKMNqJiwswjMfqAg?hl=it&gl=IT&ceid=IT:it\" target=\"_blank\">klicken Sie hier<\/a><\/b>","protected":false},"excerpt":{"rendered":"<p>Tausende Menschen wurden aus ihren H\u00e4usern an der Costa del Sol evakuiert, weil sie erneut Angst vor \u00dcberschwemmungen hatten.<\/p>","protected":false},"author":4,"featured_media":50402,"comment_status":"closed","ping_status":"open","sticky":false,"template":"","format":"standard","meta":{"MSN_Categories":"Uncategorized","MSN_Publish_Option":false,"MSN_Is_Local_News":false,"MSN_Is_AIAC_Included":"Empty","MSN_Location":"[]","MSN_Add_Feature_Img_On_Top_Of_Post":false,"MSN_Has_Custom_Author":false,"MSN_Custom_Author":"","MSN_Has_Custom_Canonical_Url":false,"MSN_Custom_Canonical_Url":"","footnotes":""},"categories":[9],"tags":[],"class_list":["post-50401","post","type-post","status-publish","format-standard","has-post-thumbnail","hentry","category-mondo"],"acf":[],"yoast_head":"<!-- This site is optimized with the Yoast SEO Premium plugin v26.7 (Yoast SEO v26.7) - https:\/\/yoast.com\/wordpress\/plugins\/seo\/ -->\n<title>Malaga, abitanti legano e impacchettano auto ai lampioni per paura dell&#039;alluvione<\/title>\n<meta name=\"robots\" content=\"index, follow, max-snippet:-1, max-image-preview:large, max-video-preview:-1\" \/>\n<link rel=\"canonical\" href=\"https:\/\/newsvirali.it\/de\/2024\/11\/13\/aus-angst-vor-uberschwemmungen-binden-einwohner-malagas-autos-an-laternenpfahle-und-bundeln-sie\/\" \/>\n<meta property=\"og:locale\" content=\"de_DE\" \/>\n<meta property=\"og:type\" content=\"article\" \/>\n<meta property=\"og:title\" content=\"Malaga, abitanti legano e impacchettano auto ai lampioni per paura dell&#039;alluvione\" \/>\n<meta property=\"og:description\" content=\"Migliaia di persone sono state evacuate dalle loro case nella Costa del Sol a causa dei nuovi timori di inondazioni, [&hellip;]\" \/>\n<meta property=\"og:url\" content=\"https:\/\/newsvirali.it\/de\/2024\/11\/13\/aus-angst-vor-uberschwemmungen-binden-einwohner-malagas-autos-an-laternenpfahle-und-bundeln-sie\/\" \/>\n<meta property=\"og:site_name\" content=\"News virali\" \/>\n<meta property=\"article:published_time\" content=\"2024-11-13T15:12:13+00:00\" \/>\n<meta property=\"article:modified_time\" content=\"2024-11-13T15:12:14+00:00\" \/>\n<meta property=\"og:image\" content=\"https:\/\/newsvirali.it\/wp-content\/uploads\/2024\/11\/Malaga-abitanti-legano-e-impacchettano-auto-ai-lampioni-per-paura-dellalluvione-1.jpg\" \/>\n\t<meta property=\"og:image:width\" content=\"2160\" \/>\n\t<meta property=\"og:image:height\" content=\"1440\" \/>\n\t<meta property=\"og:image:type\" content=\"image\/jpeg\" \/>\n<meta name=\"author\" content=\"Cecco Prestina\" \/>\n<meta name=\"twitter:card\" content=\"summary_large_image\" \/>\n<meta name=\"twitter:label1\" content=\"Verfasst von\" \/>\n\t<meta name=\"twitter:data1\" content=\"Cecco Prestina\" \/>\n\t<meta name=\"twitter:label2\" content=\"Gesch\u00e4tzte Lesezeit\" \/>\n\t<meta name=\"twitter:data2\" content=\"2\u00a0Minuten\" \/>\n<script type=\"application\/ld+json\" class=\"yoast-schema-graph\">{\"@context\":\"https:\/\/schema.org\",\"@graph\":[{\"@type\":\"NewsArticle\",\"@id\":\"https:\/\/newsvirali.it\/2024\/11\/13\/malaga-abitanti-legano-e-impacchettano-auto-ai-lampioni-per-paura-dellalluvione\/#article\",\"isPartOf\":{\"@id\":\"https:\/\/newsvirali.it\/2024\/11\/13\/malaga-abitanti-legano-e-impacchettano-auto-ai-lampioni-per-paura-dellalluvione\/\"},\"author\":{\"name\":\"Cecco Prestina\",\"@id\":\"https:\/\/newsvirali.it\/fr\/#\/schema\/person\/4c835f7b49c9adb58b33901ee816565d\"},\"headline\":\"Malaga, abitanti legano e impacchettano auto ai lampioni per paura dell&#8217;alluvione\",\"datePublished\":\"2024-11-13T15:12:13+00:00\",\"dateModified\":\"2024-11-13T15:12:14+00:00\",\"mainEntityOfPage\":{\"@id\":\"https:\/\/newsvirali.it\/2024\/11\/13\/malaga-abitanti-legano-e-impacchettano-auto-ai-lampioni-per-paura-dellalluvione\/\"},\"wordCount\":300,\"image\":{\"@id\":\"https:\/\/newsvirali.it\/2024\/11\/13\/malaga-abitanti-legano-e-impacchettano-auto-ai-lampioni-per-paura-dellalluvione\/#primaryimage\"},\"thumbnailUrl\":\"https:\/\/newsvirali.it\/wp-content\/uploads\/2024\/11\/Malaga-abitanti-legano-e-impacchettano-auto-ai-lampioni-per-paura-dellalluvione-1.jpg\",\"articleSection\":[\"Mondo\"],\"inLanguage\":\"de\",\"copyrightYear\":\"2024\",\"copyrightHolder\":{\"@id\":\"https:\/\/newsvirali.it\/de\/#organization\"}},{\"@type\":\"WebPage\",\"@id\":\"https:\/\/newsvirali.it\/2024\/11\/13\/malaga-abitanti-legano-e-impacchettano-auto-ai-lampioni-per-paura-dellalluvione\/\",\"url\":\"https:\/\/newsvirali.it\/2024\/11\/13\/malaga-abitanti-legano-e-impacchettano-auto-ai-lampioni-per-paura-dellalluvione\/\",\"name\":\"Malaga, abitanti legano e impacchettano auto ai lampioni per paura dell'alluvione\",\"isPartOf\":{\"@id\":\"https:\/\/newsvirali.it\/fr\/#website\"},\"primaryImageOfPage\":{\"@id\":\"https:\/\/newsvirali.it\/2024\/11\/13\/malaga-abitanti-legano-e-impacchettano-auto-ai-lampioni-per-paura-dellalluvione\/#primaryimage\"},\"image\":{\"@id\":\"https:\/\/newsvirali.it\/2024\/11\/13\/malaga-abitanti-legano-e-impacchettano-auto-ai-lampioni-per-paura-dellalluvione\/#primaryimage\"},\"thumbnailUrl\":\"https:\/\/newsvirali.it\/wp-content\/uploads\/2024\/11\/Malaga-abitanti-legano-e-impacchettano-auto-ai-lampioni-per-paura-dellalluvione-1.jpg\",\"datePublished\":\"2024-11-13T15:12:13+00:00\",\"dateModified\":\"2024-11-13T15:12:14+00:00\",\"author\":{\"@id\":\"https:\/\/newsvirali.it\/fr\/#\/schema\/person\/4c835f7b49c9adb58b33901ee816565d\"},\"breadcrumb\":{\"@id\":\"https:\/\/newsvirali.it\/2024\/11\/13\/malaga-abitanti-legano-e-impacchettano-auto-ai-lampioni-per-paura-dellalluvione\/#breadcrumb\"},\"inLanguage\":\"de\",\"potentialAction\":[{\"@type\":\"ReadAction\",\"target\":[\"https:\/\/newsvirali.it\/2024\/11\/13\/malaga-abitanti-legano-e-impacchettano-auto-ai-lampioni-per-paura-dellalluvione\/\"]}]},{\"@type\":\"ImageObject\",\"inLanguage\":\"de\",\"@id\":\"https:\/\/newsvirali.it\/2024\/11\/13\/malaga-abitanti-legano-e-impacchettano-auto-ai-lampioni-per-paura-dellalluvione\/#primaryimage\",\"url\":\"https:\/\/newsvirali.it\/wp-content\/uploads\/2024\/11\/Malaga-abitanti-legano-e-impacchettano-auto-ai-lampioni-per-paura-dellalluvione-1.jpg\",\"contentUrl\":\"https:\/\/newsvirali.it\/wp-content\/uploads\/2024\/11\/Malaga-abitanti-legano-e-impacchettano-auto-ai-lampioni-per-paura-dellalluvione-1.jpg\",\"width\":2160,\"height\":1440,\"caption\":\"Malaga, abitanti legano e impacchettano auto ai lampioni per paura dell'alluvione\"},{\"@type\":\"BreadcrumbList\",\"@id\":\"https:\/\/newsvirali.it\/2024\/11\/13\/malaga-abitanti-legano-e-impacchettano-auto-ai-lampioni-per-paura-dellalluvione\/#breadcrumb\",\"itemListElement\":[{\"@type\":\"ListItem\",\"position\":1,\"name\":\"Home\",\"item\":\"https:\/\/newsvirali.it\/fr\/\"},{\"@type\":\"ListItem\",\"position\":2,\"name\":\"Malaga, abitanti legano e impacchettano auto ai lampioni per paura dell&#8217;alluvione\"}]},{\"@type\":\"WebSite\",\"@id\":\"https:\/\/newsvirali.it\/fr\/#website\",\"url\":\"https:\/\/newsvirali.it\/fr\/\",\"name\":\"Bake News\",\"description\":\"\",\"potentialAction\":[{\"@type\":\"SearchAction\",\"target\":{\"@type\":\"EntryPoint\",\"urlTemplate\":\"https:\/\/newsvirali.it\/fr\/?s={search_term_string}\"},\"query-input\":{\"@type\":\"PropertyValueSpecification\",\"valueRequired\":true,\"valueName\":\"search_term_string\"}}],\"inLanguage\":\"de\"},{\"@type\":\"Person\",\"@id\":\"https:\/\/newsvirali.it\/fr\/#\/schema\/person\/4c835f7b49c9adb58b33901ee816565d\",\"name\":\"Cecco Prestina\",\"description\":\"Perch\u00e9 nasconderlo? Cecco Prestina \u00e8 un alias, ma dietro di lui non si cela un algoritmo di intelligenza artificiale. C'\u00e8 un giornalista che ha oltre vent'anni di esperienza tutta sul web. Da quando il primo modem ha iniziato a gracchiare sul territorio italiano con Video on Line, Cecco ha capito che da quel doppino sarebbe passato il futuro. Ha dedidicato tutta la sua carriera a capire Internet e poi i social e ora l'Ai. Una carriera in costante aggiornamento. E questa esperienza la mette in campo ogni giorno. Per\u00f2 ogni tanto Cecco ha voglia anche di non scrivere \\\"pipponi\\\" sulla politica, sull'economia. Ha voglia anche di scrivere qualcosa di divertente. Le notizie che trovate su Bake News sono le stesse che Cecco porta all'aperitivo con gli amici. Quelle di cui discutere per farsi due risate. Notizie, vere (qualche volta si fa fatica a crederlo), strane, divertenti, ma anche serie. Bake News \u00e8 nato per questo, dare al pubblico notizie croccanti e calde come il pane che esce dal forno. E Cecco Prestina \u00e8 nato con Bake News.\",\"url\":\"https:\/\/newsvirali.it\/de\/autore\/cecco-prestina\/\"}]}<\/script>\n<!-- \/ Yoast SEO Premium plugin. -->","yoast_head_json":{"title":"Malaga, abitanti legano e impacchettano auto ai lampioni per paura dell'alluvione","robots":{"index":"index","follow":"follow","max-snippet":"max-snippet:-1","max-image-preview":"max-image-preview:large","max-video-preview":"max-video-preview:-1"},"canonical":"https:\/\/newsvirali.it\/de\/2024\/11\/13\/aus-angst-vor-uberschwemmungen-binden-einwohner-malagas-autos-an-laternenpfahle-und-bundeln-sie\/","og_locale":"de_DE","og_type":"article","og_title":"Malaga, abitanti legano e impacchettano auto ai lampioni per paura dell'alluvione","og_description":"Migliaia di persone sono state evacuate dalle loro case nella Costa del Sol a causa dei nuovi timori di inondazioni, [&hellip;]","og_url":"https:\/\/newsvirali.it\/de\/2024\/11\/13\/aus-angst-vor-uberschwemmungen-binden-einwohner-malagas-autos-an-laternenpfahle-und-bundeln-sie\/","og_site_name":"News virali","article_published_time":"2024-11-13T15:12:13+00:00","article_modified_time":"2024-11-13T15:12:14+00:00","og_image":[{"width":2160,"height":1440,"url":"https:\/\/newsvirali.it\/wp-content\/uploads\/2024\/11\/Malaga-abitanti-legano-e-impacchettano-auto-ai-lampioni-per-paura-dellalluvione-1.jpg","type":"image\/jpeg"}],"author":"Cecco Prestina","twitter_card":"summary_large_image","twitter_misc":{"Verfasst von":"Cecco Prestina","Gesch\u00e4tzte Lesezeit":"2\u00a0Minuten"},"schema":{"@context":"https:\/\/schema.org","@graph":[{"@type":"NewsArticle","@id":"https:\/\/newsvirali.it\/2024\/11\/13\/malaga-abitanti-legano-e-impacchettano-auto-ai-lampioni-per-paura-dellalluvione\/#article","isPartOf":{"@id":"https:\/\/newsvirali.it\/2024\/11\/13\/malaga-abitanti-legano-e-impacchettano-auto-ai-lampioni-per-paura-dellalluvione\/"},"author":{"name":"Cecco Prestina","@id":"https:\/\/newsvirali.it\/fr\/#\/schema\/person\/4c835f7b49c9adb58b33901ee816565d"},"headline":"Malaga, abitanti legano e impacchettano auto ai lampioni per paura dell&#8217;alluvione","datePublished":"2024-11-13T15:12:13+00:00","dateModified":"2024-11-13T15:12:14+00:00","mainEntityOfPage":{"@id":"https:\/\/newsvirali.it\/2024\/11\/13\/malaga-abitanti-legano-e-impacchettano-auto-ai-lampioni-per-paura-dellalluvione\/"},"wordCount":300,"image":{"@id":"https:\/\/newsvirali.it\/2024\/11\/13\/malaga-abitanti-legano-e-impacchettano-auto-ai-lampioni-per-paura-dellalluvione\/#primaryimage"},"thumbnailUrl":"https:\/\/newsvirali.it\/wp-content\/uploads\/2024\/11\/Malaga-abitanti-legano-e-impacchettano-auto-ai-lampioni-per-paura-dellalluvione-1.jpg","articleSection":["Mondo"],"inLanguage":"de","copyrightYear":"2024","copyrightHolder":{"@id":"https:\/\/newsvirali.it\/de\/#organization"}},{"@type":"WebPage","@id":"https:\/\/newsvirali.it\/2024\/11\/13\/malaga-abitanti-legano-e-impacchettano-auto-ai-lampioni-per-paura-dellalluvione\/","url":"https:\/\/newsvirali.it\/2024\/11\/13\/malaga-abitanti-legano-e-impacchettano-auto-ai-lampioni-per-paura-dellalluvione\/","name":"Malaga, abitanti legano e impacchettano auto ai lampioni per paura dell'alluvione","isPartOf":{"@id":"https:\/\/newsvirali.it\/fr\/#website"},"primaryImageOfPage":{"@id":"https:\/\/newsvirali.it\/2024\/11\/13\/malaga-abitanti-legano-e-impacchettano-auto-ai-lampioni-per-paura-dellalluvione\/#primaryimage"},"image":{"@id":"https:\/\/newsvirali.it\/2024\/11\/13\/malaga-abitanti-legano-e-impacchettano-auto-ai-lampioni-per-paura-dellalluvione\/#primaryimage"},"thumbnailUrl":"https:\/\/newsvirali.it\/wp-content\/uploads\/2024\/11\/Malaga-abitanti-legano-e-impacchettano-auto-ai-lampioni-per-paura-dellalluvione-1.jpg","datePublished":"2024-11-13T15:12:13+00:00","dateModified":"2024-11-13T15:12:14+00:00","author":{"@id":"https:\/\/newsvirali.it\/fr\/#\/schema\/person\/4c835f7b49c9adb58b33901ee816565d"},"breadcrumb":{"@id":"https:\/\/newsvirali.it\/2024\/11\/13\/malaga-abitanti-legano-e-impacchettano-auto-ai-lampioni-per-paura-dellalluvione\/#breadcrumb"},"inLanguage":"de","potentialAction":[{"@type":"ReadAction","target":["https:\/\/newsvirali.it\/2024\/11\/13\/malaga-abitanti-legano-e-impacchettano-auto-ai-lampioni-per-paura-dellalluvione\/"]}]},{"@type":"ImageObject","inLanguage":"de","@id":"https:\/\/newsvirali.it\/2024\/11\/13\/malaga-abitanti-legano-e-impacchettano-auto-ai-lampioni-per-paura-dellalluvione\/#primaryimage","url":"https:\/\/newsvirali.it\/wp-content\/uploads\/2024\/11\/Malaga-abitanti-legano-e-impacchettano-auto-ai-lampioni-per-paura-dellalluvione-1.jpg","contentUrl":"https:\/\/newsvirali.it\/wp-content\/uploads\/2024\/11\/Malaga-abitanti-legano-e-impacchettano-auto-ai-lampioni-per-paura-dellalluvione-1.jpg","width":2160,"height":1440,"caption":"Malaga, abitanti legano e impacchettano auto ai lampioni per paura dell'alluvione"},{"@type":"BreadcrumbList","@id":"https:\/\/newsvirali.it\/2024\/11\/13\/malaga-abitanti-legano-e-impacchettano-auto-ai-lampioni-per-paura-dellalluvione\/#breadcrumb","itemListElement":[{"@type":"ListItem","position":1,"name":"Home","item":"https:\/\/newsvirali.it\/fr\/"},{"@type":"ListItem","position":2,"name":"Malaga, abitanti legano e impacchettano auto ai lampioni per paura dell&#8217;alluvione"}]},{"@type":"WebSite","@id":"https:\/\/newsvirali.it\/fr\/#website","url":"https:\/\/newsvirali.it\/fr\/","name":"Bake News","description":"","potentialAction":[{"@type":"SearchAction","target":{"@type":"EntryPoint","urlTemplate":"https:\/\/newsvirali.it\/fr\/?s={search_term_string}"},"query-input":{"@type":"PropertyValueSpecification","valueRequired":true,"valueName":"search_term_string"}}],"inLanguage":"de"},{"@type":"Person","@id":"https:\/\/newsvirali.it\/fr\/#\/schema\/person\/4c835f7b49c9adb58b33901ee816565d","name":"Cecco Prestina","description":"Perch\u00e9 nasconderlo? Cecco Prestina \u00e8 un alias, ma dietro di lui non si cela un algoritmo di intelligenza artificiale. C'\u00e8 un giornalista che ha oltre vent'anni di esperienza tutta sul web. Da quando il primo modem ha iniziato a gracchiare sul territorio italiano con Video on Line, Cecco ha capito che da quel doppino sarebbe passato il futuro. Ha dedidicato tutta la sua carriera a capire Internet e poi i social e ora l'Ai. Una carriera in costante aggiornamento. E questa esperienza la mette in campo ogni giorno. Per\u00f2 ogni tanto Cecco ha voglia anche di non scrivere \"pipponi\" sulla politica, sull'economia. Ha voglia anche di scrivere qualcosa di divertente. Le notizie che trovate su Bake News sono le stesse che Cecco porta all'aperitivo con gli amici. Quelle di cui discutere per farsi due risate. Notizie, vere (qualche volta si fa fatica a crederlo), strane, divertenti, ma anche serie. Bake News \u00e8 nato per questo, dare al pubblico notizie croccanti e calde come il pane che esce dal forno. E Cecco Prestina \u00e8 nato con Bake News.","url":"https:\/\/newsvirali.it\/de\/autore\/cecco-prestina\/"}]}},"_links":{"self":[{"href":"https:\/\/newsvirali.it\/de\/wp-json\/wp\/v2\/posts\/50401","targetHints":{"allow":["GET"]}}],"collection":[{"href":"https:\/\/newsvirali.it\/de\/wp-json\/wp\/v2\/posts"}],"about":[{"href":"https:\/\/newsvirali.it\/de\/wp-json\/wp\/v2\/types\/post"}],"author":[{"embeddable":true,"href":"https:\/\/newsvirali.it\/de\/wp-json\/wp\/v2\/users\/4"}],"replies":[{"embeddable":true,"href":"https:\/\/newsvirali.it\/de\/wp-json\/wp\/v2\/comments?post=50401"}],"version-history":[{"count":4,"href":"https:\/\/newsvirali.it\/de\/wp-json\/wp\/v2\/posts\/50401\/revisions"}],"predecessor-version":[{"id":50409,"href":"https:\/\/newsvirali.it\/de\/wp-json\/wp\/v2\/posts\/50401\/revisions\/50409"}],"wp:featuredmedia":[{"embeddable":true,"href":"https:\/\/newsvirali.it\/de\/wp-json\/wp\/v2\/media\/50402"}],"wp:attachment":[{"href":"https:\/\/newsvirali.it\/de\/wp-json\/wp\/v2\/media?parent=50401"}],"wp:term":[{"taxonomy":"category","embeddable":true,"href":"https:\/\/newsvirali.it\/de\/wp-json\/wp\/v2\/categories?post=50401"},{"taxonomy":"post_tag","embeddable":true,"href":"https:\/\/newsvirali.it\/de\/wp-json\/wp\/v2\/tags?post=50401"}],"curies":[{"name":"wp","href":"https:\/\/api.w.org\/{rel}","templated":true}]}}