{"id":50184,"date":"2024-11-12T15:34:42","date_gmt":"2024-11-12T14:34:42","guid":{"rendered":"https:\/\/newsvirali.it\/?p=50184"},"modified":"2024-11-12T15:34:43","modified_gmt":"2024-11-12T14:34:43","slug":"bambina-si-incastra-capelli-nella-ruota-panoramica-strappato-via-lo-scalpo","status":"publish","type":"post","link":"https:\/\/newsvirali.it\/de\/2024\/11\/12\/dem-kleinen-madchen-bleiben-die-haare-im-riesenrad-stecken-und-die-kopfhaut-wird-abgerissen\/","title":{"rendered":"Kleines M\u00e4dchen bleibt mit Haaren im Riesenrad stecken: Kopfhaut abgerissen"},"content":{"rendered":"<p>Einem kleinen M\u00e4dchen rei\u00dfen die Haare aus, nachdem es in einem Riesenrad in Indien steckengeblieben ist. Das M\u00e4dchen blieb beim Spa\u00df auf einem Karussell in Kannauj, Uttar Pradesh, Indien, in einer Metallstange eines Riesenrads h\u00e4ngen. Der dreizehnj\u00e4hrigen Anuradha Katheria waren die Haare komplett ausgerissen. Die Bilder, die in den sozialen Medien kursierten, waren dramatisch.<\/p>\n\n\n\n<p><strong>LESEN SIE AUCH<\/strong><\/p>\n\n\n\n<ul class=\"wp-block-list\">\n<li><a href=\"https:\/\/newsvirali.it\/de\/2024\/09\/24\/karussell-blockiert-passagiere-stehen-auf-dem-kopf-und-werden-von-der-feuerwehr-gerettet\/\">Festgefahrenes Karussell l\u00e4sst Passagiere auf dem Kopf stehen: von der Feuerwehr gerettet<\/a><\/li>\n\n\n\n<li><a href=\"https:\/\/newsvirali.it\/de\/2024\/08\/18\/entsetzen-beim-dorffestbrand-am-riesenrad-voller-menschen\/\">Horror auf dem Dorffest, Feuer im Riesenrad voller Menschen<\/a><\/li>\n\n\n\n<li><a href=\"https:\/\/newsvirali.it\/de\/2024\/04\/18\/bianca-zensierte-im-disneyland-mit-einem-latzchen-das-ihre-bruste-bedeckte\/\">Bianca Censori wurde im Disneyland mit einem \u201eL\u00e4tzchen\u201c zum Bedecken ihrer Br\u00fcste zensiert<\/a><\/li>\n<\/ul>\n\n\n\n<p>Laut der indischen Nachrichtenagentur Amar Ujala blieben die Haare des M\u00e4dchens im Karussell h\u00e4ngen, nachdem sie sich hingesetzt hatte, und ihre Haare sowie ihre Kopfhaut wurden abgerissen, bevor sie es \u00fcberhaupt merkte. Als sie anfing zu schreien, stoppte der Fahrer die Fahrt, w\u00e4hrend Passanten ihr zu Hilfe eilten. In einem in den sozialen Medien verbreiteten Video, das die Folgen des schrecklichen Unfalls schildert, ist zu sehen, wie das M\u00e4dchen von zwei M\u00e4nnern unterst\u00fctzt wird.<\/p>\n\n\n\n<figure class=\"wp-block-embed is-type-rich is-provider-twitter wp-block-embed-twitter\"><div class=\"wp-block-embed__wrapper\">\n<blockquote class=\"twitter-tweet\" data-width=\"500\" data-dnt=\"true\"><p lang=\"hi\" dir=\"ltr\">&quot;<br>\u0924\u093e\u0932\u0917\u094d\u0930\u093e\u092e \u0925\u093e\u0928\u093e \u0915\u094d\u0937\u0947\u0924\u094d\u0930 \u0915\u0947 \u092e\u093e\u0927\u094b\u0928\u0917\u0930 \u0917\u093e\u0902\u0935 \u092e\u0947\u0902. \u0939\u0941\u0906 \u0939\u093e\u0926\u0938\u093e \u0917\u0902\u092d\u0940\u0930 \u0939\u093e\u0932\u0924 \u092e\u0947\u0902 13 Tage vor\u2026 <a href=\"https:\/\/t.co\/t5IGasmL6p\">pic.twitter.com\/t5IGasmL6p<\/a><\/p>\u2014 Abhishek R Ojha Journalist (@ojha_journalist) <a href=\"https:\/\/twitter.com\/ojha_journalist\/status\/1855834823585038827?ref_src=twsrc%5Etfw\">11. November 2024<\/a><\/blockquote><script async src=\"https:\/\/platform.twitter.com\/widgets.js\" charset=\"utf-8\"><\/script>\n<\/div><\/figure>\n\n\n\n<p>Alle ihre Haare sind in der Metallstange des Fahrgesch\u00e4fts direkt \u00fcber dem Sitz h\u00e4ngengeblieben und wurden von ihrer Kopfhaut abgerissen. Auch Blut tropfte aus der Wunde. Dann schien das M\u00e4dchen das Bewusstsein zu verlieren und auf die Knie zu fallen. Nachdem sie von anderen Bewohnern geh\u00f6rt hatte, brachte die Familie sie mit Hilfe des Transportunternehmens in ein nahegelegenes Privatkrankenhaus. Doch als sich ihr Zustand verschlechterte, wurde sie in ein Krankenhaus in Lucknow verlegt.<\/p>\n\n\n\n<p>Polizeibeschwerde gegen Riesenrad-Manager eingereicht Gl\u00fccklicherweise hat sich der Gesundheitszustand des M\u00e4dchens laut Hindustan Times seitdem verbessert und sie wurde f\u00fcr au\u00dfer Gefahr erkl\u00e4rt.<\/p>\n<br \/>Folgen Sie uns auch auf Google News: <b><a href=\"https:\/\/news.google.com\/publications\/CAAqBwgKMNqJiwswjMfqAg?hl=it&gl=IT&ceid=IT:it\" target=\"_blank\">klicken Sie hier<\/a><\/b>","protected":false},"excerpt":{"rendered":"<p>Einem kleinen M\u00e4dchen rei\u00dfen die Haare aus, nachdem es in einem Riesenrad in Indien steckengeblieben ist. Das M\u00e4dchen blieb [\u2026]<\/p>","protected":false},"author":4,"featured_media":50185,"comment_status":"closed","ping_status":"open","sticky":false,"template":"","format":"standard","meta":{"MSN_Categories":"Uncategorized","MSN_Publish_Option":false,"MSN_Is_Local_News":false,"MSN_Is_AIAC_Included":"Empty","MSN_Location":"[]","MSN_Add_Feature_Img_On_Top_Of_Post":false,"MSN_Has_Custom_Author":false,"MSN_Custom_Author":"","MSN_Has_Custom_Canonical_Url":false,"MSN_Custom_Canonical_Url":"","footnotes":""},"categories":[9],"tags":[],"class_list":["post-50184","post","type-post","status-publish","format-standard","has-post-thumbnail","hentry","category-mondo"],"acf":[],"yoast_head":"<!-- This site is optimized with the Yoast SEO Premium plugin v26.7 (Yoast SEO v26.7) - https:\/\/yoast.com\/wordpress\/plugins\/seo\/ -->\n<title>Bambina si incastra capelli nella ruota panoramica: strappato via lo scalpo<\/title>\n<meta name=\"description\" content=\"I capelli di una bambina si strappano dopo essere rimasti incastrati nella ruota panoramica in India.\" \/>\n<meta name=\"robots\" content=\"index, follow, max-snippet:-1, max-image-preview:large, max-video-preview:-1\" \/>\n<link rel=\"canonical\" href=\"https:\/\/newsvirali.it\/de\/2024\/11\/12\/dem-kleinen-madchen-bleiben-die-haare-im-riesenrad-stecken-und-die-kopfhaut-wird-abgerissen\/\" \/>\n<meta property=\"og:locale\" content=\"de_DE\" \/>\n<meta property=\"og:type\" content=\"article\" \/>\n<meta property=\"og:title\" content=\"Bambina si incastra capelli nella ruota panoramica: strappato via lo scalpo\" \/>\n<meta property=\"og:description\" content=\"I capelli di una bambina si strappano dopo essere rimasti incastrati nella ruota panoramica in India.\" \/>\n<meta property=\"og:url\" content=\"https:\/\/newsvirali.it\/de\/2024\/11\/12\/dem-kleinen-madchen-bleiben-die-haare-im-riesenrad-stecken-und-die-kopfhaut-wird-abgerissen\/\" \/>\n<meta property=\"og:site_name\" content=\"News virali\" \/>\n<meta property=\"article:published_time\" content=\"2024-11-12T14:34:42+00:00\" \/>\n<meta property=\"article:modified_time\" content=\"2024-11-12T14:34:43+00:00\" \/>\n<meta property=\"og:image\" content=\"https:\/\/newsvirali.it\/wp-content\/uploads\/2024\/11\/Bimba-si-incastra-capelli-nella-ruota-panoramica-strappato-via-lo-scalpo-1.jpg\" \/>\n\t<meta property=\"og:image:width\" content=\"2160\" \/>\n\t<meta property=\"og:image:height\" content=\"1440\" \/>\n\t<meta property=\"og:image:type\" content=\"image\/jpeg\" \/>\n<meta name=\"author\" content=\"Cecco Prestina\" \/>\n<meta name=\"twitter:card\" content=\"summary_large_image\" \/>\n<meta name=\"twitter:label1\" content=\"Verfasst von\" \/>\n\t<meta name=\"twitter:data1\" content=\"Cecco Prestina\" \/>\n\t<meta name=\"twitter:label2\" content=\"Gesch\u00e4tzte Lesezeit\" \/>\n\t<meta name=\"twitter:data2\" content=\"2\u00a0Minuten\" \/>\n<script type=\"application\/ld+json\" class=\"yoast-schema-graph\">{\"@context\":\"https:\/\/schema.org\",\"@graph\":[{\"@type\":\"NewsArticle\",\"@id\":\"https:\/\/newsvirali.it\/2024\/11\/12\/bambina-si-incastra-capelli-nella-ruota-panoramica-strappato-via-lo-scalpo\/#article\",\"isPartOf\":{\"@id\":\"https:\/\/newsvirali.it\/2024\/11\/12\/bambina-si-incastra-capelli-nella-ruota-panoramica-strappato-via-lo-scalpo\/\"},\"author\":{\"name\":\"Cecco Prestina\",\"@id\":\"https:\/\/newsvirali.it\/fr\/#\/schema\/person\/4c835f7b49c9adb58b33901ee816565d\"},\"headline\":\"Bambina si incastra capelli nella ruota panoramica: strappato via lo scalpo\",\"datePublished\":\"2024-11-12T14:34:42+00:00\",\"dateModified\":\"2024-11-12T14:34:43+00:00\",\"mainEntityOfPage\":{\"@id\":\"https:\/\/newsvirali.it\/2024\/11\/12\/bambina-si-incastra-capelli-nella-ruota-panoramica-strappato-via-lo-scalpo\/\"},\"wordCount\":299,\"image\":{\"@id\":\"https:\/\/newsvirali.it\/2024\/11\/12\/bambina-si-incastra-capelli-nella-ruota-panoramica-strappato-via-lo-scalpo\/#primaryimage\"},\"thumbnailUrl\":\"https:\/\/newsvirali.it\/wp-content\/uploads\/2024\/11\/Bimba-si-incastra-capelli-nella-ruota-panoramica-strappato-via-lo-scalpo-1.jpg\",\"articleSection\":[\"Mondo\"],\"inLanguage\":\"de\",\"copyrightYear\":\"2024\",\"copyrightHolder\":{\"@id\":\"https:\/\/newsvirali.it\/de\/#organization\"}},{\"@type\":\"WebPage\",\"@id\":\"https:\/\/newsvirali.it\/2024\/11\/12\/bambina-si-incastra-capelli-nella-ruota-panoramica-strappato-via-lo-scalpo\/\",\"url\":\"https:\/\/newsvirali.it\/2024\/11\/12\/bambina-si-incastra-capelli-nella-ruota-panoramica-strappato-via-lo-scalpo\/\",\"name\":\"Bambina si incastra capelli nella ruota panoramica: strappato via lo scalpo\",\"isPartOf\":{\"@id\":\"https:\/\/newsvirali.it\/fr\/#website\"},\"primaryImageOfPage\":{\"@id\":\"https:\/\/newsvirali.it\/2024\/11\/12\/bambina-si-incastra-capelli-nella-ruota-panoramica-strappato-via-lo-scalpo\/#primaryimage\"},\"image\":{\"@id\":\"https:\/\/newsvirali.it\/2024\/11\/12\/bambina-si-incastra-capelli-nella-ruota-panoramica-strappato-via-lo-scalpo\/#primaryimage\"},\"thumbnailUrl\":\"https:\/\/newsvirali.it\/wp-content\/uploads\/2024\/11\/Bimba-si-incastra-capelli-nella-ruota-panoramica-strappato-via-lo-scalpo-1.jpg\",\"datePublished\":\"2024-11-12T14:34:42+00:00\",\"dateModified\":\"2024-11-12T14:34:43+00:00\",\"author\":{\"@id\":\"https:\/\/newsvirali.it\/fr\/#\/schema\/person\/4c835f7b49c9adb58b33901ee816565d\"},\"description\":\"I capelli di una bambina si strappano dopo essere rimasti incastrati nella ruota panoramica in India.\",\"breadcrumb\":{\"@id\":\"https:\/\/newsvirali.it\/2024\/11\/12\/bambina-si-incastra-capelli-nella-ruota-panoramica-strappato-via-lo-scalpo\/#breadcrumb\"},\"inLanguage\":\"de\",\"potentialAction\":[{\"@type\":\"ReadAction\",\"target\":[\"https:\/\/newsvirali.it\/2024\/11\/12\/bambina-si-incastra-capelli-nella-ruota-panoramica-strappato-via-lo-scalpo\/\"]}]},{\"@type\":\"ImageObject\",\"inLanguage\":\"de\",\"@id\":\"https:\/\/newsvirali.it\/2024\/11\/12\/bambina-si-incastra-capelli-nella-ruota-panoramica-strappato-via-lo-scalpo\/#primaryimage\",\"url\":\"https:\/\/newsvirali.it\/wp-content\/uploads\/2024\/11\/Bimba-si-incastra-capelli-nella-ruota-panoramica-strappato-via-lo-scalpo-1.jpg\",\"contentUrl\":\"https:\/\/newsvirali.it\/wp-content\/uploads\/2024\/11\/Bimba-si-incastra-capelli-nella-ruota-panoramica-strappato-via-lo-scalpo-1.jpg\",\"width\":2160,\"height\":1440,\"caption\":\"Bimba si incastra capelli nella ruota panoramica: strappato via lo scalpo\"},{\"@type\":\"BreadcrumbList\",\"@id\":\"https:\/\/newsvirali.it\/2024\/11\/12\/bambina-si-incastra-capelli-nella-ruota-panoramica-strappato-via-lo-scalpo\/#breadcrumb\",\"itemListElement\":[{\"@type\":\"ListItem\",\"position\":1,\"name\":\"Home\",\"item\":\"https:\/\/newsvirali.it\/fr\/\"},{\"@type\":\"ListItem\",\"position\":2,\"name\":\"Bambina si incastra capelli nella ruota panoramica: strappato via lo scalpo\"}]},{\"@type\":\"WebSite\",\"@id\":\"https:\/\/newsvirali.it\/fr\/#website\",\"url\":\"https:\/\/newsvirali.it\/fr\/\",\"name\":\"Bake News\",\"description\":\"\",\"potentialAction\":[{\"@type\":\"SearchAction\",\"target\":{\"@type\":\"EntryPoint\",\"urlTemplate\":\"https:\/\/newsvirali.it\/fr\/?s={search_term_string}\"},\"query-input\":{\"@type\":\"PropertyValueSpecification\",\"valueRequired\":true,\"valueName\":\"search_term_string\"}}],\"inLanguage\":\"de\"},{\"@type\":\"Person\",\"@id\":\"https:\/\/newsvirali.it\/fr\/#\/schema\/person\/4c835f7b49c9adb58b33901ee816565d\",\"name\":\"Cecco Prestina\",\"description\":\"Perch\u00e9 nasconderlo? Cecco Prestina \u00e8 un alias, ma dietro di lui non si cela un algoritmo di intelligenza artificiale. C'\u00e8 un giornalista che ha oltre vent'anni di esperienza tutta sul web. Da quando il primo modem ha iniziato a gracchiare sul territorio italiano con Video on Line, Cecco ha capito che da quel doppino sarebbe passato il futuro. Ha dedidicato tutta la sua carriera a capire Internet e poi i social e ora l'Ai. Una carriera in costante aggiornamento. E questa esperienza la mette in campo ogni giorno. Per\u00f2 ogni tanto Cecco ha voglia anche di non scrivere \\\"pipponi\\\" sulla politica, sull'economia. Ha voglia anche di scrivere qualcosa di divertente. Le notizie che trovate su Bake News sono le stesse che Cecco porta all'aperitivo con gli amici. Quelle di cui discutere per farsi due risate. Notizie, vere (qualche volta si fa fatica a crederlo), strane, divertenti, ma anche serie. Bake News \u00e8 nato per questo, dare al pubblico notizie croccanti e calde come il pane che esce dal forno. E Cecco Prestina \u00e8 nato con Bake News.\",\"url\":\"https:\/\/newsvirali.it\/de\/autore\/cecco-prestina\/\"}]}<\/script>\n<!-- \/ Yoast SEO Premium plugin. -->","yoast_head_json":{"title":"Bambina si incastra capelli nella ruota panoramica: strappato via lo scalpo","description":"I capelli di una bambina si strappano dopo essere rimasti incastrati nella ruota panoramica in India.","robots":{"index":"index","follow":"follow","max-snippet":"max-snippet:-1","max-image-preview":"max-image-preview:large","max-video-preview":"max-video-preview:-1"},"canonical":"https:\/\/newsvirali.it\/de\/2024\/11\/12\/dem-kleinen-madchen-bleiben-die-haare-im-riesenrad-stecken-und-die-kopfhaut-wird-abgerissen\/","og_locale":"de_DE","og_type":"article","og_title":"Bambina si incastra capelli nella ruota panoramica: strappato via lo scalpo","og_description":"I capelli di una bambina si strappano dopo essere rimasti incastrati nella ruota panoramica in India.","og_url":"https:\/\/newsvirali.it\/de\/2024\/11\/12\/dem-kleinen-madchen-bleiben-die-haare-im-riesenrad-stecken-und-die-kopfhaut-wird-abgerissen\/","og_site_name":"News virali","article_published_time":"2024-11-12T14:34:42+00:00","article_modified_time":"2024-11-12T14:34:43+00:00","og_image":[{"width":2160,"height":1440,"url":"https:\/\/newsvirali.it\/wp-content\/uploads\/2024\/11\/Bimba-si-incastra-capelli-nella-ruota-panoramica-strappato-via-lo-scalpo-1.jpg","type":"image\/jpeg"}],"author":"Cecco Prestina","twitter_card":"summary_large_image","twitter_misc":{"Verfasst von":"Cecco Prestina","Gesch\u00e4tzte Lesezeit":"2\u00a0Minuten"},"schema":{"@context":"https:\/\/schema.org","@graph":[{"@type":"NewsArticle","@id":"https:\/\/newsvirali.it\/2024\/11\/12\/bambina-si-incastra-capelli-nella-ruota-panoramica-strappato-via-lo-scalpo\/#article","isPartOf":{"@id":"https:\/\/newsvirali.it\/2024\/11\/12\/bambina-si-incastra-capelli-nella-ruota-panoramica-strappato-via-lo-scalpo\/"},"author":{"name":"Cecco Prestina","@id":"https:\/\/newsvirali.it\/fr\/#\/schema\/person\/4c835f7b49c9adb58b33901ee816565d"},"headline":"Bambina si incastra capelli nella ruota panoramica: strappato via lo scalpo","datePublished":"2024-11-12T14:34:42+00:00","dateModified":"2024-11-12T14:34:43+00:00","mainEntityOfPage":{"@id":"https:\/\/newsvirali.it\/2024\/11\/12\/bambina-si-incastra-capelli-nella-ruota-panoramica-strappato-via-lo-scalpo\/"},"wordCount":299,"image":{"@id":"https:\/\/newsvirali.it\/2024\/11\/12\/bambina-si-incastra-capelli-nella-ruota-panoramica-strappato-via-lo-scalpo\/#primaryimage"},"thumbnailUrl":"https:\/\/newsvirali.it\/wp-content\/uploads\/2024\/11\/Bimba-si-incastra-capelli-nella-ruota-panoramica-strappato-via-lo-scalpo-1.jpg","articleSection":["Mondo"],"inLanguage":"de","copyrightYear":"2024","copyrightHolder":{"@id":"https:\/\/newsvirali.it\/de\/#organization"}},{"@type":"WebPage","@id":"https:\/\/newsvirali.it\/2024\/11\/12\/bambina-si-incastra-capelli-nella-ruota-panoramica-strappato-via-lo-scalpo\/","url":"https:\/\/newsvirali.it\/2024\/11\/12\/bambina-si-incastra-capelli-nella-ruota-panoramica-strappato-via-lo-scalpo\/","name":"Bambina si incastra capelli nella ruota panoramica: strappato via lo scalpo","isPartOf":{"@id":"https:\/\/newsvirali.it\/fr\/#website"},"primaryImageOfPage":{"@id":"https:\/\/newsvirali.it\/2024\/11\/12\/bambina-si-incastra-capelli-nella-ruota-panoramica-strappato-via-lo-scalpo\/#primaryimage"},"image":{"@id":"https:\/\/newsvirali.it\/2024\/11\/12\/bambina-si-incastra-capelli-nella-ruota-panoramica-strappato-via-lo-scalpo\/#primaryimage"},"thumbnailUrl":"https:\/\/newsvirali.it\/wp-content\/uploads\/2024\/11\/Bimba-si-incastra-capelli-nella-ruota-panoramica-strappato-via-lo-scalpo-1.jpg","datePublished":"2024-11-12T14:34:42+00:00","dateModified":"2024-11-12T14:34:43+00:00","author":{"@id":"https:\/\/newsvirali.it\/fr\/#\/schema\/person\/4c835f7b49c9adb58b33901ee816565d"},"description":"I capelli di una bambina si strappano dopo essere rimasti incastrati nella ruota panoramica in India.","breadcrumb":{"@id":"https:\/\/newsvirali.it\/2024\/11\/12\/bambina-si-incastra-capelli-nella-ruota-panoramica-strappato-via-lo-scalpo\/#breadcrumb"},"inLanguage":"de","potentialAction":[{"@type":"ReadAction","target":["https:\/\/newsvirali.it\/2024\/11\/12\/bambina-si-incastra-capelli-nella-ruota-panoramica-strappato-via-lo-scalpo\/"]}]},{"@type":"ImageObject","inLanguage":"de","@id":"https:\/\/newsvirali.it\/2024\/11\/12\/bambina-si-incastra-capelli-nella-ruota-panoramica-strappato-via-lo-scalpo\/#primaryimage","url":"https:\/\/newsvirali.it\/wp-content\/uploads\/2024\/11\/Bimba-si-incastra-capelli-nella-ruota-panoramica-strappato-via-lo-scalpo-1.jpg","contentUrl":"https:\/\/newsvirali.it\/wp-content\/uploads\/2024\/11\/Bimba-si-incastra-capelli-nella-ruota-panoramica-strappato-via-lo-scalpo-1.jpg","width":2160,"height":1440,"caption":"Bimba si incastra capelli nella ruota panoramica: strappato via lo scalpo"},{"@type":"BreadcrumbList","@id":"https:\/\/newsvirali.it\/2024\/11\/12\/bambina-si-incastra-capelli-nella-ruota-panoramica-strappato-via-lo-scalpo\/#breadcrumb","itemListElement":[{"@type":"ListItem","position":1,"name":"Home","item":"https:\/\/newsvirali.it\/fr\/"},{"@type":"ListItem","position":2,"name":"Bambina si incastra capelli nella ruota panoramica: strappato via lo scalpo"}]},{"@type":"WebSite","@id":"https:\/\/newsvirali.it\/fr\/#website","url":"https:\/\/newsvirali.it\/fr\/","name":"Bake News","description":"","potentialAction":[{"@type":"SearchAction","target":{"@type":"EntryPoint","urlTemplate":"https:\/\/newsvirali.it\/fr\/?s={search_term_string}"},"query-input":{"@type":"PropertyValueSpecification","valueRequired":true,"valueName":"search_term_string"}}],"inLanguage":"de"},{"@type":"Person","@id":"https:\/\/newsvirali.it\/fr\/#\/schema\/person\/4c835f7b49c9adb58b33901ee816565d","name":"Cecco Prestina","description":"Perch\u00e9 nasconderlo? Cecco Prestina \u00e8 un alias, ma dietro di lui non si cela un algoritmo di intelligenza artificiale. C'\u00e8 un giornalista che ha oltre vent'anni di esperienza tutta sul web. Da quando il primo modem ha iniziato a gracchiare sul territorio italiano con Video on Line, Cecco ha capito che da quel doppino sarebbe passato il futuro. Ha dedidicato tutta la sua carriera a capire Internet e poi i social e ora l'Ai. Una carriera in costante aggiornamento. E questa esperienza la mette in campo ogni giorno. Per\u00f2 ogni tanto Cecco ha voglia anche di non scrivere \"pipponi\" sulla politica, sull'economia. Ha voglia anche di scrivere qualcosa di divertente. Le notizie che trovate su Bake News sono le stesse che Cecco porta all'aperitivo con gli amici. Quelle di cui discutere per farsi due risate. Notizie, vere (qualche volta si fa fatica a crederlo), strane, divertenti, ma anche serie. Bake News \u00e8 nato per questo, dare al pubblico notizie croccanti e calde come il pane che esce dal forno. E Cecco Prestina \u00e8 nato con Bake News.","url":"https:\/\/newsvirali.it\/de\/autore\/cecco-prestina\/"}]}},"_links":{"self":[{"href":"https:\/\/newsvirali.it\/de\/wp-json\/wp\/v2\/posts\/50184","targetHints":{"allow":["GET"]}}],"collection":[{"href":"https:\/\/newsvirali.it\/de\/wp-json\/wp\/v2\/posts"}],"about":[{"href":"https:\/\/newsvirali.it\/de\/wp-json\/wp\/v2\/types\/post"}],"author":[{"embeddable":true,"href":"https:\/\/newsvirali.it\/de\/wp-json\/wp\/v2\/users\/4"}],"replies":[{"embeddable":true,"href":"https:\/\/newsvirali.it\/de\/wp-json\/wp\/v2\/comments?post=50184"}],"version-history":[{"count":3,"href":"https:\/\/newsvirali.it\/de\/wp-json\/wp\/v2\/posts\/50184\/revisions"}],"predecessor-version":[{"id":50233,"href":"https:\/\/newsvirali.it\/de\/wp-json\/wp\/v2\/posts\/50184\/revisions\/50233"}],"wp:featuredmedia":[{"embeddable":true,"href":"https:\/\/newsvirali.it\/de\/wp-json\/wp\/v2\/media\/50185"}],"wp:attachment":[{"href":"https:\/\/newsvirali.it\/de\/wp-json\/wp\/v2\/media?parent=50184"}],"wp:term":[{"taxonomy":"category","embeddable":true,"href":"https:\/\/newsvirali.it\/de\/wp-json\/wp\/v2\/categories?post=50184"},{"taxonomy":"post_tag","embeddable":true,"href":"https:\/\/newsvirali.it\/de\/wp-json\/wp\/v2\/tags?post=50184"}],"curies":[{"name":"wp","href":"https:\/\/api.w.org\/{rel}","templated":true}]}}