{"id":49795,"date":"2024-11-06T02:32:41","date_gmt":"2024-11-06T01:32:41","guid":{"rendered":"https:\/\/newsvirali.it\/?p=49795"},"modified":"2024-11-06T02:32:42","modified_gmt":"2024-11-06T01:32:42","slug":"tenta-di-aprire-la-porta-di-emergenza-dellaereo-passeggeri-lo-bloccano-con-la-forza","status":"publish","type":"post","link":"https:\/\/newsvirali.it\/de\/2024\/11\/06\/er-versucht-die-nottur-des-passagierflugzeugs-zu-offnen-diese-wird-jedoch-gewaltsam-blockiert\/","title":{"rendered":"Er versucht, die Nott\u00fcr des Flugzeugs zu \u00f6ffnen, Passagiere blockieren ihn gewaltsam"},"content":{"rendered":"<p>Momente der Panik auf einem in Panama ankommenden Copa-Airlines-Flug: Ein Passagier versuchte, w\u00e4hrend der Landung des Flugzeugs die Nott\u00fcr zu \u00f6ffnen, um die Besatzung und die Passagiere an Bord zu alarmieren. Berichten zufolge versuchte der Mann pl\u00f6tzlich, die Sicherheitst\u00fcr aufzuschlie\u00dfen, obwohl die Situation aufgrund der H\u00f6he und Geschwindigkeit des Flugzeugs kritisch war.<\/p>\n\n\n\n<p><strong>LESEN SIE AUCH<\/strong><\/p>\n\n\n\n<ul class=\"wp-block-list\">\n<li><a href=\"https:\/\/newsvirali.it\/de\/2024\/10\/22\/flugzeug-verschlingt-gepackwagen-mit-motor-unfall-auf-video-festgehalten\/\">Flugzeug \u201everschlingt\u201c Gep\u00e4ckwagen mit Motor: Unfall auf Video festgehalten<\/a><\/li>\n\n\n\n<li><a href=\"https:\/\/newsvirali.it\/de\/2024\/10\/09\/pilot-stirbt-wahrend-des-fluges-und-muss-notlanden\/\">Pilot stirbt w\u00e4hrend des Fluges, Flugzeug muss notlanden<\/a><\/li>\n\n\n\n<li><a href=\"https:\/\/newsvirali.it\/de\/2024\/10\/08\/das-flugzeug-das-london-mit-new-york-verbindet-kommt-in-weniger-als-einer-stunde-an\/\">Das Flugzeug, das London mit New York verbindet, kommt in weniger als einer Stunde an<\/a><\/li>\n<\/ul>\n\n\n\n<p>Das alarmierende Verhalten des Passagiers l\u00f6ste eine sofortige Reaktion der Besatzung an Bord aus, die den Mann umgehend stoppte und so einen m\u00f6glichen Unfall verhinderte. Dank der Professionalit\u00e4t und Schnelligkeit der Besatzung gelang dem mittlerweile fast am Boden befindlichen Flugzeug die Landung ohne weitere Probleme.<\/p>\n\n\n\n<figure class=\"wp-block-embed is-type-rich is-provider-twitter wp-block-embed-twitter\"><div class=\"wp-block-embed__wrapper\">\n<blockquote class=\"twitter-tweet\" data-width=\"500\" data-dnt=\"true\"><p lang=\"en\" dir=\"ltr\">Ein Passagier auf einem Copa Airlines-Flug CM204, der mit dem Flugzeugkennzeichen HP-1843CMP von Brasilia (BSB) nach Panama City (PTY) durchgef\u00fchrt wurde, versuchte am Dienstag, dem 5. November, mitten im Flug die Nott\u00fcr des Flugzeugs zu \u00f6ffnen und wurde festgehalten durch andere Passagiere.<br><br>Was die Passagiere betrifft, die\u2026 <a href=\"https:\/\/t.co\/Edt41WefXY\">pic.twitter.com\/Edt41WefXY<\/a><\/p>\u2014 FL360aero (@fl360aero) <a href=\"https:\/\/twitter.com\/fl360aero\/status\/1853936414083485704?ref_src=twsrc%5Etfw\">5. November 2024<\/a><\/blockquote><script async src=\"https:\/\/platform.twitter.com\/widgets.js\" charset=\"utf-8\"><\/script>\n<\/div><\/figure>\n\n\n\n<p>Der Unfall ereignete sich auf einem Flug, der von Brasilia nach Panama City startete. Der Fall ereignete sich kurz vor der Landung in Panama City. In dem zentralamerikanischen Land angekommen wurde der Mann den Justizbeh\u00f6rden \u00fcbergeben.<\/p>\n<br \/>Folgen Sie uns auch auf Google News: <b><a href=\"https:\/\/news.google.com\/publications\/CAAqBwgKMNqJiwswjMfqAg?hl=it&gl=IT&ceid=IT:it\" target=\"_blank\">klicken Sie hier<\/a><\/b>","protected":false},"excerpt":{"rendered":"<p>Momente der Panik auf einem in Panama ankommenden Copa-Airlines-Flug: Ein Passagier versuchte, das [\u2026] zu \u00f6ffnen.<\/p>","protected":false},"author":4,"featured_media":49796,"comment_status":"closed","ping_status":"open","sticky":false,"template":"","format":"standard","meta":{"MSN_Categories":"Uncategorized","MSN_Publish_Option":false,"MSN_Is_Local_News":false,"MSN_Is_AIAC_Included":"Empty","MSN_Location":"[]","MSN_Add_Feature_Img_On_Top_Of_Post":false,"MSN_Has_Custom_Author":false,"MSN_Custom_Author":"","MSN_Has_Custom_Canonical_Url":false,"MSN_Custom_Canonical_Url":"","footnotes":""},"categories":[9],"tags":[],"class_list":["post-49795","post","type-post","status-publish","format-standard","has-post-thumbnail","hentry","category-mondo"],"acf":[],"yoast_head":"<!-- This site is optimized with the Yoast SEO Premium plugin v26.7 (Yoast SEO v26.7) - https:\/\/yoast.com\/wordpress\/plugins\/seo\/ -->\n<title>Tenta di aprire la porta di emergenza dell&#039;aereo, passeggeri lo bloccano con la forza<\/title>\n<meta name=\"robots\" content=\"index, follow, max-snippet:-1, max-image-preview:large, max-video-preview:-1\" \/>\n<link rel=\"canonical\" href=\"https:\/\/newsvirali.it\/de\/2024\/11\/06\/er-versucht-die-nottur-des-passagierflugzeugs-zu-offnen-diese-wird-jedoch-gewaltsam-blockiert\/\" \/>\n<meta property=\"og:locale\" content=\"de_DE\" \/>\n<meta property=\"og:type\" content=\"article\" \/>\n<meta property=\"og:title\" content=\"Tenta di aprire la porta di emergenza dell&#039;aereo, passeggeri lo bloccano con la forza\" \/>\n<meta property=\"og:description\" content=\"Attimi di panico su un volo della Copa Airlines in arrivo a Panama: un passeggero ha cercato di aprire la [&hellip;]\" \/>\n<meta property=\"og:url\" content=\"https:\/\/newsvirali.it\/de\/2024\/11\/06\/er-versucht-die-nottur-des-passagierflugzeugs-zu-offnen-diese-wird-jedoch-gewaltsam-blockiert\/\" \/>\n<meta property=\"og:site_name\" content=\"News virali\" \/>\n<meta property=\"article:published_time\" content=\"2024-11-06T01:32:41+00:00\" \/>\n<meta property=\"article:modified_time\" content=\"2024-11-06T01:32:42+00:00\" \/>\n<meta property=\"og:image\" content=\"https:\/\/newsvirali.it\/wp-content\/uploads\/2024\/11\/Tenta-di-aprire-la-porta-di-emergenza-dellaereo-passeggeri-lo-bloccano-con-la-forza-1.jpg\" \/>\n\t<meta property=\"og:image:width\" content=\"2160\" \/>\n\t<meta property=\"og:image:height\" content=\"1440\" \/>\n\t<meta property=\"og:image:type\" content=\"image\/jpeg\" \/>\n<meta name=\"author\" content=\"Cecco Prestina\" \/>\n<meta name=\"twitter:card\" content=\"summary_large_image\" \/>\n<meta name=\"twitter:label1\" content=\"Verfasst von\" \/>\n\t<meta name=\"twitter:data1\" content=\"Cecco Prestina\" \/>\n\t<meta name=\"twitter:label2\" content=\"Gesch\u00e4tzte Lesezeit\" \/>\n\t<meta name=\"twitter:data2\" content=\"1\u00a0Minute\" \/>\n<script type=\"application\/ld+json\" class=\"yoast-schema-graph\">{\"@context\":\"https:\/\/schema.org\",\"@graph\":[{\"@type\":\"NewsArticle\",\"@id\":\"https:\/\/newsvirali.it\/2024\/11\/06\/tenta-di-aprire-la-porta-di-emergenza-dellaereo-passeggeri-lo-bloccano-con-la-forza\/#article\",\"isPartOf\":{\"@id\":\"https:\/\/newsvirali.it\/2024\/11\/06\/tenta-di-aprire-la-porta-di-emergenza-dellaereo-passeggeri-lo-bloccano-con-la-forza\/\"},\"author\":{\"name\":\"Cecco Prestina\",\"@id\":\"https:\/\/newsvirali.it\/fr\/#\/schema\/person\/4c835f7b49c9adb58b33901ee816565d\"},\"headline\":\"Tenta di aprire la porta di emergenza dell&#8217;aereo, passeggeri lo bloccano con la forza\",\"datePublished\":\"2024-11-06T01:32:41+00:00\",\"dateModified\":\"2024-11-06T01:32:42+00:00\",\"mainEntityOfPage\":{\"@id\":\"https:\/\/newsvirali.it\/2024\/11\/06\/tenta-di-aprire-la-porta-di-emergenza-dellaereo-passeggeri-lo-bloccano-con-la-forza\/\"},\"wordCount\":214,\"image\":{\"@id\":\"https:\/\/newsvirali.it\/2024\/11\/06\/tenta-di-aprire-la-porta-di-emergenza-dellaereo-passeggeri-lo-bloccano-con-la-forza\/#primaryimage\"},\"thumbnailUrl\":\"https:\/\/newsvirali.it\/wp-content\/uploads\/2024\/11\/Tenta-di-aprire-la-porta-di-emergenza-dellaereo-passeggeri-lo-bloccano-con-la-forza-1.jpg\",\"articleSection\":[\"Mondo\"],\"inLanguage\":\"de\",\"copyrightYear\":\"2024\",\"copyrightHolder\":{\"@id\":\"https:\/\/newsvirali.it\/de\/#organization\"}},{\"@type\":\"WebPage\",\"@id\":\"https:\/\/newsvirali.it\/2024\/11\/06\/tenta-di-aprire-la-porta-di-emergenza-dellaereo-passeggeri-lo-bloccano-con-la-forza\/\",\"url\":\"https:\/\/newsvirali.it\/2024\/11\/06\/tenta-di-aprire-la-porta-di-emergenza-dellaereo-passeggeri-lo-bloccano-con-la-forza\/\",\"name\":\"Tenta di aprire la porta di emergenza dell'aereo, passeggeri lo bloccano con la forza\",\"isPartOf\":{\"@id\":\"https:\/\/newsvirali.it\/fr\/#website\"},\"primaryImageOfPage\":{\"@id\":\"https:\/\/newsvirali.it\/2024\/11\/06\/tenta-di-aprire-la-porta-di-emergenza-dellaereo-passeggeri-lo-bloccano-con-la-forza\/#primaryimage\"},\"image\":{\"@id\":\"https:\/\/newsvirali.it\/2024\/11\/06\/tenta-di-aprire-la-porta-di-emergenza-dellaereo-passeggeri-lo-bloccano-con-la-forza\/#primaryimage\"},\"thumbnailUrl\":\"https:\/\/newsvirali.it\/wp-content\/uploads\/2024\/11\/Tenta-di-aprire-la-porta-di-emergenza-dellaereo-passeggeri-lo-bloccano-con-la-forza-1.jpg\",\"datePublished\":\"2024-11-06T01:32:41+00:00\",\"dateModified\":\"2024-11-06T01:32:42+00:00\",\"author\":{\"@id\":\"https:\/\/newsvirali.it\/fr\/#\/schema\/person\/4c835f7b49c9adb58b33901ee816565d\"},\"breadcrumb\":{\"@id\":\"https:\/\/newsvirali.it\/2024\/11\/06\/tenta-di-aprire-la-porta-di-emergenza-dellaereo-passeggeri-lo-bloccano-con-la-forza\/#breadcrumb\"},\"inLanguage\":\"de\",\"potentialAction\":[{\"@type\":\"ReadAction\",\"target\":[\"https:\/\/newsvirali.it\/2024\/11\/06\/tenta-di-aprire-la-porta-di-emergenza-dellaereo-passeggeri-lo-bloccano-con-la-forza\/\"]}]},{\"@type\":\"ImageObject\",\"inLanguage\":\"de\",\"@id\":\"https:\/\/newsvirali.it\/2024\/11\/06\/tenta-di-aprire-la-porta-di-emergenza-dellaereo-passeggeri-lo-bloccano-con-la-forza\/#primaryimage\",\"url\":\"https:\/\/newsvirali.it\/wp-content\/uploads\/2024\/11\/Tenta-di-aprire-la-porta-di-emergenza-dellaereo-passeggeri-lo-bloccano-con-la-forza-1.jpg\",\"contentUrl\":\"https:\/\/newsvirali.it\/wp-content\/uploads\/2024\/11\/Tenta-di-aprire-la-porta-di-emergenza-dellaereo-passeggeri-lo-bloccano-con-la-forza-1.jpg\",\"width\":2160,\"height\":1440,\"caption\":\"Tenta di aprire la porta di emergenza dell'aereo, passeggeri lo bloccano con la forza\"},{\"@type\":\"BreadcrumbList\",\"@id\":\"https:\/\/newsvirali.it\/2024\/11\/06\/tenta-di-aprire-la-porta-di-emergenza-dellaereo-passeggeri-lo-bloccano-con-la-forza\/#breadcrumb\",\"itemListElement\":[{\"@type\":\"ListItem\",\"position\":1,\"name\":\"Home\",\"item\":\"https:\/\/newsvirali.it\/fr\/\"},{\"@type\":\"ListItem\",\"position\":2,\"name\":\"Tenta di aprire la porta di emergenza dell&#8217;aereo, passeggeri lo bloccano con la forza\"}]},{\"@type\":\"WebSite\",\"@id\":\"https:\/\/newsvirali.it\/fr\/#website\",\"url\":\"https:\/\/newsvirali.it\/fr\/\",\"name\":\"Bake News\",\"description\":\"\",\"potentialAction\":[{\"@type\":\"SearchAction\",\"target\":{\"@type\":\"EntryPoint\",\"urlTemplate\":\"https:\/\/newsvirali.it\/fr\/?s={search_term_string}\"},\"query-input\":{\"@type\":\"PropertyValueSpecification\",\"valueRequired\":true,\"valueName\":\"search_term_string\"}}],\"inLanguage\":\"de\"},{\"@type\":\"Person\",\"@id\":\"https:\/\/newsvirali.it\/fr\/#\/schema\/person\/4c835f7b49c9adb58b33901ee816565d\",\"name\":\"Cecco Prestina\",\"description\":\"Perch\u00e9 nasconderlo? Cecco Prestina \u00e8 un alias, ma dietro di lui non si cela un algoritmo di intelligenza artificiale. C'\u00e8 un giornalista che ha oltre vent'anni di esperienza tutta sul web. Da quando il primo modem ha iniziato a gracchiare sul territorio italiano con Video on Line, Cecco ha capito che da quel doppino sarebbe passato il futuro. Ha dedidicato tutta la sua carriera a capire Internet e poi i social e ora l'Ai. Una carriera in costante aggiornamento. E questa esperienza la mette in campo ogni giorno. Per\u00f2 ogni tanto Cecco ha voglia anche di non scrivere \\\"pipponi\\\" sulla politica, sull'economia. Ha voglia anche di scrivere qualcosa di divertente. Le notizie che trovate su Bake News sono le stesse che Cecco porta all'aperitivo con gli amici. Quelle di cui discutere per farsi due risate. Notizie, vere (qualche volta si fa fatica a crederlo), strane, divertenti, ma anche serie. Bake News \u00e8 nato per questo, dare al pubblico notizie croccanti e calde come il pane che esce dal forno. E Cecco Prestina \u00e8 nato con Bake News.\",\"url\":\"https:\/\/newsvirali.it\/de\/autore\/cecco-prestina\/\"}]}<\/script>\n<!-- \/ Yoast SEO Premium plugin. -->","yoast_head_json":{"title":"Tenta di aprire la porta di emergenza dell'aereo, passeggeri lo bloccano con la forza","robots":{"index":"index","follow":"follow","max-snippet":"max-snippet:-1","max-image-preview":"max-image-preview:large","max-video-preview":"max-video-preview:-1"},"canonical":"https:\/\/newsvirali.it\/de\/2024\/11\/06\/er-versucht-die-nottur-des-passagierflugzeugs-zu-offnen-diese-wird-jedoch-gewaltsam-blockiert\/","og_locale":"de_DE","og_type":"article","og_title":"Tenta di aprire la porta di emergenza dell'aereo, passeggeri lo bloccano con la forza","og_description":"Attimi di panico su un volo della Copa Airlines in arrivo a Panama: un passeggero ha cercato di aprire la [&hellip;]","og_url":"https:\/\/newsvirali.it\/de\/2024\/11\/06\/er-versucht-die-nottur-des-passagierflugzeugs-zu-offnen-diese-wird-jedoch-gewaltsam-blockiert\/","og_site_name":"News virali","article_published_time":"2024-11-06T01:32:41+00:00","article_modified_time":"2024-11-06T01:32:42+00:00","og_image":[{"width":2160,"height":1440,"url":"https:\/\/newsvirali.it\/wp-content\/uploads\/2024\/11\/Tenta-di-aprire-la-porta-di-emergenza-dellaereo-passeggeri-lo-bloccano-con-la-forza-1.jpg","type":"image\/jpeg"}],"author":"Cecco Prestina","twitter_card":"summary_large_image","twitter_misc":{"Verfasst von":"Cecco Prestina","Gesch\u00e4tzte Lesezeit":"1\u00a0Minute"},"schema":{"@context":"https:\/\/schema.org","@graph":[{"@type":"NewsArticle","@id":"https:\/\/newsvirali.it\/2024\/11\/06\/tenta-di-aprire-la-porta-di-emergenza-dellaereo-passeggeri-lo-bloccano-con-la-forza\/#article","isPartOf":{"@id":"https:\/\/newsvirali.it\/2024\/11\/06\/tenta-di-aprire-la-porta-di-emergenza-dellaereo-passeggeri-lo-bloccano-con-la-forza\/"},"author":{"name":"Cecco Prestina","@id":"https:\/\/newsvirali.it\/fr\/#\/schema\/person\/4c835f7b49c9adb58b33901ee816565d"},"headline":"Tenta di aprire la porta di emergenza dell&#8217;aereo, passeggeri lo bloccano con la forza","datePublished":"2024-11-06T01:32:41+00:00","dateModified":"2024-11-06T01:32:42+00:00","mainEntityOfPage":{"@id":"https:\/\/newsvirali.it\/2024\/11\/06\/tenta-di-aprire-la-porta-di-emergenza-dellaereo-passeggeri-lo-bloccano-con-la-forza\/"},"wordCount":214,"image":{"@id":"https:\/\/newsvirali.it\/2024\/11\/06\/tenta-di-aprire-la-porta-di-emergenza-dellaereo-passeggeri-lo-bloccano-con-la-forza\/#primaryimage"},"thumbnailUrl":"https:\/\/newsvirali.it\/wp-content\/uploads\/2024\/11\/Tenta-di-aprire-la-porta-di-emergenza-dellaereo-passeggeri-lo-bloccano-con-la-forza-1.jpg","articleSection":["Mondo"],"inLanguage":"de","copyrightYear":"2024","copyrightHolder":{"@id":"https:\/\/newsvirali.it\/de\/#organization"}},{"@type":"WebPage","@id":"https:\/\/newsvirali.it\/2024\/11\/06\/tenta-di-aprire-la-porta-di-emergenza-dellaereo-passeggeri-lo-bloccano-con-la-forza\/","url":"https:\/\/newsvirali.it\/2024\/11\/06\/tenta-di-aprire-la-porta-di-emergenza-dellaereo-passeggeri-lo-bloccano-con-la-forza\/","name":"Tenta di aprire la porta di emergenza dell'aereo, passeggeri lo bloccano con la forza","isPartOf":{"@id":"https:\/\/newsvirali.it\/fr\/#website"},"primaryImageOfPage":{"@id":"https:\/\/newsvirali.it\/2024\/11\/06\/tenta-di-aprire-la-porta-di-emergenza-dellaereo-passeggeri-lo-bloccano-con-la-forza\/#primaryimage"},"image":{"@id":"https:\/\/newsvirali.it\/2024\/11\/06\/tenta-di-aprire-la-porta-di-emergenza-dellaereo-passeggeri-lo-bloccano-con-la-forza\/#primaryimage"},"thumbnailUrl":"https:\/\/newsvirali.it\/wp-content\/uploads\/2024\/11\/Tenta-di-aprire-la-porta-di-emergenza-dellaereo-passeggeri-lo-bloccano-con-la-forza-1.jpg","datePublished":"2024-11-06T01:32:41+00:00","dateModified":"2024-11-06T01:32:42+00:00","author":{"@id":"https:\/\/newsvirali.it\/fr\/#\/schema\/person\/4c835f7b49c9adb58b33901ee816565d"},"breadcrumb":{"@id":"https:\/\/newsvirali.it\/2024\/11\/06\/tenta-di-aprire-la-porta-di-emergenza-dellaereo-passeggeri-lo-bloccano-con-la-forza\/#breadcrumb"},"inLanguage":"de","potentialAction":[{"@type":"ReadAction","target":["https:\/\/newsvirali.it\/2024\/11\/06\/tenta-di-aprire-la-porta-di-emergenza-dellaereo-passeggeri-lo-bloccano-con-la-forza\/"]}]},{"@type":"ImageObject","inLanguage":"de","@id":"https:\/\/newsvirali.it\/2024\/11\/06\/tenta-di-aprire-la-porta-di-emergenza-dellaereo-passeggeri-lo-bloccano-con-la-forza\/#primaryimage","url":"https:\/\/newsvirali.it\/wp-content\/uploads\/2024\/11\/Tenta-di-aprire-la-porta-di-emergenza-dellaereo-passeggeri-lo-bloccano-con-la-forza-1.jpg","contentUrl":"https:\/\/newsvirali.it\/wp-content\/uploads\/2024\/11\/Tenta-di-aprire-la-porta-di-emergenza-dellaereo-passeggeri-lo-bloccano-con-la-forza-1.jpg","width":2160,"height":1440,"caption":"Tenta di aprire la porta di emergenza dell'aereo, passeggeri lo bloccano con la forza"},{"@type":"BreadcrumbList","@id":"https:\/\/newsvirali.it\/2024\/11\/06\/tenta-di-aprire-la-porta-di-emergenza-dellaereo-passeggeri-lo-bloccano-con-la-forza\/#breadcrumb","itemListElement":[{"@type":"ListItem","position":1,"name":"Home","item":"https:\/\/newsvirali.it\/fr\/"},{"@type":"ListItem","position":2,"name":"Tenta di aprire la porta di emergenza dell&#8217;aereo, passeggeri lo bloccano con la forza"}]},{"@type":"WebSite","@id":"https:\/\/newsvirali.it\/fr\/#website","url":"https:\/\/newsvirali.it\/fr\/","name":"Bake News","description":"","potentialAction":[{"@type":"SearchAction","target":{"@type":"EntryPoint","urlTemplate":"https:\/\/newsvirali.it\/fr\/?s={search_term_string}"},"query-input":{"@type":"PropertyValueSpecification","valueRequired":true,"valueName":"search_term_string"}}],"inLanguage":"de"},{"@type":"Person","@id":"https:\/\/newsvirali.it\/fr\/#\/schema\/person\/4c835f7b49c9adb58b33901ee816565d","name":"Cecco Prestina","description":"Perch\u00e9 nasconderlo? Cecco Prestina \u00e8 un alias, ma dietro di lui non si cela un algoritmo di intelligenza artificiale. C'\u00e8 un giornalista che ha oltre vent'anni di esperienza tutta sul web. Da quando il primo modem ha iniziato a gracchiare sul territorio italiano con Video on Line, Cecco ha capito che da quel doppino sarebbe passato il futuro. Ha dedidicato tutta la sua carriera a capire Internet e poi i social e ora l'Ai. Una carriera in costante aggiornamento. E questa esperienza la mette in campo ogni giorno. Per\u00f2 ogni tanto Cecco ha voglia anche di non scrivere \"pipponi\" sulla politica, sull'economia. Ha voglia anche di scrivere qualcosa di divertente. Le notizie che trovate su Bake News sono le stesse che Cecco porta all'aperitivo con gli amici. Quelle di cui discutere per farsi due risate. Notizie, vere (qualche volta si fa fatica a crederlo), strane, divertenti, ma anche serie. Bake News \u00e8 nato per questo, dare al pubblico notizie croccanti e calde come il pane che esce dal forno. E Cecco Prestina \u00e8 nato con Bake News.","url":"https:\/\/newsvirali.it\/de\/autore\/cecco-prestina\/"}]}},"_links":{"self":[{"href":"https:\/\/newsvirali.it\/de\/wp-json\/wp\/v2\/posts\/49795","targetHints":{"allow":["GET"]}}],"collection":[{"href":"https:\/\/newsvirali.it\/de\/wp-json\/wp\/v2\/posts"}],"about":[{"href":"https:\/\/newsvirali.it\/de\/wp-json\/wp\/v2\/types\/post"}],"author":[{"embeddable":true,"href":"https:\/\/newsvirali.it\/de\/wp-json\/wp\/v2\/users\/4"}],"replies":[{"embeddable":true,"href":"https:\/\/newsvirali.it\/de\/wp-json\/wp\/v2\/comments?post=49795"}],"version-history":[{"count":3,"href":"https:\/\/newsvirali.it\/de\/wp-json\/wp\/v2\/posts\/49795\/revisions"}],"predecessor-version":[{"id":49825,"href":"https:\/\/newsvirali.it\/de\/wp-json\/wp\/v2\/posts\/49795\/revisions\/49825"}],"wp:featuredmedia":[{"embeddable":true,"href":"https:\/\/newsvirali.it\/de\/wp-json\/wp\/v2\/media\/49796"}],"wp:attachment":[{"href":"https:\/\/newsvirali.it\/de\/wp-json\/wp\/v2\/media?parent=49795"}],"wp:term":[{"taxonomy":"category","embeddable":true,"href":"https:\/\/newsvirali.it\/de\/wp-json\/wp\/v2\/categories?post=49795"},{"taxonomy":"post_tag","embeddable":true,"href":"https:\/\/newsvirali.it\/de\/wp-json\/wp\/v2\/tags?post=49795"}],"curies":[{"name":"wp","href":"https:\/\/api.w.org\/{rel}","templated":true}]}}