{"id":44550,"date":"2024-09-23T09:36:44","date_gmt":"2024-09-23T07:36:44","guid":{"rendered":"https:\/\/www.bakenews.it\/?p=44550"},"modified":"2024-09-23T10:28:35","modified_gmt":"2024-09-23T08:28:35","slug":"ciclista-aggredito-automobilista-infuriato-lo-strangola-in-strada-video-shock","status":"publish","type":"post","link":"https:\/\/newsvirali.it\/de\/2024\/09\/23\/radfahrer-angegriffen-wutender-autofahrer-erwurgt-ihn-auf-der-strase-schockvideo\/","title":{"rendered":"Radfahrer angegriffen, w\u00fctender Autofahrer erw\u00fcrgt ihn auf der Stra\u00dfe: schockierendes Video"},"content":{"rendered":"<p>Die Polizei untersucht einen schrecklichen Vorfall, bei dem ein Radfahrer von einem w\u00fctenden Autofahrer angegriffen, erw\u00fcrgt und zu Boden geworfen wurde. Beunruhigende Bilder, die in den sozialen Medien ver\u00f6ffentlicht wurden, zeigten den schrecklichen Angriff, der im historischen Zentrum von Edinburgh stattfand. Das Video zeigt den 34-j\u00e4hrigen Radfahrer, der vor einem wei\u00dfen Auto in High School Wynd steht und mit einer Beifahrerin spricht. Irgendwann erscheint der w\u00fctende Fahrer, der zuerst hupt, dann aus dem Fahrzeug steigt und drohend ankommt.<\/p>\n\n\n\n<p><strong>LESEN SIE AUCH<\/strong><\/p>\n\n\n\n<ul class=\"wp-block-list\">\n<li><a href=\"https:\/\/www.bakenews.it\/2024\/05\/14\/tunisino-palpeggia-donna-in-tram-aggredito-dai-passeggeri-mozzato-un-braccio\/\">Tunesier begrapscht Frau in Stra\u00dfenbahn, wird von Fahrg\u00e4sten angegriffen: Arm abgetrennt<\/a><\/li>\n\n\n\n<li><a href=\"https:\/\/www.bakenews.it\/2024\/08\/02\/ciclista-schiacciata-da-altoparlante-a-pochi-metri-dal-traguardo-morta-in-diretta\/\">Radfahrer wenige Meter vor der Ziellinie von Lautsprecher niedergequetscht: lebend tot<\/a><\/li>\n\n\n\n<li><a href=\"https:\/\/www.bakenews.it\/2024\/06\/18\/si-filma-mentre-travolge-volontariamente-ciclista-poi-diffonde-video-sui-social\/\">Er filmt, wie er freiwillig einen Radfahrer \u00fcberf\u00e4hrt und verbreitet das Video anschlie\u00dfend in den sozialen Medien<\/a><\/li>\n<\/ul>\n\n\n\n<h2 class=\"wp-block-heading\" id=\"h-ciclista-aggredito-da-automobilista-dopo-lite-stradale\">Radfahrer nach Verkehrsstreit von Autofahrer angegriffen<\/h2>\n\n\n\n<p>Der Mann auf dem Fahrrad schien einen heftigen Streit mit der Frau zu haben, die einen blauen Kapuzenpullover und eine graue Jogginghose trug. Zu diesem Zeitpunkt stieg der Mann, der das Fahrzeug fuhr, w\u00fctend aus dem Auto und ging auf den Radfahrer zu. Dann startete er einen schrecklichen Angriff auf den Radfahrer, packte ihn mit beiden H\u00e4nden am Hals und warf ihn dann zu Boden.<\/p>\n\n\n\n<p>Der Radfahrer blieb auf dem Boden liegen, w\u00e4hrend Fahrer und Beifahrer zum Fahrzeug zur\u00fcckkehrten, an dessen Windschutzscheibe ein f\u00fcr Fahrlehrer typisches \u00dcbungsschild angebracht war. Der Mann auf dem Fahrrad h\u00e4lt sich den Kopf, nachdem er auf die Stra\u00dfe geworfen wurde.<\/p>\n\n\n\n<blockquote class=\"reddit-embed-bq\" style=\"height:500px\" data-embed-height=\"739\"><a href=\"https:\/\/www.reddit.com\/r\/PublicFreakout\/comments\/1flo4r4\/road_rage_assault_in_edinburgh\/\">Raserei im Stra\u00dfenverkehr in Edinburgh <\/a><br> von<a href=\"https:\/\/www.reddit.com\/user\/Why_U_Questioning\/\">u\/Why_U_Questioning<\/a> In<a href=\"https:\/\/www.reddit.com\/r\/PublicFreakout\/\">PublicFreakout<\/a><\/blockquote><script async=\"\" src=\"https:\/\/embed.reddit.com\/widgets.js\" charset=\"UTF-8\"><\/script>\n\n\n\n<p>Bei dem heftigen Stra\u00dfenangriff wurden auch einige Teile seines Fahrrads auf der Stra\u00dfe zerst\u00f6rt. Rettungsdienste kamen dem Radfahrer schnell zu Hilfe und die Polizei best\u00e4tigte, dass sie den Angriff untersucht. Die Ermittler best\u00e4tigten au\u00dferdem, dass der Mann zur Untersuchung seiner Verletzungen ins Krankenhaus gebracht wurde.<\/p>\n\n\n\n<p>Ein Sprecher von Police Scotland sagte: \u201eAm Freitag, dem 20. September 2024, gegen 18.25 Uhr erhielten wir die Meldung, dass ein Radfahrer w\u00e4hrend einer Auseinandersetzung mit dem Fahrer eines Autos an der High School Wynd in Edinburgh angegriffen wurde. Das 34-j\u00e4hrige Opfer wurde zur Kontrolle ins Krankenhaus gebracht und die Beamten verfolgen positive Ermittlungsergebnisse im Zusammenhang mit dem Unfall.\u201c<\/p>\n<br \/>Folgen Sie uns auch auf Google News: <b><a href=\"https:\/\/news.google.com\/publications\/CAAqBwgKMNqJiwswjMfqAg?hl=it&gl=IT&ceid=IT:it\" target=\"_blank\">klicken Sie hier<\/a><\/b>","protected":false},"excerpt":{"rendered":"<p>Die Polizei untersucht einen schrecklichen Vorfall, bei dem ein Radfahrer angegriffen, erw\u00fcrgt und zu Boden geworfen wurde.<\/p>","protected":false},"author":4,"featured_media":44551,"comment_status":"closed","ping_status":"open","sticky":false,"template":"","format":"standard","meta":{"MSN_Categories":"Uncategorized","MSN_Publish_Option":false,"MSN_Is_Local_News":false,"MSN_Is_AIAC_Included":"Empty","MSN_Location":"[]","MSN_Add_Feature_Img_On_Top_Of_Post":false,"MSN_Has_Custom_Author":false,"MSN_Custom_Author":"","MSN_Has_Custom_Canonical_Url":false,"MSN_Custom_Canonical_Url":"","footnotes":""},"categories":[9],"tags":[],"class_list":["post-44550","post","type-post","status-publish","format-standard","has-post-thumbnail","hentry","category-mondo"],"acf":[],"yoast_head":"<!-- This site is optimized with the Yoast SEO Premium plugin v26.7 (Yoast SEO v26.7) - https:\/\/yoast.com\/wordpress\/plugins\/seo\/ -->\n<title>Ciclista aggredito, automobilista infuriato lo strangola in strada: video shock<\/title>\n<meta name=\"description\" content=\"La polizia indaga su un terrificante episodio ai danni di un ciclista, aggredito, strangolato e scaraventato a terra da un automobilista.\" \/>\n<meta name=\"robots\" content=\"index, follow, max-snippet:-1, max-image-preview:large, max-video-preview:-1\" \/>\n<link rel=\"canonical\" href=\"https:\/\/newsvirali.it\/de\/2024\/09\/23\/radfahrer-angegriffen-wutender-autofahrer-erwurgt-ihn-auf-der-strase-schockvideo\/\" \/>\n<meta property=\"og:locale\" content=\"de_DE\" \/>\n<meta property=\"og:type\" content=\"article\" \/>\n<meta property=\"og:title\" content=\"Ciclista aggredito, automobilista infuriato lo strangola in strada: video shock\" \/>\n<meta property=\"og:description\" content=\"La polizia indaga su un terrificante episodio ai danni di un ciclista, aggredito, strangolato e scaraventato a terra da un automobilista.\" \/>\n<meta property=\"og:url\" content=\"https:\/\/newsvirali.it\/de\/2024\/09\/23\/radfahrer-angegriffen-wutender-autofahrer-erwurgt-ihn-auf-der-strase-schockvideo\/\" \/>\n<meta property=\"og:site_name\" content=\"News virali\" \/>\n<meta property=\"article:published_time\" content=\"2024-09-23T07:36:44+00:00\" \/>\n<meta property=\"article:modified_time\" content=\"2024-09-23T08:28:35+00:00\" \/>\n<meta property=\"og:image\" content=\"https:\/\/newsvirali.it\/wp-content\/uploads\/2024\/09\/Ciclista-aggredito-automobilista-ricercato-dalla-polizia-video-shock-1.jpg\" \/>\n\t<meta property=\"og:image:width\" content=\"600\" \/>\n\t<meta property=\"og:image:height\" content=\"400\" \/>\n\t<meta property=\"og:image:type\" content=\"image\/jpeg\" \/>\n<meta name=\"author\" content=\"Cecco Prestina\" \/>\n<meta name=\"twitter:card\" content=\"summary_large_image\" \/>\n<meta name=\"twitter:label1\" content=\"Verfasst von\" \/>\n\t<meta name=\"twitter:data1\" content=\"Cecco Prestina\" \/>\n\t<meta name=\"twitter:label2\" content=\"Gesch\u00e4tzte Lesezeit\" \/>\n\t<meta name=\"twitter:data2\" content=\"2\u00a0Minuten\" \/>\n<script type=\"application\/ld+json\" class=\"yoast-schema-graph\">{\"@context\":\"https:\/\/schema.org\",\"@graph\":[{\"@type\":\"NewsArticle\",\"@id\":\"https:\/\/newsvirali.it\/de\/2024\/09\/23\/radfahrer-angegriffen-wutender-autofahrer-erwurgt-ihn-auf-der-strase-schockvideo\/#article\",\"isPartOf\":{\"@id\":\"https:\/\/newsvirali.it\/de\/2024\/09\/23\/radfahrer-angegriffen-wutender-autofahrer-erwurgt-ihn-auf-der-strase-schockvideo\/\"},\"author\":{\"name\":\"Cecco Prestina\",\"@id\":\"https:\/\/newsvirali.it\/fr\/#\/schema\/person\/4c835f7b49c9adb58b33901ee816565d\"},\"headline\":\"Ciclista aggredito, automobilista infuriato lo strangola in strada: video shock\",\"datePublished\":\"2024-09-23T07:36:44+00:00\",\"dateModified\":\"2024-09-23T08:28:35+00:00\",\"mainEntityOfPage\":{\"@id\":\"https:\/\/newsvirali.it\/de\/2024\/09\/23\/radfahrer-angegriffen-wutender-autofahrer-erwurgt-ihn-auf-der-strase-schockvideo\/\"},\"wordCount\":371,\"image\":{\"@id\":\"https:\/\/newsvirali.it\/de\/2024\/09\/23\/radfahrer-angegriffen-wutender-autofahrer-erwurgt-ihn-auf-der-strase-schockvideo\/#primaryimage\"},\"thumbnailUrl\":\"https:\/\/newsvirali.it\/wp-content\/uploads\/2024\/09\/Ciclista-aggredito-automobilista-ricercato-dalla-polizia-video-shock-1.jpg\",\"articleSection\":[\"Mondo\"],\"inLanguage\":\"de\",\"copyrightYear\":\"2024\",\"copyrightHolder\":{\"@id\":\"https:\/\/newsvirali.it\/de\/#organization\"}},{\"@type\":\"WebPage\",\"@id\":\"https:\/\/newsvirali.it\/de\/2024\/09\/23\/radfahrer-angegriffen-wutender-autofahrer-erwurgt-ihn-auf-der-strase-schockvideo\/\",\"url\":\"https:\/\/newsvirali.it\/de\/2024\/09\/23\/radfahrer-angegriffen-wutender-autofahrer-erwurgt-ihn-auf-der-strase-schockvideo\/\",\"name\":\"Ciclista aggredito, automobilista infuriato lo strangola in strada: video shock\",\"isPartOf\":{\"@id\":\"https:\/\/newsvirali.it\/fr\/#website\"},\"primaryImageOfPage\":{\"@id\":\"https:\/\/newsvirali.it\/de\/2024\/09\/23\/radfahrer-angegriffen-wutender-autofahrer-erwurgt-ihn-auf-der-strase-schockvideo\/#primaryimage\"},\"image\":{\"@id\":\"https:\/\/newsvirali.it\/de\/2024\/09\/23\/radfahrer-angegriffen-wutender-autofahrer-erwurgt-ihn-auf-der-strase-schockvideo\/#primaryimage\"},\"thumbnailUrl\":\"https:\/\/newsvirali.it\/wp-content\/uploads\/2024\/09\/Ciclista-aggredito-automobilista-ricercato-dalla-polizia-video-shock-1.jpg\",\"datePublished\":\"2024-09-23T07:36:44+00:00\",\"dateModified\":\"2024-09-23T08:28:35+00:00\",\"author\":{\"@id\":\"https:\/\/newsvirali.it\/fr\/#\/schema\/person\/4c835f7b49c9adb58b33901ee816565d\"},\"description\":\"La polizia indaga su un terrificante episodio ai danni di un ciclista, aggredito, strangolato e scaraventato a terra da un automobilista.\",\"breadcrumb\":{\"@id\":\"https:\/\/newsvirali.it\/de\/2024\/09\/23\/radfahrer-angegriffen-wutender-autofahrer-erwurgt-ihn-auf-der-strase-schockvideo\/#breadcrumb\"},\"inLanguage\":\"de\",\"potentialAction\":[{\"@type\":\"ReadAction\",\"target\":[\"https:\/\/newsvirali.it\/de\/2024\/09\/23\/radfahrer-angegriffen-wutender-autofahrer-erwurgt-ihn-auf-der-strase-schockvideo\/\"]}]},{\"@type\":\"ImageObject\",\"inLanguage\":\"de\",\"@id\":\"https:\/\/newsvirali.it\/de\/2024\/09\/23\/radfahrer-angegriffen-wutender-autofahrer-erwurgt-ihn-auf-der-strase-schockvideo\/#primaryimage\",\"url\":\"https:\/\/newsvirali.it\/wp-content\/uploads\/2024\/09\/Ciclista-aggredito-automobilista-ricercato-dalla-polizia-video-shock-1.jpg\",\"contentUrl\":\"https:\/\/newsvirali.it\/wp-content\/uploads\/2024\/09\/Ciclista-aggredito-automobilista-ricercato-dalla-polizia-video-shock-1.jpg\",\"width\":600,\"height\":400,\"caption\":\"Ciclista aggredito, automobilista infuriato lo strangola in strada: video shock\"},{\"@type\":\"BreadcrumbList\",\"@id\":\"https:\/\/newsvirali.it\/de\/2024\/09\/23\/radfahrer-angegriffen-wutender-autofahrer-erwurgt-ihn-auf-der-strase-schockvideo\/#breadcrumb\",\"itemListElement\":[{\"@type\":\"ListItem\",\"position\":1,\"name\":\"Home\",\"item\":\"https:\/\/newsvirali.it\/fr\/\"},{\"@type\":\"ListItem\",\"position\":2,\"name\":\"Ciclista aggredito, automobilista infuriato lo strangola in strada: video shock\"}]},{\"@type\":\"WebSite\",\"@id\":\"https:\/\/newsvirali.it\/fr\/#website\",\"url\":\"https:\/\/newsvirali.it\/fr\/\",\"name\":\"Bake News\",\"description\":\"\",\"potentialAction\":[{\"@type\":\"SearchAction\",\"target\":{\"@type\":\"EntryPoint\",\"urlTemplate\":\"https:\/\/newsvirali.it\/fr\/?s={search_term_string}\"},\"query-input\":{\"@type\":\"PropertyValueSpecification\",\"valueRequired\":true,\"valueName\":\"search_term_string\"}}],\"inLanguage\":\"de\"},{\"@type\":\"Person\",\"@id\":\"https:\/\/newsvirali.it\/fr\/#\/schema\/person\/4c835f7b49c9adb58b33901ee816565d\",\"name\":\"Cecco Prestina\",\"description\":\"Perch\u00e9 nasconderlo? Cecco Prestina \u00e8 un alias, ma dietro di lui non si cela un algoritmo di intelligenza artificiale. C'\u00e8 un giornalista che ha oltre vent'anni di esperienza tutta sul web. Da quando il primo modem ha iniziato a gracchiare sul territorio italiano con Video on Line, Cecco ha capito che da quel doppino sarebbe passato il futuro. Ha dedidicato tutta la sua carriera a capire Internet e poi i social e ora l'Ai. Una carriera in costante aggiornamento. E questa esperienza la mette in campo ogni giorno. Per\u00f2 ogni tanto Cecco ha voglia anche di non scrivere \\\"pipponi\\\" sulla politica, sull'economia. Ha voglia anche di scrivere qualcosa di divertente. Le notizie che trovate su Bake News sono le stesse che Cecco porta all'aperitivo con gli amici. Quelle di cui discutere per farsi due risate. Notizie, vere (qualche volta si fa fatica a crederlo), strane, divertenti, ma anche serie. Bake News \u00e8 nato per questo, dare al pubblico notizie croccanti e calde come il pane che esce dal forno. E Cecco Prestina \u00e8 nato con Bake News.\",\"url\":\"https:\/\/newsvirali.it\/de\/autore\/cecco-prestina\/\"}]}<\/script>\n<!-- \/ Yoast SEO Premium plugin. -->","yoast_head_json":{"title":"Ciclista aggredito, automobilista infuriato lo strangola in strada: video shock","description":"La polizia indaga su un terrificante episodio ai danni di un ciclista, aggredito, strangolato e scaraventato a terra da un automobilista.","robots":{"index":"index","follow":"follow","max-snippet":"max-snippet:-1","max-image-preview":"max-image-preview:large","max-video-preview":"max-video-preview:-1"},"canonical":"https:\/\/newsvirali.it\/de\/2024\/09\/23\/radfahrer-angegriffen-wutender-autofahrer-erwurgt-ihn-auf-der-strase-schockvideo\/","og_locale":"de_DE","og_type":"article","og_title":"Ciclista aggredito, automobilista infuriato lo strangola in strada: video shock","og_description":"La polizia indaga su un terrificante episodio ai danni di un ciclista, aggredito, strangolato e scaraventato a terra da un automobilista.","og_url":"https:\/\/newsvirali.it\/de\/2024\/09\/23\/radfahrer-angegriffen-wutender-autofahrer-erwurgt-ihn-auf-der-strase-schockvideo\/","og_site_name":"News virali","article_published_time":"2024-09-23T07:36:44+00:00","article_modified_time":"2024-09-23T08:28:35+00:00","og_image":[{"width":600,"height":400,"url":"https:\/\/newsvirali.it\/wp-content\/uploads\/2024\/09\/Ciclista-aggredito-automobilista-ricercato-dalla-polizia-video-shock-1.jpg","type":"image\/jpeg"}],"author":"Cecco Prestina","twitter_card":"summary_large_image","twitter_misc":{"Verfasst von":"Cecco Prestina","Gesch\u00e4tzte Lesezeit":"2\u00a0Minuten"},"schema":{"@context":"https:\/\/schema.org","@graph":[{"@type":"NewsArticle","@id":"https:\/\/newsvirali.it\/de\/2024\/09\/23\/radfahrer-angegriffen-wutender-autofahrer-erwurgt-ihn-auf-der-strase-schockvideo\/#article","isPartOf":{"@id":"https:\/\/newsvirali.it\/de\/2024\/09\/23\/radfahrer-angegriffen-wutender-autofahrer-erwurgt-ihn-auf-der-strase-schockvideo\/"},"author":{"name":"Cecco Prestina","@id":"https:\/\/newsvirali.it\/fr\/#\/schema\/person\/4c835f7b49c9adb58b33901ee816565d"},"headline":"Ciclista aggredito, automobilista infuriato lo strangola in strada: video shock","datePublished":"2024-09-23T07:36:44+00:00","dateModified":"2024-09-23T08:28:35+00:00","mainEntityOfPage":{"@id":"https:\/\/newsvirali.it\/de\/2024\/09\/23\/radfahrer-angegriffen-wutender-autofahrer-erwurgt-ihn-auf-der-strase-schockvideo\/"},"wordCount":371,"image":{"@id":"https:\/\/newsvirali.it\/de\/2024\/09\/23\/radfahrer-angegriffen-wutender-autofahrer-erwurgt-ihn-auf-der-strase-schockvideo\/#primaryimage"},"thumbnailUrl":"https:\/\/newsvirali.it\/wp-content\/uploads\/2024\/09\/Ciclista-aggredito-automobilista-ricercato-dalla-polizia-video-shock-1.jpg","articleSection":["Mondo"],"inLanguage":"de","copyrightYear":"2024","copyrightHolder":{"@id":"https:\/\/newsvirali.it\/de\/#organization"}},{"@type":"WebPage","@id":"https:\/\/newsvirali.it\/de\/2024\/09\/23\/radfahrer-angegriffen-wutender-autofahrer-erwurgt-ihn-auf-der-strase-schockvideo\/","url":"https:\/\/newsvirali.it\/de\/2024\/09\/23\/radfahrer-angegriffen-wutender-autofahrer-erwurgt-ihn-auf-der-strase-schockvideo\/","name":"Ciclista aggredito, automobilista infuriato lo strangola in strada: video shock","isPartOf":{"@id":"https:\/\/newsvirali.it\/fr\/#website"},"primaryImageOfPage":{"@id":"https:\/\/newsvirali.it\/de\/2024\/09\/23\/radfahrer-angegriffen-wutender-autofahrer-erwurgt-ihn-auf-der-strase-schockvideo\/#primaryimage"},"image":{"@id":"https:\/\/newsvirali.it\/de\/2024\/09\/23\/radfahrer-angegriffen-wutender-autofahrer-erwurgt-ihn-auf-der-strase-schockvideo\/#primaryimage"},"thumbnailUrl":"https:\/\/newsvirali.it\/wp-content\/uploads\/2024\/09\/Ciclista-aggredito-automobilista-ricercato-dalla-polizia-video-shock-1.jpg","datePublished":"2024-09-23T07:36:44+00:00","dateModified":"2024-09-23T08:28:35+00:00","author":{"@id":"https:\/\/newsvirali.it\/fr\/#\/schema\/person\/4c835f7b49c9adb58b33901ee816565d"},"description":"La polizia indaga su un terrificante episodio ai danni di un ciclista, aggredito, strangolato e scaraventato a terra da un automobilista.","breadcrumb":{"@id":"https:\/\/newsvirali.it\/de\/2024\/09\/23\/radfahrer-angegriffen-wutender-autofahrer-erwurgt-ihn-auf-der-strase-schockvideo\/#breadcrumb"},"inLanguage":"de","potentialAction":[{"@type":"ReadAction","target":["https:\/\/newsvirali.it\/de\/2024\/09\/23\/radfahrer-angegriffen-wutender-autofahrer-erwurgt-ihn-auf-der-strase-schockvideo\/"]}]},{"@type":"ImageObject","inLanguage":"de","@id":"https:\/\/newsvirali.it\/de\/2024\/09\/23\/radfahrer-angegriffen-wutender-autofahrer-erwurgt-ihn-auf-der-strase-schockvideo\/#primaryimage","url":"https:\/\/newsvirali.it\/wp-content\/uploads\/2024\/09\/Ciclista-aggredito-automobilista-ricercato-dalla-polizia-video-shock-1.jpg","contentUrl":"https:\/\/newsvirali.it\/wp-content\/uploads\/2024\/09\/Ciclista-aggredito-automobilista-ricercato-dalla-polizia-video-shock-1.jpg","width":600,"height":400,"caption":"Ciclista aggredito, automobilista infuriato lo strangola in strada: video shock"},{"@type":"BreadcrumbList","@id":"https:\/\/newsvirali.it\/de\/2024\/09\/23\/radfahrer-angegriffen-wutender-autofahrer-erwurgt-ihn-auf-der-strase-schockvideo\/#breadcrumb","itemListElement":[{"@type":"ListItem","position":1,"name":"Home","item":"https:\/\/newsvirali.it\/fr\/"},{"@type":"ListItem","position":2,"name":"Ciclista aggredito, automobilista infuriato lo strangola in strada: video shock"}]},{"@type":"WebSite","@id":"https:\/\/newsvirali.it\/fr\/#website","url":"https:\/\/newsvirali.it\/fr\/","name":"Bake News","description":"","potentialAction":[{"@type":"SearchAction","target":{"@type":"EntryPoint","urlTemplate":"https:\/\/newsvirali.it\/fr\/?s={search_term_string}"},"query-input":{"@type":"PropertyValueSpecification","valueRequired":true,"valueName":"search_term_string"}}],"inLanguage":"de"},{"@type":"Person","@id":"https:\/\/newsvirali.it\/fr\/#\/schema\/person\/4c835f7b49c9adb58b33901ee816565d","name":"Cecco Prestina","description":"Perch\u00e9 nasconderlo? Cecco Prestina \u00e8 un alias, ma dietro di lui non si cela un algoritmo di intelligenza artificiale. C'\u00e8 un giornalista che ha oltre vent'anni di esperienza tutta sul web. Da quando il primo modem ha iniziato a gracchiare sul territorio italiano con Video on Line, Cecco ha capito che da quel doppino sarebbe passato il futuro. Ha dedidicato tutta la sua carriera a capire Internet e poi i social e ora l'Ai. Una carriera in costante aggiornamento. E questa esperienza la mette in campo ogni giorno. Per\u00f2 ogni tanto Cecco ha voglia anche di non scrivere \"pipponi\" sulla politica, sull'economia. Ha voglia anche di scrivere qualcosa di divertente. Le notizie che trovate su Bake News sono le stesse che Cecco porta all'aperitivo con gli amici. Quelle di cui discutere per farsi due risate. Notizie, vere (qualche volta si fa fatica a crederlo), strane, divertenti, ma anche serie. Bake News \u00e8 nato per questo, dare al pubblico notizie croccanti e calde come il pane che esce dal forno. E Cecco Prestina \u00e8 nato con Bake News.","url":"https:\/\/newsvirali.it\/de\/autore\/cecco-prestina\/"}]}},"_links":{"self":[{"href":"https:\/\/newsvirali.it\/de\/wp-json\/wp\/v2\/posts\/44550","targetHints":{"allow":["GET"]}}],"collection":[{"href":"https:\/\/newsvirali.it\/de\/wp-json\/wp\/v2\/posts"}],"about":[{"href":"https:\/\/newsvirali.it\/de\/wp-json\/wp\/v2\/types\/post"}],"author":[{"embeddable":true,"href":"https:\/\/newsvirali.it\/de\/wp-json\/wp\/v2\/users\/4"}],"replies":[{"embeddable":true,"href":"https:\/\/newsvirali.it\/de\/wp-json\/wp\/v2\/comments?post=44550"}],"version-history":[{"count":3,"href":"https:\/\/newsvirali.it\/de\/wp-json\/wp\/v2\/posts\/44550\/revisions"}],"predecessor-version":[{"id":44584,"href":"https:\/\/newsvirali.it\/de\/wp-json\/wp\/v2\/posts\/44550\/revisions\/44584"}],"wp:featuredmedia":[{"embeddable":true,"href":"https:\/\/newsvirali.it\/de\/wp-json\/wp\/v2\/media\/44551"}],"wp:attachment":[{"href":"https:\/\/newsvirali.it\/de\/wp-json\/wp\/v2\/media?parent=44550"}],"wp:term":[{"taxonomy":"category","embeddable":true,"href":"https:\/\/newsvirali.it\/de\/wp-json\/wp\/v2\/categories?post=44550"},{"taxonomy":"post_tag","embeddable":true,"href":"https:\/\/newsvirali.it\/de\/wp-json\/wp\/v2\/tags?post=44550"}],"curies":[{"name":"wp","href":"https:\/\/api.w.org\/{rel}","templated":true}]}}