{"id":43520,"date":"2024-09-17T13:00:25","date_gmt":"2024-09-17T11:00:25","guid":{"rendered":"https:\/\/www.bakenews.it\/?p=43520"},"modified":"2024-10-03T11:16:38","modified_gmt":"2024-10-03T09:16:38","slug":"brutale-vendetta-russa-prigioniero-ucraino-giustiziato-con-spada-medievale","status":"publish","type":"post","link":"https:\/\/newsvirali.it\/de\/2024\/09\/17\/brutaler-russischer-racheukrainischer-gefangener-mit-mittelalterlichem-schwert-hingerichtet\/","title":{"rendered":"Brutale russische Rache, ukrainischer Gefangener mit mittelalterlichem Schwert hingerichtet"},"content":{"rendered":"<p>Nach Angaben der Kiewer Regierung haben russische Soldaten einen ukrainischen Kriegsgefangenen mit einem mittelalterlichen Schwert hingerichtet, um den \u00dcberfall auf Kursk zu r\u00e4chen. Auf Telegram kursieren dramatische Bilder, die einen ukrainischen Soldaten zeigen, der in einer Blutlache liegt, nachdem er von seinen russischen H\u00e4schern mit einer primitiven Waffe erstochen wurde. \u201eEs ist unm\u00f6glich, das Ausma\u00df der Barbarei zu verstehen\u201c, sagte Dmytro Lubinets, Menschenrechtsbeauftragter des ukrainischen Parlaments.<\/p>\n\n\n\n<p><strong>LESEN SIE AUCH<\/strong><\/p>\n\n\n\n<ul class=\"wp-block-list\">\n<li><a href=\"https:\/\/www.bakenews.it\/2024\/09\/03\/ucraina-truppe-russe-carbonizzate-col-drone-lanciafiamme-il-video-shock\/\">Russische Truppen in der Ukraine durch Flammenwerfer-Drohne verbrannt: das schockierende Video<\/a><\/li>\n\n\n\n<li><a href=\"https:\/\/www.bakenews.it\/2024\/02\/26\/navalny-lucraina-assolve-putin-non-lo-ha-ucciso-ecco-come-e-morto\/\">Nawalny und die Ukraine sprechen Putin frei: \u201eEs hat ihn nicht get\u00f6tet, so ist er gestorben\u201c<\/a><\/li>\n\n\n\n<li><a href=\"https:\/\/www.bakenews.it\/2024\/09\/16\/poche-nascite-in-russia-putin-obbliga-a-fare-lamore-sul-luogo-di-lavoro\/\">Wenige Geburten in Russland, Putin \u201ezwingt\u201c, am Arbeitsplatz Liebe zu machen<\/a><\/li>\n<\/ul>\n\n\n\n<h2 class=\"wp-block-heading\" id=\"h-soldato-ucraino-giustiziato-con-spada-medievale\">Ukrainischer Soldat mit mittelalterlichem Schwert hingerichtet<\/h2>\n\n\n\n<p>Das Schwert steckt im ukrainischen K\u00e4mpfer, dessen H\u00e4nde mit Klebeband gefesselt sind, w\u00e4hrend sein K\u00f6rper offenbar als grausige Warnung zur\u00fcckgelassen wurde. Auf der Waffe sind die Worte \u201eF\u00fcr Kursk\u201c eingepr\u00e4gt, eine Anspielung auf den \u00fcberraschenden Einmarsch der Ukraine in die russische Grenzregion, der Wladimir Putin gedem\u00fctigt hat. Lubinets meldete den Vereinten Nationen und dem Internationalen Komitee vom Roten Kreuz mutma\u00dfliche Beweise f\u00fcr Kriegsverbrechen. \u201eEin weiteres Kriegsverbrechen: Die Russen haben einen unbewaffneten ukrainischen Kriegsgefangenen mit einem Schwert und mit Klebeband an den H\u00e4nden hingerichtet\u201c, sagte der Ombudsmann.<\/p>\n\n\n\n<h2 class=\"wp-block-heading\" id=\"h-vendetta-per-kursk-la-brutale-scritta-sulla-spada\">Rache \u201ef\u00fcr Kursk\u201c, die brutale Schrift auf dem Schwert<\/h2>\n\n\n\n<p>Einigen Berichten zufolge ereignete sich der schreckliche Mord in der von Russland besetzten Region Donezk, in oder in der N\u00e4he von Nowogrodiwka. Das Schwert scheint zeremoniell oder dekorativ zu sein. Der ukrainische Sender Andryushchenko Time berichtete: \u201eDie Russen haben unseren Gefangenen auf besonders zynische Weise hingerichtet. Der Blutmenge nach zu urteilen, steckte das Schwert im noch lebenden K\u00e4mpfer. Das Klebeband ist an den Handgelenken sichtbar.<\/p>\n\n\n\n<p>Unterdessen bef\u00fcrworteten einige russische Sender die Barbarei offen. Spetskurs, ein russischer Kriegsaktivist, der paramilit\u00e4rische Lager f\u00fcr Kinder leitet, sagte: \u201eVerdienst.\u201c Der radikale Rosich aus St. Petersburg erkl\u00e4rte: \u201eWer mit einem Schwert zu uns kommt, wird durch das Schwert sterben.\u201c Obwohl die bei den T\u00f6tungen verwendete Waffe besonders barbarisch ist, sind solch schreckliche T\u00f6tungen zu einem beunruhigenden Merkmal der Kriegsf\u00fchrung geworden.<\/p>\n\n\n\n<p><strong>MEISTGELESENE ARTIKEL<\/strong><\/p>\n\n\n<p>[koko_analytics_most_viewed_posts number=5 days=8 post_type=\u201dpost\u201d show_date=\u201dfalse\u201d]<\/p>\n<br \/>Folgen Sie uns auch auf Google News: <b><a href=\"https:\/\/news.google.com\/publications\/CAAqBwgKMNqJiwswjMfqAg?hl=it&gl=IT&ceid=IT:it\" target=\"_blank\">klicken Sie hier<\/a><\/b>","protected":false},"excerpt":{"rendered":"<p>Die Kiewer Regierung sagt, dass einige russische Soldaten einen ukrainischen Kriegsgefangenen mit einem mittelalterlichen Schwert hingerichtet haben [...]<\/p>","protected":false},"author":4,"featured_media":43521,"comment_status":"closed","ping_status":"open","sticky":false,"template":"","format":"standard","meta":{"MSN_Categories":"Uncategorized","MSN_Publish_Option":false,"MSN_Is_Local_News":false,"MSN_Is_AIAC_Included":"Empty","MSN_Location":"[]","MSN_Add_Feature_Img_On_Top_Of_Post":false,"MSN_Has_Custom_Author":false,"MSN_Custom_Author":"","MSN_Has_Custom_Canonical_Url":false,"MSN_Custom_Canonical_Url":"","footnotes":""},"categories":[9],"tags":[],"class_list":["post-43520","post","type-post","status-publish","format-standard","has-post-thumbnail","hentry","category-mondo"],"acf":[],"yoast_head":"<!-- This site is optimized with the Yoast SEO Premium plugin v26.7 (Yoast SEO v26.7) - https:\/\/yoast.com\/wordpress\/plugins\/seo\/ -->\n<title>Brutale vendetta russa, prigioniero ucraino giustiziato con spada medievale<\/title>\n<meta name=\"description\" content=\"Alcuni soldati russi hanno giustiziato un prigioniero di guerra ucraino con una spada medievale per vendicare l&#039;incursione a Kursk.\" \/>\n<meta name=\"robots\" content=\"index, follow, max-snippet:-1, max-image-preview:large, max-video-preview:-1\" \/>\n<link rel=\"canonical\" href=\"https:\/\/newsvirali.it\/de\/2024\/09\/17\/brutaler-russischer-racheukrainischer-gefangener-mit-mittelalterlichem-schwert-hingerichtet\/\" \/>\n<meta property=\"og:locale\" content=\"de_DE\" \/>\n<meta property=\"og:type\" content=\"article\" \/>\n<meta property=\"og:title\" content=\"Brutale vendetta russa, prigioniero ucraino giustiziato con spada medievale\" \/>\n<meta property=\"og:description\" content=\"Alcuni soldati russi hanno giustiziato un prigioniero di guerra ucraino con una spada medievale per vendicare l&#039;incursione a Kursk.\" \/>\n<meta property=\"og:url\" content=\"https:\/\/newsvirali.it\/de\/2024\/09\/17\/brutaler-russischer-racheukrainischer-gefangener-mit-mittelalterlichem-schwert-hingerichtet\/\" \/>\n<meta property=\"og:site_name\" content=\"News virali\" \/>\n<meta property=\"article:published_time\" content=\"2024-09-17T11:00:25+00:00\" \/>\n<meta property=\"article:modified_time\" content=\"2024-10-03T09:16:38+00:00\" \/>\n<meta property=\"og:image\" content=\"https:\/\/newsvirali.it\/wp-content\/uploads\/2024\/09\/Brutale-vendetta-russa-prigioniero-ucraino-giustiziato-con-spada-medievale-1.jpg\" \/>\n\t<meta property=\"og:image:width\" content=\"2160\" \/>\n\t<meta property=\"og:image:height\" content=\"1440\" \/>\n\t<meta property=\"og:image:type\" content=\"image\/jpeg\" \/>\n<meta name=\"author\" content=\"Cecco Prestina\" \/>\n<meta name=\"twitter:card\" content=\"summary_large_image\" \/>\n<meta name=\"twitter:label1\" content=\"Verfasst von\" \/>\n\t<meta name=\"twitter:data1\" content=\"Cecco Prestina\" \/>\n\t<meta name=\"twitter:label2\" content=\"Gesch\u00e4tzte Lesezeit\" \/>\n\t<meta name=\"twitter:data2\" content=\"2\u00a0Minuten\" \/>\n<script type=\"application\/ld+json\" class=\"yoast-schema-graph\">{\"@context\":\"https:\/\/schema.org\",\"@graph\":[{\"@type\":\"NewsArticle\",\"@id\":\"https:\/\/newsvirali.it\/2024\/09\/17\/brutale-vendetta-russa-prigioniero-ucraino-giustiziato-con-spada-medievale\/#article\",\"isPartOf\":{\"@id\":\"https:\/\/newsvirali.it\/2024\/09\/17\/brutale-vendetta-russa-prigioniero-ucraino-giustiziato-con-spada-medievale\/\"},\"author\":{\"name\":\"Cecco Prestina\",\"@id\":\"https:\/\/newsvirali.it\/fr\/#\/schema\/person\/4c835f7b49c9adb58b33901ee816565d\"},\"headline\":\"Brutale vendetta russa, prigioniero ucraino giustiziato con spada medievale\",\"datePublished\":\"2024-09-17T11:00:25+00:00\",\"dateModified\":\"2024-10-03T09:16:38+00:00\",\"mainEntityOfPage\":{\"@id\":\"https:\/\/newsvirali.it\/2024\/09\/17\/brutale-vendetta-russa-prigioniero-ucraino-giustiziato-con-spada-medievale\/\"},\"wordCount\":368,\"image\":{\"@id\":\"https:\/\/newsvirali.it\/2024\/09\/17\/brutale-vendetta-russa-prigioniero-ucraino-giustiziato-con-spada-medievale\/#primaryimage\"},\"thumbnailUrl\":\"https:\/\/newsvirali.it\/wp-content\/uploads\/2024\/09\/Brutale-vendetta-russa-prigioniero-ucraino-giustiziato-con-spada-medievale-1.jpg\",\"articleSection\":[\"Mondo\"],\"inLanguage\":\"de\",\"copyrightYear\":\"2024\",\"copyrightHolder\":{\"@id\":\"https:\/\/newsvirali.it\/de\/#organization\"}},{\"@type\":\"WebPage\",\"@id\":\"https:\/\/newsvirali.it\/2024\/09\/17\/brutale-vendetta-russa-prigioniero-ucraino-giustiziato-con-spada-medievale\/\",\"url\":\"https:\/\/newsvirali.it\/2024\/09\/17\/brutale-vendetta-russa-prigioniero-ucraino-giustiziato-con-spada-medievale\/\",\"name\":\"Brutale vendetta russa, prigioniero ucraino giustiziato con spada medievale\",\"isPartOf\":{\"@id\":\"https:\/\/newsvirali.it\/fr\/#website\"},\"primaryImageOfPage\":{\"@id\":\"https:\/\/newsvirali.it\/2024\/09\/17\/brutale-vendetta-russa-prigioniero-ucraino-giustiziato-con-spada-medievale\/#primaryimage\"},\"image\":{\"@id\":\"https:\/\/newsvirali.it\/2024\/09\/17\/brutale-vendetta-russa-prigioniero-ucraino-giustiziato-con-spada-medievale\/#primaryimage\"},\"thumbnailUrl\":\"https:\/\/newsvirali.it\/wp-content\/uploads\/2024\/09\/Brutale-vendetta-russa-prigioniero-ucraino-giustiziato-con-spada-medievale-1.jpg\",\"datePublished\":\"2024-09-17T11:00:25+00:00\",\"dateModified\":\"2024-10-03T09:16:38+00:00\",\"author\":{\"@id\":\"https:\/\/newsvirali.it\/fr\/#\/schema\/person\/4c835f7b49c9adb58b33901ee816565d\"},\"description\":\"Alcuni soldati russi hanno giustiziato un prigioniero di guerra ucraino con una spada medievale per vendicare l'incursione a Kursk.\",\"breadcrumb\":{\"@id\":\"https:\/\/newsvirali.it\/2024\/09\/17\/brutale-vendetta-russa-prigioniero-ucraino-giustiziato-con-spada-medievale\/#breadcrumb\"},\"inLanguage\":\"de\",\"potentialAction\":[{\"@type\":\"ReadAction\",\"target\":[\"https:\/\/newsvirali.it\/2024\/09\/17\/brutale-vendetta-russa-prigioniero-ucraino-giustiziato-con-spada-medievale\/\"]}]},{\"@type\":\"ImageObject\",\"inLanguage\":\"de\",\"@id\":\"https:\/\/newsvirali.it\/2024\/09\/17\/brutale-vendetta-russa-prigioniero-ucraino-giustiziato-con-spada-medievale\/#primaryimage\",\"url\":\"https:\/\/newsvirali.it\/wp-content\/uploads\/2024\/09\/Brutale-vendetta-russa-prigioniero-ucraino-giustiziato-con-spada-medievale-1.jpg\",\"contentUrl\":\"https:\/\/newsvirali.it\/wp-content\/uploads\/2024\/09\/Brutale-vendetta-russa-prigioniero-ucraino-giustiziato-con-spada-medievale-1.jpg\",\"width\":2160,\"height\":1440,\"caption\":\"Brutale vendetta russa, prigioniero ucraino giustiziato con spada medievale\"},{\"@type\":\"BreadcrumbList\",\"@id\":\"https:\/\/newsvirali.it\/2024\/09\/17\/brutale-vendetta-russa-prigioniero-ucraino-giustiziato-con-spada-medievale\/#breadcrumb\",\"itemListElement\":[{\"@type\":\"ListItem\",\"position\":1,\"name\":\"Home\",\"item\":\"https:\/\/newsvirali.it\/fr\/\"},{\"@type\":\"ListItem\",\"position\":2,\"name\":\"Brutale vendetta russa, prigioniero ucraino giustiziato con spada medievale\"}]},{\"@type\":\"WebSite\",\"@id\":\"https:\/\/newsvirali.it\/fr\/#website\",\"url\":\"https:\/\/newsvirali.it\/fr\/\",\"name\":\"Bake News\",\"description\":\"\",\"potentialAction\":[{\"@type\":\"SearchAction\",\"target\":{\"@type\":\"EntryPoint\",\"urlTemplate\":\"https:\/\/newsvirali.it\/fr\/?s={search_term_string}\"},\"query-input\":{\"@type\":\"PropertyValueSpecification\",\"valueRequired\":true,\"valueName\":\"search_term_string\"}}],\"inLanguage\":\"de\"},{\"@type\":\"Person\",\"@id\":\"https:\/\/newsvirali.it\/fr\/#\/schema\/person\/4c835f7b49c9adb58b33901ee816565d\",\"name\":\"Cecco Prestina\",\"description\":\"Perch\u00e9 nasconderlo? Cecco Prestina \u00e8 un alias, ma dietro di lui non si cela un algoritmo di intelligenza artificiale. C'\u00e8 un giornalista che ha oltre vent'anni di esperienza tutta sul web. Da quando il primo modem ha iniziato a gracchiare sul territorio italiano con Video on Line, Cecco ha capito che da quel doppino sarebbe passato il futuro. Ha dedidicato tutta la sua carriera a capire Internet e poi i social e ora l'Ai. Una carriera in costante aggiornamento. E questa esperienza la mette in campo ogni giorno. Per\u00f2 ogni tanto Cecco ha voglia anche di non scrivere \\\"pipponi\\\" sulla politica, sull'economia. Ha voglia anche di scrivere qualcosa di divertente. Le notizie che trovate su Bake News sono le stesse che Cecco porta all'aperitivo con gli amici. Quelle di cui discutere per farsi due risate. Notizie, vere (qualche volta si fa fatica a crederlo), strane, divertenti, ma anche serie. Bake News \u00e8 nato per questo, dare al pubblico notizie croccanti e calde come il pane che esce dal forno. E Cecco Prestina \u00e8 nato con Bake News.\",\"url\":\"https:\/\/newsvirali.it\/de\/autore\/cecco-prestina\/\"}]}<\/script>\n<!-- \/ Yoast SEO Premium plugin. -->","yoast_head_json":{"title":"Brutale vendetta russa, prigioniero ucraino giustiziato con spada medievale","description":"Alcuni soldati russi hanno giustiziato un prigioniero di guerra ucraino con una spada medievale per vendicare l'incursione a Kursk.","robots":{"index":"index","follow":"follow","max-snippet":"max-snippet:-1","max-image-preview":"max-image-preview:large","max-video-preview":"max-video-preview:-1"},"canonical":"https:\/\/newsvirali.it\/de\/2024\/09\/17\/brutaler-russischer-racheukrainischer-gefangener-mit-mittelalterlichem-schwert-hingerichtet\/","og_locale":"de_DE","og_type":"article","og_title":"Brutale vendetta russa, prigioniero ucraino giustiziato con spada medievale","og_description":"Alcuni soldati russi hanno giustiziato un prigioniero di guerra ucraino con una spada medievale per vendicare l'incursione a Kursk.","og_url":"https:\/\/newsvirali.it\/de\/2024\/09\/17\/brutaler-russischer-racheukrainischer-gefangener-mit-mittelalterlichem-schwert-hingerichtet\/","og_site_name":"News virali","article_published_time":"2024-09-17T11:00:25+00:00","article_modified_time":"2024-10-03T09:16:38+00:00","og_image":[{"width":2160,"height":1440,"url":"https:\/\/newsvirali.it\/wp-content\/uploads\/2024\/09\/Brutale-vendetta-russa-prigioniero-ucraino-giustiziato-con-spada-medievale-1.jpg","type":"image\/jpeg"}],"author":"Cecco Prestina","twitter_card":"summary_large_image","twitter_misc":{"Verfasst von":"Cecco Prestina","Gesch\u00e4tzte Lesezeit":"2\u00a0Minuten"},"schema":{"@context":"https:\/\/schema.org","@graph":[{"@type":"NewsArticle","@id":"https:\/\/newsvirali.it\/2024\/09\/17\/brutale-vendetta-russa-prigioniero-ucraino-giustiziato-con-spada-medievale\/#article","isPartOf":{"@id":"https:\/\/newsvirali.it\/2024\/09\/17\/brutale-vendetta-russa-prigioniero-ucraino-giustiziato-con-spada-medievale\/"},"author":{"name":"Cecco Prestina","@id":"https:\/\/newsvirali.it\/fr\/#\/schema\/person\/4c835f7b49c9adb58b33901ee816565d"},"headline":"Brutale vendetta russa, prigioniero ucraino giustiziato con spada medievale","datePublished":"2024-09-17T11:00:25+00:00","dateModified":"2024-10-03T09:16:38+00:00","mainEntityOfPage":{"@id":"https:\/\/newsvirali.it\/2024\/09\/17\/brutale-vendetta-russa-prigioniero-ucraino-giustiziato-con-spada-medievale\/"},"wordCount":368,"image":{"@id":"https:\/\/newsvirali.it\/2024\/09\/17\/brutale-vendetta-russa-prigioniero-ucraino-giustiziato-con-spada-medievale\/#primaryimage"},"thumbnailUrl":"https:\/\/newsvirali.it\/wp-content\/uploads\/2024\/09\/Brutale-vendetta-russa-prigioniero-ucraino-giustiziato-con-spada-medievale-1.jpg","articleSection":["Mondo"],"inLanguage":"de","copyrightYear":"2024","copyrightHolder":{"@id":"https:\/\/newsvirali.it\/de\/#organization"}},{"@type":"WebPage","@id":"https:\/\/newsvirali.it\/2024\/09\/17\/brutale-vendetta-russa-prigioniero-ucraino-giustiziato-con-spada-medievale\/","url":"https:\/\/newsvirali.it\/2024\/09\/17\/brutale-vendetta-russa-prigioniero-ucraino-giustiziato-con-spada-medievale\/","name":"Brutale vendetta russa, prigioniero ucraino giustiziato con spada medievale","isPartOf":{"@id":"https:\/\/newsvirali.it\/fr\/#website"},"primaryImageOfPage":{"@id":"https:\/\/newsvirali.it\/2024\/09\/17\/brutale-vendetta-russa-prigioniero-ucraino-giustiziato-con-spada-medievale\/#primaryimage"},"image":{"@id":"https:\/\/newsvirali.it\/2024\/09\/17\/brutale-vendetta-russa-prigioniero-ucraino-giustiziato-con-spada-medievale\/#primaryimage"},"thumbnailUrl":"https:\/\/newsvirali.it\/wp-content\/uploads\/2024\/09\/Brutale-vendetta-russa-prigioniero-ucraino-giustiziato-con-spada-medievale-1.jpg","datePublished":"2024-09-17T11:00:25+00:00","dateModified":"2024-10-03T09:16:38+00:00","author":{"@id":"https:\/\/newsvirali.it\/fr\/#\/schema\/person\/4c835f7b49c9adb58b33901ee816565d"},"description":"Alcuni soldati russi hanno giustiziato un prigioniero di guerra ucraino con una spada medievale per vendicare l'incursione a Kursk.","breadcrumb":{"@id":"https:\/\/newsvirali.it\/2024\/09\/17\/brutale-vendetta-russa-prigioniero-ucraino-giustiziato-con-spada-medievale\/#breadcrumb"},"inLanguage":"de","potentialAction":[{"@type":"ReadAction","target":["https:\/\/newsvirali.it\/2024\/09\/17\/brutale-vendetta-russa-prigioniero-ucraino-giustiziato-con-spada-medievale\/"]}]},{"@type":"ImageObject","inLanguage":"de","@id":"https:\/\/newsvirali.it\/2024\/09\/17\/brutale-vendetta-russa-prigioniero-ucraino-giustiziato-con-spada-medievale\/#primaryimage","url":"https:\/\/newsvirali.it\/wp-content\/uploads\/2024\/09\/Brutale-vendetta-russa-prigioniero-ucraino-giustiziato-con-spada-medievale-1.jpg","contentUrl":"https:\/\/newsvirali.it\/wp-content\/uploads\/2024\/09\/Brutale-vendetta-russa-prigioniero-ucraino-giustiziato-con-spada-medievale-1.jpg","width":2160,"height":1440,"caption":"Brutale vendetta russa, prigioniero ucraino giustiziato con spada medievale"},{"@type":"BreadcrumbList","@id":"https:\/\/newsvirali.it\/2024\/09\/17\/brutale-vendetta-russa-prigioniero-ucraino-giustiziato-con-spada-medievale\/#breadcrumb","itemListElement":[{"@type":"ListItem","position":1,"name":"Home","item":"https:\/\/newsvirali.it\/fr\/"},{"@type":"ListItem","position":2,"name":"Brutale vendetta russa, prigioniero ucraino giustiziato con spada medievale"}]},{"@type":"WebSite","@id":"https:\/\/newsvirali.it\/fr\/#website","url":"https:\/\/newsvirali.it\/fr\/","name":"Bake News","description":"","potentialAction":[{"@type":"SearchAction","target":{"@type":"EntryPoint","urlTemplate":"https:\/\/newsvirali.it\/fr\/?s={search_term_string}"},"query-input":{"@type":"PropertyValueSpecification","valueRequired":true,"valueName":"search_term_string"}}],"inLanguage":"de"},{"@type":"Person","@id":"https:\/\/newsvirali.it\/fr\/#\/schema\/person\/4c835f7b49c9adb58b33901ee816565d","name":"Cecco Prestina","description":"Perch\u00e9 nasconderlo? Cecco Prestina \u00e8 un alias, ma dietro di lui non si cela un algoritmo di intelligenza artificiale. C'\u00e8 un giornalista che ha oltre vent'anni di esperienza tutta sul web. Da quando il primo modem ha iniziato a gracchiare sul territorio italiano con Video on Line, Cecco ha capito che da quel doppino sarebbe passato il futuro. Ha dedidicato tutta la sua carriera a capire Internet e poi i social e ora l'Ai. Una carriera in costante aggiornamento. E questa esperienza la mette in campo ogni giorno. Per\u00f2 ogni tanto Cecco ha voglia anche di non scrivere \"pipponi\" sulla politica, sull'economia. Ha voglia anche di scrivere qualcosa di divertente. Le notizie che trovate su Bake News sono le stesse che Cecco porta all'aperitivo con gli amici. Quelle di cui discutere per farsi due risate. Notizie, vere (qualche volta si fa fatica a crederlo), strane, divertenti, ma anche serie. Bake News \u00e8 nato per questo, dare al pubblico notizie croccanti e calde come il pane che esce dal forno. E Cecco Prestina \u00e8 nato con Bake News.","url":"https:\/\/newsvirali.it\/de\/autore\/cecco-prestina\/"}]}},"_links":{"self":[{"href":"https:\/\/newsvirali.it\/de\/wp-json\/wp\/v2\/posts\/43520","targetHints":{"allow":["GET"]}}],"collection":[{"href":"https:\/\/newsvirali.it\/de\/wp-json\/wp\/v2\/posts"}],"about":[{"href":"https:\/\/newsvirali.it\/de\/wp-json\/wp\/v2\/types\/post"}],"author":[{"embeddable":true,"href":"https:\/\/newsvirali.it\/de\/wp-json\/wp\/v2\/users\/4"}],"replies":[{"embeddable":true,"href":"https:\/\/newsvirali.it\/de\/wp-json\/wp\/v2\/comments?post=43520"}],"version-history":[{"count":4,"href":"https:\/\/newsvirali.it\/de\/wp-json\/wp\/v2\/posts\/43520\/revisions"}],"predecessor-version":[{"id":43849,"href":"https:\/\/newsvirali.it\/de\/wp-json\/wp\/v2\/posts\/43520\/revisions\/43849"}],"wp:featuredmedia":[{"embeddable":true,"href":"https:\/\/newsvirali.it\/de\/wp-json\/wp\/v2\/media\/43521"}],"wp:attachment":[{"href":"https:\/\/newsvirali.it\/de\/wp-json\/wp\/v2\/media?parent=43520"}],"wp:term":[{"taxonomy":"category","embeddable":true,"href":"https:\/\/newsvirali.it\/de\/wp-json\/wp\/v2\/categories?post=43520"},{"taxonomy":"post_tag","embeddable":true,"href":"https:\/\/newsvirali.it\/de\/wp-json\/wp\/v2\/tags?post=43520"}],"curies":[{"name":"wp","href":"https:\/\/api.w.org\/{rel}","templated":true}]}}